{"id":588,"date":"2019-02-26T09:30:26","date_gmt":"2019-02-26T08:30:26","guid":{"rendered":"http:\/\/www.cope.es\/blogs\/derosca\/?p=588"},"modified":"2019-02-26T09:30:27","modified_gmt":"2019-02-26T08:30:27","slug":"regresa-alexandra-nascimiento-con-brasil-en-el-torneo-internacional-espana","status":"publish","type":"post","link":"https:\/\/www.cope.es\/blogs\/derosca\/2019\/02\/26\/regresa-alexandra-nascimiento-con-brasil-en-el-torneo-internacional-espana\/","title":{"rendered":"Regresa Alexandra Nascimiento con Brasil en el Torneo Internacional Espa\u00f1a"},"content":{"rendered":"<p><span style=\"color: #0c0b0b\"><span style=\"font-family: Arial, sans-serif\"><span style=\"font-size: medium\">Con motivo del Torneo Internacional de Espa\u00f1a Femenino que se va a disputar del 21 al 23 de Marzo en Palencia la Real Federaci\u00f3n Espa\u00f1ola de Balonmano (RFEBM) ha invitado a la selecciones de Serbia, Suiza y Brasil. Una invitaci\u00f3n que va a aprovechar el combinado carioca, bajo las \u00f3rdenes de Jorge Due\u00f1as, para realizar una gira por Espa\u00f1a.<\/span><\/span><\/span><a><\/a><\/p>\n<p><span style=\"font-family: Arial, sans-serif\"><span style=\"font-size: medium\">La Selecci\u00f3n Femenina de Brasil utilizar\u00e1 el Torneo Internacional de Espa\u00f1a como preparaci\u00f3n de cara a los <\/span><\/span><span style=\"color: #0c0b0b\"><span style=\"font-family: Arial, sans-serif\"><span style=\"font-size: medium\">Juegos Panamericanos que se van a disputar en Lima (Per\u00fa) el pr\u00f3ximo mes de Julio y Mundial Femenino 2019 en Jap\u00f3n a finales de a\u00f1o en Diciembre.<\/span><\/span><\/span><\/p>\n<p><span style=\"font-family: Arial, sans-serif\"><span style=\"font-size: medium\">De la lista de jugadoras de Brasil que ha convocado Jorge Due\u00f1as destaca el regreso <\/span><\/span><span style=\"color: #0c0b0b\"><span style=\"font-family: Arial, sans-serif\"><span style=\"font-size: medium\">a la selecci\u00f3n brasile\u00f1a de la extremo derecha <\/span><\/span><\/span><span style=\"color: #0c0b0b\"><span style=\"font-family: Arial, sans-serif\"><span style=\"font-size: medium\">Alexandra Nascimento<\/span><\/span><\/span><b> <\/b><span style=\"color: #0c0b0b\"><span style=\"font-family: Arial, sans-serif\"><span style=\"font-size: medium\">que recordemos no jugaba con la selecci\u00f3n carioca desde la grave lesi\u00f3n que se produjo en su rodilla all\u00e1 por el mes de Abril de 2017.<\/span><\/span><\/span><\/p>\n<p><span style=\"font-family: Arial, sans-serif\"><span style=\"font-size: medium\">La l<\/span><\/span><span style=\"color: #0c0b0b\"><span style=\"font-family: Arial, sans-serif\"><span style=\"font-size: medium\">ista de jugadoras de Brasil convocadas por Jorge Due\u00f1as <\/span><\/span><\/span><span style=\"font-family: Arial, sans-serif\">para disputar el Torneo Internacional de Espa\u00f1a en Palencia es la siguiente:<\/span><span style=\"font-family: Arial, sans-serif\"><span style=\"font-size: medium\"><\/p>\n<p><\/span><\/span><span style=\"font-family: Arial, sans-serif\"><span style=\"font-size: medium\"><u>Porteras<\/u><\/span><\/span><span style=\"color: #0c0b0b\"><span style=\"font-family: Arial, sans-serif\"><span style=\"font-size: medium\">:<\/span><\/span><\/span><span style=\"font-family: Arial, sans-serif\"><span style=\"font-size: medium\"><br \/>\n<\/span><\/span><span style=\"color: #0c0b0b\"><span style=\"font-family: Arial, sans-serif\"><span style=\"font-size: medium\">B\u00e1rbara Arenhart (Vaci Noi Kezilabda \u2013 Hungr\u00eda), Gabriela Moreschi (Magura Cisnadie &#8211; Rumania) y Renata Arruda (Bera Bera \u2013 Espa\u00f1a).<\/span><\/span><\/span><span style=\"font-family: Arial, sans-serif\"><span style=\"font-size: medium\"><\/p>\n<p><\/span><\/span><span style=\"color: #0c0b0b\"><span style=\"font-family: Arial, sans-serif\"><span style=\"font-size: medium\"><u>Extremo Derecho<\/u><\/span><\/span><\/span><span style=\"color: #0c0b0b\"><span style=\"font-family: Arial, sans-serif\"><span style=\"font-size: medium\"><b>:<\/b><\/span><\/span><\/span><span style=\"font-family: Arial, sans-serif\"><span style=\"font-size: medium\"><br \/>\n<\/span><\/span><span style=\"color: #0c0b0b\"><span style=\"font-family: Arial, sans-serif\"><span style=\"font-size: medium\">Alexandra do Nascimento (Alba-Feh\u00e9rv\u00e1r &#8211; Hungr\u00eda) y Mariana Costa (Craiova \u2013 Rumania).<\/span><\/span><\/span><span style=\"font-family: Arial, sans-serif\"><span style=\"font-size: medium\"><\/p>\n<p><\/span><\/span><span style=\"font-family: Arial, sans-serif\"><span style=\"font-size: medium\"><u>Lateral<\/u><\/span><\/span><span style=\"color: #0c0b0b\"><span style=\"font-family: Arial, sans-serif\"><span style=\"font-size: medium\"><u> Derecho<\/u><\/span><\/span><\/span><span style=\"color: #0c0b0b\"><span style=\"font-family: Arial, sans-serif\"><span style=\"font-size: medium\"><b>:<\/b><\/span><\/span><\/span><span style=\"font-family: Arial, sans-serif\"><span style=\"font-size: medium\"><br \/>\n<\/span><\/span><span style=\"color: #0c0b0b\"><span style=\"font-family: Arial, sans-serif\"><span style=\"font-size: medium\">Deonise Fachinello (Craiova &#8211; Rumania) y Patricia Batista (Handball Le Havre \u2013 Francia).<\/span><\/span><\/span><span style=\"font-family: Arial, sans-serif\"><span style=\"font-size: medium\"><\/p>\n<p><\/span><\/span><span style=\"color: #0c0b0b\"><span style=\"font-family: Arial, sans-serif\"><span style=\"font-size: medium\"><u>Central<\/u><\/span><\/span><\/span><span style=\"color: #0c0b0b\"><span style=\"font-family: Arial, sans-serif\"><span style=\"font-size: medium\">:<\/span><\/span><\/span><span style=\"font-family: Arial, sans-serif\"><span style=\"font-size: medium\"><br \/>\n<\/span><\/span><span style=\"color: #0c0b0b\"><span style=\"font-family: Arial, sans-serif\"><span style=\"font-size: medium\">Bruna de Paula (Fleury Loiret \u2013 Francia), Danielle Joia (Liberbank Gijon &#8211; Espa\u00f1a) y Patricia Matieli (Zaglebie Lubin \u2013 Polonia).<\/span><\/span><\/span><span style=\"font-family: Arial, sans-serif\"><span style=\"font-size: medium\"><\/p>\n<p><\/span><\/span><span style=\"font-family: Arial, sans-serif\"><span style=\"font-size: medium\"><u>Lateral<\/u><\/span><\/span><span style=\"color: #0c0b0b\"><span style=\"font-family: Arial, sans-serif\"><span style=\"font-size: medium\"><u> Izquierdo<\/u><\/span><\/span><\/span><span style=\"color: #0c0b0b\"><span style=\"font-family: Arial, sans-serif\"><span style=\"font-size: medium\"><b>:<\/b><\/span><\/span><\/span><span style=\"font-family: Arial, sans-serif\"><span style=\"font-size: medium\"><br \/>\n<\/span><\/span><span style=\"color: #0c0b0b\"><span style=\"font-family: Arial, sans-serif\"><span style=\"font-size: medium\">Eduarda Amorim (Gyor \u2013 Hungria), Jaqueline Anast\u00e1cio (Maccabi Handball &#8211; Israel) y Samara Vieira (Ramnicu Valcea \u2013 Rumania).<\/span><\/span><\/span><span style=\"font-family: Arial, sans-serif\"><span style=\"font-size: medium\"><\/p>\n<p><\/span><\/span><span style=\"color: #0c0b0b\"><span style=\"font-family: Arial, sans-serif\"><span style=\"font-size: medium\"><u>Extremo Izquierdo<\/u><\/span><\/span><\/span><span style=\"color: #0c0b0b\"><span style=\"font-family: Arial, sans-serif\"><span style=\"font-size: medium\"><b>:<\/b><\/span><\/span><\/span><span style=\"font-family: Arial, sans-serif\"><span style=\"font-size: medium\"><br \/>\n<\/span><\/span><span style=\"color: #0c0b0b\"><span style=\"font-family: Arial, sans-serif\"><span style=\"font-size: medium\">Dayane Rocha (Molde \u2013 Noruega) y Larissa Ara\u00fajo (Magura Cisnadie &#8211; Rumania)<\/span><\/span><\/span><span style=\"font-family: Arial, sans-serif\"><span style=\"font-size: medium\"><\/p>\n<p><\/span><\/span><span style=\"color: #0c0b0b\"><span style=\"font-family: Arial, sans-serif\"><span style=\"font-size: medium\"><u>Pivote<\/u><\/span><\/span><\/span><span style=\"color: #0c0b0b\"><span style=\"font-family: Arial, sans-serif\"><span style=\"font-size: medium\"><b>:<\/b><\/span><\/span><\/span><span style=\"font-family: Arial, sans-serif\"><span style=\"font-size: medium\"><br \/>\n<\/span><\/span><span style=\"color: #0c0b0b\"><span style=\"font-family: Arial, sans-serif\"><span style=\"font-size: medium\">Elaine Gomes (Nantes \u2013 Francia), Isaura Menin (Rinc\u00f3n Fertilidad M\u00e1laga &#8211; Espa\u00f1a) yTamires de Ara\u00fajo (Kisvarda &#8211; Hungr\u00eda).<\/span><\/span><\/span><\/p>\n<p><span style=\"font-family: Arial, sans-serif\">Por cierto me cuentan<\/span><em><span style=\"font-family: Arial, sans-serif\"><b> \u201cMis Pajaritos\u201d<\/b><\/span><\/em><span style=\"font-family: Arial, sans-serif\"> que parece ser existe un rumor incesante en el mundillo del balonmano que alg\u00fan club, de la m\u00e1xima categor\u00eda del balonmano espa\u00f1ol, podr\u00eda estar hablando con sus jugadores e incluso ofreci\u00e9ndoles darles la cara de libertad y as\u00ed aligerar su presupuesto pensando ya en la pr\u00f3xima temporada.<\/span><\/p>\n<p><span style=\"color: #02171d\"><span style=\"font-family: Arial, sans-serif\"><span style=\"font-size: medium\"><span>Seguirnos en twitter:\u00a0<\/span><\/span><\/span><\/span><span style=\"color: #000080\"><span><u><a href=\"https:\/\/twitter.com\/\"><span style=\"color: #0000ff\"><span style=\"font-family: Arial, sans-serif\"><span style=\"font-size: medium\"><span>https:\/\/twitter.com\/#!\/deroscacope<\/span><\/span><\/span><\/span><\/a><\/u><\/span><\/span><\/p>\n","protected":false},"excerpt":{"rendered":"<p>Con motivo del Torneo Internacional de Espa\u00f1a Femenino que se va a disputar del 21 al 23 de Marzo en Palencia la Real Federaci\u00f3n Espa\u00f1ola de Balonmano (RFEBM) ha invitado a la selecciones de Serbia, Suiza y Brasil. Una invitaci\u00f3n que va a aprovechar el combinado carioca, bajo las \u00f3rdenes de Jorge Due\u00f1as, para realizar [&hellip;]<\/p>\n","protected":false},"author":23,"featured_media":589,"comment_status":"open","ping_status":"open","sticky":false,"template":"","format":"standard","meta":{"footnotes":""},"categories":[3],"tags":[],"class_list":["post-588","post","type-post","status-publish","format-standard","has-post-thumbnail","hentry","category-balonmano"],"yoast_head":"<!-- This site is optimized with the Yoast SEO plugin v27.4 - https:\/\/yoast.com\/product\/yoast-seo-wordpress\/ -->\n<title>Regresa Alexandra Nascimiento con Brasil en el Torneo Internacional Espa\u00f1a - Derosca<\/title>\n<meta name=\"robots\" content=\"index, follow, max-snippet:-1, max-image-preview:large, max-video-preview:-1\" \/>\n<link rel=\"canonical\" href=\"https:\/\/www.cope.es\/blogs\/derosca\/2019\/02\/26\/regresa-alexandra-nascimiento-con-brasil-en-el-torneo-internacional-espana\/\" \/>\n<meta property=\"og:locale\" content=\"es_ES\" \/>\n<meta property=\"og:type\" content=\"article\" \/>\n<meta property=\"og:title\" content=\"Regresa Alexandra Nascimiento con Brasil en el Torneo Internacional Espa\u00f1a - Derosca\" \/>\n<meta property=\"og:description\" content=\"Con motivo del Torneo Internacional de Espa\u00f1a Femenino que se va a disputar del 21 al 23 de Marzo en Palencia la Real Federaci\u00f3n Espa\u00f1ola de Balonmano (RFEBM) ha invitado a la selecciones de Serbia, Suiza y Brasil. Una invitaci\u00f3n que va a aprovechar el combinado carioca, bajo las \u00f3rdenes de Jorge Due\u00f1as, para realizar [&hellip;]\" \/>\n<meta property=\"og:url\" content=\"https:\/\/www.cope.es\/blogs\/derosca\/2019\/02\/26\/regresa-alexandra-nascimiento-con-brasil-en-el-torneo-internacional-espana\/\" \/>\n<meta property=\"og:site_name\" content=\"Derosca\" \/>\n<meta property=\"article:publisher\" content=\"https:\/\/www.facebook.com\/cope\/\" \/>\n<meta property=\"article:published_time\" content=\"2019-02-26T08:30:26+00:00\" \/>\n<meta property=\"article:modified_time\" content=\"2019-02-26T08:30:27+00:00\" \/>\n<meta property=\"og:image\" content=\"https:\/\/www.cope.es\/blogs\/derosca\/wp-content\/uploads\/sites\/22\/2019\/02\/maxresdefault.jpg\" \/>\n\t<meta property=\"og:image:width\" content=\"800\" \/>\n\t<meta property=\"og:image:height\" content=\"455\" \/>\n\t<meta property=\"og:image:type\" content=\"image\/jpeg\" \/>\n<meta name=\"author\" content=\"Luis Malvar\" \/>\n<meta name=\"twitter:card\" content=\"summary_large_image\" \/>\n<meta name=\"twitter:creator\" content=\"@cope_es\" \/>\n<meta name=\"twitter:site\" content=\"@cope_es\" \/>\n<meta name=\"twitter:label1\" content=\"Escrito por\" \/>\n\t<meta name=\"twitter:data1\" content=\"Luis Malvar\" \/>\n\t<meta name=\"twitter:label2\" content=\"Tiempo de lectura\" \/>\n\t<meta name=\"twitter:data2\" content=\"2 minutos\" \/>\n<script type=\"application\/ld+json\" class=\"yoast-schema-graph\">{\"@context\":\"https:\\\/\\\/schema.org\",\"@graph\":[{\"@type\":\"Article\",\"@id\":\"https:\\\/\\\/www.cope.es\\\/blogs\\\/derosca\\\/2019\\\/02\\\/26\\\/regresa-alexandra-nascimiento-con-brasil-en-el-torneo-internacional-espana\\\/#article\",\"isPartOf\":{\"@id\":\"https:\\\/\\\/www.cope.es\\\/blogs\\\/derosca\\\/2019\\\/02\\\/26\\\/regresa-alexandra-nascimiento-con-brasil-en-el-torneo-internacional-espana\\\/\"},\"author\":{\"name\":\"Luis Malvar\",\"@id\":\"https:\\\/\\\/www.cope.es\\\/blogs\\\/derosca\\\/#\\\/schema\\\/person\\\/02d6fa6fa8d8db60f83303875a4ff77f\"},\"headline\":\"Regresa Alexandra Nascimiento con Brasil en el Torneo Internacional Espa\u00f1a\",\"datePublished\":\"2019-02-26T08:30:26+00:00\",\"dateModified\":\"2019-02-26T08:30:27+00:00\",\"mainEntityOfPage\":{\"@id\":\"https:\\\/\\\/www.cope.es\\\/blogs\\\/derosca\\\/2019\\\/02\\\/26\\\/regresa-alexandra-nascimiento-con-brasil-en-el-torneo-internacional-espana\\\/\"},\"wordCount\":398,\"commentCount\":0,\"image\":{\"@id\":\"https:\\\/\\\/www.cope.es\\\/blogs\\\/derosca\\\/2019\\\/02\\\/26\\\/regresa-alexandra-nascimiento-con-brasil-en-el-torneo-internacional-espana\\\/#primaryimage\"},\"thumbnailUrl\":\"https:\\\/\\\/www.cope.es\\\/blogs\\\/derosca\\\/wp-content\\\/uploads\\\/sites\\\/22\\\/2019\\\/02\\\/maxresdefault.jpg\",\"articleSection\":[\"Balonmano\"],\"inLanguage\":\"es\",\"potentialAction\":[{\"@type\":\"CommentAction\",\"name\":\"Comment\",\"target\":[\"https:\\\/\\\/www.cope.es\\\/blogs\\\/derosca\\\/2019\\\/02\\\/26\\\/regresa-alexandra-nascimiento-con-brasil-en-el-torneo-internacional-espana\\\/#respond\"]}]},{\"@type\":\"WebPage\",\"@id\":\"https:\\\/\\\/www.cope.es\\\/blogs\\\/derosca\\\/2019\\\/02\\\/26\\\/regresa-alexandra-nascimiento-con-brasil-en-el-torneo-internacional-espana\\\/\",\"url\":\"https:\\\/\\\/www.cope.es\\\/blogs\\\/derosca\\\/2019\\\/02\\\/26\\\/regresa-alexandra-nascimiento-con-brasil-en-el-torneo-internacional-espana\\\/\",\"name\":\"Regresa Alexandra Nascimiento con Brasil en el Torneo Internacional Espa\u00f1a - Derosca\",\"isPartOf\":{\"@id\":\"https:\\\/\\\/www.cope.es\\\/blogs\\\/derosca\\\/#website\"},\"primaryImageOfPage\":{\"@id\":\"https:\\\/\\\/www.cope.es\\\/blogs\\\/derosca\\\/2019\\\/02\\\/26\\\/regresa-alexandra-nascimiento-con-brasil-en-el-torneo-internacional-espana\\\/#primaryimage\"},\"image\":{\"@id\":\"https:\\\/\\\/www.cope.es\\\/blogs\\\/derosca\\\/2019\\\/02\\\/26\\\/regresa-alexandra-nascimiento-con-brasil-en-el-torneo-internacional-espana\\\/#primaryimage\"},\"thumbnailUrl\":\"https:\\\/\\\/www.cope.es\\\/blogs\\\/derosca\\\/wp-content\\\/uploads\\\/sites\\\/22\\\/2019\\\/02\\\/maxresdefault.jpg\",\"datePublished\":\"2019-02-26T08:30:26+00:00\",\"dateModified\":\"2019-02-26T08:30:27+00:00\",\"author\":{\"@id\":\"https:\\\/\\\/www.cope.es\\\/blogs\\\/derosca\\\/#\\\/schema\\\/person\\\/02d6fa6fa8d8db60f83303875a4ff77f\"},\"breadcrumb\":{\"@id\":\"https:\\\/\\\/www.cope.es\\\/blogs\\\/derosca\\\/2019\\\/02\\\/26\\\/regresa-alexandra-nascimiento-con-brasil-en-el-torneo-internacional-espana\\\/#breadcrumb\"},\"inLanguage\":\"es\",\"potentialAction\":[{\"@type\":\"ReadAction\",\"target\":[\"https:\\\/\\\/www.cope.es\\\/blogs\\\/derosca\\\/2019\\\/02\\\/26\\\/regresa-alexandra-nascimiento-con-brasil-en-el-torneo-internacional-espana\\\/\"]}]},{\"@type\":\"ImageObject\",\"inLanguage\":\"es\",\"@id\":\"https:\\\/\\\/www.cope.es\\\/blogs\\\/derosca\\\/2019\\\/02\\\/26\\\/regresa-alexandra-nascimiento-con-brasil-en-el-torneo-internacional-espana\\\/#primaryimage\",\"url\":\"https:\\\/\\\/www.cope.es\\\/blogs\\\/derosca\\\/wp-content\\\/uploads\\\/sites\\\/22\\\/2019\\\/02\\\/maxresdefault.jpg\",\"contentUrl\":\"https:\\\/\\\/www.cope.es\\\/blogs\\\/derosca\\\/wp-content\\\/uploads\\\/sites\\\/22\\\/2019\\\/02\\\/maxresdefault.jpg\",\"width\":800,\"height\":455,\"caption\":\"Regresa Alexandra Nascimiento con Brasil en el Torneo Internacional Espa\u00f1a\"},{\"@type\":\"BreadcrumbList\",\"@id\":\"https:\\\/\\\/www.cope.es\\\/blogs\\\/derosca\\\/2019\\\/02\\\/26\\\/regresa-alexandra-nascimiento-con-brasil-en-el-torneo-internacional-espana\\\/#breadcrumb\",\"itemListElement\":[{\"@type\":\"ListItem\",\"position\":1,\"name\":\"Portada\",\"item\":\"https:\\\/\\\/www.cope.es\\\/blogs\\\/derosca\\\/\"},{\"@type\":\"ListItem\",\"position\":2,\"name\":\"Regresa Alexandra Nascimiento con Brasil en el Torneo Internacional Espa\u00f1a\"}]},{\"@type\":\"WebSite\",\"@id\":\"https:\\\/\\\/www.cope.es\\\/blogs\\\/derosca\\\/#website\",\"url\":\"https:\\\/\\\/www.cope.es\\\/blogs\\\/derosca\\\/\",\"name\":\"Derosca\",\"description\":\"Blog de balonmano COPE\",\"potentialAction\":[{\"@type\":\"SearchAction\",\"target\":{\"@type\":\"EntryPoint\",\"urlTemplate\":\"https:\\\/\\\/www.cope.es\\\/blogs\\\/derosca\\\/?s={search_term_string}\"},\"query-input\":{\"@type\":\"PropertyValueSpecification\",\"valueRequired\":true,\"valueName\":\"search_term_string\"}}],\"inLanguage\":\"es\"},{\"@type\":\"Person\",\"@id\":\"https:\\\/\\\/www.cope.es\\\/blogs\\\/derosca\\\/#\\\/schema\\\/person\\\/02d6fa6fa8d8db60f83303875a4ff77f\",\"name\":\"Luis Malvar\",\"image\":{\"@type\":\"ImageObject\",\"inLanguage\":\"es\",\"@id\":\"https:\\\/\\\/secure.gravatar.com\\\/avatar\\\/23cd47dec2904689b3ccd32d1dd3e86c7cbf60dcf7376c68854f761a4939534f?s=96&d=mm&r=g\",\"url\":\"https:\\\/\\\/secure.gravatar.com\\\/avatar\\\/23cd47dec2904689b3ccd32d1dd3e86c7cbf60dcf7376c68854f761a4939534f?s=96&d=mm&r=g\",\"contentUrl\":\"https:\\\/\\\/secure.gravatar.com\\\/avatar\\\/23cd47dec2904689b3ccd32d1dd3e86c7cbf60dcf7376c68854f761a4939534f?s=96&d=mm&r=g\",\"caption\":\"Luis Malvar\"},\"description\":\"Comenc\u00e9 la andadura del Blog Derosca all\u00e1 por el 22 de Mayo de 2008. Un blog en el que se trata de llevar a los numerosos aficionados y amantes del mundo del balonmano toda la actualidad de nuestro apasionante deporte. Una ventana que sirve para dar luz a las innumerables noticias que genera el balonmano y que habitualmente no tienen reflejo en los medios de comunicaci\u00f3n. Sin lugar a dudas el Blog Derosca cuenta con un apartado que tiene a gala contar con miles de seguidores como es \u201cMis Pajaritos\u201d en donde se relatan y narran todas las intrahistorias que se generan en el balonmano espa\u00f1ol y que incomoda a m\u00e1s de uno que salgan a la luz.!Gracias por seguirnos durante todos estos a\u00f1os\u00a1\",\"sameAs\":[\"http:\\\/\\\/www.cope.es\",\"lmalvar\"],\"url\":\"https:\\\/\\\/www.cope.es\\\/blogs\\\/derosca\\\/author\\\/lmalvar\\\/\"}]}<\/script>\n<!-- \/ Yoast SEO plugin. -->","yoast_head_json":{"title":"Regresa Alexandra Nascimiento con Brasil en el Torneo Internacional Espa\u00f1a - Derosca","robots":{"index":"index","follow":"follow","max-snippet":"max-snippet:-1","max-image-preview":"max-image-preview:large","max-video-preview":"max-video-preview:-1"},"canonical":"https:\/\/www.cope.es\/blogs\/derosca\/2019\/02\/26\/regresa-alexandra-nascimiento-con-brasil-en-el-torneo-internacional-espana\/","og_locale":"es_ES","og_type":"article","og_title":"Regresa Alexandra Nascimiento con Brasil en el Torneo Internacional Espa\u00f1a - Derosca","og_description":"Con motivo del Torneo Internacional de Espa\u00f1a Femenino que se va a disputar del 21 al 23 de Marzo en Palencia la Real Federaci\u00f3n Espa\u00f1ola de Balonmano (RFEBM) ha invitado a la selecciones de Serbia, Suiza y Brasil. Una invitaci\u00f3n que va a aprovechar el combinado carioca, bajo las \u00f3rdenes de Jorge Due\u00f1as, para realizar [&hellip;]","og_url":"https:\/\/www.cope.es\/blogs\/derosca\/2019\/02\/26\/regresa-alexandra-nascimiento-con-brasil-en-el-torneo-internacional-espana\/","og_site_name":"Derosca","article_publisher":"https:\/\/www.facebook.com\/cope\/","article_published_time":"2019-02-26T08:30:26+00:00","article_modified_time":"2019-02-26T08:30:27+00:00","og_image":[{"width":800,"height":455,"url":"https:\/\/www.cope.es\/blogs\/derosca\/wp-content\/uploads\/sites\/22\/2019\/02\/maxresdefault.jpg","type":"image\/jpeg"}],"author":"Luis Malvar","twitter_card":"summary_large_image","twitter_creator":"@cope_es","twitter_site":"@cope_es","twitter_misc":{"Escrito por":"Luis Malvar","Tiempo de lectura":"2 minutos"},"schema":{"@context":"https:\/\/schema.org","@graph":[{"@type":"Article","@id":"https:\/\/www.cope.es\/blogs\/derosca\/2019\/02\/26\/regresa-alexandra-nascimiento-con-brasil-en-el-torneo-internacional-espana\/#article","isPartOf":{"@id":"https:\/\/www.cope.es\/blogs\/derosca\/2019\/02\/26\/regresa-alexandra-nascimiento-con-brasil-en-el-torneo-internacional-espana\/"},"author":{"name":"Luis Malvar","@id":"https:\/\/www.cope.es\/blogs\/derosca\/#\/schema\/person\/02d6fa6fa8d8db60f83303875a4ff77f"},"headline":"Regresa Alexandra Nascimiento con Brasil en el Torneo Internacional Espa\u00f1a","datePublished":"2019-02-26T08:30:26+00:00","dateModified":"2019-02-26T08:30:27+00:00","mainEntityOfPage":{"@id":"https:\/\/www.cope.es\/blogs\/derosca\/2019\/02\/26\/regresa-alexandra-nascimiento-con-brasil-en-el-torneo-internacional-espana\/"},"wordCount":398,"commentCount":0,"image":{"@id":"https:\/\/www.cope.es\/blogs\/derosca\/2019\/02\/26\/regresa-alexandra-nascimiento-con-brasil-en-el-torneo-internacional-espana\/#primaryimage"},"thumbnailUrl":"https:\/\/www.cope.es\/blogs\/derosca\/wp-content\/uploads\/sites\/22\/2019\/02\/maxresdefault.jpg","articleSection":["Balonmano"],"inLanguage":"es","potentialAction":[{"@type":"CommentAction","name":"Comment","target":["https:\/\/www.cope.es\/blogs\/derosca\/2019\/02\/26\/regresa-alexandra-nascimiento-con-brasil-en-el-torneo-internacional-espana\/#respond"]}]},{"@type":"WebPage","@id":"https:\/\/www.cope.es\/blogs\/derosca\/2019\/02\/26\/regresa-alexandra-nascimiento-con-brasil-en-el-torneo-internacional-espana\/","url":"https:\/\/www.cope.es\/blogs\/derosca\/2019\/02\/26\/regresa-alexandra-nascimiento-con-brasil-en-el-torneo-internacional-espana\/","name":"Regresa Alexandra Nascimiento con Brasil en el Torneo Internacional Espa\u00f1a - Derosca","isPartOf":{"@id":"https:\/\/www.cope.es\/blogs\/derosca\/#website"},"primaryImageOfPage":{"@id":"https:\/\/www.cope.es\/blogs\/derosca\/2019\/02\/26\/regresa-alexandra-nascimiento-con-brasil-en-el-torneo-internacional-espana\/#primaryimage"},"image":{"@id":"https:\/\/www.cope.es\/blogs\/derosca\/2019\/02\/26\/regresa-alexandra-nascimiento-con-brasil-en-el-torneo-internacional-espana\/#primaryimage"},"thumbnailUrl":"https:\/\/www.cope.es\/blogs\/derosca\/wp-content\/uploads\/sites\/22\/2019\/02\/maxresdefault.jpg","datePublished":"2019-02-26T08:30:26+00:00","dateModified":"2019-02-26T08:30:27+00:00","author":{"@id":"https:\/\/www.cope.es\/blogs\/derosca\/#\/schema\/person\/02d6fa6fa8d8db60f83303875a4ff77f"},"breadcrumb":{"@id":"https:\/\/www.cope.es\/blogs\/derosca\/2019\/02\/26\/regresa-alexandra-nascimiento-con-brasil-en-el-torneo-internacional-espana\/#breadcrumb"},"inLanguage":"es","potentialAction":[{"@type":"ReadAction","target":["https:\/\/www.cope.es\/blogs\/derosca\/2019\/02\/26\/regresa-alexandra-nascimiento-con-brasil-en-el-torneo-internacional-espana\/"]}]},{"@type":"ImageObject","inLanguage":"es","@id":"https:\/\/www.cope.es\/blogs\/derosca\/2019\/02\/26\/regresa-alexandra-nascimiento-con-brasil-en-el-torneo-internacional-espana\/#primaryimage","url":"https:\/\/www.cope.es\/blogs\/derosca\/wp-content\/uploads\/sites\/22\/2019\/02\/maxresdefault.jpg","contentUrl":"https:\/\/www.cope.es\/blogs\/derosca\/wp-content\/uploads\/sites\/22\/2019\/02\/maxresdefault.jpg","width":800,"height":455,"caption":"Regresa Alexandra Nascimiento con Brasil en el Torneo Internacional Espa\u00f1a"},{"@type":"BreadcrumbList","@id":"https:\/\/www.cope.es\/blogs\/derosca\/2019\/02\/26\/regresa-alexandra-nascimiento-con-brasil-en-el-torneo-internacional-espana\/#breadcrumb","itemListElement":[{"@type":"ListItem","position":1,"name":"Portada","item":"https:\/\/www.cope.es\/blogs\/derosca\/"},{"@type":"ListItem","position":2,"name":"Regresa Alexandra Nascimiento con Brasil en el Torneo Internacional Espa\u00f1a"}]},{"@type":"WebSite","@id":"https:\/\/www.cope.es\/blogs\/derosca\/#website","url":"https:\/\/www.cope.es\/blogs\/derosca\/","name":"Derosca","description":"Blog de balonmano COPE","potentialAction":[{"@type":"SearchAction","target":{"@type":"EntryPoint","urlTemplate":"https:\/\/www.cope.es\/blogs\/derosca\/?s={search_term_string}"},"query-input":{"@type":"PropertyValueSpecification","valueRequired":true,"valueName":"search_term_string"}}],"inLanguage":"es"},{"@type":"Person","@id":"https:\/\/www.cope.es\/blogs\/derosca\/#\/schema\/person\/02d6fa6fa8d8db60f83303875a4ff77f","name":"Luis Malvar","image":{"@type":"ImageObject","inLanguage":"es","@id":"https:\/\/secure.gravatar.com\/avatar\/23cd47dec2904689b3ccd32d1dd3e86c7cbf60dcf7376c68854f761a4939534f?s=96&d=mm&r=g","url":"https:\/\/secure.gravatar.com\/avatar\/23cd47dec2904689b3ccd32d1dd3e86c7cbf60dcf7376c68854f761a4939534f?s=96&d=mm&r=g","contentUrl":"https:\/\/secure.gravatar.com\/avatar\/23cd47dec2904689b3ccd32d1dd3e86c7cbf60dcf7376c68854f761a4939534f?s=96&d=mm&r=g","caption":"Luis Malvar"},"description":"Comenc\u00e9 la andadura del Blog Derosca all\u00e1 por el 22 de Mayo de 2008. Un blog en el que se trata de llevar a los numerosos aficionados y amantes del mundo del balonmano toda la actualidad de nuestro apasionante deporte. Una ventana que sirve para dar luz a las innumerables noticias que genera el balonmano y que habitualmente no tienen reflejo en los medios de comunicaci\u00f3n. Sin lugar a dudas el Blog Derosca cuenta con un apartado que tiene a gala contar con miles de seguidores como es \u201cMis Pajaritos\u201d en donde se relatan y narran todas las intrahistorias que se generan en el balonmano espa\u00f1ol y que incomoda a m\u00e1s de uno que salgan a la luz.!Gracias por seguirnos durante todos estos a\u00f1os\u00a1","sameAs":["http:\/\/www.cope.es","lmalvar"],"url":"https:\/\/www.cope.es\/blogs\/derosca\/author\/lmalvar\/"}]}},"amp_enabled":true,"_links":{"self":[{"href":"https:\/\/www.cope.es\/blogs\/derosca\/wp-json\/wp\/v2\/posts\/588","targetHints":{"allow":["GET"]}}],"collection":[{"href":"https:\/\/www.cope.es\/blogs\/derosca\/wp-json\/wp\/v2\/posts"}],"about":[{"href":"https:\/\/www.cope.es\/blogs\/derosca\/wp-json\/wp\/v2\/types\/post"}],"author":[{"embeddable":true,"href":"https:\/\/www.cope.es\/blogs\/derosca\/wp-json\/wp\/v2\/users\/23"}],"replies":[{"embeddable":true,"href":"https:\/\/www.cope.es\/blogs\/derosca\/wp-json\/wp\/v2\/comments?post=588"}],"version-history":[{"count":1,"href":"https:\/\/www.cope.es\/blogs\/derosca\/wp-json\/wp\/v2\/posts\/588\/revisions"}],"predecessor-version":[{"id":590,"href":"https:\/\/www.cope.es\/blogs\/derosca\/wp-json\/wp\/v2\/posts\/588\/revisions\/590"}],"wp:featuredmedia":[{"embeddable":true,"href":"https:\/\/www.cope.es\/blogs\/derosca\/wp-json\/wp\/v2\/media\/589"}],"wp:attachment":[{"href":"https:\/\/www.cope.es\/blogs\/derosca\/wp-json\/wp\/v2\/media?parent=588"}],"wp:term":[{"taxonomy":"category","embeddable":true,"href":"https:\/\/www.cope.es\/blogs\/derosca\/wp-json\/wp\/v2\/categories?post=588"},{"taxonomy":"post_tag","embeddable":true,"href":"https:\/\/www.cope.es\/blogs\/derosca\/wp-json\/wp\/v2\/tags?post=588"}],"curies":[{"name":"wp","href":"https:\/\/api.w.org\/{rel}","templated":true}]}}