{"id":547,"date":"2019-02-04T09:37:40","date_gmt":"2019-02-04T08:37:40","guid":{"rendered":"http:\/\/www.cope.es\/blogs\/derosca\/?p=547"},"modified":"2019-02-04T09:37:40","modified_gmt":"2019-02-04T08:37:40","slug":"este-ano-se-celebra-el-10a-aniversario-de-la-final4-masculina-en-colonia","status":"publish","type":"post","link":"https:\/\/www.cope.es\/blogs\/derosca\/2019\/02\/04\/este-ano-se-celebra-el-10a-aniversario-de-la-final4-masculina-en-colonia\/","title":{"rendered":"Este a\u00f1o se celebra el 10\u00aa Aniversario de la FINAL4 Masculina en Colonia"},"content":{"rendered":"<p><span style=\"font-family: Arial, serif\"><span style=\"font-size: medium\">Esta temporada se va a cumplir el d\u00e9cimo aniversario de la celebraci\u00f3n de la FINAL4 Masculina en la ciudad germana de Colonia. Una primera edici\u00f3n que se celebr\u00f3 all\u00e1 por el a\u00f1o 2010 y que sin lugar a dudas es un seguro de espect\u00e1culo y que ha enamorado a los jugadores y los aficionados de esa ciudad como anfitriona.<\/span><\/span><\/p>\n<p><span style=\"font-family: Arial, serif\"><span style=\"font-size: medium\">Tambi\u00e9n este a\u00f1o 2019 los cuatro mejores equipos de la Champions League van a estar presentes en la ciudad de Colonia para disputarse el cetro europeo.<\/span><\/span><\/p>\n<p><span style=\"font-family: Arial, serif\"><span style=\"font-size: medium\">Ese trofeo ya est\u00e1 presente en Colonia desde hace algunas semanas. La escultura en forma de brazo se dio a conocer durante una conferencia en el &#8220;Colonia Sport Year 2019&#8221; bajo el tema de este a\u00f1o que es &#8220;Un comienzo de clase mundial en el a\u00f1o jubilar&#8221;. La presentaci\u00f3n del trofeo cont\u00f3 con la presencia de Horst Meyer, Director Adjunto del Departamento de Deportes de Colonia, la Dra. Agnes Klein, Concejala de Educaci\u00f3n, Juventud y Deportes de Colonia, Stefan L\u00f6cher, Director General de LANXESS Arena entre otros.<\/span><\/span><\/p>\n<p><span style=\"font-family: Arial, serif\"><span style=\"font-size: medium\">La Federaci\u00f3n Europea de Balonmano (EHF) y la EHF Marketing GmbH est\u00e1n otra vez muy orgullosos y satisfechso del &#8220;Colonia Sport Year&#8221; en 2019. En este marco, se est\u00e1n promoviendo 32 eventos deportivos en la ciudad alemana. <\/span><\/span><\/p>\n<p><span style=\"font-family: Arial, serif\"><span style=\"font-size: medium\">En 2019, la FINAL 4 de la Champions League celebra su d\u00e9cimo aniversario en el \u00e1mbito del majestuoso LANXESS Arena. Por todo ello la Federaci\u00f3n Europea de Balonmano (EHF) y la EHF Marketing GmbH saben que la ciudad de Colonia es el anfitri\u00f3n perfecto para dicho evento y por ello han sellado los contratos para mantener el evento en la ciudad alemana hasta el a\u00f1o 2024 que se firmaron el pasado Diciembre de 2018.<\/span><\/span><\/p>\n<p><span style=\"font-family: Arial, serif\"><span style=\"font-size: medium\">La FINAL4 Champions League Masculina 2019 se enfoca por completo en el d\u00e9cimo aniversario y los aficionados del balonmano de todo el mundo pueden esperar un evento \u00fanico con muchas novedades. La responsable de estos actos, Lisa Wiederer, ha dicho que al alcanzar este hito, tambi\u00e9n tienen que agradecer a sus socios a largo plazo en Colonia y que est\u00e1n ansiosos por dar la bienvenida al mundo del balonmano en un fin de semana fant\u00e1stico los d\u00edas 1 y 2 de Junio para celebrar verdaderamente el jubileo.<\/span><\/span><\/p>\n<p><span style=\"font-family: Arial, serif\"><span style=\"font-size: medium\">La FINAL4 Champions League Masculina 2019 se celebrar\u00e1 otro a\u00f1o m\u00e1s en el LANXESS Arena de Colonia. Un evento deportivo y de entretenimiento de dos d\u00edas que est\u00e1 estableciendo nuevos puntos de referencia en el mercado deportivo internacional y es un evento que no se deben perder todos los grandes aficionados y amantes del balonmano.<\/span><\/span><\/p>\n<p><span style=\"font-family: Arial, serif\"><span style=\"font-size: medium\">Seguirnos en twitter:<\/span><\/span><span style=\"color: #3e3e3e\"><span style=\"font-family: Arial, serif\"><span style=\"font-size: medium\">\u00a0<\/span><\/span><\/span><a href=\"https:\/\/twitter.com\/\"><span style=\"color: #1e5592\"><span style=\"font-family: Arial, serif\"><span style=\"font-size: medium\"><u>https:\/\/twitter.com\/#!\/deroscacope<\/u><\/span><\/span><\/span><\/a><\/p>\n","protected":false},"excerpt":{"rendered":"<p>Esta temporada se va a cumplir el d\u00e9cimo aniversario de la celebraci\u00f3n de la FINAL4 Masculina en la ciudad germana de Colonia. Una primera edici\u00f3n que se celebr\u00f3 all\u00e1 por el a\u00f1o 2010 y que sin lugar a dudas es un seguro de espect\u00e1culo y que ha enamorado a los jugadores y los aficionados de [&hellip;]<\/p>\n","protected":false},"author":23,"featured_media":548,"comment_status":"open","ping_status":"open","sticky":false,"template":"","format":"standard","meta":{"footnotes":""},"categories":[3],"tags":[],"class_list":["post-547","post","type-post","status-publish","format-standard","has-post-thumbnail","hentry","category-balonmano"],"yoast_head":"<!-- This site is optimized with the Yoast SEO plugin v27.4 - https:\/\/yoast.com\/product\/yoast-seo-wordpress\/ -->\n<title>Este a\u00f1o se celebra el 10\u00aa Aniversario de la FINAL4 Masculina en Colonia - Derosca<\/title>\n<meta name=\"robots\" content=\"index, follow, max-snippet:-1, max-image-preview:large, max-video-preview:-1\" \/>\n<link rel=\"canonical\" href=\"https:\/\/www.cope.es\/blogs\/derosca\/2019\/02\/04\/este-ano-se-celebra-el-10a-aniversario-de-la-final4-masculina-en-colonia\/\" \/>\n<meta property=\"og:locale\" content=\"es_ES\" \/>\n<meta property=\"og:type\" content=\"article\" \/>\n<meta property=\"og:title\" content=\"Este a\u00f1o se celebra el 10\u00aa Aniversario de la FINAL4 Masculina en Colonia - Derosca\" \/>\n<meta property=\"og:description\" content=\"Esta temporada se va a cumplir el d\u00e9cimo aniversario de la celebraci\u00f3n de la FINAL4 Masculina en la ciudad germana de Colonia. Una primera edici\u00f3n que se celebr\u00f3 all\u00e1 por el a\u00f1o 2010 y que sin lugar a dudas es un seguro de espect\u00e1culo y que ha enamorado a los jugadores y los aficionados de [&hellip;]\" \/>\n<meta property=\"og:url\" content=\"https:\/\/www.cope.es\/blogs\/derosca\/2019\/02\/04\/este-ano-se-celebra-el-10a-aniversario-de-la-final4-masculina-en-colonia\/\" \/>\n<meta property=\"og:site_name\" content=\"Derosca\" \/>\n<meta property=\"article:publisher\" content=\"https:\/\/www.facebook.com\/cope\/\" \/>\n<meta property=\"article:published_time\" content=\"2019-02-04T08:37:40+00:00\" \/>\n<meta property=\"og:image\" content=\"https:\/\/www.cope.es\/blogs\/derosca\/wp-content\/uploads\/sites\/22\/2019\/02\/koeln_725x366.jpg\" \/>\n\t<meta property=\"og:image:width\" content=\"725\" \/>\n\t<meta property=\"og:image:height\" content=\"356\" \/>\n\t<meta property=\"og:image:type\" content=\"image\/jpeg\" \/>\n<meta name=\"author\" content=\"Luis Malvar\" \/>\n<meta name=\"twitter:card\" content=\"summary_large_image\" \/>\n<meta name=\"twitter:creator\" content=\"@cope_es\" \/>\n<meta name=\"twitter:site\" content=\"@cope_es\" \/>\n<meta name=\"twitter:label1\" content=\"Escrito por\" \/>\n\t<meta name=\"twitter:data1\" content=\"Luis Malvar\" \/>\n\t<meta name=\"twitter:label2\" content=\"Tiempo de lectura\" \/>\n\t<meta name=\"twitter:data2\" content=\"2 minutos\" \/>\n<script type=\"application\/ld+json\" class=\"yoast-schema-graph\">{\"@context\":\"https:\\\/\\\/schema.org\",\"@graph\":[{\"@type\":\"Article\",\"@id\":\"https:\\\/\\\/www.cope.es\\\/blogs\\\/derosca\\\/2019\\\/02\\\/04\\\/este-ano-se-celebra-el-10a-aniversario-de-la-final4-masculina-en-colonia\\\/#article\",\"isPartOf\":{\"@id\":\"https:\\\/\\\/www.cope.es\\\/blogs\\\/derosca\\\/2019\\\/02\\\/04\\\/este-ano-se-celebra-el-10a-aniversario-de-la-final4-masculina-en-colonia\\\/\"},\"author\":{\"name\":\"Luis Malvar\",\"@id\":\"https:\\\/\\\/www.cope.es\\\/blogs\\\/derosca\\\/#\\\/schema\\\/person\\\/02d6fa6fa8d8db60f83303875a4ff77f\"},\"headline\":\"Este a\u00f1o se celebra el 10\u00aa Aniversario de la FINAL4 Masculina en Colonia\",\"datePublished\":\"2019-02-04T08:37:40+00:00\",\"mainEntityOfPage\":{\"@id\":\"https:\\\/\\\/www.cope.es\\\/blogs\\\/derosca\\\/2019\\\/02\\\/04\\\/este-ano-se-celebra-el-10a-aniversario-de-la-final4-masculina-en-colonia\\\/\"},\"wordCount\":459,\"commentCount\":0,\"image\":{\"@id\":\"https:\\\/\\\/www.cope.es\\\/blogs\\\/derosca\\\/2019\\\/02\\\/04\\\/este-ano-se-celebra-el-10a-aniversario-de-la-final4-masculina-en-colonia\\\/#primaryimage\"},\"thumbnailUrl\":\"https:\\\/\\\/www.cope.es\\\/blogs\\\/derosca\\\/wp-content\\\/uploads\\\/sites\\\/22\\\/2019\\\/02\\\/koeln_725x366.jpg\",\"articleSection\":[\"Balonmano\"],\"inLanguage\":\"es\",\"potentialAction\":[{\"@type\":\"CommentAction\",\"name\":\"Comment\",\"target\":[\"https:\\\/\\\/www.cope.es\\\/blogs\\\/derosca\\\/2019\\\/02\\\/04\\\/este-ano-se-celebra-el-10a-aniversario-de-la-final4-masculina-en-colonia\\\/#respond\"]}]},{\"@type\":\"WebPage\",\"@id\":\"https:\\\/\\\/www.cope.es\\\/blogs\\\/derosca\\\/2019\\\/02\\\/04\\\/este-ano-se-celebra-el-10a-aniversario-de-la-final4-masculina-en-colonia\\\/\",\"url\":\"https:\\\/\\\/www.cope.es\\\/blogs\\\/derosca\\\/2019\\\/02\\\/04\\\/este-ano-se-celebra-el-10a-aniversario-de-la-final4-masculina-en-colonia\\\/\",\"name\":\"Este a\u00f1o se celebra el 10\u00aa Aniversario de la FINAL4 Masculina en Colonia - Derosca\",\"isPartOf\":{\"@id\":\"https:\\\/\\\/www.cope.es\\\/blogs\\\/derosca\\\/#website\"},\"primaryImageOfPage\":{\"@id\":\"https:\\\/\\\/www.cope.es\\\/blogs\\\/derosca\\\/2019\\\/02\\\/04\\\/este-ano-se-celebra-el-10a-aniversario-de-la-final4-masculina-en-colonia\\\/#primaryimage\"},\"image\":{\"@id\":\"https:\\\/\\\/www.cope.es\\\/blogs\\\/derosca\\\/2019\\\/02\\\/04\\\/este-ano-se-celebra-el-10a-aniversario-de-la-final4-masculina-en-colonia\\\/#primaryimage\"},\"thumbnailUrl\":\"https:\\\/\\\/www.cope.es\\\/blogs\\\/derosca\\\/wp-content\\\/uploads\\\/sites\\\/22\\\/2019\\\/02\\\/koeln_725x366.jpg\",\"datePublished\":\"2019-02-04T08:37:40+00:00\",\"author\":{\"@id\":\"https:\\\/\\\/www.cope.es\\\/blogs\\\/derosca\\\/#\\\/schema\\\/person\\\/02d6fa6fa8d8db60f83303875a4ff77f\"},\"breadcrumb\":{\"@id\":\"https:\\\/\\\/www.cope.es\\\/blogs\\\/derosca\\\/2019\\\/02\\\/04\\\/este-ano-se-celebra-el-10a-aniversario-de-la-final4-masculina-en-colonia\\\/#breadcrumb\"},\"inLanguage\":\"es\",\"potentialAction\":[{\"@type\":\"ReadAction\",\"target\":[\"https:\\\/\\\/www.cope.es\\\/blogs\\\/derosca\\\/2019\\\/02\\\/04\\\/este-ano-se-celebra-el-10a-aniversario-de-la-final4-masculina-en-colonia\\\/\"]}]},{\"@type\":\"ImageObject\",\"inLanguage\":\"es\",\"@id\":\"https:\\\/\\\/www.cope.es\\\/blogs\\\/derosca\\\/2019\\\/02\\\/04\\\/este-ano-se-celebra-el-10a-aniversario-de-la-final4-masculina-en-colonia\\\/#primaryimage\",\"url\":\"https:\\\/\\\/www.cope.es\\\/blogs\\\/derosca\\\/wp-content\\\/uploads\\\/sites\\\/22\\\/2019\\\/02\\\/koeln_725x366.jpg\",\"contentUrl\":\"https:\\\/\\\/www.cope.es\\\/blogs\\\/derosca\\\/wp-content\\\/uploads\\\/sites\\\/22\\\/2019\\\/02\\\/koeln_725x366.jpg\",\"width\":725,\"height\":356,\"caption\":\"Este a\u00f1o se celebra el 10\u00aa Aniversario de la FINAL4 Masculina en Colonia\"},{\"@type\":\"BreadcrumbList\",\"@id\":\"https:\\\/\\\/www.cope.es\\\/blogs\\\/derosca\\\/2019\\\/02\\\/04\\\/este-ano-se-celebra-el-10a-aniversario-de-la-final4-masculina-en-colonia\\\/#breadcrumb\",\"itemListElement\":[{\"@type\":\"ListItem\",\"position\":1,\"name\":\"Portada\",\"item\":\"https:\\\/\\\/www.cope.es\\\/blogs\\\/derosca\\\/\"},{\"@type\":\"ListItem\",\"position\":2,\"name\":\"Este a\u00f1o se celebra el 10\u00aa Aniversario de la FINAL4 Masculina en Colonia\"}]},{\"@type\":\"WebSite\",\"@id\":\"https:\\\/\\\/www.cope.es\\\/blogs\\\/derosca\\\/#website\",\"url\":\"https:\\\/\\\/www.cope.es\\\/blogs\\\/derosca\\\/\",\"name\":\"Derosca\",\"description\":\"Blog de balonmano COPE\",\"potentialAction\":[{\"@type\":\"SearchAction\",\"target\":{\"@type\":\"EntryPoint\",\"urlTemplate\":\"https:\\\/\\\/www.cope.es\\\/blogs\\\/derosca\\\/?s={search_term_string}\"},\"query-input\":{\"@type\":\"PropertyValueSpecification\",\"valueRequired\":true,\"valueName\":\"search_term_string\"}}],\"inLanguage\":\"es\"},{\"@type\":\"Person\",\"@id\":\"https:\\\/\\\/www.cope.es\\\/blogs\\\/derosca\\\/#\\\/schema\\\/person\\\/02d6fa6fa8d8db60f83303875a4ff77f\",\"name\":\"Luis Malvar\",\"image\":{\"@type\":\"ImageObject\",\"inLanguage\":\"es\",\"@id\":\"https:\\\/\\\/secure.gravatar.com\\\/avatar\\\/23cd47dec2904689b3ccd32d1dd3e86c7cbf60dcf7376c68854f761a4939534f?s=96&d=mm&r=g\",\"url\":\"https:\\\/\\\/secure.gravatar.com\\\/avatar\\\/23cd47dec2904689b3ccd32d1dd3e86c7cbf60dcf7376c68854f761a4939534f?s=96&d=mm&r=g\",\"contentUrl\":\"https:\\\/\\\/secure.gravatar.com\\\/avatar\\\/23cd47dec2904689b3ccd32d1dd3e86c7cbf60dcf7376c68854f761a4939534f?s=96&d=mm&r=g\",\"caption\":\"Luis Malvar\"},\"description\":\"Comenc\u00e9 la andadura del Blog Derosca all\u00e1 por el 22 de Mayo de 2008. Un blog en el que se trata de llevar a los numerosos aficionados y amantes del mundo del balonmano toda la actualidad de nuestro apasionante deporte. Una ventana que sirve para dar luz a las innumerables noticias que genera el balonmano y que habitualmente no tienen reflejo en los medios de comunicaci\u00f3n. Sin lugar a dudas el Blog Derosca cuenta con un apartado que tiene a gala contar con miles de seguidores como es \u201cMis Pajaritos\u201d en donde se relatan y narran todas las intrahistorias que se generan en el balonmano espa\u00f1ol y que incomoda a m\u00e1s de uno que salgan a la luz.!Gracias por seguirnos durante todos estos a\u00f1os\u00a1\",\"sameAs\":[\"http:\\\/\\\/www.cope.es\",\"lmalvar\"],\"url\":\"https:\\\/\\\/www.cope.es\\\/blogs\\\/derosca\\\/author\\\/lmalvar\\\/\"}]}<\/script>\n<!-- \/ Yoast SEO plugin. -->","yoast_head_json":{"title":"Este a\u00f1o se celebra el 10\u00aa Aniversario de la FINAL4 Masculina en Colonia - Derosca","robots":{"index":"index","follow":"follow","max-snippet":"max-snippet:-1","max-image-preview":"max-image-preview:large","max-video-preview":"max-video-preview:-1"},"canonical":"https:\/\/www.cope.es\/blogs\/derosca\/2019\/02\/04\/este-ano-se-celebra-el-10a-aniversario-de-la-final4-masculina-en-colonia\/","og_locale":"es_ES","og_type":"article","og_title":"Este a\u00f1o se celebra el 10\u00aa Aniversario de la FINAL4 Masculina en Colonia - Derosca","og_description":"Esta temporada se va a cumplir el d\u00e9cimo aniversario de la celebraci\u00f3n de la FINAL4 Masculina en la ciudad germana de Colonia. Una primera edici\u00f3n que se celebr\u00f3 all\u00e1 por el a\u00f1o 2010 y que sin lugar a dudas es un seguro de espect\u00e1culo y que ha enamorado a los jugadores y los aficionados de [&hellip;]","og_url":"https:\/\/www.cope.es\/blogs\/derosca\/2019\/02\/04\/este-ano-se-celebra-el-10a-aniversario-de-la-final4-masculina-en-colonia\/","og_site_name":"Derosca","article_publisher":"https:\/\/www.facebook.com\/cope\/","article_published_time":"2019-02-04T08:37:40+00:00","og_image":[{"width":725,"height":356,"url":"https:\/\/www.cope.es\/blogs\/derosca\/wp-content\/uploads\/sites\/22\/2019\/02\/koeln_725x366.jpg","type":"image\/jpeg"}],"author":"Luis Malvar","twitter_card":"summary_large_image","twitter_creator":"@cope_es","twitter_site":"@cope_es","twitter_misc":{"Escrito por":"Luis Malvar","Tiempo de lectura":"2 minutos"},"schema":{"@context":"https:\/\/schema.org","@graph":[{"@type":"Article","@id":"https:\/\/www.cope.es\/blogs\/derosca\/2019\/02\/04\/este-ano-se-celebra-el-10a-aniversario-de-la-final4-masculina-en-colonia\/#article","isPartOf":{"@id":"https:\/\/www.cope.es\/blogs\/derosca\/2019\/02\/04\/este-ano-se-celebra-el-10a-aniversario-de-la-final4-masculina-en-colonia\/"},"author":{"name":"Luis Malvar","@id":"https:\/\/www.cope.es\/blogs\/derosca\/#\/schema\/person\/02d6fa6fa8d8db60f83303875a4ff77f"},"headline":"Este a\u00f1o se celebra el 10\u00aa Aniversario de la FINAL4 Masculina en Colonia","datePublished":"2019-02-04T08:37:40+00:00","mainEntityOfPage":{"@id":"https:\/\/www.cope.es\/blogs\/derosca\/2019\/02\/04\/este-ano-se-celebra-el-10a-aniversario-de-la-final4-masculina-en-colonia\/"},"wordCount":459,"commentCount":0,"image":{"@id":"https:\/\/www.cope.es\/blogs\/derosca\/2019\/02\/04\/este-ano-se-celebra-el-10a-aniversario-de-la-final4-masculina-en-colonia\/#primaryimage"},"thumbnailUrl":"https:\/\/www.cope.es\/blogs\/derosca\/wp-content\/uploads\/sites\/22\/2019\/02\/koeln_725x366.jpg","articleSection":["Balonmano"],"inLanguage":"es","potentialAction":[{"@type":"CommentAction","name":"Comment","target":["https:\/\/www.cope.es\/blogs\/derosca\/2019\/02\/04\/este-ano-se-celebra-el-10a-aniversario-de-la-final4-masculina-en-colonia\/#respond"]}]},{"@type":"WebPage","@id":"https:\/\/www.cope.es\/blogs\/derosca\/2019\/02\/04\/este-ano-se-celebra-el-10a-aniversario-de-la-final4-masculina-en-colonia\/","url":"https:\/\/www.cope.es\/blogs\/derosca\/2019\/02\/04\/este-ano-se-celebra-el-10a-aniversario-de-la-final4-masculina-en-colonia\/","name":"Este a\u00f1o se celebra el 10\u00aa Aniversario de la FINAL4 Masculina en Colonia - Derosca","isPartOf":{"@id":"https:\/\/www.cope.es\/blogs\/derosca\/#website"},"primaryImageOfPage":{"@id":"https:\/\/www.cope.es\/blogs\/derosca\/2019\/02\/04\/este-ano-se-celebra-el-10a-aniversario-de-la-final4-masculina-en-colonia\/#primaryimage"},"image":{"@id":"https:\/\/www.cope.es\/blogs\/derosca\/2019\/02\/04\/este-ano-se-celebra-el-10a-aniversario-de-la-final4-masculina-en-colonia\/#primaryimage"},"thumbnailUrl":"https:\/\/www.cope.es\/blogs\/derosca\/wp-content\/uploads\/sites\/22\/2019\/02\/koeln_725x366.jpg","datePublished":"2019-02-04T08:37:40+00:00","author":{"@id":"https:\/\/www.cope.es\/blogs\/derosca\/#\/schema\/person\/02d6fa6fa8d8db60f83303875a4ff77f"},"breadcrumb":{"@id":"https:\/\/www.cope.es\/blogs\/derosca\/2019\/02\/04\/este-ano-se-celebra-el-10a-aniversario-de-la-final4-masculina-en-colonia\/#breadcrumb"},"inLanguage":"es","potentialAction":[{"@type":"ReadAction","target":["https:\/\/www.cope.es\/blogs\/derosca\/2019\/02\/04\/este-ano-se-celebra-el-10a-aniversario-de-la-final4-masculina-en-colonia\/"]}]},{"@type":"ImageObject","inLanguage":"es","@id":"https:\/\/www.cope.es\/blogs\/derosca\/2019\/02\/04\/este-ano-se-celebra-el-10a-aniversario-de-la-final4-masculina-en-colonia\/#primaryimage","url":"https:\/\/www.cope.es\/blogs\/derosca\/wp-content\/uploads\/sites\/22\/2019\/02\/koeln_725x366.jpg","contentUrl":"https:\/\/www.cope.es\/blogs\/derosca\/wp-content\/uploads\/sites\/22\/2019\/02\/koeln_725x366.jpg","width":725,"height":356,"caption":"Este a\u00f1o se celebra el 10\u00aa Aniversario de la FINAL4 Masculina en Colonia"},{"@type":"BreadcrumbList","@id":"https:\/\/www.cope.es\/blogs\/derosca\/2019\/02\/04\/este-ano-se-celebra-el-10a-aniversario-de-la-final4-masculina-en-colonia\/#breadcrumb","itemListElement":[{"@type":"ListItem","position":1,"name":"Portada","item":"https:\/\/www.cope.es\/blogs\/derosca\/"},{"@type":"ListItem","position":2,"name":"Este a\u00f1o se celebra el 10\u00aa Aniversario de la FINAL4 Masculina en Colonia"}]},{"@type":"WebSite","@id":"https:\/\/www.cope.es\/blogs\/derosca\/#website","url":"https:\/\/www.cope.es\/blogs\/derosca\/","name":"Derosca","description":"Blog de balonmano COPE","potentialAction":[{"@type":"SearchAction","target":{"@type":"EntryPoint","urlTemplate":"https:\/\/www.cope.es\/blogs\/derosca\/?s={search_term_string}"},"query-input":{"@type":"PropertyValueSpecification","valueRequired":true,"valueName":"search_term_string"}}],"inLanguage":"es"},{"@type":"Person","@id":"https:\/\/www.cope.es\/blogs\/derosca\/#\/schema\/person\/02d6fa6fa8d8db60f83303875a4ff77f","name":"Luis Malvar","image":{"@type":"ImageObject","inLanguage":"es","@id":"https:\/\/secure.gravatar.com\/avatar\/23cd47dec2904689b3ccd32d1dd3e86c7cbf60dcf7376c68854f761a4939534f?s=96&d=mm&r=g","url":"https:\/\/secure.gravatar.com\/avatar\/23cd47dec2904689b3ccd32d1dd3e86c7cbf60dcf7376c68854f761a4939534f?s=96&d=mm&r=g","contentUrl":"https:\/\/secure.gravatar.com\/avatar\/23cd47dec2904689b3ccd32d1dd3e86c7cbf60dcf7376c68854f761a4939534f?s=96&d=mm&r=g","caption":"Luis Malvar"},"description":"Comenc\u00e9 la andadura del Blog Derosca all\u00e1 por el 22 de Mayo de 2008. Un blog en el que se trata de llevar a los numerosos aficionados y amantes del mundo del balonmano toda la actualidad de nuestro apasionante deporte. Una ventana que sirve para dar luz a las innumerables noticias que genera el balonmano y que habitualmente no tienen reflejo en los medios de comunicaci\u00f3n. Sin lugar a dudas el Blog Derosca cuenta con un apartado que tiene a gala contar con miles de seguidores como es \u201cMis Pajaritos\u201d en donde se relatan y narran todas las intrahistorias que se generan en el balonmano espa\u00f1ol y que incomoda a m\u00e1s de uno que salgan a la luz.!Gracias por seguirnos durante todos estos a\u00f1os\u00a1","sameAs":["http:\/\/www.cope.es","lmalvar"],"url":"https:\/\/www.cope.es\/blogs\/derosca\/author\/lmalvar\/"}]}},"amp_enabled":true,"_links":{"self":[{"href":"https:\/\/www.cope.es\/blogs\/derosca\/wp-json\/wp\/v2\/posts\/547","targetHints":{"allow":["GET"]}}],"collection":[{"href":"https:\/\/www.cope.es\/blogs\/derosca\/wp-json\/wp\/v2\/posts"}],"about":[{"href":"https:\/\/www.cope.es\/blogs\/derosca\/wp-json\/wp\/v2\/types\/post"}],"author":[{"embeddable":true,"href":"https:\/\/www.cope.es\/blogs\/derosca\/wp-json\/wp\/v2\/users\/23"}],"replies":[{"embeddable":true,"href":"https:\/\/www.cope.es\/blogs\/derosca\/wp-json\/wp\/v2\/comments?post=547"}],"version-history":[{"count":1,"href":"https:\/\/www.cope.es\/blogs\/derosca\/wp-json\/wp\/v2\/posts\/547\/revisions"}],"predecessor-version":[{"id":549,"href":"https:\/\/www.cope.es\/blogs\/derosca\/wp-json\/wp\/v2\/posts\/547\/revisions\/549"}],"wp:featuredmedia":[{"embeddable":true,"href":"https:\/\/www.cope.es\/blogs\/derosca\/wp-json\/wp\/v2\/media\/548"}],"wp:attachment":[{"href":"https:\/\/www.cope.es\/blogs\/derosca\/wp-json\/wp\/v2\/media?parent=547"}],"wp:term":[{"taxonomy":"category","embeddable":true,"href":"https:\/\/www.cope.es\/blogs\/derosca\/wp-json\/wp\/v2\/categories?post=547"},{"taxonomy":"post_tag","embeddable":true,"href":"https:\/\/www.cope.es\/blogs\/derosca\/wp-json\/wp\/v2\/tags?post=547"}],"curies":[{"name":"wp","href":"https:\/\/api.w.org\/{rel}","templated":true}]}}