{"id":5043,"date":"2026-04-29T09:18:38","date_gmt":"2026-04-29T07:18:38","guid":{"rendered":"https:\/\/www.cope.es\/blogs\/derosca\/?p=5043"},"modified":"2026-04-29T09:18:38","modified_gmt":"2026-04-29T07:18:38","slug":"eduard-fernandez-sera-el-nuevo-entrenador-del-pauc","status":"publish","type":"post","link":"https:\/\/www.cope.es\/blogs\/derosca\/2026\/04\/29\/eduard-fernandez-sera-el-nuevo-entrenador-del-pauc\/","title":{"rendered":"Eduard Fern\u00e1ndez ser\u00e1 el nuevo entrenador del PAUC"},"content":{"rendered":"<p><span style=\"color: #0a1c4e\"><span style=\"font-family: Arial, sans-serif\"><span style=\"font-size: medium\">El Aix-en-Provence se prepara para cambiar de entrenador la pr\u00f3xima temporada. Ser\u00e1 nuestro Eduard Fern\u00e1ndez qui\u00e9n suceder\u00e1 a \u00c9ric For\u00eats, que deja su cargo por motivos personales<\/span><\/span><\/span><span style=\"color: #0a1c4e\"><span style=\"font-family: Arial, sans-serif\"><span style=\"font-size: medium\">.<\/span><\/span><\/span><\/p>\n<p><span style=\"color: #0a1c4e\"><span style=\"font-family: Arial, sans-serif\"><span style=\"font-size: medium\">El Provence Aix Universit\u00e9 <\/span><\/span><\/span><span style=\"color: #0a1c4e\"><span style=\"font-family: Arial, sans-serif\"><span style=\"font-size: medium\">est\u00e1 a punto de iniciar una nueva etapa. Tras tres temporadas al frente del <\/span><\/span><\/span><span style=\"color: #0a1c4e\"><span style=\"font-family: Arial, sans-serif\"><span style=\"font-size: medium\">PAUC<\/span><\/span><\/span><span style=\"color: #0a1c4e\"><span style=\"font-family: Arial, sans-serif\"><span style=\"font-size: medium\">, <\/span><\/span><\/span><span style=\"color: #0a1c4e\"><span style=\"font-family: Arial, sans-serif\"><span style=\"font-size: medium\">Eric For\u00eats <\/span><\/span><\/span><span style=\"color: #0a1c4e\"><span style=\"font-family: Arial, sans-serif\"><span style=\"font-size: medium\">deja el club provenzal por motivos personales. Ser\u00e1 sustituido por <\/span><\/span><\/span><span style=\"color: #0a1c4e\"><span style=\"font-family: Arial, sans-serif\"><span style=\"font-size: medium\">Eduard Fern\u00e1ndez<\/span><\/span><\/span><span style=\"color: #0a1c4e\"><span style=\"font-family: Arial, sans-serif\"><span style=\"font-size: medium\">. Parece ser que Eduard ha firmado un contrato para las pr\u00f3ximas tres temporadas.<\/span><\/span><\/span><\/p>\n<p><span style=\"color: #0a1c4e\"><span style=\"font-family: Arial, sans-serif\"><span style=\"font-size: medium\">El actual entrenador <\/span><\/span><\/span><span style=\"color: #0a1c4e\"><span style=\"font-family: Arial, sans-serif\"><span style=\"font-size: medium\">del Cherbourg <\/span><\/span><\/span><span style=\"color: #0a1c4e\"><span style=\"font-family: Arial, sans-serif\"><span style=\"font-size: medium\">activ\u00f3 una cl\u00e1usula de la &#8220;Starligue&#8221; el pasado mes de Enero, lo que le permiti\u00f3 abandonar el club normando un a\u00f1o antes de la finalizaci\u00f3n de su contrato. Tras llegar a la regi\u00f3n de Cotentin en el a\u00f1o 2022, pas\u00f3 cuatro temporadas en el banquillo del Cherbourg, clasific\u00e1ndose para los Playoffs en dos ocasiones (a\u00f1os 2024 y 2025), sin lograr superar la primera ronda. Actualmente sexto con el club de la Proligue a falta de cinco jornadas, Eduard Fern\u00e1ndez intentar\u00e1 llevar a los normandos a los Playoffs una vez m\u00e1s.<\/span><\/span><\/span><\/p>\n<p><span style=\"color: #0a1c4e\"><span style=\"font-family: Arial, sans-serif\"><span style=\"font-size: medium\">Esta salida le abre las puertas a su primera experiencia como entrenador en la m\u00e1xima categor\u00eda del balonmano franc\u00e9s. Un reto que el Eduard Fern\u00e1ndez afrontar\u00e1 en terreno conocido, ya hab\u00eda estado en el Aix durante la Temporada 2019-2020 como asistente de <\/span><\/span><\/span><span style=\"color: #0a1c4e\"><span style=\"font-family: Arial, sans-serif\"><span style=\"font-size: medium\">J\u00e9r\u00f4me Fern\u00e1ndez<\/span><\/span><\/span><span style=\"color: #0a1c4e\"><span style=\"font-family: Arial, sans-serif\"><span style=\"font-size: medium\">, antes de que la temporada se viera interrumpida por la pandemia de Covid-19.<\/span><\/span><\/span><\/p>\n<p><em><span style=\"color: #666666\"><span style=\"font-family: Arial, sans-serif\"><span style=\"font-size: medium\">Seguirnos en twitter: <\/span><\/span><\/span><\/em><span style=\"color: #000080\"><span><u><a href=\"#!\/deroscacope\"><span style=\"font-family: Arial, sans-serif\"><span style=\"font-size: medium\">https:\/\/twitter.com\/#!\/deroscacope<\/span><\/span><\/a><\/u><\/span><\/span><\/p>\n","protected":false},"excerpt":{"rendered":"<p>El Aix-en-Provence se prepara para cambiar de entrenador la pr\u00f3xima temporada. Ser\u00e1 nuestro Eduard Fern\u00e1ndez qui\u00e9n suceder\u00e1 a \u00c9ric For\u00eats, que deja su cargo por motivos personales. El Provence Aix Universit\u00e9 est\u00e1 a punto de iniciar una nueva etapa. Tras tres temporadas al frente del PAUC, Eric For\u00eats deja el club provenzal por motivos personales. [&hellip;]<\/p>\n","protected":false},"author":23,"featured_media":5044,"comment_status":"open","ping_status":"open","sticky":false,"template":"","format":"standard","meta":{"footnotes":""},"categories":[3],"tags":[],"class_list":["post-5043","post","type-post","status-publish","format-standard","has-post-thumbnail","hentry","category-balonmano"],"yoast_head":"<!-- This site is optimized with the Yoast SEO plugin v27.4 - https:\/\/yoast.com\/product\/yoast-seo-wordpress\/ -->\n<title>Eduard Fern\u00e1ndez ser\u00e1 el nuevo entrenador del PAUC - Derosca<\/title>\n<meta name=\"robots\" content=\"index, follow, max-snippet:-1, max-image-preview:large, max-video-preview:-1\" \/>\n<link rel=\"canonical\" href=\"https:\/\/www.cope.es\/blogs\/derosca\/2026\/04\/29\/eduard-fernandez-sera-el-nuevo-entrenador-del-pauc\/\" \/>\n<meta property=\"og:locale\" content=\"es_ES\" \/>\n<meta property=\"og:type\" content=\"article\" \/>\n<meta property=\"og:title\" content=\"Eduard Fern\u00e1ndez ser\u00e1 el nuevo entrenador del PAUC - Derosca\" \/>\n<meta property=\"og:description\" content=\"El Aix-en-Provence se prepara para cambiar de entrenador la pr\u00f3xima temporada. Ser\u00e1 nuestro Eduard Fern\u00e1ndez qui\u00e9n suceder\u00e1 a \u00c9ric For\u00eats, que deja su cargo por motivos personales. El Provence Aix Universit\u00e9 est\u00e1 a punto de iniciar una nueva etapa. Tras tres temporadas al frente del PAUC, Eric For\u00eats deja el club provenzal por motivos personales. [&hellip;]\" \/>\n<meta property=\"og:url\" content=\"https:\/\/www.cope.es\/blogs\/derosca\/2026\/04\/29\/eduard-fernandez-sera-el-nuevo-entrenador-del-pauc\/\" \/>\n<meta property=\"og:site_name\" content=\"Derosca\" \/>\n<meta property=\"article:publisher\" content=\"https:\/\/www.facebook.com\/cope\/\" \/>\n<meta property=\"article:published_time\" content=\"2026-04-29T07:18:38+00:00\" \/>\n<meta property=\"og:image\" content=\"http:\/\/www.cope.es\/blogs\/derosca\/wp-content\/uploads\/sites\/22\/2026\/04\/Eduard_Fernandez_01.jpg\" \/>\n\t<meta property=\"og:image:width\" content=\"680\" \/>\n\t<meta property=\"og:image:height\" content=\"556\" \/>\n\t<meta property=\"og:image:type\" content=\"image\/jpeg\" \/>\n<meta name=\"author\" content=\"Luis Malvar\" \/>\n<meta name=\"twitter:card\" content=\"summary_large_image\" \/>\n<meta name=\"twitter:creator\" content=\"@cope_es\" \/>\n<meta name=\"twitter:site\" content=\"@cope_es\" \/>\n<meta name=\"twitter:label1\" content=\"Escrito por\" \/>\n\t<meta name=\"twitter:data1\" content=\"Luis Malvar\" \/>\n\t<meta name=\"twitter:label2\" content=\"Tiempo de lectura\" \/>\n\t<meta name=\"twitter:data2\" content=\"2 minutos\" \/>\n<script type=\"application\/ld+json\" class=\"yoast-schema-graph\">{\"@context\":\"https:\\\/\\\/schema.org\",\"@graph\":[{\"@type\":\"Article\",\"@id\":\"https:\\\/\\\/www.cope.es\\\/blogs\\\/derosca\\\/2026\\\/04\\\/29\\\/eduard-fernandez-sera-el-nuevo-entrenador-del-pauc\\\/#article\",\"isPartOf\":{\"@id\":\"https:\\\/\\\/www.cope.es\\\/blogs\\\/derosca\\\/2026\\\/04\\\/29\\\/eduard-fernandez-sera-el-nuevo-entrenador-del-pauc\\\/\"},\"author\":{\"name\":\"Luis Malvar\",\"@id\":\"https:\\\/\\\/www.cope.es\\\/blogs\\\/derosca\\\/#\\\/schema\\\/person\\\/02d6fa6fa8d8db60f83303875a4ff77f\"},\"headline\":\"Eduard Fern\u00e1ndez ser\u00e1 el nuevo entrenador del PAUC\",\"datePublished\":\"2026-04-29T07:18:38+00:00\",\"mainEntityOfPage\":{\"@id\":\"https:\\\/\\\/www.cope.es\\\/blogs\\\/derosca\\\/2026\\\/04\\\/29\\\/eduard-fernandez-sera-el-nuevo-entrenador-del-pauc\\\/\"},\"wordCount\":262,\"commentCount\":0,\"image\":{\"@id\":\"https:\\\/\\\/www.cope.es\\\/blogs\\\/derosca\\\/2026\\\/04\\\/29\\\/eduard-fernandez-sera-el-nuevo-entrenador-del-pauc\\\/#primaryimage\"},\"thumbnailUrl\":\"https:\\\/\\\/www.cope.es\\\/blogs\\\/derosca\\\/wp-content\\\/uploads\\\/sites\\\/22\\\/2026\\\/04\\\/Eduard_Fernandez_01.jpg\",\"articleSection\":[\"Balonmano\"],\"inLanguage\":\"es\",\"potentialAction\":[{\"@type\":\"CommentAction\",\"name\":\"Comment\",\"target\":[\"https:\\\/\\\/www.cope.es\\\/blogs\\\/derosca\\\/2026\\\/04\\\/29\\\/eduard-fernandez-sera-el-nuevo-entrenador-del-pauc\\\/#respond\"]}]},{\"@type\":\"WebPage\",\"@id\":\"https:\\\/\\\/www.cope.es\\\/blogs\\\/derosca\\\/2026\\\/04\\\/29\\\/eduard-fernandez-sera-el-nuevo-entrenador-del-pauc\\\/\",\"url\":\"https:\\\/\\\/www.cope.es\\\/blogs\\\/derosca\\\/2026\\\/04\\\/29\\\/eduard-fernandez-sera-el-nuevo-entrenador-del-pauc\\\/\",\"name\":\"Eduard Fern\u00e1ndez ser\u00e1 el nuevo entrenador del PAUC - Derosca\",\"isPartOf\":{\"@id\":\"https:\\\/\\\/www.cope.es\\\/blogs\\\/derosca\\\/#website\"},\"primaryImageOfPage\":{\"@id\":\"https:\\\/\\\/www.cope.es\\\/blogs\\\/derosca\\\/2026\\\/04\\\/29\\\/eduard-fernandez-sera-el-nuevo-entrenador-del-pauc\\\/#primaryimage\"},\"image\":{\"@id\":\"https:\\\/\\\/www.cope.es\\\/blogs\\\/derosca\\\/2026\\\/04\\\/29\\\/eduard-fernandez-sera-el-nuevo-entrenador-del-pauc\\\/#primaryimage\"},\"thumbnailUrl\":\"https:\\\/\\\/www.cope.es\\\/blogs\\\/derosca\\\/wp-content\\\/uploads\\\/sites\\\/22\\\/2026\\\/04\\\/Eduard_Fernandez_01.jpg\",\"datePublished\":\"2026-04-29T07:18:38+00:00\",\"author\":{\"@id\":\"https:\\\/\\\/www.cope.es\\\/blogs\\\/derosca\\\/#\\\/schema\\\/person\\\/02d6fa6fa8d8db60f83303875a4ff77f\"},\"breadcrumb\":{\"@id\":\"https:\\\/\\\/www.cope.es\\\/blogs\\\/derosca\\\/2026\\\/04\\\/29\\\/eduard-fernandez-sera-el-nuevo-entrenador-del-pauc\\\/#breadcrumb\"},\"inLanguage\":\"es\",\"potentialAction\":[{\"@type\":\"ReadAction\",\"target\":[\"https:\\\/\\\/www.cope.es\\\/blogs\\\/derosca\\\/2026\\\/04\\\/29\\\/eduard-fernandez-sera-el-nuevo-entrenador-del-pauc\\\/\"]}]},{\"@type\":\"ImageObject\",\"inLanguage\":\"es\",\"@id\":\"https:\\\/\\\/www.cope.es\\\/blogs\\\/derosca\\\/2026\\\/04\\\/29\\\/eduard-fernandez-sera-el-nuevo-entrenador-del-pauc\\\/#primaryimage\",\"url\":\"https:\\\/\\\/www.cope.es\\\/blogs\\\/derosca\\\/wp-content\\\/uploads\\\/sites\\\/22\\\/2026\\\/04\\\/Eduard_Fernandez_01.jpg\",\"contentUrl\":\"https:\\\/\\\/www.cope.es\\\/blogs\\\/derosca\\\/wp-content\\\/uploads\\\/sites\\\/22\\\/2026\\\/04\\\/Eduard_Fernandez_01.jpg\",\"width\":680,\"height\":556,\"caption\":\"Eduard Fern\u00e1ndez ser\u00e1 el nuevo entrenador del PAUC\"},{\"@type\":\"BreadcrumbList\",\"@id\":\"https:\\\/\\\/www.cope.es\\\/blogs\\\/derosca\\\/2026\\\/04\\\/29\\\/eduard-fernandez-sera-el-nuevo-entrenador-del-pauc\\\/#breadcrumb\",\"itemListElement\":[{\"@type\":\"ListItem\",\"position\":1,\"name\":\"Portada\",\"item\":\"https:\\\/\\\/www.cope.es\\\/blogs\\\/derosca\\\/\"},{\"@type\":\"ListItem\",\"position\":2,\"name\":\"Eduard Fern\u00e1ndez ser\u00e1 el nuevo entrenador del PAUC\"}]},{\"@type\":\"WebSite\",\"@id\":\"https:\\\/\\\/www.cope.es\\\/blogs\\\/derosca\\\/#website\",\"url\":\"https:\\\/\\\/www.cope.es\\\/blogs\\\/derosca\\\/\",\"name\":\"Derosca\",\"description\":\"Blog de balonmano COPE\",\"potentialAction\":[{\"@type\":\"SearchAction\",\"target\":{\"@type\":\"EntryPoint\",\"urlTemplate\":\"https:\\\/\\\/www.cope.es\\\/blogs\\\/derosca\\\/?s={search_term_string}\"},\"query-input\":{\"@type\":\"PropertyValueSpecification\",\"valueRequired\":true,\"valueName\":\"search_term_string\"}}],\"inLanguage\":\"es\"},{\"@type\":\"Person\",\"@id\":\"https:\\\/\\\/www.cope.es\\\/blogs\\\/derosca\\\/#\\\/schema\\\/person\\\/02d6fa6fa8d8db60f83303875a4ff77f\",\"name\":\"Luis Malvar\",\"image\":{\"@type\":\"ImageObject\",\"inLanguage\":\"es\",\"@id\":\"https:\\\/\\\/secure.gravatar.com\\\/avatar\\\/23cd47dec2904689b3ccd32d1dd3e86c7cbf60dcf7376c68854f761a4939534f?s=96&d=mm&r=g\",\"url\":\"https:\\\/\\\/secure.gravatar.com\\\/avatar\\\/23cd47dec2904689b3ccd32d1dd3e86c7cbf60dcf7376c68854f761a4939534f?s=96&d=mm&r=g\",\"contentUrl\":\"https:\\\/\\\/secure.gravatar.com\\\/avatar\\\/23cd47dec2904689b3ccd32d1dd3e86c7cbf60dcf7376c68854f761a4939534f?s=96&d=mm&r=g\",\"caption\":\"Luis Malvar\"},\"description\":\"Comenc\u00e9 la andadura del Blog Derosca all\u00e1 por el 22 de Mayo de 2008. Un blog en el que se trata de llevar a los numerosos aficionados y amantes del mundo del balonmano toda la actualidad de nuestro apasionante deporte. Una ventana que sirve para dar luz a las innumerables noticias que genera el balonmano y que habitualmente no tienen reflejo en los medios de comunicaci\u00f3n. Sin lugar a dudas el Blog Derosca cuenta con un apartado que tiene a gala contar con miles de seguidores como es \u201cMis Pajaritos\u201d en donde se relatan y narran todas las intrahistorias que se generan en el balonmano espa\u00f1ol y que incomoda a m\u00e1s de uno que salgan a la luz.!Gracias por seguirnos durante todos estos a\u00f1os\u00a1\",\"sameAs\":[\"http:\\\/\\\/www.cope.es\",\"lmalvar\"],\"url\":\"https:\\\/\\\/www.cope.es\\\/blogs\\\/derosca\\\/author\\\/lmalvar\\\/\"}]}<\/script>\n<!-- \/ Yoast SEO plugin. -->","yoast_head_json":{"title":"Eduard Fern\u00e1ndez ser\u00e1 el nuevo entrenador del PAUC - Derosca","robots":{"index":"index","follow":"follow","max-snippet":"max-snippet:-1","max-image-preview":"max-image-preview:large","max-video-preview":"max-video-preview:-1"},"canonical":"https:\/\/www.cope.es\/blogs\/derosca\/2026\/04\/29\/eduard-fernandez-sera-el-nuevo-entrenador-del-pauc\/","og_locale":"es_ES","og_type":"article","og_title":"Eduard Fern\u00e1ndez ser\u00e1 el nuevo entrenador del PAUC - Derosca","og_description":"El Aix-en-Provence se prepara para cambiar de entrenador la pr\u00f3xima temporada. Ser\u00e1 nuestro Eduard Fern\u00e1ndez qui\u00e9n suceder\u00e1 a \u00c9ric For\u00eats, que deja su cargo por motivos personales. El Provence Aix Universit\u00e9 est\u00e1 a punto de iniciar una nueva etapa. Tras tres temporadas al frente del PAUC, Eric For\u00eats deja el club provenzal por motivos personales. [&hellip;]","og_url":"https:\/\/www.cope.es\/blogs\/derosca\/2026\/04\/29\/eduard-fernandez-sera-el-nuevo-entrenador-del-pauc\/","og_site_name":"Derosca","article_publisher":"https:\/\/www.facebook.com\/cope\/","article_published_time":"2026-04-29T07:18:38+00:00","og_image":[{"width":680,"height":556,"url":"http:\/\/www.cope.es\/blogs\/derosca\/wp-content\/uploads\/sites\/22\/2026\/04\/Eduard_Fernandez_01.jpg","type":"image\/jpeg"}],"author":"Luis Malvar","twitter_card":"summary_large_image","twitter_creator":"@cope_es","twitter_site":"@cope_es","twitter_misc":{"Escrito por":"Luis Malvar","Tiempo de lectura":"2 minutos"},"schema":{"@context":"https:\/\/schema.org","@graph":[{"@type":"Article","@id":"https:\/\/www.cope.es\/blogs\/derosca\/2026\/04\/29\/eduard-fernandez-sera-el-nuevo-entrenador-del-pauc\/#article","isPartOf":{"@id":"https:\/\/www.cope.es\/blogs\/derosca\/2026\/04\/29\/eduard-fernandez-sera-el-nuevo-entrenador-del-pauc\/"},"author":{"name":"Luis Malvar","@id":"https:\/\/www.cope.es\/blogs\/derosca\/#\/schema\/person\/02d6fa6fa8d8db60f83303875a4ff77f"},"headline":"Eduard Fern\u00e1ndez ser\u00e1 el nuevo entrenador del PAUC","datePublished":"2026-04-29T07:18:38+00:00","mainEntityOfPage":{"@id":"https:\/\/www.cope.es\/blogs\/derosca\/2026\/04\/29\/eduard-fernandez-sera-el-nuevo-entrenador-del-pauc\/"},"wordCount":262,"commentCount":0,"image":{"@id":"https:\/\/www.cope.es\/blogs\/derosca\/2026\/04\/29\/eduard-fernandez-sera-el-nuevo-entrenador-del-pauc\/#primaryimage"},"thumbnailUrl":"https:\/\/www.cope.es\/blogs\/derosca\/wp-content\/uploads\/sites\/22\/2026\/04\/Eduard_Fernandez_01.jpg","articleSection":["Balonmano"],"inLanguage":"es","potentialAction":[{"@type":"CommentAction","name":"Comment","target":["https:\/\/www.cope.es\/blogs\/derosca\/2026\/04\/29\/eduard-fernandez-sera-el-nuevo-entrenador-del-pauc\/#respond"]}]},{"@type":"WebPage","@id":"https:\/\/www.cope.es\/blogs\/derosca\/2026\/04\/29\/eduard-fernandez-sera-el-nuevo-entrenador-del-pauc\/","url":"https:\/\/www.cope.es\/blogs\/derosca\/2026\/04\/29\/eduard-fernandez-sera-el-nuevo-entrenador-del-pauc\/","name":"Eduard Fern\u00e1ndez ser\u00e1 el nuevo entrenador del PAUC - Derosca","isPartOf":{"@id":"https:\/\/www.cope.es\/blogs\/derosca\/#website"},"primaryImageOfPage":{"@id":"https:\/\/www.cope.es\/blogs\/derosca\/2026\/04\/29\/eduard-fernandez-sera-el-nuevo-entrenador-del-pauc\/#primaryimage"},"image":{"@id":"https:\/\/www.cope.es\/blogs\/derosca\/2026\/04\/29\/eduard-fernandez-sera-el-nuevo-entrenador-del-pauc\/#primaryimage"},"thumbnailUrl":"https:\/\/www.cope.es\/blogs\/derosca\/wp-content\/uploads\/sites\/22\/2026\/04\/Eduard_Fernandez_01.jpg","datePublished":"2026-04-29T07:18:38+00:00","author":{"@id":"https:\/\/www.cope.es\/blogs\/derosca\/#\/schema\/person\/02d6fa6fa8d8db60f83303875a4ff77f"},"breadcrumb":{"@id":"https:\/\/www.cope.es\/blogs\/derosca\/2026\/04\/29\/eduard-fernandez-sera-el-nuevo-entrenador-del-pauc\/#breadcrumb"},"inLanguage":"es","potentialAction":[{"@type":"ReadAction","target":["https:\/\/www.cope.es\/blogs\/derosca\/2026\/04\/29\/eduard-fernandez-sera-el-nuevo-entrenador-del-pauc\/"]}]},{"@type":"ImageObject","inLanguage":"es","@id":"https:\/\/www.cope.es\/blogs\/derosca\/2026\/04\/29\/eduard-fernandez-sera-el-nuevo-entrenador-del-pauc\/#primaryimage","url":"https:\/\/www.cope.es\/blogs\/derosca\/wp-content\/uploads\/sites\/22\/2026\/04\/Eduard_Fernandez_01.jpg","contentUrl":"https:\/\/www.cope.es\/blogs\/derosca\/wp-content\/uploads\/sites\/22\/2026\/04\/Eduard_Fernandez_01.jpg","width":680,"height":556,"caption":"Eduard Fern\u00e1ndez ser\u00e1 el nuevo entrenador del PAUC"},{"@type":"BreadcrumbList","@id":"https:\/\/www.cope.es\/blogs\/derosca\/2026\/04\/29\/eduard-fernandez-sera-el-nuevo-entrenador-del-pauc\/#breadcrumb","itemListElement":[{"@type":"ListItem","position":1,"name":"Portada","item":"https:\/\/www.cope.es\/blogs\/derosca\/"},{"@type":"ListItem","position":2,"name":"Eduard Fern\u00e1ndez ser\u00e1 el nuevo entrenador del PAUC"}]},{"@type":"WebSite","@id":"https:\/\/www.cope.es\/blogs\/derosca\/#website","url":"https:\/\/www.cope.es\/blogs\/derosca\/","name":"Derosca","description":"Blog de balonmano COPE","potentialAction":[{"@type":"SearchAction","target":{"@type":"EntryPoint","urlTemplate":"https:\/\/www.cope.es\/blogs\/derosca\/?s={search_term_string}"},"query-input":{"@type":"PropertyValueSpecification","valueRequired":true,"valueName":"search_term_string"}}],"inLanguage":"es"},{"@type":"Person","@id":"https:\/\/www.cope.es\/blogs\/derosca\/#\/schema\/person\/02d6fa6fa8d8db60f83303875a4ff77f","name":"Luis Malvar","image":{"@type":"ImageObject","inLanguage":"es","@id":"https:\/\/secure.gravatar.com\/avatar\/23cd47dec2904689b3ccd32d1dd3e86c7cbf60dcf7376c68854f761a4939534f?s=96&d=mm&r=g","url":"https:\/\/secure.gravatar.com\/avatar\/23cd47dec2904689b3ccd32d1dd3e86c7cbf60dcf7376c68854f761a4939534f?s=96&d=mm&r=g","contentUrl":"https:\/\/secure.gravatar.com\/avatar\/23cd47dec2904689b3ccd32d1dd3e86c7cbf60dcf7376c68854f761a4939534f?s=96&d=mm&r=g","caption":"Luis Malvar"},"description":"Comenc\u00e9 la andadura del Blog Derosca all\u00e1 por el 22 de Mayo de 2008. Un blog en el que se trata de llevar a los numerosos aficionados y amantes del mundo del balonmano toda la actualidad de nuestro apasionante deporte. Una ventana que sirve para dar luz a las innumerables noticias que genera el balonmano y que habitualmente no tienen reflejo en los medios de comunicaci\u00f3n. Sin lugar a dudas el Blog Derosca cuenta con un apartado que tiene a gala contar con miles de seguidores como es \u201cMis Pajaritos\u201d en donde se relatan y narran todas las intrahistorias que se generan en el balonmano espa\u00f1ol y que incomoda a m\u00e1s de uno que salgan a la luz.!Gracias por seguirnos durante todos estos a\u00f1os\u00a1","sameAs":["http:\/\/www.cope.es","lmalvar"],"url":"https:\/\/www.cope.es\/blogs\/derosca\/author\/lmalvar\/"}]}},"amp_enabled":true,"_links":{"self":[{"href":"https:\/\/www.cope.es\/blogs\/derosca\/wp-json\/wp\/v2\/posts\/5043","targetHints":{"allow":["GET"]}}],"collection":[{"href":"https:\/\/www.cope.es\/blogs\/derosca\/wp-json\/wp\/v2\/posts"}],"about":[{"href":"https:\/\/www.cope.es\/blogs\/derosca\/wp-json\/wp\/v2\/types\/post"}],"author":[{"embeddable":true,"href":"https:\/\/www.cope.es\/blogs\/derosca\/wp-json\/wp\/v2\/users\/23"}],"replies":[{"embeddable":true,"href":"https:\/\/www.cope.es\/blogs\/derosca\/wp-json\/wp\/v2\/comments?post=5043"}],"version-history":[{"count":1,"href":"https:\/\/www.cope.es\/blogs\/derosca\/wp-json\/wp\/v2\/posts\/5043\/revisions"}],"predecessor-version":[{"id":5045,"href":"https:\/\/www.cope.es\/blogs\/derosca\/wp-json\/wp\/v2\/posts\/5043\/revisions\/5045"}],"wp:featuredmedia":[{"embeddable":true,"href":"https:\/\/www.cope.es\/blogs\/derosca\/wp-json\/wp\/v2\/media\/5044"}],"wp:attachment":[{"href":"https:\/\/www.cope.es\/blogs\/derosca\/wp-json\/wp\/v2\/media?parent=5043"}],"wp:term":[{"taxonomy":"category","embeddable":true,"href":"https:\/\/www.cope.es\/blogs\/derosca\/wp-json\/wp\/v2\/categories?post=5043"},{"taxonomy":"post_tag","embeddable":true,"href":"https:\/\/www.cope.es\/blogs\/derosca\/wp-json\/wp\/v2\/tags?post=5043"}],"curies":[{"name":"wp","href":"https:\/\/api.w.org\/{rel}","templated":true}]}}