{"id":5040,"date":"2026-04-28T09:01:06","date_gmt":"2026-04-28T07:01:06","guid":{"rendered":"https:\/\/www.cope.es\/blogs\/derosca\/?p=5040"},"modified":"2026-04-28T09:01:06","modified_gmt":"2026-04-28T07:01:06","slug":"el-pick-szeged-renueva-el-contrato-de-roland-mikler","status":"publish","type":"post","link":"https:\/\/www.cope.es\/blogs\/derosca\/2026\/04\/28\/el-pick-szeged-renueva-el-contrato-de-roland-mikler\/","title":{"rendered":"El Pick Szeged renueva el contrato de Roland Mikler"},"content":{"rendered":"<p><span style=\"color: #222222\"><span style=\"font-family: Arial, sans-serif\"><span style=\"font-size: medium\">El portero Roland Mikler demostr\u00f3 recientemente su calidad en los Playoffs de la Liga de Campeones contra el Industria Kielce. Ahora es oficial, el jugador de 41 a\u00f1os ha renovado su contrato con el Pick Szeged.<\/span><\/span><\/span><\/p>\n<p><span style=\"color: #222222\"><span style=\"font-family: Arial, sans-serif\"><span style=\"font-size: medium\">Roland Mikler afrontar\u00e1 su duod\u00e9cima temporada con el Pick Szeged. El portero de 41 a\u00f1os ha prorrogado su contrato con el principal club h\u00fangaro por un a\u00f1o m\u00e1s, hasta el ao 2027. El Presidente del Szeged, Edward Papp, ha declarado que Roli es un \u00edcono del balonmano en Szeged, y con su rendimiento este a\u00f1o ha demostrado ser un jugador fundamental, un pilar del equipo y una pieza clave.<\/span><\/span><\/span><\/p>\n<p><span style=\"color: #222222\"><span style=\"font-family: Arial, sans-serif\"><span style=\"font-size: medium\">Por su parte ha manifestado Mikler en un comunicado del club que todos saben lo que significa para \u00e9l el club de Szeged y la suerte que tiene de jugar en el PICK Szeged. Es una gran alegr\u00eda para \u00e9l y su familia poder continuar su carrera, quedarse all\u00ed y seguir contribuyendo al \u00e9xito del club. Les encanta vivir all\u00ed, y con los gemelos empezando el colegio en oto\u00f1o, se alegra mucho firmar su contrato.<\/span><\/span><\/span><\/p>\n<p><span style=\"color: #222222\"><span style=\"font-family: Arial, sans-serif\"><span style=\"font-size: medium\">El guardameta se traslad\u00f3 del club de su ciudad natal, el Dunaferr, al Szeged en el a\u00f1o 2010 y celebr\u00f3 la conquista de la Copa EHF con el club en el 2014. Tras cinco a\u00f1os en el Veszpr\u00e9m, donde gan\u00f3 cuatro t\u00edtulos de liga y cuatro copas, Mikler regres\u00f3 al Szeged en el a\u00f1o 2019 y desde entonces ha ganado dos t\u00edtulos de liga h\u00fangara (2021 y 2022) y la Copa de Hungr\u00eda (2025). Adem\u00e1s, ha sido internacional con la selecci\u00f3n h\u00fangara en 250 ocasiones desde su debut en el a\u00f1o 2004. <\/span><\/span><\/span><\/p>\n<p><em><span style=\"color: #666666\"><span style=\"font-family: Arial, sans-serif\"><span style=\"font-size: medium\">Seguirnos en twitter: <\/span><\/span><\/span><\/em><span style=\"color: #000080\"><span><u><a href=\"#!\/deroscacope\"><span style=\"font-family: Arial, sans-serif\"><span style=\"font-size: medium\">https:\/\/twitter.com\/#!\/deroscacope<\/span><\/span><\/a><\/u><\/span><\/span><\/p>\n","protected":false},"excerpt":{"rendered":"<p>El portero Roland Mikler demostr\u00f3 recientemente su calidad en los Playoffs de la Liga de Campeones contra el Industria Kielce. Ahora es oficial, el jugador de 41 a\u00f1os ha renovado su contrato con el Pick Szeged. Roland Mikler afrontar\u00e1 su duod\u00e9cima temporada con el Pick Szeged. El portero de 41 a\u00f1os ha prorrogado su contrato [&hellip;]<\/p>\n","protected":false},"author":23,"featured_media":5041,"comment_status":"open","ping_status":"open","sticky":false,"template":"","format":"standard","meta":{"footnotes":""},"categories":[3],"tags":[],"class_list":["post-5040","post","type-post","status-publish","format-standard","has-post-thumbnail","hentry","category-balonmano"],"yoast_head":"<!-- This site is optimized with the Yoast SEO plugin v27.4 - https:\/\/yoast.com\/product\/yoast-seo-wordpress\/ -->\n<title>El Pick Szeged renueva el contrato de Roland Mikler - Derosca<\/title>\n<meta name=\"robots\" content=\"index, follow, max-snippet:-1, max-image-preview:large, max-video-preview:-1\" \/>\n<link rel=\"canonical\" href=\"https:\/\/www.cope.es\/blogs\/derosca\/2026\/04\/28\/el-pick-szeged-renueva-el-contrato-de-roland-mikler\/\" \/>\n<meta property=\"og:locale\" content=\"es_ES\" \/>\n<meta property=\"og:type\" content=\"article\" \/>\n<meta property=\"og:title\" content=\"El Pick Szeged renueva el contrato de Roland Mikler - Derosca\" \/>\n<meta property=\"og:description\" content=\"El portero Roland Mikler demostr\u00f3 recientemente su calidad en los Playoffs de la Liga de Campeones contra el Industria Kielce. Ahora es oficial, el jugador de 41 a\u00f1os ha renovado su contrato con el Pick Szeged. Roland Mikler afrontar\u00e1 su duod\u00e9cima temporada con el Pick Szeged. El portero de 41 a\u00f1os ha prorrogado su contrato [&hellip;]\" \/>\n<meta property=\"og:url\" content=\"https:\/\/www.cope.es\/blogs\/derosca\/2026\/04\/28\/el-pick-szeged-renueva-el-contrato-de-roland-mikler\/\" \/>\n<meta property=\"og:site_name\" content=\"Derosca\" \/>\n<meta property=\"article:publisher\" content=\"https:\/\/www.facebook.com\/cope\/\" \/>\n<meta property=\"article:published_time\" content=\"2026-04-28T07:01:06+00:00\" \/>\n<meta property=\"og:image\" content=\"http:\/\/www.cope.es\/blogs\/derosca\/wp-content\/uploads\/sites\/22\/2026\/04\/Roland_Mikler_01.jpg\" \/>\n\t<meta property=\"og:image:width\" content=\"680\" \/>\n\t<meta property=\"og:image:height\" content=\"579\" \/>\n\t<meta property=\"og:image:type\" content=\"image\/jpeg\" \/>\n<meta name=\"author\" content=\"Luis Malvar\" \/>\n<meta name=\"twitter:card\" content=\"summary_large_image\" \/>\n<meta name=\"twitter:creator\" content=\"@cope_es\" \/>\n<meta name=\"twitter:site\" content=\"@cope_es\" \/>\n<meta name=\"twitter:label1\" content=\"Escrito por\" \/>\n\t<meta name=\"twitter:data1\" content=\"Luis Malvar\" \/>\n\t<meta name=\"twitter:label2\" content=\"Tiempo de lectura\" \/>\n\t<meta name=\"twitter:data2\" content=\"2 minutos\" \/>\n<script type=\"application\/ld+json\" class=\"yoast-schema-graph\">{\"@context\":\"https:\\\/\\\/schema.org\",\"@graph\":[{\"@type\":\"Article\",\"@id\":\"https:\\\/\\\/www.cope.es\\\/blogs\\\/derosca\\\/2026\\\/04\\\/28\\\/el-pick-szeged-renueva-el-contrato-de-roland-mikler\\\/#article\",\"isPartOf\":{\"@id\":\"https:\\\/\\\/www.cope.es\\\/blogs\\\/derosca\\\/2026\\\/04\\\/28\\\/el-pick-szeged-renueva-el-contrato-de-roland-mikler\\\/\"},\"author\":{\"name\":\"Luis Malvar\",\"@id\":\"https:\\\/\\\/www.cope.es\\\/blogs\\\/derosca\\\/#\\\/schema\\\/person\\\/02d6fa6fa8d8db60f83303875a4ff77f\"},\"headline\":\"El Pick Szeged renueva el contrato de Roland Mikler\",\"datePublished\":\"2026-04-28T07:01:06+00:00\",\"mainEntityOfPage\":{\"@id\":\"https:\\\/\\\/www.cope.es\\\/blogs\\\/derosca\\\/2026\\\/04\\\/28\\\/el-pick-szeged-renueva-el-contrato-de-roland-mikler\\\/\"},\"wordCount\":298,\"commentCount\":0,\"image\":{\"@id\":\"https:\\\/\\\/www.cope.es\\\/blogs\\\/derosca\\\/2026\\\/04\\\/28\\\/el-pick-szeged-renueva-el-contrato-de-roland-mikler\\\/#primaryimage\"},\"thumbnailUrl\":\"https:\\\/\\\/www.cope.es\\\/blogs\\\/derosca\\\/wp-content\\\/uploads\\\/sites\\\/22\\\/2026\\\/04\\\/Roland_Mikler_01.jpg\",\"articleSection\":[\"Balonmano\"],\"inLanguage\":\"es\",\"potentialAction\":[{\"@type\":\"CommentAction\",\"name\":\"Comment\",\"target\":[\"https:\\\/\\\/www.cope.es\\\/blogs\\\/derosca\\\/2026\\\/04\\\/28\\\/el-pick-szeged-renueva-el-contrato-de-roland-mikler\\\/#respond\"]}]},{\"@type\":\"WebPage\",\"@id\":\"https:\\\/\\\/www.cope.es\\\/blogs\\\/derosca\\\/2026\\\/04\\\/28\\\/el-pick-szeged-renueva-el-contrato-de-roland-mikler\\\/\",\"url\":\"https:\\\/\\\/www.cope.es\\\/blogs\\\/derosca\\\/2026\\\/04\\\/28\\\/el-pick-szeged-renueva-el-contrato-de-roland-mikler\\\/\",\"name\":\"El Pick Szeged renueva el contrato de Roland Mikler - Derosca\",\"isPartOf\":{\"@id\":\"https:\\\/\\\/www.cope.es\\\/blogs\\\/derosca\\\/#website\"},\"primaryImageOfPage\":{\"@id\":\"https:\\\/\\\/www.cope.es\\\/blogs\\\/derosca\\\/2026\\\/04\\\/28\\\/el-pick-szeged-renueva-el-contrato-de-roland-mikler\\\/#primaryimage\"},\"image\":{\"@id\":\"https:\\\/\\\/www.cope.es\\\/blogs\\\/derosca\\\/2026\\\/04\\\/28\\\/el-pick-szeged-renueva-el-contrato-de-roland-mikler\\\/#primaryimage\"},\"thumbnailUrl\":\"https:\\\/\\\/www.cope.es\\\/blogs\\\/derosca\\\/wp-content\\\/uploads\\\/sites\\\/22\\\/2026\\\/04\\\/Roland_Mikler_01.jpg\",\"datePublished\":\"2026-04-28T07:01:06+00:00\",\"author\":{\"@id\":\"https:\\\/\\\/www.cope.es\\\/blogs\\\/derosca\\\/#\\\/schema\\\/person\\\/02d6fa6fa8d8db60f83303875a4ff77f\"},\"breadcrumb\":{\"@id\":\"https:\\\/\\\/www.cope.es\\\/blogs\\\/derosca\\\/2026\\\/04\\\/28\\\/el-pick-szeged-renueva-el-contrato-de-roland-mikler\\\/#breadcrumb\"},\"inLanguage\":\"es\",\"potentialAction\":[{\"@type\":\"ReadAction\",\"target\":[\"https:\\\/\\\/www.cope.es\\\/blogs\\\/derosca\\\/2026\\\/04\\\/28\\\/el-pick-szeged-renueva-el-contrato-de-roland-mikler\\\/\"]}]},{\"@type\":\"ImageObject\",\"inLanguage\":\"es\",\"@id\":\"https:\\\/\\\/www.cope.es\\\/blogs\\\/derosca\\\/2026\\\/04\\\/28\\\/el-pick-szeged-renueva-el-contrato-de-roland-mikler\\\/#primaryimage\",\"url\":\"https:\\\/\\\/www.cope.es\\\/blogs\\\/derosca\\\/wp-content\\\/uploads\\\/sites\\\/22\\\/2026\\\/04\\\/Roland_Mikler_01.jpg\",\"contentUrl\":\"https:\\\/\\\/www.cope.es\\\/blogs\\\/derosca\\\/wp-content\\\/uploads\\\/sites\\\/22\\\/2026\\\/04\\\/Roland_Mikler_01.jpg\",\"width\":680,\"height\":579,\"caption\":\"El Pick Szeged renueva el contrato de Roland Mikler\"},{\"@type\":\"BreadcrumbList\",\"@id\":\"https:\\\/\\\/www.cope.es\\\/blogs\\\/derosca\\\/2026\\\/04\\\/28\\\/el-pick-szeged-renueva-el-contrato-de-roland-mikler\\\/#breadcrumb\",\"itemListElement\":[{\"@type\":\"ListItem\",\"position\":1,\"name\":\"Portada\",\"item\":\"https:\\\/\\\/www.cope.es\\\/blogs\\\/derosca\\\/\"},{\"@type\":\"ListItem\",\"position\":2,\"name\":\"El Pick Szeged renueva el contrato de Roland Mikler\"}]},{\"@type\":\"WebSite\",\"@id\":\"https:\\\/\\\/www.cope.es\\\/blogs\\\/derosca\\\/#website\",\"url\":\"https:\\\/\\\/www.cope.es\\\/blogs\\\/derosca\\\/\",\"name\":\"Derosca\",\"description\":\"Blog de balonmano COPE\",\"potentialAction\":[{\"@type\":\"SearchAction\",\"target\":{\"@type\":\"EntryPoint\",\"urlTemplate\":\"https:\\\/\\\/www.cope.es\\\/blogs\\\/derosca\\\/?s={search_term_string}\"},\"query-input\":{\"@type\":\"PropertyValueSpecification\",\"valueRequired\":true,\"valueName\":\"search_term_string\"}}],\"inLanguage\":\"es\"},{\"@type\":\"Person\",\"@id\":\"https:\\\/\\\/www.cope.es\\\/blogs\\\/derosca\\\/#\\\/schema\\\/person\\\/02d6fa6fa8d8db60f83303875a4ff77f\",\"name\":\"Luis Malvar\",\"image\":{\"@type\":\"ImageObject\",\"inLanguage\":\"es\",\"@id\":\"https:\\\/\\\/secure.gravatar.com\\\/avatar\\\/23cd47dec2904689b3ccd32d1dd3e86c7cbf60dcf7376c68854f761a4939534f?s=96&d=mm&r=g\",\"url\":\"https:\\\/\\\/secure.gravatar.com\\\/avatar\\\/23cd47dec2904689b3ccd32d1dd3e86c7cbf60dcf7376c68854f761a4939534f?s=96&d=mm&r=g\",\"contentUrl\":\"https:\\\/\\\/secure.gravatar.com\\\/avatar\\\/23cd47dec2904689b3ccd32d1dd3e86c7cbf60dcf7376c68854f761a4939534f?s=96&d=mm&r=g\",\"caption\":\"Luis Malvar\"},\"description\":\"Comenc\u00e9 la andadura del Blog Derosca all\u00e1 por el 22 de Mayo de 2008. Un blog en el que se trata de llevar a los numerosos aficionados y amantes del mundo del balonmano toda la actualidad de nuestro apasionante deporte. Una ventana que sirve para dar luz a las innumerables noticias que genera el balonmano y que habitualmente no tienen reflejo en los medios de comunicaci\u00f3n. Sin lugar a dudas el Blog Derosca cuenta con un apartado que tiene a gala contar con miles de seguidores como es \u201cMis Pajaritos\u201d en donde se relatan y narran todas las intrahistorias que se generan en el balonmano espa\u00f1ol y que incomoda a m\u00e1s de uno que salgan a la luz.!Gracias por seguirnos durante todos estos a\u00f1os\u00a1\",\"sameAs\":[\"http:\\\/\\\/www.cope.es\",\"lmalvar\"],\"url\":\"https:\\\/\\\/www.cope.es\\\/blogs\\\/derosca\\\/author\\\/lmalvar\\\/\"}]}<\/script>\n<!-- \/ Yoast SEO plugin. -->","yoast_head_json":{"title":"El Pick Szeged renueva el contrato de Roland Mikler - Derosca","robots":{"index":"index","follow":"follow","max-snippet":"max-snippet:-1","max-image-preview":"max-image-preview:large","max-video-preview":"max-video-preview:-1"},"canonical":"https:\/\/www.cope.es\/blogs\/derosca\/2026\/04\/28\/el-pick-szeged-renueva-el-contrato-de-roland-mikler\/","og_locale":"es_ES","og_type":"article","og_title":"El Pick Szeged renueva el contrato de Roland Mikler - Derosca","og_description":"El portero Roland Mikler demostr\u00f3 recientemente su calidad en los Playoffs de la Liga de Campeones contra el Industria Kielce. Ahora es oficial, el jugador de 41 a\u00f1os ha renovado su contrato con el Pick Szeged. Roland Mikler afrontar\u00e1 su duod\u00e9cima temporada con el Pick Szeged. El portero de 41 a\u00f1os ha prorrogado su contrato [&hellip;]","og_url":"https:\/\/www.cope.es\/blogs\/derosca\/2026\/04\/28\/el-pick-szeged-renueva-el-contrato-de-roland-mikler\/","og_site_name":"Derosca","article_publisher":"https:\/\/www.facebook.com\/cope\/","article_published_time":"2026-04-28T07:01:06+00:00","og_image":[{"width":680,"height":579,"url":"http:\/\/www.cope.es\/blogs\/derosca\/wp-content\/uploads\/sites\/22\/2026\/04\/Roland_Mikler_01.jpg","type":"image\/jpeg"}],"author":"Luis Malvar","twitter_card":"summary_large_image","twitter_creator":"@cope_es","twitter_site":"@cope_es","twitter_misc":{"Escrito por":"Luis Malvar","Tiempo de lectura":"2 minutos"},"schema":{"@context":"https:\/\/schema.org","@graph":[{"@type":"Article","@id":"https:\/\/www.cope.es\/blogs\/derosca\/2026\/04\/28\/el-pick-szeged-renueva-el-contrato-de-roland-mikler\/#article","isPartOf":{"@id":"https:\/\/www.cope.es\/blogs\/derosca\/2026\/04\/28\/el-pick-szeged-renueva-el-contrato-de-roland-mikler\/"},"author":{"name":"Luis Malvar","@id":"https:\/\/www.cope.es\/blogs\/derosca\/#\/schema\/person\/02d6fa6fa8d8db60f83303875a4ff77f"},"headline":"El Pick Szeged renueva el contrato de Roland Mikler","datePublished":"2026-04-28T07:01:06+00:00","mainEntityOfPage":{"@id":"https:\/\/www.cope.es\/blogs\/derosca\/2026\/04\/28\/el-pick-szeged-renueva-el-contrato-de-roland-mikler\/"},"wordCount":298,"commentCount":0,"image":{"@id":"https:\/\/www.cope.es\/blogs\/derosca\/2026\/04\/28\/el-pick-szeged-renueva-el-contrato-de-roland-mikler\/#primaryimage"},"thumbnailUrl":"https:\/\/www.cope.es\/blogs\/derosca\/wp-content\/uploads\/sites\/22\/2026\/04\/Roland_Mikler_01.jpg","articleSection":["Balonmano"],"inLanguage":"es","potentialAction":[{"@type":"CommentAction","name":"Comment","target":["https:\/\/www.cope.es\/blogs\/derosca\/2026\/04\/28\/el-pick-szeged-renueva-el-contrato-de-roland-mikler\/#respond"]}]},{"@type":"WebPage","@id":"https:\/\/www.cope.es\/blogs\/derosca\/2026\/04\/28\/el-pick-szeged-renueva-el-contrato-de-roland-mikler\/","url":"https:\/\/www.cope.es\/blogs\/derosca\/2026\/04\/28\/el-pick-szeged-renueva-el-contrato-de-roland-mikler\/","name":"El Pick Szeged renueva el contrato de Roland Mikler - Derosca","isPartOf":{"@id":"https:\/\/www.cope.es\/blogs\/derosca\/#website"},"primaryImageOfPage":{"@id":"https:\/\/www.cope.es\/blogs\/derosca\/2026\/04\/28\/el-pick-szeged-renueva-el-contrato-de-roland-mikler\/#primaryimage"},"image":{"@id":"https:\/\/www.cope.es\/blogs\/derosca\/2026\/04\/28\/el-pick-szeged-renueva-el-contrato-de-roland-mikler\/#primaryimage"},"thumbnailUrl":"https:\/\/www.cope.es\/blogs\/derosca\/wp-content\/uploads\/sites\/22\/2026\/04\/Roland_Mikler_01.jpg","datePublished":"2026-04-28T07:01:06+00:00","author":{"@id":"https:\/\/www.cope.es\/blogs\/derosca\/#\/schema\/person\/02d6fa6fa8d8db60f83303875a4ff77f"},"breadcrumb":{"@id":"https:\/\/www.cope.es\/blogs\/derosca\/2026\/04\/28\/el-pick-szeged-renueva-el-contrato-de-roland-mikler\/#breadcrumb"},"inLanguage":"es","potentialAction":[{"@type":"ReadAction","target":["https:\/\/www.cope.es\/blogs\/derosca\/2026\/04\/28\/el-pick-szeged-renueva-el-contrato-de-roland-mikler\/"]}]},{"@type":"ImageObject","inLanguage":"es","@id":"https:\/\/www.cope.es\/blogs\/derosca\/2026\/04\/28\/el-pick-szeged-renueva-el-contrato-de-roland-mikler\/#primaryimage","url":"https:\/\/www.cope.es\/blogs\/derosca\/wp-content\/uploads\/sites\/22\/2026\/04\/Roland_Mikler_01.jpg","contentUrl":"https:\/\/www.cope.es\/blogs\/derosca\/wp-content\/uploads\/sites\/22\/2026\/04\/Roland_Mikler_01.jpg","width":680,"height":579,"caption":"El Pick Szeged renueva el contrato de Roland Mikler"},{"@type":"BreadcrumbList","@id":"https:\/\/www.cope.es\/blogs\/derosca\/2026\/04\/28\/el-pick-szeged-renueva-el-contrato-de-roland-mikler\/#breadcrumb","itemListElement":[{"@type":"ListItem","position":1,"name":"Portada","item":"https:\/\/www.cope.es\/blogs\/derosca\/"},{"@type":"ListItem","position":2,"name":"El Pick Szeged renueva el contrato de Roland Mikler"}]},{"@type":"WebSite","@id":"https:\/\/www.cope.es\/blogs\/derosca\/#website","url":"https:\/\/www.cope.es\/blogs\/derosca\/","name":"Derosca","description":"Blog de balonmano COPE","potentialAction":[{"@type":"SearchAction","target":{"@type":"EntryPoint","urlTemplate":"https:\/\/www.cope.es\/blogs\/derosca\/?s={search_term_string}"},"query-input":{"@type":"PropertyValueSpecification","valueRequired":true,"valueName":"search_term_string"}}],"inLanguage":"es"},{"@type":"Person","@id":"https:\/\/www.cope.es\/blogs\/derosca\/#\/schema\/person\/02d6fa6fa8d8db60f83303875a4ff77f","name":"Luis Malvar","image":{"@type":"ImageObject","inLanguage":"es","@id":"https:\/\/secure.gravatar.com\/avatar\/23cd47dec2904689b3ccd32d1dd3e86c7cbf60dcf7376c68854f761a4939534f?s=96&d=mm&r=g","url":"https:\/\/secure.gravatar.com\/avatar\/23cd47dec2904689b3ccd32d1dd3e86c7cbf60dcf7376c68854f761a4939534f?s=96&d=mm&r=g","contentUrl":"https:\/\/secure.gravatar.com\/avatar\/23cd47dec2904689b3ccd32d1dd3e86c7cbf60dcf7376c68854f761a4939534f?s=96&d=mm&r=g","caption":"Luis Malvar"},"description":"Comenc\u00e9 la andadura del Blog Derosca all\u00e1 por el 22 de Mayo de 2008. Un blog en el que se trata de llevar a los numerosos aficionados y amantes del mundo del balonmano toda la actualidad de nuestro apasionante deporte. Una ventana que sirve para dar luz a las innumerables noticias que genera el balonmano y que habitualmente no tienen reflejo en los medios de comunicaci\u00f3n. Sin lugar a dudas el Blog Derosca cuenta con un apartado que tiene a gala contar con miles de seguidores como es \u201cMis Pajaritos\u201d en donde se relatan y narran todas las intrahistorias que se generan en el balonmano espa\u00f1ol y que incomoda a m\u00e1s de uno que salgan a la luz.!Gracias por seguirnos durante todos estos a\u00f1os\u00a1","sameAs":["http:\/\/www.cope.es","lmalvar"],"url":"https:\/\/www.cope.es\/blogs\/derosca\/author\/lmalvar\/"}]}},"amp_enabled":true,"_links":{"self":[{"href":"https:\/\/www.cope.es\/blogs\/derosca\/wp-json\/wp\/v2\/posts\/5040","targetHints":{"allow":["GET"]}}],"collection":[{"href":"https:\/\/www.cope.es\/blogs\/derosca\/wp-json\/wp\/v2\/posts"}],"about":[{"href":"https:\/\/www.cope.es\/blogs\/derosca\/wp-json\/wp\/v2\/types\/post"}],"author":[{"embeddable":true,"href":"https:\/\/www.cope.es\/blogs\/derosca\/wp-json\/wp\/v2\/users\/23"}],"replies":[{"embeddable":true,"href":"https:\/\/www.cope.es\/blogs\/derosca\/wp-json\/wp\/v2\/comments?post=5040"}],"version-history":[{"count":1,"href":"https:\/\/www.cope.es\/blogs\/derosca\/wp-json\/wp\/v2\/posts\/5040\/revisions"}],"predecessor-version":[{"id":5042,"href":"https:\/\/www.cope.es\/blogs\/derosca\/wp-json\/wp\/v2\/posts\/5040\/revisions\/5042"}],"wp:featuredmedia":[{"embeddable":true,"href":"https:\/\/www.cope.es\/blogs\/derosca\/wp-json\/wp\/v2\/media\/5041"}],"wp:attachment":[{"href":"https:\/\/www.cope.es\/blogs\/derosca\/wp-json\/wp\/v2\/media?parent=5040"}],"wp:term":[{"taxonomy":"category","embeddable":true,"href":"https:\/\/www.cope.es\/blogs\/derosca\/wp-json\/wp\/v2\/categories?post=5040"},{"taxonomy":"post_tag","embeddable":true,"href":"https:\/\/www.cope.es\/blogs\/derosca\/wp-json\/wp\/v2\/tags?post=5040"}],"curies":[{"name":"wp","href":"https:\/\/api.w.org\/{rel}","templated":true}]}}