{"id":504,"date":"2019-01-19T10:21:29","date_gmt":"2019-01-19T09:21:29","guid":{"rendered":"http:\/\/www.cope.es\/blogs\/derosca\/?p=504"},"modified":"2019-01-19T10:21:29","modified_gmt":"2019-01-19T09:21:29","slug":"rien-ne-va-plus-no-va-mas-espana-francia-llega-sterbik-y-todo-a-una-carta","status":"publish","type":"post","link":"https:\/\/www.cope.es\/blogs\/derosca\/2019\/01\/19\/rien-ne-va-plus-no-va-mas-espana-francia-llega-sterbik-y-todo-a-una-carta\/","title":{"rendered":"Rien ne va plus (No va m\u00e1s).Espa\u00f1a &#8211; Francia. Llega Sterbik y todo a una carta"},"content":{"rendered":"<p>Esta tarde la Selecci\u00f3n Espa\u00f1ola tiene su primer Match Ball en el Mundial 2019 en el Lanxess Arena de Colonia frente a la todopoderosa Francia a partir de las 18,00 horas. Ya no se puede fallar si se quiere estar en Semifinales.<\/p>\n<p>Los jugadores de la Selecci\u00f3n Espa\u00f1ola y Jordi Ribera han hablado tras el mal partido frente a Croacia, todo el mundo es consciente que nos e hizo un buen partido adem\u00e1s de que algunas circunstancias no ayudaron en nada. Lo que si tienen muy claro todos es que todav\u00eda quedan todas las oportunidades del mundo para seguir adelante y las quieren aprovechar. El equipo ha demostrado en otras ocasiones que tiene capacidad de responder y ma\u00f1ana esperan hacer un buen partido ante Francia.<\/p>\n<p>A Jordi Ribera lo que m\u00e1s le preocupa del partido ante Francia es empezar bien el partido, enfrente tendr\u00e1 un equipo muy duro que va a correr y defender muy bien, ser\u00e1 importante no perder la paciencia en el juego de ataque, jugar con tranquilidad y sin precipitarse. Ser\u00e1 un partido intenso desde el primer minuto. Para Ribera Francia no es s\u00f3lo Nikola Karabatic, una promoci\u00f3n de jugadores con un nivel muy alto y es equipo muy competitivo.<\/p>\n<p>Tambi\u00e9n el t\u00e9cnico espa\u00f1ol, al preguntarle por la lesi\u00f3n de Rodrigo Corrales en el entrenamiento, nos comentaba que desde que han llegado a Colonia las cosas no les han ido nada bien, en el hotel no estaban las habitaciones, est\u00e1n comiendo los seis equipos en un espacio muy reducido y luego en el entrenamiento ha pasado el incidente de la ca\u00edda de los leeds de publicidad a Corrales y Aitor Ari\u00f1o.<\/p>\n<p>Tras el accidente de ayer Jordi Ribera ha decidido realizar dos cambios en la Selecci\u00f3n Espa\u00f1ola en esta Fase Principal que hoy comienza en Colonia. Ante Francia ya estar\u00e1n esta misma tarde en la pista Arpad Sterbik que sustituye a Rodrigo Corrales y Iosu Go\u00f1i que reemplaza a Dani Dujshebaev<\/p>\n<p>Recordemos que Corrales anoche fue a un hospital de Colonia en el que fue sometido a una resonancia magn\u00e9tica para conocer el estado de su pierna izquierda. Tras el diagn\u00f3stico a \u00faltima hora de la noche el m\u00e9dico de Espa\u00f1a emit\u00eda el siguiente diagn\u00f3stico: \u201c<em>Rodrigo sufre un hematoma en la regi\u00f3n externa de su rodilla izquierda, acompa\u00f1ado de lesiones en las partes blandas de dicha pierna<\/em>\u201c.<\/p>\n<p>Sobre las 11,10 de la ma\u00f1ana aterriza Arpad Sterbik, nuestro gordito favorito, en Colonia con su\u00a0 bolsa de deporte para ayudar a Espa\u00f1a n un momento muy complicado y comprometido. Ojal\u00e1 suceda la mismo que ocurri\u00f3 en el pasado Europeo de Croacia 2018. \u00bfSer\u00e1 Sterbik el talism\u00e1n de Espa\u00f1a? lo veremos.<\/p>\n<p>Ahora Espa\u00f1a ya no tiene margen de error y con s\u00f3lo dos puntos en la Main Round los Hispanos tienen que ganar todo para estar presentes en las Semifinales de Hamburgo. El primer miura que tienen que lidiar los nuestros ser\u00e1 esta tarde, a partir de las 18,00 horas, ante Francia y dirigido por los colegiados noruegos Jorum y Kleven.<\/p>\n<p>Seguirnos en twitter:\u00a0<a href=\"https:\/\/twitter.com\/\"><strong>https:\/\/twitter.com\/#!\/deroscacope<\/strong><\/a><\/p>\n","protected":false},"excerpt":{"rendered":"<p>Esta tarde la Selecci\u00f3n Espa\u00f1ola tiene su primer Match Ball en el Mundial 2019 en el Lanxess Arena de Colonia frente a la todopoderosa Francia a partir de las 18,00 horas. Ya no se puede fallar si se quiere estar en Semifinales. Los jugadores de la Selecci\u00f3n Espa\u00f1ola y Jordi Ribera han hablado tras el [&hellip;]<\/p>\n","protected":false},"author":23,"featured_media":505,"comment_status":"open","ping_status":"open","sticky":false,"template":"","format":"standard","meta":{"footnotes":""},"categories":[3],"tags":[],"class_list":["post-504","post","type-post","status-publish","format-standard","has-post-thumbnail","hentry","category-balonmano"],"yoast_head":"<!-- This site is optimized with the Yoast SEO plugin v27.4 - https:\/\/yoast.com\/product\/yoast-seo-wordpress\/ -->\n<title>Rien ne va plus (No va m\u00e1s).Espa\u00f1a - Francia. Llega Sterbik y todo a una carta - Derosca<\/title>\n<meta name=\"robots\" content=\"index, follow, max-snippet:-1, max-image-preview:large, max-video-preview:-1\" \/>\n<link rel=\"canonical\" href=\"https:\/\/www.cope.es\/blogs\/derosca\/2019\/01\/19\/rien-ne-va-plus-no-va-mas-espana-francia-llega-sterbik-y-todo-a-una-carta\/\" \/>\n<meta property=\"og:locale\" content=\"es_ES\" \/>\n<meta property=\"og:type\" content=\"article\" \/>\n<meta property=\"og:title\" content=\"Rien ne va plus (No va m\u00e1s).Espa\u00f1a - Francia. Llega Sterbik y todo a una carta - Derosca\" \/>\n<meta property=\"og:description\" content=\"Esta tarde la Selecci\u00f3n Espa\u00f1ola tiene su primer Match Ball en el Mundial 2019 en el Lanxess Arena de Colonia frente a la todopoderosa Francia a partir de las 18,00 horas. Ya no se puede fallar si se quiere estar en Semifinales. Los jugadores de la Selecci\u00f3n Espa\u00f1ola y Jordi Ribera han hablado tras el [&hellip;]\" \/>\n<meta property=\"og:url\" content=\"https:\/\/www.cope.es\/blogs\/derosca\/2019\/01\/19\/rien-ne-va-plus-no-va-mas-espana-francia-llega-sterbik-y-todo-a-una-carta\/\" \/>\n<meta property=\"og:site_name\" content=\"Derosca\" \/>\n<meta property=\"article:publisher\" content=\"https:\/\/www.facebook.com\/cope\/\" \/>\n<meta property=\"article:published_time\" content=\"2019-01-19T09:21:29+00:00\" \/>\n<meta property=\"og:image\" content=\"https:\/\/www.cope.es\/blogs\/derosca\/wp-content\/uploads\/sites\/22\/2019\/01\/1517177424448.jpg\" \/>\n\t<meta property=\"og:image:width\" content=\"800\" \/>\n\t<meta property=\"og:image:height\" content=\"643\" \/>\n\t<meta property=\"og:image:type\" content=\"image\/jpeg\" \/>\n<meta name=\"author\" content=\"Luis Malvar\" \/>\n<meta name=\"twitter:card\" content=\"summary_large_image\" \/>\n<meta name=\"twitter:creator\" content=\"@cope_es\" \/>\n<meta name=\"twitter:site\" content=\"@cope_es\" \/>\n<meta name=\"twitter:label1\" content=\"Escrito por\" \/>\n\t<meta name=\"twitter:data1\" content=\"Luis Malvar\" \/>\n\t<meta name=\"twitter:label2\" content=\"Tiempo de lectura\" \/>\n\t<meta name=\"twitter:data2\" content=\"3 minutos\" \/>\n<script type=\"application\/ld+json\" class=\"yoast-schema-graph\">{\"@context\":\"https:\\\/\\\/schema.org\",\"@graph\":[{\"@type\":\"Article\",\"@id\":\"https:\\\/\\\/www.cope.es\\\/blogs\\\/derosca\\\/2019\\\/01\\\/19\\\/rien-ne-va-plus-no-va-mas-espana-francia-llega-sterbik-y-todo-a-una-carta\\\/#article\",\"isPartOf\":{\"@id\":\"https:\\\/\\\/www.cope.es\\\/blogs\\\/derosca\\\/2019\\\/01\\\/19\\\/rien-ne-va-plus-no-va-mas-espana-francia-llega-sterbik-y-todo-a-una-carta\\\/\"},\"author\":{\"name\":\"Luis Malvar\",\"@id\":\"https:\\\/\\\/www.cope.es\\\/blogs\\\/derosca\\\/#\\\/schema\\\/person\\\/02d6fa6fa8d8db60f83303875a4ff77f\"},\"headline\":\"Rien ne va plus (No va m\u00e1s).Espa\u00f1a &#8211; Francia. Llega Sterbik y todo a una carta\",\"datePublished\":\"2019-01-19T09:21:29+00:00\",\"mainEntityOfPage\":{\"@id\":\"https:\\\/\\\/www.cope.es\\\/blogs\\\/derosca\\\/2019\\\/01\\\/19\\\/rien-ne-va-plus-no-va-mas-espana-francia-llega-sterbik-y-todo-a-una-carta\\\/\"},\"wordCount\":557,\"commentCount\":0,\"image\":{\"@id\":\"https:\\\/\\\/www.cope.es\\\/blogs\\\/derosca\\\/2019\\\/01\\\/19\\\/rien-ne-va-plus-no-va-mas-espana-francia-llega-sterbik-y-todo-a-una-carta\\\/#primaryimage\"},\"thumbnailUrl\":\"https:\\\/\\\/www.cope.es\\\/blogs\\\/derosca\\\/wp-content\\\/uploads\\\/sites\\\/22\\\/2019\\\/01\\\/1517177424448.jpg\",\"articleSection\":[\"Balonmano\"],\"inLanguage\":\"es\",\"potentialAction\":[{\"@type\":\"CommentAction\",\"name\":\"Comment\",\"target\":[\"https:\\\/\\\/www.cope.es\\\/blogs\\\/derosca\\\/2019\\\/01\\\/19\\\/rien-ne-va-plus-no-va-mas-espana-francia-llega-sterbik-y-todo-a-una-carta\\\/#respond\"]}]},{\"@type\":\"WebPage\",\"@id\":\"https:\\\/\\\/www.cope.es\\\/blogs\\\/derosca\\\/2019\\\/01\\\/19\\\/rien-ne-va-plus-no-va-mas-espana-francia-llega-sterbik-y-todo-a-una-carta\\\/\",\"url\":\"https:\\\/\\\/www.cope.es\\\/blogs\\\/derosca\\\/2019\\\/01\\\/19\\\/rien-ne-va-plus-no-va-mas-espana-francia-llega-sterbik-y-todo-a-una-carta\\\/\",\"name\":\"Rien ne va plus (No va m\u00e1s).Espa\u00f1a - Francia. Llega Sterbik y todo a una carta - Derosca\",\"isPartOf\":{\"@id\":\"https:\\\/\\\/www.cope.es\\\/blogs\\\/derosca\\\/#website\"},\"primaryImageOfPage\":{\"@id\":\"https:\\\/\\\/www.cope.es\\\/blogs\\\/derosca\\\/2019\\\/01\\\/19\\\/rien-ne-va-plus-no-va-mas-espana-francia-llega-sterbik-y-todo-a-una-carta\\\/#primaryimage\"},\"image\":{\"@id\":\"https:\\\/\\\/www.cope.es\\\/blogs\\\/derosca\\\/2019\\\/01\\\/19\\\/rien-ne-va-plus-no-va-mas-espana-francia-llega-sterbik-y-todo-a-una-carta\\\/#primaryimage\"},\"thumbnailUrl\":\"https:\\\/\\\/www.cope.es\\\/blogs\\\/derosca\\\/wp-content\\\/uploads\\\/sites\\\/22\\\/2019\\\/01\\\/1517177424448.jpg\",\"datePublished\":\"2019-01-19T09:21:29+00:00\",\"author\":{\"@id\":\"https:\\\/\\\/www.cope.es\\\/blogs\\\/derosca\\\/#\\\/schema\\\/person\\\/02d6fa6fa8d8db60f83303875a4ff77f\"},\"breadcrumb\":{\"@id\":\"https:\\\/\\\/www.cope.es\\\/blogs\\\/derosca\\\/2019\\\/01\\\/19\\\/rien-ne-va-plus-no-va-mas-espana-francia-llega-sterbik-y-todo-a-una-carta\\\/#breadcrumb\"},\"inLanguage\":\"es\",\"potentialAction\":[{\"@type\":\"ReadAction\",\"target\":[\"https:\\\/\\\/www.cope.es\\\/blogs\\\/derosca\\\/2019\\\/01\\\/19\\\/rien-ne-va-plus-no-va-mas-espana-francia-llega-sterbik-y-todo-a-una-carta\\\/\"]}]},{\"@type\":\"ImageObject\",\"inLanguage\":\"es\",\"@id\":\"https:\\\/\\\/www.cope.es\\\/blogs\\\/derosca\\\/2019\\\/01\\\/19\\\/rien-ne-va-plus-no-va-mas-espana-francia-llega-sterbik-y-todo-a-una-carta\\\/#primaryimage\",\"url\":\"https:\\\/\\\/www.cope.es\\\/blogs\\\/derosca\\\/wp-content\\\/uploads\\\/sites\\\/22\\\/2019\\\/01\\\/1517177424448.jpg\",\"contentUrl\":\"https:\\\/\\\/www.cope.es\\\/blogs\\\/derosca\\\/wp-content\\\/uploads\\\/sites\\\/22\\\/2019\\\/01\\\/1517177424448.jpg\",\"width\":800,\"height\":643,\"caption\":\"Zagreb Croatia 28 01 2018 - Spain s goalkeeper Arpad Sterbik celebrates after winning the EHF European Men s Handball Championship 2018 final match between Spain and Sweden in Zagreb Croatia 28 January 2018 Croacia Espana Balonmano Suecia EFE EPA GEORGI LICOVSKI\"},{\"@type\":\"BreadcrumbList\",\"@id\":\"https:\\\/\\\/www.cope.es\\\/blogs\\\/derosca\\\/2019\\\/01\\\/19\\\/rien-ne-va-plus-no-va-mas-espana-francia-llega-sterbik-y-todo-a-una-carta\\\/#breadcrumb\",\"itemListElement\":[{\"@type\":\"ListItem\",\"position\":1,\"name\":\"Portada\",\"item\":\"https:\\\/\\\/www.cope.es\\\/blogs\\\/derosca\\\/\"},{\"@type\":\"ListItem\",\"position\":2,\"name\":\"Rien ne va plus (No va m\u00e1s).Espa\u00f1a &#8211; Francia. Llega Sterbik y todo a una carta\"}]},{\"@type\":\"WebSite\",\"@id\":\"https:\\\/\\\/www.cope.es\\\/blogs\\\/derosca\\\/#website\",\"url\":\"https:\\\/\\\/www.cope.es\\\/blogs\\\/derosca\\\/\",\"name\":\"Derosca\",\"description\":\"Blog de balonmano COPE\",\"potentialAction\":[{\"@type\":\"SearchAction\",\"target\":{\"@type\":\"EntryPoint\",\"urlTemplate\":\"https:\\\/\\\/www.cope.es\\\/blogs\\\/derosca\\\/?s={search_term_string}\"},\"query-input\":{\"@type\":\"PropertyValueSpecification\",\"valueRequired\":true,\"valueName\":\"search_term_string\"}}],\"inLanguage\":\"es\"},{\"@type\":\"Person\",\"@id\":\"https:\\\/\\\/www.cope.es\\\/blogs\\\/derosca\\\/#\\\/schema\\\/person\\\/02d6fa6fa8d8db60f83303875a4ff77f\",\"name\":\"Luis Malvar\",\"image\":{\"@type\":\"ImageObject\",\"inLanguage\":\"es\",\"@id\":\"https:\\\/\\\/secure.gravatar.com\\\/avatar\\\/23cd47dec2904689b3ccd32d1dd3e86c7cbf60dcf7376c68854f761a4939534f?s=96&d=mm&r=g\",\"url\":\"https:\\\/\\\/secure.gravatar.com\\\/avatar\\\/23cd47dec2904689b3ccd32d1dd3e86c7cbf60dcf7376c68854f761a4939534f?s=96&d=mm&r=g\",\"contentUrl\":\"https:\\\/\\\/secure.gravatar.com\\\/avatar\\\/23cd47dec2904689b3ccd32d1dd3e86c7cbf60dcf7376c68854f761a4939534f?s=96&d=mm&r=g\",\"caption\":\"Luis Malvar\"},\"description\":\"Comenc\u00e9 la andadura del Blog Derosca all\u00e1 por el 22 de Mayo de 2008. Un blog en el que se trata de llevar a los numerosos aficionados y amantes del mundo del balonmano toda la actualidad de nuestro apasionante deporte. Una ventana que sirve para dar luz a las innumerables noticias que genera el balonmano y que habitualmente no tienen reflejo en los medios de comunicaci\u00f3n. Sin lugar a dudas el Blog Derosca cuenta con un apartado que tiene a gala contar con miles de seguidores como es \u201cMis Pajaritos\u201d en donde se relatan y narran todas las intrahistorias que se generan en el balonmano espa\u00f1ol y que incomoda a m\u00e1s de uno que salgan a la luz.!Gracias por seguirnos durante todos estos a\u00f1os\u00a1\",\"sameAs\":[\"http:\\\/\\\/www.cope.es\",\"lmalvar\"],\"url\":\"https:\\\/\\\/www.cope.es\\\/blogs\\\/derosca\\\/author\\\/lmalvar\\\/\"}]}<\/script>\n<!-- \/ Yoast SEO plugin. -->","yoast_head_json":{"title":"Rien ne va plus (No va m\u00e1s).Espa\u00f1a - Francia. Llega Sterbik y todo a una carta - Derosca","robots":{"index":"index","follow":"follow","max-snippet":"max-snippet:-1","max-image-preview":"max-image-preview:large","max-video-preview":"max-video-preview:-1"},"canonical":"https:\/\/www.cope.es\/blogs\/derosca\/2019\/01\/19\/rien-ne-va-plus-no-va-mas-espana-francia-llega-sterbik-y-todo-a-una-carta\/","og_locale":"es_ES","og_type":"article","og_title":"Rien ne va plus (No va m\u00e1s).Espa\u00f1a - Francia. Llega Sterbik y todo a una carta - Derosca","og_description":"Esta tarde la Selecci\u00f3n Espa\u00f1ola tiene su primer Match Ball en el Mundial 2019 en el Lanxess Arena de Colonia frente a la todopoderosa Francia a partir de las 18,00 horas. Ya no se puede fallar si se quiere estar en Semifinales. Los jugadores de la Selecci\u00f3n Espa\u00f1ola y Jordi Ribera han hablado tras el [&hellip;]","og_url":"https:\/\/www.cope.es\/blogs\/derosca\/2019\/01\/19\/rien-ne-va-plus-no-va-mas-espana-francia-llega-sterbik-y-todo-a-una-carta\/","og_site_name":"Derosca","article_publisher":"https:\/\/www.facebook.com\/cope\/","article_published_time":"2019-01-19T09:21:29+00:00","og_image":[{"width":800,"height":643,"url":"https:\/\/www.cope.es\/blogs\/derosca\/wp-content\/uploads\/sites\/22\/2019\/01\/1517177424448.jpg","type":"image\/jpeg"}],"author":"Luis Malvar","twitter_card":"summary_large_image","twitter_creator":"@cope_es","twitter_site":"@cope_es","twitter_misc":{"Escrito por":"Luis Malvar","Tiempo de lectura":"3 minutos"},"schema":{"@context":"https:\/\/schema.org","@graph":[{"@type":"Article","@id":"https:\/\/www.cope.es\/blogs\/derosca\/2019\/01\/19\/rien-ne-va-plus-no-va-mas-espana-francia-llega-sterbik-y-todo-a-una-carta\/#article","isPartOf":{"@id":"https:\/\/www.cope.es\/blogs\/derosca\/2019\/01\/19\/rien-ne-va-plus-no-va-mas-espana-francia-llega-sterbik-y-todo-a-una-carta\/"},"author":{"name":"Luis Malvar","@id":"https:\/\/www.cope.es\/blogs\/derosca\/#\/schema\/person\/02d6fa6fa8d8db60f83303875a4ff77f"},"headline":"Rien ne va plus (No va m\u00e1s).Espa\u00f1a &#8211; Francia. Llega Sterbik y todo a una carta","datePublished":"2019-01-19T09:21:29+00:00","mainEntityOfPage":{"@id":"https:\/\/www.cope.es\/blogs\/derosca\/2019\/01\/19\/rien-ne-va-plus-no-va-mas-espana-francia-llega-sterbik-y-todo-a-una-carta\/"},"wordCount":557,"commentCount":0,"image":{"@id":"https:\/\/www.cope.es\/blogs\/derosca\/2019\/01\/19\/rien-ne-va-plus-no-va-mas-espana-francia-llega-sterbik-y-todo-a-una-carta\/#primaryimage"},"thumbnailUrl":"https:\/\/www.cope.es\/blogs\/derosca\/wp-content\/uploads\/sites\/22\/2019\/01\/1517177424448.jpg","articleSection":["Balonmano"],"inLanguage":"es","potentialAction":[{"@type":"CommentAction","name":"Comment","target":["https:\/\/www.cope.es\/blogs\/derosca\/2019\/01\/19\/rien-ne-va-plus-no-va-mas-espana-francia-llega-sterbik-y-todo-a-una-carta\/#respond"]}]},{"@type":"WebPage","@id":"https:\/\/www.cope.es\/blogs\/derosca\/2019\/01\/19\/rien-ne-va-plus-no-va-mas-espana-francia-llega-sterbik-y-todo-a-una-carta\/","url":"https:\/\/www.cope.es\/blogs\/derosca\/2019\/01\/19\/rien-ne-va-plus-no-va-mas-espana-francia-llega-sterbik-y-todo-a-una-carta\/","name":"Rien ne va plus (No va m\u00e1s).Espa\u00f1a - Francia. Llega Sterbik y todo a una carta - Derosca","isPartOf":{"@id":"https:\/\/www.cope.es\/blogs\/derosca\/#website"},"primaryImageOfPage":{"@id":"https:\/\/www.cope.es\/blogs\/derosca\/2019\/01\/19\/rien-ne-va-plus-no-va-mas-espana-francia-llega-sterbik-y-todo-a-una-carta\/#primaryimage"},"image":{"@id":"https:\/\/www.cope.es\/blogs\/derosca\/2019\/01\/19\/rien-ne-va-plus-no-va-mas-espana-francia-llega-sterbik-y-todo-a-una-carta\/#primaryimage"},"thumbnailUrl":"https:\/\/www.cope.es\/blogs\/derosca\/wp-content\/uploads\/sites\/22\/2019\/01\/1517177424448.jpg","datePublished":"2019-01-19T09:21:29+00:00","author":{"@id":"https:\/\/www.cope.es\/blogs\/derosca\/#\/schema\/person\/02d6fa6fa8d8db60f83303875a4ff77f"},"breadcrumb":{"@id":"https:\/\/www.cope.es\/blogs\/derosca\/2019\/01\/19\/rien-ne-va-plus-no-va-mas-espana-francia-llega-sterbik-y-todo-a-una-carta\/#breadcrumb"},"inLanguage":"es","potentialAction":[{"@type":"ReadAction","target":["https:\/\/www.cope.es\/blogs\/derosca\/2019\/01\/19\/rien-ne-va-plus-no-va-mas-espana-francia-llega-sterbik-y-todo-a-una-carta\/"]}]},{"@type":"ImageObject","inLanguage":"es","@id":"https:\/\/www.cope.es\/blogs\/derosca\/2019\/01\/19\/rien-ne-va-plus-no-va-mas-espana-francia-llega-sterbik-y-todo-a-una-carta\/#primaryimage","url":"https:\/\/www.cope.es\/blogs\/derosca\/wp-content\/uploads\/sites\/22\/2019\/01\/1517177424448.jpg","contentUrl":"https:\/\/www.cope.es\/blogs\/derosca\/wp-content\/uploads\/sites\/22\/2019\/01\/1517177424448.jpg","width":800,"height":643,"caption":"Zagreb Croatia 28 01 2018 - Spain s goalkeeper Arpad Sterbik celebrates after winning the EHF European Men s Handball Championship 2018 final match between Spain and Sweden in Zagreb Croatia 28 January 2018 Croacia Espana Balonmano Suecia EFE EPA GEORGI LICOVSKI"},{"@type":"BreadcrumbList","@id":"https:\/\/www.cope.es\/blogs\/derosca\/2019\/01\/19\/rien-ne-va-plus-no-va-mas-espana-francia-llega-sterbik-y-todo-a-una-carta\/#breadcrumb","itemListElement":[{"@type":"ListItem","position":1,"name":"Portada","item":"https:\/\/www.cope.es\/blogs\/derosca\/"},{"@type":"ListItem","position":2,"name":"Rien ne va plus (No va m\u00e1s).Espa\u00f1a &#8211; Francia. Llega Sterbik y todo a una carta"}]},{"@type":"WebSite","@id":"https:\/\/www.cope.es\/blogs\/derosca\/#website","url":"https:\/\/www.cope.es\/blogs\/derosca\/","name":"Derosca","description":"Blog de balonmano COPE","potentialAction":[{"@type":"SearchAction","target":{"@type":"EntryPoint","urlTemplate":"https:\/\/www.cope.es\/blogs\/derosca\/?s={search_term_string}"},"query-input":{"@type":"PropertyValueSpecification","valueRequired":true,"valueName":"search_term_string"}}],"inLanguage":"es"},{"@type":"Person","@id":"https:\/\/www.cope.es\/blogs\/derosca\/#\/schema\/person\/02d6fa6fa8d8db60f83303875a4ff77f","name":"Luis Malvar","image":{"@type":"ImageObject","inLanguage":"es","@id":"https:\/\/secure.gravatar.com\/avatar\/23cd47dec2904689b3ccd32d1dd3e86c7cbf60dcf7376c68854f761a4939534f?s=96&d=mm&r=g","url":"https:\/\/secure.gravatar.com\/avatar\/23cd47dec2904689b3ccd32d1dd3e86c7cbf60dcf7376c68854f761a4939534f?s=96&d=mm&r=g","contentUrl":"https:\/\/secure.gravatar.com\/avatar\/23cd47dec2904689b3ccd32d1dd3e86c7cbf60dcf7376c68854f761a4939534f?s=96&d=mm&r=g","caption":"Luis Malvar"},"description":"Comenc\u00e9 la andadura del Blog Derosca all\u00e1 por el 22 de Mayo de 2008. Un blog en el que se trata de llevar a los numerosos aficionados y amantes del mundo del balonmano toda la actualidad de nuestro apasionante deporte. Una ventana que sirve para dar luz a las innumerables noticias que genera el balonmano y que habitualmente no tienen reflejo en los medios de comunicaci\u00f3n. Sin lugar a dudas el Blog Derosca cuenta con un apartado que tiene a gala contar con miles de seguidores como es \u201cMis Pajaritos\u201d en donde se relatan y narran todas las intrahistorias que se generan en el balonmano espa\u00f1ol y que incomoda a m\u00e1s de uno que salgan a la luz.!Gracias por seguirnos durante todos estos a\u00f1os\u00a1","sameAs":["http:\/\/www.cope.es","lmalvar"],"url":"https:\/\/www.cope.es\/blogs\/derosca\/author\/lmalvar\/"}]}},"amp_enabled":true,"_links":{"self":[{"href":"https:\/\/www.cope.es\/blogs\/derosca\/wp-json\/wp\/v2\/posts\/504","targetHints":{"allow":["GET"]}}],"collection":[{"href":"https:\/\/www.cope.es\/blogs\/derosca\/wp-json\/wp\/v2\/posts"}],"about":[{"href":"https:\/\/www.cope.es\/blogs\/derosca\/wp-json\/wp\/v2\/types\/post"}],"author":[{"embeddable":true,"href":"https:\/\/www.cope.es\/blogs\/derosca\/wp-json\/wp\/v2\/users\/23"}],"replies":[{"embeddable":true,"href":"https:\/\/www.cope.es\/blogs\/derosca\/wp-json\/wp\/v2\/comments?post=504"}],"version-history":[{"count":1,"href":"https:\/\/www.cope.es\/blogs\/derosca\/wp-json\/wp\/v2\/posts\/504\/revisions"}],"predecessor-version":[{"id":506,"href":"https:\/\/www.cope.es\/blogs\/derosca\/wp-json\/wp\/v2\/posts\/504\/revisions\/506"}],"wp:featuredmedia":[{"embeddable":true,"href":"https:\/\/www.cope.es\/blogs\/derosca\/wp-json\/wp\/v2\/media\/505"}],"wp:attachment":[{"href":"https:\/\/www.cope.es\/blogs\/derosca\/wp-json\/wp\/v2\/media?parent=504"}],"wp:term":[{"taxonomy":"category","embeddable":true,"href":"https:\/\/www.cope.es\/blogs\/derosca\/wp-json\/wp\/v2\/categories?post=504"},{"taxonomy":"post_tag","embeddable":true,"href":"https:\/\/www.cope.es\/blogs\/derosca\/wp-json\/wp\/v2\/tags?post=504"}],"curies":[{"name":"wp","href":"https:\/\/api.w.org\/{rel}","templated":true}]}}