{"id":5027,"date":"2026-04-21T09:09:47","date_gmt":"2026-04-21T07:09:47","guid":{"rendered":"https:\/\/www.cope.es\/blogs\/derosca\/?p=5027"},"modified":"2026-04-21T09:09:47","modified_gmt":"2026-04-21T07:09:47","slug":"la-ihf-nombra-a-los-miembros-de-las-comisiones-para-el-periodo-electoral-hasta-2029","status":"publish","type":"post","link":"https:\/\/www.cope.es\/blogs\/derosca\/2026\/04\/21\/la-ihf-nombra-a-los-miembros-de-las-comisiones-para-el-periodo-electoral-hasta-2029\/","title":{"rendered":"La IHF nombra a los miembros de las Comisiones para el periodo electoral hasta 2029"},"content":{"rendered":"<p><span style=\"color: #000000\"><span style=\"font-family: Arial, sans-serif\"><span style=\"font-size: medium\">El Consejo de la Federaci\u00f3n Internacional de Balonmano (IHF) ha aprobado oficialmente la composici\u00f3n de sus comisiones permanentes para el nuevo periodo electoral 2025-2029, tras la primera reuni\u00f3n del Consejo de la IHF del nuevo ciclo, celebrada por videoconferencia el pasado 2 de Marzo.<\/p>\n<p>Los nombramientos abarcan las cinco comisiones t\u00e9cnicas permanentes: la Comisi\u00f3n de Organizaci\u00f3n y Competici\u00f3n (COC), la Comisi\u00f3n de Reglas de Juego y \u00c1rbitros (PRC), la Comisi\u00f3n de Entrenamiento y M\u00e9todos (CCM), la Comisi\u00f3n M\u00e9dica (MC) y la Comisi\u00f3n de Desarrollo (CD), as\u00ed como el Tribunal de Arbitraje, la Comisi\u00f3n de Arbitraje y la Comisi\u00f3n de \u00c9tica.<\/p>\n<p>Las comisiones reci\u00e9n aprobadas operar\u00e1n bajo un marco actualizado, tras la aprobaci\u00f3n simult\u00e1nea por parte del Consejo de las modificaciones a las funciones de las comisiones permanentes de la IHF. Seg\u00fan las disposiciones revisadas, cada comisi\u00f3n celebrar\u00e1 reuniones virtuales cada tres meses, con al menos una reuni\u00f3n presencial al a\u00f1o, y se espera que los representantes continentales organicen reuniones peri\u00f3dicas con sus hom\u00f3logos en las federaciones miembros de sus respectivas regiones.<\/span><\/span><\/span><\/p>\n<p><span style=\"color: #000000\"><span style=\"font-family: Arial, sans-serif\"><span style=\"font-size: medium\">Seg\u00fan el art\u00edculo 16.1.3 de los Estatutos de la IHF, se designar\u00e1n siete miembros para la COC (Comisi\u00f3n de Organizaci\u00f3n y Competici\u00f3n), que deber\u00e1 contar con un representante de cada continente. Adem\u00e1s de los seis representantes continentales propuestos por las respectivas Confederaciones Continentales, el Presidente de la COC propuso nombrar al Sr. L\u00e1szl\u00f3 NAGY (HUN) como miembro de la COC. Asimismo, sugiri\u00f3 nombrar al Sr. Roger KELLER (SUI), al Sr. Hans-J\u00f8rgen LYTHJE (DEN) y al Sr. Bruno SOUZA (BRA) como expertos de la COC.<\/p>\n<p>De conformidad con el art\u00edculo 16.1.5 de los Estatutos de la IHF, el Consejo aprob\u00f3 por unanimidad el nombramiento de los siguientes miembros para la COC hasta 2029:<\/span><\/span><\/span><\/p>\n<ul>\n<li>\n<p><strong><span style=\"color: #000000\"><span style=\"font-family: Arial, sans-serif\"><span style=\"font-size: medium\"><b>Sr. Yazid SOUADI (MAR)<\/b><\/span><\/span><\/span><\/strong><span style=\"color: #000000\"><span style=\"font-family: Arial, sans-serif\"><span style=\"font-size: medium\">\u2013 Representante de \u00c1frica<\/span><\/span><\/span><\/p>\n<\/li>\n<li>\n<p><strong><span style=\"color: #000000\"><span style=\"font-family: Arial, sans-serif\"><span style=\"font-size: medium\"><b>Sr. Kang Jae WON (KOR)<\/b><\/span><\/span><\/span><\/strong><span style=\"color: #000000\"><span style=\"font-family: Arial, sans-serif\"><span style=\"font-size: medium\">\u2013 Representante de Asia<\/span><\/span><\/span><\/p>\n<\/li>\n<li>\n<p><strong><span style=\"color: #000000\"><span style=\"font-family: Arial, sans-serif\"><span style=\"font-size: medium\"><b>Sr. Bozidar DJURKOVIC (SRB)<\/b><\/span><\/span><\/span><\/strong><span style=\"color: #000000\"><span style=\"font-family: Arial, sans-serif\"><span style=\"font-size: medium\">\u2013 Representante de Europa<\/span><\/span><\/span><\/p>\n<\/li>\n<li>\n<p><strong><span style=\"color: #000000\"><span style=\"font-family: Arial, sans-serif\"><span style=\"font-size: medium\"><b>Sr. Kurt LAURITSEN (GRL)<\/b><\/span><\/span><\/span><\/strong><span style=\"color: #000000\"><span style=\"font-family: Arial, sans-serif\"><span style=\"font-size: medium\">\u2013 Representante de Am\u00e9rica del Norte y el Caribe<\/span><\/span><\/span><\/p>\n<\/li>\n<li>\n<p><strong><span style=\"color: #000000\"><span style=\"font-family: Arial, sans-serif\"><span style=\"font-size: medium\"><b>Sra. Makiroa MITCHELL-JOHN (COK)<\/b><\/span><\/span><\/span><\/strong><span style=\"color: #000000\"><span style=\"font-family: Arial, sans-serif\"><span style=\"font-size: medium\">\u2013 Representante de Ocean\u00eda<\/span><\/span><\/span><\/p>\n<\/li>\n<li>\n<p><strong><span style=\"color: #000000\"><span style=\"font-family: Arial, sans-serif\"><span style=\"font-size: medium\"><b>Sr Mart\u00edn Miguel CHILACA (BOL)<\/b><\/span><\/span><\/span><\/strong><span style=\"color: #000000\"><span style=\"font-family: Arial, sans-serif\"><span style=\"font-size: medium\">\u2013 Representante Am\u00e9rica del Sur y Central<\/span><\/span><\/span><\/p>\n<\/li>\n<li>\n<p><strong><span style=\"color: #000000\"><span style=\"font-family: Arial, sans-serif\"><span style=\"font-size: medium\"><b>Sr. L\u00e1szl\u00f3 NAGY (HUN)<\/b><\/span><\/span><\/span><\/strong><span style=\"color: #000000\"><span style=\"font-family: Arial, sans-serif\"><span style=\"font-size: medium\">\u2013 Miembro<\/span><\/span><\/span><\/p>\n<\/li>\n<\/ul>\n<p><span style=\"color: #000000\"><span style=\"font-family: Arial, sans-serif\"><span style=\"font-size: medium\">Adem\u00e1s, el Consejo aprob\u00f3 por unanimidad el nombramiento de las siguientes personas como expertos del COC hasta 2029:<\/span><\/span><\/span><\/p>\n<ul>\n<li>\n<p><strong><span style=\"color: #000000\"><span style=\"font-family: Arial, sans-serif\"><span style=\"font-size: medium\"><b>Se\u00f1or Roger Keller (SUI)<\/b><\/span><\/span><\/span><\/strong><\/p>\n<\/li>\n<li>\n<p><strong><span style=\"color: #000000\"><span style=\"font-family: Arial, sans-serif\"><span style=\"font-size: medium\"><b>Se\u00f1or Hans-J\u00f8rgen LYTHJE (DEN)<\/b><\/span><\/span><\/span><\/strong><\/p>\n<\/li>\n<li>\n<p><strong><span style=\"color: #000000\"><span style=\"font-family: Arial, sans-serif\"><span style=\"font-size: medium\"><b>Se\u00f1or Bruno SOUZA (BRA)<\/b><\/span><\/span><\/span><\/strong><\/p>\n<\/li>\n<\/ul>\n<p><span style=\"color: #000000\"><span style=\"font-family: Arial, sans-serif\"><span style=\"font-size: medium\">Seg\u00fan el art\u00edculo 16.1.3 de los Estatutos de la IHF, se designar\u00e1n siete miembros para la Comisi\u00f3n de Reglas de Juego y \u00c1rbitros (CRG), uno por cada continente. Adem\u00e1s de los seis representantes continentales propuestos por las respectivas Confederaciones Continentales, el Presidente de la CRG propuso nombrar al Sr. Per OLESEN (DEN) como miembro de la CRG. Asimismo, sugiri\u00f3 nombrar al <\/span><\/span><\/span><span style=\"color: #000000\"><span style=\"font-family: Arial, sans-serif\"><span style=\"font-size: large\"><u><b>Sr. \u00c1ngel Luis SABROSO RAM\u00cdREZ (ESP)<\/b><\/u><\/span><\/span><\/span><span style=\"color: #000000\"><span style=\"font-family: Arial, sans-serif\"><span style=\"font-size: medium\"> como experto de la CRG, quien participar\u00eda peri\u00f3dicamente en las reuniones de la comisi\u00f3n y trabajar\u00eda en proyectos espec\u00edficos. La lista completa de expertos de la CRG se presentar\u00e1 al Consejo en su pr\u00f3xima reuni\u00f3n.<\/span><\/span><\/span><\/p>\n<p><span style=\"color: #000000\"><span style=\"font-family: Arial, sans-serif\"><span style=\"font-size: medium\">De conformidad con el art\u00edculo 16.1.5 de los Estatutos de la IHF, el Consejo aprob\u00f3 por unanimidad el nombramiento de los siguientes miembros del PRC hasta 2029:<\/span><\/span><\/span><\/p>\n<ul>\n<li>\n<p><strong><span style=\"color: #000000\"><span style=\"font-family: Arial, sans-serif\"><span style=\"font-size: medium\"><b>Sr. Mamoudou DIABATE (CIV)<\/b><\/span><\/span><\/span><\/strong><span style=\"color: #000000\"><span style=\"font-family: Arial, sans-serif\"><span style=\"font-size: medium\">\u2013 Representante \u00c1frica<\/span><\/span><\/span><\/p>\n<\/li>\n<li>\n<p><strong><span style=\"color: #000000\"><span style=\"font-family: Arial, sans-serif\"><span style=\"font-size: medium\"><b>Sr. Saleh BINASHOUR (EAU)<\/b><\/span><\/span><\/span><\/strong><span style=\"color: #000000\"><span style=\"font-family: Arial, sans-serif\"><span style=\"font-size: medium\">\u2013 Representante de Asia<\/span><\/span><\/span><\/p>\n<\/li>\n<li>\n<p><span style=\"color: #000000\"><span style=\"font-family: Arial, sans-serif\"><span style=\"font-size: medium\">Por determinar \u2013 Representante de Europa<\/span><\/span><\/span><\/p>\n<\/li>\n<li>\n<p><strong><span style=\"color: #000000\"><span style=\"font-family: Arial, sans-serif\"><span style=\"font-size: medium\"><b>Sr. Majid KOLAHDOUZAN (EE. UU.)<\/b><\/span><\/span><\/span><\/strong><span style=\"color: #000000\"><span style=\"font-family: Arial, sans-serif\"><span style=\"font-size: medium\">\u2013 Representante para Am\u00e9rica del Norte y el Caribe<\/span><\/span><\/span><\/p>\n<\/li>\n<li>\n<p><span style=\"color: #000000\"><span style=\"font-family: Arial, sans-serif\"><span style=\"font-size: medium\">Por determinar \u2013 Representante de Ocean\u00eda<\/span><\/span><\/span><\/p>\n<\/li>\n<li>\n<p><strong><span style=\"color: #000000\"><span style=\"font-family: Arial, sans-serif\"><span style=\"font-size: medium\"><b>Sr. Thedy ADJEMIAN (ARG)<\/b><\/span><\/span><\/span><\/strong><span style=\"color: #000000\"><span style=\"font-family: Arial, sans-serif\"><span style=\"font-size: medium\">\u2013 Representante de Am\u00e9rica del Sur y Central<\/span><\/span><\/span><\/p>\n<\/li>\n<li>\n<p><strong><span style=\"color: #000000\"><span style=\"font-family: Arial, sans-serif\"><span style=\"font-size: medium\"><b>Sr. Per OLESEN (DEN)<\/b><\/span><\/span><\/span><\/strong><span style=\"color: #000000\"><span style=\"font-family: Arial, sans-serif\"><span style=\"font-size: medium\">\u2013 Miembro<\/span><\/span><\/span><\/p>\n<\/li>\n<\/ul>\n<p><span style=\"color: #000000\"><span style=\"font-family: Arial, sans-serif\"><span style=\"font-size: medium\">Adem\u00e1s, el Consejo aprob\u00f3 por unanimidad el nombramiento<\/span><\/span><\/span><strong><span style=\"color: #000000\"><span style=\"font-family: Arial, sans-serif\"><span style=\"font-size: medium\">del <\/span><\/span><\/span><\/strong><strong><span style=\"color: #000000\"><span style=\"font-family: Arial, sans-serif\"><span style=\"font-size: large\"><u><b>Sr. \u00c1ngel Luis SABROSO RAM\u00cdREZ (ESP)<\/b><\/u><\/span><\/span><\/span><\/strong><u><b> <\/b><\/u><span style=\"color: #000000\"><span style=\"font-family: Arial, sans-serif\"><span style=\"font-size: medium\">como experto de la RPC hasta 2029.<\/span><\/span><\/span><\/p>\n<p><span style=\"color: #000000\"><span style=\"font-family: Arial, sans-serif\"><span style=\"font-size: medium\">Seg\u00fan el art\u00edculo 16.1.3 de los Estatutos de la IHF, se designar\u00e1n siete miembros para la CCM (Comisi\u00f3n de Entrenamiento y M\u00e9todos), la cual deber\u00e1 contar con un representante de cada continente. Adem\u00e1s de los seis representantes continentales propuestos por las respectivas Confederaciones Continentales, el Presidente de la CCM propuso nombrar al Sr. Paul Landur\u00e9 como miembro de la CCM.<\/p>\n<p>De conformidad con el art\u00edculo 16.1.5 de los Estatutos de la IHF, el Consejo aprob\u00f3 por unanimidad el nombramiento de los siguientes miembros para la CCM hasta 2029:<\/span><\/span><\/span><\/p>\n<ul>\n<li>\n<p><strong><span style=\"color: #000000\"><span style=\"font-family: Arial, sans-serif\"><span style=\"font-size: medium\"><b>Sra. Nahla BOUDHINA (TUN)<\/b><\/span><\/span><\/span><\/strong><span style=\"color: #000000\"><span style=\"font-family: Arial, sans-serif\"><span style=\"font-size: medium\">\u2013 Representante de \u00c1frica<\/span><\/span><\/span><\/p>\n<\/li>\n<li>\n<p><strong><span style=\"color: #000000\"><span style=\"font-family: Arial, sans-serif\"><span style=\"font-size: medium\"><b>Dr. Taiysir MANSI (JOR) \u2013<\/b><\/span><\/span><\/span><\/strong><span style=\"color: #000000\"><span style=\"font-family: Arial, sans-serif\"><span style=\"font-size: medium\">Representante de Asia<\/span><\/span><\/span><\/p>\n<\/li>\n<li>\n<p><strong><span style=\"color: #000000\"><span style=\"font-family: Arial, sans-serif\"><span style=\"font-size: medium\"><b>Sr. Pedro SEQUEIRA (POR) \u2013<\/b><\/span><\/span><\/span><\/strong><span style=\"color: #000000\"><span style=\"font-family: Arial, sans-serif\"><span style=\"font-size: medium\">\u00a0Representante Europa<\/span><\/span><\/span><\/p>\n<\/li>\n<li>\n<p><strong><span style=\"color: #000000\"><span style=\"font-family: Arial, sans-serif\"><span style=\"font-size: medium\"><b>Sr. Franklyn GUEVARA (CUB) \u2013<\/b><\/span><\/span><\/span><\/strong><span style=\"color: #000000\"><span style=\"font-family: Arial, sans-serif\"><span style=\"font-size: medium\">Representante de Am\u00e9rica del Norte y el Caribe<\/span><\/span><\/span><\/p>\n<\/li>\n<li>\n<p><strong><span style=\"color: #000000\"><span style=\"font-family: Arial, sans-serif\"><span style=\"font-size: medium\"><b>Dr. Eoin MURRAY (AUS) \u2013<\/b><\/span><\/span><\/span><\/strong><span style=\"color: #000000\"><span style=\"font-family: Arial, sans-serif\"><span style=\"font-size: medium\">Representante de Ocean\u00eda<\/span><\/span><\/span><\/p>\n<\/li>\n<li>\n<p><strong><span style=\"color: #000000\"><span style=\"font-family: Arial, sans-serif\"><span style=\"font-size: medium\"><b>Se\u00f1or Eduardo Gabriel Gallardo (ARG) \u2013<\/b><\/span><\/span><\/span><\/strong><span style=\"color: #000000\"><span style=\"font-family: Arial, sans-serif\"><span style=\"font-size: medium\">Representante de Am\u00e9rica del Sur y Central<\/span><\/span><\/span><\/p>\n<\/li>\n<li>\n<p><strong><span style=\"color: #000000\"><span style=\"font-family: Arial, sans-serif\"><span style=\"font-size: medium\"><b>Sr. Paul LANDUR\u00c9 (FRA) \u2013<\/b><\/span><\/span><\/span><\/strong><span style=\"color: #000000\"><span style=\"font-family: Arial, sans-serif\"><span style=\"font-size: medium\">Miembro<\/span><\/span><\/span><\/p>\n<\/li>\n<\/ul>\n<p><span style=\"color: #000000\"><span style=\"font-family: Arial, sans-serif\"><span style=\"font-size: medium\"><br \/>\nSeg\u00fan el art\u00edculo 16.1.3 de los Estatutos de la IHF, se nombrar\u00e1n siete miembros para la Comisi\u00f3n M\u00e9dica (CM), la cual deber\u00e1 contar con un representante de cada continente. Adem\u00e1s de los seis representantes continentales propuestos por las respectivas Confederaciones Continentales, el Presidente de la CM propuso nombrar al Dr. Fran\u00e7ois RAOUX (FRA) como miembro de la CM.<\/p>\n<p>De conformidad con el art\u00edculo 16.1.5 de los Estatutos de la IHF, el Consejo aprob\u00f3 por unanimidad el nombramiento de los siguientes miembros para la CM hasta 2029:<\/span><\/span><\/span><\/p>\n<ul>\n<li>\n<p><strong><span style=\"color: #000000\"><span style=\"font-family: Arial, sans-serif\"><span style=\"font-size: medium\"><b>Dr. Sokhna DIOUM (SEN) \u2013<\/b><\/span><\/span><\/span><\/strong><span style=\"color: #000000\"><span style=\"font-family: Arial, sans-serif\"><span style=\"font-size: medium\">Representante de \u00c1frica<\/span><\/span><\/span><\/p>\n<\/li>\n<li>\n<p><strong><span style=\"color: #000000\"><span style=\"font-family: Arial, sans-serif\"><span style=\"font-size: medium\"><b>Dr. Katsuhiko SAKUMA (JPN) \u2013<\/b><\/span><\/span><\/span><\/strong><span style=\"color: #000000\"><span style=\"font-family: Arial, sans-serif\"><span style=\"font-size: medium\">Representante de Asia<\/span><\/span><\/span><\/p>\n<\/li>\n<li>\n<p><span style=\"color: #000000\"><span style=\"font-family: Arial, sans-serif\"><span style=\"font-size: medium\">Por determinar \u2013 Representante de Europa<\/span><\/span><\/span><\/p>\n<\/li>\n<li>\n<p><strong><span style=\"color: #000000\"><span style=\"font-family: Arial, sans-serif\"><span style=\"font-size: medium\"><b>Dr. Llewellyn HARPER (BAR) \u2013<\/b><\/span><\/span><\/span><\/strong><span style=\"color: #000000\"><span style=\"font-family: Arial, sans-serif\"><span style=\"font-size: medium\">Representante para Am\u00e9rica del Norte y el Caribe<\/span><\/span><\/span><\/p>\n<\/li>\n<li>\n<p><strong><span style=\"color: #000000\"><span style=\"font-family: Arial, sans-serif\"><span style=\"font-size: medium\"><b>Dr. Luis CRUZ (GUM) \u2013<\/b><\/span><\/span><\/span><\/strong><span style=\"color: #000000\"><span style=\"font-family: Arial, sans-serif\"><span style=\"font-size: medium\">Representante Ocean\u00eda<\/span><\/span><\/span><\/p>\n<\/li>\n<li>\n<p><strong><span style=\"color: #000000\"><span style=\"font-family: Arial, sans-serif\"><span style=\"font-size: medium\"><b>Dr. Alejandro Javier ORIZOLA (CHI) \u2013<\/b><\/span><\/span><\/span><\/strong><span style=\"color: #000000\"><span style=\"font-family: Arial, sans-serif\"><span style=\"font-size: medium\">Representante para Am\u00e9rica del Sur y Central<\/span><\/span><\/span><\/p>\n<\/li>\n<li>\n<p><strong><span style=\"color: #000000\"><span style=\"font-family: Arial, sans-serif\"><span style=\"font-size: medium\"><b>Dr. Fran\u00e7ois RAOUX (FRA) \u2013<\/b><\/span><\/span><\/span><\/strong><span style=\"color: #000000\"><span style=\"font-family: Arial, sans-serif\"><span style=\"font-size: medium\">Miembro<\/span><\/span><\/span><\/p>\n<\/li>\n<\/ul>\n<p><span style=\"color: #000000\"><span style=\"font-family: Arial, sans-serif\"><span style=\"font-size: medium\">De conformidad con el art\u00edculo 16.1.3 de los Estatutos de la IHF, se designar\u00e1n siete miembros para la CD (Comisi\u00f3n para el Desarrollo), la cual deber\u00e1 contar con un representante de cada continente. Adem\u00e1s de los seis representantes continentales propuestos por las respectivas Confederaciones Continentales, el Presidente de la CD propuso nombrar al Sr. Stefan ALBRECHTSON (SWE) como miembro de la CD y al Sr. Erno KELECSENYI (HUN) como experto de la CD.<\/p>\n<p>De acuerdo con el art\u00edculo 16.1.5 de los Estatutos de la IHF, el Consejo aprob\u00f3 por unanimidad el nombramiento de los siguientes miembros para la CD hasta 2029:<\/span><\/span><\/span><\/p>\n<ul>\n<li>\n<p><strong><span style=\"color: #000000\"><span style=\"font-family: Arial, sans-serif\"><span style=\"font-size: medium\"><b>Sr. Sidikou KARIMOU (BEN)<\/b><\/span><\/span><\/span><\/strong><span style=\"color: #000000\"><span style=\"font-family: Arial, sans-serif\"><span style=\"font-size: medium\">\u2013 Representante \u00c1frica<\/span><\/span><\/span><\/p>\n<\/li>\n<li>\n<p><strong><span style=\"color: #000000\"><span style=\"font-family: Arial, sans-serif\"><span style=\"font-size: medium\"><b>Sr. Hassan Hillal (Arabia Saudita)<\/b><\/span><\/span><\/span><\/strong><span style=\"color: #000000\"><span style=\"font-family: Arial, sans-serif\"><span style=\"font-size: medium\">\u2013 Representante de Asia<\/span><\/span><\/span><\/p>\n<\/li>\n<li>\n<p><span style=\"color: #000000\"><span style=\"font-family: Arial, sans-serif\"><span style=\"font-size: medium\">Por determinar \u2013 Representante de Europa<\/span><\/span><\/span><\/p>\n<\/li>\n<li>\n<p><strong><span style=\"color: #000000\"><span style=\"font-family: Arial, sans-serif\"><span style=\"font-size: medium\"><b>Sra. Carline CHOUTE (HAI)<\/b><\/span><\/span><\/span><\/strong><span style=\"color: #000000\"><span style=\"font-family: Arial, sans-serif\"><span style=\"font-size: medium\">\u2013 Representante para Am\u00e9rica del Norte y el Caribe<\/span><\/span><\/span><\/p>\n<\/li>\n<li>\n<p><strong><span style=\"color: #000000\"><span style=\"font-family: Arial, sans-serif\"><span style=\"font-size: medium\"><b>Sra. Joann Aquino (MNP) \u2013<\/b><\/span><\/span><\/span><\/strong><span style=\"color: #000000\"><span style=\"font-family: Arial, sans-serif\"><span style=\"font-size: medium\">Representante de Ocean\u00eda<\/span><\/span><\/span><\/p>\n<\/li>\n<li>\n<p><strong><span style=\"color: #000000\"><span style=\"font-family: Arial, sans-serif\"><span style=\"font-size: medium\"><b>Sra. Ana Cecilia Hern\u00e1ndez (ESA)<\/b><\/span><\/span><\/span><\/strong><span style=\"color: #000000\"><span style=\"font-family: Arial, sans-serif\"><span style=\"font-size: medium\">\u2013 Representante para Am\u00e9rica del Sur y Central<\/span><\/span><\/span><\/p>\n<\/li>\n<li>\n<p><strong><span style=\"color: #000000\"><span style=\"font-family: Arial, sans-serif\"><span style=\"font-size: medium\"><b>Sr. Stefan Albrechtson (SWE)<\/b><\/span><\/span><\/span><\/strong><span style=\"color: #000000\"><span style=\"font-family: Arial, sans-serif\"><span style=\"font-size: medium\">\u2013 Miembro<\/span><\/span><\/span><\/p>\n<\/li>\n<\/ul>\n<p><span style=\"color: #000000\"><span style=\"font-family: Arial, sans-serif\"><span style=\"font-size: medium\">Adem\u00e1s, el Consejo aprob\u00f3 por unanimidad el nombramiento del Sr. Erno KELECSENYI (HUN) como experto en CD hasta 2029.<\/span><\/span><\/span><\/p>\n<p><span style=\"color: #000000\"><span style=\"font-family: Arial, sans-serif\"><span style=\"font-size: medium\">Tras la autorizaci\u00f3n del Congreso de la IHF, el Consejo decidi\u00f3 por unanimidad nombrar a los siguientes miembros para el Tribunal de Arbitraje hasta 2029:<\/span><\/span><\/span><\/p>\n<ul>\n<li>\n<p><strong><span style=\"color: #000000\"><span style=\"font-family: Arial, sans-serif\"><span style=\"font-size: medium\"><b>Se\u00f1or El Hanafi EL ADLI (MAR)<\/b><\/span><\/span><\/span><\/strong><\/p>\n<\/li>\n<li>\n<p><strong><span style=\"color: #000000\"><span style=\"font-family: Arial, sans-serif\"><span style=\"font-size: medium\"><b>Sra. Bibiana B\u00e1rbara FERREA (ARG)<\/b><\/span><\/span><\/span><\/strong><\/p>\n<\/li>\n<li>\n<p><strong><span style=\"color: #000000\"><span style=\"font-family: Arial, sans-serif\"><span style=\"font-size: medium\"><b>Sra. Judith Amandine A. GOUDE-DJESSIN (BEN)<\/b><\/span><\/span><\/span><\/strong><\/p>\n<\/li>\n<li>\n<p><strong><span style=\"color: #000000\"><span style=\"font-family: Arial, sans-serif\"><span style=\"font-size: medium\"><b>Se\u00f1or Terence VEMBE (NGR)<\/b><\/span><\/span><\/span><\/strong><\/p>\n<\/li>\n<\/ul>\n<p><span style=\"color: #000000\"><span style=\"font-family: Arial, sans-serif\"><span style=\"font-size: medium\">Tras la autorizaci\u00f3n del Congreso de la IHF, el Consejo decidi\u00f3 por unanimidad nombrar a los siguientes miembros para la Comisi\u00f3n de Arbitraje hasta 2029:<\/span><\/span><\/span><\/p>\n<ul>\n<li>\n<p><strong><span style=\"color: #000000\"><span style=\"font-family: Arial, sans-serif\"><span style=\"font-size: medium\"><b>Sr. David HERN\u00c1NDEZ GONZ\u00c1LEZ (MEX)<\/b><\/span><\/span><\/span><\/strong><\/p>\n<\/li>\n<li>\n<p><strong><span style=\"color: #000000\"><span style=\"font-family: Arial, sans-serif\"><span style=\"font-size: medium\"><b>Sr. Santiago Nicol\u00e1s LORENZATTO (ARG)<\/b><\/span><\/span><\/span><\/strong><\/p>\n<\/li>\n<\/ul>\n<p><span style=\"color: #000000\"><span style=\"font-family: Arial, sans-serif\"><span style=\"font-size: medium\">Tras la autorizaci\u00f3n del Congreso de la IHF, el Consejo decidi\u00f3 por unanimidad nombrar a los siguientes miembros para la Comisi\u00f3n de \u00c9tica hasta 2029:<\/span><\/span><\/span><\/p>\n<ul>\n<li>\n<p><strong><span style=\"color: #000000\"><span style=\"font-family: Arial, sans-serif\"><span style=\"font-size: large\"><u><b>D. David BARRUFET BOFILL (ESP)<\/b><\/u><\/span><\/span><\/span><\/strong><\/p>\n<\/li>\n<li>\n<p><strong><span style=\"color: #000000\"><span style=\"font-family: Arial, sans-serif\"><span style=\"font-size: medium\"><b>Sr. Mamadouba C\u00c1MARA (GUI)<\/b><\/span><\/span><\/span><\/strong><\/p>\n<\/li>\n<li>\n<p><strong><span style=\"color: #000000\"><span style=\"font-family: Arial, sans-serif\"><span style=\"font-size: medium\"><b>Se\u00f1or Guy Oswald YAKASS (TOG)<\/b><\/span><\/span><\/span><\/strong><\/p>\n<\/li>\n<\/ul>\n<p><em><span style=\"color: #666666\"><span style=\"font-family: Arial, sans-serif\"><span style=\"font-size: medium\">Seguirnos en twitter: <\/span><\/span><\/span><\/em><span style=\"color: #000080\"><span><u><a href=\"#!\/deroscacope\"><span style=\"font-family: Arial, sans-serif\"><span style=\"font-size: medium\">https:\/\/twitter.com\/#!\/deroscacope<\/span><\/span><\/a><\/u><\/span><\/span><\/p>\n","protected":false},"excerpt":{"rendered":"<p>El Consejo de la Federaci\u00f3n Internacional de Balonmano (IHF) ha aprobado oficialmente la composici\u00f3n de sus comisiones permanentes para el nuevo periodo electoral 2025-2029, tras la primera reuni\u00f3n del Consejo de la IHF del nuevo ciclo, celebrada por videoconferencia el pasado 2 de Marzo. Los nombramientos abarcan las cinco comisiones t\u00e9cnicas permanentes: la Comisi\u00f3n de [&hellip;]<\/p>\n","protected":false},"author":23,"featured_media":5028,"comment_status":"open","ping_status":"open","sticky":false,"template":"","format":"standard","meta":{"footnotes":""},"categories":[3],"tags":[],"class_list":["post-5027","post","type-post","status-publish","format-standard","has-post-thumbnail","hentry","category-balonmano"],"yoast_head":"<!-- This site is optimized with the Yoast SEO plugin v27.4 - https:\/\/yoast.com\/product\/yoast-seo-wordpress\/ -->\n<title>La IHF nombra a los miembros de las Comisiones para el periodo electoral hasta 2029 - Derosca<\/title>\n<meta name=\"robots\" content=\"index, follow, max-snippet:-1, max-image-preview:large, max-video-preview:-1\" \/>\n<link rel=\"canonical\" href=\"https:\/\/www.cope.es\/blogs\/derosca\/2026\/04\/21\/la-ihf-nombra-a-los-miembros-de-las-comisiones-para-el-periodo-electoral-hasta-2029\/\" \/>\n<meta property=\"og:locale\" content=\"es_ES\" \/>\n<meta property=\"og:type\" content=\"article\" \/>\n<meta property=\"og:title\" content=\"La IHF nombra a los miembros de las Comisiones para el periodo electoral hasta 2029 - Derosca\" \/>\n<meta property=\"og:description\" content=\"El Consejo de la Federaci\u00f3n Internacional de Balonmano (IHF) ha aprobado oficialmente la composici\u00f3n de sus comisiones permanentes para el nuevo periodo electoral 2025-2029, tras la primera reuni\u00f3n del Consejo de la IHF del nuevo ciclo, celebrada por videoconferencia el pasado 2 de Marzo. Los nombramientos abarcan las cinco comisiones t\u00e9cnicas permanentes: la Comisi\u00f3n de [&hellip;]\" \/>\n<meta property=\"og:url\" content=\"https:\/\/www.cope.es\/blogs\/derosca\/2026\/04\/21\/la-ihf-nombra-a-los-miembros-de-las-comisiones-para-el-periodo-electoral-hasta-2029\/\" \/>\n<meta property=\"og:site_name\" content=\"Derosca\" \/>\n<meta property=\"article:publisher\" content=\"https:\/\/www.facebook.com\/cope\/\" \/>\n<meta property=\"article:published_time\" content=\"2026-04-21T07:09:47+00:00\" \/>\n<meta property=\"og:image\" content=\"http:\/\/www.cope.es\/blogs\/derosca\/wp-content\/uploads\/sites\/22\/2026\/04\/IHF.jpg\" \/>\n\t<meta property=\"og:image:width\" content=\"680\" \/>\n\t<meta property=\"og:image:height\" content=\"307\" \/>\n\t<meta property=\"og:image:type\" content=\"image\/jpeg\" \/>\n<meta name=\"author\" content=\"Luis Malvar\" \/>\n<meta name=\"twitter:card\" content=\"summary_large_image\" \/>\n<meta name=\"twitter:creator\" content=\"@cope_es\" \/>\n<meta name=\"twitter:site\" content=\"@cope_es\" \/>\n<meta name=\"twitter:label1\" content=\"Escrito por\" \/>\n\t<meta name=\"twitter:data1\" content=\"Luis Malvar\" \/>\n\t<meta name=\"twitter:label2\" content=\"Tiempo de lectura\" \/>\n\t<meta name=\"twitter:data2\" content=\"6 minutos\" \/>\n<script type=\"application\/ld+json\" class=\"yoast-schema-graph\">{\"@context\":\"https:\\\/\\\/schema.org\",\"@graph\":[{\"@type\":\"Article\",\"@id\":\"https:\\\/\\\/www.cope.es\\\/blogs\\\/derosca\\\/2026\\\/04\\\/21\\\/la-ihf-nombra-a-los-miembros-de-las-comisiones-para-el-periodo-electoral-hasta-2029\\\/#article\",\"isPartOf\":{\"@id\":\"https:\\\/\\\/www.cope.es\\\/blogs\\\/derosca\\\/2026\\\/04\\\/21\\\/la-ihf-nombra-a-los-miembros-de-las-comisiones-para-el-periodo-electoral-hasta-2029\\\/\"},\"author\":{\"name\":\"Luis Malvar\",\"@id\":\"https:\\\/\\\/www.cope.es\\\/blogs\\\/derosca\\\/#\\\/schema\\\/person\\\/02d6fa6fa8d8db60f83303875a4ff77f\"},\"headline\":\"La IHF nombra a los miembros de las Comisiones para el periodo electoral hasta 2029\",\"datePublished\":\"2026-04-21T07:09:47+00:00\",\"mainEntityOfPage\":{\"@id\":\"https:\\\/\\\/www.cope.es\\\/blogs\\\/derosca\\\/2026\\\/04\\\/21\\\/la-ihf-nombra-a-los-miembros-de-las-comisiones-para-el-periodo-electoral-hasta-2029\\\/\"},\"wordCount\":1261,\"commentCount\":0,\"image\":{\"@id\":\"https:\\\/\\\/www.cope.es\\\/blogs\\\/derosca\\\/2026\\\/04\\\/21\\\/la-ihf-nombra-a-los-miembros-de-las-comisiones-para-el-periodo-electoral-hasta-2029\\\/#primaryimage\"},\"thumbnailUrl\":\"https:\\\/\\\/www.cope.es\\\/blogs\\\/derosca\\\/wp-content\\\/uploads\\\/sites\\\/22\\\/2026\\\/04\\\/IHF.jpg\",\"articleSection\":[\"Balonmano\"],\"inLanguage\":\"es\",\"potentialAction\":[{\"@type\":\"CommentAction\",\"name\":\"Comment\",\"target\":[\"https:\\\/\\\/www.cope.es\\\/blogs\\\/derosca\\\/2026\\\/04\\\/21\\\/la-ihf-nombra-a-los-miembros-de-las-comisiones-para-el-periodo-electoral-hasta-2029\\\/#respond\"]}]},{\"@type\":\"WebPage\",\"@id\":\"https:\\\/\\\/www.cope.es\\\/blogs\\\/derosca\\\/2026\\\/04\\\/21\\\/la-ihf-nombra-a-los-miembros-de-las-comisiones-para-el-periodo-electoral-hasta-2029\\\/\",\"url\":\"https:\\\/\\\/www.cope.es\\\/blogs\\\/derosca\\\/2026\\\/04\\\/21\\\/la-ihf-nombra-a-los-miembros-de-las-comisiones-para-el-periodo-electoral-hasta-2029\\\/\",\"name\":\"La IHF nombra a los miembros de las Comisiones para el periodo electoral hasta 2029 - Derosca\",\"isPartOf\":{\"@id\":\"https:\\\/\\\/www.cope.es\\\/blogs\\\/derosca\\\/#website\"},\"primaryImageOfPage\":{\"@id\":\"https:\\\/\\\/www.cope.es\\\/blogs\\\/derosca\\\/2026\\\/04\\\/21\\\/la-ihf-nombra-a-los-miembros-de-las-comisiones-para-el-periodo-electoral-hasta-2029\\\/#primaryimage\"},\"image\":{\"@id\":\"https:\\\/\\\/www.cope.es\\\/blogs\\\/derosca\\\/2026\\\/04\\\/21\\\/la-ihf-nombra-a-los-miembros-de-las-comisiones-para-el-periodo-electoral-hasta-2029\\\/#primaryimage\"},\"thumbnailUrl\":\"https:\\\/\\\/www.cope.es\\\/blogs\\\/derosca\\\/wp-content\\\/uploads\\\/sites\\\/22\\\/2026\\\/04\\\/IHF.jpg\",\"datePublished\":\"2026-04-21T07:09:47+00:00\",\"author\":{\"@id\":\"https:\\\/\\\/www.cope.es\\\/blogs\\\/derosca\\\/#\\\/schema\\\/person\\\/02d6fa6fa8d8db60f83303875a4ff77f\"},\"breadcrumb\":{\"@id\":\"https:\\\/\\\/www.cope.es\\\/blogs\\\/derosca\\\/2026\\\/04\\\/21\\\/la-ihf-nombra-a-los-miembros-de-las-comisiones-para-el-periodo-electoral-hasta-2029\\\/#breadcrumb\"},\"inLanguage\":\"es\",\"potentialAction\":[{\"@type\":\"ReadAction\",\"target\":[\"https:\\\/\\\/www.cope.es\\\/blogs\\\/derosca\\\/2026\\\/04\\\/21\\\/la-ihf-nombra-a-los-miembros-de-las-comisiones-para-el-periodo-electoral-hasta-2029\\\/\"]}]},{\"@type\":\"ImageObject\",\"inLanguage\":\"es\",\"@id\":\"https:\\\/\\\/www.cope.es\\\/blogs\\\/derosca\\\/2026\\\/04\\\/21\\\/la-ihf-nombra-a-los-miembros-de-las-comisiones-para-el-periodo-electoral-hasta-2029\\\/#primaryimage\",\"url\":\"https:\\\/\\\/www.cope.es\\\/blogs\\\/derosca\\\/wp-content\\\/uploads\\\/sites\\\/22\\\/2026\\\/04\\\/IHF.jpg\",\"contentUrl\":\"https:\\\/\\\/www.cope.es\\\/blogs\\\/derosca\\\/wp-content\\\/uploads\\\/sites\\\/22\\\/2026\\\/04\\\/IHF.jpg\",\"width\":680,\"height\":307,\"caption\":\"La IHF nombra a los miembros de las Comisiones para el periodo electoral hasta 2029\"},{\"@type\":\"BreadcrumbList\",\"@id\":\"https:\\\/\\\/www.cope.es\\\/blogs\\\/derosca\\\/2026\\\/04\\\/21\\\/la-ihf-nombra-a-los-miembros-de-las-comisiones-para-el-periodo-electoral-hasta-2029\\\/#breadcrumb\",\"itemListElement\":[{\"@type\":\"ListItem\",\"position\":1,\"name\":\"Portada\",\"item\":\"https:\\\/\\\/www.cope.es\\\/blogs\\\/derosca\\\/\"},{\"@type\":\"ListItem\",\"position\":2,\"name\":\"La IHF nombra a los miembros de las Comisiones para el periodo electoral hasta 2029\"}]},{\"@type\":\"WebSite\",\"@id\":\"https:\\\/\\\/www.cope.es\\\/blogs\\\/derosca\\\/#website\",\"url\":\"https:\\\/\\\/www.cope.es\\\/blogs\\\/derosca\\\/\",\"name\":\"Derosca\",\"description\":\"Blog de balonmano COPE\",\"potentialAction\":[{\"@type\":\"SearchAction\",\"target\":{\"@type\":\"EntryPoint\",\"urlTemplate\":\"https:\\\/\\\/www.cope.es\\\/blogs\\\/derosca\\\/?s={search_term_string}\"},\"query-input\":{\"@type\":\"PropertyValueSpecification\",\"valueRequired\":true,\"valueName\":\"search_term_string\"}}],\"inLanguage\":\"es\"},{\"@type\":\"Person\",\"@id\":\"https:\\\/\\\/www.cope.es\\\/blogs\\\/derosca\\\/#\\\/schema\\\/person\\\/02d6fa6fa8d8db60f83303875a4ff77f\",\"name\":\"Luis Malvar\",\"image\":{\"@type\":\"ImageObject\",\"inLanguage\":\"es\",\"@id\":\"https:\\\/\\\/secure.gravatar.com\\\/avatar\\\/23cd47dec2904689b3ccd32d1dd3e86c7cbf60dcf7376c68854f761a4939534f?s=96&d=mm&r=g\",\"url\":\"https:\\\/\\\/secure.gravatar.com\\\/avatar\\\/23cd47dec2904689b3ccd32d1dd3e86c7cbf60dcf7376c68854f761a4939534f?s=96&d=mm&r=g\",\"contentUrl\":\"https:\\\/\\\/secure.gravatar.com\\\/avatar\\\/23cd47dec2904689b3ccd32d1dd3e86c7cbf60dcf7376c68854f761a4939534f?s=96&d=mm&r=g\",\"caption\":\"Luis Malvar\"},\"description\":\"Comenc\u00e9 la andadura del Blog Derosca all\u00e1 por el 22 de Mayo de 2008. Un blog en el que se trata de llevar a los numerosos aficionados y amantes del mundo del balonmano toda la actualidad de nuestro apasionante deporte. Una ventana que sirve para dar luz a las innumerables noticias que genera el balonmano y que habitualmente no tienen reflejo en los medios de comunicaci\u00f3n. Sin lugar a dudas el Blog Derosca cuenta con un apartado que tiene a gala contar con miles de seguidores como es \u201cMis Pajaritos\u201d en donde se relatan y narran todas las intrahistorias que se generan en el balonmano espa\u00f1ol y que incomoda a m\u00e1s de uno que salgan a la luz.!Gracias por seguirnos durante todos estos a\u00f1os\u00a1\",\"sameAs\":[\"http:\\\/\\\/www.cope.es\",\"lmalvar\"],\"url\":\"https:\\\/\\\/www.cope.es\\\/blogs\\\/derosca\\\/author\\\/lmalvar\\\/\"}]}<\/script>\n<!-- \/ Yoast SEO plugin. -->","yoast_head_json":{"title":"La IHF nombra a los miembros de las Comisiones para el periodo electoral hasta 2029 - Derosca","robots":{"index":"index","follow":"follow","max-snippet":"max-snippet:-1","max-image-preview":"max-image-preview:large","max-video-preview":"max-video-preview:-1"},"canonical":"https:\/\/www.cope.es\/blogs\/derosca\/2026\/04\/21\/la-ihf-nombra-a-los-miembros-de-las-comisiones-para-el-periodo-electoral-hasta-2029\/","og_locale":"es_ES","og_type":"article","og_title":"La IHF nombra a los miembros de las Comisiones para el periodo electoral hasta 2029 - Derosca","og_description":"El Consejo de la Federaci\u00f3n Internacional de Balonmano (IHF) ha aprobado oficialmente la composici\u00f3n de sus comisiones permanentes para el nuevo periodo electoral 2025-2029, tras la primera reuni\u00f3n del Consejo de la IHF del nuevo ciclo, celebrada por videoconferencia el pasado 2 de Marzo. Los nombramientos abarcan las cinco comisiones t\u00e9cnicas permanentes: la Comisi\u00f3n de [&hellip;]","og_url":"https:\/\/www.cope.es\/blogs\/derosca\/2026\/04\/21\/la-ihf-nombra-a-los-miembros-de-las-comisiones-para-el-periodo-electoral-hasta-2029\/","og_site_name":"Derosca","article_publisher":"https:\/\/www.facebook.com\/cope\/","article_published_time":"2026-04-21T07:09:47+00:00","og_image":[{"width":680,"height":307,"url":"http:\/\/www.cope.es\/blogs\/derosca\/wp-content\/uploads\/sites\/22\/2026\/04\/IHF.jpg","type":"image\/jpeg"}],"author":"Luis Malvar","twitter_card":"summary_large_image","twitter_creator":"@cope_es","twitter_site":"@cope_es","twitter_misc":{"Escrito por":"Luis Malvar","Tiempo de lectura":"6 minutos"},"schema":{"@context":"https:\/\/schema.org","@graph":[{"@type":"Article","@id":"https:\/\/www.cope.es\/blogs\/derosca\/2026\/04\/21\/la-ihf-nombra-a-los-miembros-de-las-comisiones-para-el-periodo-electoral-hasta-2029\/#article","isPartOf":{"@id":"https:\/\/www.cope.es\/blogs\/derosca\/2026\/04\/21\/la-ihf-nombra-a-los-miembros-de-las-comisiones-para-el-periodo-electoral-hasta-2029\/"},"author":{"name":"Luis Malvar","@id":"https:\/\/www.cope.es\/blogs\/derosca\/#\/schema\/person\/02d6fa6fa8d8db60f83303875a4ff77f"},"headline":"La IHF nombra a los miembros de las Comisiones para el periodo electoral hasta 2029","datePublished":"2026-04-21T07:09:47+00:00","mainEntityOfPage":{"@id":"https:\/\/www.cope.es\/blogs\/derosca\/2026\/04\/21\/la-ihf-nombra-a-los-miembros-de-las-comisiones-para-el-periodo-electoral-hasta-2029\/"},"wordCount":1261,"commentCount":0,"image":{"@id":"https:\/\/www.cope.es\/blogs\/derosca\/2026\/04\/21\/la-ihf-nombra-a-los-miembros-de-las-comisiones-para-el-periodo-electoral-hasta-2029\/#primaryimage"},"thumbnailUrl":"https:\/\/www.cope.es\/blogs\/derosca\/wp-content\/uploads\/sites\/22\/2026\/04\/IHF.jpg","articleSection":["Balonmano"],"inLanguage":"es","potentialAction":[{"@type":"CommentAction","name":"Comment","target":["https:\/\/www.cope.es\/blogs\/derosca\/2026\/04\/21\/la-ihf-nombra-a-los-miembros-de-las-comisiones-para-el-periodo-electoral-hasta-2029\/#respond"]}]},{"@type":"WebPage","@id":"https:\/\/www.cope.es\/blogs\/derosca\/2026\/04\/21\/la-ihf-nombra-a-los-miembros-de-las-comisiones-para-el-periodo-electoral-hasta-2029\/","url":"https:\/\/www.cope.es\/blogs\/derosca\/2026\/04\/21\/la-ihf-nombra-a-los-miembros-de-las-comisiones-para-el-periodo-electoral-hasta-2029\/","name":"La IHF nombra a los miembros de las Comisiones para el periodo electoral hasta 2029 - Derosca","isPartOf":{"@id":"https:\/\/www.cope.es\/blogs\/derosca\/#website"},"primaryImageOfPage":{"@id":"https:\/\/www.cope.es\/blogs\/derosca\/2026\/04\/21\/la-ihf-nombra-a-los-miembros-de-las-comisiones-para-el-periodo-electoral-hasta-2029\/#primaryimage"},"image":{"@id":"https:\/\/www.cope.es\/blogs\/derosca\/2026\/04\/21\/la-ihf-nombra-a-los-miembros-de-las-comisiones-para-el-periodo-electoral-hasta-2029\/#primaryimage"},"thumbnailUrl":"https:\/\/www.cope.es\/blogs\/derosca\/wp-content\/uploads\/sites\/22\/2026\/04\/IHF.jpg","datePublished":"2026-04-21T07:09:47+00:00","author":{"@id":"https:\/\/www.cope.es\/blogs\/derosca\/#\/schema\/person\/02d6fa6fa8d8db60f83303875a4ff77f"},"breadcrumb":{"@id":"https:\/\/www.cope.es\/blogs\/derosca\/2026\/04\/21\/la-ihf-nombra-a-los-miembros-de-las-comisiones-para-el-periodo-electoral-hasta-2029\/#breadcrumb"},"inLanguage":"es","potentialAction":[{"@type":"ReadAction","target":["https:\/\/www.cope.es\/blogs\/derosca\/2026\/04\/21\/la-ihf-nombra-a-los-miembros-de-las-comisiones-para-el-periodo-electoral-hasta-2029\/"]}]},{"@type":"ImageObject","inLanguage":"es","@id":"https:\/\/www.cope.es\/blogs\/derosca\/2026\/04\/21\/la-ihf-nombra-a-los-miembros-de-las-comisiones-para-el-periodo-electoral-hasta-2029\/#primaryimage","url":"https:\/\/www.cope.es\/blogs\/derosca\/wp-content\/uploads\/sites\/22\/2026\/04\/IHF.jpg","contentUrl":"https:\/\/www.cope.es\/blogs\/derosca\/wp-content\/uploads\/sites\/22\/2026\/04\/IHF.jpg","width":680,"height":307,"caption":"La IHF nombra a los miembros de las Comisiones para el periodo electoral hasta 2029"},{"@type":"BreadcrumbList","@id":"https:\/\/www.cope.es\/blogs\/derosca\/2026\/04\/21\/la-ihf-nombra-a-los-miembros-de-las-comisiones-para-el-periodo-electoral-hasta-2029\/#breadcrumb","itemListElement":[{"@type":"ListItem","position":1,"name":"Portada","item":"https:\/\/www.cope.es\/blogs\/derosca\/"},{"@type":"ListItem","position":2,"name":"La IHF nombra a los miembros de las Comisiones para el periodo electoral hasta 2029"}]},{"@type":"WebSite","@id":"https:\/\/www.cope.es\/blogs\/derosca\/#website","url":"https:\/\/www.cope.es\/blogs\/derosca\/","name":"Derosca","description":"Blog de balonmano COPE","potentialAction":[{"@type":"SearchAction","target":{"@type":"EntryPoint","urlTemplate":"https:\/\/www.cope.es\/blogs\/derosca\/?s={search_term_string}"},"query-input":{"@type":"PropertyValueSpecification","valueRequired":true,"valueName":"search_term_string"}}],"inLanguage":"es"},{"@type":"Person","@id":"https:\/\/www.cope.es\/blogs\/derosca\/#\/schema\/person\/02d6fa6fa8d8db60f83303875a4ff77f","name":"Luis Malvar","image":{"@type":"ImageObject","inLanguage":"es","@id":"https:\/\/secure.gravatar.com\/avatar\/23cd47dec2904689b3ccd32d1dd3e86c7cbf60dcf7376c68854f761a4939534f?s=96&d=mm&r=g","url":"https:\/\/secure.gravatar.com\/avatar\/23cd47dec2904689b3ccd32d1dd3e86c7cbf60dcf7376c68854f761a4939534f?s=96&d=mm&r=g","contentUrl":"https:\/\/secure.gravatar.com\/avatar\/23cd47dec2904689b3ccd32d1dd3e86c7cbf60dcf7376c68854f761a4939534f?s=96&d=mm&r=g","caption":"Luis Malvar"},"description":"Comenc\u00e9 la andadura del Blog Derosca all\u00e1 por el 22 de Mayo de 2008. Un blog en el que se trata de llevar a los numerosos aficionados y amantes del mundo del balonmano toda la actualidad de nuestro apasionante deporte. Una ventana que sirve para dar luz a las innumerables noticias que genera el balonmano y que habitualmente no tienen reflejo en los medios de comunicaci\u00f3n. Sin lugar a dudas el Blog Derosca cuenta con un apartado que tiene a gala contar con miles de seguidores como es \u201cMis Pajaritos\u201d en donde se relatan y narran todas las intrahistorias que se generan en el balonmano espa\u00f1ol y que incomoda a m\u00e1s de uno que salgan a la luz.!Gracias por seguirnos durante todos estos a\u00f1os\u00a1","sameAs":["http:\/\/www.cope.es","lmalvar"],"url":"https:\/\/www.cope.es\/blogs\/derosca\/author\/lmalvar\/"}]}},"amp_enabled":true,"_links":{"self":[{"href":"https:\/\/www.cope.es\/blogs\/derosca\/wp-json\/wp\/v2\/posts\/5027","targetHints":{"allow":["GET"]}}],"collection":[{"href":"https:\/\/www.cope.es\/blogs\/derosca\/wp-json\/wp\/v2\/posts"}],"about":[{"href":"https:\/\/www.cope.es\/blogs\/derosca\/wp-json\/wp\/v2\/types\/post"}],"author":[{"embeddable":true,"href":"https:\/\/www.cope.es\/blogs\/derosca\/wp-json\/wp\/v2\/users\/23"}],"replies":[{"embeddable":true,"href":"https:\/\/www.cope.es\/blogs\/derosca\/wp-json\/wp\/v2\/comments?post=5027"}],"version-history":[{"count":1,"href":"https:\/\/www.cope.es\/blogs\/derosca\/wp-json\/wp\/v2\/posts\/5027\/revisions"}],"predecessor-version":[{"id":5029,"href":"https:\/\/www.cope.es\/blogs\/derosca\/wp-json\/wp\/v2\/posts\/5027\/revisions\/5029"}],"wp:featuredmedia":[{"embeddable":true,"href":"https:\/\/www.cope.es\/blogs\/derosca\/wp-json\/wp\/v2\/media\/5028"}],"wp:attachment":[{"href":"https:\/\/www.cope.es\/blogs\/derosca\/wp-json\/wp\/v2\/media?parent=5027"}],"wp:term":[{"taxonomy":"category","embeddable":true,"href":"https:\/\/www.cope.es\/blogs\/derosca\/wp-json\/wp\/v2\/categories?post=5027"},{"taxonomy":"post_tag","embeddable":true,"href":"https:\/\/www.cope.es\/blogs\/derosca\/wp-json\/wp\/v2\/tags?post=5027"}],"curies":[{"name":"wp","href":"https:\/\/api.w.org\/{rel}","templated":true}]}}