{"id":4960,"date":"2026-03-12T09:11:26","date_gmt":"2026-03-12T08:11:26","guid":{"rendered":"https:\/\/www.cope.es\/blogs\/derosca\/?p=4960"},"modified":"2026-03-12T09:11:26","modified_gmt":"2026-03-12T08:11:26","slug":"aron-palmarsson-ha-debutado-como-entrenador-del-hafnarfjordur","status":"publish","type":"post","link":"https:\/\/www.cope.es\/blogs\/derosca\/2026\/03\/12\/aron-palmarsson-ha-debutado-como-entrenador-del-hafnarfjordur\/","title":{"rendered":"Aron Palmarsson ha debutado como entrenador del Hafnarfj\u00f6rdur"},"content":{"rendered":"<p><span style=\"font-family: Arial, sans-serif\">El gran jugador island\u00e9s Aron Palmarsson hab\u00eda descartado una carrera como entrenador pero ahora ha debutado como asistente en los clubes de su ciudad natal.<\/span><\/p>\n<p><span style=\"font-family: Arial, sans-serif\">Aron Palmarsson fue presentado a mediados del mes de Febrero como nuevo entrenador asistente del equipo masculino del FH Hafnarfj\u00f6rdur, club de primera divisi\u00f3n de Islandia. Debut\u00f3 Palmarsson como asistente hace unos d\u00edas, en un partido que el club gan\u00f3 por 33 \u2013 30 contra el UMF Selfoss.<\/span><\/p>\n<p><span style=\"font-family: Arial, sans-serif\">La temporada pasada Palmarsson, colg\u00f3 las zapatillas de balonmano y posteriormente fue contratado como asesor t\u00e9cnico del departamento de balonmano de FH Hafnarfj\u00f6rdur. A principios de Septiembre, habl\u00f3 sobre una posible carrera como entrenador en el programa de televisi\u00f3n island\u00e9s <\/span><em><span style=\"font-family: Arial, sans-serif\">Big Ben<\/span><\/em><span style=\"font-family: Arial, sans-serif\">, descart\u00e1ndola en aquel momento<\/span><\/p>\n<p><span style=\"font-family: Arial, sans-serif\">Palmarsson, entre otras cosas declar\u00f3 que no le interesaba. Se lo llevan preguntando desde que ten\u00eda veinte a\u00f1os. No le interesa. Simplemente tiene miedo de no poder cambiar nada. <\/span><\/p>\n<p><span style=\"font-family: Arial, sans-serif\">Recordemos que Palmarsson comenz\u00f3 su carrera como jugador en el a\u00f1o 1998 en el FH Hafnarfj\u00f6rdur, desde donde fich\u00f3 por el THW Kiel en 2009 y se convirti\u00f3 en una estrella internacional del balonmano. Con los Zebras, gan\u00f3 dos veces la Champions League y cinco campeonatos alemanes; adem\u00e1s, cosech\u00f3 t\u00edtulos en Veszpr\u00e9m, Barcelona y Aalborg. Fue nombrado dos veces Jugador de Balonmano del A\u00f1o de Islandia y, en 2012, incluso Deportista del A\u00f1o de Islandia.<\/span><\/p>\n<p><em><span style=\"color: #666666\"><span style=\"font-family: Arial, sans-serif\"><span style=\"font-size: medium\">Seguirnos en twitter: <\/span><\/span><\/span><\/em><span style=\"color: #000080\"><span><u><a href=\"#!\/deroscacope\"><span style=\"font-family: Arial, sans-serif\"><span style=\"font-size: medium\">https:\/\/twitter.com\/#!\/deroscacope<\/span><\/span><\/a><\/u><\/span><\/span><\/p>\n","protected":false},"excerpt":{"rendered":"<p>El gran jugador island\u00e9s Aron Palmarsson hab\u00eda descartado una carrera como entrenador pero ahora ha debutado como asistente en los clubes de su ciudad natal. Aron Palmarsson fue presentado a mediados del mes de Febrero como nuevo entrenador asistente del equipo masculino del FH Hafnarfj\u00f6rdur, club de primera divisi\u00f3n de Islandia. Debut\u00f3 Palmarsson como asistente [&hellip;]<\/p>\n","protected":false},"author":23,"featured_media":4961,"comment_status":"open","ping_status":"open","sticky":false,"template":"","format":"standard","meta":{"footnotes":""},"categories":[3],"tags":[],"class_list":["post-4960","post","type-post","status-publish","format-standard","has-post-thumbnail","hentry","category-balonmano"],"yoast_head":"<!-- This site is optimized with the Yoast SEO plugin v27.4 - https:\/\/yoast.com\/product\/yoast-seo-wordpress\/ -->\n<title>Aron Palmarsson ha debutado como entrenador del Hafnarfj\u00f6rdur - Derosca<\/title>\n<meta name=\"robots\" content=\"index, follow, max-snippet:-1, max-image-preview:large, max-video-preview:-1\" \/>\n<link rel=\"canonical\" href=\"https:\/\/www.cope.es\/blogs\/derosca\/2026\/03\/12\/aron-palmarsson-ha-debutado-como-entrenador-del-hafnarfjordur\/\" \/>\n<meta property=\"og:locale\" content=\"es_ES\" \/>\n<meta property=\"og:type\" content=\"article\" \/>\n<meta property=\"og:title\" content=\"Aron Palmarsson ha debutado como entrenador del Hafnarfj\u00f6rdur - Derosca\" \/>\n<meta property=\"og:description\" content=\"El gran jugador island\u00e9s Aron Palmarsson hab\u00eda descartado una carrera como entrenador pero ahora ha debutado como asistente en los clubes de su ciudad natal. Aron Palmarsson fue presentado a mediados del mes de Febrero como nuevo entrenador asistente del equipo masculino del FH Hafnarfj\u00f6rdur, club de primera divisi\u00f3n de Islandia. Debut\u00f3 Palmarsson como asistente [&hellip;]\" \/>\n<meta property=\"og:url\" content=\"https:\/\/www.cope.es\/blogs\/derosca\/2026\/03\/12\/aron-palmarsson-ha-debutado-como-entrenador-del-hafnarfjordur\/\" \/>\n<meta property=\"og:site_name\" content=\"Derosca\" \/>\n<meta property=\"article:publisher\" content=\"https:\/\/www.facebook.com\/cope\/\" \/>\n<meta property=\"article:published_time\" content=\"2026-03-12T08:11:26+00:00\" \/>\n<meta property=\"og:image\" content=\"http:\/\/www.cope.es\/blogs\/derosca\/wp-content\/uploads\/sites\/22\/2026\/03\/maxresdefault.jpg\" \/>\n\t<meta property=\"og:image:width\" content=\"680\" \/>\n\t<meta property=\"og:image:height\" content=\"485\" \/>\n\t<meta property=\"og:image:type\" content=\"image\/jpeg\" \/>\n<meta name=\"author\" content=\"Luis Malvar\" \/>\n<meta name=\"twitter:card\" content=\"summary_large_image\" \/>\n<meta name=\"twitter:creator\" content=\"@cope_es\" \/>\n<meta name=\"twitter:site\" content=\"@cope_es\" \/>\n<meta name=\"twitter:label1\" content=\"Escrito por\" \/>\n\t<meta name=\"twitter:data1\" content=\"Luis Malvar\" \/>\n\t<meta name=\"twitter:label2\" content=\"Tiempo de lectura\" \/>\n\t<meta name=\"twitter:data2\" content=\"2 minutos\" \/>\n<script type=\"application\/ld+json\" class=\"yoast-schema-graph\">{\"@context\":\"https:\\\/\\\/schema.org\",\"@graph\":[{\"@type\":\"Article\",\"@id\":\"https:\\\/\\\/www.cope.es\\\/blogs\\\/derosca\\\/2026\\\/03\\\/12\\\/aron-palmarsson-ha-debutado-como-entrenador-del-hafnarfjordur\\\/#article\",\"isPartOf\":{\"@id\":\"https:\\\/\\\/www.cope.es\\\/blogs\\\/derosca\\\/2026\\\/03\\\/12\\\/aron-palmarsson-ha-debutado-como-entrenador-del-hafnarfjordur\\\/\"},\"author\":{\"name\":\"Luis Malvar\",\"@id\":\"https:\\\/\\\/www.cope.es\\\/blogs\\\/derosca\\\/#\\\/schema\\\/person\\\/02d6fa6fa8d8db60f83303875a4ff77f\"},\"headline\":\"Aron Palmarsson ha debutado como entrenador del Hafnarfj\u00f6rdur\",\"datePublished\":\"2026-03-12T08:11:26+00:00\",\"mainEntityOfPage\":{\"@id\":\"https:\\\/\\\/www.cope.es\\\/blogs\\\/derosca\\\/2026\\\/03\\\/12\\\/aron-palmarsson-ha-debutado-como-entrenador-del-hafnarfjordur\\\/\"},\"wordCount\":252,\"commentCount\":0,\"image\":{\"@id\":\"https:\\\/\\\/www.cope.es\\\/blogs\\\/derosca\\\/2026\\\/03\\\/12\\\/aron-palmarsson-ha-debutado-como-entrenador-del-hafnarfjordur\\\/#primaryimage\"},\"thumbnailUrl\":\"https:\\\/\\\/www.cope.es\\\/blogs\\\/derosca\\\/wp-content\\\/uploads\\\/sites\\\/22\\\/2026\\\/03\\\/maxresdefault.jpg\",\"articleSection\":[\"Balonmano\"],\"inLanguage\":\"es\",\"potentialAction\":[{\"@type\":\"CommentAction\",\"name\":\"Comment\",\"target\":[\"https:\\\/\\\/www.cope.es\\\/blogs\\\/derosca\\\/2026\\\/03\\\/12\\\/aron-palmarsson-ha-debutado-como-entrenador-del-hafnarfjordur\\\/#respond\"]}]},{\"@type\":\"WebPage\",\"@id\":\"https:\\\/\\\/www.cope.es\\\/blogs\\\/derosca\\\/2026\\\/03\\\/12\\\/aron-palmarsson-ha-debutado-como-entrenador-del-hafnarfjordur\\\/\",\"url\":\"https:\\\/\\\/www.cope.es\\\/blogs\\\/derosca\\\/2026\\\/03\\\/12\\\/aron-palmarsson-ha-debutado-como-entrenador-del-hafnarfjordur\\\/\",\"name\":\"Aron Palmarsson ha debutado como entrenador del Hafnarfj\u00f6rdur - Derosca\",\"isPartOf\":{\"@id\":\"https:\\\/\\\/www.cope.es\\\/blogs\\\/derosca\\\/#website\"},\"primaryImageOfPage\":{\"@id\":\"https:\\\/\\\/www.cope.es\\\/blogs\\\/derosca\\\/2026\\\/03\\\/12\\\/aron-palmarsson-ha-debutado-como-entrenador-del-hafnarfjordur\\\/#primaryimage\"},\"image\":{\"@id\":\"https:\\\/\\\/www.cope.es\\\/blogs\\\/derosca\\\/2026\\\/03\\\/12\\\/aron-palmarsson-ha-debutado-como-entrenador-del-hafnarfjordur\\\/#primaryimage\"},\"thumbnailUrl\":\"https:\\\/\\\/www.cope.es\\\/blogs\\\/derosca\\\/wp-content\\\/uploads\\\/sites\\\/22\\\/2026\\\/03\\\/maxresdefault.jpg\",\"datePublished\":\"2026-03-12T08:11:26+00:00\",\"author\":{\"@id\":\"https:\\\/\\\/www.cope.es\\\/blogs\\\/derosca\\\/#\\\/schema\\\/person\\\/02d6fa6fa8d8db60f83303875a4ff77f\"},\"breadcrumb\":{\"@id\":\"https:\\\/\\\/www.cope.es\\\/blogs\\\/derosca\\\/2026\\\/03\\\/12\\\/aron-palmarsson-ha-debutado-como-entrenador-del-hafnarfjordur\\\/#breadcrumb\"},\"inLanguage\":\"es\",\"potentialAction\":[{\"@type\":\"ReadAction\",\"target\":[\"https:\\\/\\\/www.cope.es\\\/blogs\\\/derosca\\\/2026\\\/03\\\/12\\\/aron-palmarsson-ha-debutado-como-entrenador-del-hafnarfjordur\\\/\"]}]},{\"@type\":\"ImageObject\",\"inLanguage\":\"es\",\"@id\":\"https:\\\/\\\/www.cope.es\\\/blogs\\\/derosca\\\/2026\\\/03\\\/12\\\/aron-palmarsson-ha-debutado-como-entrenador-del-hafnarfjordur\\\/#primaryimage\",\"url\":\"https:\\\/\\\/www.cope.es\\\/blogs\\\/derosca\\\/wp-content\\\/uploads\\\/sites\\\/22\\\/2026\\\/03\\\/maxresdefault.jpg\",\"contentUrl\":\"https:\\\/\\\/www.cope.es\\\/blogs\\\/derosca\\\/wp-content\\\/uploads\\\/sites\\\/22\\\/2026\\\/03\\\/maxresdefault.jpg\",\"width\":680,\"height\":485,\"caption\":\"Aron Palmarsson ha debutado como entrenador del Hafnarfj\u00f6rdur\"},{\"@type\":\"BreadcrumbList\",\"@id\":\"https:\\\/\\\/www.cope.es\\\/blogs\\\/derosca\\\/2026\\\/03\\\/12\\\/aron-palmarsson-ha-debutado-como-entrenador-del-hafnarfjordur\\\/#breadcrumb\",\"itemListElement\":[{\"@type\":\"ListItem\",\"position\":1,\"name\":\"Portada\",\"item\":\"https:\\\/\\\/www.cope.es\\\/blogs\\\/derosca\\\/\"},{\"@type\":\"ListItem\",\"position\":2,\"name\":\"Aron Palmarsson ha debutado como entrenador del Hafnarfj\u00f6rdur\"}]},{\"@type\":\"WebSite\",\"@id\":\"https:\\\/\\\/www.cope.es\\\/blogs\\\/derosca\\\/#website\",\"url\":\"https:\\\/\\\/www.cope.es\\\/blogs\\\/derosca\\\/\",\"name\":\"Derosca\",\"description\":\"Blog de balonmano COPE\",\"potentialAction\":[{\"@type\":\"SearchAction\",\"target\":{\"@type\":\"EntryPoint\",\"urlTemplate\":\"https:\\\/\\\/www.cope.es\\\/blogs\\\/derosca\\\/?s={search_term_string}\"},\"query-input\":{\"@type\":\"PropertyValueSpecification\",\"valueRequired\":true,\"valueName\":\"search_term_string\"}}],\"inLanguage\":\"es\"},{\"@type\":\"Person\",\"@id\":\"https:\\\/\\\/www.cope.es\\\/blogs\\\/derosca\\\/#\\\/schema\\\/person\\\/02d6fa6fa8d8db60f83303875a4ff77f\",\"name\":\"Luis Malvar\",\"image\":{\"@type\":\"ImageObject\",\"inLanguage\":\"es\",\"@id\":\"https:\\\/\\\/secure.gravatar.com\\\/avatar\\\/23cd47dec2904689b3ccd32d1dd3e86c7cbf60dcf7376c68854f761a4939534f?s=96&d=mm&r=g\",\"url\":\"https:\\\/\\\/secure.gravatar.com\\\/avatar\\\/23cd47dec2904689b3ccd32d1dd3e86c7cbf60dcf7376c68854f761a4939534f?s=96&d=mm&r=g\",\"contentUrl\":\"https:\\\/\\\/secure.gravatar.com\\\/avatar\\\/23cd47dec2904689b3ccd32d1dd3e86c7cbf60dcf7376c68854f761a4939534f?s=96&d=mm&r=g\",\"caption\":\"Luis Malvar\"},\"description\":\"Comenc\u00e9 la andadura del Blog Derosca all\u00e1 por el 22 de Mayo de 2008. Un blog en el que se trata de llevar a los numerosos aficionados y amantes del mundo del balonmano toda la actualidad de nuestro apasionante deporte. Una ventana que sirve para dar luz a las innumerables noticias que genera el balonmano y que habitualmente no tienen reflejo en los medios de comunicaci\u00f3n. Sin lugar a dudas el Blog Derosca cuenta con un apartado que tiene a gala contar con miles de seguidores como es \u201cMis Pajaritos\u201d en donde se relatan y narran todas las intrahistorias que se generan en el balonmano espa\u00f1ol y que incomoda a m\u00e1s de uno que salgan a la luz.!Gracias por seguirnos durante todos estos a\u00f1os\u00a1\",\"sameAs\":[\"http:\\\/\\\/www.cope.es\",\"lmalvar\"],\"url\":\"https:\\\/\\\/www.cope.es\\\/blogs\\\/derosca\\\/author\\\/lmalvar\\\/\"}]}<\/script>\n<!-- \/ Yoast SEO plugin. -->","yoast_head_json":{"title":"Aron Palmarsson ha debutado como entrenador del Hafnarfj\u00f6rdur - Derosca","robots":{"index":"index","follow":"follow","max-snippet":"max-snippet:-1","max-image-preview":"max-image-preview:large","max-video-preview":"max-video-preview:-1"},"canonical":"https:\/\/www.cope.es\/blogs\/derosca\/2026\/03\/12\/aron-palmarsson-ha-debutado-como-entrenador-del-hafnarfjordur\/","og_locale":"es_ES","og_type":"article","og_title":"Aron Palmarsson ha debutado como entrenador del Hafnarfj\u00f6rdur - Derosca","og_description":"El gran jugador island\u00e9s Aron Palmarsson hab\u00eda descartado una carrera como entrenador pero ahora ha debutado como asistente en los clubes de su ciudad natal. Aron Palmarsson fue presentado a mediados del mes de Febrero como nuevo entrenador asistente del equipo masculino del FH Hafnarfj\u00f6rdur, club de primera divisi\u00f3n de Islandia. Debut\u00f3 Palmarsson como asistente [&hellip;]","og_url":"https:\/\/www.cope.es\/blogs\/derosca\/2026\/03\/12\/aron-palmarsson-ha-debutado-como-entrenador-del-hafnarfjordur\/","og_site_name":"Derosca","article_publisher":"https:\/\/www.facebook.com\/cope\/","article_published_time":"2026-03-12T08:11:26+00:00","og_image":[{"width":680,"height":485,"url":"http:\/\/www.cope.es\/blogs\/derosca\/wp-content\/uploads\/sites\/22\/2026\/03\/maxresdefault.jpg","type":"image\/jpeg"}],"author":"Luis Malvar","twitter_card":"summary_large_image","twitter_creator":"@cope_es","twitter_site":"@cope_es","twitter_misc":{"Escrito por":"Luis Malvar","Tiempo de lectura":"2 minutos"},"schema":{"@context":"https:\/\/schema.org","@graph":[{"@type":"Article","@id":"https:\/\/www.cope.es\/blogs\/derosca\/2026\/03\/12\/aron-palmarsson-ha-debutado-como-entrenador-del-hafnarfjordur\/#article","isPartOf":{"@id":"https:\/\/www.cope.es\/blogs\/derosca\/2026\/03\/12\/aron-palmarsson-ha-debutado-como-entrenador-del-hafnarfjordur\/"},"author":{"name":"Luis Malvar","@id":"https:\/\/www.cope.es\/blogs\/derosca\/#\/schema\/person\/02d6fa6fa8d8db60f83303875a4ff77f"},"headline":"Aron Palmarsson ha debutado como entrenador del Hafnarfj\u00f6rdur","datePublished":"2026-03-12T08:11:26+00:00","mainEntityOfPage":{"@id":"https:\/\/www.cope.es\/blogs\/derosca\/2026\/03\/12\/aron-palmarsson-ha-debutado-como-entrenador-del-hafnarfjordur\/"},"wordCount":252,"commentCount":0,"image":{"@id":"https:\/\/www.cope.es\/blogs\/derosca\/2026\/03\/12\/aron-palmarsson-ha-debutado-como-entrenador-del-hafnarfjordur\/#primaryimage"},"thumbnailUrl":"https:\/\/www.cope.es\/blogs\/derosca\/wp-content\/uploads\/sites\/22\/2026\/03\/maxresdefault.jpg","articleSection":["Balonmano"],"inLanguage":"es","potentialAction":[{"@type":"CommentAction","name":"Comment","target":["https:\/\/www.cope.es\/blogs\/derosca\/2026\/03\/12\/aron-palmarsson-ha-debutado-como-entrenador-del-hafnarfjordur\/#respond"]}]},{"@type":"WebPage","@id":"https:\/\/www.cope.es\/blogs\/derosca\/2026\/03\/12\/aron-palmarsson-ha-debutado-como-entrenador-del-hafnarfjordur\/","url":"https:\/\/www.cope.es\/blogs\/derosca\/2026\/03\/12\/aron-palmarsson-ha-debutado-como-entrenador-del-hafnarfjordur\/","name":"Aron Palmarsson ha debutado como entrenador del Hafnarfj\u00f6rdur - Derosca","isPartOf":{"@id":"https:\/\/www.cope.es\/blogs\/derosca\/#website"},"primaryImageOfPage":{"@id":"https:\/\/www.cope.es\/blogs\/derosca\/2026\/03\/12\/aron-palmarsson-ha-debutado-como-entrenador-del-hafnarfjordur\/#primaryimage"},"image":{"@id":"https:\/\/www.cope.es\/blogs\/derosca\/2026\/03\/12\/aron-palmarsson-ha-debutado-como-entrenador-del-hafnarfjordur\/#primaryimage"},"thumbnailUrl":"https:\/\/www.cope.es\/blogs\/derosca\/wp-content\/uploads\/sites\/22\/2026\/03\/maxresdefault.jpg","datePublished":"2026-03-12T08:11:26+00:00","author":{"@id":"https:\/\/www.cope.es\/blogs\/derosca\/#\/schema\/person\/02d6fa6fa8d8db60f83303875a4ff77f"},"breadcrumb":{"@id":"https:\/\/www.cope.es\/blogs\/derosca\/2026\/03\/12\/aron-palmarsson-ha-debutado-como-entrenador-del-hafnarfjordur\/#breadcrumb"},"inLanguage":"es","potentialAction":[{"@type":"ReadAction","target":["https:\/\/www.cope.es\/blogs\/derosca\/2026\/03\/12\/aron-palmarsson-ha-debutado-como-entrenador-del-hafnarfjordur\/"]}]},{"@type":"ImageObject","inLanguage":"es","@id":"https:\/\/www.cope.es\/blogs\/derosca\/2026\/03\/12\/aron-palmarsson-ha-debutado-como-entrenador-del-hafnarfjordur\/#primaryimage","url":"https:\/\/www.cope.es\/blogs\/derosca\/wp-content\/uploads\/sites\/22\/2026\/03\/maxresdefault.jpg","contentUrl":"https:\/\/www.cope.es\/blogs\/derosca\/wp-content\/uploads\/sites\/22\/2026\/03\/maxresdefault.jpg","width":680,"height":485,"caption":"Aron Palmarsson ha debutado como entrenador del Hafnarfj\u00f6rdur"},{"@type":"BreadcrumbList","@id":"https:\/\/www.cope.es\/blogs\/derosca\/2026\/03\/12\/aron-palmarsson-ha-debutado-como-entrenador-del-hafnarfjordur\/#breadcrumb","itemListElement":[{"@type":"ListItem","position":1,"name":"Portada","item":"https:\/\/www.cope.es\/blogs\/derosca\/"},{"@type":"ListItem","position":2,"name":"Aron Palmarsson ha debutado como entrenador del Hafnarfj\u00f6rdur"}]},{"@type":"WebSite","@id":"https:\/\/www.cope.es\/blogs\/derosca\/#website","url":"https:\/\/www.cope.es\/blogs\/derosca\/","name":"Derosca","description":"Blog de balonmano COPE","potentialAction":[{"@type":"SearchAction","target":{"@type":"EntryPoint","urlTemplate":"https:\/\/www.cope.es\/blogs\/derosca\/?s={search_term_string}"},"query-input":{"@type":"PropertyValueSpecification","valueRequired":true,"valueName":"search_term_string"}}],"inLanguage":"es"},{"@type":"Person","@id":"https:\/\/www.cope.es\/blogs\/derosca\/#\/schema\/person\/02d6fa6fa8d8db60f83303875a4ff77f","name":"Luis Malvar","image":{"@type":"ImageObject","inLanguage":"es","@id":"https:\/\/secure.gravatar.com\/avatar\/23cd47dec2904689b3ccd32d1dd3e86c7cbf60dcf7376c68854f761a4939534f?s=96&d=mm&r=g","url":"https:\/\/secure.gravatar.com\/avatar\/23cd47dec2904689b3ccd32d1dd3e86c7cbf60dcf7376c68854f761a4939534f?s=96&d=mm&r=g","contentUrl":"https:\/\/secure.gravatar.com\/avatar\/23cd47dec2904689b3ccd32d1dd3e86c7cbf60dcf7376c68854f761a4939534f?s=96&d=mm&r=g","caption":"Luis Malvar"},"description":"Comenc\u00e9 la andadura del Blog Derosca all\u00e1 por el 22 de Mayo de 2008. Un blog en el que se trata de llevar a los numerosos aficionados y amantes del mundo del balonmano toda la actualidad de nuestro apasionante deporte. Una ventana que sirve para dar luz a las innumerables noticias que genera el balonmano y que habitualmente no tienen reflejo en los medios de comunicaci\u00f3n. Sin lugar a dudas el Blog Derosca cuenta con un apartado que tiene a gala contar con miles de seguidores como es \u201cMis Pajaritos\u201d en donde se relatan y narran todas las intrahistorias que se generan en el balonmano espa\u00f1ol y que incomoda a m\u00e1s de uno que salgan a la luz.!Gracias por seguirnos durante todos estos a\u00f1os\u00a1","sameAs":["http:\/\/www.cope.es","lmalvar"],"url":"https:\/\/www.cope.es\/blogs\/derosca\/author\/lmalvar\/"}]}},"amp_enabled":true,"_links":{"self":[{"href":"https:\/\/www.cope.es\/blogs\/derosca\/wp-json\/wp\/v2\/posts\/4960","targetHints":{"allow":["GET"]}}],"collection":[{"href":"https:\/\/www.cope.es\/blogs\/derosca\/wp-json\/wp\/v2\/posts"}],"about":[{"href":"https:\/\/www.cope.es\/blogs\/derosca\/wp-json\/wp\/v2\/types\/post"}],"author":[{"embeddable":true,"href":"https:\/\/www.cope.es\/blogs\/derosca\/wp-json\/wp\/v2\/users\/23"}],"replies":[{"embeddable":true,"href":"https:\/\/www.cope.es\/blogs\/derosca\/wp-json\/wp\/v2\/comments?post=4960"}],"version-history":[{"count":1,"href":"https:\/\/www.cope.es\/blogs\/derosca\/wp-json\/wp\/v2\/posts\/4960\/revisions"}],"predecessor-version":[{"id":4962,"href":"https:\/\/www.cope.es\/blogs\/derosca\/wp-json\/wp\/v2\/posts\/4960\/revisions\/4962"}],"wp:featuredmedia":[{"embeddable":true,"href":"https:\/\/www.cope.es\/blogs\/derosca\/wp-json\/wp\/v2\/media\/4961"}],"wp:attachment":[{"href":"https:\/\/www.cope.es\/blogs\/derosca\/wp-json\/wp\/v2\/media?parent=4960"}],"wp:term":[{"taxonomy":"category","embeddable":true,"href":"https:\/\/www.cope.es\/blogs\/derosca\/wp-json\/wp\/v2\/categories?post=4960"},{"taxonomy":"post_tag","embeddable":true,"href":"https:\/\/www.cope.es\/blogs\/derosca\/wp-json\/wp\/v2\/tags?post=4960"}],"curies":[{"name":"wp","href":"https:\/\/api.w.org\/{rel}","templated":true}]}}