{"id":4954,"date":"2026-03-09T09:13:05","date_gmt":"2026-03-09T08:13:05","guid":{"rendered":"https:\/\/www.cope.es\/blogs\/derosca\/?p=4954"},"modified":"2026-03-09T09:13:05","modified_gmt":"2026-03-09T08:13:05","slug":"primera-lista-jugadores-convocados-de-talant-dujshebaev-como-seleccionador-francia","status":"publish","type":"post","link":"https:\/\/www.cope.es\/blogs\/derosca\/2026\/03\/09\/primera-lista-jugadores-convocados-de-talant-dujshebaev-como-seleccionador-francia\/","title":{"rendered":"Primera lista jugadores convocados de Talant Dujshebaev como Seleccionador Francia"},"content":{"rendered":"<p><span style=\"color: #0a1c4e\"><span style=\"font-family: Arial, sans-serif\"><span style=\"font-size: medium\">Ya conocemos la primera lista en la Selecci\u00f3n de Francia del nuevo seleccionador Talant Dujshebaev que ha convocado a un grupo de veinte jugadores con varias opciones importantes de cara al doble partido amistoso contra Espa\u00f1a.<\/span><\/span><\/span><\/p>\n<p><span style=\"color: #0a1c4e\"><span style=\"font-family: Arial, sans-serif\"><span style=\"font-size: medium\">Talant Dujshebaev <\/span><\/span><\/span><span style=\"color: #0a1c4e\"><span style=\"font-family: Arial, sans-serif\"><span style=\"font-size: medium\">acaba de anunciar su primera convocatoria como seleccionador <\/span><\/span><\/span><span style=\"color: #0a1c4e\"><span style=\"font-family: Arial, sans-serif\"><span style=\"font-size: medium\">franc\u00e9s<\/span><\/span><\/span><span style=\"color: #0a1c4e\"><span style=\"font-family: Arial, sans-serif\"><span style=\"font-size: medium\">, con algunas sorpresas. El nuevo seleccionador ha convocado a veinte jugadores, adem\u00e1s de <\/span><\/span><\/span><span style=\"color: #0a1c4e\"><span style=\"font-family: Arial, sans-serif\"><span style=\"font-size: medium\">Rubens Pierre,<\/span><\/span><\/span><b> <\/b><span style=\"color: #0a1c4e\"><span style=\"font-family: Arial, sans-serif\"><span style=\"font-size: medium\">que tendr\u00e1 que esperar hasta 2028 para jugar un partido con Francia, para el par\u00f3n internacional que comienza el pr\u00f3ximo 16 de Marzo con el doble partido contra <\/span><\/span><\/span><span style=\"color: #0a1c4e\"><span style=\"font-family: Arial, sans-serif\"><span style=\"font-size: medium\">Espa\u00f1a<\/span><\/span><\/span><span style=\"color: #0a1c4e\"><span style=\"font-family: Arial, sans-serif\"><span style=\"font-size: medium\">.<\/span><\/span><\/span><\/p>\n<p><span style=\"color: #0a1c4e\"><span style=\"font-family: Arial, sans-serif\"><span style=\"font-size: medium\">Se esperaba una nueva era con <\/span><\/span><\/span><span style=\"color: #0a1c4e\"><span style=\"font-family: Arial, sans-serif\"><span style=\"font-size: medium\">Talant Dujshebaev<\/span><\/span><\/span><span style=\"color: #0a1c4e\"><span style=\"font-family: Arial, sans-serif\"><span style=\"font-size: medium\">, y lo demostr\u00f3 desde su primera convocatoria experimentando. En la porter\u00eda, que segu\u00eda siendo una opci\u00f3n en desarrollo, <\/span><\/span><\/span><span style=\"color: #0a1c4e\"><span style=\"font-family: Arial, sans-serif\"><span style=\"font-size: medium\">R\u00e9mi Desbonnet <\/span><\/span><\/span><span style=\"color: #0a1c4e\"><span style=\"font-family: Arial, sans-serif\"><span style=\"font-size: medium\">no fue convocado, dando paso a <\/span><\/span><\/span><span style=\"color: #0a1c4e\"><span style=\"font-family: Arial, sans-serif\"><span style=\"font-size: medium\">Romain Mathias<\/span><\/span><\/span><span style=\"color: #0a1c4e\"><span style=\"font-family: Arial, sans-serif\"><span style=\"font-size: medium\">.<\/span><\/span><\/span><\/p>\n<p><span style=\"color: #0a1c4e\"><span style=\"font-family: Arial, sans-serif\"><span style=\"font-size: medium\">Otra gran sorpresa en la lista es la ausencia de <\/span><\/span><\/span><span style=\"color: #0a1c4e\"><span style=\"font-family: Arial, sans-serif\"><span style=\"font-size: medium\">Hugo Descat<\/span><\/span><\/span><span style=\"color: #0a1c4e\"><span style=\"font-family: Arial, sans-serif\"><span style=\"font-size: medium\">, que da paso en forma a <\/span><\/span><\/span><span style=\"color: #0a1c4e\"><span style=\"font-family: Arial, sans-serif\"><span style=\"font-size: medium\">Drevy Paschal. Wallem Peleka <\/span><\/span><\/span><span style=\"color: #0a1c4e\"><span style=\"font-family: Arial, sans-serif\"><span style=\"font-size: medium\">tampoco se incorporar\u00e1 a la Casa del Balonmano en dos semanas, ni tampoco <\/span><\/span><\/span><span style=\"color: #0a1c4e\"><span style=\"font-family: Arial, sans-serif\"><span style=\"font-size: medium\">Artur Lenne<\/span><\/span><\/span><span style=\"color: #0a1c4e\"><span style=\"font-family: Arial, sans-serif\"><span style=\"font-size: medium\">. El entrenador del Kielce ha optado por su jugador, <\/span><\/span><\/span><span style=\"color: #0a1c4e\"><span style=\"font-family: Arial, sans-serif\"><span style=\"font-size: medium\">Th\u00e9o Monar<\/span><\/span><\/span><span style=\"color: #0a1c4e\"><span style=\"font-family: Arial, sans-serif\"><span style=\"font-size: medium\">,<\/span><\/span><\/span><span style=\"color: #0a1c4e\"><span style=\"font-family: Arial, sans-serif\"><span style=\"font-size: medium\"> como cuarto pivote. Se trata de decisiones audaces, previsibles antes de enfrentarse a una selecci\u00f3n espa\u00f1ola en plena reconstrucci\u00f3n.<\/span><\/span><\/span><\/p>\n<p><span style=\"color: #0a1c4e\"><span style=\"font-family: Arial, sans-serif\"><span style=\"font-size: medium\"><u><b>La lista de jugadores convocados es la siguiente:<\/b><\/u><\/span><\/span><\/span><\/p>\n<p><span style=\"color: #0a1c4e\"><span style=\"font-family: Arial, sans-serif\"><span style=\"font-size: medium\"><u><b>Porteros: <\/b><\/u><\/span><\/span><\/span><span style=\"color: #0a1c4e\"><span style=\"font-family: Arial, sans-serif\"><span style=\"font-size: medium\">Charles BOLZINGER (Montpellier HB) &#8211; Valentin KIEFFER (Chamb\u00e9ry Savoie Mont Blanc HB) &#8211; Romain MATHIAS (Istres Provence HB).<\/span><\/span><\/span><\/p>\n<p><span style=\"color: #0a1c4e\"><span style=\"font-family: Arial, sans-serif\"><span style=\"font-size: medium\"><u><b>Extremos Izquierdos: <\/b><\/u><\/span><\/span><\/span><span style=\"color: #0a1c4e\"><span style=\"font-family: Arial, sans-serif\"><span style=\"font-size: medium\">Dylan NAHI (Industria Kielce) &#8211; Drevy PASCHAL (Saint-Rapha\u00ebl Var HB).<\/span><\/span><\/span><\/p>\n<p><span style=\"color: #0a1c4e\"><span style=\"font-family: Arial, sans-serif\"><span style=\"font-size: medium\"><u><b>Laterales Izquierdos: <\/b><\/u><\/span><\/span><\/span><span style=\"color: #0a1c4e\"><span style=\"font-family: Arial, sans-serif\"><span style=\"font-size: medium\">Thibaud BRIET (HBC Nantes) &#8211; \u00c9lohim PRANDI (Paris Saint Germain HB) &#8211; Aymeric ZAEPFEL (PAUC Handball).<\/span><\/span><\/span><\/p>\n<p><span style=\"color: #0a1c4e\"><span style=\"font-family: Arial, sans-serif\"><span style=\"font-size: medium\"><u><b>Centrales: <\/b><\/u><\/span><\/span><\/span><span style=\"color: #0a1c4e\"><span style=\"font-family: Arial, sans-serif\"><span style=\"font-size: medium\">Aymeric MINNE (Nantes HB) &#8211; Nedim REMILI (Veszpr\u00e9m).<\/span><\/span><\/span><\/p>\n<p><span style=\"color: #0a1c4e\"><span style=\"font-family: Arial, sans-serif\"><span style=\"font-size: medium\"><u><b>Pivotes: <\/b><\/u><\/span><\/span><\/span><span style=\"color: #0a1c4e\"><span style=\"font-family: Arial, sans-serif\"><span style=\"font-size: medium\">Ludovic FABREGAS (FC Barcelona) &#8211; Karl KONAN (Paris Saint Germain HB) &#8211; Th\u00e9o MONAR (Industria Kielce) &#8211; Nicolas TOURNAT (HBC Nantes).<\/span><\/span><\/span><\/p>\n<p><span style=\"color: #0a1c4e\"><span style=\"font-family: Arial, sans-serif\"><span style=\"font-size: medium\"><u><b>Laterales Derechos: <\/b><\/u><\/span><\/span><\/span><span style=\"color: #0a1c4e\"><span style=\"font-family: Arial, sans-serif\"><span style=\"font-size: medium\">Julien BOS (HBC Nantes) &#8211; Dika MEM (FC Barcelona) &#8211; Melvyn RICHARDSON (Orlen Wisla Plock).<\/span><\/span><\/span><\/p>\n<p><span style=\"color: #0a1c4e\"><span style=\"font-family: Arial, sans-serif\"><span style=\"font-size: medium\"><u><b>Extremos Derechos: <\/b><\/u><\/span><\/span><\/span><span style=\"color: #0a1c4e\"><span style=\"font-family: Arial, sans-serif\"><span style=\"font-size: medium\">Beno\u00eet KOUNKOUD (Industria Kielce) &#8211; Yanis LENNE (One Veszpr\u00e9m) &#8211; Benjamin RICHERT (Montpellier HB)<\/span><\/span><\/span><\/p>\n<p><em><span style=\"color: #666666\"><span style=\"font-family: Arial, sans-serif\"><span style=\"font-size: medium\">Seguirnos en twitter: <\/span><\/span><\/span><\/em><span style=\"color: #000080\"><span><u><a href=\"#!\/deroscacope\"><span style=\"font-family: Arial, sans-serif\"><span style=\"font-size: medium\">https:\/\/twitter.com\/#!\/deroscacope<\/span><\/span><\/a><\/u><\/span><\/span><\/p>\n","protected":false},"excerpt":{"rendered":"<p>Ya conocemos la primera lista en la Selecci\u00f3n de Francia del nuevo seleccionador Talant Dujshebaev que ha convocado a un grupo de veinte jugadores con varias opciones importantes de cara al doble partido amistoso contra Espa\u00f1a. Talant Dujshebaev acaba de anunciar su primera convocatoria como seleccionador franc\u00e9s, con algunas sorpresas. El nuevo seleccionador ha convocado [&hellip;]<\/p>\n","protected":false},"author":23,"featured_media":4955,"comment_status":"open","ping_status":"open","sticky":false,"template":"","format":"standard","meta":{"footnotes":""},"categories":[3],"tags":[],"class_list":["post-4954","post","type-post","status-publish","format-standard","has-post-thumbnail","hentry","category-balonmano"],"yoast_head":"<!-- This site is optimized with the Yoast SEO plugin v27.4 - https:\/\/yoast.com\/product\/yoast-seo-wordpress\/ -->\n<title>Primera lista jugadores convocados de Talant Dujshebaev como Seleccionador Francia - Derosca<\/title>\n<meta name=\"robots\" content=\"index, follow, max-snippet:-1, max-image-preview:large, max-video-preview:-1\" \/>\n<link rel=\"canonical\" href=\"https:\/\/www.cope.es\/blogs\/derosca\/2026\/03\/09\/primera-lista-jugadores-convocados-de-talant-dujshebaev-como-seleccionador-francia\/\" \/>\n<meta property=\"og:locale\" content=\"es_ES\" \/>\n<meta property=\"og:type\" content=\"article\" \/>\n<meta property=\"og:title\" content=\"Primera lista jugadores convocados de Talant Dujshebaev como Seleccionador Francia - Derosca\" \/>\n<meta property=\"og:description\" content=\"Ya conocemos la primera lista en la Selecci\u00f3n de Francia del nuevo seleccionador Talant Dujshebaev que ha convocado a un grupo de veinte jugadores con varias opciones importantes de cara al doble partido amistoso contra Espa\u00f1a. Talant Dujshebaev acaba de anunciar su primera convocatoria como seleccionador franc\u00e9s, con algunas sorpresas. El nuevo seleccionador ha convocado [&hellip;]\" \/>\n<meta property=\"og:url\" content=\"https:\/\/www.cope.es\/blogs\/derosca\/2026\/03\/09\/primera-lista-jugadores-convocados-de-talant-dujshebaev-como-seleccionador-francia\/\" \/>\n<meta property=\"og:site_name\" content=\"Derosca\" \/>\n<meta property=\"article:publisher\" content=\"https:\/\/www.facebook.com\/cope\/\" \/>\n<meta property=\"article:published_time\" content=\"2026-03-09T08:13:05+00:00\" \/>\n<meta property=\"og:image\" content=\"http:\/\/www.cope.es\/blogs\/derosca\/wp-content\/uploads\/sites\/22\/2026\/03\/Z8-FrdzL-1.jpeg\" \/>\n\t<meta property=\"og:image:width\" content=\"680\" \/>\n\t<meta property=\"og:image:height\" content=\"548\" \/>\n\t<meta property=\"og:image:type\" content=\"image\/jpeg\" \/>\n<meta name=\"author\" content=\"Luis Malvar\" \/>\n<meta name=\"twitter:card\" content=\"summary_large_image\" \/>\n<meta name=\"twitter:creator\" content=\"@cope_es\" \/>\n<meta name=\"twitter:site\" content=\"@cope_es\" \/>\n<meta name=\"twitter:label1\" content=\"Escrito por\" \/>\n\t<meta name=\"twitter:data1\" content=\"Luis Malvar\" \/>\n\t<meta name=\"twitter:label2\" content=\"Tiempo de lectura\" \/>\n\t<meta name=\"twitter:data2\" content=\"2 minutos\" \/>\n<script type=\"application\/ld+json\" class=\"yoast-schema-graph\">{\"@context\":\"https:\\\/\\\/schema.org\",\"@graph\":[{\"@type\":\"Article\",\"@id\":\"https:\\\/\\\/www.cope.es\\\/blogs\\\/derosca\\\/2026\\\/03\\\/09\\\/primera-lista-jugadores-convocados-de-talant-dujshebaev-como-seleccionador-francia\\\/#article\",\"isPartOf\":{\"@id\":\"https:\\\/\\\/www.cope.es\\\/blogs\\\/derosca\\\/2026\\\/03\\\/09\\\/primera-lista-jugadores-convocados-de-talant-dujshebaev-como-seleccionador-francia\\\/\"},\"author\":{\"name\":\"Luis Malvar\",\"@id\":\"https:\\\/\\\/www.cope.es\\\/blogs\\\/derosca\\\/#\\\/schema\\\/person\\\/02d6fa6fa8d8db60f83303875a4ff77f\"},\"headline\":\"Primera lista jugadores convocados de Talant Dujshebaev como Seleccionador Francia\",\"datePublished\":\"2026-03-09T08:13:05+00:00\",\"mainEntityOfPage\":{\"@id\":\"https:\\\/\\\/www.cope.es\\\/blogs\\\/derosca\\\/2026\\\/03\\\/09\\\/primera-lista-jugadores-convocados-de-talant-dujshebaev-como-seleccionador-francia\\\/\"},\"wordCount\":351,\"commentCount\":0,\"image\":{\"@id\":\"https:\\\/\\\/www.cope.es\\\/blogs\\\/derosca\\\/2026\\\/03\\\/09\\\/primera-lista-jugadores-convocados-de-talant-dujshebaev-como-seleccionador-francia\\\/#primaryimage\"},\"thumbnailUrl\":\"https:\\\/\\\/www.cope.es\\\/blogs\\\/derosca\\\/wp-content\\\/uploads\\\/sites\\\/22\\\/2026\\\/03\\\/Z8-FrdzL-1.jpeg\",\"articleSection\":[\"Balonmano\"],\"inLanguage\":\"es\",\"potentialAction\":[{\"@type\":\"CommentAction\",\"name\":\"Comment\",\"target\":[\"https:\\\/\\\/www.cope.es\\\/blogs\\\/derosca\\\/2026\\\/03\\\/09\\\/primera-lista-jugadores-convocados-de-talant-dujshebaev-como-seleccionador-francia\\\/#respond\"]}]},{\"@type\":\"WebPage\",\"@id\":\"https:\\\/\\\/www.cope.es\\\/blogs\\\/derosca\\\/2026\\\/03\\\/09\\\/primera-lista-jugadores-convocados-de-talant-dujshebaev-como-seleccionador-francia\\\/\",\"url\":\"https:\\\/\\\/www.cope.es\\\/blogs\\\/derosca\\\/2026\\\/03\\\/09\\\/primera-lista-jugadores-convocados-de-talant-dujshebaev-como-seleccionador-francia\\\/\",\"name\":\"Primera lista jugadores convocados de Talant Dujshebaev como Seleccionador Francia - Derosca\",\"isPartOf\":{\"@id\":\"https:\\\/\\\/www.cope.es\\\/blogs\\\/derosca\\\/#website\"},\"primaryImageOfPage\":{\"@id\":\"https:\\\/\\\/www.cope.es\\\/blogs\\\/derosca\\\/2026\\\/03\\\/09\\\/primera-lista-jugadores-convocados-de-talant-dujshebaev-como-seleccionador-francia\\\/#primaryimage\"},\"image\":{\"@id\":\"https:\\\/\\\/www.cope.es\\\/blogs\\\/derosca\\\/2026\\\/03\\\/09\\\/primera-lista-jugadores-convocados-de-talant-dujshebaev-como-seleccionador-francia\\\/#primaryimage\"},\"thumbnailUrl\":\"https:\\\/\\\/www.cope.es\\\/blogs\\\/derosca\\\/wp-content\\\/uploads\\\/sites\\\/22\\\/2026\\\/03\\\/Z8-FrdzL-1.jpeg\",\"datePublished\":\"2026-03-09T08:13:05+00:00\",\"author\":{\"@id\":\"https:\\\/\\\/www.cope.es\\\/blogs\\\/derosca\\\/#\\\/schema\\\/person\\\/02d6fa6fa8d8db60f83303875a4ff77f\"},\"breadcrumb\":{\"@id\":\"https:\\\/\\\/www.cope.es\\\/blogs\\\/derosca\\\/2026\\\/03\\\/09\\\/primera-lista-jugadores-convocados-de-talant-dujshebaev-como-seleccionador-francia\\\/#breadcrumb\"},\"inLanguage\":\"es\",\"potentialAction\":[{\"@type\":\"ReadAction\",\"target\":[\"https:\\\/\\\/www.cope.es\\\/blogs\\\/derosca\\\/2026\\\/03\\\/09\\\/primera-lista-jugadores-convocados-de-talant-dujshebaev-como-seleccionador-francia\\\/\"]}]},{\"@type\":\"ImageObject\",\"inLanguage\":\"es\",\"@id\":\"https:\\\/\\\/www.cope.es\\\/blogs\\\/derosca\\\/2026\\\/03\\\/09\\\/primera-lista-jugadores-convocados-de-talant-dujshebaev-como-seleccionador-francia\\\/#primaryimage\",\"url\":\"https:\\\/\\\/www.cope.es\\\/blogs\\\/derosca\\\/wp-content\\\/uploads\\\/sites\\\/22\\\/2026\\\/03\\\/Z8-FrdzL-1.jpeg\",\"contentUrl\":\"https:\\\/\\\/www.cope.es\\\/blogs\\\/derosca\\\/wp-content\\\/uploads\\\/sites\\\/22\\\/2026\\\/03\\\/Z8-FrdzL-1.jpeg\",\"width\":680,\"height\":548,\"caption\":\"Primera lista jugadores convocados de Talant Dujshebaev como Seleccionador Francia\"},{\"@type\":\"BreadcrumbList\",\"@id\":\"https:\\\/\\\/www.cope.es\\\/blogs\\\/derosca\\\/2026\\\/03\\\/09\\\/primera-lista-jugadores-convocados-de-talant-dujshebaev-como-seleccionador-francia\\\/#breadcrumb\",\"itemListElement\":[{\"@type\":\"ListItem\",\"position\":1,\"name\":\"Portada\",\"item\":\"https:\\\/\\\/www.cope.es\\\/blogs\\\/derosca\\\/\"},{\"@type\":\"ListItem\",\"position\":2,\"name\":\"Primera lista jugadores convocados de Talant Dujshebaev como Seleccionador Francia\"}]},{\"@type\":\"WebSite\",\"@id\":\"https:\\\/\\\/www.cope.es\\\/blogs\\\/derosca\\\/#website\",\"url\":\"https:\\\/\\\/www.cope.es\\\/blogs\\\/derosca\\\/\",\"name\":\"Derosca\",\"description\":\"Blog de balonmano COPE\",\"potentialAction\":[{\"@type\":\"SearchAction\",\"target\":{\"@type\":\"EntryPoint\",\"urlTemplate\":\"https:\\\/\\\/www.cope.es\\\/blogs\\\/derosca\\\/?s={search_term_string}\"},\"query-input\":{\"@type\":\"PropertyValueSpecification\",\"valueRequired\":true,\"valueName\":\"search_term_string\"}}],\"inLanguage\":\"es\"},{\"@type\":\"Person\",\"@id\":\"https:\\\/\\\/www.cope.es\\\/blogs\\\/derosca\\\/#\\\/schema\\\/person\\\/02d6fa6fa8d8db60f83303875a4ff77f\",\"name\":\"Luis Malvar\",\"image\":{\"@type\":\"ImageObject\",\"inLanguage\":\"es\",\"@id\":\"https:\\\/\\\/secure.gravatar.com\\\/avatar\\\/23cd47dec2904689b3ccd32d1dd3e86c7cbf60dcf7376c68854f761a4939534f?s=96&d=mm&r=g\",\"url\":\"https:\\\/\\\/secure.gravatar.com\\\/avatar\\\/23cd47dec2904689b3ccd32d1dd3e86c7cbf60dcf7376c68854f761a4939534f?s=96&d=mm&r=g\",\"contentUrl\":\"https:\\\/\\\/secure.gravatar.com\\\/avatar\\\/23cd47dec2904689b3ccd32d1dd3e86c7cbf60dcf7376c68854f761a4939534f?s=96&d=mm&r=g\",\"caption\":\"Luis Malvar\"},\"description\":\"Comenc\u00e9 la andadura del Blog Derosca all\u00e1 por el 22 de Mayo de 2008. Un blog en el que se trata de llevar a los numerosos aficionados y amantes del mundo del balonmano toda la actualidad de nuestro apasionante deporte. Una ventana que sirve para dar luz a las innumerables noticias que genera el balonmano y que habitualmente no tienen reflejo en los medios de comunicaci\u00f3n. Sin lugar a dudas el Blog Derosca cuenta con un apartado que tiene a gala contar con miles de seguidores como es \u201cMis Pajaritos\u201d en donde se relatan y narran todas las intrahistorias que se generan en el balonmano espa\u00f1ol y que incomoda a m\u00e1s de uno que salgan a la luz.!Gracias por seguirnos durante todos estos a\u00f1os\u00a1\",\"sameAs\":[\"http:\\\/\\\/www.cope.es\",\"lmalvar\"],\"url\":\"https:\\\/\\\/www.cope.es\\\/blogs\\\/derosca\\\/author\\\/lmalvar\\\/\"}]}<\/script>\n<!-- \/ Yoast SEO plugin. -->","yoast_head_json":{"title":"Primera lista jugadores convocados de Talant Dujshebaev como Seleccionador Francia - Derosca","robots":{"index":"index","follow":"follow","max-snippet":"max-snippet:-1","max-image-preview":"max-image-preview:large","max-video-preview":"max-video-preview:-1"},"canonical":"https:\/\/www.cope.es\/blogs\/derosca\/2026\/03\/09\/primera-lista-jugadores-convocados-de-talant-dujshebaev-como-seleccionador-francia\/","og_locale":"es_ES","og_type":"article","og_title":"Primera lista jugadores convocados de Talant Dujshebaev como Seleccionador Francia - Derosca","og_description":"Ya conocemos la primera lista en la Selecci\u00f3n de Francia del nuevo seleccionador Talant Dujshebaev que ha convocado a un grupo de veinte jugadores con varias opciones importantes de cara al doble partido amistoso contra Espa\u00f1a. Talant Dujshebaev acaba de anunciar su primera convocatoria como seleccionador franc\u00e9s, con algunas sorpresas. El nuevo seleccionador ha convocado [&hellip;]","og_url":"https:\/\/www.cope.es\/blogs\/derosca\/2026\/03\/09\/primera-lista-jugadores-convocados-de-talant-dujshebaev-como-seleccionador-francia\/","og_site_name":"Derosca","article_publisher":"https:\/\/www.facebook.com\/cope\/","article_published_time":"2026-03-09T08:13:05+00:00","og_image":[{"width":680,"height":548,"url":"http:\/\/www.cope.es\/blogs\/derosca\/wp-content\/uploads\/sites\/22\/2026\/03\/Z8-FrdzL-1.jpeg","type":"image\/jpeg"}],"author":"Luis Malvar","twitter_card":"summary_large_image","twitter_creator":"@cope_es","twitter_site":"@cope_es","twitter_misc":{"Escrito por":"Luis Malvar","Tiempo de lectura":"2 minutos"},"schema":{"@context":"https:\/\/schema.org","@graph":[{"@type":"Article","@id":"https:\/\/www.cope.es\/blogs\/derosca\/2026\/03\/09\/primera-lista-jugadores-convocados-de-talant-dujshebaev-como-seleccionador-francia\/#article","isPartOf":{"@id":"https:\/\/www.cope.es\/blogs\/derosca\/2026\/03\/09\/primera-lista-jugadores-convocados-de-talant-dujshebaev-como-seleccionador-francia\/"},"author":{"name":"Luis Malvar","@id":"https:\/\/www.cope.es\/blogs\/derosca\/#\/schema\/person\/02d6fa6fa8d8db60f83303875a4ff77f"},"headline":"Primera lista jugadores convocados de Talant Dujshebaev como Seleccionador Francia","datePublished":"2026-03-09T08:13:05+00:00","mainEntityOfPage":{"@id":"https:\/\/www.cope.es\/blogs\/derosca\/2026\/03\/09\/primera-lista-jugadores-convocados-de-talant-dujshebaev-como-seleccionador-francia\/"},"wordCount":351,"commentCount":0,"image":{"@id":"https:\/\/www.cope.es\/blogs\/derosca\/2026\/03\/09\/primera-lista-jugadores-convocados-de-talant-dujshebaev-como-seleccionador-francia\/#primaryimage"},"thumbnailUrl":"https:\/\/www.cope.es\/blogs\/derosca\/wp-content\/uploads\/sites\/22\/2026\/03\/Z8-FrdzL-1.jpeg","articleSection":["Balonmano"],"inLanguage":"es","potentialAction":[{"@type":"CommentAction","name":"Comment","target":["https:\/\/www.cope.es\/blogs\/derosca\/2026\/03\/09\/primera-lista-jugadores-convocados-de-talant-dujshebaev-como-seleccionador-francia\/#respond"]}]},{"@type":"WebPage","@id":"https:\/\/www.cope.es\/blogs\/derosca\/2026\/03\/09\/primera-lista-jugadores-convocados-de-talant-dujshebaev-como-seleccionador-francia\/","url":"https:\/\/www.cope.es\/blogs\/derosca\/2026\/03\/09\/primera-lista-jugadores-convocados-de-talant-dujshebaev-como-seleccionador-francia\/","name":"Primera lista jugadores convocados de Talant Dujshebaev como Seleccionador Francia - Derosca","isPartOf":{"@id":"https:\/\/www.cope.es\/blogs\/derosca\/#website"},"primaryImageOfPage":{"@id":"https:\/\/www.cope.es\/blogs\/derosca\/2026\/03\/09\/primera-lista-jugadores-convocados-de-talant-dujshebaev-como-seleccionador-francia\/#primaryimage"},"image":{"@id":"https:\/\/www.cope.es\/blogs\/derosca\/2026\/03\/09\/primera-lista-jugadores-convocados-de-talant-dujshebaev-como-seleccionador-francia\/#primaryimage"},"thumbnailUrl":"https:\/\/www.cope.es\/blogs\/derosca\/wp-content\/uploads\/sites\/22\/2026\/03\/Z8-FrdzL-1.jpeg","datePublished":"2026-03-09T08:13:05+00:00","author":{"@id":"https:\/\/www.cope.es\/blogs\/derosca\/#\/schema\/person\/02d6fa6fa8d8db60f83303875a4ff77f"},"breadcrumb":{"@id":"https:\/\/www.cope.es\/blogs\/derosca\/2026\/03\/09\/primera-lista-jugadores-convocados-de-talant-dujshebaev-como-seleccionador-francia\/#breadcrumb"},"inLanguage":"es","potentialAction":[{"@type":"ReadAction","target":["https:\/\/www.cope.es\/blogs\/derosca\/2026\/03\/09\/primera-lista-jugadores-convocados-de-talant-dujshebaev-como-seleccionador-francia\/"]}]},{"@type":"ImageObject","inLanguage":"es","@id":"https:\/\/www.cope.es\/blogs\/derosca\/2026\/03\/09\/primera-lista-jugadores-convocados-de-talant-dujshebaev-como-seleccionador-francia\/#primaryimage","url":"https:\/\/www.cope.es\/blogs\/derosca\/wp-content\/uploads\/sites\/22\/2026\/03\/Z8-FrdzL-1.jpeg","contentUrl":"https:\/\/www.cope.es\/blogs\/derosca\/wp-content\/uploads\/sites\/22\/2026\/03\/Z8-FrdzL-1.jpeg","width":680,"height":548,"caption":"Primera lista jugadores convocados de Talant Dujshebaev como Seleccionador Francia"},{"@type":"BreadcrumbList","@id":"https:\/\/www.cope.es\/blogs\/derosca\/2026\/03\/09\/primera-lista-jugadores-convocados-de-talant-dujshebaev-como-seleccionador-francia\/#breadcrumb","itemListElement":[{"@type":"ListItem","position":1,"name":"Portada","item":"https:\/\/www.cope.es\/blogs\/derosca\/"},{"@type":"ListItem","position":2,"name":"Primera lista jugadores convocados de Talant Dujshebaev como Seleccionador Francia"}]},{"@type":"WebSite","@id":"https:\/\/www.cope.es\/blogs\/derosca\/#website","url":"https:\/\/www.cope.es\/blogs\/derosca\/","name":"Derosca","description":"Blog de balonmano COPE","potentialAction":[{"@type":"SearchAction","target":{"@type":"EntryPoint","urlTemplate":"https:\/\/www.cope.es\/blogs\/derosca\/?s={search_term_string}"},"query-input":{"@type":"PropertyValueSpecification","valueRequired":true,"valueName":"search_term_string"}}],"inLanguage":"es"},{"@type":"Person","@id":"https:\/\/www.cope.es\/blogs\/derosca\/#\/schema\/person\/02d6fa6fa8d8db60f83303875a4ff77f","name":"Luis Malvar","image":{"@type":"ImageObject","inLanguage":"es","@id":"https:\/\/secure.gravatar.com\/avatar\/23cd47dec2904689b3ccd32d1dd3e86c7cbf60dcf7376c68854f761a4939534f?s=96&d=mm&r=g","url":"https:\/\/secure.gravatar.com\/avatar\/23cd47dec2904689b3ccd32d1dd3e86c7cbf60dcf7376c68854f761a4939534f?s=96&d=mm&r=g","contentUrl":"https:\/\/secure.gravatar.com\/avatar\/23cd47dec2904689b3ccd32d1dd3e86c7cbf60dcf7376c68854f761a4939534f?s=96&d=mm&r=g","caption":"Luis Malvar"},"description":"Comenc\u00e9 la andadura del Blog Derosca all\u00e1 por el 22 de Mayo de 2008. Un blog en el que se trata de llevar a los numerosos aficionados y amantes del mundo del balonmano toda la actualidad de nuestro apasionante deporte. Una ventana que sirve para dar luz a las innumerables noticias que genera el balonmano y que habitualmente no tienen reflejo en los medios de comunicaci\u00f3n. Sin lugar a dudas el Blog Derosca cuenta con un apartado que tiene a gala contar con miles de seguidores como es \u201cMis Pajaritos\u201d en donde se relatan y narran todas las intrahistorias que se generan en el balonmano espa\u00f1ol y que incomoda a m\u00e1s de uno que salgan a la luz.!Gracias por seguirnos durante todos estos a\u00f1os\u00a1","sameAs":["http:\/\/www.cope.es","lmalvar"],"url":"https:\/\/www.cope.es\/blogs\/derosca\/author\/lmalvar\/"}]}},"amp_enabled":true,"_links":{"self":[{"href":"https:\/\/www.cope.es\/blogs\/derosca\/wp-json\/wp\/v2\/posts\/4954","targetHints":{"allow":["GET"]}}],"collection":[{"href":"https:\/\/www.cope.es\/blogs\/derosca\/wp-json\/wp\/v2\/posts"}],"about":[{"href":"https:\/\/www.cope.es\/blogs\/derosca\/wp-json\/wp\/v2\/types\/post"}],"author":[{"embeddable":true,"href":"https:\/\/www.cope.es\/blogs\/derosca\/wp-json\/wp\/v2\/users\/23"}],"replies":[{"embeddable":true,"href":"https:\/\/www.cope.es\/blogs\/derosca\/wp-json\/wp\/v2\/comments?post=4954"}],"version-history":[{"count":1,"href":"https:\/\/www.cope.es\/blogs\/derosca\/wp-json\/wp\/v2\/posts\/4954\/revisions"}],"predecessor-version":[{"id":4956,"href":"https:\/\/www.cope.es\/blogs\/derosca\/wp-json\/wp\/v2\/posts\/4954\/revisions\/4956"}],"wp:featuredmedia":[{"embeddable":true,"href":"https:\/\/www.cope.es\/blogs\/derosca\/wp-json\/wp\/v2\/media\/4955"}],"wp:attachment":[{"href":"https:\/\/www.cope.es\/blogs\/derosca\/wp-json\/wp\/v2\/media?parent=4954"}],"wp:term":[{"taxonomy":"category","embeddable":true,"href":"https:\/\/www.cope.es\/blogs\/derosca\/wp-json\/wp\/v2\/categories?post=4954"},{"taxonomy":"post_tag","embeddable":true,"href":"https:\/\/www.cope.es\/blogs\/derosca\/wp-json\/wp\/v2\/tags?post=4954"}],"curies":[{"name":"wp","href":"https:\/\/api.w.org\/{rel}","templated":true}]}}