{"id":495,"date":"2019-01-16T10:34:55","date_gmt":"2019-01-16T09:34:55","guid":{"rendered":"http:\/\/www.cope.es\/blogs\/derosca\/?p=495"},"modified":"2019-01-16T10:34:55","modified_gmt":"2019-01-16T09:34:55","slug":"espana-macedonia-segunda-revalida-para-los-hispanos-en-el-mundial-2019","status":"publish","type":"post","link":"https:\/\/www.cope.es\/blogs\/derosca\/2019\/01\/16\/espana-macedonia-segunda-revalida-para-los-hispanos-en-el-mundial-2019\/","title":{"rendered":"Espa\u00f1a &#8211; Macedonia. Segunda revalida para los Hispanos en el Mundial 2019"},"content":{"rendered":"<p>Esta tarde, en el OlympiaHalle de Munich, la Selecci\u00f3n Espa\u00f1ola tiene su segundo partido m\u00e1s importante del Mundial 2019. Espa\u00f1a &#8211; Macedonia a las 20,30 dirigido por los colegiados suizos Brunner y Salah. Empieza la hora de la verdad para ver las posibilidades que tienen nuestros Hispanos para poder luchar con garant\u00edas en lo que queda de campeonato.<\/p>\n<p>Enfrente vamos a tener a una Macedonia que tiene un l\u00edder claro y que todos los buenos aficionados espa\u00f1oles al mundo de balonmano conocen de sobra como es Kiro Lazarov. Una Macedonia que con unas caracter\u00edsticas de un juego de siete contra seis, por lo que Espa\u00f1a debe estar muy concentrada en defensa, conscientes de que ese es su juego y su nivel de efectividad habr\u00e1 que intentarlo restar. Importante una vez para los Hispanos va a ser la intensidad defensiva para poder recuperar balones y en ataque tener continuidad y ser m\u00e1s efectivos en las acciones f\u00e1ciles de lanzamiento.<\/p>\n<p>Para Jordi Ribera, Seleccionador Espa\u00f1ol, Lazarov es la pieza clave. Es un jugador que t\u00e1cticamente se adapta muy bien a esa forma de juego que tiene Macedonia y le da mucha variedad a las finalizaciones, ya que\u00a0adem\u00e1s de lanzar desde atr\u00e1s, sabe buscar muy bien tanto a los pivotes como a los extremos.<\/p>\n<p>Por otro lado al cuerpo t\u00e9cnico espa\u00f1ol no le preocupa que en el banquillo de Macedonia tambi\u00e9n est\u00e9n dos entrenadores hispanos como Ra\u00fal Gonz\u00e1lez y Roberto Garc\u00eda Parrondo, los t\u00e9cnicos que tiene Macedonia son muy buenos, reconocidos, con amplia experiencia y que est\u00e1n entrenando a grandes equipos de la Champions League y eso siempre es un plus mas.<\/p>\n<p>Lo que s\u00ed est\u00e1 muy claro es que esta tarde Espa\u00f1a ante Macedonia si quiere ganar el partido no puede fallar en tener una buena fluidez en ataque, mantenerla para poder conseguir acciones de gol f\u00e1ciles y meterlas, y sobretodo concentrarnos al m\u00e1ximo en el trabajo defensivo que no existan acciones de sorpresas de los macedonios sino que seamos nosotros los que generemos las situaciones de ataque.<\/p>\n<p>La gran duda en la noche de hoy en la Selecci\u00f3n de Espa\u00f1a se llama Dani Sarmiento. En la tarde de ayer el canario no entren\u00f3 en el olympiahalle con el resto de sus compa\u00f1eros debido a que sufre una contractura cervical secundaria al traumatismo de un golpe en la cabeza cervical durante los \u00faltimos minutos del partido que enfrent\u00f3 el pasado domingo a Espa\u00f1a con Islandia de la que volvi\u00f3 a resentirse el lunes, tras sufrir un nuevo golpe en el partido con Jap\u00f3n. De todos modos Jordi Ribera es optimista y piensa que van a poder conseguir recuperarlo para que juegue esta tarde ante Macedonia.<\/p>\n<p>Seguirnos en twitter:\u00a0<a href=\"https:\/\/twitter.com\/\"><strong>https:\/\/twitter.com\/#!\/deroscacope<\/strong><\/a><\/p>\n","protected":false},"excerpt":{"rendered":"<p>Esta tarde, en el OlympiaHalle de Munich, la Selecci\u00f3n Espa\u00f1ola tiene su segundo partido m\u00e1s importante del Mundial 2019. Espa\u00f1a &#8211; Macedonia a las 20,30 dirigido por los colegiados suizos Brunner y Salah. Empieza la hora de la verdad para ver las posibilidades que tienen nuestros Hispanos para poder luchar con garant\u00edas en lo que [&hellip;]<\/p>\n","protected":false},"author":23,"featured_media":496,"comment_status":"open","ping_status":"open","sticky":false,"template":"","format":"standard","meta":{"footnotes":""},"categories":[3],"tags":[],"class_list":["post-495","post","type-post","status-publish","format-standard","has-post-thumbnail","hentry","category-balonmano"],"yoast_head":"<!-- This site is optimized with the Yoast SEO plugin v27.4 - https:\/\/yoast.com\/product\/yoast-seo-wordpress\/ -->\n<title>Espa\u00f1a - Macedonia. Segunda revalida para los Hispanos en el Mundial 2019 - Derosca<\/title>\n<meta name=\"robots\" content=\"index, follow, max-snippet:-1, max-image-preview:large, max-video-preview:-1\" \/>\n<link rel=\"canonical\" href=\"https:\/\/www.cope.es\/blogs\/derosca\/2019\/01\/16\/espana-macedonia-segunda-revalida-para-los-hispanos-en-el-mundial-2019\/\" \/>\n<meta property=\"og:locale\" content=\"es_ES\" \/>\n<meta property=\"og:type\" content=\"article\" \/>\n<meta property=\"og:title\" content=\"Espa\u00f1a - Macedonia. Segunda revalida para los Hispanos en el Mundial 2019 - Derosca\" \/>\n<meta property=\"og:description\" content=\"Esta tarde, en el OlympiaHalle de Munich, la Selecci\u00f3n Espa\u00f1ola tiene su segundo partido m\u00e1s importante del Mundial 2019. Espa\u00f1a &#8211; Macedonia a las 20,30 dirigido por los colegiados suizos Brunner y Salah. Empieza la hora de la verdad para ver las posibilidades que tienen nuestros Hispanos para poder luchar con garant\u00edas en lo que [&hellip;]\" \/>\n<meta property=\"og:url\" content=\"https:\/\/www.cope.es\/blogs\/derosca\/2019\/01\/16\/espana-macedonia-segunda-revalida-para-los-hispanos-en-el-mundial-2019\/\" \/>\n<meta property=\"og:site_name\" content=\"Derosca\" \/>\n<meta property=\"article:publisher\" content=\"https:\/\/www.facebook.com\/cope\/\" \/>\n<meta property=\"article:published_time\" content=\"2019-01-16T09:34:55+00:00\" \/>\n<meta property=\"og:image\" content=\"https:\/\/www.cope.es\/blogs\/derosca\/wp-content\/uploads\/sites\/22\/2019\/01\/muenchen_725x366-1.jpg\" \/>\n\t<meta property=\"og:image:width\" content=\"725\" \/>\n\t<meta property=\"og:image:height\" content=\"356\" \/>\n\t<meta property=\"og:image:type\" content=\"image\/jpeg\" \/>\n<meta name=\"author\" content=\"Luis Malvar\" \/>\n<meta name=\"twitter:card\" content=\"summary_large_image\" \/>\n<meta name=\"twitter:creator\" content=\"@cope_es\" \/>\n<meta name=\"twitter:site\" content=\"@cope_es\" \/>\n<meta name=\"twitter:label1\" content=\"Escrito por\" \/>\n\t<meta name=\"twitter:data1\" content=\"Luis Malvar\" \/>\n\t<meta name=\"twitter:label2\" content=\"Tiempo de lectura\" \/>\n\t<meta name=\"twitter:data2\" content=\"2 minutos\" \/>\n<script type=\"application\/ld+json\" class=\"yoast-schema-graph\">{\"@context\":\"https:\\\/\\\/schema.org\",\"@graph\":[{\"@type\":\"Article\",\"@id\":\"https:\\\/\\\/www.cope.es\\\/blogs\\\/derosca\\\/2019\\\/01\\\/16\\\/espana-macedonia-segunda-revalida-para-los-hispanos-en-el-mundial-2019\\\/#article\",\"isPartOf\":{\"@id\":\"https:\\\/\\\/www.cope.es\\\/blogs\\\/derosca\\\/2019\\\/01\\\/16\\\/espana-macedonia-segunda-revalida-para-los-hispanos-en-el-mundial-2019\\\/\"},\"author\":{\"name\":\"Luis Malvar\",\"@id\":\"https:\\\/\\\/www.cope.es\\\/blogs\\\/derosca\\\/#\\\/schema\\\/person\\\/02d6fa6fa8d8db60f83303875a4ff77f\"},\"headline\":\"Espa\u00f1a &#8211; Macedonia. Segunda revalida para los Hispanos en el Mundial 2019\",\"datePublished\":\"2019-01-16T09:34:55+00:00\",\"mainEntityOfPage\":{\"@id\":\"https:\\\/\\\/www.cope.es\\\/blogs\\\/derosca\\\/2019\\\/01\\\/16\\\/espana-macedonia-segunda-revalida-para-los-hispanos-en-el-mundial-2019\\\/\"},\"wordCount\":493,\"commentCount\":0,\"image\":{\"@id\":\"https:\\\/\\\/www.cope.es\\\/blogs\\\/derosca\\\/2019\\\/01\\\/16\\\/espana-macedonia-segunda-revalida-para-los-hispanos-en-el-mundial-2019\\\/#primaryimage\"},\"thumbnailUrl\":\"https:\\\/\\\/www.cope.es\\\/blogs\\\/derosca\\\/wp-content\\\/uploads\\\/sites\\\/22\\\/2019\\\/01\\\/muenchen_725x366-1.jpg\",\"articleSection\":[\"Balonmano\"],\"inLanguage\":\"es\",\"potentialAction\":[{\"@type\":\"CommentAction\",\"name\":\"Comment\",\"target\":[\"https:\\\/\\\/www.cope.es\\\/blogs\\\/derosca\\\/2019\\\/01\\\/16\\\/espana-macedonia-segunda-revalida-para-los-hispanos-en-el-mundial-2019\\\/#respond\"]}]},{\"@type\":\"WebPage\",\"@id\":\"https:\\\/\\\/www.cope.es\\\/blogs\\\/derosca\\\/2019\\\/01\\\/16\\\/espana-macedonia-segunda-revalida-para-los-hispanos-en-el-mundial-2019\\\/\",\"url\":\"https:\\\/\\\/www.cope.es\\\/blogs\\\/derosca\\\/2019\\\/01\\\/16\\\/espana-macedonia-segunda-revalida-para-los-hispanos-en-el-mundial-2019\\\/\",\"name\":\"Espa\u00f1a - Macedonia. Segunda revalida para los Hispanos en el Mundial 2019 - Derosca\",\"isPartOf\":{\"@id\":\"https:\\\/\\\/www.cope.es\\\/blogs\\\/derosca\\\/#website\"},\"primaryImageOfPage\":{\"@id\":\"https:\\\/\\\/www.cope.es\\\/blogs\\\/derosca\\\/2019\\\/01\\\/16\\\/espana-macedonia-segunda-revalida-para-los-hispanos-en-el-mundial-2019\\\/#primaryimage\"},\"image\":{\"@id\":\"https:\\\/\\\/www.cope.es\\\/blogs\\\/derosca\\\/2019\\\/01\\\/16\\\/espana-macedonia-segunda-revalida-para-los-hispanos-en-el-mundial-2019\\\/#primaryimage\"},\"thumbnailUrl\":\"https:\\\/\\\/www.cope.es\\\/blogs\\\/derosca\\\/wp-content\\\/uploads\\\/sites\\\/22\\\/2019\\\/01\\\/muenchen_725x366-1.jpg\",\"datePublished\":\"2019-01-16T09:34:55+00:00\",\"author\":{\"@id\":\"https:\\\/\\\/www.cope.es\\\/blogs\\\/derosca\\\/#\\\/schema\\\/person\\\/02d6fa6fa8d8db60f83303875a4ff77f\"},\"breadcrumb\":{\"@id\":\"https:\\\/\\\/www.cope.es\\\/blogs\\\/derosca\\\/2019\\\/01\\\/16\\\/espana-macedonia-segunda-revalida-para-los-hispanos-en-el-mundial-2019\\\/#breadcrumb\"},\"inLanguage\":\"es\",\"potentialAction\":[{\"@type\":\"ReadAction\",\"target\":[\"https:\\\/\\\/www.cope.es\\\/blogs\\\/derosca\\\/2019\\\/01\\\/16\\\/espana-macedonia-segunda-revalida-para-los-hispanos-en-el-mundial-2019\\\/\"]}]},{\"@type\":\"ImageObject\",\"inLanguage\":\"es\",\"@id\":\"https:\\\/\\\/www.cope.es\\\/blogs\\\/derosca\\\/2019\\\/01\\\/16\\\/espana-macedonia-segunda-revalida-para-los-hispanos-en-el-mundial-2019\\\/#primaryimage\",\"url\":\"https:\\\/\\\/www.cope.es\\\/blogs\\\/derosca\\\/wp-content\\\/uploads\\\/sites\\\/22\\\/2019\\\/01\\\/muenchen_725x366-1.jpg\",\"contentUrl\":\"https:\\\/\\\/www.cope.es\\\/blogs\\\/derosca\\\/wp-content\\\/uploads\\\/sites\\\/22\\\/2019\\\/01\\\/muenchen_725x366-1.jpg\",\"width\":725,\"height\":356,\"caption\":\"Espa\u00f1a - Macedonia. Segunda rev\u00e1lida para los Hispanos en el Mundial 2019\"},{\"@type\":\"BreadcrumbList\",\"@id\":\"https:\\\/\\\/www.cope.es\\\/blogs\\\/derosca\\\/2019\\\/01\\\/16\\\/espana-macedonia-segunda-revalida-para-los-hispanos-en-el-mundial-2019\\\/#breadcrumb\",\"itemListElement\":[{\"@type\":\"ListItem\",\"position\":1,\"name\":\"Portada\",\"item\":\"https:\\\/\\\/www.cope.es\\\/blogs\\\/derosca\\\/\"},{\"@type\":\"ListItem\",\"position\":2,\"name\":\"Espa\u00f1a &#8211; Macedonia. Segunda revalida para los Hispanos en el Mundial 2019\"}]},{\"@type\":\"WebSite\",\"@id\":\"https:\\\/\\\/www.cope.es\\\/blogs\\\/derosca\\\/#website\",\"url\":\"https:\\\/\\\/www.cope.es\\\/blogs\\\/derosca\\\/\",\"name\":\"Derosca\",\"description\":\"Blog de balonmano COPE\",\"potentialAction\":[{\"@type\":\"SearchAction\",\"target\":{\"@type\":\"EntryPoint\",\"urlTemplate\":\"https:\\\/\\\/www.cope.es\\\/blogs\\\/derosca\\\/?s={search_term_string}\"},\"query-input\":{\"@type\":\"PropertyValueSpecification\",\"valueRequired\":true,\"valueName\":\"search_term_string\"}}],\"inLanguage\":\"es\"},{\"@type\":\"Person\",\"@id\":\"https:\\\/\\\/www.cope.es\\\/blogs\\\/derosca\\\/#\\\/schema\\\/person\\\/02d6fa6fa8d8db60f83303875a4ff77f\",\"name\":\"Luis Malvar\",\"image\":{\"@type\":\"ImageObject\",\"inLanguage\":\"es\",\"@id\":\"https:\\\/\\\/secure.gravatar.com\\\/avatar\\\/23cd47dec2904689b3ccd32d1dd3e86c7cbf60dcf7376c68854f761a4939534f?s=96&d=mm&r=g\",\"url\":\"https:\\\/\\\/secure.gravatar.com\\\/avatar\\\/23cd47dec2904689b3ccd32d1dd3e86c7cbf60dcf7376c68854f761a4939534f?s=96&d=mm&r=g\",\"contentUrl\":\"https:\\\/\\\/secure.gravatar.com\\\/avatar\\\/23cd47dec2904689b3ccd32d1dd3e86c7cbf60dcf7376c68854f761a4939534f?s=96&d=mm&r=g\",\"caption\":\"Luis Malvar\"},\"description\":\"Comenc\u00e9 la andadura del Blog Derosca all\u00e1 por el 22 de Mayo de 2008. Un blog en el que se trata de llevar a los numerosos aficionados y amantes del mundo del balonmano toda la actualidad de nuestro apasionante deporte. Una ventana que sirve para dar luz a las innumerables noticias que genera el balonmano y que habitualmente no tienen reflejo en los medios de comunicaci\u00f3n. Sin lugar a dudas el Blog Derosca cuenta con un apartado que tiene a gala contar con miles de seguidores como es \u201cMis Pajaritos\u201d en donde se relatan y narran todas las intrahistorias que se generan en el balonmano espa\u00f1ol y que incomoda a m\u00e1s de uno que salgan a la luz.!Gracias por seguirnos durante todos estos a\u00f1os\u00a1\",\"sameAs\":[\"http:\\\/\\\/www.cope.es\",\"lmalvar\"],\"url\":\"https:\\\/\\\/www.cope.es\\\/blogs\\\/derosca\\\/author\\\/lmalvar\\\/\"}]}<\/script>\n<!-- \/ Yoast SEO plugin. -->","yoast_head_json":{"title":"Espa\u00f1a - Macedonia. Segunda revalida para los Hispanos en el Mundial 2019 - Derosca","robots":{"index":"index","follow":"follow","max-snippet":"max-snippet:-1","max-image-preview":"max-image-preview:large","max-video-preview":"max-video-preview:-1"},"canonical":"https:\/\/www.cope.es\/blogs\/derosca\/2019\/01\/16\/espana-macedonia-segunda-revalida-para-los-hispanos-en-el-mundial-2019\/","og_locale":"es_ES","og_type":"article","og_title":"Espa\u00f1a - Macedonia. Segunda revalida para los Hispanos en el Mundial 2019 - Derosca","og_description":"Esta tarde, en el OlympiaHalle de Munich, la Selecci\u00f3n Espa\u00f1ola tiene su segundo partido m\u00e1s importante del Mundial 2019. Espa\u00f1a &#8211; Macedonia a las 20,30 dirigido por los colegiados suizos Brunner y Salah. Empieza la hora de la verdad para ver las posibilidades que tienen nuestros Hispanos para poder luchar con garant\u00edas en lo que [&hellip;]","og_url":"https:\/\/www.cope.es\/blogs\/derosca\/2019\/01\/16\/espana-macedonia-segunda-revalida-para-los-hispanos-en-el-mundial-2019\/","og_site_name":"Derosca","article_publisher":"https:\/\/www.facebook.com\/cope\/","article_published_time":"2019-01-16T09:34:55+00:00","og_image":[{"width":725,"height":356,"url":"https:\/\/www.cope.es\/blogs\/derosca\/wp-content\/uploads\/sites\/22\/2019\/01\/muenchen_725x366-1.jpg","type":"image\/jpeg"}],"author":"Luis Malvar","twitter_card":"summary_large_image","twitter_creator":"@cope_es","twitter_site":"@cope_es","twitter_misc":{"Escrito por":"Luis Malvar","Tiempo de lectura":"2 minutos"},"schema":{"@context":"https:\/\/schema.org","@graph":[{"@type":"Article","@id":"https:\/\/www.cope.es\/blogs\/derosca\/2019\/01\/16\/espana-macedonia-segunda-revalida-para-los-hispanos-en-el-mundial-2019\/#article","isPartOf":{"@id":"https:\/\/www.cope.es\/blogs\/derosca\/2019\/01\/16\/espana-macedonia-segunda-revalida-para-los-hispanos-en-el-mundial-2019\/"},"author":{"name":"Luis Malvar","@id":"https:\/\/www.cope.es\/blogs\/derosca\/#\/schema\/person\/02d6fa6fa8d8db60f83303875a4ff77f"},"headline":"Espa\u00f1a &#8211; Macedonia. Segunda revalida para los Hispanos en el Mundial 2019","datePublished":"2019-01-16T09:34:55+00:00","mainEntityOfPage":{"@id":"https:\/\/www.cope.es\/blogs\/derosca\/2019\/01\/16\/espana-macedonia-segunda-revalida-para-los-hispanos-en-el-mundial-2019\/"},"wordCount":493,"commentCount":0,"image":{"@id":"https:\/\/www.cope.es\/blogs\/derosca\/2019\/01\/16\/espana-macedonia-segunda-revalida-para-los-hispanos-en-el-mundial-2019\/#primaryimage"},"thumbnailUrl":"https:\/\/www.cope.es\/blogs\/derosca\/wp-content\/uploads\/sites\/22\/2019\/01\/muenchen_725x366-1.jpg","articleSection":["Balonmano"],"inLanguage":"es","potentialAction":[{"@type":"CommentAction","name":"Comment","target":["https:\/\/www.cope.es\/blogs\/derosca\/2019\/01\/16\/espana-macedonia-segunda-revalida-para-los-hispanos-en-el-mundial-2019\/#respond"]}]},{"@type":"WebPage","@id":"https:\/\/www.cope.es\/blogs\/derosca\/2019\/01\/16\/espana-macedonia-segunda-revalida-para-los-hispanos-en-el-mundial-2019\/","url":"https:\/\/www.cope.es\/blogs\/derosca\/2019\/01\/16\/espana-macedonia-segunda-revalida-para-los-hispanos-en-el-mundial-2019\/","name":"Espa\u00f1a - Macedonia. Segunda revalida para los Hispanos en el Mundial 2019 - Derosca","isPartOf":{"@id":"https:\/\/www.cope.es\/blogs\/derosca\/#website"},"primaryImageOfPage":{"@id":"https:\/\/www.cope.es\/blogs\/derosca\/2019\/01\/16\/espana-macedonia-segunda-revalida-para-los-hispanos-en-el-mundial-2019\/#primaryimage"},"image":{"@id":"https:\/\/www.cope.es\/blogs\/derosca\/2019\/01\/16\/espana-macedonia-segunda-revalida-para-los-hispanos-en-el-mundial-2019\/#primaryimage"},"thumbnailUrl":"https:\/\/www.cope.es\/blogs\/derosca\/wp-content\/uploads\/sites\/22\/2019\/01\/muenchen_725x366-1.jpg","datePublished":"2019-01-16T09:34:55+00:00","author":{"@id":"https:\/\/www.cope.es\/blogs\/derosca\/#\/schema\/person\/02d6fa6fa8d8db60f83303875a4ff77f"},"breadcrumb":{"@id":"https:\/\/www.cope.es\/blogs\/derosca\/2019\/01\/16\/espana-macedonia-segunda-revalida-para-los-hispanos-en-el-mundial-2019\/#breadcrumb"},"inLanguage":"es","potentialAction":[{"@type":"ReadAction","target":["https:\/\/www.cope.es\/blogs\/derosca\/2019\/01\/16\/espana-macedonia-segunda-revalida-para-los-hispanos-en-el-mundial-2019\/"]}]},{"@type":"ImageObject","inLanguage":"es","@id":"https:\/\/www.cope.es\/blogs\/derosca\/2019\/01\/16\/espana-macedonia-segunda-revalida-para-los-hispanos-en-el-mundial-2019\/#primaryimage","url":"https:\/\/www.cope.es\/blogs\/derosca\/wp-content\/uploads\/sites\/22\/2019\/01\/muenchen_725x366-1.jpg","contentUrl":"https:\/\/www.cope.es\/blogs\/derosca\/wp-content\/uploads\/sites\/22\/2019\/01\/muenchen_725x366-1.jpg","width":725,"height":356,"caption":"Espa\u00f1a - Macedonia. Segunda rev\u00e1lida para los Hispanos en el Mundial 2019"},{"@type":"BreadcrumbList","@id":"https:\/\/www.cope.es\/blogs\/derosca\/2019\/01\/16\/espana-macedonia-segunda-revalida-para-los-hispanos-en-el-mundial-2019\/#breadcrumb","itemListElement":[{"@type":"ListItem","position":1,"name":"Portada","item":"https:\/\/www.cope.es\/blogs\/derosca\/"},{"@type":"ListItem","position":2,"name":"Espa\u00f1a &#8211; Macedonia. Segunda revalida para los Hispanos en el Mundial 2019"}]},{"@type":"WebSite","@id":"https:\/\/www.cope.es\/blogs\/derosca\/#website","url":"https:\/\/www.cope.es\/blogs\/derosca\/","name":"Derosca","description":"Blog de balonmano COPE","potentialAction":[{"@type":"SearchAction","target":{"@type":"EntryPoint","urlTemplate":"https:\/\/www.cope.es\/blogs\/derosca\/?s={search_term_string}"},"query-input":{"@type":"PropertyValueSpecification","valueRequired":true,"valueName":"search_term_string"}}],"inLanguage":"es"},{"@type":"Person","@id":"https:\/\/www.cope.es\/blogs\/derosca\/#\/schema\/person\/02d6fa6fa8d8db60f83303875a4ff77f","name":"Luis Malvar","image":{"@type":"ImageObject","inLanguage":"es","@id":"https:\/\/secure.gravatar.com\/avatar\/23cd47dec2904689b3ccd32d1dd3e86c7cbf60dcf7376c68854f761a4939534f?s=96&d=mm&r=g","url":"https:\/\/secure.gravatar.com\/avatar\/23cd47dec2904689b3ccd32d1dd3e86c7cbf60dcf7376c68854f761a4939534f?s=96&d=mm&r=g","contentUrl":"https:\/\/secure.gravatar.com\/avatar\/23cd47dec2904689b3ccd32d1dd3e86c7cbf60dcf7376c68854f761a4939534f?s=96&d=mm&r=g","caption":"Luis Malvar"},"description":"Comenc\u00e9 la andadura del Blog Derosca all\u00e1 por el 22 de Mayo de 2008. Un blog en el que se trata de llevar a los numerosos aficionados y amantes del mundo del balonmano toda la actualidad de nuestro apasionante deporte. Una ventana que sirve para dar luz a las innumerables noticias que genera el balonmano y que habitualmente no tienen reflejo en los medios de comunicaci\u00f3n. Sin lugar a dudas el Blog Derosca cuenta con un apartado que tiene a gala contar con miles de seguidores como es \u201cMis Pajaritos\u201d en donde se relatan y narran todas las intrahistorias que se generan en el balonmano espa\u00f1ol y que incomoda a m\u00e1s de uno que salgan a la luz.!Gracias por seguirnos durante todos estos a\u00f1os\u00a1","sameAs":["http:\/\/www.cope.es","lmalvar"],"url":"https:\/\/www.cope.es\/blogs\/derosca\/author\/lmalvar\/"}]}},"amp_enabled":true,"_links":{"self":[{"href":"https:\/\/www.cope.es\/blogs\/derosca\/wp-json\/wp\/v2\/posts\/495","targetHints":{"allow":["GET"]}}],"collection":[{"href":"https:\/\/www.cope.es\/blogs\/derosca\/wp-json\/wp\/v2\/posts"}],"about":[{"href":"https:\/\/www.cope.es\/blogs\/derosca\/wp-json\/wp\/v2\/types\/post"}],"author":[{"embeddable":true,"href":"https:\/\/www.cope.es\/blogs\/derosca\/wp-json\/wp\/v2\/users\/23"}],"replies":[{"embeddable":true,"href":"https:\/\/www.cope.es\/blogs\/derosca\/wp-json\/wp\/v2\/comments?post=495"}],"version-history":[{"count":1,"href":"https:\/\/www.cope.es\/blogs\/derosca\/wp-json\/wp\/v2\/posts\/495\/revisions"}],"predecessor-version":[{"id":497,"href":"https:\/\/www.cope.es\/blogs\/derosca\/wp-json\/wp\/v2\/posts\/495\/revisions\/497"}],"wp:featuredmedia":[{"embeddable":true,"href":"https:\/\/www.cope.es\/blogs\/derosca\/wp-json\/wp\/v2\/media\/496"}],"wp:attachment":[{"href":"https:\/\/www.cope.es\/blogs\/derosca\/wp-json\/wp\/v2\/media?parent=495"}],"wp:term":[{"taxonomy":"category","embeddable":true,"href":"https:\/\/www.cope.es\/blogs\/derosca\/wp-json\/wp\/v2\/categories?post=495"},{"taxonomy":"post_tag","embeddable":true,"href":"https:\/\/www.cope.es\/blogs\/derosca\/wp-json\/wp\/v2\/tags?post=495"}],"curies":[{"name":"wp","href":"https:\/\/api.w.org\/{rel}","templated":true}]}}