{"id":4834,"date":"2026-01-07T09:47:09","date_gmt":"2026-01-07T08:47:09","guid":{"rendered":"https:\/\/www.cope.es\/blogs\/derosca\/?p=4834"},"modified":"2026-01-07T09:47:09","modified_gmt":"2026-01-07T08:47:09","slug":"el-nuevo-entrenador-de-los-angeles-es-el-danes-morten-olsen","status":"publish","type":"post","link":"https:\/\/www.cope.es\/blogs\/derosca\/2026\/01\/07\/el-nuevo-entrenador-de-los-angeles-es-el-danes-morten-olsen\/","title":{"rendered":"El nuevo entrenador de Los \u00c1ngeles es el dan\u00e9s Morten Olsen"},"content":{"rendered":"<p><span style=\"color: #0a1c4e\"><span style=\"font-family: Arial, sans-serif\"><span style=\"font-size: medium\">Comienza un nuevo cap\u00edtulo importante para Morten Olsen. El exjugador dan\u00e9s, que anteriormente jug\u00f3 en varios equipos, sucede a Frank Carstens y se dirige a Los \u00c1ngeles para tomar las riendas del proyecto de balonmano, que ya se prepara para los Juegos Ol\u00edmpicos de 2028<\/span><\/span><\/span><span style=\"color: #0a1c4e\"><span style=\"font-family: Arial, sans-serif\"><span style=\"font-size: medium\">.<\/span><\/span><\/span><\/p>\n<p><span style=\"color: #0a1c4e\"><span style=\"font-family: Arial, sans-serif\"><span style=\"font-size: medium\">Ha sido un anuncio que ha generado mucha expectaci\u00f3n. <\/span><\/span><\/span><span style=\"color: #0a1c4e\"><span style=\"font-family: Arial, sans-serif\"><span style=\"font-size: medium\">Morten Olsen <\/span><\/span><\/span><span style=\"color: #0a1c4e\"><span style=\"font-family: Arial, sans-serif\"><span style=\"font-size: medium\">sucede a <\/span><\/span><\/span><span style=\"color: #0a1c4e\"><span style=\"font-family: Arial, sans-serif\"><span style=\"font-size: medium\">Frank Carstens <\/span><\/span><\/span><span style=\"color: #0a1c4e\"><span style=\"font-family: Arial, sans-serif\"><span style=\"font-size: medium\">como entrenador principal del proyecto de balonmano centrado en el futuro club de Los \u00c1ngeles, una iniciativa apoyada por la Federaci\u00f3n Estadounidense y varios socios europeos. Con este nombramiento, la iniciativa norteamericana da un paso m\u00e1s al conseguir los servicios de un joven entrenador con amplia experiencia como jugador.<\/span><\/span><\/span><\/p>\n<p><span style=\"color: #0a1c4e\"><span style=\"font-family: Arial, sans-serif\"><span style=\"font-size: medium\">Olsen, de 39 a\u00f1os, llega con una s\u00f3lida reputaci\u00f3n internacional. Exjugador dan\u00e9s (118 partidos internacionales, 217 goles), dej\u00f3 huella en su \u00e9poca con su lectura del juego y su capacidad para orquestar el ataque. Su etapa en Francia, con <\/span><\/span><\/span><span style=\"color: #0a1c4e\"><span style=\"font-family: Arial, sans-serif\"><span style=\"font-size: medium\">el Saint-Rapha\u00eb<\/span><\/span><\/span><strong><span style=\"color: #0a1c4e\"><span style=\"font-family: Arial, sans-serif\"><span style=\"font-size: medium\">l<\/span><\/span><\/span><\/strong><span style=\"color: #0a1c4e\"><span style=\"font-family: Arial, sans-serif\"><span style=\"font-size: medium\">, tambi\u00e9n dej\u00f3 huella. Es un jugador elegante, un l\u00edder, un aut\u00e9ntico jugador revolucionario.<\/span><\/span><\/span><\/p>\n<p><span style=\"color: #0a1c4e\"><span style=\"font-family: Arial, sans-serif\"><span style=\"font-size: medium\">Tras el paso de Carstens, el exinternacional abordar\u00e1 ahora uno de los proyectos m\u00e1s ambiciosos del balonmano mundial: estructurar un club profesional en Los \u00c1ngeles, crear una base competitiva y consolidar el balonmano en un mercado ultra competitivo. El objetivo es claro, impulsar la popularidad del deporte en Estados Unidos antes de los Juegos Ol\u00edmpicos.<\/span><\/span><\/span><\/p>\n<p><span style=\"color: #0a1c4e\"><span style=\"font-family: Arial, sans-serif\"><span style=\"font-size: medium\">El estilo de Olsen, se ha caracterizado por la precisi\u00f3n, las transiciones r\u00e1pidas y la inteligencia colectiva, podr\u00eda convertirse en un verdadero sello distintivo del proyecto californiano. La directiva conf\u00eda en su carisma y experiencia para atraer jugadores, dar credibilidad a la organizaci\u00f3n e inspirar a toda una nueva generaci\u00f3n de balonmanos estadounidenses. Recordemos que Olsen se retir\u00f3 el verano pasado para convertirse en el director deportivo del Ringsted.<\/span><\/span><\/span><\/p>\n<p><span style=\"color: #0a1c4e\"><span style=\"font-family: Arial, sans-serif\"><span style=\"font-size: medium\">Con esta elecci\u00f3n, Los \u00c1ngeles confirma su ambici\u00f3n de rodearse de figuras destacadas para construir un proyecto duradero. Para Morten Olsen, es una oportunidad \u00fanica, abrir un nuevo camino para el balonmano en Norteam\u00e9rica con los Juegos Ol\u00edmpicos de Los \u00c1ngeles 2028 en mente.<\/span><\/span><\/span><\/p>\n<p><em><span style=\"color: #666666\"><span style=\"font-family: Arial, sans-serif\"><span style=\"font-size: medium\">Seguirnos en twitter: <\/span><\/span><\/span><\/em><span style=\"color: #000080\"><span><u><a href=\"#!\/deroscacope\"><span style=\"font-family: Arial, sans-serif\"><span style=\"font-size: medium\">https:\/\/twitter.com\/#!\/deroscacope<\/span><\/span><\/a><\/u><\/span><\/span><\/p>\n","protected":false},"excerpt":{"rendered":"<p>Comienza un nuevo cap\u00edtulo importante para Morten Olsen. El exjugador dan\u00e9s, que anteriormente jug\u00f3 en varios equipos, sucede a Frank Carstens y se dirige a Los \u00c1ngeles para tomar las riendas del proyecto de balonmano, que ya se prepara para los Juegos Ol\u00edmpicos de 2028. Ha sido un anuncio que ha generado mucha expectaci\u00f3n. Morten [&hellip;]<\/p>\n","protected":false},"author":23,"featured_media":4835,"comment_status":"open","ping_status":"open","sticky":false,"template":"","format":"standard","meta":{"footnotes":""},"categories":[3],"tags":[],"class_list":["post-4834","post","type-post","status-publish","format-standard","has-post-thumbnail","hentry","category-balonmano"],"yoast_head":"<!-- This site is optimized with the Yoast SEO plugin v27.4 - https:\/\/yoast.com\/product\/yoast-seo-wordpress\/ -->\n<title>El nuevo entrenador de Los \u00c1ngeles es el dan\u00e9s Morten Olsen - Derosca<\/title>\n<meta name=\"robots\" content=\"index, follow, max-snippet:-1, max-image-preview:large, max-video-preview:-1\" \/>\n<link rel=\"canonical\" href=\"https:\/\/www.cope.es\/blogs\/derosca\/2026\/01\/07\/el-nuevo-entrenador-de-los-angeles-es-el-danes-morten-olsen\/\" \/>\n<meta property=\"og:locale\" content=\"es_ES\" \/>\n<meta property=\"og:type\" content=\"article\" \/>\n<meta property=\"og:title\" content=\"El nuevo entrenador de Los \u00c1ngeles es el dan\u00e9s Morten Olsen - Derosca\" \/>\n<meta property=\"og:description\" content=\"Comienza un nuevo cap\u00edtulo importante para Morten Olsen. El exjugador dan\u00e9s, que anteriormente jug\u00f3 en varios equipos, sucede a Frank Carstens y se dirige a Los \u00c1ngeles para tomar las riendas del proyecto de balonmano, que ya se prepara para los Juegos Ol\u00edmpicos de 2028. Ha sido un anuncio que ha generado mucha expectaci\u00f3n. Morten [&hellip;]\" \/>\n<meta property=\"og:url\" content=\"https:\/\/www.cope.es\/blogs\/derosca\/2026\/01\/07\/el-nuevo-entrenador-de-los-angeles-es-el-danes-morten-olsen\/\" \/>\n<meta property=\"og:site_name\" content=\"Derosca\" \/>\n<meta property=\"article:publisher\" content=\"https:\/\/www.facebook.com\/cope\/\" \/>\n<meta property=\"article:published_time\" content=\"2026-01-07T08:47:09+00:00\" \/>\n<meta property=\"og:image\" content=\"http:\/\/www.cope.es\/blogs\/derosca\/wp-content\/uploads\/sites\/22\/2026\/01\/500px-Morten_Olsen_2_20170114.jpg\" \/>\n\t<meta property=\"og:image:width\" content=\"680\" \/>\n\t<meta property=\"og:image:height\" content=\"539\" \/>\n\t<meta property=\"og:image:type\" content=\"image\/jpeg\" \/>\n<meta name=\"author\" content=\"Luis Malvar\" \/>\n<meta name=\"twitter:card\" content=\"summary_large_image\" \/>\n<meta name=\"twitter:creator\" content=\"@cope_es\" \/>\n<meta name=\"twitter:site\" content=\"@cope_es\" \/>\n<meta name=\"twitter:label1\" content=\"Escrito por\" \/>\n\t<meta name=\"twitter:data1\" content=\"Luis Malvar\" \/>\n\t<meta name=\"twitter:label2\" content=\"Tiempo de lectura\" \/>\n\t<meta name=\"twitter:data2\" content=\"2 minutos\" \/>\n<script type=\"application\/ld+json\" class=\"yoast-schema-graph\">{\"@context\":\"https:\\\/\\\/schema.org\",\"@graph\":[{\"@type\":\"Article\",\"@id\":\"https:\\\/\\\/www.cope.es\\\/blogs\\\/derosca\\\/2026\\\/01\\\/07\\\/el-nuevo-entrenador-de-los-angeles-es-el-danes-morten-olsen\\\/#article\",\"isPartOf\":{\"@id\":\"https:\\\/\\\/www.cope.es\\\/blogs\\\/derosca\\\/2026\\\/01\\\/07\\\/el-nuevo-entrenador-de-los-angeles-es-el-danes-morten-olsen\\\/\"},\"author\":{\"name\":\"Luis Malvar\",\"@id\":\"https:\\\/\\\/www.cope.es\\\/blogs\\\/derosca\\\/#\\\/schema\\\/person\\\/02d6fa6fa8d8db60f83303875a4ff77f\"},\"headline\":\"El nuevo entrenador de Los \u00c1ngeles es el dan\u00e9s Morten Olsen\",\"datePublished\":\"2026-01-07T08:47:09+00:00\",\"mainEntityOfPage\":{\"@id\":\"https:\\\/\\\/www.cope.es\\\/blogs\\\/derosca\\\/2026\\\/01\\\/07\\\/el-nuevo-entrenador-de-los-angeles-es-el-danes-morten-olsen\\\/\"},\"wordCount\":371,\"commentCount\":0,\"image\":{\"@id\":\"https:\\\/\\\/www.cope.es\\\/blogs\\\/derosca\\\/2026\\\/01\\\/07\\\/el-nuevo-entrenador-de-los-angeles-es-el-danes-morten-olsen\\\/#primaryimage\"},\"thumbnailUrl\":\"https:\\\/\\\/www.cope.es\\\/blogs\\\/derosca\\\/wp-content\\\/uploads\\\/sites\\\/22\\\/2026\\\/01\\\/500px-Morten_Olsen_2_20170114.jpg\",\"articleSection\":[\"Balonmano\"],\"inLanguage\":\"es\",\"potentialAction\":[{\"@type\":\"CommentAction\",\"name\":\"Comment\",\"target\":[\"https:\\\/\\\/www.cope.es\\\/blogs\\\/derosca\\\/2026\\\/01\\\/07\\\/el-nuevo-entrenador-de-los-angeles-es-el-danes-morten-olsen\\\/#respond\"]}]},{\"@type\":\"WebPage\",\"@id\":\"https:\\\/\\\/www.cope.es\\\/blogs\\\/derosca\\\/2026\\\/01\\\/07\\\/el-nuevo-entrenador-de-los-angeles-es-el-danes-morten-olsen\\\/\",\"url\":\"https:\\\/\\\/www.cope.es\\\/blogs\\\/derosca\\\/2026\\\/01\\\/07\\\/el-nuevo-entrenador-de-los-angeles-es-el-danes-morten-olsen\\\/\",\"name\":\"El nuevo entrenador de Los \u00c1ngeles es el dan\u00e9s Morten Olsen - Derosca\",\"isPartOf\":{\"@id\":\"https:\\\/\\\/www.cope.es\\\/blogs\\\/derosca\\\/#website\"},\"primaryImageOfPage\":{\"@id\":\"https:\\\/\\\/www.cope.es\\\/blogs\\\/derosca\\\/2026\\\/01\\\/07\\\/el-nuevo-entrenador-de-los-angeles-es-el-danes-morten-olsen\\\/#primaryimage\"},\"image\":{\"@id\":\"https:\\\/\\\/www.cope.es\\\/blogs\\\/derosca\\\/2026\\\/01\\\/07\\\/el-nuevo-entrenador-de-los-angeles-es-el-danes-morten-olsen\\\/#primaryimage\"},\"thumbnailUrl\":\"https:\\\/\\\/www.cope.es\\\/blogs\\\/derosca\\\/wp-content\\\/uploads\\\/sites\\\/22\\\/2026\\\/01\\\/500px-Morten_Olsen_2_20170114.jpg\",\"datePublished\":\"2026-01-07T08:47:09+00:00\",\"author\":{\"@id\":\"https:\\\/\\\/www.cope.es\\\/blogs\\\/derosca\\\/#\\\/schema\\\/person\\\/02d6fa6fa8d8db60f83303875a4ff77f\"},\"breadcrumb\":{\"@id\":\"https:\\\/\\\/www.cope.es\\\/blogs\\\/derosca\\\/2026\\\/01\\\/07\\\/el-nuevo-entrenador-de-los-angeles-es-el-danes-morten-olsen\\\/#breadcrumb\"},\"inLanguage\":\"es\",\"potentialAction\":[{\"@type\":\"ReadAction\",\"target\":[\"https:\\\/\\\/www.cope.es\\\/blogs\\\/derosca\\\/2026\\\/01\\\/07\\\/el-nuevo-entrenador-de-los-angeles-es-el-danes-morten-olsen\\\/\"]}]},{\"@type\":\"ImageObject\",\"inLanguage\":\"es\",\"@id\":\"https:\\\/\\\/www.cope.es\\\/blogs\\\/derosca\\\/2026\\\/01\\\/07\\\/el-nuevo-entrenador-de-los-angeles-es-el-danes-morten-olsen\\\/#primaryimage\",\"url\":\"https:\\\/\\\/www.cope.es\\\/blogs\\\/derosca\\\/wp-content\\\/uploads\\\/sites\\\/22\\\/2026\\\/01\\\/500px-Morten_Olsen_2_20170114.jpg\",\"contentUrl\":\"https:\\\/\\\/www.cope.es\\\/blogs\\\/derosca\\\/wp-content\\\/uploads\\\/sites\\\/22\\\/2026\\\/01\\\/500px-Morten_Olsen_2_20170114.jpg\",\"width\":680,\"height\":539,\"caption\":\"El nuevo entrenador de Los \u00c1ngeles es el dan\u00e9s Morten Olsen\"},{\"@type\":\"BreadcrumbList\",\"@id\":\"https:\\\/\\\/www.cope.es\\\/blogs\\\/derosca\\\/2026\\\/01\\\/07\\\/el-nuevo-entrenador-de-los-angeles-es-el-danes-morten-olsen\\\/#breadcrumb\",\"itemListElement\":[{\"@type\":\"ListItem\",\"position\":1,\"name\":\"Portada\",\"item\":\"https:\\\/\\\/www.cope.es\\\/blogs\\\/derosca\\\/\"},{\"@type\":\"ListItem\",\"position\":2,\"name\":\"El nuevo entrenador de Los \u00c1ngeles es el dan\u00e9s Morten Olsen\"}]},{\"@type\":\"WebSite\",\"@id\":\"https:\\\/\\\/www.cope.es\\\/blogs\\\/derosca\\\/#website\",\"url\":\"https:\\\/\\\/www.cope.es\\\/blogs\\\/derosca\\\/\",\"name\":\"Derosca\",\"description\":\"Blog de balonmano COPE\",\"potentialAction\":[{\"@type\":\"SearchAction\",\"target\":{\"@type\":\"EntryPoint\",\"urlTemplate\":\"https:\\\/\\\/www.cope.es\\\/blogs\\\/derosca\\\/?s={search_term_string}\"},\"query-input\":{\"@type\":\"PropertyValueSpecification\",\"valueRequired\":true,\"valueName\":\"search_term_string\"}}],\"inLanguage\":\"es\"},{\"@type\":\"Person\",\"@id\":\"https:\\\/\\\/www.cope.es\\\/blogs\\\/derosca\\\/#\\\/schema\\\/person\\\/02d6fa6fa8d8db60f83303875a4ff77f\",\"name\":\"Luis Malvar\",\"image\":{\"@type\":\"ImageObject\",\"inLanguage\":\"es\",\"@id\":\"https:\\\/\\\/secure.gravatar.com\\\/avatar\\\/23cd47dec2904689b3ccd32d1dd3e86c7cbf60dcf7376c68854f761a4939534f?s=96&d=mm&r=g\",\"url\":\"https:\\\/\\\/secure.gravatar.com\\\/avatar\\\/23cd47dec2904689b3ccd32d1dd3e86c7cbf60dcf7376c68854f761a4939534f?s=96&d=mm&r=g\",\"contentUrl\":\"https:\\\/\\\/secure.gravatar.com\\\/avatar\\\/23cd47dec2904689b3ccd32d1dd3e86c7cbf60dcf7376c68854f761a4939534f?s=96&d=mm&r=g\",\"caption\":\"Luis Malvar\"},\"description\":\"Comenc\u00e9 la andadura del Blog Derosca all\u00e1 por el 22 de Mayo de 2008. Un blog en el que se trata de llevar a los numerosos aficionados y amantes del mundo del balonmano toda la actualidad de nuestro apasionante deporte. Una ventana que sirve para dar luz a las innumerables noticias que genera el balonmano y que habitualmente no tienen reflejo en los medios de comunicaci\u00f3n. Sin lugar a dudas el Blog Derosca cuenta con un apartado que tiene a gala contar con miles de seguidores como es \u201cMis Pajaritos\u201d en donde se relatan y narran todas las intrahistorias que se generan en el balonmano espa\u00f1ol y que incomoda a m\u00e1s de uno que salgan a la luz.!Gracias por seguirnos durante todos estos a\u00f1os\u00a1\",\"sameAs\":[\"http:\\\/\\\/www.cope.es\",\"lmalvar\"],\"url\":\"https:\\\/\\\/www.cope.es\\\/blogs\\\/derosca\\\/author\\\/lmalvar\\\/\"}]}<\/script>\n<!-- \/ Yoast SEO plugin. -->","yoast_head_json":{"title":"El nuevo entrenador de Los \u00c1ngeles es el dan\u00e9s Morten Olsen - Derosca","robots":{"index":"index","follow":"follow","max-snippet":"max-snippet:-1","max-image-preview":"max-image-preview:large","max-video-preview":"max-video-preview:-1"},"canonical":"https:\/\/www.cope.es\/blogs\/derosca\/2026\/01\/07\/el-nuevo-entrenador-de-los-angeles-es-el-danes-morten-olsen\/","og_locale":"es_ES","og_type":"article","og_title":"El nuevo entrenador de Los \u00c1ngeles es el dan\u00e9s Morten Olsen - Derosca","og_description":"Comienza un nuevo cap\u00edtulo importante para Morten Olsen. El exjugador dan\u00e9s, que anteriormente jug\u00f3 en varios equipos, sucede a Frank Carstens y se dirige a Los \u00c1ngeles para tomar las riendas del proyecto de balonmano, que ya se prepara para los Juegos Ol\u00edmpicos de 2028. Ha sido un anuncio que ha generado mucha expectaci\u00f3n. Morten [&hellip;]","og_url":"https:\/\/www.cope.es\/blogs\/derosca\/2026\/01\/07\/el-nuevo-entrenador-de-los-angeles-es-el-danes-morten-olsen\/","og_site_name":"Derosca","article_publisher":"https:\/\/www.facebook.com\/cope\/","article_published_time":"2026-01-07T08:47:09+00:00","og_image":[{"width":680,"height":539,"url":"http:\/\/www.cope.es\/blogs\/derosca\/wp-content\/uploads\/sites\/22\/2026\/01\/500px-Morten_Olsen_2_20170114.jpg","type":"image\/jpeg"}],"author":"Luis Malvar","twitter_card":"summary_large_image","twitter_creator":"@cope_es","twitter_site":"@cope_es","twitter_misc":{"Escrito por":"Luis Malvar","Tiempo de lectura":"2 minutos"},"schema":{"@context":"https:\/\/schema.org","@graph":[{"@type":"Article","@id":"https:\/\/www.cope.es\/blogs\/derosca\/2026\/01\/07\/el-nuevo-entrenador-de-los-angeles-es-el-danes-morten-olsen\/#article","isPartOf":{"@id":"https:\/\/www.cope.es\/blogs\/derosca\/2026\/01\/07\/el-nuevo-entrenador-de-los-angeles-es-el-danes-morten-olsen\/"},"author":{"name":"Luis Malvar","@id":"https:\/\/www.cope.es\/blogs\/derosca\/#\/schema\/person\/02d6fa6fa8d8db60f83303875a4ff77f"},"headline":"El nuevo entrenador de Los \u00c1ngeles es el dan\u00e9s Morten Olsen","datePublished":"2026-01-07T08:47:09+00:00","mainEntityOfPage":{"@id":"https:\/\/www.cope.es\/blogs\/derosca\/2026\/01\/07\/el-nuevo-entrenador-de-los-angeles-es-el-danes-morten-olsen\/"},"wordCount":371,"commentCount":0,"image":{"@id":"https:\/\/www.cope.es\/blogs\/derosca\/2026\/01\/07\/el-nuevo-entrenador-de-los-angeles-es-el-danes-morten-olsen\/#primaryimage"},"thumbnailUrl":"https:\/\/www.cope.es\/blogs\/derosca\/wp-content\/uploads\/sites\/22\/2026\/01\/500px-Morten_Olsen_2_20170114.jpg","articleSection":["Balonmano"],"inLanguage":"es","potentialAction":[{"@type":"CommentAction","name":"Comment","target":["https:\/\/www.cope.es\/blogs\/derosca\/2026\/01\/07\/el-nuevo-entrenador-de-los-angeles-es-el-danes-morten-olsen\/#respond"]}]},{"@type":"WebPage","@id":"https:\/\/www.cope.es\/blogs\/derosca\/2026\/01\/07\/el-nuevo-entrenador-de-los-angeles-es-el-danes-morten-olsen\/","url":"https:\/\/www.cope.es\/blogs\/derosca\/2026\/01\/07\/el-nuevo-entrenador-de-los-angeles-es-el-danes-morten-olsen\/","name":"El nuevo entrenador de Los \u00c1ngeles es el dan\u00e9s Morten Olsen - Derosca","isPartOf":{"@id":"https:\/\/www.cope.es\/blogs\/derosca\/#website"},"primaryImageOfPage":{"@id":"https:\/\/www.cope.es\/blogs\/derosca\/2026\/01\/07\/el-nuevo-entrenador-de-los-angeles-es-el-danes-morten-olsen\/#primaryimage"},"image":{"@id":"https:\/\/www.cope.es\/blogs\/derosca\/2026\/01\/07\/el-nuevo-entrenador-de-los-angeles-es-el-danes-morten-olsen\/#primaryimage"},"thumbnailUrl":"https:\/\/www.cope.es\/blogs\/derosca\/wp-content\/uploads\/sites\/22\/2026\/01\/500px-Morten_Olsen_2_20170114.jpg","datePublished":"2026-01-07T08:47:09+00:00","author":{"@id":"https:\/\/www.cope.es\/blogs\/derosca\/#\/schema\/person\/02d6fa6fa8d8db60f83303875a4ff77f"},"breadcrumb":{"@id":"https:\/\/www.cope.es\/blogs\/derosca\/2026\/01\/07\/el-nuevo-entrenador-de-los-angeles-es-el-danes-morten-olsen\/#breadcrumb"},"inLanguage":"es","potentialAction":[{"@type":"ReadAction","target":["https:\/\/www.cope.es\/blogs\/derosca\/2026\/01\/07\/el-nuevo-entrenador-de-los-angeles-es-el-danes-morten-olsen\/"]}]},{"@type":"ImageObject","inLanguage":"es","@id":"https:\/\/www.cope.es\/blogs\/derosca\/2026\/01\/07\/el-nuevo-entrenador-de-los-angeles-es-el-danes-morten-olsen\/#primaryimage","url":"https:\/\/www.cope.es\/blogs\/derosca\/wp-content\/uploads\/sites\/22\/2026\/01\/500px-Morten_Olsen_2_20170114.jpg","contentUrl":"https:\/\/www.cope.es\/blogs\/derosca\/wp-content\/uploads\/sites\/22\/2026\/01\/500px-Morten_Olsen_2_20170114.jpg","width":680,"height":539,"caption":"El nuevo entrenador de Los \u00c1ngeles es el dan\u00e9s Morten Olsen"},{"@type":"BreadcrumbList","@id":"https:\/\/www.cope.es\/blogs\/derosca\/2026\/01\/07\/el-nuevo-entrenador-de-los-angeles-es-el-danes-morten-olsen\/#breadcrumb","itemListElement":[{"@type":"ListItem","position":1,"name":"Portada","item":"https:\/\/www.cope.es\/blogs\/derosca\/"},{"@type":"ListItem","position":2,"name":"El nuevo entrenador de Los \u00c1ngeles es el dan\u00e9s Morten Olsen"}]},{"@type":"WebSite","@id":"https:\/\/www.cope.es\/blogs\/derosca\/#website","url":"https:\/\/www.cope.es\/blogs\/derosca\/","name":"Derosca","description":"Blog de balonmano COPE","potentialAction":[{"@type":"SearchAction","target":{"@type":"EntryPoint","urlTemplate":"https:\/\/www.cope.es\/blogs\/derosca\/?s={search_term_string}"},"query-input":{"@type":"PropertyValueSpecification","valueRequired":true,"valueName":"search_term_string"}}],"inLanguage":"es"},{"@type":"Person","@id":"https:\/\/www.cope.es\/blogs\/derosca\/#\/schema\/person\/02d6fa6fa8d8db60f83303875a4ff77f","name":"Luis Malvar","image":{"@type":"ImageObject","inLanguage":"es","@id":"https:\/\/secure.gravatar.com\/avatar\/23cd47dec2904689b3ccd32d1dd3e86c7cbf60dcf7376c68854f761a4939534f?s=96&d=mm&r=g","url":"https:\/\/secure.gravatar.com\/avatar\/23cd47dec2904689b3ccd32d1dd3e86c7cbf60dcf7376c68854f761a4939534f?s=96&d=mm&r=g","contentUrl":"https:\/\/secure.gravatar.com\/avatar\/23cd47dec2904689b3ccd32d1dd3e86c7cbf60dcf7376c68854f761a4939534f?s=96&d=mm&r=g","caption":"Luis Malvar"},"description":"Comenc\u00e9 la andadura del Blog Derosca all\u00e1 por el 22 de Mayo de 2008. Un blog en el que se trata de llevar a los numerosos aficionados y amantes del mundo del balonmano toda la actualidad de nuestro apasionante deporte. Una ventana que sirve para dar luz a las innumerables noticias que genera el balonmano y que habitualmente no tienen reflejo en los medios de comunicaci\u00f3n. Sin lugar a dudas el Blog Derosca cuenta con un apartado que tiene a gala contar con miles de seguidores como es \u201cMis Pajaritos\u201d en donde se relatan y narran todas las intrahistorias que se generan en el balonmano espa\u00f1ol y que incomoda a m\u00e1s de uno que salgan a la luz.!Gracias por seguirnos durante todos estos a\u00f1os\u00a1","sameAs":["http:\/\/www.cope.es","lmalvar"],"url":"https:\/\/www.cope.es\/blogs\/derosca\/author\/lmalvar\/"}]}},"amp_enabled":true,"_links":{"self":[{"href":"https:\/\/www.cope.es\/blogs\/derosca\/wp-json\/wp\/v2\/posts\/4834","targetHints":{"allow":["GET"]}}],"collection":[{"href":"https:\/\/www.cope.es\/blogs\/derosca\/wp-json\/wp\/v2\/posts"}],"about":[{"href":"https:\/\/www.cope.es\/blogs\/derosca\/wp-json\/wp\/v2\/types\/post"}],"author":[{"embeddable":true,"href":"https:\/\/www.cope.es\/blogs\/derosca\/wp-json\/wp\/v2\/users\/23"}],"replies":[{"embeddable":true,"href":"https:\/\/www.cope.es\/blogs\/derosca\/wp-json\/wp\/v2\/comments?post=4834"}],"version-history":[{"count":1,"href":"https:\/\/www.cope.es\/blogs\/derosca\/wp-json\/wp\/v2\/posts\/4834\/revisions"}],"predecessor-version":[{"id":4836,"href":"https:\/\/www.cope.es\/blogs\/derosca\/wp-json\/wp\/v2\/posts\/4834\/revisions\/4836"}],"wp:featuredmedia":[{"embeddable":true,"href":"https:\/\/www.cope.es\/blogs\/derosca\/wp-json\/wp\/v2\/media\/4835"}],"wp:attachment":[{"href":"https:\/\/www.cope.es\/blogs\/derosca\/wp-json\/wp\/v2\/media?parent=4834"}],"wp:term":[{"taxonomy":"category","embeddable":true,"href":"https:\/\/www.cope.es\/blogs\/derosca\/wp-json\/wp\/v2\/categories?post=4834"},{"taxonomy":"post_tag","embeddable":true,"href":"https:\/\/www.cope.es\/blogs\/derosca\/wp-json\/wp\/v2\/tags?post=4834"}],"curies":[{"name":"wp","href":"https:\/\/api.w.org\/{rel}","templated":true}]}}