{"id":4809,"date":"2025-12-09T09:24:13","date_gmt":"2025-12-09T08:24:13","guid":{"rendered":"https:\/\/www.cope.es\/blogs\/derosca\/?p=4809"},"modified":"2025-12-09T09:24:13","modified_gmt":"2025-12-09T08:24:13","slug":"xavier-ocallaghan-reelegido-presidente-de-la-junta-balonmano-profesional-de-la-ehf","status":"publish","type":"post","link":"https:\/\/www.cope.es\/blogs\/derosca\/2025\/12\/09\/xavier-ocallaghan-reelegido-presidente-de-la-junta-balonmano-profesional-de-la-ehf\/","title":{"rendered":"Xavier O&#8217;Callaghan reelegido Presidente de la Junta Balonmano Profesional de la EHF"},"content":{"rendered":"<p><span style=\"color: #666666\"><span style=\"font-family: Arial, sans-serif\"><span style=\"font-size: medium\">El pasado 21 de Octubre se celebr\u00f3 la primera reuni\u00f3n del nuevo ciclo de 4 a\u00f1os de la Junta de Balonmano Profesional de la EHF. Se debati\u00f3 el sistema de juego para la Temporada 25 &#8211; 26 y el calendario de las pr\u00f3ximas temporadas.<\/span><\/span><\/span><\/p>\n<p><span style=\"color: #666666\"><span style=\"font-family: Arial, sans-serif\"><span style=\"font-size: medium\">El presidente de la Forum Club Handball (FCH), Xavier O&#8217;Callaghan, fue reelegido Presidente de la Junta de Balonmano Profesional de la EHF. Nicolas Larsson (Suecia), Presidente de la organizaci\u00f3n de la Liga Europea, fue reelegido como vicepresidente.<\/span><\/span><\/span><\/p>\n<p><span style=\"color: #666666\"><span style=\"font-family: Arial, sans-serif\"><span style=\"font-size: medium\">Tambi\u00e9n el pasado Junio de 2025, el Jefe de Relaciones Internacionales, Tamas Szabo, del Gy\u00f6ri ETO, fue elegido miembro de la Junta Directiva del Forum Club Handball (FCH) y representante del FCH ante la Comisi\u00f3n de Competiciones de la EHF. <\/span><\/span><\/span><\/p>\n<p><span style=\"color: #666666\"><span style=\"font-family: Arial, sans-serif\"><span style=\"font-size: medium\">Como dej\u00f3 el club aproximadamente un mes despu\u00e9s, la Junta Directiva de la FCH decidi\u00f3 durante su reuni\u00f3n ordinaria en Mallorca del 14 de Octubre de 2025 que ser\u00eda reemplazado por Zsolt Abrok (Debrecen VSC). Abrok lleva unos 10 a\u00f1os en la direcci\u00f3n del club, que ha participado en la Liga Europea y la Liga de Campeones en numerosas ocasiones.<\/span><\/span><\/span><\/p>\n<p><em><span style=\"color: #666666\"><span style=\"font-family: Arial, sans-serif\"><span style=\"font-size: medium\">Seguirnos en twitter: <\/span><\/span><\/span><\/em><span style=\"color: #000080\"><span><u><a href=\"#!\/deroscacope\"><span style=\"font-family: Arial, sans-serif\"><span style=\"font-size: medium\">https:\/\/twitter.com\/#!\/deroscacope<\/span><\/span><\/a><\/u><\/span><\/span><\/p>\n","protected":false},"excerpt":{"rendered":"<p>El pasado 21 de Octubre se celebr\u00f3 la primera reuni\u00f3n del nuevo ciclo de 4 a\u00f1os de la Junta de Balonmano Profesional de la EHF. Se debati\u00f3 el sistema de juego para la Temporada 25 &#8211; 26 y el calendario de las pr\u00f3ximas temporadas. El presidente de la Forum Club Handball (FCH), Xavier O&#8217;Callaghan, fue [&hellip;]<\/p>\n","protected":false},"author":23,"featured_media":4810,"comment_status":"open","ping_status":"open","sticky":false,"template":"","format":"standard","meta":{"footnotes":""},"categories":[3],"tags":[],"class_list":["post-4809","post","type-post","status-publish","format-standard","has-post-thumbnail","hentry","category-balonmano"],"yoast_head":"<!-- This site is optimized with the Yoast SEO plugin v27.4 - https:\/\/yoast.com\/product\/yoast-seo-wordpress\/ -->\n<title>Xavier O&#039;Callaghan reelegido Presidente de la Junta Balonmano Profesional de la EHF - Derosca<\/title>\n<meta name=\"robots\" content=\"index, follow, max-snippet:-1, max-image-preview:large, max-video-preview:-1\" \/>\n<link rel=\"canonical\" href=\"https:\/\/www.cope.es\/blogs\/derosca\/2025\/12\/09\/xavier-ocallaghan-reelegido-presidente-de-la-junta-balonmano-profesional-de-la-ehf\/\" \/>\n<meta property=\"og:locale\" content=\"es_ES\" \/>\n<meta property=\"og:type\" content=\"article\" \/>\n<meta property=\"og:title\" content=\"Xavier O&#039;Callaghan reelegido Presidente de la Junta Balonmano Profesional de la EHF - Derosca\" \/>\n<meta property=\"og:description\" content=\"El pasado 21 de Octubre se celebr\u00f3 la primera reuni\u00f3n del nuevo ciclo de 4 a\u00f1os de la Junta de Balonmano Profesional de la EHF. Se debati\u00f3 el sistema de juego para la Temporada 25 &#8211; 26 y el calendario de las pr\u00f3ximas temporadas. El presidente de la Forum Club Handball (FCH), Xavier O&#8217;Callaghan, fue [&hellip;]\" \/>\n<meta property=\"og:url\" content=\"https:\/\/www.cope.es\/blogs\/derosca\/2025\/12\/09\/xavier-ocallaghan-reelegido-presidente-de-la-junta-balonmano-profesional-de-la-ehf\/\" \/>\n<meta property=\"og:site_name\" content=\"Derosca\" \/>\n<meta property=\"article:publisher\" content=\"https:\/\/www.facebook.com\/cope\/\" \/>\n<meta property=\"article:published_time\" content=\"2025-12-09T08:24:13+00:00\" \/>\n<meta property=\"og:image\" content=\"http:\/\/www.cope.es\/blogs\/derosca\/wp-content\/uploads\/sites\/22\/2025\/12\/FCH.jpg\" \/>\n\t<meta property=\"og:image:width\" content=\"650\" \/>\n\t<meta property=\"og:image:height\" content=\"603\" \/>\n\t<meta property=\"og:image:type\" content=\"image\/jpeg\" \/>\n<meta name=\"author\" content=\"Luis Malvar\" \/>\n<meta name=\"twitter:card\" content=\"summary_large_image\" \/>\n<meta name=\"twitter:creator\" content=\"@cope_es\" \/>\n<meta name=\"twitter:site\" content=\"@cope_es\" \/>\n<meta name=\"twitter:label1\" content=\"Escrito por\" \/>\n\t<meta name=\"twitter:data1\" content=\"Luis Malvar\" \/>\n\t<meta name=\"twitter:label2\" content=\"Tiempo de lectura\" \/>\n\t<meta name=\"twitter:data2\" content=\"2 minutos\" \/>\n<script type=\"application\/ld+json\" class=\"yoast-schema-graph\">{\"@context\":\"https:\\\/\\\/schema.org\",\"@graph\":[{\"@type\":\"Article\",\"@id\":\"https:\\\/\\\/www.cope.es\\\/blogs\\\/derosca\\\/2025\\\/12\\\/09\\\/xavier-ocallaghan-reelegido-presidente-de-la-junta-balonmano-profesional-de-la-ehf\\\/#article\",\"isPartOf\":{\"@id\":\"https:\\\/\\\/www.cope.es\\\/blogs\\\/derosca\\\/2025\\\/12\\\/09\\\/xavier-ocallaghan-reelegido-presidente-de-la-junta-balonmano-profesional-de-la-ehf\\\/\"},\"author\":{\"name\":\"Luis Malvar\",\"@id\":\"https:\\\/\\\/www.cope.es\\\/blogs\\\/derosca\\\/#\\\/schema\\\/person\\\/02d6fa6fa8d8db60f83303875a4ff77f\"},\"headline\":\"Xavier O&#8217;Callaghan reelegido Presidente de la Junta Balonmano Profesional de la EHF\",\"datePublished\":\"2025-12-09T08:24:13+00:00\",\"mainEntityOfPage\":{\"@id\":\"https:\\\/\\\/www.cope.es\\\/blogs\\\/derosca\\\/2025\\\/12\\\/09\\\/xavier-ocallaghan-reelegido-presidente-de-la-junta-balonmano-profesional-de-la-ehf\\\/\"},\"wordCount\":204,\"commentCount\":0,\"image\":{\"@id\":\"https:\\\/\\\/www.cope.es\\\/blogs\\\/derosca\\\/2025\\\/12\\\/09\\\/xavier-ocallaghan-reelegido-presidente-de-la-junta-balonmano-profesional-de-la-ehf\\\/#primaryimage\"},\"thumbnailUrl\":\"https:\\\/\\\/www.cope.es\\\/blogs\\\/derosca\\\/wp-content\\\/uploads\\\/sites\\\/22\\\/2025\\\/12\\\/FCH.jpg\",\"articleSection\":[\"Balonmano\"],\"inLanguage\":\"es\",\"potentialAction\":[{\"@type\":\"CommentAction\",\"name\":\"Comment\",\"target\":[\"https:\\\/\\\/www.cope.es\\\/blogs\\\/derosca\\\/2025\\\/12\\\/09\\\/xavier-ocallaghan-reelegido-presidente-de-la-junta-balonmano-profesional-de-la-ehf\\\/#respond\"]}]},{\"@type\":\"WebPage\",\"@id\":\"https:\\\/\\\/www.cope.es\\\/blogs\\\/derosca\\\/2025\\\/12\\\/09\\\/xavier-ocallaghan-reelegido-presidente-de-la-junta-balonmano-profesional-de-la-ehf\\\/\",\"url\":\"https:\\\/\\\/www.cope.es\\\/blogs\\\/derosca\\\/2025\\\/12\\\/09\\\/xavier-ocallaghan-reelegido-presidente-de-la-junta-balonmano-profesional-de-la-ehf\\\/\",\"name\":\"Xavier O'Callaghan reelegido Presidente de la Junta Balonmano Profesional de la EHF - Derosca\",\"isPartOf\":{\"@id\":\"https:\\\/\\\/www.cope.es\\\/blogs\\\/derosca\\\/#website\"},\"primaryImageOfPage\":{\"@id\":\"https:\\\/\\\/www.cope.es\\\/blogs\\\/derosca\\\/2025\\\/12\\\/09\\\/xavier-ocallaghan-reelegido-presidente-de-la-junta-balonmano-profesional-de-la-ehf\\\/#primaryimage\"},\"image\":{\"@id\":\"https:\\\/\\\/www.cope.es\\\/blogs\\\/derosca\\\/2025\\\/12\\\/09\\\/xavier-ocallaghan-reelegido-presidente-de-la-junta-balonmano-profesional-de-la-ehf\\\/#primaryimage\"},\"thumbnailUrl\":\"https:\\\/\\\/www.cope.es\\\/blogs\\\/derosca\\\/wp-content\\\/uploads\\\/sites\\\/22\\\/2025\\\/12\\\/FCH.jpg\",\"datePublished\":\"2025-12-09T08:24:13+00:00\",\"author\":{\"@id\":\"https:\\\/\\\/www.cope.es\\\/blogs\\\/derosca\\\/#\\\/schema\\\/person\\\/02d6fa6fa8d8db60f83303875a4ff77f\"},\"breadcrumb\":{\"@id\":\"https:\\\/\\\/www.cope.es\\\/blogs\\\/derosca\\\/2025\\\/12\\\/09\\\/xavier-ocallaghan-reelegido-presidente-de-la-junta-balonmano-profesional-de-la-ehf\\\/#breadcrumb\"},\"inLanguage\":\"es\",\"potentialAction\":[{\"@type\":\"ReadAction\",\"target\":[\"https:\\\/\\\/www.cope.es\\\/blogs\\\/derosca\\\/2025\\\/12\\\/09\\\/xavier-ocallaghan-reelegido-presidente-de-la-junta-balonmano-profesional-de-la-ehf\\\/\"]}]},{\"@type\":\"ImageObject\",\"inLanguage\":\"es\",\"@id\":\"https:\\\/\\\/www.cope.es\\\/blogs\\\/derosca\\\/2025\\\/12\\\/09\\\/xavier-ocallaghan-reelegido-presidente-de-la-junta-balonmano-profesional-de-la-ehf\\\/#primaryimage\",\"url\":\"https:\\\/\\\/www.cope.es\\\/blogs\\\/derosca\\\/wp-content\\\/uploads\\\/sites\\\/22\\\/2025\\\/12\\\/FCH.jpg\",\"contentUrl\":\"https:\\\/\\\/www.cope.es\\\/blogs\\\/derosca\\\/wp-content\\\/uploads\\\/sites\\\/22\\\/2025\\\/12\\\/FCH.jpg\",\"width\":650,\"height\":603,\"caption\":\"Xavier O'Callaghan reelegido Presidente de la Junta Balonmano Profesional de la EHF\"},{\"@type\":\"BreadcrumbList\",\"@id\":\"https:\\\/\\\/www.cope.es\\\/blogs\\\/derosca\\\/2025\\\/12\\\/09\\\/xavier-ocallaghan-reelegido-presidente-de-la-junta-balonmano-profesional-de-la-ehf\\\/#breadcrumb\",\"itemListElement\":[{\"@type\":\"ListItem\",\"position\":1,\"name\":\"Portada\",\"item\":\"https:\\\/\\\/www.cope.es\\\/blogs\\\/derosca\\\/\"},{\"@type\":\"ListItem\",\"position\":2,\"name\":\"Xavier O&#8217;Callaghan reelegido Presidente de la Junta Balonmano Profesional de la EHF\"}]},{\"@type\":\"WebSite\",\"@id\":\"https:\\\/\\\/www.cope.es\\\/blogs\\\/derosca\\\/#website\",\"url\":\"https:\\\/\\\/www.cope.es\\\/blogs\\\/derosca\\\/\",\"name\":\"Derosca\",\"description\":\"Blog de balonmano COPE\",\"potentialAction\":[{\"@type\":\"SearchAction\",\"target\":{\"@type\":\"EntryPoint\",\"urlTemplate\":\"https:\\\/\\\/www.cope.es\\\/blogs\\\/derosca\\\/?s={search_term_string}\"},\"query-input\":{\"@type\":\"PropertyValueSpecification\",\"valueRequired\":true,\"valueName\":\"search_term_string\"}}],\"inLanguage\":\"es\"},{\"@type\":\"Person\",\"@id\":\"https:\\\/\\\/www.cope.es\\\/blogs\\\/derosca\\\/#\\\/schema\\\/person\\\/02d6fa6fa8d8db60f83303875a4ff77f\",\"name\":\"Luis Malvar\",\"image\":{\"@type\":\"ImageObject\",\"inLanguage\":\"es\",\"@id\":\"https:\\\/\\\/secure.gravatar.com\\\/avatar\\\/23cd47dec2904689b3ccd32d1dd3e86c7cbf60dcf7376c68854f761a4939534f?s=96&d=mm&r=g\",\"url\":\"https:\\\/\\\/secure.gravatar.com\\\/avatar\\\/23cd47dec2904689b3ccd32d1dd3e86c7cbf60dcf7376c68854f761a4939534f?s=96&d=mm&r=g\",\"contentUrl\":\"https:\\\/\\\/secure.gravatar.com\\\/avatar\\\/23cd47dec2904689b3ccd32d1dd3e86c7cbf60dcf7376c68854f761a4939534f?s=96&d=mm&r=g\",\"caption\":\"Luis Malvar\"},\"description\":\"Comenc\u00e9 la andadura del Blog Derosca all\u00e1 por el 22 de Mayo de 2008. Un blog en el que se trata de llevar a los numerosos aficionados y amantes del mundo del balonmano toda la actualidad de nuestro apasionante deporte. Una ventana que sirve para dar luz a las innumerables noticias que genera el balonmano y que habitualmente no tienen reflejo en los medios de comunicaci\u00f3n. Sin lugar a dudas el Blog Derosca cuenta con un apartado que tiene a gala contar con miles de seguidores como es \u201cMis Pajaritos\u201d en donde se relatan y narran todas las intrahistorias que se generan en el balonmano espa\u00f1ol y que incomoda a m\u00e1s de uno que salgan a la luz.!Gracias por seguirnos durante todos estos a\u00f1os\u00a1\",\"sameAs\":[\"http:\\\/\\\/www.cope.es\",\"lmalvar\"],\"url\":\"https:\\\/\\\/www.cope.es\\\/blogs\\\/derosca\\\/author\\\/lmalvar\\\/\"}]}<\/script>\n<!-- \/ Yoast SEO plugin. -->","yoast_head_json":{"title":"Xavier O'Callaghan reelegido Presidente de la Junta Balonmano Profesional de la EHF - Derosca","robots":{"index":"index","follow":"follow","max-snippet":"max-snippet:-1","max-image-preview":"max-image-preview:large","max-video-preview":"max-video-preview:-1"},"canonical":"https:\/\/www.cope.es\/blogs\/derosca\/2025\/12\/09\/xavier-ocallaghan-reelegido-presidente-de-la-junta-balonmano-profesional-de-la-ehf\/","og_locale":"es_ES","og_type":"article","og_title":"Xavier O'Callaghan reelegido Presidente de la Junta Balonmano Profesional de la EHF - Derosca","og_description":"El pasado 21 de Octubre se celebr\u00f3 la primera reuni\u00f3n del nuevo ciclo de 4 a\u00f1os de la Junta de Balonmano Profesional de la EHF. Se debati\u00f3 el sistema de juego para la Temporada 25 &#8211; 26 y el calendario de las pr\u00f3ximas temporadas. El presidente de la Forum Club Handball (FCH), Xavier O&#8217;Callaghan, fue [&hellip;]","og_url":"https:\/\/www.cope.es\/blogs\/derosca\/2025\/12\/09\/xavier-ocallaghan-reelegido-presidente-de-la-junta-balonmano-profesional-de-la-ehf\/","og_site_name":"Derosca","article_publisher":"https:\/\/www.facebook.com\/cope\/","article_published_time":"2025-12-09T08:24:13+00:00","og_image":[{"width":650,"height":603,"url":"http:\/\/www.cope.es\/blogs\/derosca\/wp-content\/uploads\/sites\/22\/2025\/12\/FCH.jpg","type":"image\/jpeg"}],"author":"Luis Malvar","twitter_card":"summary_large_image","twitter_creator":"@cope_es","twitter_site":"@cope_es","twitter_misc":{"Escrito por":"Luis Malvar","Tiempo de lectura":"2 minutos"},"schema":{"@context":"https:\/\/schema.org","@graph":[{"@type":"Article","@id":"https:\/\/www.cope.es\/blogs\/derosca\/2025\/12\/09\/xavier-ocallaghan-reelegido-presidente-de-la-junta-balonmano-profesional-de-la-ehf\/#article","isPartOf":{"@id":"https:\/\/www.cope.es\/blogs\/derosca\/2025\/12\/09\/xavier-ocallaghan-reelegido-presidente-de-la-junta-balonmano-profesional-de-la-ehf\/"},"author":{"name":"Luis Malvar","@id":"https:\/\/www.cope.es\/blogs\/derosca\/#\/schema\/person\/02d6fa6fa8d8db60f83303875a4ff77f"},"headline":"Xavier O&#8217;Callaghan reelegido Presidente de la Junta Balonmano Profesional de la EHF","datePublished":"2025-12-09T08:24:13+00:00","mainEntityOfPage":{"@id":"https:\/\/www.cope.es\/blogs\/derosca\/2025\/12\/09\/xavier-ocallaghan-reelegido-presidente-de-la-junta-balonmano-profesional-de-la-ehf\/"},"wordCount":204,"commentCount":0,"image":{"@id":"https:\/\/www.cope.es\/blogs\/derosca\/2025\/12\/09\/xavier-ocallaghan-reelegido-presidente-de-la-junta-balonmano-profesional-de-la-ehf\/#primaryimage"},"thumbnailUrl":"https:\/\/www.cope.es\/blogs\/derosca\/wp-content\/uploads\/sites\/22\/2025\/12\/FCH.jpg","articleSection":["Balonmano"],"inLanguage":"es","potentialAction":[{"@type":"CommentAction","name":"Comment","target":["https:\/\/www.cope.es\/blogs\/derosca\/2025\/12\/09\/xavier-ocallaghan-reelegido-presidente-de-la-junta-balonmano-profesional-de-la-ehf\/#respond"]}]},{"@type":"WebPage","@id":"https:\/\/www.cope.es\/blogs\/derosca\/2025\/12\/09\/xavier-ocallaghan-reelegido-presidente-de-la-junta-balonmano-profesional-de-la-ehf\/","url":"https:\/\/www.cope.es\/blogs\/derosca\/2025\/12\/09\/xavier-ocallaghan-reelegido-presidente-de-la-junta-balonmano-profesional-de-la-ehf\/","name":"Xavier O'Callaghan reelegido Presidente de la Junta Balonmano Profesional de la EHF - Derosca","isPartOf":{"@id":"https:\/\/www.cope.es\/blogs\/derosca\/#website"},"primaryImageOfPage":{"@id":"https:\/\/www.cope.es\/blogs\/derosca\/2025\/12\/09\/xavier-ocallaghan-reelegido-presidente-de-la-junta-balonmano-profesional-de-la-ehf\/#primaryimage"},"image":{"@id":"https:\/\/www.cope.es\/blogs\/derosca\/2025\/12\/09\/xavier-ocallaghan-reelegido-presidente-de-la-junta-balonmano-profesional-de-la-ehf\/#primaryimage"},"thumbnailUrl":"https:\/\/www.cope.es\/blogs\/derosca\/wp-content\/uploads\/sites\/22\/2025\/12\/FCH.jpg","datePublished":"2025-12-09T08:24:13+00:00","author":{"@id":"https:\/\/www.cope.es\/blogs\/derosca\/#\/schema\/person\/02d6fa6fa8d8db60f83303875a4ff77f"},"breadcrumb":{"@id":"https:\/\/www.cope.es\/blogs\/derosca\/2025\/12\/09\/xavier-ocallaghan-reelegido-presidente-de-la-junta-balonmano-profesional-de-la-ehf\/#breadcrumb"},"inLanguage":"es","potentialAction":[{"@type":"ReadAction","target":["https:\/\/www.cope.es\/blogs\/derosca\/2025\/12\/09\/xavier-ocallaghan-reelegido-presidente-de-la-junta-balonmano-profesional-de-la-ehf\/"]}]},{"@type":"ImageObject","inLanguage":"es","@id":"https:\/\/www.cope.es\/blogs\/derosca\/2025\/12\/09\/xavier-ocallaghan-reelegido-presidente-de-la-junta-balonmano-profesional-de-la-ehf\/#primaryimage","url":"https:\/\/www.cope.es\/blogs\/derosca\/wp-content\/uploads\/sites\/22\/2025\/12\/FCH.jpg","contentUrl":"https:\/\/www.cope.es\/blogs\/derosca\/wp-content\/uploads\/sites\/22\/2025\/12\/FCH.jpg","width":650,"height":603,"caption":"Xavier O'Callaghan reelegido Presidente de la Junta Balonmano Profesional de la EHF"},{"@type":"BreadcrumbList","@id":"https:\/\/www.cope.es\/blogs\/derosca\/2025\/12\/09\/xavier-ocallaghan-reelegido-presidente-de-la-junta-balonmano-profesional-de-la-ehf\/#breadcrumb","itemListElement":[{"@type":"ListItem","position":1,"name":"Portada","item":"https:\/\/www.cope.es\/blogs\/derosca\/"},{"@type":"ListItem","position":2,"name":"Xavier O&#8217;Callaghan reelegido Presidente de la Junta Balonmano Profesional de la EHF"}]},{"@type":"WebSite","@id":"https:\/\/www.cope.es\/blogs\/derosca\/#website","url":"https:\/\/www.cope.es\/blogs\/derosca\/","name":"Derosca","description":"Blog de balonmano COPE","potentialAction":[{"@type":"SearchAction","target":{"@type":"EntryPoint","urlTemplate":"https:\/\/www.cope.es\/blogs\/derosca\/?s={search_term_string}"},"query-input":{"@type":"PropertyValueSpecification","valueRequired":true,"valueName":"search_term_string"}}],"inLanguage":"es"},{"@type":"Person","@id":"https:\/\/www.cope.es\/blogs\/derosca\/#\/schema\/person\/02d6fa6fa8d8db60f83303875a4ff77f","name":"Luis Malvar","image":{"@type":"ImageObject","inLanguage":"es","@id":"https:\/\/secure.gravatar.com\/avatar\/23cd47dec2904689b3ccd32d1dd3e86c7cbf60dcf7376c68854f761a4939534f?s=96&d=mm&r=g","url":"https:\/\/secure.gravatar.com\/avatar\/23cd47dec2904689b3ccd32d1dd3e86c7cbf60dcf7376c68854f761a4939534f?s=96&d=mm&r=g","contentUrl":"https:\/\/secure.gravatar.com\/avatar\/23cd47dec2904689b3ccd32d1dd3e86c7cbf60dcf7376c68854f761a4939534f?s=96&d=mm&r=g","caption":"Luis Malvar"},"description":"Comenc\u00e9 la andadura del Blog Derosca all\u00e1 por el 22 de Mayo de 2008. Un blog en el que se trata de llevar a los numerosos aficionados y amantes del mundo del balonmano toda la actualidad de nuestro apasionante deporte. Una ventana que sirve para dar luz a las innumerables noticias que genera el balonmano y que habitualmente no tienen reflejo en los medios de comunicaci\u00f3n. Sin lugar a dudas el Blog Derosca cuenta con un apartado que tiene a gala contar con miles de seguidores como es \u201cMis Pajaritos\u201d en donde se relatan y narran todas las intrahistorias que se generan en el balonmano espa\u00f1ol y que incomoda a m\u00e1s de uno que salgan a la luz.!Gracias por seguirnos durante todos estos a\u00f1os\u00a1","sameAs":["http:\/\/www.cope.es","lmalvar"],"url":"https:\/\/www.cope.es\/blogs\/derosca\/author\/lmalvar\/"}]}},"amp_enabled":true,"_links":{"self":[{"href":"https:\/\/www.cope.es\/blogs\/derosca\/wp-json\/wp\/v2\/posts\/4809","targetHints":{"allow":["GET"]}}],"collection":[{"href":"https:\/\/www.cope.es\/blogs\/derosca\/wp-json\/wp\/v2\/posts"}],"about":[{"href":"https:\/\/www.cope.es\/blogs\/derosca\/wp-json\/wp\/v2\/types\/post"}],"author":[{"embeddable":true,"href":"https:\/\/www.cope.es\/blogs\/derosca\/wp-json\/wp\/v2\/users\/23"}],"replies":[{"embeddable":true,"href":"https:\/\/www.cope.es\/blogs\/derosca\/wp-json\/wp\/v2\/comments?post=4809"}],"version-history":[{"count":1,"href":"https:\/\/www.cope.es\/blogs\/derosca\/wp-json\/wp\/v2\/posts\/4809\/revisions"}],"predecessor-version":[{"id":4811,"href":"https:\/\/www.cope.es\/blogs\/derosca\/wp-json\/wp\/v2\/posts\/4809\/revisions\/4811"}],"wp:featuredmedia":[{"embeddable":true,"href":"https:\/\/www.cope.es\/blogs\/derosca\/wp-json\/wp\/v2\/media\/4810"}],"wp:attachment":[{"href":"https:\/\/www.cope.es\/blogs\/derosca\/wp-json\/wp\/v2\/media?parent=4809"}],"wp:term":[{"taxonomy":"category","embeddable":true,"href":"https:\/\/www.cope.es\/blogs\/derosca\/wp-json\/wp\/v2\/categories?post=4809"},{"taxonomy":"post_tag","embeddable":true,"href":"https:\/\/www.cope.es\/blogs\/derosca\/wp-json\/wp\/v2\/tags?post=4809"}],"curies":[{"name":"wp","href":"https:\/\/api.w.org\/{rel}","templated":true}]}}