{"id":4788,"date":"2025-11-27T09:22:45","date_gmt":"2025-11-27T08:22:45","guid":{"rendered":"https:\/\/www.cope.es\/blogs\/derosca\/?p=4788"},"modified":"2025-11-27T09:22:45","modified_gmt":"2025-11-27T08:22:45","slug":"lasse-andersson-ficha-por-el-conjunto-danes-del-hoj-elite","status":"publish","type":"post","link":"https:\/\/www.cope.es\/blogs\/derosca\/2025\/11\/27\/lasse-andersson-ficha-por-el-conjunto-danes-del-hoj-elite\/","title":{"rendered":"Lasse Andersson ficha por el conjunto dan\u00e9s del Hoj Elite"},"content":{"rendered":"<p>Tras diez a\u00f1os en el extranjero, Lasse Andersson regresar\u00e1 a Dinamarca el pr\u00f3ximo verano. El lateral internacional, actual capit\u00e1n del F\u00fcchse Berl\u00edn, ha decidido unirse a H\u00d8J Elite para un ambicioso proyecto, respaldado por un contrato de cuatro a\u00f1os.<\/p>\n<p>Formado en el KIF Kolding, Lasse Andersson de 31 a\u00f1os de edad dej\u00f3 la liga danesa en 2016 para unirse al F.C. Barcelona, donde descubri\u00f3 el m\u00e1ximo nivel europeo. En el a\u00f1o 2020, fich\u00f3 por la Bundesliga para consolidarse como una de las piezas clave del F\u00fcchse Berl\u00edn, convirti\u00e9ndose en capit\u00e1n y un aut\u00e9ntico motor de la defensa. Diez a\u00f1os de experiencia al m\u00e1ximo nivel han forjado un jugador completo, capaz de brillar en ambos lados del campo.<\/p>\n<p>La decisi\u00f3n de unirse al H\u00d8J Elite en el 2026 puede resultar sorprendente, pero ilustra el deseo del club de consolidar sus ambiciones en el panorama nacional. Para Andersson, este regreso al pa\u00eds tras una d\u00e9cada en el extranjero se enmarca en una l\u00f3gica familiar y deportiva, pero tambi\u00e9n financiera. Al igual que otras estrellas danesas antes que \u00e9l, se beneficia del ventajoso sistema reservado para los deportistas que han jugado diez a\u00f1os fuera del pa\u00eds y deciden regresar para desarrollar su carrera en Dinamarca. Andersson se reencontrar\u00e1, en particular, con Michael Damgaard, quien lleg\u00f3 este verano procedente del Magdeburgo, as\u00ed como con el incansable extremo derecho de 44 a\u00f1os, Hans Lindberg.<\/p>\n<p>Con este fichaje, H\u00d8J Elite ha dado un gran paso adelante y ha fichado a un l\u00edder de primer nivel. Esto supone una gran se\u00f1al para la liga danesa, que vuelve a atraer talento local tras su paso por los mejores clubes europeos.<\/p>\n<p><em>Seguirnos en twitter: <\/em><a href=\"#!\/deroscacope\">https:\/\/twitter.com\/#!\/deroscacope<\/a><\/p>\n","protected":false},"excerpt":{"rendered":"<p>Tras diez a\u00f1os en el extranjero, Lasse Andersson regresar\u00e1 a Dinamarca el pr\u00f3ximo verano. El lateral internacional, actual capit\u00e1n del F\u00fcchse Berl\u00edn, ha decidido unirse a H\u00d8J Elite para un ambicioso proyecto, respaldado por un contrato de cuatro a\u00f1os. Formado en el KIF Kolding, Lasse Andersson de 31 a\u00f1os de edad dej\u00f3 la liga danesa [&hellip;]<\/p>\n","protected":false},"author":23,"featured_media":4789,"comment_status":"open","ping_status":"open","sticky":false,"template":"","format":"standard","meta":{"footnotes":""},"categories":[3],"tags":[],"class_list":["post-4788","post","type-post","status-publish","format-standard","has-post-thumbnail","hentry","category-balonmano"],"yoast_head":"<!-- This site is optimized with the Yoast SEO plugin v27.4 - https:\/\/yoast.com\/product\/yoast-seo-wordpress\/ -->\n<title>Lasse Andersson ficha por el conjunto dan\u00e9s del Hoj Elite - Derosca<\/title>\n<meta name=\"robots\" content=\"index, follow, max-snippet:-1, max-image-preview:large, max-video-preview:-1\" \/>\n<link rel=\"canonical\" href=\"https:\/\/www.cope.es\/blogs\/derosca\/2025\/11\/27\/lasse-andersson-ficha-por-el-conjunto-danes-del-hoj-elite\/\" \/>\n<meta property=\"og:locale\" content=\"es_ES\" \/>\n<meta property=\"og:type\" content=\"article\" \/>\n<meta property=\"og:title\" content=\"Lasse Andersson ficha por el conjunto dan\u00e9s del Hoj Elite - Derosca\" \/>\n<meta property=\"og:description\" content=\"Tras diez a\u00f1os en el extranjero, Lasse Andersson regresar\u00e1 a Dinamarca el pr\u00f3ximo verano. El lateral internacional, actual capit\u00e1n del F\u00fcchse Berl\u00edn, ha decidido unirse a H\u00d8J Elite para un ambicioso proyecto, respaldado por un contrato de cuatro a\u00f1os. Formado en el KIF Kolding, Lasse Andersson de 31 a\u00f1os de edad dej\u00f3 la liga danesa [&hellip;]\" \/>\n<meta property=\"og:url\" content=\"https:\/\/www.cope.es\/blogs\/derosca\/2025\/11\/27\/lasse-andersson-ficha-por-el-conjunto-danes-del-hoj-elite\/\" \/>\n<meta property=\"og:site_name\" content=\"Derosca\" \/>\n<meta property=\"article:publisher\" content=\"https:\/\/www.facebook.com\/cope\/\" \/>\n<meta property=\"article:published_time\" content=\"2025-11-27T08:22:45+00:00\" \/>\n<meta property=\"og:image\" content=\"http:\/\/www.cope.es\/blogs\/derosca\/wp-content\/uploads\/sites\/22\/2025\/11\/2025-06-01_Lasse_Andersson_by_mroptimax.jpg\" \/>\n\t<meta property=\"og:image:width\" content=\"680\" \/>\n\t<meta property=\"og:image:height\" content=\"575\" \/>\n\t<meta property=\"og:image:type\" content=\"image\/jpeg\" \/>\n<meta name=\"author\" content=\"Luis Malvar\" \/>\n<meta name=\"twitter:card\" content=\"summary_large_image\" \/>\n<meta name=\"twitter:creator\" content=\"@cope_es\" \/>\n<meta name=\"twitter:site\" content=\"@cope_es\" \/>\n<meta name=\"twitter:label1\" content=\"Escrito por\" \/>\n\t<meta name=\"twitter:data1\" content=\"Luis Malvar\" \/>\n\t<meta name=\"twitter:label2\" content=\"Tiempo de lectura\" \/>\n\t<meta name=\"twitter:data2\" content=\"2 minutos\" \/>\n<script type=\"application\/ld+json\" class=\"yoast-schema-graph\">{\"@context\":\"https:\\\/\\\/schema.org\",\"@graph\":[{\"@type\":\"Article\",\"@id\":\"https:\\\/\\\/www.cope.es\\\/blogs\\\/derosca\\\/2025\\\/11\\\/27\\\/lasse-andersson-ficha-por-el-conjunto-danes-del-hoj-elite\\\/#article\",\"isPartOf\":{\"@id\":\"https:\\\/\\\/www.cope.es\\\/blogs\\\/derosca\\\/2025\\\/11\\\/27\\\/lasse-andersson-ficha-por-el-conjunto-danes-del-hoj-elite\\\/\"},\"author\":{\"name\":\"Luis Malvar\",\"@id\":\"https:\\\/\\\/www.cope.es\\\/blogs\\\/derosca\\\/#\\\/schema\\\/person\\\/02d6fa6fa8d8db60f83303875a4ff77f\"},\"headline\":\"Lasse Andersson ficha por el conjunto dan\u00e9s del Hoj Elite\",\"datePublished\":\"2025-11-27T08:22:45+00:00\",\"mainEntityOfPage\":{\"@id\":\"https:\\\/\\\/www.cope.es\\\/blogs\\\/derosca\\\/2025\\\/11\\\/27\\\/lasse-andersson-ficha-por-el-conjunto-danes-del-hoj-elite\\\/\"},\"wordCount\":315,\"commentCount\":0,\"image\":{\"@id\":\"https:\\\/\\\/www.cope.es\\\/blogs\\\/derosca\\\/2025\\\/11\\\/27\\\/lasse-andersson-ficha-por-el-conjunto-danes-del-hoj-elite\\\/#primaryimage\"},\"thumbnailUrl\":\"https:\\\/\\\/www.cope.es\\\/blogs\\\/derosca\\\/wp-content\\\/uploads\\\/sites\\\/22\\\/2025\\\/11\\\/2025-06-01_Lasse_Andersson_by_mroptimax.jpg\",\"articleSection\":[\"Balonmano\"],\"inLanguage\":\"es\",\"potentialAction\":[{\"@type\":\"CommentAction\",\"name\":\"Comment\",\"target\":[\"https:\\\/\\\/www.cope.es\\\/blogs\\\/derosca\\\/2025\\\/11\\\/27\\\/lasse-andersson-ficha-por-el-conjunto-danes-del-hoj-elite\\\/#respond\"]}]},{\"@type\":\"WebPage\",\"@id\":\"https:\\\/\\\/www.cope.es\\\/blogs\\\/derosca\\\/2025\\\/11\\\/27\\\/lasse-andersson-ficha-por-el-conjunto-danes-del-hoj-elite\\\/\",\"url\":\"https:\\\/\\\/www.cope.es\\\/blogs\\\/derosca\\\/2025\\\/11\\\/27\\\/lasse-andersson-ficha-por-el-conjunto-danes-del-hoj-elite\\\/\",\"name\":\"Lasse Andersson ficha por el conjunto dan\u00e9s del Hoj Elite - Derosca\",\"isPartOf\":{\"@id\":\"https:\\\/\\\/www.cope.es\\\/blogs\\\/derosca\\\/#website\"},\"primaryImageOfPage\":{\"@id\":\"https:\\\/\\\/www.cope.es\\\/blogs\\\/derosca\\\/2025\\\/11\\\/27\\\/lasse-andersson-ficha-por-el-conjunto-danes-del-hoj-elite\\\/#primaryimage\"},\"image\":{\"@id\":\"https:\\\/\\\/www.cope.es\\\/blogs\\\/derosca\\\/2025\\\/11\\\/27\\\/lasse-andersson-ficha-por-el-conjunto-danes-del-hoj-elite\\\/#primaryimage\"},\"thumbnailUrl\":\"https:\\\/\\\/www.cope.es\\\/blogs\\\/derosca\\\/wp-content\\\/uploads\\\/sites\\\/22\\\/2025\\\/11\\\/2025-06-01_Lasse_Andersson_by_mroptimax.jpg\",\"datePublished\":\"2025-11-27T08:22:45+00:00\",\"author\":{\"@id\":\"https:\\\/\\\/www.cope.es\\\/blogs\\\/derosca\\\/#\\\/schema\\\/person\\\/02d6fa6fa8d8db60f83303875a4ff77f\"},\"breadcrumb\":{\"@id\":\"https:\\\/\\\/www.cope.es\\\/blogs\\\/derosca\\\/2025\\\/11\\\/27\\\/lasse-andersson-ficha-por-el-conjunto-danes-del-hoj-elite\\\/#breadcrumb\"},\"inLanguage\":\"es\",\"potentialAction\":[{\"@type\":\"ReadAction\",\"target\":[\"https:\\\/\\\/www.cope.es\\\/blogs\\\/derosca\\\/2025\\\/11\\\/27\\\/lasse-andersson-ficha-por-el-conjunto-danes-del-hoj-elite\\\/\"]}]},{\"@type\":\"ImageObject\",\"inLanguage\":\"es\",\"@id\":\"https:\\\/\\\/www.cope.es\\\/blogs\\\/derosca\\\/2025\\\/11\\\/27\\\/lasse-andersson-ficha-por-el-conjunto-danes-del-hoj-elite\\\/#primaryimage\",\"url\":\"https:\\\/\\\/www.cope.es\\\/blogs\\\/derosca\\\/wp-content\\\/uploads\\\/sites\\\/22\\\/2025\\\/11\\\/2025-06-01_Lasse_Andersson_by_mroptimax.jpg\",\"contentUrl\":\"https:\\\/\\\/www.cope.es\\\/blogs\\\/derosca\\\/wp-content\\\/uploads\\\/sites\\\/22\\\/2025\\\/11\\\/2025-06-01_Lasse_Andersson_by_mroptimax.jpg\",\"width\":680,\"height\":575,\"caption\":\"Lasse Andersson ficha por el conjunto dan\u00e9s del Hoj Elite\"},{\"@type\":\"BreadcrumbList\",\"@id\":\"https:\\\/\\\/www.cope.es\\\/blogs\\\/derosca\\\/2025\\\/11\\\/27\\\/lasse-andersson-ficha-por-el-conjunto-danes-del-hoj-elite\\\/#breadcrumb\",\"itemListElement\":[{\"@type\":\"ListItem\",\"position\":1,\"name\":\"Portada\",\"item\":\"https:\\\/\\\/www.cope.es\\\/blogs\\\/derosca\\\/\"},{\"@type\":\"ListItem\",\"position\":2,\"name\":\"Lasse Andersson ficha por el conjunto dan\u00e9s del Hoj Elite\"}]},{\"@type\":\"WebSite\",\"@id\":\"https:\\\/\\\/www.cope.es\\\/blogs\\\/derosca\\\/#website\",\"url\":\"https:\\\/\\\/www.cope.es\\\/blogs\\\/derosca\\\/\",\"name\":\"Derosca\",\"description\":\"Blog de balonmano COPE\",\"potentialAction\":[{\"@type\":\"SearchAction\",\"target\":{\"@type\":\"EntryPoint\",\"urlTemplate\":\"https:\\\/\\\/www.cope.es\\\/blogs\\\/derosca\\\/?s={search_term_string}\"},\"query-input\":{\"@type\":\"PropertyValueSpecification\",\"valueRequired\":true,\"valueName\":\"search_term_string\"}}],\"inLanguage\":\"es\"},{\"@type\":\"Person\",\"@id\":\"https:\\\/\\\/www.cope.es\\\/blogs\\\/derosca\\\/#\\\/schema\\\/person\\\/02d6fa6fa8d8db60f83303875a4ff77f\",\"name\":\"Luis Malvar\",\"image\":{\"@type\":\"ImageObject\",\"inLanguage\":\"es\",\"@id\":\"https:\\\/\\\/secure.gravatar.com\\\/avatar\\\/23cd47dec2904689b3ccd32d1dd3e86c7cbf60dcf7376c68854f761a4939534f?s=96&d=mm&r=g\",\"url\":\"https:\\\/\\\/secure.gravatar.com\\\/avatar\\\/23cd47dec2904689b3ccd32d1dd3e86c7cbf60dcf7376c68854f761a4939534f?s=96&d=mm&r=g\",\"contentUrl\":\"https:\\\/\\\/secure.gravatar.com\\\/avatar\\\/23cd47dec2904689b3ccd32d1dd3e86c7cbf60dcf7376c68854f761a4939534f?s=96&d=mm&r=g\",\"caption\":\"Luis Malvar\"},\"description\":\"Comenc\u00e9 la andadura del Blog Derosca all\u00e1 por el 22 de Mayo de 2008. Un blog en el que se trata de llevar a los numerosos aficionados y amantes del mundo del balonmano toda la actualidad de nuestro apasionante deporte. Una ventana que sirve para dar luz a las innumerables noticias que genera el balonmano y que habitualmente no tienen reflejo en los medios de comunicaci\u00f3n. Sin lugar a dudas el Blog Derosca cuenta con un apartado que tiene a gala contar con miles de seguidores como es \u201cMis Pajaritos\u201d en donde se relatan y narran todas las intrahistorias que se generan en el balonmano espa\u00f1ol y que incomoda a m\u00e1s de uno que salgan a la luz.!Gracias por seguirnos durante todos estos a\u00f1os\u00a1\",\"sameAs\":[\"http:\\\/\\\/www.cope.es\",\"lmalvar\"],\"url\":\"https:\\\/\\\/www.cope.es\\\/blogs\\\/derosca\\\/author\\\/lmalvar\\\/\"}]}<\/script>\n<!-- \/ Yoast SEO plugin. -->","yoast_head_json":{"title":"Lasse Andersson ficha por el conjunto dan\u00e9s del Hoj Elite - Derosca","robots":{"index":"index","follow":"follow","max-snippet":"max-snippet:-1","max-image-preview":"max-image-preview:large","max-video-preview":"max-video-preview:-1"},"canonical":"https:\/\/www.cope.es\/blogs\/derosca\/2025\/11\/27\/lasse-andersson-ficha-por-el-conjunto-danes-del-hoj-elite\/","og_locale":"es_ES","og_type":"article","og_title":"Lasse Andersson ficha por el conjunto dan\u00e9s del Hoj Elite - Derosca","og_description":"Tras diez a\u00f1os en el extranjero, Lasse Andersson regresar\u00e1 a Dinamarca el pr\u00f3ximo verano. El lateral internacional, actual capit\u00e1n del F\u00fcchse Berl\u00edn, ha decidido unirse a H\u00d8J Elite para un ambicioso proyecto, respaldado por un contrato de cuatro a\u00f1os. Formado en el KIF Kolding, Lasse Andersson de 31 a\u00f1os de edad dej\u00f3 la liga danesa [&hellip;]","og_url":"https:\/\/www.cope.es\/blogs\/derosca\/2025\/11\/27\/lasse-andersson-ficha-por-el-conjunto-danes-del-hoj-elite\/","og_site_name":"Derosca","article_publisher":"https:\/\/www.facebook.com\/cope\/","article_published_time":"2025-11-27T08:22:45+00:00","og_image":[{"width":680,"height":575,"url":"http:\/\/www.cope.es\/blogs\/derosca\/wp-content\/uploads\/sites\/22\/2025\/11\/2025-06-01_Lasse_Andersson_by_mroptimax.jpg","type":"image\/jpeg"}],"author":"Luis Malvar","twitter_card":"summary_large_image","twitter_creator":"@cope_es","twitter_site":"@cope_es","twitter_misc":{"Escrito por":"Luis Malvar","Tiempo de lectura":"2 minutos"},"schema":{"@context":"https:\/\/schema.org","@graph":[{"@type":"Article","@id":"https:\/\/www.cope.es\/blogs\/derosca\/2025\/11\/27\/lasse-andersson-ficha-por-el-conjunto-danes-del-hoj-elite\/#article","isPartOf":{"@id":"https:\/\/www.cope.es\/blogs\/derosca\/2025\/11\/27\/lasse-andersson-ficha-por-el-conjunto-danes-del-hoj-elite\/"},"author":{"name":"Luis Malvar","@id":"https:\/\/www.cope.es\/blogs\/derosca\/#\/schema\/person\/02d6fa6fa8d8db60f83303875a4ff77f"},"headline":"Lasse Andersson ficha por el conjunto dan\u00e9s del Hoj Elite","datePublished":"2025-11-27T08:22:45+00:00","mainEntityOfPage":{"@id":"https:\/\/www.cope.es\/blogs\/derosca\/2025\/11\/27\/lasse-andersson-ficha-por-el-conjunto-danes-del-hoj-elite\/"},"wordCount":315,"commentCount":0,"image":{"@id":"https:\/\/www.cope.es\/blogs\/derosca\/2025\/11\/27\/lasse-andersson-ficha-por-el-conjunto-danes-del-hoj-elite\/#primaryimage"},"thumbnailUrl":"https:\/\/www.cope.es\/blogs\/derosca\/wp-content\/uploads\/sites\/22\/2025\/11\/2025-06-01_Lasse_Andersson_by_mroptimax.jpg","articleSection":["Balonmano"],"inLanguage":"es","potentialAction":[{"@type":"CommentAction","name":"Comment","target":["https:\/\/www.cope.es\/blogs\/derosca\/2025\/11\/27\/lasse-andersson-ficha-por-el-conjunto-danes-del-hoj-elite\/#respond"]}]},{"@type":"WebPage","@id":"https:\/\/www.cope.es\/blogs\/derosca\/2025\/11\/27\/lasse-andersson-ficha-por-el-conjunto-danes-del-hoj-elite\/","url":"https:\/\/www.cope.es\/blogs\/derosca\/2025\/11\/27\/lasse-andersson-ficha-por-el-conjunto-danes-del-hoj-elite\/","name":"Lasse Andersson ficha por el conjunto dan\u00e9s del Hoj Elite - Derosca","isPartOf":{"@id":"https:\/\/www.cope.es\/blogs\/derosca\/#website"},"primaryImageOfPage":{"@id":"https:\/\/www.cope.es\/blogs\/derosca\/2025\/11\/27\/lasse-andersson-ficha-por-el-conjunto-danes-del-hoj-elite\/#primaryimage"},"image":{"@id":"https:\/\/www.cope.es\/blogs\/derosca\/2025\/11\/27\/lasse-andersson-ficha-por-el-conjunto-danes-del-hoj-elite\/#primaryimage"},"thumbnailUrl":"https:\/\/www.cope.es\/blogs\/derosca\/wp-content\/uploads\/sites\/22\/2025\/11\/2025-06-01_Lasse_Andersson_by_mroptimax.jpg","datePublished":"2025-11-27T08:22:45+00:00","author":{"@id":"https:\/\/www.cope.es\/blogs\/derosca\/#\/schema\/person\/02d6fa6fa8d8db60f83303875a4ff77f"},"breadcrumb":{"@id":"https:\/\/www.cope.es\/blogs\/derosca\/2025\/11\/27\/lasse-andersson-ficha-por-el-conjunto-danes-del-hoj-elite\/#breadcrumb"},"inLanguage":"es","potentialAction":[{"@type":"ReadAction","target":["https:\/\/www.cope.es\/blogs\/derosca\/2025\/11\/27\/lasse-andersson-ficha-por-el-conjunto-danes-del-hoj-elite\/"]}]},{"@type":"ImageObject","inLanguage":"es","@id":"https:\/\/www.cope.es\/blogs\/derosca\/2025\/11\/27\/lasse-andersson-ficha-por-el-conjunto-danes-del-hoj-elite\/#primaryimage","url":"https:\/\/www.cope.es\/blogs\/derosca\/wp-content\/uploads\/sites\/22\/2025\/11\/2025-06-01_Lasse_Andersson_by_mroptimax.jpg","contentUrl":"https:\/\/www.cope.es\/blogs\/derosca\/wp-content\/uploads\/sites\/22\/2025\/11\/2025-06-01_Lasse_Andersson_by_mroptimax.jpg","width":680,"height":575,"caption":"Lasse Andersson ficha por el conjunto dan\u00e9s del Hoj Elite"},{"@type":"BreadcrumbList","@id":"https:\/\/www.cope.es\/blogs\/derosca\/2025\/11\/27\/lasse-andersson-ficha-por-el-conjunto-danes-del-hoj-elite\/#breadcrumb","itemListElement":[{"@type":"ListItem","position":1,"name":"Portada","item":"https:\/\/www.cope.es\/blogs\/derosca\/"},{"@type":"ListItem","position":2,"name":"Lasse Andersson ficha por el conjunto dan\u00e9s del Hoj Elite"}]},{"@type":"WebSite","@id":"https:\/\/www.cope.es\/blogs\/derosca\/#website","url":"https:\/\/www.cope.es\/blogs\/derosca\/","name":"Derosca","description":"Blog de balonmano COPE","potentialAction":[{"@type":"SearchAction","target":{"@type":"EntryPoint","urlTemplate":"https:\/\/www.cope.es\/blogs\/derosca\/?s={search_term_string}"},"query-input":{"@type":"PropertyValueSpecification","valueRequired":true,"valueName":"search_term_string"}}],"inLanguage":"es"},{"@type":"Person","@id":"https:\/\/www.cope.es\/blogs\/derosca\/#\/schema\/person\/02d6fa6fa8d8db60f83303875a4ff77f","name":"Luis Malvar","image":{"@type":"ImageObject","inLanguage":"es","@id":"https:\/\/secure.gravatar.com\/avatar\/23cd47dec2904689b3ccd32d1dd3e86c7cbf60dcf7376c68854f761a4939534f?s=96&d=mm&r=g","url":"https:\/\/secure.gravatar.com\/avatar\/23cd47dec2904689b3ccd32d1dd3e86c7cbf60dcf7376c68854f761a4939534f?s=96&d=mm&r=g","contentUrl":"https:\/\/secure.gravatar.com\/avatar\/23cd47dec2904689b3ccd32d1dd3e86c7cbf60dcf7376c68854f761a4939534f?s=96&d=mm&r=g","caption":"Luis Malvar"},"description":"Comenc\u00e9 la andadura del Blog Derosca all\u00e1 por el 22 de Mayo de 2008. Un blog en el que se trata de llevar a los numerosos aficionados y amantes del mundo del balonmano toda la actualidad de nuestro apasionante deporte. Una ventana que sirve para dar luz a las innumerables noticias que genera el balonmano y que habitualmente no tienen reflejo en los medios de comunicaci\u00f3n. Sin lugar a dudas el Blog Derosca cuenta con un apartado que tiene a gala contar con miles de seguidores como es \u201cMis Pajaritos\u201d en donde se relatan y narran todas las intrahistorias que se generan en el balonmano espa\u00f1ol y que incomoda a m\u00e1s de uno que salgan a la luz.!Gracias por seguirnos durante todos estos a\u00f1os\u00a1","sameAs":["http:\/\/www.cope.es","lmalvar"],"url":"https:\/\/www.cope.es\/blogs\/derosca\/author\/lmalvar\/"}]}},"amp_enabled":true,"_links":{"self":[{"href":"https:\/\/www.cope.es\/blogs\/derosca\/wp-json\/wp\/v2\/posts\/4788","targetHints":{"allow":["GET"]}}],"collection":[{"href":"https:\/\/www.cope.es\/blogs\/derosca\/wp-json\/wp\/v2\/posts"}],"about":[{"href":"https:\/\/www.cope.es\/blogs\/derosca\/wp-json\/wp\/v2\/types\/post"}],"author":[{"embeddable":true,"href":"https:\/\/www.cope.es\/blogs\/derosca\/wp-json\/wp\/v2\/users\/23"}],"replies":[{"embeddable":true,"href":"https:\/\/www.cope.es\/blogs\/derosca\/wp-json\/wp\/v2\/comments?post=4788"}],"version-history":[{"count":1,"href":"https:\/\/www.cope.es\/blogs\/derosca\/wp-json\/wp\/v2\/posts\/4788\/revisions"}],"predecessor-version":[{"id":4790,"href":"https:\/\/www.cope.es\/blogs\/derosca\/wp-json\/wp\/v2\/posts\/4788\/revisions\/4790"}],"wp:featuredmedia":[{"embeddable":true,"href":"https:\/\/www.cope.es\/blogs\/derosca\/wp-json\/wp\/v2\/media\/4789"}],"wp:attachment":[{"href":"https:\/\/www.cope.es\/blogs\/derosca\/wp-json\/wp\/v2\/media?parent=4788"}],"wp:term":[{"taxonomy":"category","embeddable":true,"href":"https:\/\/www.cope.es\/blogs\/derosca\/wp-json\/wp\/v2\/categories?post=4788"},{"taxonomy":"post_tag","embeddable":true,"href":"https:\/\/www.cope.es\/blogs\/derosca\/wp-json\/wp\/v2\/tags?post=4788"}],"curies":[{"name":"wp","href":"https:\/\/api.w.org\/{rel}","templated":true}]}}