{"id":4781,"date":"2025-11-25T09:30:04","date_gmt":"2025-11-25T08:30:04","guid":{"rendered":"https:\/\/www.cope.es\/blogs\/derosca\/?p=4781"},"modified":"2025-11-25T09:30:04","modified_gmt":"2025-11-25T08:30:04","slug":"al-fuchse-berlin-le-roban-el-trofeo-de-campeon-de-la-bundesliga","status":"publish","type":"post","link":"https:\/\/www.cope.es\/blogs\/derosca\/2025\/11\/25\/al-fuchse-berlin-le-roban-el-trofeo-de-campeon-de-la-bundesliga\/","title":{"rendered":"Al F\u00fcchse Berl\u00edn le roban el Trofeo de Campe\u00f3n de la Bundesliga"},"content":{"rendered":"<p><span style=\"color: #222222\"><span style=\"font-family: Arial, sans-serif\"><span style=\"font-size: medium\"><span>Gran sorpresa en el mundo del balonmano alem\u00e1n. El prestigioso trofeo de la Bundesliga, germana recientemente ganado por el F\u00fcchse Berl\u00edn, ha sido robado de las instalaciones del club. El robo, ha sido filmado con una c\u00e1mara oculta, ha desatado incomprensi\u00f3n, ira y un aut\u00e9ntico misterio<\/span><\/span><\/span><\/span><span style=\"color: #222222\"><span style=\"font-family: Arial, sans-serif\"><span style=\"font-size: medium\"><span>.<\/span><\/span><\/span><\/span><\/p>\n<p><span style=\"color: #222222\"><span style=\"font-family: Arial, sans-serif\"><span style=\"font-size: medium\">El F\u00fcchse Berlin vive actualmente una situaci\u00f3n digna de una novela negra. El trofeo de la Bundesliga, s\u00edmbolo de su primer t\u00edtulo de la Bundesliga, ha desaparecido de su sede. Se cree que el robo ocurri\u00f3 el pasado 18 de Noviembre, seg\u00fan la polic\u00eda, que lo investiga como un caso de sospecha de robo especialmente grave en una empresa. El trofeo, est\u00e1 valorado en unos 12.000 euros, pesa casi 3 kilos y est\u00e1 hecho de plata. Los primeros hallazgos indican que no se encontraron indicios de entrada forzada en las instalaciones.<\/span><\/span><\/span><\/p>\n<p><span style=\"color: #222222\"><span style=\"font-family: Arial, sans-serif\"><span style=\"font-size: medium\"><span>En estos momentos la directiva del F\u00fcchse no anda desprovista de pruebas dado que una c\u00e1mara oculta en las oficinas, seg\u00fan se informa, grab\u00f3 el robo. El Director del club, <\/span><\/span><\/span><\/span><span style=\"color: #222222\"><span style=\"font-family: Arial, sans-serif\"><span style=\"font-size: medium\"><span>Bob Hanning<\/span><\/span><\/span><\/span><span style=\"color: #222222\"><span style=\"font-family: Arial, sans-serif\"><span style=\"font-size: medium\"><span>, se muestra muy optimista respecto a una r\u00e1pida resoluci\u00f3n de asunto y comenta que esperan que el trofeo sea encontrado y devuelto al campe\u00f3n.<\/span><\/span><\/span><\/span><\/p>\n<p><span style=\"color: #222222\"><span style=\"font-family: Arial, sans-serif\"><span style=\"font-size: medium\">El robo, m\u00e1s all\u00e1 de su aspecto material, es simb\u00f3lico. El F\u00fcchse Berlin gan\u00f3 su primera Bundesliga el pasado 8 de Junio contra el Rhein Neckar L\u00f6wen, escribiendo un cap\u00edtulo hist\u00f3rico para el club. La desaparici\u00f3n del trofeo resalta no solo el valor sentimental de este objeto, sino tambi\u00e9n su poderoso simbolismo en la historia del club. Tanto los aficionados como la Gerencia del Club ahora esperan ansiosamente que el sistema judicial y la polic\u00eda hagan su trabajo y que su trofeo regrese a su lugar en la vitrina de trofeos de los campeones.<\/span><\/span><\/span><\/p>\n<p><span style=\"color: #222222\"><span style=\"font-family: Arial, sans-serif\"><span style=\"font-size: medium\"><span>Finalmente el <\/span><\/span><\/span><\/span><span style=\"color: #222222\"><span style=\"font-family: Arial, sans-serif\"><span style=\"font-size: medium\"><span>club declara que el caso ha sido puesto a disposici\u00f3n de la polic\u00eda y que, por lo tanto, no se har\u00e1n m\u00e1s comentarios por el momento. <\/span><\/span><\/span><\/span><\/p>\n<p><em><span style=\"color: #666666\"><span style=\"font-family: Arial, sans-serif\"><span style=\"font-size: medium\">Seguirnos en twitter: <\/span><\/span><\/span><\/em><span style=\"color: #000080\"><span><u><a href=\"#!\/deroscacope\"><span style=\"font-family: Arial, sans-serif\"><span style=\"font-size: medium\">https:\/\/twitter.com\/#!\/deroscacope<\/span><\/span><\/a><\/u><\/span><\/span><\/p>\n","protected":false},"excerpt":{"rendered":"<p>Gran sorpresa en el mundo del balonmano alem\u00e1n. El prestigioso trofeo de la Bundesliga, germana recientemente ganado por el F\u00fcchse Berl\u00edn, ha sido robado de las instalaciones del club. El robo, ha sido filmado con una c\u00e1mara oculta, ha desatado incomprensi\u00f3n, ira y un aut\u00e9ntico misterio. El F\u00fcchse Berlin vive actualmente una situaci\u00f3n digna de [&hellip;]<\/p>\n","protected":false},"author":23,"featured_media":4782,"comment_status":"open","ping_status":"open","sticky":false,"template":"","format":"standard","meta":{"footnotes":""},"categories":[3],"tags":[],"class_list":["post-4781","post","type-post","status-publish","format-standard","has-post-thumbnail","hentry","category-balonmano"],"yoast_head":"<!-- This site is optimized with the Yoast SEO plugin v27.4 - https:\/\/yoast.com\/product\/yoast-seo-wordpress\/ -->\n<title>Al F\u00fcchse Berl\u00edn le roban el Trofeo de Campe\u00f3n de la Bundesliga - Derosca<\/title>\n<meta name=\"robots\" content=\"index, follow, max-snippet:-1, max-image-preview:large, max-video-preview:-1\" \/>\n<link rel=\"canonical\" href=\"https:\/\/www.cope.es\/blogs\/derosca\/2025\/11\/25\/al-fuchse-berlin-le-roban-el-trofeo-de-campeon-de-la-bundesliga\/\" \/>\n<meta property=\"og:locale\" content=\"es_ES\" \/>\n<meta property=\"og:type\" content=\"article\" \/>\n<meta property=\"og:title\" content=\"Al F\u00fcchse Berl\u00edn le roban el Trofeo de Campe\u00f3n de la Bundesliga - Derosca\" \/>\n<meta property=\"og:description\" content=\"Gran sorpresa en el mundo del balonmano alem\u00e1n. El prestigioso trofeo de la Bundesliga, germana recientemente ganado por el F\u00fcchse Berl\u00edn, ha sido robado de las instalaciones del club. El robo, ha sido filmado con una c\u00e1mara oculta, ha desatado incomprensi\u00f3n, ira y un aut\u00e9ntico misterio. El F\u00fcchse Berlin vive actualmente una situaci\u00f3n digna de [&hellip;]\" \/>\n<meta property=\"og:url\" content=\"https:\/\/www.cope.es\/blogs\/derosca\/2025\/11\/25\/al-fuchse-berlin-le-roban-el-trofeo-de-campeon-de-la-bundesliga\/\" \/>\n<meta property=\"og:site_name\" content=\"Derosca\" \/>\n<meta property=\"article:publisher\" content=\"https:\/\/www.facebook.com\/cope\/\" \/>\n<meta property=\"article:published_time\" content=\"2025-11-25T08:30:04+00:00\" \/>\n<meta property=\"og:image\" content=\"http:\/\/www.cope.es\/blogs\/derosca\/wp-content\/uploads\/sites\/22\/2025\/11\/FB_IMG_1763757696119-819x1024-1.jpg\" \/>\n\t<meta property=\"og:image:width\" content=\"680\" \/>\n\t<meta property=\"og:image:height\" content=\"665\" \/>\n\t<meta property=\"og:image:type\" content=\"image\/jpeg\" \/>\n<meta name=\"author\" content=\"Luis Malvar\" \/>\n<meta name=\"twitter:card\" content=\"summary_large_image\" \/>\n<meta name=\"twitter:creator\" content=\"@cope_es\" \/>\n<meta name=\"twitter:site\" content=\"@cope_es\" \/>\n<meta name=\"twitter:label1\" content=\"Escrito por\" \/>\n\t<meta name=\"twitter:data1\" content=\"Luis Malvar\" \/>\n\t<meta name=\"twitter:label2\" content=\"Tiempo de lectura\" \/>\n\t<meta name=\"twitter:data2\" content=\"2 minutos\" \/>\n<script type=\"application\/ld+json\" class=\"yoast-schema-graph\">{\"@context\":\"https:\\\/\\\/schema.org\",\"@graph\":[{\"@type\":\"Article\",\"@id\":\"https:\\\/\\\/www.cope.es\\\/blogs\\\/derosca\\\/2025\\\/11\\\/25\\\/al-fuchse-berlin-le-roban-el-trofeo-de-campeon-de-la-bundesliga\\\/#article\",\"isPartOf\":{\"@id\":\"https:\\\/\\\/www.cope.es\\\/blogs\\\/derosca\\\/2025\\\/11\\\/25\\\/al-fuchse-berlin-le-roban-el-trofeo-de-campeon-de-la-bundesliga\\\/\"},\"author\":{\"name\":\"Luis Malvar\",\"@id\":\"https:\\\/\\\/www.cope.es\\\/blogs\\\/derosca\\\/#\\\/schema\\\/person\\\/02d6fa6fa8d8db60f83303875a4ff77f\"},\"headline\":\"Al F\u00fcchse Berl\u00edn le roban el Trofeo de Campe\u00f3n de la Bundesliga\",\"datePublished\":\"2025-11-25T08:30:04+00:00\",\"mainEntityOfPage\":{\"@id\":\"https:\\\/\\\/www.cope.es\\\/blogs\\\/derosca\\\/2025\\\/11\\\/25\\\/al-fuchse-berlin-le-roban-el-trofeo-de-campeon-de-la-bundesliga\\\/\"},\"wordCount\":364,\"commentCount\":0,\"image\":{\"@id\":\"https:\\\/\\\/www.cope.es\\\/blogs\\\/derosca\\\/2025\\\/11\\\/25\\\/al-fuchse-berlin-le-roban-el-trofeo-de-campeon-de-la-bundesliga\\\/#primaryimage\"},\"thumbnailUrl\":\"https:\\\/\\\/www.cope.es\\\/blogs\\\/derosca\\\/wp-content\\\/uploads\\\/sites\\\/22\\\/2025\\\/11\\\/FB_IMG_1763757696119-819x1024-1.jpg\",\"articleSection\":[\"Balonmano\"],\"inLanguage\":\"es\",\"potentialAction\":[{\"@type\":\"CommentAction\",\"name\":\"Comment\",\"target\":[\"https:\\\/\\\/www.cope.es\\\/blogs\\\/derosca\\\/2025\\\/11\\\/25\\\/al-fuchse-berlin-le-roban-el-trofeo-de-campeon-de-la-bundesliga\\\/#respond\"]}]},{\"@type\":\"WebPage\",\"@id\":\"https:\\\/\\\/www.cope.es\\\/blogs\\\/derosca\\\/2025\\\/11\\\/25\\\/al-fuchse-berlin-le-roban-el-trofeo-de-campeon-de-la-bundesliga\\\/\",\"url\":\"https:\\\/\\\/www.cope.es\\\/blogs\\\/derosca\\\/2025\\\/11\\\/25\\\/al-fuchse-berlin-le-roban-el-trofeo-de-campeon-de-la-bundesliga\\\/\",\"name\":\"Al F\u00fcchse Berl\u00edn le roban el Trofeo de Campe\u00f3n de la Bundesliga - Derosca\",\"isPartOf\":{\"@id\":\"https:\\\/\\\/www.cope.es\\\/blogs\\\/derosca\\\/#website\"},\"primaryImageOfPage\":{\"@id\":\"https:\\\/\\\/www.cope.es\\\/blogs\\\/derosca\\\/2025\\\/11\\\/25\\\/al-fuchse-berlin-le-roban-el-trofeo-de-campeon-de-la-bundesliga\\\/#primaryimage\"},\"image\":{\"@id\":\"https:\\\/\\\/www.cope.es\\\/blogs\\\/derosca\\\/2025\\\/11\\\/25\\\/al-fuchse-berlin-le-roban-el-trofeo-de-campeon-de-la-bundesliga\\\/#primaryimage\"},\"thumbnailUrl\":\"https:\\\/\\\/www.cope.es\\\/blogs\\\/derosca\\\/wp-content\\\/uploads\\\/sites\\\/22\\\/2025\\\/11\\\/FB_IMG_1763757696119-819x1024-1.jpg\",\"datePublished\":\"2025-11-25T08:30:04+00:00\",\"author\":{\"@id\":\"https:\\\/\\\/www.cope.es\\\/blogs\\\/derosca\\\/#\\\/schema\\\/person\\\/02d6fa6fa8d8db60f83303875a4ff77f\"},\"breadcrumb\":{\"@id\":\"https:\\\/\\\/www.cope.es\\\/blogs\\\/derosca\\\/2025\\\/11\\\/25\\\/al-fuchse-berlin-le-roban-el-trofeo-de-campeon-de-la-bundesliga\\\/#breadcrumb\"},\"inLanguage\":\"es\",\"potentialAction\":[{\"@type\":\"ReadAction\",\"target\":[\"https:\\\/\\\/www.cope.es\\\/blogs\\\/derosca\\\/2025\\\/11\\\/25\\\/al-fuchse-berlin-le-roban-el-trofeo-de-campeon-de-la-bundesliga\\\/\"]}]},{\"@type\":\"ImageObject\",\"inLanguage\":\"es\",\"@id\":\"https:\\\/\\\/www.cope.es\\\/blogs\\\/derosca\\\/2025\\\/11\\\/25\\\/al-fuchse-berlin-le-roban-el-trofeo-de-campeon-de-la-bundesliga\\\/#primaryimage\",\"url\":\"https:\\\/\\\/www.cope.es\\\/blogs\\\/derosca\\\/wp-content\\\/uploads\\\/sites\\\/22\\\/2025\\\/11\\\/FB_IMG_1763757696119-819x1024-1.jpg\",\"contentUrl\":\"https:\\\/\\\/www.cope.es\\\/blogs\\\/derosca\\\/wp-content\\\/uploads\\\/sites\\\/22\\\/2025\\\/11\\\/FB_IMG_1763757696119-819x1024-1.jpg\",\"width\":680,\"height\":665,\"caption\":\"Al F\u00fcchse Berl\u00edn le roban el Trofeo de Campe\u00f3n de la Bundesliga\"},{\"@type\":\"BreadcrumbList\",\"@id\":\"https:\\\/\\\/www.cope.es\\\/blogs\\\/derosca\\\/2025\\\/11\\\/25\\\/al-fuchse-berlin-le-roban-el-trofeo-de-campeon-de-la-bundesliga\\\/#breadcrumb\",\"itemListElement\":[{\"@type\":\"ListItem\",\"position\":1,\"name\":\"Portada\",\"item\":\"https:\\\/\\\/www.cope.es\\\/blogs\\\/derosca\\\/\"},{\"@type\":\"ListItem\",\"position\":2,\"name\":\"Al F\u00fcchse Berl\u00edn le roban el Trofeo de Campe\u00f3n de la Bundesliga\"}]},{\"@type\":\"WebSite\",\"@id\":\"https:\\\/\\\/www.cope.es\\\/blogs\\\/derosca\\\/#website\",\"url\":\"https:\\\/\\\/www.cope.es\\\/blogs\\\/derosca\\\/\",\"name\":\"Derosca\",\"description\":\"Blog de balonmano COPE\",\"potentialAction\":[{\"@type\":\"SearchAction\",\"target\":{\"@type\":\"EntryPoint\",\"urlTemplate\":\"https:\\\/\\\/www.cope.es\\\/blogs\\\/derosca\\\/?s={search_term_string}\"},\"query-input\":{\"@type\":\"PropertyValueSpecification\",\"valueRequired\":true,\"valueName\":\"search_term_string\"}}],\"inLanguage\":\"es\"},{\"@type\":\"Person\",\"@id\":\"https:\\\/\\\/www.cope.es\\\/blogs\\\/derosca\\\/#\\\/schema\\\/person\\\/02d6fa6fa8d8db60f83303875a4ff77f\",\"name\":\"Luis Malvar\",\"image\":{\"@type\":\"ImageObject\",\"inLanguage\":\"es\",\"@id\":\"https:\\\/\\\/secure.gravatar.com\\\/avatar\\\/23cd47dec2904689b3ccd32d1dd3e86c7cbf60dcf7376c68854f761a4939534f?s=96&d=mm&r=g\",\"url\":\"https:\\\/\\\/secure.gravatar.com\\\/avatar\\\/23cd47dec2904689b3ccd32d1dd3e86c7cbf60dcf7376c68854f761a4939534f?s=96&d=mm&r=g\",\"contentUrl\":\"https:\\\/\\\/secure.gravatar.com\\\/avatar\\\/23cd47dec2904689b3ccd32d1dd3e86c7cbf60dcf7376c68854f761a4939534f?s=96&d=mm&r=g\",\"caption\":\"Luis Malvar\"},\"description\":\"Comenc\u00e9 la andadura del Blog Derosca all\u00e1 por el 22 de Mayo de 2008. Un blog en el que se trata de llevar a los numerosos aficionados y amantes del mundo del balonmano toda la actualidad de nuestro apasionante deporte. Una ventana que sirve para dar luz a las innumerables noticias que genera el balonmano y que habitualmente no tienen reflejo en los medios de comunicaci\u00f3n. Sin lugar a dudas el Blog Derosca cuenta con un apartado que tiene a gala contar con miles de seguidores como es \u201cMis Pajaritos\u201d en donde se relatan y narran todas las intrahistorias que se generan en el balonmano espa\u00f1ol y que incomoda a m\u00e1s de uno que salgan a la luz.!Gracias por seguirnos durante todos estos a\u00f1os\u00a1\",\"sameAs\":[\"http:\\\/\\\/www.cope.es\",\"lmalvar\"],\"url\":\"https:\\\/\\\/www.cope.es\\\/blogs\\\/derosca\\\/author\\\/lmalvar\\\/\"}]}<\/script>\n<!-- \/ Yoast SEO plugin. -->","yoast_head_json":{"title":"Al F\u00fcchse Berl\u00edn le roban el Trofeo de Campe\u00f3n de la Bundesliga - Derosca","robots":{"index":"index","follow":"follow","max-snippet":"max-snippet:-1","max-image-preview":"max-image-preview:large","max-video-preview":"max-video-preview:-1"},"canonical":"https:\/\/www.cope.es\/blogs\/derosca\/2025\/11\/25\/al-fuchse-berlin-le-roban-el-trofeo-de-campeon-de-la-bundesliga\/","og_locale":"es_ES","og_type":"article","og_title":"Al F\u00fcchse Berl\u00edn le roban el Trofeo de Campe\u00f3n de la Bundesliga - Derosca","og_description":"Gran sorpresa en el mundo del balonmano alem\u00e1n. El prestigioso trofeo de la Bundesliga, germana recientemente ganado por el F\u00fcchse Berl\u00edn, ha sido robado de las instalaciones del club. El robo, ha sido filmado con una c\u00e1mara oculta, ha desatado incomprensi\u00f3n, ira y un aut\u00e9ntico misterio. El F\u00fcchse Berlin vive actualmente una situaci\u00f3n digna de [&hellip;]","og_url":"https:\/\/www.cope.es\/blogs\/derosca\/2025\/11\/25\/al-fuchse-berlin-le-roban-el-trofeo-de-campeon-de-la-bundesliga\/","og_site_name":"Derosca","article_publisher":"https:\/\/www.facebook.com\/cope\/","article_published_time":"2025-11-25T08:30:04+00:00","og_image":[{"width":680,"height":665,"url":"http:\/\/www.cope.es\/blogs\/derosca\/wp-content\/uploads\/sites\/22\/2025\/11\/FB_IMG_1763757696119-819x1024-1.jpg","type":"image\/jpeg"}],"author":"Luis Malvar","twitter_card":"summary_large_image","twitter_creator":"@cope_es","twitter_site":"@cope_es","twitter_misc":{"Escrito por":"Luis Malvar","Tiempo de lectura":"2 minutos"},"schema":{"@context":"https:\/\/schema.org","@graph":[{"@type":"Article","@id":"https:\/\/www.cope.es\/blogs\/derosca\/2025\/11\/25\/al-fuchse-berlin-le-roban-el-trofeo-de-campeon-de-la-bundesliga\/#article","isPartOf":{"@id":"https:\/\/www.cope.es\/blogs\/derosca\/2025\/11\/25\/al-fuchse-berlin-le-roban-el-trofeo-de-campeon-de-la-bundesliga\/"},"author":{"name":"Luis Malvar","@id":"https:\/\/www.cope.es\/blogs\/derosca\/#\/schema\/person\/02d6fa6fa8d8db60f83303875a4ff77f"},"headline":"Al F\u00fcchse Berl\u00edn le roban el Trofeo de Campe\u00f3n de la Bundesliga","datePublished":"2025-11-25T08:30:04+00:00","mainEntityOfPage":{"@id":"https:\/\/www.cope.es\/blogs\/derosca\/2025\/11\/25\/al-fuchse-berlin-le-roban-el-trofeo-de-campeon-de-la-bundesliga\/"},"wordCount":364,"commentCount":0,"image":{"@id":"https:\/\/www.cope.es\/blogs\/derosca\/2025\/11\/25\/al-fuchse-berlin-le-roban-el-trofeo-de-campeon-de-la-bundesliga\/#primaryimage"},"thumbnailUrl":"https:\/\/www.cope.es\/blogs\/derosca\/wp-content\/uploads\/sites\/22\/2025\/11\/FB_IMG_1763757696119-819x1024-1.jpg","articleSection":["Balonmano"],"inLanguage":"es","potentialAction":[{"@type":"CommentAction","name":"Comment","target":["https:\/\/www.cope.es\/blogs\/derosca\/2025\/11\/25\/al-fuchse-berlin-le-roban-el-trofeo-de-campeon-de-la-bundesliga\/#respond"]}]},{"@type":"WebPage","@id":"https:\/\/www.cope.es\/blogs\/derosca\/2025\/11\/25\/al-fuchse-berlin-le-roban-el-trofeo-de-campeon-de-la-bundesliga\/","url":"https:\/\/www.cope.es\/blogs\/derosca\/2025\/11\/25\/al-fuchse-berlin-le-roban-el-trofeo-de-campeon-de-la-bundesliga\/","name":"Al F\u00fcchse Berl\u00edn le roban el Trofeo de Campe\u00f3n de la Bundesliga - Derosca","isPartOf":{"@id":"https:\/\/www.cope.es\/blogs\/derosca\/#website"},"primaryImageOfPage":{"@id":"https:\/\/www.cope.es\/blogs\/derosca\/2025\/11\/25\/al-fuchse-berlin-le-roban-el-trofeo-de-campeon-de-la-bundesliga\/#primaryimage"},"image":{"@id":"https:\/\/www.cope.es\/blogs\/derosca\/2025\/11\/25\/al-fuchse-berlin-le-roban-el-trofeo-de-campeon-de-la-bundesliga\/#primaryimage"},"thumbnailUrl":"https:\/\/www.cope.es\/blogs\/derosca\/wp-content\/uploads\/sites\/22\/2025\/11\/FB_IMG_1763757696119-819x1024-1.jpg","datePublished":"2025-11-25T08:30:04+00:00","author":{"@id":"https:\/\/www.cope.es\/blogs\/derosca\/#\/schema\/person\/02d6fa6fa8d8db60f83303875a4ff77f"},"breadcrumb":{"@id":"https:\/\/www.cope.es\/blogs\/derosca\/2025\/11\/25\/al-fuchse-berlin-le-roban-el-trofeo-de-campeon-de-la-bundesliga\/#breadcrumb"},"inLanguage":"es","potentialAction":[{"@type":"ReadAction","target":["https:\/\/www.cope.es\/blogs\/derosca\/2025\/11\/25\/al-fuchse-berlin-le-roban-el-trofeo-de-campeon-de-la-bundesliga\/"]}]},{"@type":"ImageObject","inLanguage":"es","@id":"https:\/\/www.cope.es\/blogs\/derosca\/2025\/11\/25\/al-fuchse-berlin-le-roban-el-trofeo-de-campeon-de-la-bundesliga\/#primaryimage","url":"https:\/\/www.cope.es\/blogs\/derosca\/wp-content\/uploads\/sites\/22\/2025\/11\/FB_IMG_1763757696119-819x1024-1.jpg","contentUrl":"https:\/\/www.cope.es\/blogs\/derosca\/wp-content\/uploads\/sites\/22\/2025\/11\/FB_IMG_1763757696119-819x1024-1.jpg","width":680,"height":665,"caption":"Al F\u00fcchse Berl\u00edn le roban el Trofeo de Campe\u00f3n de la Bundesliga"},{"@type":"BreadcrumbList","@id":"https:\/\/www.cope.es\/blogs\/derosca\/2025\/11\/25\/al-fuchse-berlin-le-roban-el-trofeo-de-campeon-de-la-bundesliga\/#breadcrumb","itemListElement":[{"@type":"ListItem","position":1,"name":"Portada","item":"https:\/\/www.cope.es\/blogs\/derosca\/"},{"@type":"ListItem","position":2,"name":"Al F\u00fcchse Berl\u00edn le roban el Trofeo de Campe\u00f3n de la Bundesliga"}]},{"@type":"WebSite","@id":"https:\/\/www.cope.es\/blogs\/derosca\/#website","url":"https:\/\/www.cope.es\/blogs\/derosca\/","name":"Derosca","description":"Blog de balonmano COPE","potentialAction":[{"@type":"SearchAction","target":{"@type":"EntryPoint","urlTemplate":"https:\/\/www.cope.es\/blogs\/derosca\/?s={search_term_string}"},"query-input":{"@type":"PropertyValueSpecification","valueRequired":true,"valueName":"search_term_string"}}],"inLanguage":"es"},{"@type":"Person","@id":"https:\/\/www.cope.es\/blogs\/derosca\/#\/schema\/person\/02d6fa6fa8d8db60f83303875a4ff77f","name":"Luis Malvar","image":{"@type":"ImageObject","inLanguage":"es","@id":"https:\/\/secure.gravatar.com\/avatar\/23cd47dec2904689b3ccd32d1dd3e86c7cbf60dcf7376c68854f761a4939534f?s=96&d=mm&r=g","url":"https:\/\/secure.gravatar.com\/avatar\/23cd47dec2904689b3ccd32d1dd3e86c7cbf60dcf7376c68854f761a4939534f?s=96&d=mm&r=g","contentUrl":"https:\/\/secure.gravatar.com\/avatar\/23cd47dec2904689b3ccd32d1dd3e86c7cbf60dcf7376c68854f761a4939534f?s=96&d=mm&r=g","caption":"Luis Malvar"},"description":"Comenc\u00e9 la andadura del Blog Derosca all\u00e1 por el 22 de Mayo de 2008. Un blog en el que se trata de llevar a los numerosos aficionados y amantes del mundo del balonmano toda la actualidad de nuestro apasionante deporte. Una ventana que sirve para dar luz a las innumerables noticias que genera el balonmano y que habitualmente no tienen reflejo en los medios de comunicaci\u00f3n. Sin lugar a dudas el Blog Derosca cuenta con un apartado que tiene a gala contar con miles de seguidores como es \u201cMis Pajaritos\u201d en donde se relatan y narran todas las intrahistorias que se generan en el balonmano espa\u00f1ol y que incomoda a m\u00e1s de uno que salgan a la luz.!Gracias por seguirnos durante todos estos a\u00f1os\u00a1","sameAs":["http:\/\/www.cope.es","lmalvar"],"url":"https:\/\/www.cope.es\/blogs\/derosca\/author\/lmalvar\/"}]}},"amp_enabled":true,"_links":{"self":[{"href":"https:\/\/www.cope.es\/blogs\/derosca\/wp-json\/wp\/v2\/posts\/4781","targetHints":{"allow":["GET"]}}],"collection":[{"href":"https:\/\/www.cope.es\/blogs\/derosca\/wp-json\/wp\/v2\/posts"}],"about":[{"href":"https:\/\/www.cope.es\/blogs\/derosca\/wp-json\/wp\/v2\/types\/post"}],"author":[{"embeddable":true,"href":"https:\/\/www.cope.es\/blogs\/derosca\/wp-json\/wp\/v2\/users\/23"}],"replies":[{"embeddable":true,"href":"https:\/\/www.cope.es\/blogs\/derosca\/wp-json\/wp\/v2\/comments?post=4781"}],"version-history":[{"count":1,"href":"https:\/\/www.cope.es\/blogs\/derosca\/wp-json\/wp\/v2\/posts\/4781\/revisions"}],"predecessor-version":[{"id":4783,"href":"https:\/\/www.cope.es\/blogs\/derosca\/wp-json\/wp\/v2\/posts\/4781\/revisions\/4783"}],"wp:featuredmedia":[{"embeddable":true,"href":"https:\/\/www.cope.es\/blogs\/derosca\/wp-json\/wp\/v2\/media\/4782"}],"wp:attachment":[{"href":"https:\/\/www.cope.es\/blogs\/derosca\/wp-json\/wp\/v2\/media?parent=4781"}],"wp:term":[{"taxonomy":"category","embeddable":true,"href":"https:\/\/www.cope.es\/blogs\/derosca\/wp-json\/wp\/v2\/categories?post=4781"},{"taxonomy":"post_tag","embeddable":true,"href":"https:\/\/www.cope.es\/blogs\/derosca\/wp-json\/wp\/v2\/tags?post=4781"}],"curies":[{"name":"wp","href":"https:\/\/api.w.org\/{rel}","templated":true}]}}