{"id":4772,"date":"2025-11-19T09:32:50","date_gmt":"2025-11-19T08:32:50","guid":{"rendered":"https:\/\/www.cope.es\/blogs\/derosca\/?p=4772"},"modified":"2025-11-19T09:32:50","modified_gmt":"2025-11-19T08:32:50","slug":"filip-jicha-renueva-con-el-thw-kiel-hasta-el-ano-2028","status":"publish","type":"post","link":"https:\/\/www.cope.es\/blogs\/derosca\/2025\/11\/19\/filip-jicha-renueva-con-el-thw-kiel-hasta-el-ano-2028\/","title":{"rendered":"Filip Jicha renueva con el THW Kiel hasta el a\u00f1o 2028"},"content":{"rendered":"<p><span style=\"color: #0a1c4e\"><span style=\"font-family: Arial, sans-serif\"><span style=\"font-size: medium\">Las negociaciones en el equipo germano del THW Kiel han concluido. El entrenador Filip Jicha, quien ocupa el cargo desde el a\u00f1o 2019, ha ampliado su contrato por dos a\u00f1os y permanecer\u00e1 en el banquillo de los Zebras hasta el a\u00f1o 2028.<\/span><\/span><\/span><\/p>\n<p><span style=\"color: #0a1c4e\"><span style=\"font-family: Arial, sans-serif\"><span style=\"font-size: medium\">Viktor Szil\u00e1gyi<\/span><\/span><\/span><span style=\"color: #0a1c4e\"><span style=\"font-family: Arial, sans-serif\"><span style=\"font-size: medium\">, Director General del club, en el comunicado de prensa y tras varias semanas de negociaciones, ha comunicado que el exjugador del club ha firmado por dos temporadas m\u00e1s y que <\/span><\/span><\/span><span style=\"color: #0a1c4e\"><span style=\"font-family: Arial, sans-serif\"><span style=\"font-size: medium\">Filip trabaja duro y con pasi\u00f3n por el club. Vive la vida al m\u00e1ximo cada d\u00eda y encarna los valores del THW Kiel.<\/span><\/span><\/span><\/p>\n<p><span style=\"color: #0a1c4e\"><span style=\"font-family: Arial, sans-serif\"><span style=\"font-size: medium\">Tambien <\/span><\/span><\/span><span style=\"color: #222222\"><span style=\"font-family: Arial, sans-serif\"><span style=\"font-size: medium\">Viktor Szilagyi <\/span><\/span><\/span><span style=\"color: #222222\"><span style=\"font-family: Arial, sans-serif\"><span style=\"font-size: medium\">afirm\u00f3 que <\/span><\/span><\/span><span style=\"color: #555555\"><span style=\"font-family: Arial, sans-serif\"><span style=\"font-size: medium\">Filip trabaja con precisi\u00f3n y pasi\u00f3n las 24 horas del d\u00eda para el THW Kiel. Vive para este club, y con esa actitud y sus cualidades, es justo el hombre que necesitamos. Se alegra que ahora tengan seguridad en la planificaci\u00f3n y que puedan continuar su exitosa colaboraci\u00f3n juntos, en el esp\u00edritu del club.<\/span><\/span><\/span><\/p>\n<p><span style=\"color: #0a1c4e\"><span style=\"font-family: Arial, sans-serif\"><span style=\"font-size: medium\">Desde que <\/span><\/span><\/span><span style=\"color: #0a1c4e\"><span style=\"font-family: Arial, sans-serif\"><span style=\"font-size: medium\">Filip Jicha <\/span><\/span><\/span><span style=\"color: #0a1c4e\"><span style=\"font-family: Arial, sans-serif\"><span style=\"font-size: medium\">sustituy\u00f3 a <\/span><\/span><\/span><span style=\"color: #0a1c4e\"><span style=\"font-family: Arial, sans-serif\"><span style=\"font-size: medium\">Alfred Gislason <\/span><\/span><\/span><span style=\"color: #0a1c4e\"><span style=\"font-family: Arial, sans-serif\"><span style=\"font-size: medium\">en el a\u00f1o 2019, <\/span><\/span><\/span><span style=\"color: #0a1c4e\"><span style=\"font-family: Arial, sans-serif\"><span style=\"font-size: medium\">Jicha <\/span><\/span><\/span><span style=\"color: #0a1c4e\"><span style=\"font-family: Arial, sans-serif\"><span style=\"font-size: medium\">lo ha ganado todo: una Champions League en el 2020, tres t\u00edtulos de liga alemanes, dos copas nacionales y varias Supercopas.<\/span><\/span><\/span><\/p>\n<p><span style=\"color: #222222\"><span style=\"font-family: Arial, sans-serif\"><span style=\"font-size: medium\">Filip Jicha por su parte dijo que<\/span><\/span><\/span><span style=\"font-family: Arial, sans-serif\"><span style=\"font-size: medium\"> t<\/span><\/span><span style=\"color: #555555\"><span style=\"font-family: Arial, sans-serif\"><span style=\"font-size: medium\">uvieron largas e intensas conversaciones sobre la direcci\u00f3n deportiva, el desarrollo del joven equipo y el futuro del THW Kiel. Est\u00e1 muy contento de continuar e impulsar el proceso de renovaci\u00f3n que iniciaron hace dos o tres a\u00f1os. Le llena de alegr\u00eda trabajar con este equipo. Lleva el blanco y negro en el coraz\u00f3n y est\u00e1 deseando afrontar el reto de dar forma al nuevo THW Kiel para que puedan volver a competir por campeonatos y la Champions League. Tambi\u00e9n se alegra que tanto los jugadores actuales como quienes quieran unirse a ellos tengan claro que continuar\u00e1n este camino juntos.<\/span><\/span><\/span><\/p>\n<p><span style=\"color: #222222\"><span style=\"font-family: Arial, sans-serif\"><span style=\"font-size: medium\">Filip Jicha <\/span><\/span><\/span><span style=\"color: #222222\"><span style=\"font-family: Arial, sans-serif\"><span style=\"font-size: medium\">es una aut\u00e9ntica leyenda del deporte en el THW Kiel. Como jugador, a sus 43 a\u00f1os, lo gan\u00f3 todo en el balonmano de clubes entre <\/span><\/span><\/span><span style=\"color: #222222\"><span style=\"font-family: Arial, sans-serif\"><span style=\"font-size: medium\">2007 y 2015 <\/span><\/span><\/span><span style=\"color: #222222\"><span style=\"font-family: Arial, sans-serif\"><span style=\"font-size: medium\">con el THW Kiel. Tras regresar del <\/span><\/span><\/span><span style=\"color: #222222\"><span style=\"font-family: Arial, sans-serif\"><span style=\"font-size: medium\">FC Barcelona <\/span><\/span><\/span><span style=\"color: #222222\"><span style=\"font-family: Arial, sans-serif\"><span style=\"font-size: medium\">en 2018, se uni\u00f3 al cuerpo t\u00e9cnico del Kiel, primero como asistente de <\/span><\/span><\/span><span style=\"color: #222222\"><span style=\"font-family: Arial, sans-serif\"><span style=\"font-size: medium\">Alfred Gislason <\/span><\/span><\/span><span style=\"color: #222222\"><span style=\"font-family: Arial, sans-serif\"><span style=\"font-size: medium\">y, desde el verano de 2019, como <\/span><\/span><\/span><span style=\"color: #222222\"><span style=\"font-family: Arial, sans-serif\"><span style=\"font-size: medium\">entrenador principal<\/span><\/span><\/span><span style=\"color: #222222\"><span style=\"font-family: Arial, sans-serif\"><span style=\"font-size: medium\">.<\/span><\/span><\/span><\/p>\n<p><em><span style=\"color: #666666\"><span style=\"font-family: Arial, sans-serif\"><span style=\"font-size: medium\">Seguirnos en twitter: <\/span><\/span><\/span><\/em><span style=\"color: #000080\"><span><u><a href=\"#!\/deroscacope\"><span style=\"font-family: Arial, sans-serif\"><span style=\"font-size: medium\">https:\/\/twitter.com\/#!\/deroscacope<\/span><\/span><\/a><\/u><\/span><\/span><\/p>\n","protected":false},"excerpt":{"rendered":"<p>Las negociaciones en el equipo germano del THW Kiel han concluido. El entrenador Filip Jicha, quien ocupa el cargo desde el a\u00f1o 2019, ha ampliado su contrato por dos a\u00f1os y permanecer\u00e1 en el banquillo de los Zebras hasta el a\u00f1o 2028. Viktor Szil\u00e1gyi, Director General del club, en el comunicado de prensa y tras [&hellip;]<\/p>\n","protected":false},"author":23,"featured_media":4773,"comment_status":"open","ping_status":"open","sticky":false,"template":"","format":"standard","meta":{"footnotes":""},"categories":[3],"tags":[],"class_list":["post-4772","post","type-post","status-publish","format-standard","has-post-thumbnail","hentry","category-balonmano"],"yoast_head":"<!-- This site is optimized with the Yoast SEO plugin v27.4 - https:\/\/yoast.com\/product\/yoast-seo-wordpress\/ -->\n<title>Filip Jicha renueva con el THW Kiel hasta el a\u00f1o 2028 - Derosca<\/title>\n<meta name=\"robots\" content=\"index, follow, max-snippet:-1, max-image-preview:large, max-video-preview:-1\" \/>\n<link rel=\"canonical\" href=\"https:\/\/www.cope.es\/blogs\/derosca\/2025\/11\/19\/filip-jicha-renueva-con-el-thw-kiel-hasta-el-ano-2028\/\" \/>\n<meta property=\"og:locale\" content=\"es_ES\" \/>\n<meta property=\"og:type\" content=\"article\" \/>\n<meta property=\"og:title\" content=\"Filip Jicha renueva con el THW Kiel hasta el a\u00f1o 2028 - Derosca\" \/>\n<meta property=\"og:description\" content=\"Las negociaciones en el equipo germano del THW Kiel han concluido. El entrenador Filip Jicha, quien ocupa el cargo desde el a\u00f1o 2019, ha ampliado su contrato por dos a\u00f1os y permanecer\u00e1 en el banquillo de los Zebras hasta el a\u00f1o 2028. Viktor Szil\u00e1gyi, Director General del club, en el comunicado de prensa y tras [&hellip;]\" \/>\n<meta property=\"og:url\" content=\"https:\/\/www.cope.es\/blogs\/derosca\/2025\/11\/19\/filip-jicha-renueva-con-el-thw-kiel-hasta-el-ano-2028\/\" \/>\n<meta property=\"og:site_name\" content=\"Derosca\" \/>\n<meta property=\"article:publisher\" content=\"https:\/\/www.facebook.com\/cope\/\" \/>\n<meta property=\"article:published_time\" content=\"2025-11-19T08:32:50+00:00\" \/>\n<meta property=\"og:image\" content=\"http:\/\/www.cope.es\/blogs\/derosca\/wp-content\/uploads\/sites\/22\/2025\/11\/44216952_10157843090996102_2162813825093468160_o-680x353-1.jpg\" \/>\n\t<meta property=\"og:image:width\" content=\"680\" \/>\n\t<meta property=\"og:image:height\" content=\"353\" \/>\n\t<meta property=\"og:image:type\" content=\"image\/jpeg\" \/>\n<meta name=\"author\" content=\"Luis Malvar\" \/>\n<meta name=\"twitter:card\" content=\"summary_large_image\" \/>\n<meta name=\"twitter:creator\" content=\"@cope_es\" \/>\n<meta name=\"twitter:site\" content=\"@cope_es\" \/>\n<meta name=\"twitter:label1\" content=\"Escrito por\" \/>\n\t<meta name=\"twitter:data1\" content=\"Luis Malvar\" \/>\n\t<meta name=\"twitter:label2\" content=\"Tiempo de lectura\" \/>\n\t<meta name=\"twitter:data2\" content=\"2 minutos\" \/>\n<script type=\"application\/ld+json\" class=\"yoast-schema-graph\">{\"@context\":\"https:\\\/\\\/schema.org\",\"@graph\":[{\"@type\":\"Article\",\"@id\":\"https:\\\/\\\/www.cope.es\\\/blogs\\\/derosca\\\/2025\\\/11\\\/19\\\/filip-jicha-renueva-con-el-thw-kiel-hasta-el-ano-2028\\\/#article\",\"isPartOf\":{\"@id\":\"https:\\\/\\\/www.cope.es\\\/blogs\\\/derosca\\\/2025\\\/11\\\/19\\\/filip-jicha-renueva-con-el-thw-kiel-hasta-el-ano-2028\\\/\"},\"author\":{\"name\":\"Luis Malvar\",\"@id\":\"https:\\\/\\\/www.cope.es\\\/blogs\\\/derosca\\\/#\\\/schema\\\/person\\\/02d6fa6fa8d8db60f83303875a4ff77f\"},\"headline\":\"Filip Jicha renueva con el THW Kiel hasta el a\u00f1o 2028\",\"datePublished\":\"2025-11-19T08:32:50+00:00\",\"mainEntityOfPage\":{\"@id\":\"https:\\\/\\\/www.cope.es\\\/blogs\\\/derosca\\\/2025\\\/11\\\/19\\\/filip-jicha-renueva-con-el-thw-kiel-hasta-el-ano-2028\\\/\"},\"wordCount\":395,\"commentCount\":0,\"image\":{\"@id\":\"https:\\\/\\\/www.cope.es\\\/blogs\\\/derosca\\\/2025\\\/11\\\/19\\\/filip-jicha-renueva-con-el-thw-kiel-hasta-el-ano-2028\\\/#primaryimage\"},\"thumbnailUrl\":\"https:\\\/\\\/www.cope.es\\\/blogs\\\/derosca\\\/wp-content\\\/uploads\\\/sites\\\/22\\\/2025\\\/11\\\/44216952_10157843090996102_2162813825093468160_o-680x353-1.jpg\",\"articleSection\":[\"Balonmano\"],\"inLanguage\":\"es\",\"potentialAction\":[{\"@type\":\"CommentAction\",\"name\":\"Comment\",\"target\":[\"https:\\\/\\\/www.cope.es\\\/blogs\\\/derosca\\\/2025\\\/11\\\/19\\\/filip-jicha-renueva-con-el-thw-kiel-hasta-el-ano-2028\\\/#respond\"]}]},{\"@type\":\"WebPage\",\"@id\":\"https:\\\/\\\/www.cope.es\\\/blogs\\\/derosca\\\/2025\\\/11\\\/19\\\/filip-jicha-renueva-con-el-thw-kiel-hasta-el-ano-2028\\\/\",\"url\":\"https:\\\/\\\/www.cope.es\\\/blogs\\\/derosca\\\/2025\\\/11\\\/19\\\/filip-jicha-renueva-con-el-thw-kiel-hasta-el-ano-2028\\\/\",\"name\":\"Filip Jicha renueva con el THW Kiel hasta el a\u00f1o 2028 - Derosca\",\"isPartOf\":{\"@id\":\"https:\\\/\\\/www.cope.es\\\/blogs\\\/derosca\\\/#website\"},\"primaryImageOfPage\":{\"@id\":\"https:\\\/\\\/www.cope.es\\\/blogs\\\/derosca\\\/2025\\\/11\\\/19\\\/filip-jicha-renueva-con-el-thw-kiel-hasta-el-ano-2028\\\/#primaryimage\"},\"image\":{\"@id\":\"https:\\\/\\\/www.cope.es\\\/blogs\\\/derosca\\\/2025\\\/11\\\/19\\\/filip-jicha-renueva-con-el-thw-kiel-hasta-el-ano-2028\\\/#primaryimage\"},\"thumbnailUrl\":\"https:\\\/\\\/www.cope.es\\\/blogs\\\/derosca\\\/wp-content\\\/uploads\\\/sites\\\/22\\\/2025\\\/11\\\/44216952_10157843090996102_2162813825093468160_o-680x353-1.jpg\",\"datePublished\":\"2025-11-19T08:32:50+00:00\",\"author\":{\"@id\":\"https:\\\/\\\/www.cope.es\\\/blogs\\\/derosca\\\/#\\\/schema\\\/person\\\/02d6fa6fa8d8db60f83303875a4ff77f\"},\"breadcrumb\":{\"@id\":\"https:\\\/\\\/www.cope.es\\\/blogs\\\/derosca\\\/2025\\\/11\\\/19\\\/filip-jicha-renueva-con-el-thw-kiel-hasta-el-ano-2028\\\/#breadcrumb\"},\"inLanguage\":\"es\",\"potentialAction\":[{\"@type\":\"ReadAction\",\"target\":[\"https:\\\/\\\/www.cope.es\\\/blogs\\\/derosca\\\/2025\\\/11\\\/19\\\/filip-jicha-renueva-con-el-thw-kiel-hasta-el-ano-2028\\\/\"]}]},{\"@type\":\"ImageObject\",\"inLanguage\":\"es\",\"@id\":\"https:\\\/\\\/www.cope.es\\\/blogs\\\/derosca\\\/2025\\\/11\\\/19\\\/filip-jicha-renueva-con-el-thw-kiel-hasta-el-ano-2028\\\/#primaryimage\",\"url\":\"https:\\\/\\\/www.cope.es\\\/blogs\\\/derosca\\\/wp-content\\\/uploads\\\/sites\\\/22\\\/2025\\\/11\\\/44216952_10157843090996102_2162813825093468160_o-680x353-1.jpg\",\"contentUrl\":\"https:\\\/\\\/www.cope.es\\\/blogs\\\/derosca\\\/wp-content\\\/uploads\\\/sites\\\/22\\\/2025\\\/11\\\/44216952_10157843090996102_2162813825093468160_o-680x353-1.jpg\",\"width\":680,\"height\":353,\"caption\":\"Filip Jicha renueva con el THW Kiel hasta el a\u00f1o 2028\"},{\"@type\":\"BreadcrumbList\",\"@id\":\"https:\\\/\\\/www.cope.es\\\/blogs\\\/derosca\\\/2025\\\/11\\\/19\\\/filip-jicha-renueva-con-el-thw-kiel-hasta-el-ano-2028\\\/#breadcrumb\",\"itemListElement\":[{\"@type\":\"ListItem\",\"position\":1,\"name\":\"Portada\",\"item\":\"https:\\\/\\\/www.cope.es\\\/blogs\\\/derosca\\\/\"},{\"@type\":\"ListItem\",\"position\":2,\"name\":\"Filip Jicha renueva con el THW Kiel hasta el a\u00f1o 2028\"}]},{\"@type\":\"WebSite\",\"@id\":\"https:\\\/\\\/www.cope.es\\\/blogs\\\/derosca\\\/#website\",\"url\":\"https:\\\/\\\/www.cope.es\\\/blogs\\\/derosca\\\/\",\"name\":\"Derosca\",\"description\":\"Blog de balonmano COPE\",\"potentialAction\":[{\"@type\":\"SearchAction\",\"target\":{\"@type\":\"EntryPoint\",\"urlTemplate\":\"https:\\\/\\\/www.cope.es\\\/blogs\\\/derosca\\\/?s={search_term_string}\"},\"query-input\":{\"@type\":\"PropertyValueSpecification\",\"valueRequired\":true,\"valueName\":\"search_term_string\"}}],\"inLanguage\":\"es\"},{\"@type\":\"Person\",\"@id\":\"https:\\\/\\\/www.cope.es\\\/blogs\\\/derosca\\\/#\\\/schema\\\/person\\\/02d6fa6fa8d8db60f83303875a4ff77f\",\"name\":\"Luis Malvar\",\"image\":{\"@type\":\"ImageObject\",\"inLanguage\":\"es\",\"@id\":\"https:\\\/\\\/secure.gravatar.com\\\/avatar\\\/23cd47dec2904689b3ccd32d1dd3e86c7cbf60dcf7376c68854f761a4939534f?s=96&d=mm&r=g\",\"url\":\"https:\\\/\\\/secure.gravatar.com\\\/avatar\\\/23cd47dec2904689b3ccd32d1dd3e86c7cbf60dcf7376c68854f761a4939534f?s=96&d=mm&r=g\",\"contentUrl\":\"https:\\\/\\\/secure.gravatar.com\\\/avatar\\\/23cd47dec2904689b3ccd32d1dd3e86c7cbf60dcf7376c68854f761a4939534f?s=96&d=mm&r=g\",\"caption\":\"Luis Malvar\"},\"description\":\"Comenc\u00e9 la andadura del Blog Derosca all\u00e1 por el 22 de Mayo de 2008. Un blog en el que se trata de llevar a los numerosos aficionados y amantes del mundo del balonmano toda la actualidad de nuestro apasionante deporte. Una ventana que sirve para dar luz a las innumerables noticias que genera el balonmano y que habitualmente no tienen reflejo en los medios de comunicaci\u00f3n. Sin lugar a dudas el Blog Derosca cuenta con un apartado que tiene a gala contar con miles de seguidores como es \u201cMis Pajaritos\u201d en donde se relatan y narran todas las intrahistorias que se generan en el balonmano espa\u00f1ol y que incomoda a m\u00e1s de uno que salgan a la luz.!Gracias por seguirnos durante todos estos a\u00f1os\u00a1\",\"sameAs\":[\"http:\\\/\\\/www.cope.es\",\"lmalvar\"],\"url\":\"https:\\\/\\\/www.cope.es\\\/blogs\\\/derosca\\\/author\\\/lmalvar\\\/\"}]}<\/script>\n<!-- \/ Yoast SEO plugin. -->","yoast_head_json":{"title":"Filip Jicha renueva con el THW Kiel hasta el a\u00f1o 2028 - Derosca","robots":{"index":"index","follow":"follow","max-snippet":"max-snippet:-1","max-image-preview":"max-image-preview:large","max-video-preview":"max-video-preview:-1"},"canonical":"https:\/\/www.cope.es\/blogs\/derosca\/2025\/11\/19\/filip-jicha-renueva-con-el-thw-kiel-hasta-el-ano-2028\/","og_locale":"es_ES","og_type":"article","og_title":"Filip Jicha renueva con el THW Kiel hasta el a\u00f1o 2028 - Derosca","og_description":"Las negociaciones en el equipo germano del THW Kiel han concluido. El entrenador Filip Jicha, quien ocupa el cargo desde el a\u00f1o 2019, ha ampliado su contrato por dos a\u00f1os y permanecer\u00e1 en el banquillo de los Zebras hasta el a\u00f1o 2028. Viktor Szil\u00e1gyi, Director General del club, en el comunicado de prensa y tras [&hellip;]","og_url":"https:\/\/www.cope.es\/blogs\/derosca\/2025\/11\/19\/filip-jicha-renueva-con-el-thw-kiel-hasta-el-ano-2028\/","og_site_name":"Derosca","article_publisher":"https:\/\/www.facebook.com\/cope\/","article_published_time":"2025-11-19T08:32:50+00:00","og_image":[{"width":680,"height":353,"url":"http:\/\/www.cope.es\/blogs\/derosca\/wp-content\/uploads\/sites\/22\/2025\/11\/44216952_10157843090996102_2162813825093468160_o-680x353-1.jpg","type":"image\/jpeg"}],"author":"Luis Malvar","twitter_card":"summary_large_image","twitter_creator":"@cope_es","twitter_site":"@cope_es","twitter_misc":{"Escrito por":"Luis Malvar","Tiempo de lectura":"2 minutos"},"schema":{"@context":"https:\/\/schema.org","@graph":[{"@type":"Article","@id":"https:\/\/www.cope.es\/blogs\/derosca\/2025\/11\/19\/filip-jicha-renueva-con-el-thw-kiel-hasta-el-ano-2028\/#article","isPartOf":{"@id":"https:\/\/www.cope.es\/blogs\/derosca\/2025\/11\/19\/filip-jicha-renueva-con-el-thw-kiel-hasta-el-ano-2028\/"},"author":{"name":"Luis Malvar","@id":"https:\/\/www.cope.es\/blogs\/derosca\/#\/schema\/person\/02d6fa6fa8d8db60f83303875a4ff77f"},"headline":"Filip Jicha renueva con el THW Kiel hasta el a\u00f1o 2028","datePublished":"2025-11-19T08:32:50+00:00","mainEntityOfPage":{"@id":"https:\/\/www.cope.es\/blogs\/derosca\/2025\/11\/19\/filip-jicha-renueva-con-el-thw-kiel-hasta-el-ano-2028\/"},"wordCount":395,"commentCount":0,"image":{"@id":"https:\/\/www.cope.es\/blogs\/derosca\/2025\/11\/19\/filip-jicha-renueva-con-el-thw-kiel-hasta-el-ano-2028\/#primaryimage"},"thumbnailUrl":"https:\/\/www.cope.es\/blogs\/derosca\/wp-content\/uploads\/sites\/22\/2025\/11\/44216952_10157843090996102_2162813825093468160_o-680x353-1.jpg","articleSection":["Balonmano"],"inLanguage":"es","potentialAction":[{"@type":"CommentAction","name":"Comment","target":["https:\/\/www.cope.es\/blogs\/derosca\/2025\/11\/19\/filip-jicha-renueva-con-el-thw-kiel-hasta-el-ano-2028\/#respond"]}]},{"@type":"WebPage","@id":"https:\/\/www.cope.es\/blogs\/derosca\/2025\/11\/19\/filip-jicha-renueva-con-el-thw-kiel-hasta-el-ano-2028\/","url":"https:\/\/www.cope.es\/blogs\/derosca\/2025\/11\/19\/filip-jicha-renueva-con-el-thw-kiel-hasta-el-ano-2028\/","name":"Filip Jicha renueva con el THW Kiel hasta el a\u00f1o 2028 - Derosca","isPartOf":{"@id":"https:\/\/www.cope.es\/blogs\/derosca\/#website"},"primaryImageOfPage":{"@id":"https:\/\/www.cope.es\/blogs\/derosca\/2025\/11\/19\/filip-jicha-renueva-con-el-thw-kiel-hasta-el-ano-2028\/#primaryimage"},"image":{"@id":"https:\/\/www.cope.es\/blogs\/derosca\/2025\/11\/19\/filip-jicha-renueva-con-el-thw-kiel-hasta-el-ano-2028\/#primaryimage"},"thumbnailUrl":"https:\/\/www.cope.es\/blogs\/derosca\/wp-content\/uploads\/sites\/22\/2025\/11\/44216952_10157843090996102_2162813825093468160_o-680x353-1.jpg","datePublished":"2025-11-19T08:32:50+00:00","author":{"@id":"https:\/\/www.cope.es\/blogs\/derosca\/#\/schema\/person\/02d6fa6fa8d8db60f83303875a4ff77f"},"breadcrumb":{"@id":"https:\/\/www.cope.es\/blogs\/derosca\/2025\/11\/19\/filip-jicha-renueva-con-el-thw-kiel-hasta-el-ano-2028\/#breadcrumb"},"inLanguage":"es","potentialAction":[{"@type":"ReadAction","target":["https:\/\/www.cope.es\/blogs\/derosca\/2025\/11\/19\/filip-jicha-renueva-con-el-thw-kiel-hasta-el-ano-2028\/"]}]},{"@type":"ImageObject","inLanguage":"es","@id":"https:\/\/www.cope.es\/blogs\/derosca\/2025\/11\/19\/filip-jicha-renueva-con-el-thw-kiel-hasta-el-ano-2028\/#primaryimage","url":"https:\/\/www.cope.es\/blogs\/derosca\/wp-content\/uploads\/sites\/22\/2025\/11\/44216952_10157843090996102_2162813825093468160_o-680x353-1.jpg","contentUrl":"https:\/\/www.cope.es\/blogs\/derosca\/wp-content\/uploads\/sites\/22\/2025\/11\/44216952_10157843090996102_2162813825093468160_o-680x353-1.jpg","width":680,"height":353,"caption":"Filip Jicha renueva con el THW Kiel hasta el a\u00f1o 2028"},{"@type":"BreadcrumbList","@id":"https:\/\/www.cope.es\/blogs\/derosca\/2025\/11\/19\/filip-jicha-renueva-con-el-thw-kiel-hasta-el-ano-2028\/#breadcrumb","itemListElement":[{"@type":"ListItem","position":1,"name":"Portada","item":"https:\/\/www.cope.es\/blogs\/derosca\/"},{"@type":"ListItem","position":2,"name":"Filip Jicha renueva con el THW Kiel hasta el a\u00f1o 2028"}]},{"@type":"WebSite","@id":"https:\/\/www.cope.es\/blogs\/derosca\/#website","url":"https:\/\/www.cope.es\/blogs\/derosca\/","name":"Derosca","description":"Blog de balonmano COPE","potentialAction":[{"@type":"SearchAction","target":{"@type":"EntryPoint","urlTemplate":"https:\/\/www.cope.es\/blogs\/derosca\/?s={search_term_string}"},"query-input":{"@type":"PropertyValueSpecification","valueRequired":true,"valueName":"search_term_string"}}],"inLanguage":"es"},{"@type":"Person","@id":"https:\/\/www.cope.es\/blogs\/derosca\/#\/schema\/person\/02d6fa6fa8d8db60f83303875a4ff77f","name":"Luis Malvar","image":{"@type":"ImageObject","inLanguage":"es","@id":"https:\/\/secure.gravatar.com\/avatar\/23cd47dec2904689b3ccd32d1dd3e86c7cbf60dcf7376c68854f761a4939534f?s=96&d=mm&r=g","url":"https:\/\/secure.gravatar.com\/avatar\/23cd47dec2904689b3ccd32d1dd3e86c7cbf60dcf7376c68854f761a4939534f?s=96&d=mm&r=g","contentUrl":"https:\/\/secure.gravatar.com\/avatar\/23cd47dec2904689b3ccd32d1dd3e86c7cbf60dcf7376c68854f761a4939534f?s=96&d=mm&r=g","caption":"Luis Malvar"},"description":"Comenc\u00e9 la andadura del Blog Derosca all\u00e1 por el 22 de Mayo de 2008. Un blog en el que se trata de llevar a los numerosos aficionados y amantes del mundo del balonmano toda la actualidad de nuestro apasionante deporte. Una ventana que sirve para dar luz a las innumerables noticias que genera el balonmano y que habitualmente no tienen reflejo en los medios de comunicaci\u00f3n. Sin lugar a dudas el Blog Derosca cuenta con un apartado que tiene a gala contar con miles de seguidores como es \u201cMis Pajaritos\u201d en donde se relatan y narran todas las intrahistorias que se generan en el balonmano espa\u00f1ol y que incomoda a m\u00e1s de uno que salgan a la luz.!Gracias por seguirnos durante todos estos a\u00f1os\u00a1","sameAs":["http:\/\/www.cope.es","lmalvar"],"url":"https:\/\/www.cope.es\/blogs\/derosca\/author\/lmalvar\/"}]}},"amp_enabled":true,"_links":{"self":[{"href":"https:\/\/www.cope.es\/blogs\/derosca\/wp-json\/wp\/v2\/posts\/4772","targetHints":{"allow":["GET"]}}],"collection":[{"href":"https:\/\/www.cope.es\/blogs\/derosca\/wp-json\/wp\/v2\/posts"}],"about":[{"href":"https:\/\/www.cope.es\/blogs\/derosca\/wp-json\/wp\/v2\/types\/post"}],"author":[{"embeddable":true,"href":"https:\/\/www.cope.es\/blogs\/derosca\/wp-json\/wp\/v2\/users\/23"}],"replies":[{"embeddable":true,"href":"https:\/\/www.cope.es\/blogs\/derosca\/wp-json\/wp\/v2\/comments?post=4772"}],"version-history":[{"count":1,"href":"https:\/\/www.cope.es\/blogs\/derosca\/wp-json\/wp\/v2\/posts\/4772\/revisions"}],"predecessor-version":[{"id":4774,"href":"https:\/\/www.cope.es\/blogs\/derosca\/wp-json\/wp\/v2\/posts\/4772\/revisions\/4774"}],"wp:featuredmedia":[{"embeddable":true,"href":"https:\/\/www.cope.es\/blogs\/derosca\/wp-json\/wp\/v2\/media\/4773"}],"wp:attachment":[{"href":"https:\/\/www.cope.es\/blogs\/derosca\/wp-json\/wp\/v2\/media?parent=4772"}],"wp:term":[{"taxonomy":"category","embeddable":true,"href":"https:\/\/www.cope.es\/blogs\/derosca\/wp-json\/wp\/v2\/categories?post=4772"},{"taxonomy":"post_tag","embeddable":true,"href":"https:\/\/www.cope.es\/blogs\/derosca\/wp-json\/wp\/v2\/tags?post=4772"}],"curies":[{"name":"wp","href":"https:\/\/api.w.org\/{rel}","templated":true}]}}