{"id":4763,"date":"2025-11-13T09:23:27","date_gmt":"2025-11-13T08:23:27","guid":{"rendered":"https:\/\/www.cope.es\/blogs\/derosca\/?p=4763"},"modified":"2025-11-13T09:23:27","modified_gmt":"2025-11-13T08:23:27","slug":"el-nantes-ficha-a-imanol-garciandia-hasta-el-2029","status":"publish","type":"post","link":"https:\/\/www.cope.es\/blogs\/derosca\/2025\/11\/13\/el-nantes-ficha-a-imanol-garciandia-hasta-el-2029\/","title":{"rendered":"El Nantes ficha a Imanol Garciand\u00eda hasta el 2029"},"content":{"rendered":"<p>El conjunto franc\u00e9s del Nantes ha anunciado hace unos d\u00edas el fichaje de Imanol Garciandia para la Temporada 2026 &#8211; 27. El lateral derecho, de 30 a\u00f1os, ha firmado un contrato de tres a\u00f1os, hasta Junio del 2029, reforzando a\u00fan m\u00e1s los lazos del club con el balonmano espa\u00f1ol. Es el tercer fichaje tras el lateral izquierdo ucraniano Ihor Turchenko y el portero dan\u00e9s Christoffer Bonde.<\/p>\n<p>Garciand\u00eda formado en el Pa\u00eds Vasco, se dio a conocer en el BM. Logro\u00f1o, donde adquiri\u00f3 experiencia temprana en competiciones europeas. En el a\u00f1o 2020 fich\u00f3 por el Aix-en-Provence, donde realiz\u00f3 una temporada excepcional, anotando m\u00e1s de 100 goles en la Starligue. Su progresi\u00f3n continu\u00f3 en el Pick Szeged h\u00fangaro, donde se consolid\u00f3 como jugador clave y conquist\u00f3 varios t\u00edtulos nacionales, adem\u00e1s de superar los 200 goles en la Champions League durante las \u00faltimas cuatro temporadas.<\/p>\n<p>Es en la actualidad un pilar de la selecci\u00f3n espa\u00f1ola desde el a\u00f1o 2018, el zurdo tiene 76 internacionalidades y 199 goles con los Hispanos, adem\u00e1s de una medalla de bronce en el Mundial del 2023 y en los Juegos Ol\u00edmpicos de Par\u00eds 2024.<\/p>\n<p>Se le considera un anotador potente, un defensor incansable y un jugador experimentado, Imanol Garciandia ser\u00e1 un activo valioso para la defensa del Nantes, donde compartir\u00e1 la posici\u00f3n con el jugador Ayoub Abdi. Un fichaje importante para las ambiciones del Nantes ya centradas en la m\u00e1xima competici\u00f3n europea. Reemplazar\u00e1 a Julien Bos<strong>, <\/strong>que se march\u00f3 al Kielce polaco.<\/p>\n<p><em>Seguirnos en twitter: <\/em><a href=\"#!\/deroscacope\">https:\/\/twitter.com\/#!\/deroscacope<\/a><\/p>\n","protected":false},"excerpt":{"rendered":"<p>El conjunto franc\u00e9s del Nantes ha anunciado hace unos d\u00edas el fichaje de Imanol Garciandia para la Temporada 2026 &#8211; 27. El lateral derecho, de 30 a\u00f1os, ha firmado un contrato de tres a\u00f1os, hasta Junio del 2029, reforzando a\u00fan m\u00e1s los lazos del club con el balonmano espa\u00f1ol. Es el tercer fichaje tras el [&hellip;]<\/p>\n","protected":false},"author":23,"featured_media":4764,"comment_status":"open","ping_status":"open","sticky":false,"template":"","format":"standard","meta":{"footnotes":""},"categories":[3],"tags":[],"class_list":["post-4763","post","type-post","status-publish","format-standard","has-post-thumbnail","hentry","category-balonmano"],"yoast_head":"<!-- This site is optimized with the Yoast SEO plugin v27.4 - https:\/\/yoast.com\/product\/yoast-seo-wordpress\/ -->\n<title>El Nantes ficha a Imanol Garciand\u00eda hasta el 2029 - Derosca<\/title>\n<meta name=\"robots\" content=\"index, follow, max-snippet:-1, max-image-preview:large, max-video-preview:-1\" \/>\n<link rel=\"canonical\" href=\"https:\/\/www.cope.es\/blogs\/derosca\/2025\/11\/13\/el-nantes-ficha-a-imanol-garciandia-hasta-el-2029\/\" \/>\n<meta property=\"og:locale\" content=\"es_ES\" \/>\n<meta property=\"og:type\" content=\"article\" \/>\n<meta property=\"og:title\" content=\"El Nantes ficha a Imanol Garciand\u00eda hasta el 2029 - Derosca\" \/>\n<meta property=\"og:description\" content=\"El conjunto franc\u00e9s del Nantes ha anunciado hace unos d\u00edas el fichaje de Imanol Garciandia para la Temporada 2026 &#8211; 27. El lateral derecho, de 30 a\u00f1os, ha firmado un contrato de tres a\u00f1os, hasta Junio del 2029, reforzando a\u00fan m\u00e1s los lazos del club con el balonmano espa\u00f1ol. Es el tercer fichaje tras el [&hellip;]\" \/>\n<meta property=\"og:url\" content=\"https:\/\/www.cope.es\/blogs\/derosca\/2025\/11\/13\/el-nantes-ficha-a-imanol-garciandia-hasta-el-2029\/\" \/>\n<meta property=\"og:site_name\" content=\"Derosca\" \/>\n<meta property=\"article:publisher\" content=\"https:\/\/www.facebook.com\/cope\/\" \/>\n<meta property=\"article:published_time\" content=\"2025-11-13T08:23:27+00:00\" \/>\n<meta property=\"og:image\" content=\"http:\/\/www.cope.es\/blogs\/derosca\/wp-content\/uploads\/sites\/22\/2025\/11\/MHLD1-KL_400x400.jpg\" \/>\n\t<meta property=\"og:image:width\" content=\"680\" \/>\n\t<meta property=\"og:image:height\" content=\"469\" \/>\n\t<meta property=\"og:image:type\" content=\"image\/jpeg\" \/>\n<meta name=\"author\" content=\"Luis Malvar\" \/>\n<meta name=\"twitter:card\" content=\"summary_large_image\" \/>\n<meta name=\"twitter:creator\" content=\"@cope_es\" \/>\n<meta name=\"twitter:site\" content=\"@cope_es\" \/>\n<meta name=\"twitter:label1\" content=\"Escrito por\" \/>\n\t<meta name=\"twitter:data1\" content=\"Luis Malvar\" \/>\n\t<meta name=\"twitter:label2\" content=\"Tiempo de lectura\" \/>\n\t<meta name=\"twitter:data2\" content=\"2 minutos\" \/>\n<script type=\"application\/ld+json\" class=\"yoast-schema-graph\">{\"@context\":\"https:\\\/\\\/schema.org\",\"@graph\":[{\"@type\":\"Article\",\"@id\":\"https:\\\/\\\/www.cope.es\\\/blogs\\\/derosca\\\/2025\\\/11\\\/13\\\/el-nantes-ficha-a-imanol-garciandia-hasta-el-2029\\\/#article\",\"isPartOf\":{\"@id\":\"https:\\\/\\\/www.cope.es\\\/blogs\\\/derosca\\\/2025\\\/11\\\/13\\\/el-nantes-ficha-a-imanol-garciandia-hasta-el-2029\\\/\"},\"author\":{\"name\":\"Luis Malvar\",\"@id\":\"https:\\\/\\\/www.cope.es\\\/blogs\\\/derosca\\\/#\\\/schema\\\/person\\\/02d6fa6fa8d8db60f83303875a4ff77f\"},\"headline\":\"El Nantes ficha a Imanol Garciand\u00eda hasta el 2029\",\"datePublished\":\"2025-11-13T08:23:27+00:00\",\"mainEntityOfPage\":{\"@id\":\"https:\\\/\\\/www.cope.es\\\/blogs\\\/derosca\\\/2025\\\/11\\\/13\\\/el-nantes-ficha-a-imanol-garciandia-hasta-el-2029\\\/\"},\"wordCount\":274,\"commentCount\":0,\"image\":{\"@id\":\"https:\\\/\\\/www.cope.es\\\/blogs\\\/derosca\\\/2025\\\/11\\\/13\\\/el-nantes-ficha-a-imanol-garciandia-hasta-el-2029\\\/#primaryimage\"},\"thumbnailUrl\":\"https:\\\/\\\/www.cope.es\\\/blogs\\\/derosca\\\/wp-content\\\/uploads\\\/sites\\\/22\\\/2025\\\/11\\\/MHLD1-KL_400x400.jpg\",\"articleSection\":[\"Balonmano\"],\"inLanguage\":\"es\",\"potentialAction\":[{\"@type\":\"CommentAction\",\"name\":\"Comment\",\"target\":[\"https:\\\/\\\/www.cope.es\\\/blogs\\\/derosca\\\/2025\\\/11\\\/13\\\/el-nantes-ficha-a-imanol-garciandia-hasta-el-2029\\\/#respond\"]}]},{\"@type\":\"WebPage\",\"@id\":\"https:\\\/\\\/www.cope.es\\\/blogs\\\/derosca\\\/2025\\\/11\\\/13\\\/el-nantes-ficha-a-imanol-garciandia-hasta-el-2029\\\/\",\"url\":\"https:\\\/\\\/www.cope.es\\\/blogs\\\/derosca\\\/2025\\\/11\\\/13\\\/el-nantes-ficha-a-imanol-garciandia-hasta-el-2029\\\/\",\"name\":\"El Nantes ficha a Imanol Garciand\u00eda hasta el 2029 - Derosca\",\"isPartOf\":{\"@id\":\"https:\\\/\\\/www.cope.es\\\/blogs\\\/derosca\\\/#website\"},\"primaryImageOfPage\":{\"@id\":\"https:\\\/\\\/www.cope.es\\\/blogs\\\/derosca\\\/2025\\\/11\\\/13\\\/el-nantes-ficha-a-imanol-garciandia-hasta-el-2029\\\/#primaryimage\"},\"image\":{\"@id\":\"https:\\\/\\\/www.cope.es\\\/blogs\\\/derosca\\\/2025\\\/11\\\/13\\\/el-nantes-ficha-a-imanol-garciandia-hasta-el-2029\\\/#primaryimage\"},\"thumbnailUrl\":\"https:\\\/\\\/www.cope.es\\\/blogs\\\/derosca\\\/wp-content\\\/uploads\\\/sites\\\/22\\\/2025\\\/11\\\/MHLD1-KL_400x400.jpg\",\"datePublished\":\"2025-11-13T08:23:27+00:00\",\"author\":{\"@id\":\"https:\\\/\\\/www.cope.es\\\/blogs\\\/derosca\\\/#\\\/schema\\\/person\\\/02d6fa6fa8d8db60f83303875a4ff77f\"},\"breadcrumb\":{\"@id\":\"https:\\\/\\\/www.cope.es\\\/blogs\\\/derosca\\\/2025\\\/11\\\/13\\\/el-nantes-ficha-a-imanol-garciandia-hasta-el-2029\\\/#breadcrumb\"},\"inLanguage\":\"es\",\"potentialAction\":[{\"@type\":\"ReadAction\",\"target\":[\"https:\\\/\\\/www.cope.es\\\/blogs\\\/derosca\\\/2025\\\/11\\\/13\\\/el-nantes-ficha-a-imanol-garciandia-hasta-el-2029\\\/\"]}]},{\"@type\":\"ImageObject\",\"inLanguage\":\"es\",\"@id\":\"https:\\\/\\\/www.cope.es\\\/blogs\\\/derosca\\\/2025\\\/11\\\/13\\\/el-nantes-ficha-a-imanol-garciandia-hasta-el-2029\\\/#primaryimage\",\"url\":\"https:\\\/\\\/www.cope.es\\\/blogs\\\/derosca\\\/wp-content\\\/uploads\\\/sites\\\/22\\\/2025\\\/11\\\/MHLD1-KL_400x400.jpg\",\"contentUrl\":\"https:\\\/\\\/www.cope.es\\\/blogs\\\/derosca\\\/wp-content\\\/uploads\\\/sites\\\/22\\\/2025\\\/11\\\/MHLD1-KL_400x400.jpg\",\"width\":680,\"height\":469,\"caption\":\"El Nantes ficha a Imanol Garciand\u00eda hasta el 2029\"},{\"@type\":\"BreadcrumbList\",\"@id\":\"https:\\\/\\\/www.cope.es\\\/blogs\\\/derosca\\\/2025\\\/11\\\/13\\\/el-nantes-ficha-a-imanol-garciandia-hasta-el-2029\\\/#breadcrumb\",\"itemListElement\":[{\"@type\":\"ListItem\",\"position\":1,\"name\":\"Portada\",\"item\":\"https:\\\/\\\/www.cope.es\\\/blogs\\\/derosca\\\/\"},{\"@type\":\"ListItem\",\"position\":2,\"name\":\"El Nantes ficha a Imanol Garciand\u00eda hasta el 2029\"}]},{\"@type\":\"WebSite\",\"@id\":\"https:\\\/\\\/www.cope.es\\\/blogs\\\/derosca\\\/#website\",\"url\":\"https:\\\/\\\/www.cope.es\\\/blogs\\\/derosca\\\/\",\"name\":\"Derosca\",\"description\":\"Blog de balonmano COPE\",\"potentialAction\":[{\"@type\":\"SearchAction\",\"target\":{\"@type\":\"EntryPoint\",\"urlTemplate\":\"https:\\\/\\\/www.cope.es\\\/blogs\\\/derosca\\\/?s={search_term_string}\"},\"query-input\":{\"@type\":\"PropertyValueSpecification\",\"valueRequired\":true,\"valueName\":\"search_term_string\"}}],\"inLanguage\":\"es\"},{\"@type\":\"Person\",\"@id\":\"https:\\\/\\\/www.cope.es\\\/blogs\\\/derosca\\\/#\\\/schema\\\/person\\\/02d6fa6fa8d8db60f83303875a4ff77f\",\"name\":\"Luis Malvar\",\"image\":{\"@type\":\"ImageObject\",\"inLanguage\":\"es\",\"@id\":\"https:\\\/\\\/secure.gravatar.com\\\/avatar\\\/23cd47dec2904689b3ccd32d1dd3e86c7cbf60dcf7376c68854f761a4939534f?s=96&d=mm&r=g\",\"url\":\"https:\\\/\\\/secure.gravatar.com\\\/avatar\\\/23cd47dec2904689b3ccd32d1dd3e86c7cbf60dcf7376c68854f761a4939534f?s=96&d=mm&r=g\",\"contentUrl\":\"https:\\\/\\\/secure.gravatar.com\\\/avatar\\\/23cd47dec2904689b3ccd32d1dd3e86c7cbf60dcf7376c68854f761a4939534f?s=96&d=mm&r=g\",\"caption\":\"Luis Malvar\"},\"description\":\"Comenc\u00e9 la andadura del Blog Derosca all\u00e1 por el 22 de Mayo de 2008. Un blog en el que se trata de llevar a los numerosos aficionados y amantes del mundo del balonmano toda la actualidad de nuestro apasionante deporte. Una ventana que sirve para dar luz a las innumerables noticias que genera el balonmano y que habitualmente no tienen reflejo en los medios de comunicaci\u00f3n. Sin lugar a dudas el Blog Derosca cuenta con un apartado que tiene a gala contar con miles de seguidores como es \u201cMis Pajaritos\u201d en donde se relatan y narran todas las intrahistorias que se generan en el balonmano espa\u00f1ol y que incomoda a m\u00e1s de uno que salgan a la luz.!Gracias por seguirnos durante todos estos a\u00f1os\u00a1\",\"sameAs\":[\"http:\\\/\\\/www.cope.es\",\"lmalvar\"],\"url\":\"https:\\\/\\\/www.cope.es\\\/blogs\\\/derosca\\\/author\\\/lmalvar\\\/\"}]}<\/script>\n<!-- \/ Yoast SEO plugin. -->","yoast_head_json":{"title":"El Nantes ficha a Imanol Garciand\u00eda hasta el 2029 - Derosca","robots":{"index":"index","follow":"follow","max-snippet":"max-snippet:-1","max-image-preview":"max-image-preview:large","max-video-preview":"max-video-preview:-1"},"canonical":"https:\/\/www.cope.es\/blogs\/derosca\/2025\/11\/13\/el-nantes-ficha-a-imanol-garciandia-hasta-el-2029\/","og_locale":"es_ES","og_type":"article","og_title":"El Nantes ficha a Imanol Garciand\u00eda hasta el 2029 - Derosca","og_description":"El conjunto franc\u00e9s del Nantes ha anunciado hace unos d\u00edas el fichaje de Imanol Garciandia para la Temporada 2026 &#8211; 27. El lateral derecho, de 30 a\u00f1os, ha firmado un contrato de tres a\u00f1os, hasta Junio del 2029, reforzando a\u00fan m\u00e1s los lazos del club con el balonmano espa\u00f1ol. Es el tercer fichaje tras el [&hellip;]","og_url":"https:\/\/www.cope.es\/blogs\/derosca\/2025\/11\/13\/el-nantes-ficha-a-imanol-garciandia-hasta-el-2029\/","og_site_name":"Derosca","article_publisher":"https:\/\/www.facebook.com\/cope\/","article_published_time":"2025-11-13T08:23:27+00:00","og_image":[{"width":680,"height":469,"url":"http:\/\/www.cope.es\/blogs\/derosca\/wp-content\/uploads\/sites\/22\/2025\/11\/MHLD1-KL_400x400.jpg","type":"image\/jpeg"}],"author":"Luis Malvar","twitter_card":"summary_large_image","twitter_creator":"@cope_es","twitter_site":"@cope_es","twitter_misc":{"Escrito por":"Luis Malvar","Tiempo de lectura":"2 minutos"},"schema":{"@context":"https:\/\/schema.org","@graph":[{"@type":"Article","@id":"https:\/\/www.cope.es\/blogs\/derosca\/2025\/11\/13\/el-nantes-ficha-a-imanol-garciandia-hasta-el-2029\/#article","isPartOf":{"@id":"https:\/\/www.cope.es\/blogs\/derosca\/2025\/11\/13\/el-nantes-ficha-a-imanol-garciandia-hasta-el-2029\/"},"author":{"name":"Luis Malvar","@id":"https:\/\/www.cope.es\/blogs\/derosca\/#\/schema\/person\/02d6fa6fa8d8db60f83303875a4ff77f"},"headline":"El Nantes ficha a Imanol Garciand\u00eda hasta el 2029","datePublished":"2025-11-13T08:23:27+00:00","mainEntityOfPage":{"@id":"https:\/\/www.cope.es\/blogs\/derosca\/2025\/11\/13\/el-nantes-ficha-a-imanol-garciandia-hasta-el-2029\/"},"wordCount":274,"commentCount":0,"image":{"@id":"https:\/\/www.cope.es\/blogs\/derosca\/2025\/11\/13\/el-nantes-ficha-a-imanol-garciandia-hasta-el-2029\/#primaryimage"},"thumbnailUrl":"https:\/\/www.cope.es\/blogs\/derosca\/wp-content\/uploads\/sites\/22\/2025\/11\/MHLD1-KL_400x400.jpg","articleSection":["Balonmano"],"inLanguage":"es","potentialAction":[{"@type":"CommentAction","name":"Comment","target":["https:\/\/www.cope.es\/blogs\/derosca\/2025\/11\/13\/el-nantes-ficha-a-imanol-garciandia-hasta-el-2029\/#respond"]}]},{"@type":"WebPage","@id":"https:\/\/www.cope.es\/blogs\/derosca\/2025\/11\/13\/el-nantes-ficha-a-imanol-garciandia-hasta-el-2029\/","url":"https:\/\/www.cope.es\/blogs\/derosca\/2025\/11\/13\/el-nantes-ficha-a-imanol-garciandia-hasta-el-2029\/","name":"El Nantes ficha a Imanol Garciand\u00eda hasta el 2029 - Derosca","isPartOf":{"@id":"https:\/\/www.cope.es\/blogs\/derosca\/#website"},"primaryImageOfPage":{"@id":"https:\/\/www.cope.es\/blogs\/derosca\/2025\/11\/13\/el-nantes-ficha-a-imanol-garciandia-hasta-el-2029\/#primaryimage"},"image":{"@id":"https:\/\/www.cope.es\/blogs\/derosca\/2025\/11\/13\/el-nantes-ficha-a-imanol-garciandia-hasta-el-2029\/#primaryimage"},"thumbnailUrl":"https:\/\/www.cope.es\/blogs\/derosca\/wp-content\/uploads\/sites\/22\/2025\/11\/MHLD1-KL_400x400.jpg","datePublished":"2025-11-13T08:23:27+00:00","author":{"@id":"https:\/\/www.cope.es\/blogs\/derosca\/#\/schema\/person\/02d6fa6fa8d8db60f83303875a4ff77f"},"breadcrumb":{"@id":"https:\/\/www.cope.es\/blogs\/derosca\/2025\/11\/13\/el-nantes-ficha-a-imanol-garciandia-hasta-el-2029\/#breadcrumb"},"inLanguage":"es","potentialAction":[{"@type":"ReadAction","target":["https:\/\/www.cope.es\/blogs\/derosca\/2025\/11\/13\/el-nantes-ficha-a-imanol-garciandia-hasta-el-2029\/"]}]},{"@type":"ImageObject","inLanguage":"es","@id":"https:\/\/www.cope.es\/blogs\/derosca\/2025\/11\/13\/el-nantes-ficha-a-imanol-garciandia-hasta-el-2029\/#primaryimage","url":"https:\/\/www.cope.es\/blogs\/derosca\/wp-content\/uploads\/sites\/22\/2025\/11\/MHLD1-KL_400x400.jpg","contentUrl":"https:\/\/www.cope.es\/blogs\/derosca\/wp-content\/uploads\/sites\/22\/2025\/11\/MHLD1-KL_400x400.jpg","width":680,"height":469,"caption":"El Nantes ficha a Imanol Garciand\u00eda hasta el 2029"},{"@type":"BreadcrumbList","@id":"https:\/\/www.cope.es\/blogs\/derosca\/2025\/11\/13\/el-nantes-ficha-a-imanol-garciandia-hasta-el-2029\/#breadcrumb","itemListElement":[{"@type":"ListItem","position":1,"name":"Portada","item":"https:\/\/www.cope.es\/blogs\/derosca\/"},{"@type":"ListItem","position":2,"name":"El Nantes ficha a Imanol Garciand\u00eda hasta el 2029"}]},{"@type":"WebSite","@id":"https:\/\/www.cope.es\/blogs\/derosca\/#website","url":"https:\/\/www.cope.es\/blogs\/derosca\/","name":"Derosca","description":"Blog de balonmano COPE","potentialAction":[{"@type":"SearchAction","target":{"@type":"EntryPoint","urlTemplate":"https:\/\/www.cope.es\/blogs\/derosca\/?s={search_term_string}"},"query-input":{"@type":"PropertyValueSpecification","valueRequired":true,"valueName":"search_term_string"}}],"inLanguage":"es"},{"@type":"Person","@id":"https:\/\/www.cope.es\/blogs\/derosca\/#\/schema\/person\/02d6fa6fa8d8db60f83303875a4ff77f","name":"Luis Malvar","image":{"@type":"ImageObject","inLanguage":"es","@id":"https:\/\/secure.gravatar.com\/avatar\/23cd47dec2904689b3ccd32d1dd3e86c7cbf60dcf7376c68854f761a4939534f?s=96&d=mm&r=g","url":"https:\/\/secure.gravatar.com\/avatar\/23cd47dec2904689b3ccd32d1dd3e86c7cbf60dcf7376c68854f761a4939534f?s=96&d=mm&r=g","contentUrl":"https:\/\/secure.gravatar.com\/avatar\/23cd47dec2904689b3ccd32d1dd3e86c7cbf60dcf7376c68854f761a4939534f?s=96&d=mm&r=g","caption":"Luis Malvar"},"description":"Comenc\u00e9 la andadura del Blog Derosca all\u00e1 por el 22 de Mayo de 2008. Un blog en el que se trata de llevar a los numerosos aficionados y amantes del mundo del balonmano toda la actualidad de nuestro apasionante deporte. Una ventana que sirve para dar luz a las innumerables noticias que genera el balonmano y que habitualmente no tienen reflejo en los medios de comunicaci\u00f3n. Sin lugar a dudas el Blog Derosca cuenta con un apartado que tiene a gala contar con miles de seguidores como es \u201cMis Pajaritos\u201d en donde se relatan y narran todas las intrahistorias que se generan en el balonmano espa\u00f1ol y que incomoda a m\u00e1s de uno que salgan a la luz.!Gracias por seguirnos durante todos estos a\u00f1os\u00a1","sameAs":["http:\/\/www.cope.es","lmalvar"],"url":"https:\/\/www.cope.es\/blogs\/derosca\/author\/lmalvar\/"}]}},"amp_enabled":true,"_links":{"self":[{"href":"https:\/\/www.cope.es\/blogs\/derosca\/wp-json\/wp\/v2\/posts\/4763","targetHints":{"allow":["GET"]}}],"collection":[{"href":"https:\/\/www.cope.es\/blogs\/derosca\/wp-json\/wp\/v2\/posts"}],"about":[{"href":"https:\/\/www.cope.es\/blogs\/derosca\/wp-json\/wp\/v2\/types\/post"}],"author":[{"embeddable":true,"href":"https:\/\/www.cope.es\/blogs\/derosca\/wp-json\/wp\/v2\/users\/23"}],"replies":[{"embeddable":true,"href":"https:\/\/www.cope.es\/blogs\/derosca\/wp-json\/wp\/v2\/comments?post=4763"}],"version-history":[{"count":1,"href":"https:\/\/www.cope.es\/blogs\/derosca\/wp-json\/wp\/v2\/posts\/4763\/revisions"}],"predecessor-version":[{"id":4765,"href":"https:\/\/www.cope.es\/blogs\/derosca\/wp-json\/wp\/v2\/posts\/4763\/revisions\/4765"}],"wp:featuredmedia":[{"embeddable":true,"href":"https:\/\/www.cope.es\/blogs\/derosca\/wp-json\/wp\/v2\/media\/4764"}],"wp:attachment":[{"href":"https:\/\/www.cope.es\/blogs\/derosca\/wp-json\/wp\/v2\/media?parent=4763"}],"wp:term":[{"taxonomy":"category","embeddable":true,"href":"https:\/\/www.cope.es\/blogs\/derosca\/wp-json\/wp\/v2\/categories?post=4763"},{"taxonomy":"post_tag","embeddable":true,"href":"https:\/\/www.cope.es\/blogs\/derosca\/wp-json\/wp\/v2\/tags?post=4763"}],"curies":[{"name":"wp","href":"https:\/\/api.w.org\/{rel}","templated":true}]}}