{"id":4724,"date":"2025-10-23T08:40:58","date_gmt":"2025-10-23T06:40:58","guid":{"rendered":"https:\/\/www.cope.es\/blogs\/derosca\/?p=4724"},"modified":"2025-10-23T08:40:58","modified_gmt":"2025-10-23T06:40:58","slug":"simon-moller-sera-el-nuevo-portero-del-flensburg-handewitt","status":"publish","type":"post","link":"https:\/\/www.cope.es\/blogs\/derosca\/2025\/10\/23\/simon-moller-sera-el-nuevo-portero-del-flensburg-handewitt\/","title":{"rendered":"Simon M\u00f6ller ser\u00e1 el nuevo portero del Flensburg-Handewitt"},"content":{"rendered":"<p><span style=\"color: #222222\"><span style=\"font-family: Arial, sans-serif\"><span style=\"font-size: medium\">Tras el anuncio de la marcha de Kevin Moller al GOG, cosa que ya es un hecho, su sucesor en el Flensburg-Handewitt ser\u00e1<\/span><\/span><\/span><span style=\"color: #222222\"><span style=\"font-family: Arial, sans-serif\"><span style=\"font-size: medium\"> Simon M\u00f6ller<\/span><\/span><\/span><span style=\"color: #222222\"><span style=\"font-family: Arial, sans-serif\"><span style=\"font-size: medium\">. El portero sueco se incorporar\u00e1 al club en el verano de 2026 procedente del Fenix Toulouse de la primera divisi\u00f3n francesa.<\/span><\/span><\/span><\/p>\n<p><span style=\"color: #222222\"><span style=\"font-family: Arial, sans-serif\"><span style=\"font-size: medium\">Holger Glandorf, Director General del Flensburg-Handewitt declar\u00f3 que le<\/span><\/span><\/span><span style=\"color: #222222\"><span style=\"font-family: Arial, sans-serif\"><span style=\"font-size: medium\">s complace enormemente dar la bienvenida a Simon al equipo. <\/span><\/span><\/span><span style=\"color: #222222\"><span style=\"font-family: Arial, sans-serif\"><span style=\"font-size: medium\">Aporta experiencia internacional, un enorme talento y la tranquilidad necesaria para este puesto. Est\u00e1n convencidos de que le espera un futuro brillante en Flensburg.<\/span><\/span><\/span><\/p>\n<p><span style=\"color: #222222\"><span style=\"font-family: Arial, sans-serif\"><span style=\"font-size: medium\">Simon M\u00f6ller proviene de una familia de balonmano: su padre, Peter M\u00f6ller, jug\u00f3 al balonmano profesionalmente, incluso en L\u00fcbeck y Hamburgo, y su hermano menor, Felix, tambi\u00e9n se hizo profesional. Desde muy joven, Simon demostr\u00f3 un talento excepcional como portero y r\u00e1pidamente se hizo un nombre en la Handbollsligan sueca. En 2018, gan\u00f3 la Eurocopa con la selecci\u00f3n nacional sub-18 de Suecia. El jugador de 25 a\u00f1os comenz\u00f3 su carrera profesional en el club sueco S\u00e4vehof, con el que gan\u00f3 m\u00faltiples campeonatos suecos, antes de fichar por el Fenix Toulouse Handball en el a\u00f1o 2024.<\/span><\/span><\/span><\/p>\n<p><span style=\"color: #222222\"><span style=\"font-family: Arial, sans-serif\"><span style=\"font-size: medium\">Simon M\u00f6ller por su parte manifest\u00f3 que el Flensburg-Handewitt es un club de primer nivel con una afici\u00f3n fant\u00e1stica y un equipo potente. Est\u00e1 incre\u00edblemente emocionado con este nuevo reto y por seguir los pasos de Kevin, quien deja un gran legado aqu\u00ed<\/span><\/span><\/span><\/p>\n<p><span style=\"color: #222222\"><span style=\"font-family: Arial, sans-serif\"><span style=\"font-size: medium\">El entrenador Ale\u0161 Pajovi\u0107 tambi\u00e9n coment\u00f3 sobre el fichaje y dijo que Simon es un portero joven y talentoso que encaja a la perfecci\u00f3n la nuestra filosof\u00eda de juego del equipo. Su experiencia internacional y sus cualidades lo convierten en el compa\u00f1ero ideal para Benjamin Buri\u0107 y un refuerzo valioso para nuestro equipo de porteros.<\/span><\/span><\/span><\/p>\n<p><em><span style=\"color: #666666\"><span style=\"font-family: Arial, sans-serif\"><span style=\"font-size: medium\">Seguirnos en twitter: <\/span><\/span><\/span><\/em><span style=\"color: #000080\"><span><u><a href=\"#!\/deroscacope\"><span style=\"font-family: Arial, sans-serif\"><span style=\"font-size: medium\">https:\/\/twitter.com\/#!\/deroscacope<\/span><\/span><\/a><\/u><\/span><\/span><\/p>\n","protected":false},"excerpt":{"rendered":"<p>Tras el anuncio de la marcha de Kevin Moller al GOG, cosa que ya es un hecho, su sucesor en el Flensburg-Handewitt ser\u00e1 Simon M\u00f6ller. El portero sueco se incorporar\u00e1 al club en el verano de 2026 procedente del Fenix Toulouse de la primera divisi\u00f3n francesa. Holger Glandorf, Director General del Flensburg-Handewitt declar\u00f3 que les [&hellip;]<\/p>\n","protected":false},"author":23,"featured_media":4725,"comment_status":"open","ping_status":"open","sticky":false,"template":"","format":"standard","meta":{"footnotes":""},"categories":[3],"tags":[],"class_list":["post-4724","post","type-post","status-publish","format-standard","has-post-thumbnail","hentry","category-balonmano"],"yoast_head":"<!-- This site is optimized with the Yoast SEO plugin v27.4 - https:\/\/yoast.com\/product\/yoast-seo-wordpress\/ -->\n<title>Simon M\u00f6ller ser\u00e1 el nuevo portero del Flensburg-Handewitt - Derosca<\/title>\n<meta name=\"robots\" content=\"index, follow, max-snippet:-1, max-image-preview:large, max-video-preview:-1\" \/>\n<link rel=\"canonical\" href=\"https:\/\/www.cope.es\/blogs\/derosca\/2025\/10\/23\/simon-moller-sera-el-nuevo-portero-del-flensburg-handewitt\/\" \/>\n<meta property=\"og:locale\" content=\"es_ES\" \/>\n<meta property=\"og:type\" content=\"article\" \/>\n<meta property=\"og:title\" content=\"Simon M\u00f6ller ser\u00e1 el nuevo portero del Flensburg-Handewitt - Derosca\" \/>\n<meta property=\"og:description\" content=\"Tras el anuncio de la marcha de Kevin Moller al GOG, cosa que ya es un hecho, su sucesor en el Flensburg-Handewitt ser\u00e1 Simon M\u00f6ller. El portero sueco se incorporar\u00e1 al club en el verano de 2026 procedente del Fenix Toulouse de la primera divisi\u00f3n francesa. Holger Glandorf, Director General del Flensburg-Handewitt declar\u00f3 que les [&hellip;]\" \/>\n<meta property=\"og:url\" content=\"https:\/\/www.cope.es\/blogs\/derosca\/2025\/10\/23\/simon-moller-sera-el-nuevo-portero-del-flensburg-handewitt\/\" \/>\n<meta property=\"og:site_name\" content=\"Derosca\" \/>\n<meta property=\"article:publisher\" content=\"https:\/\/www.facebook.com\/cope\/\" \/>\n<meta property=\"article:published_time\" content=\"2025-10-23T06:40:58+00:00\" \/>\n<meta property=\"og:image\" content=\"http:\/\/www.cope.es\/blogs\/derosca\/wp-content\/uploads\/sites\/22\/2025\/10\/210145_imgbank.jpg\" \/>\n\t<meta property=\"og:image:width\" content=\"680\" \/>\n\t<meta property=\"og:image:height\" content=\"680\" \/>\n\t<meta property=\"og:image:type\" content=\"image\/jpeg\" \/>\n<meta name=\"author\" content=\"Luis Malvar\" \/>\n<meta name=\"twitter:card\" content=\"summary_large_image\" \/>\n<meta name=\"twitter:creator\" content=\"@cope_es\" \/>\n<meta name=\"twitter:site\" content=\"@cope_es\" \/>\n<meta name=\"twitter:label1\" content=\"Escrito por\" \/>\n\t<meta name=\"twitter:data1\" content=\"Luis Malvar\" \/>\n\t<meta name=\"twitter:label2\" content=\"Tiempo de lectura\" \/>\n\t<meta name=\"twitter:data2\" content=\"2 minutos\" \/>\n<script type=\"application\/ld+json\" class=\"yoast-schema-graph\">{\"@context\":\"https:\\\/\\\/schema.org\",\"@graph\":[{\"@type\":\"Article\",\"@id\":\"https:\\\/\\\/www.cope.es\\\/blogs\\\/derosca\\\/2025\\\/10\\\/23\\\/simon-moller-sera-el-nuevo-portero-del-flensburg-handewitt\\\/#article\",\"isPartOf\":{\"@id\":\"https:\\\/\\\/www.cope.es\\\/blogs\\\/derosca\\\/2025\\\/10\\\/23\\\/simon-moller-sera-el-nuevo-portero-del-flensburg-handewitt\\\/\"},\"author\":{\"name\":\"Luis Malvar\",\"@id\":\"https:\\\/\\\/www.cope.es\\\/blogs\\\/derosca\\\/#\\\/schema\\\/person\\\/02d6fa6fa8d8db60f83303875a4ff77f\"},\"headline\":\"Simon M\u00f6ller ser\u00e1 el nuevo portero del Flensburg-Handewitt\",\"datePublished\":\"2025-10-23T06:40:58+00:00\",\"mainEntityOfPage\":{\"@id\":\"https:\\\/\\\/www.cope.es\\\/blogs\\\/derosca\\\/2025\\\/10\\\/23\\\/simon-moller-sera-el-nuevo-portero-del-flensburg-handewitt\\\/\"},\"wordCount\":315,\"commentCount\":0,\"image\":{\"@id\":\"https:\\\/\\\/www.cope.es\\\/blogs\\\/derosca\\\/2025\\\/10\\\/23\\\/simon-moller-sera-el-nuevo-portero-del-flensburg-handewitt\\\/#primaryimage\"},\"thumbnailUrl\":\"https:\\\/\\\/www.cope.es\\\/blogs\\\/derosca\\\/wp-content\\\/uploads\\\/sites\\\/22\\\/2025\\\/10\\\/210145_imgbank.jpg\",\"articleSection\":[\"Balonmano\"],\"inLanguage\":\"es\",\"potentialAction\":[{\"@type\":\"CommentAction\",\"name\":\"Comment\",\"target\":[\"https:\\\/\\\/www.cope.es\\\/blogs\\\/derosca\\\/2025\\\/10\\\/23\\\/simon-moller-sera-el-nuevo-portero-del-flensburg-handewitt\\\/#respond\"]}]},{\"@type\":\"WebPage\",\"@id\":\"https:\\\/\\\/www.cope.es\\\/blogs\\\/derosca\\\/2025\\\/10\\\/23\\\/simon-moller-sera-el-nuevo-portero-del-flensburg-handewitt\\\/\",\"url\":\"https:\\\/\\\/www.cope.es\\\/blogs\\\/derosca\\\/2025\\\/10\\\/23\\\/simon-moller-sera-el-nuevo-portero-del-flensburg-handewitt\\\/\",\"name\":\"Simon M\u00f6ller ser\u00e1 el nuevo portero del Flensburg-Handewitt - Derosca\",\"isPartOf\":{\"@id\":\"https:\\\/\\\/www.cope.es\\\/blogs\\\/derosca\\\/#website\"},\"primaryImageOfPage\":{\"@id\":\"https:\\\/\\\/www.cope.es\\\/blogs\\\/derosca\\\/2025\\\/10\\\/23\\\/simon-moller-sera-el-nuevo-portero-del-flensburg-handewitt\\\/#primaryimage\"},\"image\":{\"@id\":\"https:\\\/\\\/www.cope.es\\\/blogs\\\/derosca\\\/2025\\\/10\\\/23\\\/simon-moller-sera-el-nuevo-portero-del-flensburg-handewitt\\\/#primaryimage\"},\"thumbnailUrl\":\"https:\\\/\\\/www.cope.es\\\/blogs\\\/derosca\\\/wp-content\\\/uploads\\\/sites\\\/22\\\/2025\\\/10\\\/210145_imgbank.jpg\",\"datePublished\":\"2025-10-23T06:40:58+00:00\",\"author\":{\"@id\":\"https:\\\/\\\/www.cope.es\\\/blogs\\\/derosca\\\/#\\\/schema\\\/person\\\/02d6fa6fa8d8db60f83303875a4ff77f\"},\"breadcrumb\":{\"@id\":\"https:\\\/\\\/www.cope.es\\\/blogs\\\/derosca\\\/2025\\\/10\\\/23\\\/simon-moller-sera-el-nuevo-portero-del-flensburg-handewitt\\\/#breadcrumb\"},\"inLanguage\":\"es\",\"potentialAction\":[{\"@type\":\"ReadAction\",\"target\":[\"https:\\\/\\\/www.cope.es\\\/blogs\\\/derosca\\\/2025\\\/10\\\/23\\\/simon-moller-sera-el-nuevo-portero-del-flensburg-handewitt\\\/\"]}]},{\"@type\":\"ImageObject\",\"inLanguage\":\"es\",\"@id\":\"https:\\\/\\\/www.cope.es\\\/blogs\\\/derosca\\\/2025\\\/10\\\/23\\\/simon-moller-sera-el-nuevo-portero-del-flensburg-handewitt\\\/#primaryimage\",\"url\":\"https:\\\/\\\/www.cope.es\\\/blogs\\\/derosca\\\/wp-content\\\/uploads\\\/sites\\\/22\\\/2025\\\/10\\\/210145_imgbank.jpg\",\"contentUrl\":\"https:\\\/\\\/www.cope.es\\\/blogs\\\/derosca\\\/wp-content\\\/uploads\\\/sites\\\/22\\\/2025\\\/10\\\/210145_imgbank.jpg\",\"width\":680,\"height\":680,\"caption\":\"Simon M\u00f6ller ser\u00e1 el nuevo portero del Flensburg-Handewitt\"},{\"@type\":\"BreadcrumbList\",\"@id\":\"https:\\\/\\\/www.cope.es\\\/blogs\\\/derosca\\\/2025\\\/10\\\/23\\\/simon-moller-sera-el-nuevo-portero-del-flensburg-handewitt\\\/#breadcrumb\",\"itemListElement\":[{\"@type\":\"ListItem\",\"position\":1,\"name\":\"Portada\",\"item\":\"https:\\\/\\\/www.cope.es\\\/blogs\\\/derosca\\\/\"},{\"@type\":\"ListItem\",\"position\":2,\"name\":\"Simon M\u00f6ller ser\u00e1 el nuevo portero del Flensburg-Handewitt\"}]},{\"@type\":\"WebSite\",\"@id\":\"https:\\\/\\\/www.cope.es\\\/blogs\\\/derosca\\\/#website\",\"url\":\"https:\\\/\\\/www.cope.es\\\/blogs\\\/derosca\\\/\",\"name\":\"Derosca\",\"description\":\"Blog de balonmano COPE\",\"potentialAction\":[{\"@type\":\"SearchAction\",\"target\":{\"@type\":\"EntryPoint\",\"urlTemplate\":\"https:\\\/\\\/www.cope.es\\\/blogs\\\/derosca\\\/?s={search_term_string}\"},\"query-input\":{\"@type\":\"PropertyValueSpecification\",\"valueRequired\":true,\"valueName\":\"search_term_string\"}}],\"inLanguage\":\"es\"},{\"@type\":\"Person\",\"@id\":\"https:\\\/\\\/www.cope.es\\\/blogs\\\/derosca\\\/#\\\/schema\\\/person\\\/02d6fa6fa8d8db60f83303875a4ff77f\",\"name\":\"Luis Malvar\",\"image\":{\"@type\":\"ImageObject\",\"inLanguage\":\"es\",\"@id\":\"https:\\\/\\\/secure.gravatar.com\\\/avatar\\\/23cd47dec2904689b3ccd32d1dd3e86c7cbf60dcf7376c68854f761a4939534f?s=96&d=mm&r=g\",\"url\":\"https:\\\/\\\/secure.gravatar.com\\\/avatar\\\/23cd47dec2904689b3ccd32d1dd3e86c7cbf60dcf7376c68854f761a4939534f?s=96&d=mm&r=g\",\"contentUrl\":\"https:\\\/\\\/secure.gravatar.com\\\/avatar\\\/23cd47dec2904689b3ccd32d1dd3e86c7cbf60dcf7376c68854f761a4939534f?s=96&d=mm&r=g\",\"caption\":\"Luis Malvar\"},\"description\":\"Comenc\u00e9 la andadura del Blog Derosca all\u00e1 por el 22 de Mayo de 2008. Un blog en el que se trata de llevar a los numerosos aficionados y amantes del mundo del balonmano toda la actualidad de nuestro apasionante deporte. Una ventana que sirve para dar luz a las innumerables noticias que genera el balonmano y que habitualmente no tienen reflejo en los medios de comunicaci\u00f3n. Sin lugar a dudas el Blog Derosca cuenta con un apartado que tiene a gala contar con miles de seguidores como es \u201cMis Pajaritos\u201d en donde se relatan y narran todas las intrahistorias que se generan en el balonmano espa\u00f1ol y que incomoda a m\u00e1s de uno que salgan a la luz.!Gracias por seguirnos durante todos estos a\u00f1os\u00a1\",\"sameAs\":[\"http:\\\/\\\/www.cope.es\",\"lmalvar\"],\"url\":\"https:\\\/\\\/www.cope.es\\\/blogs\\\/derosca\\\/author\\\/lmalvar\\\/\"}]}<\/script>\n<!-- \/ Yoast SEO plugin. -->","yoast_head_json":{"title":"Simon M\u00f6ller ser\u00e1 el nuevo portero del Flensburg-Handewitt - Derosca","robots":{"index":"index","follow":"follow","max-snippet":"max-snippet:-1","max-image-preview":"max-image-preview:large","max-video-preview":"max-video-preview:-1"},"canonical":"https:\/\/www.cope.es\/blogs\/derosca\/2025\/10\/23\/simon-moller-sera-el-nuevo-portero-del-flensburg-handewitt\/","og_locale":"es_ES","og_type":"article","og_title":"Simon M\u00f6ller ser\u00e1 el nuevo portero del Flensburg-Handewitt - Derosca","og_description":"Tras el anuncio de la marcha de Kevin Moller al GOG, cosa que ya es un hecho, su sucesor en el Flensburg-Handewitt ser\u00e1 Simon M\u00f6ller. El portero sueco se incorporar\u00e1 al club en el verano de 2026 procedente del Fenix Toulouse de la primera divisi\u00f3n francesa. Holger Glandorf, Director General del Flensburg-Handewitt declar\u00f3 que les [&hellip;]","og_url":"https:\/\/www.cope.es\/blogs\/derosca\/2025\/10\/23\/simon-moller-sera-el-nuevo-portero-del-flensburg-handewitt\/","og_site_name":"Derosca","article_publisher":"https:\/\/www.facebook.com\/cope\/","article_published_time":"2025-10-23T06:40:58+00:00","og_image":[{"width":680,"height":680,"url":"http:\/\/www.cope.es\/blogs\/derosca\/wp-content\/uploads\/sites\/22\/2025\/10\/210145_imgbank.jpg","type":"image\/jpeg"}],"author":"Luis Malvar","twitter_card":"summary_large_image","twitter_creator":"@cope_es","twitter_site":"@cope_es","twitter_misc":{"Escrito por":"Luis Malvar","Tiempo de lectura":"2 minutos"},"schema":{"@context":"https:\/\/schema.org","@graph":[{"@type":"Article","@id":"https:\/\/www.cope.es\/blogs\/derosca\/2025\/10\/23\/simon-moller-sera-el-nuevo-portero-del-flensburg-handewitt\/#article","isPartOf":{"@id":"https:\/\/www.cope.es\/blogs\/derosca\/2025\/10\/23\/simon-moller-sera-el-nuevo-portero-del-flensburg-handewitt\/"},"author":{"name":"Luis Malvar","@id":"https:\/\/www.cope.es\/blogs\/derosca\/#\/schema\/person\/02d6fa6fa8d8db60f83303875a4ff77f"},"headline":"Simon M\u00f6ller ser\u00e1 el nuevo portero del Flensburg-Handewitt","datePublished":"2025-10-23T06:40:58+00:00","mainEntityOfPage":{"@id":"https:\/\/www.cope.es\/blogs\/derosca\/2025\/10\/23\/simon-moller-sera-el-nuevo-portero-del-flensburg-handewitt\/"},"wordCount":315,"commentCount":0,"image":{"@id":"https:\/\/www.cope.es\/blogs\/derosca\/2025\/10\/23\/simon-moller-sera-el-nuevo-portero-del-flensburg-handewitt\/#primaryimage"},"thumbnailUrl":"https:\/\/www.cope.es\/blogs\/derosca\/wp-content\/uploads\/sites\/22\/2025\/10\/210145_imgbank.jpg","articleSection":["Balonmano"],"inLanguage":"es","potentialAction":[{"@type":"CommentAction","name":"Comment","target":["https:\/\/www.cope.es\/blogs\/derosca\/2025\/10\/23\/simon-moller-sera-el-nuevo-portero-del-flensburg-handewitt\/#respond"]}]},{"@type":"WebPage","@id":"https:\/\/www.cope.es\/blogs\/derosca\/2025\/10\/23\/simon-moller-sera-el-nuevo-portero-del-flensburg-handewitt\/","url":"https:\/\/www.cope.es\/blogs\/derosca\/2025\/10\/23\/simon-moller-sera-el-nuevo-portero-del-flensburg-handewitt\/","name":"Simon M\u00f6ller ser\u00e1 el nuevo portero del Flensburg-Handewitt - Derosca","isPartOf":{"@id":"https:\/\/www.cope.es\/blogs\/derosca\/#website"},"primaryImageOfPage":{"@id":"https:\/\/www.cope.es\/blogs\/derosca\/2025\/10\/23\/simon-moller-sera-el-nuevo-portero-del-flensburg-handewitt\/#primaryimage"},"image":{"@id":"https:\/\/www.cope.es\/blogs\/derosca\/2025\/10\/23\/simon-moller-sera-el-nuevo-portero-del-flensburg-handewitt\/#primaryimage"},"thumbnailUrl":"https:\/\/www.cope.es\/blogs\/derosca\/wp-content\/uploads\/sites\/22\/2025\/10\/210145_imgbank.jpg","datePublished":"2025-10-23T06:40:58+00:00","author":{"@id":"https:\/\/www.cope.es\/blogs\/derosca\/#\/schema\/person\/02d6fa6fa8d8db60f83303875a4ff77f"},"breadcrumb":{"@id":"https:\/\/www.cope.es\/blogs\/derosca\/2025\/10\/23\/simon-moller-sera-el-nuevo-portero-del-flensburg-handewitt\/#breadcrumb"},"inLanguage":"es","potentialAction":[{"@type":"ReadAction","target":["https:\/\/www.cope.es\/blogs\/derosca\/2025\/10\/23\/simon-moller-sera-el-nuevo-portero-del-flensburg-handewitt\/"]}]},{"@type":"ImageObject","inLanguage":"es","@id":"https:\/\/www.cope.es\/blogs\/derosca\/2025\/10\/23\/simon-moller-sera-el-nuevo-portero-del-flensburg-handewitt\/#primaryimage","url":"https:\/\/www.cope.es\/blogs\/derosca\/wp-content\/uploads\/sites\/22\/2025\/10\/210145_imgbank.jpg","contentUrl":"https:\/\/www.cope.es\/blogs\/derosca\/wp-content\/uploads\/sites\/22\/2025\/10\/210145_imgbank.jpg","width":680,"height":680,"caption":"Simon M\u00f6ller ser\u00e1 el nuevo portero del Flensburg-Handewitt"},{"@type":"BreadcrumbList","@id":"https:\/\/www.cope.es\/blogs\/derosca\/2025\/10\/23\/simon-moller-sera-el-nuevo-portero-del-flensburg-handewitt\/#breadcrumb","itemListElement":[{"@type":"ListItem","position":1,"name":"Portada","item":"https:\/\/www.cope.es\/blogs\/derosca\/"},{"@type":"ListItem","position":2,"name":"Simon M\u00f6ller ser\u00e1 el nuevo portero del Flensburg-Handewitt"}]},{"@type":"WebSite","@id":"https:\/\/www.cope.es\/blogs\/derosca\/#website","url":"https:\/\/www.cope.es\/blogs\/derosca\/","name":"Derosca","description":"Blog de balonmano COPE","potentialAction":[{"@type":"SearchAction","target":{"@type":"EntryPoint","urlTemplate":"https:\/\/www.cope.es\/blogs\/derosca\/?s={search_term_string}"},"query-input":{"@type":"PropertyValueSpecification","valueRequired":true,"valueName":"search_term_string"}}],"inLanguage":"es"},{"@type":"Person","@id":"https:\/\/www.cope.es\/blogs\/derosca\/#\/schema\/person\/02d6fa6fa8d8db60f83303875a4ff77f","name":"Luis Malvar","image":{"@type":"ImageObject","inLanguage":"es","@id":"https:\/\/secure.gravatar.com\/avatar\/23cd47dec2904689b3ccd32d1dd3e86c7cbf60dcf7376c68854f761a4939534f?s=96&d=mm&r=g","url":"https:\/\/secure.gravatar.com\/avatar\/23cd47dec2904689b3ccd32d1dd3e86c7cbf60dcf7376c68854f761a4939534f?s=96&d=mm&r=g","contentUrl":"https:\/\/secure.gravatar.com\/avatar\/23cd47dec2904689b3ccd32d1dd3e86c7cbf60dcf7376c68854f761a4939534f?s=96&d=mm&r=g","caption":"Luis Malvar"},"description":"Comenc\u00e9 la andadura del Blog Derosca all\u00e1 por el 22 de Mayo de 2008. Un blog en el que se trata de llevar a los numerosos aficionados y amantes del mundo del balonmano toda la actualidad de nuestro apasionante deporte. Una ventana que sirve para dar luz a las innumerables noticias que genera el balonmano y que habitualmente no tienen reflejo en los medios de comunicaci\u00f3n. Sin lugar a dudas el Blog Derosca cuenta con un apartado que tiene a gala contar con miles de seguidores como es \u201cMis Pajaritos\u201d en donde se relatan y narran todas las intrahistorias que se generan en el balonmano espa\u00f1ol y que incomoda a m\u00e1s de uno que salgan a la luz.!Gracias por seguirnos durante todos estos a\u00f1os\u00a1","sameAs":["http:\/\/www.cope.es","lmalvar"],"url":"https:\/\/www.cope.es\/blogs\/derosca\/author\/lmalvar\/"}]}},"amp_enabled":true,"_links":{"self":[{"href":"https:\/\/www.cope.es\/blogs\/derosca\/wp-json\/wp\/v2\/posts\/4724","targetHints":{"allow":["GET"]}}],"collection":[{"href":"https:\/\/www.cope.es\/blogs\/derosca\/wp-json\/wp\/v2\/posts"}],"about":[{"href":"https:\/\/www.cope.es\/blogs\/derosca\/wp-json\/wp\/v2\/types\/post"}],"author":[{"embeddable":true,"href":"https:\/\/www.cope.es\/blogs\/derosca\/wp-json\/wp\/v2\/users\/23"}],"replies":[{"embeddable":true,"href":"https:\/\/www.cope.es\/blogs\/derosca\/wp-json\/wp\/v2\/comments?post=4724"}],"version-history":[{"count":1,"href":"https:\/\/www.cope.es\/blogs\/derosca\/wp-json\/wp\/v2\/posts\/4724\/revisions"}],"predecessor-version":[{"id":4726,"href":"https:\/\/www.cope.es\/blogs\/derosca\/wp-json\/wp\/v2\/posts\/4724\/revisions\/4726"}],"wp:featuredmedia":[{"embeddable":true,"href":"https:\/\/www.cope.es\/blogs\/derosca\/wp-json\/wp\/v2\/media\/4725"}],"wp:attachment":[{"href":"https:\/\/www.cope.es\/blogs\/derosca\/wp-json\/wp\/v2\/media?parent=4724"}],"wp:term":[{"taxonomy":"category","embeddable":true,"href":"https:\/\/www.cope.es\/blogs\/derosca\/wp-json\/wp\/v2\/categories?post=4724"},{"taxonomy":"post_tag","embeddable":true,"href":"https:\/\/www.cope.es\/blogs\/derosca\/wp-json\/wp\/v2\/tags?post=4724"}],"curies":[{"name":"wp","href":"https:\/\/api.w.org\/{rel}","templated":true}]}}