{"id":4718,"date":"2025-10-21T09:24:54","date_gmt":"2025-10-21T07:24:54","guid":{"rendered":"https:\/\/www.cope.es\/blogs\/derosca\/?p=4718"},"modified":"2025-10-21T09:24:54","modified_gmt":"2025-10-21T07:24:54","slug":"el-conjunto-danes-del-hoj-elite-tendra-un-multiestadio-en-egedal-de-15-millones-de-euros","status":"publish","type":"post","link":"https:\/\/www.cope.es\/blogs\/derosca\/2025\/10\/21\/el-conjunto-danes-del-hoj-elite-tendra-un-multiestadio-en-egedal-de-15-millones-de-euros\/","title":{"rendered":"El conjunto dan\u00e9s del Hoj Elite tendr\u00e1 un multiestadio en Egedal de 15 millones de euros"},"content":{"rendered":"<p><span style=\"color: #222222\"><span style=\"font-family: Arial, sans-serif\"><span style=\"font-size: medium\">El nuevo estadio multiusos del Complejo Deportivo \u00d8lstykke est\u00e1 cada vez m\u00e1s cerca de hacerse realidad gracias a la licitaci\u00f3n del proyecto por parte del municipio de Egedal. El municipio ha conseguido una donaci\u00f3n privada de aproximadamente <\/span><\/span><\/span><span style=\"color: #222222\"><span style=\"font-family: Arial, sans-serif\"><span style=\"font-size: medium\">6,7 millones de euros <\/span><\/span><\/span><span style=\"color: #222222\"><span style=\"font-family: Arial, sans-serif\"><span style=\"font-size: medium\">(50 millones de coronas danesas) para el proyecto. Se estima que el coste total del estadio ser\u00e1 de unos <\/span><\/span><\/span><span style=\"color: #222222\"><span style=\"font-family: Arial, sans-serif\"><span style=\"font-size: medium\">14,7 millones de euros <\/span><\/span><\/span><span style=\"color: #222222\"><span style=\"font-family: Arial, sans-serif\"><span style=\"font-size: medium\">(110 millones de coronas danesas), que cubrir\u00e1n la construcci\u00f3n, el aparcamiento, las v\u00edas de acceso y los nuevos campos de f\u00fatbol.<\/span><\/span><\/span><\/p>\n<p><span style=\"color: #222222\"><span style=\"font-family: Arial, sans-serif\"><span style=\"font-size: medium\">El estadio se construir\u00e1 en el extremo norte del complejo, cerca de Frederikssundsvej, y estar\u00e1 dise\u00f1ado para balonmano de \u00e9lite, con espacio para retransmisiones televisivas y otros deportes. Asociaciones como \u00d8lstykke Football, Gymnastics y Egedal Basket han participado en la planificaci\u00f3n.<\/span><\/span><\/span><\/p>\n<p><span style=\"color: #222222\"><span style=\"font-family: Arial, sans-serif\"><span style=\"font-size: medium\">El proyecto se licita como un marco de requisitos, en lugar de un dise\u00f1o final, lo que ofrece flexibilidad a los contratistas y mantiene los costos dentro del presupuesto. Se espera que el contratista sea seleccionado en la primavera de 2026, con la inauguraci\u00f3n prevista para Marzo de 2028.<\/span><\/span><\/span><\/p>\n<p><span style=\"color: #222222\"><span style=\"font-family: Arial, sans-serif\"><span style=\"font-size: medium\">Los l\u00edderes locales destacan la importancia del estadio para el balonmano, el deporte en general y la vida cultural. La alcaldesa Vicky Holst Rasmussen agradeci\u00f3 a los donantes privados por hacerlo posible, mientras que la presidenta de H\u00d8J Elite, Helle Rasmussen, lo calific\u00f3 de crucial para los principales eventos de balonmano y comunitarios en Egedal.<\/span><\/span><\/span><\/p>\n<p><em><span style=\"color: #666666\"><span style=\"font-family: Arial, sans-serif\"><span style=\"font-size: medium\">Seguirnos en twitter: <\/span><\/span><\/span><\/em><span style=\"color: #000080\"><span><u><a href=\"#!\/deroscacope\"><span style=\"font-family: Arial, sans-serif\"><span style=\"font-size: medium\">https:\/\/twitter.com\/#!\/deroscacope<\/span><\/span><\/a><\/u><\/span><\/span><\/p>\n","protected":false},"excerpt":{"rendered":"<p>El nuevo estadio multiusos del Complejo Deportivo \u00d8lstykke est\u00e1 cada vez m\u00e1s cerca de hacerse realidad gracias a la licitaci\u00f3n del proyecto por parte del municipio de Egedal. El municipio ha conseguido una donaci\u00f3n privada de aproximadamente 6,7 millones de euros (50 millones de coronas danesas) para el proyecto. Se estima que el coste total [&hellip;]<\/p>\n","protected":false},"author":23,"featured_media":4719,"comment_status":"open","ping_status":"open","sticky":false,"template":"","format":"standard","meta":{"footnotes":""},"categories":[3],"tags":[],"class_list":["post-4718","post","type-post","status-publish","format-standard","has-post-thumbnail","hentry","category-balonmano"],"yoast_head":"<!-- This site is optimized with the Yoast SEO plugin v27.4 - https:\/\/yoast.com\/product\/yoast-seo-wordpress\/ -->\n<title>El conjunto dan\u00e9s del Hoj Elite tendr\u00e1 un multiestadio en Egedal de 15 millones de euros - Derosca<\/title>\n<meta name=\"robots\" content=\"index, follow, max-snippet:-1, max-image-preview:large, max-video-preview:-1\" \/>\n<link rel=\"canonical\" href=\"https:\/\/www.cope.es\/blogs\/derosca\/2025\/10\/21\/el-conjunto-danes-del-hoj-elite-tendra-un-multiestadio-en-egedal-de-15-millones-de-euros\/\" \/>\n<meta property=\"og:locale\" content=\"es_ES\" \/>\n<meta property=\"og:type\" content=\"article\" \/>\n<meta property=\"og:title\" content=\"El conjunto dan\u00e9s del Hoj Elite tendr\u00e1 un multiestadio en Egedal de 15 millones de euros - Derosca\" \/>\n<meta property=\"og:description\" content=\"El nuevo estadio multiusos del Complejo Deportivo \u00d8lstykke est\u00e1 cada vez m\u00e1s cerca de hacerse realidad gracias a la licitaci\u00f3n del proyecto por parte del municipio de Egedal. El municipio ha conseguido una donaci\u00f3n privada de aproximadamente 6,7 millones de euros (50 millones de coronas danesas) para el proyecto. Se estima que el coste total [&hellip;]\" \/>\n<meta property=\"og:url\" content=\"https:\/\/www.cope.es\/blogs\/derosca\/2025\/10\/21\/el-conjunto-danes-del-hoj-elite-tendra-un-multiestadio-en-egedal-de-15-millones-de-euros\/\" \/>\n<meta property=\"og:site_name\" content=\"Derosca\" \/>\n<meta property=\"article:publisher\" content=\"https:\/\/www.facebook.com\/cope\/\" \/>\n<meta property=\"article:published_time\" content=\"2025-10-21T07:24:54+00:00\" \/>\n<meta property=\"og:image\" content=\"http:\/\/www.cope.es\/blogs\/derosca\/wp-content\/uploads\/sites\/22\/2025\/10\/D4_0695-1-scaled-1.jpg\" \/>\n\t<meta property=\"og:image:width\" content=\"680\" \/>\n\t<meta property=\"og:image:height\" content=\"453\" \/>\n\t<meta property=\"og:image:type\" content=\"image\/jpeg\" \/>\n<meta name=\"author\" content=\"Luis Malvar\" \/>\n<meta name=\"twitter:card\" content=\"summary_large_image\" \/>\n<meta name=\"twitter:creator\" content=\"@cope_es\" \/>\n<meta name=\"twitter:site\" content=\"@cope_es\" \/>\n<meta name=\"twitter:label1\" content=\"Escrito por\" \/>\n\t<meta name=\"twitter:data1\" content=\"Luis Malvar\" \/>\n\t<meta name=\"twitter:label2\" content=\"Tiempo de lectura\" \/>\n\t<meta name=\"twitter:data2\" content=\"2 minutos\" \/>\n<script type=\"application\/ld+json\" class=\"yoast-schema-graph\">{\"@context\":\"https:\\\/\\\/schema.org\",\"@graph\":[{\"@type\":\"Article\",\"@id\":\"https:\\\/\\\/www.cope.es\\\/blogs\\\/derosca\\\/2025\\\/10\\\/21\\\/el-conjunto-danes-del-hoj-elite-tendra-un-multiestadio-en-egedal-de-15-millones-de-euros\\\/#article\",\"isPartOf\":{\"@id\":\"https:\\\/\\\/www.cope.es\\\/blogs\\\/derosca\\\/2025\\\/10\\\/21\\\/el-conjunto-danes-del-hoj-elite-tendra-un-multiestadio-en-egedal-de-15-millones-de-euros\\\/\"},\"author\":{\"name\":\"Luis Malvar\",\"@id\":\"https:\\\/\\\/www.cope.es\\\/blogs\\\/derosca\\\/#\\\/schema\\\/person\\\/02d6fa6fa8d8db60f83303875a4ff77f\"},\"headline\":\"El conjunto dan\u00e9s del Hoj Elite tendr\u00e1 un multiestadio en Egedal de 15 millones de euros\",\"datePublished\":\"2025-10-21T07:24:54+00:00\",\"mainEntityOfPage\":{\"@id\":\"https:\\\/\\\/www.cope.es\\\/blogs\\\/derosca\\\/2025\\\/10\\\/21\\\/el-conjunto-danes-del-hoj-elite-tendra-un-multiestadio-en-egedal-de-15-millones-de-euros\\\/\"},\"wordCount\":260,\"commentCount\":0,\"image\":{\"@id\":\"https:\\\/\\\/www.cope.es\\\/blogs\\\/derosca\\\/2025\\\/10\\\/21\\\/el-conjunto-danes-del-hoj-elite-tendra-un-multiestadio-en-egedal-de-15-millones-de-euros\\\/#primaryimage\"},\"thumbnailUrl\":\"https:\\\/\\\/www.cope.es\\\/blogs\\\/derosca\\\/wp-content\\\/uploads\\\/sites\\\/22\\\/2025\\\/10\\\/D4_0695-1-scaled-1.jpg\",\"articleSection\":[\"Balonmano\"],\"inLanguage\":\"es\",\"potentialAction\":[{\"@type\":\"CommentAction\",\"name\":\"Comment\",\"target\":[\"https:\\\/\\\/www.cope.es\\\/blogs\\\/derosca\\\/2025\\\/10\\\/21\\\/el-conjunto-danes-del-hoj-elite-tendra-un-multiestadio-en-egedal-de-15-millones-de-euros\\\/#respond\"]}]},{\"@type\":\"WebPage\",\"@id\":\"https:\\\/\\\/www.cope.es\\\/blogs\\\/derosca\\\/2025\\\/10\\\/21\\\/el-conjunto-danes-del-hoj-elite-tendra-un-multiestadio-en-egedal-de-15-millones-de-euros\\\/\",\"url\":\"https:\\\/\\\/www.cope.es\\\/blogs\\\/derosca\\\/2025\\\/10\\\/21\\\/el-conjunto-danes-del-hoj-elite-tendra-un-multiestadio-en-egedal-de-15-millones-de-euros\\\/\",\"name\":\"El conjunto dan\u00e9s del Hoj Elite tendr\u00e1 un multiestadio en Egedal de 15 millones de euros - Derosca\",\"isPartOf\":{\"@id\":\"https:\\\/\\\/www.cope.es\\\/blogs\\\/derosca\\\/#website\"},\"primaryImageOfPage\":{\"@id\":\"https:\\\/\\\/www.cope.es\\\/blogs\\\/derosca\\\/2025\\\/10\\\/21\\\/el-conjunto-danes-del-hoj-elite-tendra-un-multiestadio-en-egedal-de-15-millones-de-euros\\\/#primaryimage\"},\"image\":{\"@id\":\"https:\\\/\\\/www.cope.es\\\/blogs\\\/derosca\\\/2025\\\/10\\\/21\\\/el-conjunto-danes-del-hoj-elite-tendra-un-multiestadio-en-egedal-de-15-millones-de-euros\\\/#primaryimage\"},\"thumbnailUrl\":\"https:\\\/\\\/www.cope.es\\\/blogs\\\/derosca\\\/wp-content\\\/uploads\\\/sites\\\/22\\\/2025\\\/10\\\/D4_0695-1-scaled-1.jpg\",\"datePublished\":\"2025-10-21T07:24:54+00:00\",\"author\":{\"@id\":\"https:\\\/\\\/www.cope.es\\\/blogs\\\/derosca\\\/#\\\/schema\\\/person\\\/02d6fa6fa8d8db60f83303875a4ff77f\"},\"breadcrumb\":{\"@id\":\"https:\\\/\\\/www.cope.es\\\/blogs\\\/derosca\\\/2025\\\/10\\\/21\\\/el-conjunto-danes-del-hoj-elite-tendra-un-multiestadio-en-egedal-de-15-millones-de-euros\\\/#breadcrumb\"},\"inLanguage\":\"es\",\"potentialAction\":[{\"@type\":\"ReadAction\",\"target\":[\"https:\\\/\\\/www.cope.es\\\/blogs\\\/derosca\\\/2025\\\/10\\\/21\\\/el-conjunto-danes-del-hoj-elite-tendra-un-multiestadio-en-egedal-de-15-millones-de-euros\\\/\"]}]},{\"@type\":\"ImageObject\",\"inLanguage\":\"es\",\"@id\":\"https:\\\/\\\/www.cope.es\\\/blogs\\\/derosca\\\/2025\\\/10\\\/21\\\/el-conjunto-danes-del-hoj-elite-tendra-un-multiestadio-en-egedal-de-15-millones-de-euros\\\/#primaryimage\",\"url\":\"https:\\\/\\\/www.cope.es\\\/blogs\\\/derosca\\\/wp-content\\\/uploads\\\/sites\\\/22\\\/2025\\\/10\\\/D4_0695-1-scaled-1.jpg\",\"contentUrl\":\"https:\\\/\\\/www.cope.es\\\/blogs\\\/derosca\\\/wp-content\\\/uploads\\\/sites\\\/22\\\/2025\\\/10\\\/D4_0695-1-scaled-1.jpg\",\"width\":680,\"height\":453,\"caption\":\"El conjunto dan\u00e9s del Hoj Elite tendr\u00e1 un multiestadio en Egedal de 15 millones de euros\"},{\"@type\":\"BreadcrumbList\",\"@id\":\"https:\\\/\\\/www.cope.es\\\/blogs\\\/derosca\\\/2025\\\/10\\\/21\\\/el-conjunto-danes-del-hoj-elite-tendra-un-multiestadio-en-egedal-de-15-millones-de-euros\\\/#breadcrumb\",\"itemListElement\":[{\"@type\":\"ListItem\",\"position\":1,\"name\":\"Portada\",\"item\":\"https:\\\/\\\/www.cope.es\\\/blogs\\\/derosca\\\/\"},{\"@type\":\"ListItem\",\"position\":2,\"name\":\"El conjunto dan\u00e9s del Hoj Elite tendr\u00e1 un multiestadio en Egedal de 15 millones de euros\"}]},{\"@type\":\"WebSite\",\"@id\":\"https:\\\/\\\/www.cope.es\\\/blogs\\\/derosca\\\/#website\",\"url\":\"https:\\\/\\\/www.cope.es\\\/blogs\\\/derosca\\\/\",\"name\":\"Derosca\",\"description\":\"Blog de balonmano COPE\",\"potentialAction\":[{\"@type\":\"SearchAction\",\"target\":{\"@type\":\"EntryPoint\",\"urlTemplate\":\"https:\\\/\\\/www.cope.es\\\/blogs\\\/derosca\\\/?s={search_term_string}\"},\"query-input\":{\"@type\":\"PropertyValueSpecification\",\"valueRequired\":true,\"valueName\":\"search_term_string\"}}],\"inLanguage\":\"es\"},{\"@type\":\"Person\",\"@id\":\"https:\\\/\\\/www.cope.es\\\/blogs\\\/derosca\\\/#\\\/schema\\\/person\\\/02d6fa6fa8d8db60f83303875a4ff77f\",\"name\":\"Luis Malvar\",\"image\":{\"@type\":\"ImageObject\",\"inLanguage\":\"es\",\"@id\":\"https:\\\/\\\/secure.gravatar.com\\\/avatar\\\/23cd47dec2904689b3ccd32d1dd3e86c7cbf60dcf7376c68854f761a4939534f?s=96&d=mm&r=g\",\"url\":\"https:\\\/\\\/secure.gravatar.com\\\/avatar\\\/23cd47dec2904689b3ccd32d1dd3e86c7cbf60dcf7376c68854f761a4939534f?s=96&d=mm&r=g\",\"contentUrl\":\"https:\\\/\\\/secure.gravatar.com\\\/avatar\\\/23cd47dec2904689b3ccd32d1dd3e86c7cbf60dcf7376c68854f761a4939534f?s=96&d=mm&r=g\",\"caption\":\"Luis Malvar\"},\"description\":\"Comenc\u00e9 la andadura del Blog Derosca all\u00e1 por el 22 de Mayo de 2008. Un blog en el que se trata de llevar a los numerosos aficionados y amantes del mundo del balonmano toda la actualidad de nuestro apasionante deporte. Una ventana que sirve para dar luz a las innumerables noticias que genera el balonmano y que habitualmente no tienen reflejo en los medios de comunicaci\u00f3n. Sin lugar a dudas el Blog Derosca cuenta con un apartado que tiene a gala contar con miles de seguidores como es \u201cMis Pajaritos\u201d en donde se relatan y narran todas las intrahistorias que se generan en el balonmano espa\u00f1ol y que incomoda a m\u00e1s de uno que salgan a la luz.!Gracias por seguirnos durante todos estos a\u00f1os\u00a1\",\"sameAs\":[\"http:\\\/\\\/www.cope.es\",\"lmalvar\"],\"url\":\"https:\\\/\\\/www.cope.es\\\/blogs\\\/derosca\\\/author\\\/lmalvar\\\/\"}]}<\/script>\n<!-- \/ Yoast SEO plugin. -->","yoast_head_json":{"title":"El conjunto dan\u00e9s del Hoj Elite tendr\u00e1 un multiestadio en Egedal de 15 millones de euros - Derosca","robots":{"index":"index","follow":"follow","max-snippet":"max-snippet:-1","max-image-preview":"max-image-preview:large","max-video-preview":"max-video-preview:-1"},"canonical":"https:\/\/www.cope.es\/blogs\/derosca\/2025\/10\/21\/el-conjunto-danes-del-hoj-elite-tendra-un-multiestadio-en-egedal-de-15-millones-de-euros\/","og_locale":"es_ES","og_type":"article","og_title":"El conjunto dan\u00e9s del Hoj Elite tendr\u00e1 un multiestadio en Egedal de 15 millones de euros - Derosca","og_description":"El nuevo estadio multiusos del Complejo Deportivo \u00d8lstykke est\u00e1 cada vez m\u00e1s cerca de hacerse realidad gracias a la licitaci\u00f3n del proyecto por parte del municipio de Egedal. El municipio ha conseguido una donaci\u00f3n privada de aproximadamente 6,7 millones de euros (50 millones de coronas danesas) para el proyecto. Se estima que el coste total [&hellip;]","og_url":"https:\/\/www.cope.es\/blogs\/derosca\/2025\/10\/21\/el-conjunto-danes-del-hoj-elite-tendra-un-multiestadio-en-egedal-de-15-millones-de-euros\/","og_site_name":"Derosca","article_publisher":"https:\/\/www.facebook.com\/cope\/","article_published_time":"2025-10-21T07:24:54+00:00","og_image":[{"width":680,"height":453,"url":"http:\/\/www.cope.es\/blogs\/derosca\/wp-content\/uploads\/sites\/22\/2025\/10\/D4_0695-1-scaled-1.jpg","type":"image\/jpeg"}],"author":"Luis Malvar","twitter_card":"summary_large_image","twitter_creator":"@cope_es","twitter_site":"@cope_es","twitter_misc":{"Escrito por":"Luis Malvar","Tiempo de lectura":"2 minutos"},"schema":{"@context":"https:\/\/schema.org","@graph":[{"@type":"Article","@id":"https:\/\/www.cope.es\/blogs\/derosca\/2025\/10\/21\/el-conjunto-danes-del-hoj-elite-tendra-un-multiestadio-en-egedal-de-15-millones-de-euros\/#article","isPartOf":{"@id":"https:\/\/www.cope.es\/blogs\/derosca\/2025\/10\/21\/el-conjunto-danes-del-hoj-elite-tendra-un-multiestadio-en-egedal-de-15-millones-de-euros\/"},"author":{"name":"Luis Malvar","@id":"https:\/\/www.cope.es\/blogs\/derosca\/#\/schema\/person\/02d6fa6fa8d8db60f83303875a4ff77f"},"headline":"El conjunto dan\u00e9s del Hoj Elite tendr\u00e1 un multiestadio en Egedal de 15 millones de euros","datePublished":"2025-10-21T07:24:54+00:00","mainEntityOfPage":{"@id":"https:\/\/www.cope.es\/blogs\/derosca\/2025\/10\/21\/el-conjunto-danes-del-hoj-elite-tendra-un-multiestadio-en-egedal-de-15-millones-de-euros\/"},"wordCount":260,"commentCount":0,"image":{"@id":"https:\/\/www.cope.es\/blogs\/derosca\/2025\/10\/21\/el-conjunto-danes-del-hoj-elite-tendra-un-multiestadio-en-egedal-de-15-millones-de-euros\/#primaryimage"},"thumbnailUrl":"https:\/\/www.cope.es\/blogs\/derosca\/wp-content\/uploads\/sites\/22\/2025\/10\/D4_0695-1-scaled-1.jpg","articleSection":["Balonmano"],"inLanguage":"es","potentialAction":[{"@type":"CommentAction","name":"Comment","target":["https:\/\/www.cope.es\/blogs\/derosca\/2025\/10\/21\/el-conjunto-danes-del-hoj-elite-tendra-un-multiestadio-en-egedal-de-15-millones-de-euros\/#respond"]}]},{"@type":"WebPage","@id":"https:\/\/www.cope.es\/blogs\/derosca\/2025\/10\/21\/el-conjunto-danes-del-hoj-elite-tendra-un-multiestadio-en-egedal-de-15-millones-de-euros\/","url":"https:\/\/www.cope.es\/blogs\/derosca\/2025\/10\/21\/el-conjunto-danes-del-hoj-elite-tendra-un-multiestadio-en-egedal-de-15-millones-de-euros\/","name":"El conjunto dan\u00e9s del Hoj Elite tendr\u00e1 un multiestadio en Egedal de 15 millones de euros - Derosca","isPartOf":{"@id":"https:\/\/www.cope.es\/blogs\/derosca\/#website"},"primaryImageOfPage":{"@id":"https:\/\/www.cope.es\/blogs\/derosca\/2025\/10\/21\/el-conjunto-danes-del-hoj-elite-tendra-un-multiestadio-en-egedal-de-15-millones-de-euros\/#primaryimage"},"image":{"@id":"https:\/\/www.cope.es\/blogs\/derosca\/2025\/10\/21\/el-conjunto-danes-del-hoj-elite-tendra-un-multiestadio-en-egedal-de-15-millones-de-euros\/#primaryimage"},"thumbnailUrl":"https:\/\/www.cope.es\/blogs\/derosca\/wp-content\/uploads\/sites\/22\/2025\/10\/D4_0695-1-scaled-1.jpg","datePublished":"2025-10-21T07:24:54+00:00","author":{"@id":"https:\/\/www.cope.es\/blogs\/derosca\/#\/schema\/person\/02d6fa6fa8d8db60f83303875a4ff77f"},"breadcrumb":{"@id":"https:\/\/www.cope.es\/blogs\/derosca\/2025\/10\/21\/el-conjunto-danes-del-hoj-elite-tendra-un-multiestadio-en-egedal-de-15-millones-de-euros\/#breadcrumb"},"inLanguage":"es","potentialAction":[{"@type":"ReadAction","target":["https:\/\/www.cope.es\/blogs\/derosca\/2025\/10\/21\/el-conjunto-danes-del-hoj-elite-tendra-un-multiestadio-en-egedal-de-15-millones-de-euros\/"]}]},{"@type":"ImageObject","inLanguage":"es","@id":"https:\/\/www.cope.es\/blogs\/derosca\/2025\/10\/21\/el-conjunto-danes-del-hoj-elite-tendra-un-multiestadio-en-egedal-de-15-millones-de-euros\/#primaryimage","url":"https:\/\/www.cope.es\/blogs\/derosca\/wp-content\/uploads\/sites\/22\/2025\/10\/D4_0695-1-scaled-1.jpg","contentUrl":"https:\/\/www.cope.es\/blogs\/derosca\/wp-content\/uploads\/sites\/22\/2025\/10\/D4_0695-1-scaled-1.jpg","width":680,"height":453,"caption":"El conjunto dan\u00e9s del Hoj Elite tendr\u00e1 un multiestadio en Egedal de 15 millones de euros"},{"@type":"BreadcrumbList","@id":"https:\/\/www.cope.es\/blogs\/derosca\/2025\/10\/21\/el-conjunto-danes-del-hoj-elite-tendra-un-multiestadio-en-egedal-de-15-millones-de-euros\/#breadcrumb","itemListElement":[{"@type":"ListItem","position":1,"name":"Portada","item":"https:\/\/www.cope.es\/blogs\/derosca\/"},{"@type":"ListItem","position":2,"name":"El conjunto dan\u00e9s del Hoj Elite tendr\u00e1 un multiestadio en Egedal de 15 millones de euros"}]},{"@type":"WebSite","@id":"https:\/\/www.cope.es\/blogs\/derosca\/#website","url":"https:\/\/www.cope.es\/blogs\/derosca\/","name":"Derosca","description":"Blog de balonmano COPE","potentialAction":[{"@type":"SearchAction","target":{"@type":"EntryPoint","urlTemplate":"https:\/\/www.cope.es\/blogs\/derosca\/?s={search_term_string}"},"query-input":{"@type":"PropertyValueSpecification","valueRequired":true,"valueName":"search_term_string"}}],"inLanguage":"es"},{"@type":"Person","@id":"https:\/\/www.cope.es\/blogs\/derosca\/#\/schema\/person\/02d6fa6fa8d8db60f83303875a4ff77f","name":"Luis Malvar","image":{"@type":"ImageObject","inLanguage":"es","@id":"https:\/\/secure.gravatar.com\/avatar\/23cd47dec2904689b3ccd32d1dd3e86c7cbf60dcf7376c68854f761a4939534f?s=96&d=mm&r=g","url":"https:\/\/secure.gravatar.com\/avatar\/23cd47dec2904689b3ccd32d1dd3e86c7cbf60dcf7376c68854f761a4939534f?s=96&d=mm&r=g","contentUrl":"https:\/\/secure.gravatar.com\/avatar\/23cd47dec2904689b3ccd32d1dd3e86c7cbf60dcf7376c68854f761a4939534f?s=96&d=mm&r=g","caption":"Luis Malvar"},"description":"Comenc\u00e9 la andadura del Blog Derosca all\u00e1 por el 22 de Mayo de 2008. Un blog en el que se trata de llevar a los numerosos aficionados y amantes del mundo del balonmano toda la actualidad de nuestro apasionante deporte. Una ventana que sirve para dar luz a las innumerables noticias que genera el balonmano y que habitualmente no tienen reflejo en los medios de comunicaci\u00f3n. Sin lugar a dudas el Blog Derosca cuenta con un apartado que tiene a gala contar con miles de seguidores como es \u201cMis Pajaritos\u201d en donde se relatan y narran todas las intrahistorias que se generan en el balonmano espa\u00f1ol y que incomoda a m\u00e1s de uno que salgan a la luz.!Gracias por seguirnos durante todos estos a\u00f1os\u00a1","sameAs":["http:\/\/www.cope.es","lmalvar"],"url":"https:\/\/www.cope.es\/blogs\/derosca\/author\/lmalvar\/"}]}},"amp_enabled":true,"_links":{"self":[{"href":"https:\/\/www.cope.es\/blogs\/derosca\/wp-json\/wp\/v2\/posts\/4718","targetHints":{"allow":["GET"]}}],"collection":[{"href":"https:\/\/www.cope.es\/blogs\/derosca\/wp-json\/wp\/v2\/posts"}],"about":[{"href":"https:\/\/www.cope.es\/blogs\/derosca\/wp-json\/wp\/v2\/types\/post"}],"author":[{"embeddable":true,"href":"https:\/\/www.cope.es\/blogs\/derosca\/wp-json\/wp\/v2\/users\/23"}],"replies":[{"embeddable":true,"href":"https:\/\/www.cope.es\/blogs\/derosca\/wp-json\/wp\/v2\/comments?post=4718"}],"version-history":[{"count":1,"href":"https:\/\/www.cope.es\/blogs\/derosca\/wp-json\/wp\/v2\/posts\/4718\/revisions"}],"predecessor-version":[{"id":4720,"href":"https:\/\/www.cope.es\/blogs\/derosca\/wp-json\/wp\/v2\/posts\/4718\/revisions\/4720"}],"wp:featuredmedia":[{"embeddable":true,"href":"https:\/\/www.cope.es\/blogs\/derosca\/wp-json\/wp\/v2\/media\/4719"}],"wp:attachment":[{"href":"https:\/\/www.cope.es\/blogs\/derosca\/wp-json\/wp\/v2\/media?parent=4718"}],"wp:term":[{"taxonomy":"category","embeddable":true,"href":"https:\/\/www.cope.es\/blogs\/derosca\/wp-json\/wp\/v2\/categories?post=4718"},{"taxonomy":"post_tag","embeddable":true,"href":"https:\/\/www.cope.es\/blogs\/derosca\/wp-json\/wp\/v2\/tags?post=4718"}],"curies":[{"name":"wp","href":"https:\/\/api.w.org\/{rel}","templated":true}]}}