{"id":4715,"date":"2025-10-20T09:16:33","date_gmt":"2025-10-20T07:16:33","guid":{"rendered":"https:\/\/www.cope.es\/blogs\/derosca\/?p=4715"},"modified":"2025-10-20T09:16:33","modified_gmt":"2025-10-20T07:16:33","slug":"en-medio-de-un-partido-de-proliga-en-besancon-francia-nace-un-nino","status":"publish","type":"post","link":"https:\/\/www.cope.es\/blogs\/derosca\/2025\/10\/20\/en-medio-de-un-partido-de-proliga-en-besancon-francia-nace-un-nino\/","title":{"rendered":"En medio de un partido de Proliga en Besan\u00e7on (Francia) nace un ni\u00f1o"},"content":{"rendered":"<p><span style=\"color: #0a1c4e\"><span style=\"font-family: Arial, sans-serif\"><span style=\"font-size: medium\">El pasado Viernes, 12 Septiembre, por la noche, durante la segunda jornada de la Proligue, el Palacio de Deportes de Besan\u00e7on fue escenario de un suceso bastante inusual. Durante el partido entre el Grand Besan\u00e7on Doubs Handball (GBDH) y el Pontault-Combault, una espectadora embarazada de 37 semanas se puso de parto&#8230; \u00a1en plena grada! Salt\u00f3 la gran an\u00e9cdota.<\/span><\/span><\/span><\/p>\n<p><span style=\"color: #0a1c4e\"><span style=\"font-family: Arial, sans-serif\"><span style=\"font-size: medium\">Los servicios de seguridad y emergencias se movilizaron r\u00e1pidamente: los bomberos, el m\u00e9dico del partido e incluso una matrona entre los espectadores atendieron a la futura madre. Se pidi\u00f3 a los espectadores de la tribuna sur que permanecieran en sus asientos, mientras que la joven fue trasladada tras para recibir la atenci\u00f3n necesaria, seg\u00fan public\u00f3 el medio de comunicaci\u00f3n galo, el Est Republicain en sus p\u00e1ginas.<\/span><\/span><\/span><\/p>\n<p><span style=\"color: #0a1c4e\"><span style=\"font-family: Arial, sans-serif\"><span style=\"font-size: medium\">Esta improbable situaci\u00f3n aport\u00f3 un toque de emoci\u00f3n al partido, marcado deportivamente. Los jugadores, mientras continuaban su partido, no ocultaron su asombro ante este inesperado suceso. El club quiso tranquilizar a la afici\u00f3n y anunci\u00f3 que les esperaba una sorpresa a los felices padres, sin revelar m\u00e1s. Las redes sociales se encendieron r\u00e1pidamente, elogiando la organizaci\u00f3n y la tranquilidad de los participantes, pero tambi\u00e9n la extraordinaria coincidencia, ver nacer una nueva vida mientras el balonmano estaba en pleno apogeo.<\/span><\/span><\/span><\/p>\n<p><span style=\"color: #0a1c4e\"><span style=\"font-family: Arial, sans-serif\"><span style=\"font-size: medium\">Al final, ese Viernes de Septiembre quedar\u00e1 grabado en la memoria del Palacio de Deportes y del <\/span><\/span><\/span><span style=\"color: #0a1c4e\"><span style=\"font-family: Arial, sans-serif\"><span style=\"font-size: medium\">Grand Besan\u00e7on Doubs Handball<\/span><\/span><\/span><span style=\"color: #0a1c4e\"><span style=\"font-family: Arial, sans-serif\"><span style=\"font-size: medium\">, que no olvidar\u00e1 que el balonmano puede hecre femices a muchas personas.<\/span><\/span><\/span><\/p>\n<p><em><span style=\"color: #666666\"><span style=\"font-family: Arial, sans-serif\"><span style=\"font-size: medium\">Seguirnos en twitter: <\/span><\/span><\/span><\/em><span style=\"color: #000080\"><span><u><a href=\"#!\/deroscacope\"><span style=\"font-family: Arial, sans-serif\"><span style=\"font-size: medium\">https:\/\/twitter.com\/#!\/deroscacope<\/span><\/span><\/a><\/u><\/span><\/span><\/p>\n","protected":false},"excerpt":{"rendered":"<p>El pasado Viernes, 12 Septiembre, por la noche, durante la segunda jornada de la Proligue, el Palacio de Deportes de Besan\u00e7on fue escenario de un suceso bastante inusual. Durante el partido entre el Grand Besan\u00e7on Doubs Handball (GBDH) y el Pontault-Combault, una espectadora embarazada de 37 semanas se puso de parto&#8230; \u00a1en plena grada! Salt\u00f3 [&hellip;]<\/p>\n","protected":false},"author":23,"featured_media":4716,"comment_status":"open","ping_status":"open","sticky":false,"template":"","format":"standard","meta":{"footnotes":""},"categories":[3],"tags":[],"class_list":["post-4715","post","type-post","status-publish","format-standard","has-post-thumbnail","hentry","category-balonmano"],"yoast_head":"<!-- This site is optimized with the Yoast SEO plugin v27.4 - https:\/\/yoast.com\/product\/yoast-seo-wordpress\/ -->\n<title>En medio de un partido de Proliga en Besan\u00e7on (Francia) nace un ni\u00f1o - Derosca<\/title>\n<meta name=\"robots\" content=\"index, follow, max-snippet:-1, max-image-preview:large, max-video-preview:-1\" \/>\n<link rel=\"canonical\" href=\"https:\/\/www.cope.es\/blogs\/derosca\/2025\/10\/20\/en-medio-de-un-partido-de-proliga-en-besancon-francia-nace-un-nino\/\" \/>\n<meta property=\"og:locale\" content=\"es_ES\" \/>\n<meta property=\"og:type\" content=\"article\" \/>\n<meta property=\"og:title\" content=\"En medio de un partido de Proliga en Besan\u00e7on (Francia) nace un ni\u00f1o - Derosca\" \/>\n<meta property=\"og:description\" content=\"El pasado Viernes, 12 Septiembre, por la noche, durante la segunda jornada de la Proligue, el Palacio de Deportes de Besan\u00e7on fue escenario de un suceso bastante inusual. Durante el partido entre el Grand Besan\u00e7on Doubs Handball (GBDH) y el Pontault-Combault, una espectadora embarazada de 37 semanas se puso de parto&#8230; \u00a1en plena grada! Salt\u00f3 [&hellip;]\" \/>\n<meta property=\"og:url\" content=\"https:\/\/www.cope.es\/blogs\/derosca\/2025\/10\/20\/en-medio-de-un-partido-de-proliga-en-besancon-francia-nace-un-nino\/\" \/>\n<meta property=\"og:site_name\" content=\"Derosca\" \/>\n<meta property=\"article:publisher\" content=\"https:\/\/www.facebook.com\/cope\/\" \/>\n<meta property=\"article:published_time\" content=\"2025-10-20T07:16:33+00:00\" \/>\n<meta property=\"og:image\" content=\"http:\/\/www.cope.es\/blogs\/derosca\/wp-content\/uploads\/sites\/22\/2025\/10\/Arena_zagreb_indoor-1.jpg\" \/>\n\t<meta property=\"og:image:width\" content=\"680\" \/>\n\t<meta property=\"og:image:height\" content=\"400\" \/>\n\t<meta property=\"og:image:type\" content=\"image\/jpeg\" \/>\n<meta name=\"author\" content=\"Luis Malvar\" \/>\n<meta name=\"twitter:card\" content=\"summary_large_image\" \/>\n<meta name=\"twitter:creator\" content=\"@cope_es\" \/>\n<meta name=\"twitter:site\" content=\"@cope_es\" \/>\n<meta name=\"twitter:label1\" content=\"Escrito por\" \/>\n\t<meta name=\"twitter:data1\" content=\"Luis Malvar\" \/>\n\t<meta name=\"twitter:label2\" content=\"Tiempo de lectura\" \/>\n\t<meta name=\"twitter:data2\" content=\"2 minutos\" \/>\n<script type=\"application\/ld+json\" class=\"yoast-schema-graph\">{\"@context\":\"https:\\\/\\\/schema.org\",\"@graph\":[{\"@type\":\"Article\",\"@id\":\"https:\\\/\\\/www.cope.es\\\/blogs\\\/derosca\\\/2025\\\/10\\\/20\\\/en-medio-de-un-partido-de-proliga-en-besancon-francia-nace-un-nino\\\/#article\",\"isPartOf\":{\"@id\":\"https:\\\/\\\/www.cope.es\\\/blogs\\\/derosca\\\/2025\\\/10\\\/20\\\/en-medio-de-un-partido-de-proliga-en-besancon-francia-nace-un-nino\\\/\"},\"author\":{\"name\":\"Luis Malvar\",\"@id\":\"https:\\\/\\\/www.cope.es\\\/blogs\\\/derosca\\\/#\\\/schema\\\/person\\\/02d6fa6fa8d8db60f83303875a4ff77f\"},\"headline\":\"En medio de un partido de Proliga en Besan\u00e7on (Francia) nace un ni\u00f1o\",\"datePublished\":\"2025-10-20T07:16:33+00:00\",\"mainEntityOfPage\":{\"@id\":\"https:\\\/\\\/www.cope.es\\\/blogs\\\/derosca\\\/2025\\\/10\\\/20\\\/en-medio-de-un-partido-de-proliga-en-besancon-francia-nace-un-nino\\\/\"},\"wordCount\":273,\"commentCount\":0,\"image\":{\"@id\":\"https:\\\/\\\/www.cope.es\\\/blogs\\\/derosca\\\/2025\\\/10\\\/20\\\/en-medio-de-un-partido-de-proliga-en-besancon-francia-nace-un-nino\\\/#primaryimage\"},\"thumbnailUrl\":\"https:\\\/\\\/www.cope.es\\\/blogs\\\/derosca\\\/wp-content\\\/uploads\\\/sites\\\/22\\\/2025\\\/10\\\/Arena_zagreb_indoor-1.jpg\",\"articleSection\":[\"Balonmano\"],\"inLanguage\":\"es\",\"potentialAction\":[{\"@type\":\"CommentAction\",\"name\":\"Comment\",\"target\":[\"https:\\\/\\\/www.cope.es\\\/blogs\\\/derosca\\\/2025\\\/10\\\/20\\\/en-medio-de-un-partido-de-proliga-en-besancon-francia-nace-un-nino\\\/#respond\"]}]},{\"@type\":\"WebPage\",\"@id\":\"https:\\\/\\\/www.cope.es\\\/blogs\\\/derosca\\\/2025\\\/10\\\/20\\\/en-medio-de-un-partido-de-proliga-en-besancon-francia-nace-un-nino\\\/\",\"url\":\"https:\\\/\\\/www.cope.es\\\/blogs\\\/derosca\\\/2025\\\/10\\\/20\\\/en-medio-de-un-partido-de-proliga-en-besancon-francia-nace-un-nino\\\/\",\"name\":\"En medio de un partido de Proliga en Besan\u00e7on (Francia) nace un ni\u00f1o - Derosca\",\"isPartOf\":{\"@id\":\"https:\\\/\\\/www.cope.es\\\/blogs\\\/derosca\\\/#website\"},\"primaryImageOfPage\":{\"@id\":\"https:\\\/\\\/www.cope.es\\\/blogs\\\/derosca\\\/2025\\\/10\\\/20\\\/en-medio-de-un-partido-de-proliga-en-besancon-francia-nace-un-nino\\\/#primaryimage\"},\"image\":{\"@id\":\"https:\\\/\\\/www.cope.es\\\/blogs\\\/derosca\\\/2025\\\/10\\\/20\\\/en-medio-de-un-partido-de-proliga-en-besancon-francia-nace-un-nino\\\/#primaryimage\"},\"thumbnailUrl\":\"https:\\\/\\\/www.cope.es\\\/blogs\\\/derosca\\\/wp-content\\\/uploads\\\/sites\\\/22\\\/2025\\\/10\\\/Arena_zagreb_indoor-1.jpg\",\"datePublished\":\"2025-10-20T07:16:33+00:00\",\"author\":{\"@id\":\"https:\\\/\\\/www.cope.es\\\/blogs\\\/derosca\\\/#\\\/schema\\\/person\\\/02d6fa6fa8d8db60f83303875a4ff77f\"},\"breadcrumb\":{\"@id\":\"https:\\\/\\\/www.cope.es\\\/blogs\\\/derosca\\\/2025\\\/10\\\/20\\\/en-medio-de-un-partido-de-proliga-en-besancon-francia-nace-un-nino\\\/#breadcrumb\"},\"inLanguage\":\"es\",\"potentialAction\":[{\"@type\":\"ReadAction\",\"target\":[\"https:\\\/\\\/www.cope.es\\\/blogs\\\/derosca\\\/2025\\\/10\\\/20\\\/en-medio-de-un-partido-de-proliga-en-besancon-francia-nace-un-nino\\\/\"]}]},{\"@type\":\"ImageObject\",\"inLanguage\":\"es\",\"@id\":\"https:\\\/\\\/www.cope.es\\\/blogs\\\/derosca\\\/2025\\\/10\\\/20\\\/en-medio-de-un-partido-de-proliga-en-besancon-francia-nace-un-nino\\\/#primaryimage\",\"url\":\"https:\\\/\\\/www.cope.es\\\/blogs\\\/derosca\\\/wp-content\\\/uploads\\\/sites\\\/22\\\/2025\\\/10\\\/Arena_zagreb_indoor-1.jpg\",\"contentUrl\":\"https:\\\/\\\/www.cope.es\\\/blogs\\\/derosca\\\/wp-content\\\/uploads\\\/sites\\\/22\\\/2025\\\/10\\\/Arena_zagreb_indoor-1.jpg\",\"width\":680,\"height\":400,\"caption\":\"En medio de un partido de Proliga en Besan\u00e7on (Francia) nace un ni\u00f1o\"},{\"@type\":\"BreadcrumbList\",\"@id\":\"https:\\\/\\\/www.cope.es\\\/blogs\\\/derosca\\\/2025\\\/10\\\/20\\\/en-medio-de-un-partido-de-proliga-en-besancon-francia-nace-un-nino\\\/#breadcrumb\",\"itemListElement\":[{\"@type\":\"ListItem\",\"position\":1,\"name\":\"Portada\",\"item\":\"https:\\\/\\\/www.cope.es\\\/blogs\\\/derosca\\\/\"},{\"@type\":\"ListItem\",\"position\":2,\"name\":\"En medio de un partido de Proliga en Besan\u00e7on (Francia) nace un ni\u00f1o\"}]},{\"@type\":\"WebSite\",\"@id\":\"https:\\\/\\\/www.cope.es\\\/blogs\\\/derosca\\\/#website\",\"url\":\"https:\\\/\\\/www.cope.es\\\/blogs\\\/derosca\\\/\",\"name\":\"Derosca\",\"description\":\"Blog de balonmano COPE\",\"potentialAction\":[{\"@type\":\"SearchAction\",\"target\":{\"@type\":\"EntryPoint\",\"urlTemplate\":\"https:\\\/\\\/www.cope.es\\\/blogs\\\/derosca\\\/?s={search_term_string}\"},\"query-input\":{\"@type\":\"PropertyValueSpecification\",\"valueRequired\":true,\"valueName\":\"search_term_string\"}}],\"inLanguage\":\"es\"},{\"@type\":\"Person\",\"@id\":\"https:\\\/\\\/www.cope.es\\\/blogs\\\/derosca\\\/#\\\/schema\\\/person\\\/02d6fa6fa8d8db60f83303875a4ff77f\",\"name\":\"Luis Malvar\",\"image\":{\"@type\":\"ImageObject\",\"inLanguage\":\"es\",\"@id\":\"https:\\\/\\\/secure.gravatar.com\\\/avatar\\\/23cd47dec2904689b3ccd32d1dd3e86c7cbf60dcf7376c68854f761a4939534f?s=96&d=mm&r=g\",\"url\":\"https:\\\/\\\/secure.gravatar.com\\\/avatar\\\/23cd47dec2904689b3ccd32d1dd3e86c7cbf60dcf7376c68854f761a4939534f?s=96&d=mm&r=g\",\"contentUrl\":\"https:\\\/\\\/secure.gravatar.com\\\/avatar\\\/23cd47dec2904689b3ccd32d1dd3e86c7cbf60dcf7376c68854f761a4939534f?s=96&d=mm&r=g\",\"caption\":\"Luis Malvar\"},\"description\":\"Comenc\u00e9 la andadura del Blog Derosca all\u00e1 por el 22 de Mayo de 2008. Un blog en el que se trata de llevar a los numerosos aficionados y amantes del mundo del balonmano toda la actualidad de nuestro apasionante deporte. Una ventana que sirve para dar luz a las innumerables noticias que genera el balonmano y que habitualmente no tienen reflejo en los medios de comunicaci\u00f3n. Sin lugar a dudas el Blog Derosca cuenta con un apartado que tiene a gala contar con miles de seguidores como es \u201cMis Pajaritos\u201d en donde se relatan y narran todas las intrahistorias que se generan en el balonmano espa\u00f1ol y que incomoda a m\u00e1s de uno que salgan a la luz.!Gracias por seguirnos durante todos estos a\u00f1os\u00a1\",\"sameAs\":[\"http:\\\/\\\/www.cope.es\",\"lmalvar\"],\"url\":\"https:\\\/\\\/www.cope.es\\\/blogs\\\/derosca\\\/author\\\/lmalvar\\\/\"}]}<\/script>\n<!-- \/ Yoast SEO plugin. -->","yoast_head_json":{"title":"En medio de un partido de Proliga en Besan\u00e7on (Francia) nace un ni\u00f1o - Derosca","robots":{"index":"index","follow":"follow","max-snippet":"max-snippet:-1","max-image-preview":"max-image-preview:large","max-video-preview":"max-video-preview:-1"},"canonical":"https:\/\/www.cope.es\/blogs\/derosca\/2025\/10\/20\/en-medio-de-un-partido-de-proliga-en-besancon-francia-nace-un-nino\/","og_locale":"es_ES","og_type":"article","og_title":"En medio de un partido de Proliga en Besan\u00e7on (Francia) nace un ni\u00f1o - Derosca","og_description":"El pasado Viernes, 12 Septiembre, por la noche, durante la segunda jornada de la Proligue, el Palacio de Deportes de Besan\u00e7on fue escenario de un suceso bastante inusual. Durante el partido entre el Grand Besan\u00e7on Doubs Handball (GBDH) y el Pontault-Combault, una espectadora embarazada de 37 semanas se puso de parto&#8230; \u00a1en plena grada! Salt\u00f3 [&hellip;]","og_url":"https:\/\/www.cope.es\/blogs\/derosca\/2025\/10\/20\/en-medio-de-un-partido-de-proliga-en-besancon-francia-nace-un-nino\/","og_site_name":"Derosca","article_publisher":"https:\/\/www.facebook.com\/cope\/","article_published_time":"2025-10-20T07:16:33+00:00","og_image":[{"width":680,"height":400,"url":"http:\/\/www.cope.es\/blogs\/derosca\/wp-content\/uploads\/sites\/22\/2025\/10\/Arena_zagreb_indoor-1.jpg","type":"image\/jpeg"}],"author":"Luis Malvar","twitter_card":"summary_large_image","twitter_creator":"@cope_es","twitter_site":"@cope_es","twitter_misc":{"Escrito por":"Luis Malvar","Tiempo de lectura":"2 minutos"},"schema":{"@context":"https:\/\/schema.org","@graph":[{"@type":"Article","@id":"https:\/\/www.cope.es\/blogs\/derosca\/2025\/10\/20\/en-medio-de-un-partido-de-proliga-en-besancon-francia-nace-un-nino\/#article","isPartOf":{"@id":"https:\/\/www.cope.es\/blogs\/derosca\/2025\/10\/20\/en-medio-de-un-partido-de-proliga-en-besancon-francia-nace-un-nino\/"},"author":{"name":"Luis Malvar","@id":"https:\/\/www.cope.es\/blogs\/derosca\/#\/schema\/person\/02d6fa6fa8d8db60f83303875a4ff77f"},"headline":"En medio de un partido de Proliga en Besan\u00e7on (Francia) nace un ni\u00f1o","datePublished":"2025-10-20T07:16:33+00:00","mainEntityOfPage":{"@id":"https:\/\/www.cope.es\/blogs\/derosca\/2025\/10\/20\/en-medio-de-un-partido-de-proliga-en-besancon-francia-nace-un-nino\/"},"wordCount":273,"commentCount":0,"image":{"@id":"https:\/\/www.cope.es\/blogs\/derosca\/2025\/10\/20\/en-medio-de-un-partido-de-proliga-en-besancon-francia-nace-un-nino\/#primaryimage"},"thumbnailUrl":"https:\/\/www.cope.es\/blogs\/derosca\/wp-content\/uploads\/sites\/22\/2025\/10\/Arena_zagreb_indoor-1.jpg","articleSection":["Balonmano"],"inLanguage":"es","potentialAction":[{"@type":"CommentAction","name":"Comment","target":["https:\/\/www.cope.es\/blogs\/derosca\/2025\/10\/20\/en-medio-de-un-partido-de-proliga-en-besancon-francia-nace-un-nino\/#respond"]}]},{"@type":"WebPage","@id":"https:\/\/www.cope.es\/blogs\/derosca\/2025\/10\/20\/en-medio-de-un-partido-de-proliga-en-besancon-francia-nace-un-nino\/","url":"https:\/\/www.cope.es\/blogs\/derosca\/2025\/10\/20\/en-medio-de-un-partido-de-proliga-en-besancon-francia-nace-un-nino\/","name":"En medio de un partido de Proliga en Besan\u00e7on (Francia) nace un ni\u00f1o - Derosca","isPartOf":{"@id":"https:\/\/www.cope.es\/blogs\/derosca\/#website"},"primaryImageOfPage":{"@id":"https:\/\/www.cope.es\/blogs\/derosca\/2025\/10\/20\/en-medio-de-un-partido-de-proliga-en-besancon-francia-nace-un-nino\/#primaryimage"},"image":{"@id":"https:\/\/www.cope.es\/blogs\/derosca\/2025\/10\/20\/en-medio-de-un-partido-de-proliga-en-besancon-francia-nace-un-nino\/#primaryimage"},"thumbnailUrl":"https:\/\/www.cope.es\/blogs\/derosca\/wp-content\/uploads\/sites\/22\/2025\/10\/Arena_zagreb_indoor-1.jpg","datePublished":"2025-10-20T07:16:33+00:00","author":{"@id":"https:\/\/www.cope.es\/blogs\/derosca\/#\/schema\/person\/02d6fa6fa8d8db60f83303875a4ff77f"},"breadcrumb":{"@id":"https:\/\/www.cope.es\/blogs\/derosca\/2025\/10\/20\/en-medio-de-un-partido-de-proliga-en-besancon-francia-nace-un-nino\/#breadcrumb"},"inLanguage":"es","potentialAction":[{"@type":"ReadAction","target":["https:\/\/www.cope.es\/blogs\/derosca\/2025\/10\/20\/en-medio-de-un-partido-de-proliga-en-besancon-francia-nace-un-nino\/"]}]},{"@type":"ImageObject","inLanguage":"es","@id":"https:\/\/www.cope.es\/blogs\/derosca\/2025\/10\/20\/en-medio-de-un-partido-de-proliga-en-besancon-francia-nace-un-nino\/#primaryimage","url":"https:\/\/www.cope.es\/blogs\/derosca\/wp-content\/uploads\/sites\/22\/2025\/10\/Arena_zagreb_indoor-1.jpg","contentUrl":"https:\/\/www.cope.es\/blogs\/derosca\/wp-content\/uploads\/sites\/22\/2025\/10\/Arena_zagreb_indoor-1.jpg","width":680,"height":400,"caption":"En medio de un partido de Proliga en Besan\u00e7on (Francia) nace un ni\u00f1o"},{"@type":"BreadcrumbList","@id":"https:\/\/www.cope.es\/blogs\/derosca\/2025\/10\/20\/en-medio-de-un-partido-de-proliga-en-besancon-francia-nace-un-nino\/#breadcrumb","itemListElement":[{"@type":"ListItem","position":1,"name":"Portada","item":"https:\/\/www.cope.es\/blogs\/derosca\/"},{"@type":"ListItem","position":2,"name":"En medio de un partido de Proliga en Besan\u00e7on (Francia) nace un ni\u00f1o"}]},{"@type":"WebSite","@id":"https:\/\/www.cope.es\/blogs\/derosca\/#website","url":"https:\/\/www.cope.es\/blogs\/derosca\/","name":"Derosca","description":"Blog de balonmano COPE","potentialAction":[{"@type":"SearchAction","target":{"@type":"EntryPoint","urlTemplate":"https:\/\/www.cope.es\/blogs\/derosca\/?s={search_term_string}"},"query-input":{"@type":"PropertyValueSpecification","valueRequired":true,"valueName":"search_term_string"}}],"inLanguage":"es"},{"@type":"Person","@id":"https:\/\/www.cope.es\/blogs\/derosca\/#\/schema\/person\/02d6fa6fa8d8db60f83303875a4ff77f","name":"Luis Malvar","image":{"@type":"ImageObject","inLanguage":"es","@id":"https:\/\/secure.gravatar.com\/avatar\/23cd47dec2904689b3ccd32d1dd3e86c7cbf60dcf7376c68854f761a4939534f?s=96&d=mm&r=g","url":"https:\/\/secure.gravatar.com\/avatar\/23cd47dec2904689b3ccd32d1dd3e86c7cbf60dcf7376c68854f761a4939534f?s=96&d=mm&r=g","contentUrl":"https:\/\/secure.gravatar.com\/avatar\/23cd47dec2904689b3ccd32d1dd3e86c7cbf60dcf7376c68854f761a4939534f?s=96&d=mm&r=g","caption":"Luis Malvar"},"description":"Comenc\u00e9 la andadura del Blog Derosca all\u00e1 por el 22 de Mayo de 2008. Un blog en el que se trata de llevar a los numerosos aficionados y amantes del mundo del balonmano toda la actualidad de nuestro apasionante deporte. Una ventana que sirve para dar luz a las innumerables noticias que genera el balonmano y que habitualmente no tienen reflejo en los medios de comunicaci\u00f3n. Sin lugar a dudas el Blog Derosca cuenta con un apartado que tiene a gala contar con miles de seguidores como es \u201cMis Pajaritos\u201d en donde se relatan y narran todas las intrahistorias que se generan en el balonmano espa\u00f1ol y que incomoda a m\u00e1s de uno que salgan a la luz.!Gracias por seguirnos durante todos estos a\u00f1os\u00a1","sameAs":["http:\/\/www.cope.es","lmalvar"],"url":"https:\/\/www.cope.es\/blogs\/derosca\/author\/lmalvar\/"}]}},"amp_enabled":true,"_links":{"self":[{"href":"https:\/\/www.cope.es\/blogs\/derosca\/wp-json\/wp\/v2\/posts\/4715","targetHints":{"allow":["GET"]}}],"collection":[{"href":"https:\/\/www.cope.es\/blogs\/derosca\/wp-json\/wp\/v2\/posts"}],"about":[{"href":"https:\/\/www.cope.es\/blogs\/derosca\/wp-json\/wp\/v2\/types\/post"}],"author":[{"embeddable":true,"href":"https:\/\/www.cope.es\/blogs\/derosca\/wp-json\/wp\/v2\/users\/23"}],"replies":[{"embeddable":true,"href":"https:\/\/www.cope.es\/blogs\/derosca\/wp-json\/wp\/v2\/comments?post=4715"}],"version-history":[{"count":1,"href":"https:\/\/www.cope.es\/blogs\/derosca\/wp-json\/wp\/v2\/posts\/4715\/revisions"}],"predecessor-version":[{"id":4717,"href":"https:\/\/www.cope.es\/blogs\/derosca\/wp-json\/wp\/v2\/posts\/4715\/revisions\/4717"}],"wp:featuredmedia":[{"embeddable":true,"href":"https:\/\/www.cope.es\/blogs\/derosca\/wp-json\/wp\/v2\/media\/4716"}],"wp:attachment":[{"href":"https:\/\/www.cope.es\/blogs\/derosca\/wp-json\/wp\/v2\/media?parent=4715"}],"wp:term":[{"taxonomy":"category","embeddable":true,"href":"https:\/\/www.cope.es\/blogs\/derosca\/wp-json\/wp\/v2\/categories?post=4715"},{"taxonomy":"post_tag","embeddable":true,"href":"https:\/\/www.cope.es\/blogs\/derosca\/wp-json\/wp\/v2\/tags?post=4715"}],"curies":[{"name":"wp","href":"https:\/\/api.w.org\/{rel}","templated":true}]}}