{"id":4677,"date":"2025-09-30T08:49:07","date_gmt":"2025-09-30T06:49:07","guid":{"rendered":"https:\/\/www.cope.es\/blogs\/derosca\/?p=4677"},"modified":"2025-09-30T08:49:07","modified_gmt":"2025-09-30T06:49:07","slug":"candidaturas-para-el-congreso-ordinario-ihf-2025","status":"publish","type":"post","link":"https:\/\/www.cope.es\/blogs\/derosca\/2025\/09\/30\/candidaturas-para-el-congreso-ordinario-ihf-2025\/","title":{"rendered":"Candidaturas para el Congreso Ordinario IHF 2025"},"content":{"rendered":"<p><span style=\"color: #000000\"><span style=\"font-family: Arial, sans-serif\"><span style=\"font-size: medium\">Las elecciones para varios puestos de la IHF se llevar\u00e1n a cabo en el pr\u00f3ximo 40\u00ba Congreso Ordinario de la IHF que tendr\u00e1 lugar en El Cairo, Egipto, del 19 al 22 de diciembre de 2025.<\/span><\/span><\/span><\/p>\n<p><span style=\"color: #000000\"><span style=\"font-family: Arial, sans-serif\"><span style=\"font-size: medium\">Antes de la fecha l\u00edmite del 21 de Septiembre de 2025, la IHF recibi\u00f3 numerosas candidaturas, que se est\u00e1n enviando al Grupo de Trabajo de Candidaturas para Puestos de la IHF para su revisi\u00f3n y confirmaci\u00f3n, antes de que las candidaturas se presenten al Consejo de la IHF.<\/span><\/span><\/span><\/p>\n<p><span style=\"color: #000000\"><span style=\"font-family: Arial, sans-serif\"><span style=\"font-size: medium\">De acuerdo con el Art\u00edculo 14.3.6 de los Estatutos de la IHF, el Grupo de Trabajo de Candidaturas para Cargos de la IHF, que es un grupo de trabajo electoral independiente, garantizar\u00e1 el cumplimiento de las solicitudes de los candidatos con las condiciones estipuladas en los Estatutos de la IHF.<\/span><\/span><\/span><\/p>\n<p><span style=\"color: #000000\"><span style=\"font-family: Arial, sans-serif\"><span style=\"font-size: medium\">En su \u00faltima reuni\u00f3n del 4 de Junio de 2025, el Consejo de la IHF decidi\u00f3 la siguiente composici\u00f3n del grupo de trabajo:<\/span><\/span><\/span><\/p>\n<p><span style=\"color: #000000\"><span style=\"font-family: Arial, sans-serif\"><span style=\"font-size: medium\">Presidente: Sr. Jean Brihault <\/span><\/span><\/span><span style=\"color: #000000\"><span style=\"font-family: Arial, sans-serif\"><span style=\"font-size: medium\">(FRA), ex miembro del Consejo de la IHF (Presidente del Grupo de Trabajo de Candidaturas para Puestos de la IHF en 2013, 2017 y 2021)<\/span><\/span><\/span><\/p>\n<p><strong><span style=\"color: #000000\"><span style=\"font-family: Arial, sans-serif\"><span style=\"font-size: medium\"><b>Miembros:<\/b><\/span><\/span><\/span><\/strong><\/p>\n<p><span style=\"color: #000000\"><span style=\"font-family: Arial, sans-serif\"><span style=\"font-size: medium\">Sr. J\u00f6rgen Holmqvist <\/span><\/span><\/span><span style=\"color: #000000\"><span style=\"font-family: Arial, sans-serif\"><span style=\"font-size: medium\">(SWE), Miembro Honorario de la IHF (miembro del Grupo de Trabajo de Candidaturas para Puestos de la IHF en 2017 y 2021)<br \/>\n<\/span><\/span><\/span><span style=\"color: #000000\"><span style=\"font-family: Arial, sans-serif\"><span style=\"font-size: medium\">Dr. Lanre Glover <\/span><\/span><\/span><span style=\"color: #000000\"><span style=\"font-family: Arial, sans-serif\"><span style=\"font-size: medium\">(NGR), ex Miembro del Tribunal de Arbitraje de la IHF (nominado posteriormente por el presidente).<\/span><\/span><\/span><\/p>\n<p><span style=\"color: #000000\"><span style=\"font-family: Arial, sans-serif\"><span style=\"font-size: medium\"><br \/>\n<\/span><\/span><\/span><strong><span style=\"color: #000000\"><span style=\"font-family: Arial, sans-serif\"><span style=\"font-size: medium\"><u><b>CANDIDATURAS<\/b><\/u><\/span><\/span><\/span><\/strong><strong><span style=\"color: #000000\"><span style=\"font-family: Arial, sans-serif\"><span style=\"font-size: medium\">:<\/span><\/span><\/span><\/strong><\/p>\n<p><strong><span style=\"color: #000000\"><span style=\"font-family: Arial, sans-serif\"><span style=\"font-size: medium\"><u><b>Presidente<\/b><\/u><\/span><\/span><\/span><\/strong><\/p>\n<ul>\n<li>\n<p><span style=\"color: #000000\"><span style=\"font-family: Arial, sans-serif\"><span style=\"font-size: medium\">Dr. Hassan MOUSTAFA (EGY) \u2013 Reelecci\u00f3n<\/span><\/span><\/span><\/p>\n<\/li>\n<li>\n<p><span style=\"color: #000000\"><span style=\"font-family: Arial, sans-serif\"><span style=\"font-size: medium\">Sr. Franc BOBINAC (SLO) \u2013 Nuevas elecciones<\/span><\/span><\/span><\/p>\n<\/li>\n<li>\n<p><span style=\"color: #000000\"><span style=\"font-family: Arial, sans-serif\"><span style=\"font-size: medium\">Dr. Gerd BUTZECK (GER) \u2013 Nueva elecci\u00f3n<\/span><\/span><\/span><\/p>\n<\/li>\n<li>\n<p><span style=\"color: #000000\"><span style=\"font-family: Arial, sans-serif\"><span style=\"font-size: medium\">Sr. Tjark DE LANGE (NED) \u2013 Nuevas elecciones<\/span><\/span><\/span><\/p>\n<\/li>\n<\/ul>\n<p><strong><span style=\"color: #000000\"><span style=\"font-family: Arial, sans-serif\"><span style=\"font-size: medium\"><u><b>Primer Vicepresidente<\/b><\/u><\/span><\/span><\/span><\/strong><\/p>\n<ul>\n<li>\n<p><span style=\"color: #000000\"><span style=\"font-family: Arial, sans-serif\"><span style=\"font-size: medium\">Sr. Philippe BANA (FRA) \u2013 Nuevas elecciones<\/span><\/span><\/span><\/p>\n<\/li>\n<li>\n<p><span style=\"color: #000000\"><span style=\"font-family: Arial, sans-serif\"><span style=\"font-size: medium\">Sr. Ali Mohamed ESHAQI (BRN) \u2013 Nuevas elecciones<\/span><\/span><\/span><\/p>\n<\/li>\n<\/ul>\n<p><strong><span style=\"color: #000000\"><span style=\"font-family: Arial, sans-serif\"><span style=\"font-size: medium\"><u><b>Tesorero<\/b><\/u><\/span><\/span><\/span><\/strong><\/p>\n<ul>\n<li>\n<p><span style=\"color: #000000\"><span style=\"font-family: Arial, sans-serif\"><span style=\"font-size: medium\">Sra. Anna Rapp (SWE) \u2013 Reelecci\u00f3n<\/span><\/span><\/span><\/p>\n<\/li>\n<\/ul>\n<p><strong><span style=\"color: #000000\"><span style=\"font-family: Arial, sans-serif\"><span style=\"font-size: medium\"><u><b>Dos (2) miembros del Comit\u00e9 Ejecutivo<\/b><\/u><\/span><\/span><\/span><\/strong><\/p>\n<ul>\n<li>\n<p><span style=\"color: #000000\"><span style=\"font-family: Arial, sans-serif\"><span style=\"font-size: medium\">Sra. Narcisa LECU\u0218ANU (ROU) \u2013 Reelecci\u00f3n<\/span><\/span><\/span><\/p>\n<\/li>\n<li>\n<p><span style=\"color: #000000\"><span style=\"font-family: Arial, sans-serif\"><span style=\"font-size: medium\"><b>Sr. Francisco V. BL\u00c1ZQUEZ GARC\u00cdA (ESP) \u2013 Nuevas elecciones<\/b><\/span><\/span><\/span><\/p>\n<\/li>\n<\/ul>\n<p><strong><span style=\"color: #000000\"><span style=\"font-family: Arial, sans-serif\"><span style=\"font-size: medium\"><u><b>Presidente de la Comisi\u00f3n de Organizaci\u00f3n y Competici\u00f3n (COC)<\/b><\/u><\/span><\/span><\/span><\/strong><\/p>\n<ul>\n<li>\n<p><span style=\"color: #000000\"><span style=\"font-family: Arial, sans-serif\"><span style=\"font-size: medium\">Sr. Per BERTELSEN (DEN) \u2013 Reelecci\u00f3n<\/span><\/span><\/span><\/p>\n<\/li>\n<li>\n<p><span style=\"color: #000000\"><span style=\"font-family: Arial, sans-serif\"><span style=\"font-size: medium\">Sr. Pascal JENNY (SUI) \u2013 Nueva elecci\u00f3n<\/span><\/span><\/span><\/p>\n<\/li>\n<\/ul>\n<p><strong><span style=\"color: #000000\"><span style=\"font-family: Arial, sans-serif\"><span style=\"font-size: medium\"><u><b>Presidente de la Comisi\u00f3n de Reglas de Juego y \u00c1rbitros (PRC)<\/b><\/u><\/span><\/span><\/span><\/strong><\/p>\n<ul>\n<li>\n<p><span style=\"color: #000000\"><span style=\"font-family: Arial, sans-serif\"><span style=\"font-size: medium\">Sr. Per Morten S\u00d8DAL (NOR) \u2013 Reelecci\u00f3n<\/span><\/span><\/span><\/p>\n<\/li>\n<\/ul>\n<p><strong><span style=\"color: #000000\"><span style=\"font-family: Arial, sans-serif\"><span style=\"font-size: medium\"><u><b>Presidente de la Comisi\u00f3n de Coaching y M\u00e9todos (CCM)<\/b><\/u><\/span><\/span><\/span><\/strong><\/p>\n<ul>\n<li>\n<p><span style=\"color: #000000\"><span style=\"font-family: Arial, sans-serif\"><span style=\"font-size: medium\">Sr. Dietrich SP\u00c4TE (GER) \u2013 Reelecci\u00f3n<\/span><\/span><\/span><\/p>\n<\/li>\n<li>\n<p><span style=\"color: #000000\"><span style=\"font-family: Arial, sans-serif\"><span style=\"font-size: medium\">Dr. Taiysir MANSI (JOR) \u2013 Nueva elecci\u00f3n<\/span><\/span><\/span><\/p>\n<\/li>\n<li>\n<p><span style=\"color: #000000\"><span style=\"font-family: Arial, sans-serif\"><span style=\"font-size: medium\">Sr. Nur Maye OSMAN (SOM) \u2013 Nuevas elecciones<\/span><\/span><\/span><\/p>\n<\/li>\n<\/ul>\n<p><strong><span style=\"color: #000000\"><span style=\"font-family: Arial, sans-serif\"><span style=\"font-size: medium\"><u><b>Presidente de la Comisi\u00f3n M\u00e9dica (MC)<\/b><\/u><\/span><\/span><\/span><\/strong><\/p>\n<ul>\n<li>\n<p><span style=\"color: #000000\"><span style=\"font-family: Arial, sans-serif\"><span style=\"font-size: medium\">Dr. Yannick MOSSUS (CMR) \u2013 Nueva elecci\u00f3n<\/span><\/span><\/span><\/p>\n<\/li>\n<\/ul>\n<p><strong><span style=\"color: #000000\"><span style=\"font-family: Arial, sans-serif\"><span style=\"font-size: medium\"><u><b>Presidente de la Comisi\u00f3n para el Desarrollo (CD)<\/b><\/u><\/span><\/span><\/span><\/strong><\/p>\n<ul>\n<li>\n<p><span style=\"color: #000000\"><span style=\"font-family: Arial, sans-serif\"><span style=\"font-size: medium\">Sr. Tomislav GRAHOVAC (CRO) \u2013 Reelecci\u00f3n<\/span><\/span><\/span><\/p>\n<\/li>\n<li>\n<p><span style=\"color: #000000\"><span style=\"font-family: Arial, sans-serif\"><span style=\"font-size: medium\">Sr. Bruno SOUZA (BRA) \u2013 Nueva elecci\u00f3n<\/span><\/span><\/span><\/p>\n<\/li>\n<\/ul>\n<p><strong><span style=\"color: #000000\"><span style=\"font-family: Arial, sans-serif\"><span style=\"font-size: medium\"><u><b>Presidente del Tribunal de Arbitraje<\/b><\/u><\/span><\/span><\/span><\/strong><\/p>\n<ul>\n<li>\n<p><span style=\"color: #000000\"><span style=\"font-family: Arial, sans-serif\"><span style=\"font-size: medium\">Sr. Zoran RADOJICIC (MNE) \u2013 Reelecci\u00f3n<\/span><\/span><\/span><\/p>\n<\/li>\n<\/ul>\n<p><strong><span style=\"color: #000000\"><span style=\"font-family: Arial, sans-serif\"><span style=\"font-size: medium\"><u><b>Diez (10) miembros del Tribunal de Arbitraje<\/b><\/u><\/span><\/span><\/span><\/strong><\/p>\n<ul>\n<li>\n<p><span style=\"color: #000000\"><span style=\"font-family: Arial, sans-serif\"><span style=\"font-size: medium\">Sr. Pedro MOURAO (POR) \u2013 Reelecci\u00f3n<\/span><\/span><\/span><\/p>\n<\/li>\n<li>\n<p><span style=\"color: #000000\"><span style=\"font-family: Arial, sans-serif\"><span style=\"font-size: medium\"><b>Sra. Alazne GIRALDO IGLESIAS (ESP) \u2013 Nuevas elecciones<\/b><\/span><\/span><\/span><\/p>\n<\/li>\n<li>\n<p><span style=\"color: #000000\"><span style=\"font-family: Arial, sans-serif\"><span style=\"font-size: medium\">Sra. Matea HORVAT (CRO) \u2013 Nueva elecci\u00f3n<\/span><\/span><\/span><\/p>\n<\/li>\n<li>\n<p><span style=\"color: #000000\"><span style=\"font-family: Arial, sans-serif\"><span style=\"font-size: medium\">Sr. R\u00e9my LEVY (FRA) \u2013 Nueva elecci\u00f3n<\/span><\/span><\/span><\/p>\n<\/li>\n<li>\n<p><span style=\"color: #000000\"><span style=\"font-family: Arial, sans-serif\"><span style=\"font-size: medium\">Sr. Bar\u0131\u015f ORHONLU (TUR) \u2013 Nuevas elecciones<\/span><\/span><\/span><\/p>\n<\/li>\n<\/ul>\n<p><strong><span style=\"color: #000000\"><span style=\"font-family: Arial, sans-serif\"><span style=\"font-size: medium\"><u><b>Presidente de la Comisi\u00f3n de Arbitraje<\/b><\/u><\/span><\/span><\/span><\/strong><\/p>\n<ul>\n<li>\n<p><span style=\"color: #000000\"><span style=\"font-family: Arial, sans-serif\"><span style=\"font-size: medium\">Sr. Lovro BADZIM (CRO) \u2013 Reelecci\u00f3n<\/span><\/span><\/span><\/p>\n<\/li>\n<\/ul>\n<p><strong><span style=\"color: #000000\"><span style=\"font-family: Arial, sans-serif\"><span style=\"font-size: medium\"><u><b>Diez (10) miembros de la Comisi\u00f3n de Arbitraje<\/b><\/u><\/span><\/span><\/span><\/strong><\/p>\n<ul>\n<li>\n<p><span style=\"color: #000000\"><span style=\"font-family: Arial, sans-serif\"><span style=\"font-size: medium\">Sr. Mouadh BEN ZAIED (TUN) \u2013 Reelecci\u00f3n<\/span><\/span><\/span><\/p>\n<\/li>\n<li>\n<p><span style=\"color: #000000\"><span style=\"font-family: Arial, sans-serif\"><span style=\"font-size: medium\"><b>D\u00aa Elena BORR\u00c1S ALCARAZ (ESP) \u2013 Reelecci\u00f3n<\/b><\/span><\/span><\/span><\/p>\n<\/li>\n<li>\n<p><span style=\"color: #000000\"><span style=\"font-family: Arial, sans-serif\"><span style=\"font-size: medium\">Sr. Miguel FERNANDES (POR) \u2013 Reelecci\u00f3n<\/span><\/span><\/span><\/p>\n<\/li>\n<li>\n<p><span style=\"color: #000000\"><span style=\"font-family: Arial, sans-serif\"><span style=\"font-size: medium\">Sra. Elizabeth Ling YANG (HKG) \u2013 Reelecci\u00f3n<\/span><\/span><\/span><\/p>\n<\/li>\n<li>\n<p><span style=\"color: #000000\"><span style=\"font-family: Arial, sans-serif\"><span style=\"font-size: medium\">Sr. Nicolae LUCA (ROU) \u2013 Nuevas elecciones<\/span><\/span><\/span><\/p>\n<\/li>\n<li>\n<p><span style=\"color: #000000\"><span style=\"font-family: Arial, sans-serif\"><span style=\"font-size: medium\">Sr. Muhammad Amir YOUSAF (PAK) \u2013 Nuevas elecciones<\/span><\/span><\/span><\/p>\n<\/li>\n<\/ul>\n<p><strong><span style=\"color: #000000\"><span style=\"font-family: Arial, sans-serif\"><span style=\"font-size: medium\"><u><b>Presidente de la Comisi\u00f3n de \u00c9tica<\/b><\/u><\/span><\/span><\/span><\/strong><\/p>\n<ul>\n<li>\n<p><span style=\"color: #000000\"><span style=\"font-family: Arial, sans-serif\"><span style=\"font-size: medium\">Sr. Hussein Moustafa FATHY (EGY) \u2013 Reelecci\u00f3n<\/span><\/span><\/span><\/p>\n<\/li>\n<\/ul>\n<p><strong><span style=\"color: #000000\"><span style=\"font-family: Arial, sans-serif\"><span style=\"font-size: medium\">Cinco (5) miembros de la Comisi\u00f3n de \u00c9tica<\/span><\/span><\/span><\/strong><\/p>\n<ul>\n<li>\n<p><span style=\"color: #000000\"><span style=\"font-family: Arial, sans-serif\"><span style=\"font-size: medium\">Sr. Jos\u00e9 COSTA (POR) \u2013 Reelecci\u00f3n<\/span><\/span><\/span><\/p>\n<\/li>\n<li>\n<p><span style=\"color: #000000\"><span style=\"font-family: Arial, sans-serif\"><span style=\"font-size: medium\">Se\u00f1or Jorge PULIDO V\u00c1ZQUEZ (MEX) \u2013 Reelecci\u00f3n<\/span><\/span><\/span><\/p>\n<\/li>\n<\/ul>\n<p><strong><span style=\"color: #000000\"><span style=\"font-family: Arial, sans-serif\"><span style=\"font-size: medium\"><u><b>Dos (2) auditores internos de la IHF y un (1) auditor suplente<\/b><\/u><\/span><\/span><\/span><\/strong><\/p>\n<ul>\n<li>\n<p><span style=\"color: #000000\"><span style=\"font-family: Arial, sans-serif\"><span style=\"font-size: medium\">Sr. Ulisses PEREIRA (POR) \u2013 Reelecci\u00f3n<\/span><\/span><\/span><\/p>\n<\/li>\n<li>\n<p><span style=\"color: #000000\"><span style=\"font-family: Arial, sans-serif\"><span style=\"font-size: medium\">Sr. Sebastjan GERGETA (SLO) \u2013 Nuevas elecciones<\/span><\/span><\/span><\/p>\n<\/li>\n<li>\n<p><span style=\"color: #000000\"><span style=\"font-family: Arial, sans-serif\"><span style=\"font-size: medium\">Sr. \u015eevket Altu\u011f TASDEMIR (TUR) \u2013 Nuevas elecciones<\/span><\/span><\/span><\/p>\n<\/li>\n<\/ul>\n<p><em><span style=\"color: #000000\"><span style=\"font-family: Arial, sans-serif\"><span style=\"font-size: medium\"><i>Nota: Los candidatos a la reelecci\u00f3n aparecen primero (en orden alfab\u00e9tico), seguidos por los candidatos que se presentan por primera vez (tambi\u00e9n en orden alfab\u00e9tico).<\/i><\/span><\/span><\/span><\/em><\/p>\n<p><em><span style=\"color: #666666\"><span style=\"font-family: Arial, sans-serif\"><span style=\"font-size: medium\">Seguirnos en twitter: <\/span><\/span><\/span><\/em><span style=\"color: #000080\"><span><u><a href=\"#!\/deroscacope\"><span style=\"font-family: Arial, sans-serif\"><span style=\"font-size: medium\">https:\/\/twitter.com\/#!\/deroscacope<\/span><\/span><\/a><\/u><\/span><\/span><\/p>\n","protected":false},"excerpt":{"rendered":"<p>Las elecciones para varios puestos de la IHF se llevar\u00e1n a cabo en el pr\u00f3ximo 40\u00ba Congreso Ordinario de la IHF que tendr\u00e1 lugar en El Cairo, Egipto, del 19 al 22 de diciembre de 2025. Antes de la fecha l\u00edmite del 21 de Septiembre de 2025, la IHF recibi\u00f3 numerosas candidaturas, que se est\u00e1n [&hellip;]<\/p>\n","protected":false},"author":23,"featured_media":4678,"comment_status":"open","ping_status":"open","sticky":false,"template":"","format":"standard","meta":{"footnotes":""},"categories":[3],"tags":[],"class_list":["post-4677","post","type-post","status-publish","format-standard","has-post-thumbnail","hentry","category-balonmano"],"yoast_head":"<!-- This site is optimized with the Yoast SEO plugin v27.4 - https:\/\/yoast.com\/product\/yoast-seo-wordpress\/ -->\n<title>Candidaturas para el Congreso Ordinario IHF 2025 - Derosca<\/title>\n<meta name=\"robots\" content=\"index, follow, max-snippet:-1, max-image-preview:large, max-video-preview:-1\" \/>\n<link rel=\"canonical\" href=\"https:\/\/www.cope.es\/blogs\/derosca\/2025\/09\/30\/candidaturas-para-el-congreso-ordinario-ihf-2025\/\" \/>\n<meta property=\"og:locale\" content=\"es_ES\" \/>\n<meta property=\"og:type\" content=\"article\" \/>\n<meta property=\"og:title\" content=\"Candidaturas para el Congreso Ordinario IHF 2025 - Derosca\" \/>\n<meta property=\"og:description\" content=\"Las elecciones para varios puestos de la IHF se llevar\u00e1n a cabo en el pr\u00f3ximo 40\u00ba Congreso Ordinario de la IHF que tendr\u00e1 lugar en El Cairo, Egipto, del 19 al 22 de diciembre de 2025. Antes de la fecha l\u00edmite del 21 de Septiembre de 2025, la IHF recibi\u00f3 numerosas candidaturas, que se est\u00e1n [&hellip;]\" \/>\n<meta property=\"og:url\" content=\"https:\/\/www.cope.es\/blogs\/derosca\/2025\/09\/30\/candidaturas-para-el-congreso-ordinario-ihf-2025\/\" \/>\n<meta property=\"og:site_name\" content=\"Derosca\" \/>\n<meta property=\"article:publisher\" content=\"https:\/\/www.facebook.com\/cope\/\" \/>\n<meta property=\"article:published_time\" content=\"2025-09-30T06:49:07+00:00\" \/>\n<meta property=\"og:image\" content=\"http:\/\/www.cope.es\/blogs\/derosca\/wp-content\/uploads\/sites\/22\/2025\/09\/IHF1.jpg\" \/>\n\t<meta property=\"og:image:width\" content=\"680\" \/>\n\t<meta property=\"og:image:height\" content=\"247\" \/>\n\t<meta property=\"og:image:type\" content=\"image\/jpeg\" \/>\n<meta name=\"author\" content=\"Luis Malvar\" \/>\n<meta name=\"twitter:card\" content=\"summary_large_image\" \/>\n<meta name=\"twitter:creator\" content=\"@cope_es\" \/>\n<meta name=\"twitter:site\" content=\"@cope_es\" \/>\n<meta name=\"twitter:label1\" content=\"Escrito por\" \/>\n\t<meta name=\"twitter:data1\" content=\"Luis Malvar\" \/>\n\t<meta name=\"twitter:label2\" content=\"Tiempo de lectura\" \/>\n\t<meta name=\"twitter:data2\" content=\"3 minutos\" \/>\n<script type=\"application\/ld+json\" class=\"yoast-schema-graph\">{\"@context\":\"https:\\\/\\\/schema.org\",\"@graph\":[{\"@type\":\"Article\",\"@id\":\"https:\\\/\\\/www.cope.es\\\/blogs\\\/derosca\\\/2025\\\/09\\\/30\\\/candidaturas-para-el-congreso-ordinario-ihf-2025\\\/#article\",\"isPartOf\":{\"@id\":\"https:\\\/\\\/www.cope.es\\\/blogs\\\/derosca\\\/2025\\\/09\\\/30\\\/candidaturas-para-el-congreso-ordinario-ihf-2025\\\/\"},\"author\":{\"name\":\"Luis Malvar\",\"@id\":\"https:\\\/\\\/www.cope.es\\\/blogs\\\/derosca\\\/#\\\/schema\\\/person\\\/02d6fa6fa8d8db60f83303875a4ff77f\"},\"headline\":\"Candidaturas para el Congreso Ordinario IHF 2025\",\"datePublished\":\"2025-09-30T06:49:07+00:00\",\"mainEntityOfPage\":{\"@id\":\"https:\\\/\\\/www.cope.es\\\/blogs\\\/derosca\\\/2025\\\/09\\\/30\\\/candidaturas-para-el-congreso-ordinario-ihf-2025\\\/\"},\"wordCount\":633,\"commentCount\":0,\"image\":{\"@id\":\"https:\\\/\\\/www.cope.es\\\/blogs\\\/derosca\\\/2025\\\/09\\\/30\\\/candidaturas-para-el-congreso-ordinario-ihf-2025\\\/#primaryimage\"},\"thumbnailUrl\":\"https:\\\/\\\/www.cope.es\\\/blogs\\\/derosca\\\/wp-content\\\/uploads\\\/sites\\\/22\\\/2025\\\/09\\\/IHF1.jpg\",\"articleSection\":[\"Balonmano\"],\"inLanguage\":\"es\",\"potentialAction\":[{\"@type\":\"CommentAction\",\"name\":\"Comment\",\"target\":[\"https:\\\/\\\/www.cope.es\\\/blogs\\\/derosca\\\/2025\\\/09\\\/30\\\/candidaturas-para-el-congreso-ordinario-ihf-2025\\\/#respond\"]}]},{\"@type\":\"WebPage\",\"@id\":\"https:\\\/\\\/www.cope.es\\\/blogs\\\/derosca\\\/2025\\\/09\\\/30\\\/candidaturas-para-el-congreso-ordinario-ihf-2025\\\/\",\"url\":\"https:\\\/\\\/www.cope.es\\\/blogs\\\/derosca\\\/2025\\\/09\\\/30\\\/candidaturas-para-el-congreso-ordinario-ihf-2025\\\/\",\"name\":\"Candidaturas para el Congreso Ordinario IHF 2025 - Derosca\",\"isPartOf\":{\"@id\":\"https:\\\/\\\/www.cope.es\\\/blogs\\\/derosca\\\/#website\"},\"primaryImageOfPage\":{\"@id\":\"https:\\\/\\\/www.cope.es\\\/blogs\\\/derosca\\\/2025\\\/09\\\/30\\\/candidaturas-para-el-congreso-ordinario-ihf-2025\\\/#primaryimage\"},\"image\":{\"@id\":\"https:\\\/\\\/www.cope.es\\\/blogs\\\/derosca\\\/2025\\\/09\\\/30\\\/candidaturas-para-el-congreso-ordinario-ihf-2025\\\/#primaryimage\"},\"thumbnailUrl\":\"https:\\\/\\\/www.cope.es\\\/blogs\\\/derosca\\\/wp-content\\\/uploads\\\/sites\\\/22\\\/2025\\\/09\\\/IHF1.jpg\",\"datePublished\":\"2025-09-30T06:49:07+00:00\",\"author\":{\"@id\":\"https:\\\/\\\/www.cope.es\\\/blogs\\\/derosca\\\/#\\\/schema\\\/person\\\/02d6fa6fa8d8db60f83303875a4ff77f\"},\"breadcrumb\":{\"@id\":\"https:\\\/\\\/www.cope.es\\\/blogs\\\/derosca\\\/2025\\\/09\\\/30\\\/candidaturas-para-el-congreso-ordinario-ihf-2025\\\/#breadcrumb\"},\"inLanguage\":\"es\",\"potentialAction\":[{\"@type\":\"ReadAction\",\"target\":[\"https:\\\/\\\/www.cope.es\\\/blogs\\\/derosca\\\/2025\\\/09\\\/30\\\/candidaturas-para-el-congreso-ordinario-ihf-2025\\\/\"]}]},{\"@type\":\"ImageObject\",\"inLanguage\":\"es\",\"@id\":\"https:\\\/\\\/www.cope.es\\\/blogs\\\/derosca\\\/2025\\\/09\\\/30\\\/candidaturas-para-el-congreso-ordinario-ihf-2025\\\/#primaryimage\",\"url\":\"https:\\\/\\\/www.cope.es\\\/blogs\\\/derosca\\\/wp-content\\\/uploads\\\/sites\\\/22\\\/2025\\\/09\\\/IHF1.jpg\",\"contentUrl\":\"https:\\\/\\\/www.cope.es\\\/blogs\\\/derosca\\\/wp-content\\\/uploads\\\/sites\\\/22\\\/2025\\\/09\\\/IHF1.jpg\",\"width\":680,\"height\":247,\"caption\":\"Candidaturas para el Congreso Ordinario IHF 2025\"},{\"@type\":\"BreadcrumbList\",\"@id\":\"https:\\\/\\\/www.cope.es\\\/blogs\\\/derosca\\\/2025\\\/09\\\/30\\\/candidaturas-para-el-congreso-ordinario-ihf-2025\\\/#breadcrumb\",\"itemListElement\":[{\"@type\":\"ListItem\",\"position\":1,\"name\":\"Portada\",\"item\":\"https:\\\/\\\/www.cope.es\\\/blogs\\\/derosca\\\/\"},{\"@type\":\"ListItem\",\"position\":2,\"name\":\"Candidaturas para el Congreso Ordinario IHF 2025\"}]},{\"@type\":\"WebSite\",\"@id\":\"https:\\\/\\\/www.cope.es\\\/blogs\\\/derosca\\\/#website\",\"url\":\"https:\\\/\\\/www.cope.es\\\/blogs\\\/derosca\\\/\",\"name\":\"Derosca\",\"description\":\"Blog de balonmano COPE\",\"potentialAction\":[{\"@type\":\"SearchAction\",\"target\":{\"@type\":\"EntryPoint\",\"urlTemplate\":\"https:\\\/\\\/www.cope.es\\\/blogs\\\/derosca\\\/?s={search_term_string}\"},\"query-input\":{\"@type\":\"PropertyValueSpecification\",\"valueRequired\":true,\"valueName\":\"search_term_string\"}}],\"inLanguage\":\"es\"},{\"@type\":\"Person\",\"@id\":\"https:\\\/\\\/www.cope.es\\\/blogs\\\/derosca\\\/#\\\/schema\\\/person\\\/02d6fa6fa8d8db60f83303875a4ff77f\",\"name\":\"Luis Malvar\",\"image\":{\"@type\":\"ImageObject\",\"inLanguage\":\"es\",\"@id\":\"https:\\\/\\\/secure.gravatar.com\\\/avatar\\\/23cd47dec2904689b3ccd32d1dd3e86c7cbf60dcf7376c68854f761a4939534f?s=96&d=mm&r=g\",\"url\":\"https:\\\/\\\/secure.gravatar.com\\\/avatar\\\/23cd47dec2904689b3ccd32d1dd3e86c7cbf60dcf7376c68854f761a4939534f?s=96&d=mm&r=g\",\"contentUrl\":\"https:\\\/\\\/secure.gravatar.com\\\/avatar\\\/23cd47dec2904689b3ccd32d1dd3e86c7cbf60dcf7376c68854f761a4939534f?s=96&d=mm&r=g\",\"caption\":\"Luis Malvar\"},\"description\":\"Comenc\u00e9 la andadura del Blog Derosca all\u00e1 por el 22 de Mayo de 2008. Un blog en el que se trata de llevar a los numerosos aficionados y amantes del mundo del balonmano toda la actualidad de nuestro apasionante deporte. Una ventana que sirve para dar luz a las innumerables noticias que genera el balonmano y que habitualmente no tienen reflejo en los medios de comunicaci\u00f3n. Sin lugar a dudas el Blog Derosca cuenta con un apartado que tiene a gala contar con miles de seguidores como es \u201cMis Pajaritos\u201d en donde se relatan y narran todas las intrahistorias que se generan en el balonmano espa\u00f1ol y que incomoda a m\u00e1s de uno que salgan a la luz.!Gracias por seguirnos durante todos estos a\u00f1os\u00a1\",\"sameAs\":[\"http:\\\/\\\/www.cope.es\",\"lmalvar\"],\"url\":\"https:\\\/\\\/www.cope.es\\\/blogs\\\/derosca\\\/author\\\/lmalvar\\\/\"}]}<\/script>\n<!-- \/ Yoast SEO plugin. -->","yoast_head_json":{"title":"Candidaturas para el Congreso Ordinario IHF 2025 - Derosca","robots":{"index":"index","follow":"follow","max-snippet":"max-snippet:-1","max-image-preview":"max-image-preview:large","max-video-preview":"max-video-preview:-1"},"canonical":"https:\/\/www.cope.es\/blogs\/derosca\/2025\/09\/30\/candidaturas-para-el-congreso-ordinario-ihf-2025\/","og_locale":"es_ES","og_type":"article","og_title":"Candidaturas para el Congreso Ordinario IHF 2025 - Derosca","og_description":"Las elecciones para varios puestos de la IHF se llevar\u00e1n a cabo en el pr\u00f3ximo 40\u00ba Congreso Ordinario de la IHF que tendr\u00e1 lugar en El Cairo, Egipto, del 19 al 22 de diciembre de 2025. Antes de la fecha l\u00edmite del 21 de Septiembre de 2025, la IHF recibi\u00f3 numerosas candidaturas, que se est\u00e1n [&hellip;]","og_url":"https:\/\/www.cope.es\/blogs\/derosca\/2025\/09\/30\/candidaturas-para-el-congreso-ordinario-ihf-2025\/","og_site_name":"Derosca","article_publisher":"https:\/\/www.facebook.com\/cope\/","article_published_time":"2025-09-30T06:49:07+00:00","og_image":[{"width":680,"height":247,"url":"http:\/\/www.cope.es\/blogs\/derosca\/wp-content\/uploads\/sites\/22\/2025\/09\/IHF1.jpg","type":"image\/jpeg"}],"author":"Luis Malvar","twitter_card":"summary_large_image","twitter_creator":"@cope_es","twitter_site":"@cope_es","twitter_misc":{"Escrito por":"Luis Malvar","Tiempo de lectura":"3 minutos"},"schema":{"@context":"https:\/\/schema.org","@graph":[{"@type":"Article","@id":"https:\/\/www.cope.es\/blogs\/derosca\/2025\/09\/30\/candidaturas-para-el-congreso-ordinario-ihf-2025\/#article","isPartOf":{"@id":"https:\/\/www.cope.es\/blogs\/derosca\/2025\/09\/30\/candidaturas-para-el-congreso-ordinario-ihf-2025\/"},"author":{"name":"Luis Malvar","@id":"https:\/\/www.cope.es\/blogs\/derosca\/#\/schema\/person\/02d6fa6fa8d8db60f83303875a4ff77f"},"headline":"Candidaturas para el Congreso Ordinario IHF 2025","datePublished":"2025-09-30T06:49:07+00:00","mainEntityOfPage":{"@id":"https:\/\/www.cope.es\/blogs\/derosca\/2025\/09\/30\/candidaturas-para-el-congreso-ordinario-ihf-2025\/"},"wordCount":633,"commentCount":0,"image":{"@id":"https:\/\/www.cope.es\/blogs\/derosca\/2025\/09\/30\/candidaturas-para-el-congreso-ordinario-ihf-2025\/#primaryimage"},"thumbnailUrl":"https:\/\/www.cope.es\/blogs\/derosca\/wp-content\/uploads\/sites\/22\/2025\/09\/IHF1.jpg","articleSection":["Balonmano"],"inLanguage":"es","potentialAction":[{"@type":"CommentAction","name":"Comment","target":["https:\/\/www.cope.es\/blogs\/derosca\/2025\/09\/30\/candidaturas-para-el-congreso-ordinario-ihf-2025\/#respond"]}]},{"@type":"WebPage","@id":"https:\/\/www.cope.es\/blogs\/derosca\/2025\/09\/30\/candidaturas-para-el-congreso-ordinario-ihf-2025\/","url":"https:\/\/www.cope.es\/blogs\/derosca\/2025\/09\/30\/candidaturas-para-el-congreso-ordinario-ihf-2025\/","name":"Candidaturas para el Congreso Ordinario IHF 2025 - Derosca","isPartOf":{"@id":"https:\/\/www.cope.es\/blogs\/derosca\/#website"},"primaryImageOfPage":{"@id":"https:\/\/www.cope.es\/blogs\/derosca\/2025\/09\/30\/candidaturas-para-el-congreso-ordinario-ihf-2025\/#primaryimage"},"image":{"@id":"https:\/\/www.cope.es\/blogs\/derosca\/2025\/09\/30\/candidaturas-para-el-congreso-ordinario-ihf-2025\/#primaryimage"},"thumbnailUrl":"https:\/\/www.cope.es\/blogs\/derosca\/wp-content\/uploads\/sites\/22\/2025\/09\/IHF1.jpg","datePublished":"2025-09-30T06:49:07+00:00","author":{"@id":"https:\/\/www.cope.es\/blogs\/derosca\/#\/schema\/person\/02d6fa6fa8d8db60f83303875a4ff77f"},"breadcrumb":{"@id":"https:\/\/www.cope.es\/blogs\/derosca\/2025\/09\/30\/candidaturas-para-el-congreso-ordinario-ihf-2025\/#breadcrumb"},"inLanguage":"es","potentialAction":[{"@type":"ReadAction","target":["https:\/\/www.cope.es\/blogs\/derosca\/2025\/09\/30\/candidaturas-para-el-congreso-ordinario-ihf-2025\/"]}]},{"@type":"ImageObject","inLanguage":"es","@id":"https:\/\/www.cope.es\/blogs\/derosca\/2025\/09\/30\/candidaturas-para-el-congreso-ordinario-ihf-2025\/#primaryimage","url":"https:\/\/www.cope.es\/blogs\/derosca\/wp-content\/uploads\/sites\/22\/2025\/09\/IHF1.jpg","contentUrl":"https:\/\/www.cope.es\/blogs\/derosca\/wp-content\/uploads\/sites\/22\/2025\/09\/IHF1.jpg","width":680,"height":247,"caption":"Candidaturas para el Congreso Ordinario IHF 2025"},{"@type":"BreadcrumbList","@id":"https:\/\/www.cope.es\/blogs\/derosca\/2025\/09\/30\/candidaturas-para-el-congreso-ordinario-ihf-2025\/#breadcrumb","itemListElement":[{"@type":"ListItem","position":1,"name":"Portada","item":"https:\/\/www.cope.es\/blogs\/derosca\/"},{"@type":"ListItem","position":2,"name":"Candidaturas para el Congreso Ordinario IHF 2025"}]},{"@type":"WebSite","@id":"https:\/\/www.cope.es\/blogs\/derosca\/#website","url":"https:\/\/www.cope.es\/blogs\/derosca\/","name":"Derosca","description":"Blog de balonmano COPE","potentialAction":[{"@type":"SearchAction","target":{"@type":"EntryPoint","urlTemplate":"https:\/\/www.cope.es\/blogs\/derosca\/?s={search_term_string}"},"query-input":{"@type":"PropertyValueSpecification","valueRequired":true,"valueName":"search_term_string"}}],"inLanguage":"es"},{"@type":"Person","@id":"https:\/\/www.cope.es\/blogs\/derosca\/#\/schema\/person\/02d6fa6fa8d8db60f83303875a4ff77f","name":"Luis Malvar","image":{"@type":"ImageObject","inLanguage":"es","@id":"https:\/\/secure.gravatar.com\/avatar\/23cd47dec2904689b3ccd32d1dd3e86c7cbf60dcf7376c68854f761a4939534f?s=96&d=mm&r=g","url":"https:\/\/secure.gravatar.com\/avatar\/23cd47dec2904689b3ccd32d1dd3e86c7cbf60dcf7376c68854f761a4939534f?s=96&d=mm&r=g","contentUrl":"https:\/\/secure.gravatar.com\/avatar\/23cd47dec2904689b3ccd32d1dd3e86c7cbf60dcf7376c68854f761a4939534f?s=96&d=mm&r=g","caption":"Luis Malvar"},"description":"Comenc\u00e9 la andadura del Blog Derosca all\u00e1 por el 22 de Mayo de 2008. Un blog en el que se trata de llevar a los numerosos aficionados y amantes del mundo del balonmano toda la actualidad de nuestro apasionante deporte. Una ventana que sirve para dar luz a las innumerables noticias que genera el balonmano y que habitualmente no tienen reflejo en los medios de comunicaci\u00f3n. Sin lugar a dudas el Blog Derosca cuenta con un apartado que tiene a gala contar con miles de seguidores como es \u201cMis Pajaritos\u201d en donde se relatan y narran todas las intrahistorias que se generan en el balonmano espa\u00f1ol y que incomoda a m\u00e1s de uno que salgan a la luz.!Gracias por seguirnos durante todos estos a\u00f1os\u00a1","sameAs":["http:\/\/www.cope.es","lmalvar"],"url":"https:\/\/www.cope.es\/blogs\/derosca\/author\/lmalvar\/"}]}},"amp_enabled":true,"_links":{"self":[{"href":"https:\/\/www.cope.es\/blogs\/derosca\/wp-json\/wp\/v2\/posts\/4677","targetHints":{"allow":["GET"]}}],"collection":[{"href":"https:\/\/www.cope.es\/blogs\/derosca\/wp-json\/wp\/v2\/posts"}],"about":[{"href":"https:\/\/www.cope.es\/blogs\/derosca\/wp-json\/wp\/v2\/types\/post"}],"author":[{"embeddable":true,"href":"https:\/\/www.cope.es\/blogs\/derosca\/wp-json\/wp\/v2\/users\/23"}],"replies":[{"embeddable":true,"href":"https:\/\/www.cope.es\/blogs\/derosca\/wp-json\/wp\/v2\/comments?post=4677"}],"version-history":[{"count":1,"href":"https:\/\/www.cope.es\/blogs\/derosca\/wp-json\/wp\/v2\/posts\/4677\/revisions"}],"predecessor-version":[{"id":4679,"href":"https:\/\/www.cope.es\/blogs\/derosca\/wp-json\/wp\/v2\/posts\/4677\/revisions\/4679"}],"wp:featuredmedia":[{"embeddable":true,"href":"https:\/\/www.cope.es\/blogs\/derosca\/wp-json\/wp\/v2\/media\/4678"}],"wp:attachment":[{"href":"https:\/\/www.cope.es\/blogs\/derosca\/wp-json\/wp\/v2\/media?parent=4677"}],"wp:term":[{"taxonomy":"category","embeddable":true,"href":"https:\/\/www.cope.es\/blogs\/derosca\/wp-json\/wp\/v2\/categories?post=4677"},{"taxonomy":"post_tag","embeddable":true,"href":"https:\/\/www.cope.es\/blogs\/derosca\/wp-json\/wp\/v2\/tags?post=4677"}],"curies":[{"name":"wp","href":"https:\/\/api.w.org\/{rel}","templated":true}]}}