{"id":4668,"date":"2025-09-24T09:13:59","date_gmt":"2025-09-24T07:13:59","guid":{"rendered":"https:\/\/www.cope.es\/blogs\/derosca\/?p=4668"},"modified":"2025-09-24T09:13:59","modified_gmt":"2025-09-24T07:13:59","slug":"stefan-kretzschmar-y-jaron-siewert-despedidos-del-fuchse-berlin","status":"publish","type":"post","link":"https:\/\/www.cope.es\/blogs\/derosca\/2025\/09\/24\/stefan-kretzschmar-y-jaron-siewert-despedidos-del-fuchse-berlin\/","title":{"rendered":"Stefan Kretzschmar y Jaron Siewert despedidos del F\u00fcchse Berlin"},"content":{"rendered":"<p><span style=\"color: #0a1c4e\"><span style=\"font-family: Arial, sans-serif\"><span style=\"font-size: medium\">Tremendo lo que est\u00e1 pasando en las \u00faltimas semanas en el conjunto de Berl\u00edn: El F\u00fcchse Berl\u00e7in anunci\u00f3 hace unas fechas la salida inmediata de su Director Deportivo, Stefan Kretzschmar, y de su entrenador, Jaron Siewert. La decisi\u00f3n, tomada por unanimidad de los accionistas, marca un punto de inflexi\u00f3n para el vigente campe\u00f3n alem\u00e1n.<\/span><\/span><\/span><\/p>\n<p><span style=\"font-family: Times New Roman, serif\"><span style=\"font-size: medium\"><span style=\"color: #0a1c4e\"><span style=\"font-family: Arial, sans-serif\">Aunque el rendimiento deportivo no parec\u00eda ser la causa directa, las tensiones internas hab\u00edan asolado al club durante varios meses. El enfrentamiento entre <\/span><\/span><span style=\"color: #0a1c4e\"><span style=\"font-family: Arial, sans-serif\">Stefan Kretzschmar <\/span><\/span><span style=\"color: #0a1c4e\"><span style=\"font-family: Arial, sans-serif\">y el entrenador <\/span><\/span><span style=\"color: #0a1c4e\"><span style=\"font-family: Arial, sans-serif\">Bob Hanning <\/span><\/span><span style=\"color: #0a1c4e\"><span style=\"font-family: Arial, sans-serif\">hab\u00eda alcanzado un nuevo nivel, tras salir a la luz durante recientes actos p\u00fablicos. A principios de mes, Kretzschmar intent\u00f3 calmar la situaci\u00f3n anunciando que no renovar\u00eda su contrato m\u00e1s all\u00e1 de la Temporada 2025 &#8211; 26. Sin embargo, la directiva decidi\u00f3 acortar la relaci\u00f3n, desvinculando inmediatamente al ex lateral izquierdo de la Mannschaft y al entrenador que hab\u00eda estado al mando desde 2020.<\/span><\/span><\/span><\/span><\/p>\n<p><span style=\"font-family: Times New Roman, serif\"><span style=\"font-size: medium\"><span style=\"color: #0a1c4e\"><span style=\"font-family: Arial, sans-serif\">Para evitar cualquier incertidumbre, los F\u00fcchse Berlin anunciaron r\u00e1pidamente el nombre de su nuevo entrenador: el dan\u00e9s <\/span><\/span><span style=\"color: #0a1c4e\"><span style=\"font-family: Arial, sans-serif\">Nikolej Krickau<\/span><\/span><span style=\"color: #0a1c4e\"><span style=\"font-family: Arial, sans-serif\">, de 38 a\u00f1os, ex entrenador del Flensburg y art\u00edfice de los recientes \u00e9xitos del GOG. Tiene contrato hasta el a\u00f1o 2028 y ocup\u00f3 su lugar en el banquillo ya contra el Magdeburgo. Su llegada es estrat\u00e9gica y se une a <\/span><\/span><span style=\"color: #0a1c4e\"><span style=\"font-family: Arial, sans-serif\">Mathias Gidsel<\/span><\/span><span style=\"color: #0a1c4e\"><span style=\"font-family: Arial, sans-serif\">, a quien form\u00f3 en Dinamarca y quien representa la principal arma ofensiva de los berlineses.<\/span><\/span><\/span><\/span><\/p>\n<p><span style=\"color: #0a1c4e\"><span style=\"font-family: Arial, sans-serif\"><span style=\"font-size: medium\">Este repentino cambio de rumbo marca el comienzo de una nueva era en el Fuchse Berl\u00edn y confirma hasta qu\u00e9 punto Bob Hanning domina y controla todo dentro del club. Queda por ver si este cambio radical ser\u00e1 un trampol\u00edn hacia una mayor estabilidad o el inicio de una etapa turbulenta para un club que aspira a reinar en la Bundesliga y en Europa.<\/span><\/span><\/span><\/p>\n<p><em><span style=\"color: #666666\"><span style=\"font-family: Arial, sans-serif\"><span style=\"font-size: medium\">Seguirnos en twitter: <\/span><\/span><\/span><\/em><span style=\"color: #000080\"><span><u><a href=\"#!\/deroscacope\"><span style=\"font-family: Arial, sans-serif\"><span style=\"font-size: medium\">https:\/\/twitter.com\/#!\/deroscacope<\/span><\/span><\/a><\/u><\/span><\/span><\/p>\n","protected":false},"excerpt":{"rendered":"<p>Tremendo lo que est\u00e1 pasando en las \u00faltimas semanas en el conjunto de Berl\u00edn: El F\u00fcchse Berl\u00e7in anunci\u00f3 hace unas fechas la salida inmediata de su Director Deportivo, Stefan Kretzschmar, y de su entrenador, Jaron Siewert. La decisi\u00f3n, tomada por unanimidad de los accionistas, marca un punto de inflexi\u00f3n para el vigente campe\u00f3n alem\u00e1n. Aunque [&hellip;]<\/p>\n","protected":false},"author":23,"featured_media":4669,"comment_status":"open","ping_status":"open","sticky":false,"template":"","format":"standard","meta":{"footnotes":""},"categories":[3],"tags":[],"class_list":["post-4668","post","type-post","status-publish","format-standard","has-post-thumbnail","hentry","category-balonmano"],"yoast_head":"<!-- This site is optimized with the Yoast SEO plugin v27.4 - https:\/\/yoast.com\/product\/yoast-seo-wordpress\/ -->\n<title>Stefan Kretzschmar y Jaron Siewert despedidos del F\u00fcchse Berlin - Derosca<\/title>\n<meta name=\"robots\" content=\"index, follow, max-snippet:-1, max-image-preview:large, max-video-preview:-1\" \/>\n<link rel=\"canonical\" href=\"https:\/\/www.cope.es\/blogs\/derosca\/2025\/09\/24\/stefan-kretzschmar-y-jaron-siewert-despedidos-del-fuchse-berlin\/\" \/>\n<meta property=\"og:locale\" content=\"es_ES\" \/>\n<meta property=\"og:type\" content=\"article\" \/>\n<meta property=\"og:title\" content=\"Stefan Kretzschmar y Jaron Siewert despedidos del F\u00fcchse Berlin - Derosca\" \/>\n<meta property=\"og:description\" content=\"Tremendo lo que est\u00e1 pasando en las \u00faltimas semanas en el conjunto de Berl\u00edn: El F\u00fcchse Berl\u00e7in anunci\u00f3 hace unas fechas la salida inmediata de su Director Deportivo, Stefan Kretzschmar, y de su entrenador, Jaron Siewert. La decisi\u00f3n, tomada por unanimidad de los accionistas, marca un punto de inflexi\u00f3n para el vigente campe\u00f3n alem\u00e1n. Aunque [&hellip;]\" \/>\n<meta property=\"og:url\" content=\"https:\/\/www.cope.es\/blogs\/derosca\/2025\/09\/24\/stefan-kretzschmar-y-jaron-siewert-despedidos-del-fuchse-berlin\/\" \/>\n<meta property=\"og:site_name\" content=\"Derosca\" \/>\n<meta property=\"article:publisher\" content=\"https:\/\/www.facebook.com\/cope\/\" \/>\n<meta property=\"article:published_time\" content=\"2025-09-24T07:13:59+00:00\" \/>\n<meta property=\"og:image\" content=\"http:\/\/www.cope.es\/blogs\/derosca\/wp-content\/uploads\/sites\/22\/2025\/09\/Stefan_Kretzschmar_08.jpg\" \/>\n\t<meta property=\"og:image:width\" content=\"800\" \/>\n\t<meta property=\"og:image:height\" content=\"615\" \/>\n\t<meta property=\"og:image:type\" content=\"image\/jpeg\" \/>\n<meta name=\"author\" content=\"Luis Malvar\" \/>\n<meta name=\"twitter:card\" content=\"summary_large_image\" \/>\n<meta name=\"twitter:creator\" content=\"@cope_es\" \/>\n<meta name=\"twitter:site\" content=\"@cope_es\" \/>\n<meta name=\"twitter:label1\" content=\"Escrito por\" \/>\n\t<meta name=\"twitter:data1\" content=\"Luis Malvar\" \/>\n\t<meta name=\"twitter:label2\" content=\"Tiempo de lectura\" \/>\n\t<meta name=\"twitter:data2\" content=\"2 minutos\" \/>\n<script type=\"application\/ld+json\" class=\"yoast-schema-graph\">{\"@context\":\"https:\\\/\\\/schema.org\",\"@graph\":[{\"@type\":\"Article\",\"@id\":\"https:\\\/\\\/www.cope.es\\\/blogs\\\/derosca\\\/2025\\\/09\\\/24\\\/stefan-kretzschmar-y-jaron-siewert-despedidos-del-fuchse-berlin\\\/#article\",\"isPartOf\":{\"@id\":\"https:\\\/\\\/www.cope.es\\\/blogs\\\/derosca\\\/2025\\\/09\\\/24\\\/stefan-kretzschmar-y-jaron-siewert-despedidos-del-fuchse-berlin\\\/\"},\"author\":{\"name\":\"Luis Malvar\",\"@id\":\"https:\\\/\\\/www.cope.es\\\/blogs\\\/derosca\\\/#\\\/schema\\\/person\\\/02d6fa6fa8d8db60f83303875a4ff77f\"},\"headline\":\"Stefan Kretzschmar y Jaron Siewert despedidos del F\u00fcchse Berlin\",\"datePublished\":\"2025-09-24T07:13:59+00:00\",\"mainEntityOfPage\":{\"@id\":\"https:\\\/\\\/www.cope.es\\\/blogs\\\/derosca\\\/2025\\\/09\\\/24\\\/stefan-kretzschmar-y-jaron-siewert-despedidos-del-fuchse-berlin\\\/\"},\"wordCount\":325,\"commentCount\":0,\"image\":{\"@id\":\"https:\\\/\\\/www.cope.es\\\/blogs\\\/derosca\\\/2025\\\/09\\\/24\\\/stefan-kretzschmar-y-jaron-siewert-despedidos-del-fuchse-berlin\\\/#primaryimage\"},\"thumbnailUrl\":\"https:\\\/\\\/www.cope.es\\\/blogs\\\/derosca\\\/wp-content\\\/uploads\\\/sites\\\/22\\\/2025\\\/09\\\/Stefan_Kretzschmar_08.jpg\",\"articleSection\":[\"Balonmano\"],\"inLanguage\":\"es\",\"potentialAction\":[{\"@type\":\"CommentAction\",\"name\":\"Comment\",\"target\":[\"https:\\\/\\\/www.cope.es\\\/blogs\\\/derosca\\\/2025\\\/09\\\/24\\\/stefan-kretzschmar-y-jaron-siewert-despedidos-del-fuchse-berlin\\\/#respond\"]}]},{\"@type\":\"WebPage\",\"@id\":\"https:\\\/\\\/www.cope.es\\\/blogs\\\/derosca\\\/2025\\\/09\\\/24\\\/stefan-kretzschmar-y-jaron-siewert-despedidos-del-fuchse-berlin\\\/\",\"url\":\"https:\\\/\\\/www.cope.es\\\/blogs\\\/derosca\\\/2025\\\/09\\\/24\\\/stefan-kretzschmar-y-jaron-siewert-despedidos-del-fuchse-berlin\\\/\",\"name\":\"Stefan Kretzschmar y Jaron Siewert despedidos del F\u00fcchse Berlin - Derosca\",\"isPartOf\":{\"@id\":\"https:\\\/\\\/www.cope.es\\\/blogs\\\/derosca\\\/#website\"},\"primaryImageOfPage\":{\"@id\":\"https:\\\/\\\/www.cope.es\\\/blogs\\\/derosca\\\/2025\\\/09\\\/24\\\/stefan-kretzschmar-y-jaron-siewert-despedidos-del-fuchse-berlin\\\/#primaryimage\"},\"image\":{\"@id\":\"https:\\\/\\\/www.cope.es\\\/blogs\\\/derosca\\\/2025\\\/09\\\/24\\\/stefan-kretzschmar-y-jaron-siewert-despedidos-del-fuchse-berlin\\\/#primaryimage\"},\"thumbnailUrl\":\"https:\\\/\\\/www.cope.es\\\/blogs\\\/derosca\\\/wp-content\\\/uploads\\\/sites\\\/22\\\/2025\\\/09\\\/Stefan_Kretzschmar_08.jpg\",\"datePublished\":\"2025-09-24T07:13:59+00:00\",\"author\":{\"@id\":\"https:\\\/\\\/www.cope.es\\\/blogs\\\/derosca\\\/#\\\/schema\\\/person\\\/02d6fa6fa8d8db60f83303875a4ff77f\"},\"breadcrumb\":{\"@id\":\"https:\\\/\\\/www.cope.es\\\/blogs\\\/derosca\\\/2025\\\/09\\\/24\\\/stefan-kretzschmar-y-jaron-siewert-despedidos-del-fuchse-berlin\\\/#breadcrumb\"},\"inLanguage\":\"es\",\"potentialAction\":[{\"@type\":\"ReadAction\",\"target\":[\"https:\\\/\\\/www.cope.es\\\/blogs\\\/derosca\\\/2025\\\/09\\\/24\\\/stefan-kretzschmar-y-jaron-siewert-despedidos-del-fuchse-berlin\\\/\"]}]},{\"@type\":\"ImageObject\",\"inLanguage\":\"es\",\"@id\":\"https:\\\/\\\/www.cope.es\\\/blogs\\\/derosca\\\/2025\\\/09\\\/24\\\/stefan-kretzschmar-y-jaron-siewert-despedidos-del-fuchse-berlin\\\/#primaryimage\",\"url\":\"https:\\\/\\\/www.cope.es\\\/blogs\\\/derosca\\\/wp-content\\\/uploads\\\/sites\\\/22\\\/2025\\\/09\\\/Stefan_Kretzschmar_08.jpg\",\"contentUrl\":\"https:\\\/\\\/www.cope.es\\\/blogs\\\/derosca\\\/wp-content\\\/uploads\\\/sites\\\/22\\\/2025\\\/09\\\/Stefan_Kretzschmar_08.jpg\",\"width\":800,\"height\":615,\"caption\":\"Stefan Kretzschmar y Jaron Siewert despedidos del F\u00fcchse Berlin\"},{\"@type\":\"BreadcrumbList\",\"@id\":\"https:\\\/\\\/www.cope.es\\\/blogs\\\/derosca\\\/2025\\\/09\\\/24\\\/stefan-kretzschmar-y-jaron-siewert-despedidos-del-fuchse-berlin\\\/#breadcrumb\",\"itemListElement\":[{\"@type\":\"ListItem\",\"position\":1,\"name\":\"Portada\",\"item\":\"https:\\\/\\\/www.cope.es\\\/blogs\\\/derosca\\\/\"},{\"@type\":\"ListItem\",\"position\":2,\"name\":\"Stefan Kretzschmar y Jaron Siewert despedidos del F\u00fcchse Berlin\"}]},{\"@type\":\"WebSite\",\"@id\":\"https:\\\/\\\/www.cope.es\\\/blogs\\\/derosca\\\/#website\",\"url\":\"https:\\\/\\\/www.cope.es\\\/blogs\\\/derosca\\\/\",\"name\":\"Derosca\",\"description\":\"Blog de balonmano COPE\",\"potentialAction\":[{\"@type\":\"SearchAction\",\"target\":{\"@type\":\"EntryPoint\",\"urlTemplate\":\"https:\\\/\\\/www.cope.es\\\/blogs\\\/derosca\\\/?s={search_term_string}\"},\"query-input\":{\"@type\":\"PropertyValueSpecification\",\"valueRequired\":true,\"valueName\":\"search_term_string\"}}],\"inLanguage\":\"es\"},{\"@type\":\"Person\",\"@id\":\"https:\\\/\\\/www.cope.es\\\/blogs\\\/derosca\\\/#\\\/schema\\\/person\\\/02d6fa6fa8d8db60f83303875a4ff77f\",\"name\":\"Luis Malvar\",\"image\":{\"@type\":\"ImageObject\",\"inLanguage\":\"es\",\"@id\":\"https:\\\/\\\/secure.gravatar.com\\\/avatar\\\/23cd47dec2904689b3ccd32d1dd3e86c7cbf60dcf7376c68854f761a4939534f?s=96&d=mm&r=g\",\"url\":\"https:\\\/\\\/secure.gravatar.com\\\/avatar\\\/23cd47dec2904689b3ccd32d1dd3e86c7cbf60dcf7376c68854f761a4939534f?s=96&d=mm&r=g\",\"contentUrl\":\"https:\\\/\\\/secure.gravatar.com\\\/avatar\\\/23cd47dec2904689b3ccd32d1dd3e86c7cbf60dcf7376c68854f761a4939534f?s=96&d=mm&r=g\",\"caption\":\"Luis Malvar\"},\"description\":\"Comenc\u00e9 la andadura del Blog Derosca all\u00e1 por el 22 de Mayo de 2008. Un blog en el que se trata de llevar a los numerosos aficionados y amantes del mundo del balonmano toda la actualidad de nuestro apasionante deporte. Una ventana que sirve para dar luz a las innumerables noticias que genera el balonmano y que habitualmente no tienen reflejo en los medios de comunicaci\u00f3n. Sin lugar a dudas el Blog Derosca cuenta con un apartado que tiene a gala contar con miles de seguidores como es \u201cMis Pajaritos\u201d en donde se relatan y narran todas las intrahistorias que se generan en el balonmano espa\u00f1ol y que incomoda a m\u00e1s de uno que salgan a la luz.!Gracias por seguirnos durante todos estos a\u00f1os\u00a1\",\"sameAs\":[\"http:\\\/\\\/www.cope.es\",\"lmalvar\"],\"url\":\"https:\\\/\\\/www.cope.es\\\/blogs\\\/derosca\\\/author\\\/lmalvar\\\/\"}]}<\/script>\n<!-- \/ Yoast SEO plugin. -->","yoast_head_json":{"title":"Stefan Kretzschmar y Jaron Siewert despedidos del F\u00fcchse Berlin - Derosca","robots":{"index":"index","follow":"follow","max-snippet":"max-snippet:-1","max-image-preview":"max-image-preview:large","max-video-preview":"max-video-preview:-1"},"canonical":"https:\/\/www.cope.es\/blogs\/derosca\/2025\/09\/24\/stefan-kretzschmar-y-jaron-siewert-despedidos-del-fuchse-berlin\/","og_locale":"es_ES","og_type":"article","og_title":"Stefan Kretzschmar y Jaron Siewert despedidos del F\u00fcchse Berlin - Derosca","og_description":"Tremendo lo que est\u00e1 pasando en las \u00faltimas semanas en el conjunto de Berl\u00edn: El F\u00fcchse Berl\u00e7in anunci\u00f3 hace unas fechas la salida inmediata de su Director Deportivo, Stefan Kretzschmar, y de su entrenador, Jaron Siewert. La decisi\u00f3n, tomada por unanimidad de los accionistas, marca un punto de inflexi\u00f3n para el vigente campe\u00f3n alem\u00e1n. Aunque [&hellip;]","og_url":"https:\/\/www.cope.es\/blogs\/derosca\/2025\/09\/24\/stefan-kretzschmar-y-jaron-siewert-despedidos-del-fuchse-berlin\/","og_site_name":"Derosca","article_publisher":"https:\/\/www.facebook.com\/cope\/","article_published_time":"2025-09-24T07:13:59+00:00","og_image":[{"width":800,"height":615,"url":"http:\/\/www.cope.es\/blogs\/derosca\/wp-content\/uploads\/sites\/22\/2025\/09\/Stefan_Kretzschmar_08.jpg","type":"image\/jpeg"}],"author":"Luis Malvar","twitter_card":"summary_large_image","twitter_creator":"@cope_es","twitter_site":"@cope_es","twitter_misc":{"Escrito por":"Luis Malvar","Tiempo de lectura":"2 minutos"},"schema":{"@context":"https:\/\/schema.org","@graph":[{"@type":"Article","@id":"https:\/\/www.cope.es\/blogs\/derosca\/2025\/09\/24\/stefan-kretzschmar-y-jaron-siewert-despedidos-del-fuchse-berlin\/#article","isPartOf":{"@id":"https:\/\/www.cope.es\/blogs\/derosca\/2025\/09\/24\/stefan-kretzschmar-y-jaron-siewert-despedidos-del-fuchse-berlin\/"},"author":{"name":"Luis Malvar","@id":"https:\/\/www.cope.es\/blogs\/derosca\/#\/schema\/person\/02d6fa6fa8d8db60f83303875a4ff77f"},"headline":"Stefan Kretzschmar y Jaron Siewert despedidos del F\u00fcchse Berlin","datePublished":"2025-09-24T07:13:59+00:00","mainEntityOfPage":{"@id":"https:\/\/www.cope.es\/blogs\/derosca\/2025\/09\/24\/stefan-kretzschmar-y-jaron-siewert-despedidos-del-fuchse-berlin\/"},"wordCount":325,"commentCount":0,"image":{"@id":"https:\/\/www.cope.es\/blogs\/derosca\/2025\/09\/24\/stefan-kretzschmar-y-jaron-siewert-despedidos-del-fuchse-berlin\/#primaryimage"},"thumbnailUrl":"https:\/\/www.cope.es\/blogs\/derosca\/wp-content\/uploads\/sites\/22\/2025\/09\/Stefan_Kretzschmar_08.jpg","articleSection":["Balonmano"],"inLanguage":"es","potentialAction":[{"@type":"CommentAction","name":"Comment","target":["https:\/\/www.cope.es\/blogs\/derosca\/2025\/09\/24\/stefan-kretzschmar-y-jaron-siewert-despedidos-del-fuchse-berlin\/#respond"]}]},{"@type":"WebPage","@id":"https:\/\/www.cope.es\/blogs\/derosca\/2025\/09\/24\/stefan-kretzschmar-y-jaron-siewert-despedidos-del-fuchse-berlin\/","url":"https:\/\/www.cope.es\/blogs\/derosca\/2025\/09\/24\/stefan-kretzschmar-y-jaron-siewert-despedidos-del-fuchse-berlin\/","name":"Stefan Kretzschmar y Jaron Siewert despedidos del F\u00fcchse Berlin - Derosca","isPartOf":{"@id":"https:\/\/www.cope.es\/blogs\/derosca\/#website"},"primaryImageOfPage":{"@id":"https:\/\/www.cope.es\/blogs\/derosca\/2025\/09\/24\/stefan-kretzschmar-y-jaron-siewert-despedidos-del-fuchse-berlin\/#primaryimage"},"image":{"@id":"https:\/\/www.cope.es\/blogs\/derosca\/2025\/09\/24\/stefan-kretzschmar-y-jaron-siewert-despedidos-del-fuchse-berlin\/#primaryimage"},"thumbnailUrl":"https:\/\/www.cope.es\/blogs\/derosca\/wp-content\/uploads\/sites\/22\/2025\/09\/Stefan_Kretzschmar_08.jpg","datePublished":"2025-09-24T07:13:59+00:00","author":{"@id":"https:\/\/www.cope.es\/blogs\/derosca\/#\/schema\/person\/02d6fa6fa8d8db60f83303875a4ff77f"},"breadcrumb":{"@id":"https:\/\/www.cope.es\/blogs\/derosca\/2025\/09\/24\/stefan-kretzschmar-y-jaron-siewert-despedidos-del-fuchse-berlin\/#breadcrumb"},"inLanguage":"es","potentialAction":[{"@type":"ReadAction","target":["https:\/\/www.cope.es\/blogs\/derosca\/2025\/09\/24\/stefan-kretzschmar-y-jaron-siewert-despedidos-del-fuchse-berlin\/"]}]},{"@type":"ImageObject","inLanguage":"es","@id":"https:\/\/www.cope.es\/blogs\/derosca\/2025\/09\/24\/stefan-kretzschmar-y-jaron-siewert-despedidos-del-fuchse-berlin\/#primaryimage","url":"https:\/\/www.cope.es\/blogs\/derosca\/wp-content\/uploads\/sites\/22\/2025\/09\/Stefan_Kretzschmar_08.jpg","contentUrl":"https:\/\/www.cope.es\/blogs\/derosca\/wp-content\/uploads\/sites\/22\/2025\/09\/Stefan_Kretzschmar_08.jpg","width":800,"height":615,"caption":"Stefan Kretzschmar y Jaron Siewert despedidos del F\u00fcchse Berlin"},{"@type":"BreadcrumbList","@id":"https:\/\/www.cope.es\/blogs\/derosca\/2025\/09\/24\/stefan-kretzschmar-y-jaron-siewert-despedidos-del-fuchse-berlin\/#breadcrumb","itemListElement":[{"@type":"ListItem","position":1,"name":"Portada","item":"https:\/\/www.cope.es\/blogs\/derosca\/"},{"@type":"ListItem","position":2,"name":"Stefan Kretzschmar y Jaron Siewert despedidos del F\u00fcchse Berlin"}]},{"@type":"WebSite","@id":"https:\/\/www.cope.es\/blogs\/derosca\/#website","url":"https:\/\/www.cope.es\/blogs\/derosca\/","name":"Derosca","description":"Blog de balonmano COPE","potentialAction":[{"@type":"SearchAction","target":{"@type":"EntryPoint","urlTemplate":"https:\/\/www.cope.es\/blogs\/derosca\/?s={search_term_string}"},"query-input":{"@type":"PropertyValueSpecification","valueRequired":true,"valueName":"search_term_string"}}],"inLanguage":"es"},{"@type":"Person","@id":"https:\/\/www.cope.es\/blogs\/derosca\/#\/schema\/person\/02d6fa6fa8d8db60f83303875a4ff77f","name":"Luis Malvar","image":{"@type":"ImageObject","inLanguage":"es","@id":"https:\/\/secure.gravatar.com\/avatar\/23cd47dec2904689b3ccd32d1dd3e86c7cbf60dcf7376c68854f761a4939534f?s=96&d=mm&r=g","url":"https:\/\/secure.gravatar.com\/avatar\/23cd47dec2904689b3ccd32d1dd3e86c7cbf60dcf7376c68854f761a4939534f?s=96&d=mm&r=g","contentUrl":"https:\/\/secure.gravatar.com\/avatar\/23cd47dec2904689b3ccd32d1dd3e86c7cbf60dcf7376c68854f761a4939534f?s=96&d=mm&r=g","caption":"Luis Malvar"},"description":"Comenc\u00e9 la andadura del Blog Derosca all\u00e1 por el 22 de Mayo de 2008. Un blog en el que se trata de llevar a los numerosos aficionados y amantes del mundo del balonmano toda la actualidad de nuestro apasionante deporte. Una ventana que sirve para dar luz a las innumerables noticias que genera el balonmano y que habitualmente no tienen reflejo en los medios de comunicaci\u00f3n. Sin lugar a dudas el Blog Derosca cuenta con un apartado que tiene a gala contar con miles de seguidores como es \u201cMis Pajaritos\u201d en donde se relatan y narran todas las intrahistorias que se generan en el balonmano espa\u00f1ol y que incomoda a m\u00e1s de uno que salgan a la luz.!Gracias por seguirnos durante todos estos a\u00f1os\u00a1","sameAs":["http:\/\/www.cope.es","lmalvar"],"url":"https:\/\/www.cope.es\/blogs\/derosca\/author\/lmalvar\/"}]}},"amp_enabled":true,"_links":{"self":[{"href":"https:\/\/www.cope.es\/blogs\/derosca\/wp-json\/wp\/v2\/posts\/4668","targetHints":{"allow":["GET"]}}],"collection":[{"href":"https:\/\/www.cope.es\/blogs\/derosca\/wp-json\/wp\/v2\/posts"}],"about":[{"href":"https:\/\/www.cope.es\/blogs\/derosca\/wp-json\/wp\/v2\/types\/post"}],"author":[{"embeddable":true,"href":"https:\/\/www.cope.es\/blogs\/derosca\/wp-json\/wp\/v2\/users\/23"}],"replies":[{"embeddable":true,"href":"https:\/\/www.cope.es\/blogs\/derosca\/wp-json\/wp\/v2\/comments?post=4668"}],"version-history":[{"count":1,"href":"https:\/\/www.cope.es\/blogs\/derosca\/wp-json\/wp\/v2\/posts\/4668\/revisions"}],"predecessor-version":[{"id":4670,"href":"https:\/\/www.cope.es\/blogs\/derosca\/wp-json\/wp\/v2\/posts\/4668\/revisions\/4670"}],"wp:featuredmedia":[{"embeddable":true,"href":"https:\/\/www.cope.es\/blogs\/derosca\/wp-json\/wp\/v2\/media\/4669"}],"wp:attachment":[{"href":"https:\/\/www.cope.es\/blogs\/derosca\/wp-json\/wp\/v2\/media?parent=4668"}],"wp:term":[{"taxonomy":"category","embeddable":true,"href":"https:\/\/www.cope.es\/blogs\/derosca\/wp-json\/wp\/v2\/categories?post=4668"},{"taxonomy":"post_tag","embeddable":true,"href":"https:\/\/www.cope.es\/blogs\/derosca\/wp-json\/wp\/v2\/tags?post=4668"}],"curies":[{"name":"wp","href":"https:\/\/api.w.org\/{rel}","templated":true}]}}