{"id":456,"date":"2018-12-18T09:24:21","date_gmt":"2018-12-18T08:24:21","guid":{"rendered":"http:\/\/www.cope.es\/blogs\/derosca\/?p=456"},"modified":"2018-12-18T09:24:21","modified_gmt":"2018-12-18T08:24:21","slug":"estos-son-los-21-jugadores-elegidos-para-el-all-star-2019-bundesliga","status":"publish","type":"post","link":"https:\/\/www.cope.es\/blogs\/derosca\/2018\/12\/18\/estos-son-los-21-jugadores-elegidos-para-el-all-star-2019-bundesliga\/","title":{"rendered":"Estos son los 21 jugadores elegidos para el All Star 2019 Bundesliga"},"content":{"rendered":"<p><span style=\"color: #333333\"><span style=\"font-family: Arial, sans-serif\"><span style=\"font-size: medium\">Uno de los partidos que m\u00e1s atraen a los aficionados alemanes a lo largo de la temporada suele ser el encuentro de All Star en donde las grandes estrellas de la Bundesliga hacen las delicias en un partido espect\u00e1culo para todos los amantes del balonmano enfrent\u00e1ndose a la Selecci\u00f3n de Alemania. Dicho partido se jugar\u00e1 el 1 de Febrero.<\/span><\/span><\/span><\/p>\n<p><span style=\"color: #333333\"><span style=\"font-family: Arial, sans-serif\"><span style=\"font-size: medium\">De momentos los aficionados germanos ya han elegido a los 21 jugadores que van a estar presentes en el All Star 2019. Una elecci\u00f3n por parte de los aficionados que se ha realizado mediante la designaci\u00f3n de 14 jugadores y un entrenado. Por su parte los entrenadores de los equipos de la Bundesliga han designado un jugador m\u00e1s por posici\u00f3n hasta completar los 21 jugadores y otro t\u00e9cnico m\u00e1s para que sean dos los entrenadores en el banquillo.<\/span><\/span><\/span><\/p>\n<p><span style=\"color: #333333\"><span style=\"font-family: Arial, sans-serif\"><span style=\"font-size: medium\">Estos son los 21 jugadores que han sido elegidos para disputar el All Star 2019 de la Bundesliga:<\/span><\/span><\/span><\/p>\n<p><strong><span style=\"color: #333333\"><span style=\"font-family: Arial, sans-serif\"><span style=\"font-size: medium\"><u><b>Porteros<\/b><\/u><\/span><\/span><\/span><\/strong><strong><span style=\"color: #333333\"><span style=\"font-family: Arial, sans-serif\"><span style=\"font-size: medium\"><b>: <\/b><\/span><\/span><\/span><\/strong><span style=\"color: #333333\"><span style=\"font-family: Arial, sans-serif\"><span style=\"font-size: medium\">Appelgren (Rhein-Neckar L\u00f6wen), Buric (Flensburg-Handewitt) y <\/span><\/span><\/span><em><span style=\"color: #333333\"><span style=\"font-family: Arial, sans-serif\"><span style=\"font-size: medium\">Johannes Bitter (TVB 1898 Stuttgart).<\/span><\/span><\/span><\/em><\/p>\n<p><strong><span style=\"color: #333333\"><span style=\"font-family: Arial, sans-serif\"><span style=\"font-size: medium\"><u><b>Extremo Izquierdo<\/b><\/u><\/span><\/span><\/span><\/strong><strong><span style=\"color: #333333\"><span style=\"font-family: Arial, sans-serif\"><span style=\"font-size: medium\"><b>: <\/b><\/span><\/span><\/span><\/strong><span style=\"color: #333333\"><span style=\"font-family: Arial, sans-serif\"><span style=\"font-size: medium\">Sigurdsson (Rhein-Neckar L\u00f6wen), Hampus Wanne (Flensburg-Handewitt) y <\/span><\/span><\/span><em><span style=\"color: #333333\"><span style=\"font-family: Arial, sans-serif\"><span style=\"font-size: medium\">Marcel Schiller (FRISCH AUF G\u00f6ppingen).<\/span><\/span><\/span><\/em><\/p>\n<p><strong><span style=\"color: #333333\"><span style=\"font-family: Arial, sans-serif\"><span style=\"font-size: medium\"><u><b>Lateral Izquierdo<\/b><\/u><\/span><\/span><\/span><\/strong><strong><span style=\"color: #333333\"><span style=\"font-family: Arial, sans-serif\"><span style=\"font-size: medium\"><b>: <\/b><\/span><\/span><\/span><\/strong><span style=\"color: #333333\"><span style=\"font-family: Arial, sans-serif\"><span style=\"font-size: medium\">Rasmus Lauge (Flensburg-Handewitt), Nikola Bilyk (THW Kiel) y <\/span><\/span><\/span><em><span style=\"color: #333333\"><span style=\"font-family: Arial, sans-serif\"><span style=\"font-size: medium\">Linus Arnesson (Bergischer).<\/span><\/span><\/span><\/em><\/p>\n<p><strong><span style=\"color: #333333\"><span style=\"font-family: Arial, sans-serif\"><span style=\"font-size: medium\"><u><b>Central<\/b><\/u><\/span><\/span><\/span><\/strong><strong><span style=\"color: #333333\"><span style=\"font-family: Arial, sans-serif\"><span style=\"font-size: medium\"><b>: <\/b><\/span><\/span><\/span><\/strong><span style=\"color: #333333\"><span style=\"font-family: Arial, sans-serif\"><span style=\"font-size: medium\">Schmid (Rhein-Neckar L\u00f6wen), Michael Kraus (TVB 1898 Stuttgart) y <\/span><\/span><\/span><em><span style=\"color: #333333\"><span style=\"font-family: Arial, sans-serif\"><span style=\"font-size: medium\">Marko Bezjak (Magdeburg).<\/span><\/span><\/span><\/em><\/p>\n<p><strong><span style=\"color: #333333\"><span style=\"font-family: Arial, sans-serif\"><span style=\"font-size: medium\"><u><b>Lateral Derecho<\/b><\/u><\/span><\/span><\/span><\/strong><strong><span style=\"color: #333333\"><span style=\"font-family: Arial, sans-serif\"><span style=\"font-size: medium\"><b>: <\/b><\/span><\/span><\/span><\/strong><span style=\"color: #333333\"><span style=\"font-family: Arial, sans-serif\"><span style=\"font-size: medium\">Glandorf (Flensburg-Handewitt), Petersson (Rhein-Neckar L\u00f6wen) y <\/span><\/span><\/span><em><span style=\"color: #333333\"><span style=\"font-family: Arial, sans-serif\"><span style=\"font-size: medium\">Lagergren (Magdeburg).<\/span><\/span><\/span><\/em><\/p>\n<p><strong><span style=\"color: #333333\"><span style=\"font-family: Arial, sans-serif\"><span style=\"font-size: medium\"><u><b>Extremo Derecho<\/b><\/u><\/span><\/span><\/span><\/strong><strong><span style=\"color: #333333\"><span style=\"font-family: Arial, sans-serif\"><span style=\"font-size: medium\"><b>: <\/b><\/span><\/span><\/span><\/strong><span style=\"color: #333333\"><span style=\"font-family: Arial, sans-serif\"><span style=\"font-size: medium\">Lasse Svan Hansen (Flensburg-Handewitt), Niclas Ekberg (THW Kiel) y <\/span><\/span><\/span><em><span style=\"color: #333333\"><span style=\"font-family: Arial, sans-serif\"><span style=\"font-size: medium\">Robert Weber (Magdeburg).<\/span><\/span><\/span><\/em><\/p>\n<p><strong><span style=\"color: #333333\"><span style=\"font-family: Arial, sans-serif\"><span style=\"font-size: medium\"><u><b>Pivote<\/b><\/u><\/span><\/span><\/span><\/strong><strong><span style=\"color: #333333\"><span style=\"font-family: Arial, sans-serif\"><span style=\"font-size: medium\"><b>: <\/b><\/span><\/span><\/span><\/strong><span style=\"color: #333333\"><span style=\"font-family: Arial, sans-serif\"><span style=\"font-size: medium\">Golla (Flensburg-Handewitt), Musa (Magdeburg) y <\/span><\/span><\/span><em><span style=\"color: #333333\"><span style=\"font-family: Arial, sans-serif\"><span style=\"font-size: medium\">Moritz Preuss (Gummersbach).<\/span><\/span><\/span><\/em><\/p>\n<p><strong><span style=\"color: #333333\"><span style=\"font-family: Arial, sans-serif\"><span style=\"font-size: medium\"><u><b>Entrenadores<\/b><\/u><\/span><\/span><\/span><\/strong><strong><span style=\"color: #333333\"><span style=\"font-family: Arial, sans-serif\"><span style=\"font-size: medium\"><b>: <\/b><\/span><\/span><\/span><\/strong><span style=\"color: #333333\"><span style=\"font-family: Arial, sans-serif\"><span style=\"font-size: medium\">Nikolaj Jacobsen (Rhein-Neckar L\u00f6wen) y <\/span><\/span><\/span><em><span style=\"color: #333333\"><span style=\"font-family: Arial, sans-serif\"><span style=\"font-size: medium\">Maik Machulla (Flensburg-Handewitt).<\/span><\/span><\/span><\/em><\/p>\n<p><span style=\"color: #02171d\"><span style=\"font-family: Arial, sans-serif\"><span style=\"font-size: medium\">Seguirnos en twitter:\u00a0<\/span><\/span><\/span><span style=\"color: #000080\"><span><u><a href=\"https:\/\/twitter.com\/\"><span style=\"font-family: Arial, sans-serif\"><span style=\"font-size: medium\">https:\/\/twitter.com\/#!\/deroscacope<\/span><\/span><\/a><\/u><\/span><\/span><\/p>\n","protected":false},"excerpt":{"rendered":"<p>Uno de los partidos que m\u00e1s atraen a los aficionados alemanes a lo largo de la temporada suele ser el encuentro de All Star en donde las grandes estrellas de la Bundesliga hacen las delicias en un partido espect\u00e1culo para todos los amantes del balonmano enfrent\u00e1ndose a la Selecci\u00f3n de Alemania. Dicho partido se jugar\u00e1 [&hellip;]<\/p>\n","protected":false},"author":23,"featured_media":457,"comment_status":"open","ping_status":"open","sticky":false,"template":"","format":"standard","meta":{"footnotes":""},"categories":[3],"tags":[],"class_list":["post-456","post","type-post","status-publish","format-standard","has-post-thumbnail","hentry","category-balonmano"],"yoast_head":"<!-- This site is optimized with the Yoast SEO plugin v27.4 - https:\/\/yoast.com\/product\/yoast-seo-wordpress\/ -->\n<title>Estos son los 21 jugadores elegidos para el All Star 2019 Bundesliga - Derosca<\/title>\n<meta name=\"robots\" content=\"index, follow, max-snippet:-1, max-image-preview:large, max-video-preview:-1\" \/>\n<link rel=\"canonical\" href=\"https:\/\/www.cope.es\/blogs\/derosca\/2018\/12\/18\/estos-son-los-21-jugadores-elegidos-para-el-all-star-2019-bundesliga\/\" \/>\n<meta property=\"og:locale\" content=\"es_ES\" \/>\n<meta property=\"og:type\" content=\"article\" \/>\n<meta property=\"og:title\" content=\"Estos son los 21 jugadores elegidos para el All Star 2019 Bundesliga - Derosca\" \/>\n<meta property=\"og:description\" content=\"Uno de los partidos que m\u00e1s atraen a los aficionados alemanes a lo largo de la temporada suele ser el encuentro de All Star en donde las grandes estrellas de la Bundesliga hacen las delicias en un partido espect\u00e1culo para todos los amantes del balonmano enfrent\u00e1ndose a la Selecci\u00f3n de Alemania. Dicho partido se jugar\u00e1 [&hellip;]\" \/>\n<meta property=\"og:url\" content=\"https:\/\/www.cope.es\/blogs\/derosca\/2018\/12\/18\/estos-son-los-21-jugadores-elegidos-para-el-all-star-2019-bundesliga\/\" \/>\n<meta property=\"og:site_name\" content=\"Derosca\" \/>\n<meta property=\"article:publisher\" content=\"https:\/\/www.facebook.com\/cope\/\" \/>\n<meta property=\"article:published_time\" content=\"2018-12-18T08:24:21+00:00\" \/>\n<meta property=\"og:image\" content=\"https:\/\/www.cope.es\/blogs\/derosca\/wp-content\/uploads\/sites\/22\/2018\/12\/csm_Handball-All-Star-Game_28c9824bcb.jpg\" \/>\n\t<meta property=\"og:image:width\" content=\"800\" \/>\n\t<meta property=\"og:image:height\" content=\"301\" \/>\n\t<meta property=\"og:image:type\" content=\"image\/jpeg\" \/>\n<meta name=\"author\" content=\"Luis Malvar\" \/>\n<meta name=\"twitter:card\" content=\"summary_large_image\" \/>\n<meta name=\"twitter:creator\" content=\"@cope_es\" \/>\n<meta name=\"twitter:site\" content=\"@cope_es\" \/>\n<meta name=\"twitter:label1\" content=\"Escrito por\" \/>\n\t<meta name=\"twitter:data1\" content=\"Luis Malvar\" \/>\n\t<meta name=\"twitter:label2\" content=\"Tiempo de lectura\" \/>\n\t<meta name=\"twitter:data2\" content=\"1 minuto\" \/>\n<script type=\"application\/ld+json\" class=\"yoast-schema-graph\">{\"@context\":\"https:\\\/\\\/schema.org\",\"@graph\":[{\"@type\":\"Article\",\"@id\":\"https:\\\/\\\/www.cope.es\\\/blogs\\\/derosca\\\/2018\\\/12\\\/18\\\/estos-son-los-21-jugadores-elegidos-para-el-all-star-2019-bundesliga\\\/#article\",\"isPartOf\":{\"@id\":\"https:\\\/\\\/www.cope.es\\\/blogs\\\/derosca\\\/2018\\\/12\\\/18\\\/estos-son-los-21-jugadores-elegidos-para-el-all-star-2019-bundesliga\\\/\"},\"author\":{\"name\":\"Luis Malvar\",\"@id\":\"https:\\\/\\\/www.cope.es\\\/blogs\\\/derosca\\\/#\\\/schema\\\/person\\\/02d6fa6fa8d8db60f83303875a4ff77f\"},\"headline\":\"Estos son los 21 jugadores elegidos para el All Star 2019 Bundesliga\",\"datePublished\":\"2018-12-18T08:24:21+00:00\",\"mainEntityOfPage\":{\"@id\":\"https:\\\/\\\/www.cope.es\\\/blogs\\\/derosca\\\/2018\\\/12\\\/18\\\/estos-son-los-21-jugadores-elegidos-para-el-all-star-2019-bundesliga\\\/\"},\"wordCount\":273,\"commentCount\":0,\"image\":{\"@id\":\"https:\\\/\\\/www.cope.es\\\/blogs\\\/derosca\\\/2018\\\/12\\\/18\\\/estos-son-los-21-jugadores-elegidos-para-el-all-star-2019-bundesliga\\\/#primaryimage\"},\"thumbnailUrl\":\"https:\\\/\\\/www.cope.es\\\/blogs\\\/derosca\\\/wp-content\\\/uploads\\\/sites\\\/22\\\/2018\\\/12\\\/csm_Handball-All-Star-Game_28c9824bcb.jpg\",\"articleSection\":[\"Balonmano\"],\"inLanguage\":\"es\",\"potentialAction\":[{\"@type\":\"CommentAction\",\"name\":\"Comment\",\"target\":[\"https:\\\/\\\/www.cope.es\\\/blogs\\\/derosca\\\/2018\\\/12\\\/18\\\/estos-son-los-21-jugadores-elegidos-para-el-all-star-2019-bundesliga\\\/#respond\"]}]},{\"@type\":\"WebPage\",\"@id\":\"https:\\\/\\\/www.cope.es\\\/blogs\\\/derosca\\\/2018\\\/12\\\/18\\\/estos-son-los-21-jugadores-elegidos-para-el-all-star-2019-bundesliga\\\/\",\"url\":\"https:\\\/\\\/www.cope.es\\\/blogs\\\/derosca\\\/2018\\\/12\\\/18\\\/estos-son-los-21-jugadores-elegidos-para-el-all-star-2019-bundesliga\\\/\",\"name\":\"Estos son los 21 jugadores elegidos para el All Star 2019 Bundesliga - Derosca\",\"isPartOf\":{\"@id\":\"https:\\\/\\\/www.cope.es\\\/blogs\\\/derosca\\\/#website\"},\"primaryImageOfPage\":{\"@id\":\"https:\\\/\\\/www.cope.es\\\/blogs\\\/derosca\\\/2018\\\/12\\\/18\\\/estos-son-los-21-jugadores-elegidos-para-el-all-star-2019-bundesliga\\\/#primaryimage\"},\"image\":{\"@id\":\"https:\\\/\\\/www.cope.es\\\/blogs\\\/derosca\\\/2018\\\/12\\\/18\\\/estos-son-los-21-jugadores-elegidos-para-el-all-star-2019-bundesliga\\\/#primaryimage\"},\"thumbnailUrl\":\"https:\\\/\\\/www.cope.es\\\/blogs\\\/derosca\\\/wp-content\\\/uploads\\\/sites\\\/22\\\/2018\\\/12\\\/csm_Handball-All-Star-Game_28c9824bcb.jpg\",\"datePublished\":\"2018-12-18T08:24:21+00:00\",\"author\":{\"@id\":\"https:\\\/\\\/www.cope.es\\\/blogs\\\/derosca\\\/#\\\/schema\\\/person\\\/02d6fa6fa8d8db60f83303875a4ff77f\"},\"breadcrumb\":{\"@id\":\"https:\\\/\\\/www.cope.es\\\/blogs\\\/derosca\\\/2018\\\/12\\\/18\\\/estos-son-los-21-jugadores-elegidos-para-el-all-star-2019-bundesliga\\\/#breadcrumb\"},\"inLanguage\":\"es\",\"potentialAction\":[{\"@type\":\"ReadAction\",\"target\":[\"https:\\\/\\\/www.cope.es\\\/blogs\\\/derosca\\\/2018\\\/12\\\/18\\\/estos-son-los-21-jugadores-elegidos-para-el-all-star-2019-bundesliga\\\/\"]}]},{\"@type\":\"ImageObject\",\"inLanguage\":\"es\",\"@id\":\"https:\\\/\\\/www.cope.es\\\/blogs\\\/derosca\\\/2018\\\/12\\\/18\\\/estos-son-los-21-jugadores-elegidos-para-el-all-star-2019-bundesliga\\\/#primaryimage\",\"url\":\"https:\\\/\\\/www.cope.es\\\/blogs\\\/derosca\\\/wp-content\\\/uploads\\\/sites\\\/22\\\/2018\\\/12\\\/csm_Handball-All-Star-Game_28c9824bcb.jpg\",\"contentUrl\":\"https:\\\/\\\/www.cope.es\\\/blogs\\\/derosca\\\/wp-content\\\/uploads\\\/sites\\\/22\\\/2018\\\/12\\\/csm_Handball-All-Star-Game_28c9824bcb.jpg\",\"width\":800,\"height\":301,\"caption\":\"Estos son los 21 jugadores elegidos para el All Star 2019 Bundesliga\"},{\"@type\":\"BreadcrumbList\",\"@id\":\"https:\\\/\\\/www.cope.es\\\/blogs\\\/derosca\\\/2018\\\/12\\\/18\\\/estos-son-los-21-jugadores-elegidos-para-el-all-star-2019-bundesliga\\\/#breadcrumb\",\"itemListElement\":[{\"@type\":\"ListItem\",\"position\":1,\"name\":\"Portada\",\"item\":\"https:\\\/\\\/www.cope.es\\\/blogs\\\/derosca\\\/\"},{\"@type\":\"ListItem\",\"position\":2,\"name\":\"Estos son los 21 jugadores elegidos para el All Star 2019 Bundesliga\"}]},{\"@type\":\"WebSite\",\"@id\":\"https:\\\/\\\/www.cope.es\\\/blogs\\\/derosca\\\/#website\",\"url\":\"https:\\\/\\\/www.cope.es\\\/blogs\\\/derosca\\\/\",\"name\":\"Derosca\",\"description\":\"Blog de balonmano COPE\",\"potentialAction\":[{\"@type\":\"SearchAction\",\"target\":{\"@type\":\"EntryPoint\",\"urlTemplate\":\"https:\\\/\\\/www.cope.es\\\/blogs\\\/derosca\\\/?s={search_term_string}\"},\"query-input\":{\"@type\":\"PropertyValueSpecification\",\"valueRequired\":true,\"valueName\":\"search_term_string\"}}],\"inLanguage\":\"es\"},{\"@type\":\"Person\",\"@id\":\"https:\\\/\\\/www.cope.es\\\/blogs\\\/derosca\\\/#\\\/schema\\\/person\\\/02d6fa6fa8d8db60f83303875a4ff77f\",\"name\":\"Luis Malvar\",\"image\":{\"@type\":\"ImageObject\",\"inLanguage\":\"es\",\"@id\":\"https:\\\/\\\/secure.gravatar.com\\\/avatar\\\/23cd47dec2904689b3ccd32d1dd3e86c7cbf60dcf7376c68854f761a4939534f?s=96&d=mm&r=g\",\"url\":\"https:\\\/\\\/secure.gravatar.com\\\/avatar\\\/23cd47dec2904689b3ccd32d1dd3e86c7cbf60dcf7376c68854f761a4939534f?s=96&d=mm&r=g\",\"contentUrl\":\"https:\\\/\\\/secure.gravatar.com\\\/avatar\\\/23cd47dec2904689b3ccd32d1dd3e86c7cbf60dcf7376c68854f761a4939534f?s=96&d=mm&r=g\",\"caption\":\"Luis Malvar\"},\"description\":\"Comenc\u00e9 la andadura del Blog Derosca all\u00e1 por el 22 de Mayo de 2008. Un blog en el que se trata de llevar a los numerosos aficionados y amantes del mundo del balonmano toda la actualidad de nuestro apasionante deporte. Una ventana que sirve para dar luz a las innumerables noticias que genera el balonmano y que habitualmente no tienen reflejo en los medios de comunicaci\u00f3n. Sin lugar a dudas el Blog Derosca cuenta con un apartado que tiene a gala contar con miles de seguidores como es \u201cMis Pajaritos\u201d en donde se relatan y narran todas las intrahistorias que se generan en el balonmano espa\u00f1ol y que incomoda a m\u00e1s de uno que salgan a la luz.!Gracias por seguirnos durante todos estos a\u00f1os\u00a1\",\"sameAs\":[\"http:\\\/\\\/www.cope.es\",\"lmalvar\"],\"url\":\"https:\\\/\\\/www.cope.es\\\/blogs\\\/derosca\\\/author\\\/lmalvar\\\/\"}]}<\/script>\n<!-- \/ Yoast SEO plugin. -->","yoast_head_json":{"title":"Estos son los 21 jugadores elegidos para el All Star 2019 Bundesliga - Derosca","robots":{"index":"index","follow":"follow","max-snippet":"max-snippet:-1","max-image-preview":"max-image-preview:large","max-video-preview":"max-video-preview:-1"},"canonical":"https:\/\/www.cope.es\/blogs\/derosca\/2018\/12\/18\/estos-son-los-21-jugadores-elegidos-para-el-all-star-2019-bundesliga\/","og_locale":"es_ES","og_type":"article","og_title":"Estos son los 21 jugadores elegidos para el All Star 2019 Bundesliga - Derosca","og_description":"Uno de los partidos que m\u00e1s atraen a los aficionados alemanes a lo largo de la temporada suele ser el encuentro de All Star en donde las grandes estrellas de la Bundesliga hacen las delicias en un partido espect\u00e1culo para todos los amantes del balonmano enfrent\u00e1ndose a la Selecci\u00f3n de Alemania. Dicho partido se jugar\u00e1 [&hellip;]","og_url":"https:\/\/www.cope.es\/blogs\/derosca\/2018\/12\/18\/estos-son-los-21-jugadores-elegidos-para-el-all-star-2019-bundesliga\/","og_site_name":"Derosca","article_publisher":"https:\/\/www.facebook.com\/cope\/","article_published_time":"2018-12-18T08:24:21+00:00","og_image":[{"width":800,"height":301,"url":"https:\/\/www.cope.es\/blogs\/derosca\/wp-content\/uploads\/sites\/22\/2018\/12\/csm_Handball-All-Star-Game_28c9824bcb.jpg","type":"image\/jpeg"}],"author":"Luis Malvar","twitter_card":"summary_large_image","twitter_creator":"@cope_es","twitter_site":"@cope_es","twitter_misc":{"Escrito por":"Luis Malvar","Tiempo de lectura":"1 minuto"},"schema":{"@context":"https:\/\/schema.org","@graph":[{"@type":"Article","@id":"https:\/\/www.cope.es\/blogs\/derosca\/2018\/12\/18\/estos-son-los-21-jugadores-elegidos-para-el-all-star-2019-bundesliga\/#article","isPartOf":{"@id":"https:\/\/www.cope.es\/blogs\/derosca\/2018\/12\/18\/estos-son-los-21-jugadores-elegidos-para-el-all-star-2019-bundesliga\/"},"author":{"name":"Luis Malvar","@id":"https:\/\/www.cope.es\/blogs\/derosca\/#\/schema\/person\/02d6fa6fa8d8db60f83303875a4ff77f"},"headline":"Estos son los 21 jugadores elegidos para el All Star 2019 Bundesliga","datePublished":"2018-12-18T08:24:21+00:00","mainEntityOfPage":{"@id":"https:\/\/www.cope.es\/blogs\/derosca\/2018\/12\/18\/estos-son-los-21-jugadores-elegidos-para-el-all-star-2019-bundesliga\/"},"wordCount":273,"commentCount":0,"image":{"@id":"https:\/\/www.cope.es\/blogs\/derosca\/2018\/12\/18\/estos-son-los-21-jugadores-elegidos-para-el-all-star-2019-bundesliga\/#primaryimage"},"thumbnailUrl":"https:\/\/www.cope.es\/blogs\/derosca\/wp-content\/uploads\/sites\/22\/2018\/12\/csm_Handball-All-Star-Game_28c9824bcb.jpg","articleSection":["Balonmano"],"inLanguage":"es","potentialAction":[{"@type":"CommentAction","name":"Comment","target":["https:\/\/www.cope.es\/blogs\/derosca\/2018\/12\/18\/estos-son-los-21-jugadores-elegidos-para-el-all-star-2019-bundesliga\/#respond"]}]},{"@type":"WebPage","@id":"https:\/\/www.cope.es\/blogs\/derosca\/2018\/12\/18\/estos-son-los-21-jugadores-elegidos-para-el-all-star-2019-bundesliga\/","url":"https:\/\/www.cope.es\/blogs\/derosca\/2018\/12\/18\/estos-son-los-21-jugadores-elegidos-para-el-all-star-2019-bundesliga\/","name":"Estos son los 21 jugadores elegidos para el All Star 2019 Bundesliga - Derosca","isPartOf":{"@id":"https:\/\/www.cope.es\/blogs\/derosca\/#website"},"primaryImageOfPage":{"@id":"https:\/\/www.cope.es\/blogs\/derosca\/2018\/12\/18\/estos-son-los-21-jugadores-elegidos-para-el-all-star-2019-bundesliga\/#primaryimage"},"image":{"@id":"https:\/\/www.cope.es\/blogs\/derosca\/2018\/12\/18\/estos-son-los-21-jugadores-elegidos-para-el-all-star-2019-bundesliga\/#primaryimage"},"thumbnailUrl":"https:\/\/www.cope.es\/blogs\/derosca\/wp-content\/uploads\/sites\/22\/2018\/12\/csm_Handball-All-Star-Game_28c9824bcb.jpg","datePublished":"2018-12-18T08:24:21+00:00","author":{"@id":"https:\/\/www.cope.es\/blogs\/derosca\/#\/schema\/person\/02d6fa6fa8d8db60f83303875a4ff77f"},"breadcrumb":{"@id":"https:\/\/www.cope.es\/blogs\/derosca\/2018\/12\/18\/estos-son-los-21-jugadores-elegidos-para-el-all-star-2019-bundesliga\/#breadcrumb"},"inLanguage":"es","potentialAction":[{"@type":"ReadAction","target":["https:\/\/www.cope.es\/blogs\/derosca\/2018\/12\/18\/estos-son-los-21-jugadores-elegidos-para-el-all-star-2019-bundesliga\/"]}]},{"@type":"ImageObject","inLanguage":"es","@id":"https:\/\/www.cope.es\/blogs\/derosca\/2018\/12\/18\/estos-son-los-21-jugadores-elegidos-para-el-all-star-2019-bundesliga\/#primaryimage","url":"https:\/\/www.cope.es\/blogs\/derosca\/wp-content\/uploads\/sites\/22\/2018\/12\/csm_Handball-All-Star-Game_28c9824bcb.jpg","contentUrl":"https:\/\/www.cope.es\/blogs\/derosca\/wp-content\/uploads\/sites\/22\/2018\/12\/csm_Handball-All-Star-Game_28c9824bcb.jpg","width":800,"height":301,"caption":"Estos son los 21 jugadores elegidos para el All Star 2019 Bundesliga"},{"@type":"BreadcrumbList","@id":"https:\/\/www.cope.es\/blogs\/derosca\/2018\/12\/18\/estos-son-los-21-jugadores-elegidos-para-el-all-star-2019-bundesliga\/#breadcrumb","itemListElement":[{"@type":"ListItem","position":1,"name":"Portada","item":"https:\/\/www.cope.es\/blogs\/derosca\/"},{"@type":"ListItem","position":2,"name":"Estos son los 21 jugadores elegidos para el All Star 2019 Bundesliga"}]},{"@type":"WebSite","@id":"https:\/\/www.cope.es\/blogs\/derosca\/#website","url":"https:\/\/www.cope.es\/blogs\/derosca\/","name":"Derosca","description":"Blog de balonmano COPE","potentialAction":[{"@type":"SearchAction","target":{"@type":"EntryPoint","urlTemplate":"https:\/\/www.cope.es\/blogs\/derosca\/?s={search_term_string}"},"query-input":{"@type":"PropertyValueSpecification","valueRequired":true,"valueName":"search_term_string"}}],"inLanguage":"es"},{"@type":"Person","@id":"https:\/\/www.cope.es\/blogs\/derosca\/#\/schema\/person\/02d6fa6fa8d8db60f83303875a4ff77f","name":"Luis Malvar","image":{"@type":"ImageObject","inLanguage":"es","@id":"https:\/\/secure.gravatar.com\/avatar\/23cd47dec2904689b3ccd32d1dd3e86c7cbf60dcf7376c68854f761a4939534f?s=96&d=mm&r=g","url":"https:\/\/secure.gravatar.com\/avatar\/23cd47dec2904689b3ccd32d1dd3e86c7cbf60dcf7376c68854f761a4939534f?s=96&d=mm&r=g","contentUrl":"https:\/\/secure.gravatar.com\/avatar\/23cd47dec2904689b3ccd32d1dd3e86c7cbf60dcf7376c68854f761a4939534f?s=96&d=mm&r=g","caption":"Luis Malvar"},"description":"Comenc\u00e9 la andadura del Blog Derosca all\u00e1 por el 22 de Mayo de 2008. Un blog en el que se trata de llevar a los numerosos aficionados y amantes del mundo del balonmano toda la actualidad de nuestro apasionante deporte. Una ventana que sirve para dar luz a las innumerables noticias que genera el balonmano y que habitualmente no tienen reflejo en los medios de comunicaci\u00f3n. Sin lugar a dudas el Blog Derosca cuenta con un apartado que tiene a gala contar con miles de seguidores como es \u201cMis Pajaritos\u201d en donde se relatan y narran todas las intrahistorias que se generan en el balonmano espa\u00f1ol y que incomoda a m\u00e1s de uno que salgan a la luz.!Gracias por seguirnos durante todos estos a\u00f1os\u00a1","sameAs":["http:\/\/www.cope.es","lmalvar"],"url":"https:\/\/www.cope.es\/blogs\/derosca\/author\/lmalvar\/"}]}},"amp_enabled":true,"_links":{"self":[{"href":"https:\/\/www.cope.es\/blogs\/derosca\/wp-json\/wp\/v2\/posts\/456","targetHints":{"allow":["GET"]}}],"collection":[{"href":"https:\/\/www.cope.es\/blogs\/derosca\/wp-json\/wp\/v2\/posts"}],"about":[{"href":"https:\/\/www.cope.es\/blogs\/derosca\/wp-json\/wp\/v2\/types\/post"}],"author":[{"embeddable":true,"href":"https:\/\/www.cope.es\/blogs\/derosca\/wp-json\/wp\/v2\/users\/23"}],"replies":[{"embeddable":true,"href":"https:\/\/www.cope.es\/blogs\/derosca\/wp-json\/wp\/v2\/comments?post=456"}],"version-history":[{"count":1,"href":"https:\/\/www.cope.es\/blogs\/derosca\/wp-json\/wp\/v2\/posts\/456\/revisions"}],"predecessor-version":[{"id":458,"href":"https:\/\/www.cope.es\/blogs\/derosca\/wp-json\/wp\/v2\/posts\/456\/revisions\/458"}],"wp:featuredmedia":[{"embeddable":true,"href":"https:\/\/www.cope.es\/blogs\/derosca\/wp-json\/wp\/v2\/media\/457"}],"wp:attachment":[{"href":"https:\/\/www.cope.es\/blogs\/derosca\/wp-json\/wp\/v2\/media?parent=456"}],"wp:term":[{"taxonomy":"category","embeddable":true,"href":"https:\/\/www.cope.es\/blogs\/derosca\/wp-json\/wp\/v2\/categories?post=456"},{"taxonomy":"post_tag","embeddable":true,"href":"https:\/\/www.cope.es\/blogs\/derosca\/wp-json\/wp\/v2\/tags?post=456"}],"curies":[{"name":"wp","href":"https:\/\/api.w.org\/{rel}","templated":true}]}}