{"id":4481,"date":"2025-05-07T09:16:04","date_gmt":"2025-05-07T07:16:04","guid":{"rendered":"https:\/\/www.cope.es\/blogs\/derosca\/?p=4481"},"modified":"2025-05-07T09:16:04","modified_gmt":"2025-05-07T07:16:04","slug":"la-gran-portera-holandesa-tess-wester-se-retira-de-las-canchas","status":"publish","type":"post","link":"https:\/\/www.cope.es\/blogs\/derosca\/2025\/05\/07\/la-gran-portera-holandesa-tess-wester-se-retira-de-las-canchas\/","title":{"rendered":"La gran portera holandesa Tess Wester se retira de las canchas"},"content":{"rendered":"<p><span style=\"color: #222222\"><span style=\"font-family: Arial, sans-serif\"><span style=\"font-size: medium\">La m\u00edtica portera holandesa Tess Wester ha anunciado el final de su carrera profesional. Despu\u00e9s de 26 a\u00f1os de entregarse en cuerpo y alma a este incre\u00edble deporte llamado balonmano, es hora que se despida de las pistas esta gran deportista.<\/span><\/span><\/span><\/p>\n<p><span style=\"color: #222222\"><span style=\"font-family: Arial, sans-serif\"><span style=\"font-size: medium\">En declaraciones efectuadas Tess Wester ha manifestado que este deporte le ha dado m\u00e1s de lo que jam\u00e1s podr\u00eda dar a cambio, y \u00a1madre m\u00eda, qu\u00e9 gran viaje ha sido! Si le hubieran dicho a Tess, de 5 a\u00f1os, que ganar\u00eda campeonatos y copas con equipos de toda Europa, que ganar\u00eda medallas en los campeonatos europeos y mundiales, que representar\u00eda a su pa\u00eds en los Juegos Ol\u00edmpicos dos veces y que lo pasar\u00eda de maravilla mientras lo hac\u00eda, apuesto a que no se lo creer\u00eda.<\/span><\/span><\/span><\/p>\n<p><span style=\"color: #222222\"><span style=\"font-family: Arial, sans-serif\"><span style=\"font-size: medium\">Igualmente coment\u00f3 que aunque no siempre fue f\u00e1cil ni divertido. Fue much\u00edsimo trabajo y determinaci\u00f3n. Pero vali\u00f3 la pena. Vali\u00f3 la pena porque hizo amigos de todo el mundo. Amigos que se convirtieron en familia, y con ellos tuvo el honor de crear recuerdos imborrables. Y esos recuerdos valen m\u00e1s que cualquier medalla del mundo. Bueno, quiz\u00e1 no el oro del campeonato mundial de 2019, pero tambi\u00e9n es un gran recuerdo, si se le permite decirlo. Todos ven las medallas, las fotos con el trofeo y las grandes sonrisas. Pero lo que no ven son las horas solos en casa esperando el siguiente entrenamiento, las a veces interminables horas de trabajo que dedicamos a los entrenamientos para alcanzar la perfecci\u00f3n y la decepci\u00f3n que podemos sentir cuando las cosas no salen como esper\u00e1bamos y por las que tanto nos esforzamos.<\/span><\/span><\/span><\/p>\n<p><em><span style=\"color: #666666\"><span style=\"font-family: Arial, sans-serif\"><span style=\"font-size: medium\">Seguirnos en twitter: <\/span><\/span><\/span><\/em><span style=\"color: #000080\"><span><u><a href=\"#!\/deroscacope\"><span style=\"color: #0000ff\"><span style=\"font-family: Arial, sans-serif\"><span style=\"font-size: medium\"><b>https:\/\/twitter.com\/#!\/deroscacope<\/b><\/span><\/span><\/span><\/a><\/u><\/span><\/span><\/p>\n","protected":false},"excerpt":{"rendered":"<p>La m\u00edtica portera holandesa Tess Wester ha anunciado el final de su carrera profesional. Despu\u00e9s de 26 a\u00f1os de entregarse en cuerpo y alma a este incre\u00edble deporte llamado balonmano, es hora que se despida de las pistas esta gran deportista. En declaraciones efectuadas Tess Wester ha manifestado que este deporte le ha dado m\u00e1s [&hellip;]<\/p>\n","protected":false},"author":23,"featured_media":4482,"comment_status":"open","ping_status":"open","sticky":false,"template":"","format":"standard","meta":{"footnotes":""},"categories":[3],"tags":[],"class_list":["post-4481","post","type-post","status-publish","format-standard","has-post-thumbnail","hentry","category-balonmano"],"yoast_head":"<!-- This site is optimized with the Yoast SEO plugin v27.4 - https:\/\/yoast.com\/product\/yoast-seo-wordpress\/ -->\n<title>La gran portera holandesa Tess Wester se retira de las canchas - Derosca<\/title>\n<meta name=\"robots\" content=\"index, follow, max-snippet:-1, max-image-preview:large, max-video-preview:-1\" \/>\n<link rel=\"canonical\" href=\"https:\/\/www.cope.es\/blogs\/derosca\/2025\/05\/07\/la-gran-portera-holandesa-tess-wester-se-retira-de-las-canchas\/\" \/>\n<meta property=\"og:locale\" content=\"es_ES\" \/>\n<meta property=\"og:type\" content=\"article\" \/>\n<meta property=\"og:title\" content=\"La gran portera holandesa Tess Wester se retira de las canchas - Derosca\" \/>\n<meta property=\"og:description\" content=\"La m\u00edtica portera holandesa Tess Wester ha anunciado el final de su carrera profesional. Despu\u00e9s de 26 a\u00f1os de entregarse en cuerpo y alma a este incre\u00edble deporte llamado balonmano, es hora que se despida de las pistas esta gran deportista. En declaraciones efectuadas Tess Wester ha manifestado que este deporte le ha dado m\u00e1s [&hellip;]\" \/>\n<meta property=\"og:url\" content=\"https:\/\/www.cope.es\/blogs\/derosca\/2025\/05\/07\/la-gran-portera-holandesa-tess-wester-se-retira-de-las-canchas\/\" \/>\n<meta property=\"og:site_name\" content=\"Derosca\" \/>\n<meta property=\"article:publisher\" content=\"https:\/\/www.facebook.com\/cope\/\" \/>\n<meta property=\"article:published_time\" content=\"2025-05-07T07:16:04+00:00\" \/>\n<meta property=\"og:image\" content=\"http:\/\/www.cope.es\/blogs\/derosca\/wp-content\/uploads\/sites\/22\/2025\/05\/Tess_Wester_2018.jpg\" \/>\n\t<meta property=\"og:image:width\" content=\"680\" \/>\n\t<meta property=\"og:image:height\" content=\"770\" \/>\n\t<meta property=\"og:image:type\" content=\"image\/jpeg\" \/>\n<meta name=\"author\" content=\"Luis Malvar\" \/>\n<meta name=\"twitter:card\" content=\"summary_large_image\" \/>\n<meta name=\"twitter:creator\" content=\"@cope_es\" \/>\n<meta name=\"twitter:site\" content=\"@cope_es\" \/>\n<meta name=\"twitter:label1\" content=\"Escrito por\" \/>\n\t<meta name=\"twitter:data1\" content=\"Luis Malvar\" \/>\n\t<meta name=\"twitter:label2\" content=\"Tiempo de lectura\" \/>\n\t<meta name=\"twitter:data2\" content=\"2 minutos\" \/>\n<script type=\"application\/ld+json\" class=\"yoast-schema-graph\">{\"@context\":\"https:\\\/\\\/schema.org\",\"@graph\":[{\"@type\":\"Article\",\"@id\":\"https:\\\/\\\/www.cope.es\\\/blogs\\\/derosca\\\/2025\\\/05\\\/07\\\/la-gran-portera-holandesa-tess-wester-se-retira-de-las-canchas\\\/#article\",\"isPartOf\":{\"@id\":\"https:\\\/\\\/www.cope.es\\\/blogs\\\/derosca\\\/2025\\\/05\\\/07\\\/la-gran-portera-holandesa-tess-wester-se-retira-de-las-canchas\\\/\"},\"author\":{\"name\":\"Luis Malvar\",\"@id\":\"https:\\\/\\\/www.cope.es\\\/blogs\\\/derosca\\\/#\\\/schema\\\/person\\\/02d6fa6fa8d8db60f83303875a4ff77f\"},\"headline\":\"La gran portera holandesa Tess Wester se retira de las canchas\",\"datePublished\":\"2025-05-07T07:16:04+00:00\",\"mainEntityOfPage\":{\"@id\":\"https:\\\/\\\/www.cope.es\\\/blogs\\\/derosca\\\/2025\\\/05\\\/07\\\/la-gran-portera-holandesa-tess-wester-se-retira-de-las-canchas\\\/\"},\"wordCount\":306,\"commentCount\":0,\"image\":{\"@id\":\"https:\\\/\\\/www.cope.es\\\/blogs\\\/derosca\\\/2025\\\/05\\\/07\\\/la-gran-portera-holandesa-tess-wester-se-retira-de-las-canchas\\\/#primaryimage\"},\"thumbnailUrl\":\"https:\\\/\\\/www.cope.es\\\/blogs\\\/derosca\\\/wp-content\\\/uploads\\\/sites\\\/22\\\/2025\\\/05\\\/Tess_Wester_2018.jpg\",\"articleSection\":[\"Balonmano\"],\"inLanguage\":\"es\",\"potentialAction\":[{\"@type\":\"CommentAction\",\"name\":\"Comment\",\"target\":[\"https:\\\/\\\/www.cope.es\\\/blogs\\\/derosca\\\/2025\\\/05\\\/07\\\/la-gran-portera-holandesa-tess-wester-se-retira-de-las-canchas\\\/#respond\"]}]},{\"@type\":\"WebPage\",\"@id\":\"https:\\\/\\\/www.cope.es\\\/blogs\\\/derosca\\\/2025\\\/05\\\/07\\\/la-gran-portera-holandesa-tess-wester-se-retira-de-las-canchas\\\/\",\"url\":\"https:\\\/\\\/www.cope.es\\\/blogs\\\/derosca\\\/2025\\\/05\\\/07\\\/la-gran-portera-holandesa-tess-wester-se-retira-de-las-canchas\\\/\",\"name\":\"La gran portera holandesa Tess Wester se retira de las canchas - Derosca\",\"isPartOf\":{\"@id\":\"https:\\\/\\\/www.cope.es\\\/blogs\\\/derosca\\\/#website\"},\"primaryImageOfPage\":{\"@id\":\"https:\\\/\\\/www.cope.es\\\/blogs\\\/derosca\\\/2025\\\/05\\\/07\\\/la-gran-portera-holandesa-tess-wester-se-retira-de-las-canchas\\\/#primaryimage\"},\"image\":{\"@id\":\"https:\\\/\\\/www.cope.es\\\/blogs\\\/derosca\\\/2025\\\/05\\\/07\\\/la-gran-portera-holandesa-tess-wester-se-retira-de-las-canchas\\\/#primaryimage\"},\"thumbnailUrl\":\"https:\\\/\\\/www.cope.es\\\/blogs\\\/derosca\\\/wp-content\\\/uploads\\\/sites\\\/22\\\/2025\\\/05\\\/Tess_Wester_2018.jpg\",\"datePublished\":\"2025-05-07T07:16:04+00:00\",\"author\":{\"@id\":\"https:\\\/\\\/www.cope.es\\\/blogs\\\/derosca\\\/#\\\/schema\\\/person\\\/02d6fa6fa8d8db60f83303875a4ff77f\"},\"breadcrumb\":{\"@id\":\"https:\\\/\\\/www.cope.es\\\/blogs\\\/derosca\\\/2025\\\/05\\\/07\\\/la-gran-portera-holandesa-tess-wester-se-retira-de-las-canchas\\\/#breadcrumb\"},\"inLanguage\":\"es\",\"potentialAction\":[{\"@type\":\"ReadAction\",\"target\":[\"https:\\\/\\\/www.cope.es\\\/blogs\\\/derosca\\\/2025\\\/05\\\/07\\\/la-gran-portera-holandesa-tess-wester-se-retira-de-las-canchas\\\/\"]}]},{\"@type\":\"ImageObject\",\"inLanguage\":\"es\",\"@id\":\"https:\\\/\\\/www.cope.es\\\/blogs\\\/derosca\\\/2025\\\/05\\\/07\\\/la-gran-portera-holandesa-tess-wester-se-retira-de-las-canchas\\\/#primaryimage\",\"url\":\"https:\\\/\\\/www.cope.es\\\/blogs\\\/derosca\\\/wp-content\\\/uploads\\\/sites\\\/22\\\/2025\\\/05\\\/Tess_Wester_2018.jpg\",\"contentUrl\":\"https:\\\/\\\/www.cope.es\\\/blogs\\\/derosca\\\/wp-content\\\/uploads\\\/sites\\\/22\\\/2025\\\/05\\\/Tess_Wester_2018.jpg\",\"width\":680,\"height\":770,\"caption\":\"La gran portera holandesa Tess Wester se retira de las cancha\"},{\"@type\":\"BreadcrumbList\",\"@id\":\"https:\\\/\\\/www.cope.es\\\/blogs\\\/derosca\\\/2025\\\/05\\\/07\\\/la-gran-portera-holandesa-tess-wester-se-retira-de-las-canchas\\\/#breadcrumb\",\"itemListElement\":[{\"@type\":\"ListItem\",\"position\":1,\"name\":\"Portada\",\"item\":\"https:\\\/\\\/www.cope.es\\\/blogs\\\/derosca\\\/\"},{\"@type\":\"ListItem\",\"position\":2,\"name\":\"La gran portera holandesa Tess Wester se retira de las canchas\"}]},{\"@type\":\"WebSite\",\"@id\":\"https:\\\/\\\/www.cope.es\\\/blogs\\\/derosca\\\/#website\",\"url\":\"https:\\\/\\\/www.cope.es\\\/blogs\\\/derosca\\\/\",\"name\":\"Derosca\",\"description\":\"Blog de balonmano COPE\",\"potentialAction\":[{\"@type\":\"SearchAction\",\"target\":{\"@type\":\"EntryPoint\",\"urlTemplate\":\"https:\\\/\\\/www.cope.es\\\/blogs\\\/derosca\\\/?s={search_term_string}\"},\"query-input\":{\"@type\":\"PropertyValueSpecification\",\"valueRequired\":true,\"valueName\":\"search_term_string\"}}],\"inLanguage\":\"es\"},{\"@type\":\"Person\",\"@id\":\"https:\\\/\\\/www.cope.es\\\/blogs\\\/derosca\\\/#\\\/schema\\\/person\\\/02d6fa6fa8d8db60f83303875a4ff77f\",\"name\":\"Luis Malvar\",\"image\":{\"@type\":\"ImageObject\",\"inLanguage\":\"es\",\"@id\":\"https:\\\/\\\/secure.gravatar.com\\\/avatar\\\/23cd47dec2904689b3ccd32d1dd3e86c7cbf60dcf7376c68854f761a4939534f?s=96&d=mm&r=g\",\"url\":\"https:\\\/\\\/secure.gravatar.com\\\/avatar\\\/23cd47dec2904689b3ccd32d1dd3e86c7cbf60dcf7376c68854f761a4939534f?s=96&d=mm&r=g\",\"contentUrl\":\"https:\\\/\\\/secure.gravatar.com\\\/avatar\\\/23cd47dec2904689b3ccd32d1dd3e86c7cbf60dcf7376c68854f761a4939534f?s=96&d=mm&r=g\",\"caption\":\"Luis Malvar\"},\"description\":\"Comenc\u00e9 la andadura del Blog Derosca all\u00e1 por el 22 de Mayo de 2008. Un blog en el que se trata de llevar a los numerosos aficionados y amantes del mundo del balonmano toda la actualidad de nuestro apasionante deporte. Una ventana que sirve para dar luz a las innumerables noticias que genera el balonmano y que habitualmente no tienen reflejo en los medios de comunicaci\u00f3n. Sin lugar a dudas el Blog Derosca cuenta con un apartado que tiene a gala contar con miles de seguidores como es \u201cMis Pajaritos\u201d en donde se relatan y narran todas las intrahistorias que se generan en el balonmano espa\u00f1ol y que incomoda a m\u00e1s de uno que salgan a la luz.!Gracias por seguirnos durante todos estos a\u00f1os\u00a1\",\"sameAs\":[\"http:\\\/\\\/www.cope.es\",\"lmalvar\"],\"url\":\"https:\\\/\\\/www.cope.es\\\/blogs\\\/derosca\\\/author\\\/lmalvar\\\/\"}]}<\/script>\n<!-- \/ Yoast SEO plugin. -->","yoast_head_json":{"title":"La gran portera holandesa Tess Wester se retira de las canchas - Derosca","robots":{"index":"index","follow":"follow","max-snippet":"max-snippet:-1","max-image-preview":"max-image-preview:large","max-video-preview":"max-video-preview:-1"},"canonical":"https:\/\/www.cope.es\/blogs\/derosca\/2025\/05\/07\/la-gran-portera-holandesa-tess-wester-se-retira-de-las-canchas\/","og_locale":"es_ES","og_type":"article","og_title":"La gran portera holandesa Tess Wester se retira de las canchas - Derosca","og_description":"La m\u00edtica portera holandesa Tess Wester ha anunciado el final de su carrera profesional. Despu\u00e9s de 26 a\u00f1os de entregarse en cuerpo y alma a este incre\u00edble deporte llamado balonmano, es hora que se despida de las pistas esta gran deportista. En declaraciones efectuadas Tess Wester ha manifestado que este deporte le ha dado m\u00e1s [&hellip;]","og_url":"https:\/\/www.cope.es\/blogs\/derosca\/2025\/05\/07\/la-gran-portera-holandesa-tess-wester-se-retira-de-las-canchas\/","og_site_name":"Derosca","article_publisher":"https:\/\/www.facebook.com\/cope\/","article_published_time":"2025-05-07T07:16:04+00:00","og_image":[{"width":680,"height":770,"url":"http:\/\/www.cope.es\/blogs\/derosca\/wp-content\/uploads\/sites\/22\/2025\/05\/Tess_Wester_2018.jpg","type":"image\/jpeg"}],"author":"Luis Malvar","twitter_card":"summary_large_image","twitter_creator":"@cope_es","twitter_site":"@cope_es","twitter_misc":{"Escrito por":"Luis Malvar","Tiempo de lectura":"2 minutos"},"schema":{"@context":"https:\/\/schema.org","@graph":[{"@type":"Article","@id":"https:\/\/www.cope.es\/blogs\/derosca\/2025\/05\/07\/la-gran-portera-holandesa-tess-wester-se-retira-de-las-canchas\/#article","isPartOf":{"@id":"https:\/\/www.cope.es\/blogs\/derosca\/2025\/05\/07\/la-gran-portera-holandesa-tess-wester-se-retira-de-las-canchas\/"},"author":{"name":"Luis Malvar","@id":"https:\/\/www.cope.es\/blogs\/derosca\/#\/schema\/person\/02d6fa6fa8d8db60f83303875a4ff77f"},"headline":"La gran portera holandesa Tess Wester se retira de las canchas","datePublished":"2025-05-07T07:16:04+00:00","mainEntityOfPage":{"@id":"https:\/\/www.cope.es\/blogs\/derosca\/2025\/05\/07\/la-gran-portera-holandesa-tess-wester-se-retira-de-las-canchas\/"},"wordCount":306,"commentCount":0,"image":{"@id":"https:\/\/www.cope.es\/blogs\/derosca\/2025\/05\/07\/la-gran-portera-holandesa-tess-wester-se-retira-de-las-canchas\/#primaryimage"},"thumbnailUrl":"https:\/\/www.cope.es\/blogs\/derosca\/wp-content\/uploads\/sites\/22\/2025\/05\/Tess_Wester_2018.jpg","articleSection":["Balonmano"],"inLanguage":"es","potentialAction":[{"@type":"CommentAction","name":"Comment","target":["https:\/\/www.cope.es\/blogs\/derosca\/2025\/05\/07\/la-gran-portera-holandesa-tess-wester-se-retira-de-las-canchas\/#respond"]}]},{"@type":"WebPage","@id":"https:\/\/www.cope.es\/blogs\/derosca\/2025\/05\/07\/la-gran-portera-holandesa-tess-wester-se-retira-de-las-canchas\/","url":"https:\/\/www.cope.es\/blogs\/derosca\/2025\/05\/07\/la-gran-portera-holandesa-tess-wester-se-retira-de-las-canchas\/","name":"La gran portera holandesa Tess Wester se retira de las canchas - Derosca","isPartOf":{"@id":"https:\/\/www.cope.es\/blogs\/derosca\/#website"},"primaryImageOfPage":{"@id":"https:\/\/www.cope.es\/blogs\/derosca\/2025\/05\/07\/la-gran-portera-holandesa-tess-wester-se-retira-de-las-canchas\/#primaryimage"},"image":{"@id":"https:\/\/www.cope.es\/blogs\/derosca\/2025\/05\/07\/la-gran-portera-holandesa-tess-wester-se-retira-de-las-canchas\/#primaryimage"},"thumbnailUrl":"https:\/\/www.cope.es\/blogs\/derosca\/wp-content\/uploads\/sites\/22\/2025\/05\/Tess_Wester_2018.jpg","datePublished":"2025-05-07T07:16:04+00:00","author":{"@id":"https:\/\/www.cope.es\/blogs\/derosca\/#\/schema\/person\/02d6fa6fa8d8db60f83303875a4ff77f"},"breadcrumb":{"@id":"https:\/\/www.cope.es\/blogs\/derosca\/2025\/05\/07\/la-gran-portera-holandesa-tess-wester-se-retira-de-las-canchas\/#breadcrumb"},"inLanguage":"es","potentialAction":[{"@type":"ReadAction","target":["https:\/\/www.cope.es\/blogs\/derosca\/2025\/05\/07\/la-gran-portera-holandesa-tess-wester-se-retira-de-las-canchas\/"]}]},{"@type":"ImageObject","inLanguage":"es","@id":"https:\/\/www.cope.es\/blogs\/derosca\/2025\/05\/07\/la-gran-portera-holandesa-tess-wester-se-retira-de-las-canchas\/#primaryimage","url":"https:\/\/www.cope.es\/blogs\/derosca\/wp-content\/uploads\/sites\/22\/2025\/05\/Tess_Wester_2018.jpg","contentUrl":"https:\/\/www.cope.es\/blogs\/derosca\/wp-content\/uploads\/sites\/22\/2025\/05\/Tess_Wester_2018.jpg","width":680,"height":770,"caption":"La gran portera holandesa Tess Wester se retira de las cancha"},{"@type":"BreadcrumbList","@id":"https:\/\/www.cope.es\/blogs\/derosca\/2025\/05\/07\/la-gran-portera-holandesa-tess-wester-se-retira-de-las-canchas\/#breadcrumb","itemListElement":[{"@type":"ListItem","position":1,"name":"Portada","item":"https:\/\/www.cope.es\/blogs\/derosca\/"},{"@type":"ListItem","position":2,"name":"La gran portera holandesa Tess Wester se retira de las canchas"}]},{"@type":"WebSite","@id":"https:\/\/www.cope.es\/blogs\/derosca\/#website","url":"https:\/\/www.cope.es\/blogs\/derosca\/","name":"Derosca","description":"Blog de balonmano COPE","potentialAction":[{"@type":"SearchAction","target":{"@type":"EntryPoint","urlTemplate":"https:\/\/www.cope.es\/blogs\/derosca\/?s={search_term_string}"},"query-input":{"@type":"PropertyValueSpecification","valueRequired":true,"valueName":"search_term_string"}}],"inLanguage":"es"},{"@type":"Person","@id":"https:\/\/www.cope.es\/blogs\/derosca\/#\/schema\/person\/02d6fa6fa8d8db60f83303875a4ff77f","name":"Luis Malvar","image":{"@type":"ImageObject","inLanguage":"es","@id":"https:\/\/secure.gravatar.com\/avatar\/23cd47dec2904689b3ccd32d1dd3e86c7cbf60dcf7376c68854f761a4939534f?s=96&d=mm&r=g","url":"https:\/\/secure.gravatar.com\/avatar\/23cd47dec2904689b3ccd32d1dd3e86c7cbf60dcf7376c68854f761a4939534f?s=96&d=mm&r=g","contentUrl":"https:\/\/secure.gravatar.com\/avatar\/23cd47dec2904689b3ccd32d1dd3e86c7cbf60dcf7376c68854f761a4939534f?s=96&d=mm&r=g","caption":"Luis Malvar"},"description":"Comenc\u00e9 la andadura del Blog Derosca all\u00e1 por el 22 de Mayo de 2008. Un blog en el que se trata de llevar a los numerosos aficionados y amantes del mundo del balonmano toda la actualidad de nuestro apasionante deporte. Una ventana que sirve para dar luz a las innumerables noticias que genera el balonmano y que habitualmente no tienen reflejo en los medios de comunicaci\u00f3n. Sin lugar a dudas el Blog Derosca cuenta con un apartado que tiene a gala contar con miles de seguidores como es \u201cMis Pajaritos\u201d en donde se relatan y narran todas las intrahistorias que se generan en el balonmano espa\u00f1ol y que incomoda a m\u00e1s de uno que salgan a la luz.!Gracias por seguirnos durante todos estos a\u00f1os\u00a1","sameAs":["http:\/\/www.cope.es","lmalvar"],"url":"https:\/\/www.cope.es\/blogs\/derosca\/author\/lmalvar\/"}]}},"amp_enabled":true,"_links":{"self":[{"href":"https:\/\/www.cope.es\/blogs\/derosca\/wp-json\/wp\/v2\/posts\/4481","targetHints":{"allow":["GET"]}}],"collection":[{"href":"https:\/\/www.cope.es\/blogs\/derosca\/wp-json\/wp\/v2\/posts"}],"about":[{"href":"https:\/\/www.cope.es\/blogs\/derosca\/wp-json\/wp\/v2\/types\/post"}],"author":[{"embeddable":true,"href":"https:\/\/www.cope.es\/blogs\/derosca\/wp-json\/wp\/v2\/users\/23"}],"replies":[{"embeddable":true,"href":"https:\/\/www.cope.es\/blogs\/derosca\/wp-json\/wp\/v2\/comments?post=4481"}],"version-history":[{"count":1,"href":"https:\/\/www.cope.es\/blogs\/derosca\/wp-json\/wp\/v2\/posts\/4481\/revisions"}],"predecessor-version":[{"id":4483,"href":"https:\/\/www.cope.es\/blogs\/derosca\/wp-json\/wp\/v2\/posts\/4481\/revisions\/4483"}],"wp:featuredmedia":[{"embeddable":true,"href":"https:\/\/www.cope.es\/blogs\/derosca\/wp-json\/wp\/v2\/media\/4482"}],"wp:attachment":[{"href":"https:\/\/www.cope.es\/blogs\/derosca\/wp-json\/wp\/v2\/media?parent=4481"}],"wp:term":[{"taxonomy":"category","embeddable":true,"href":"https:\/\/www.cope.es\/blogs\/derosca\/wp-json\/wp\/v2\/categories?post=4481"},{"taxonomy":"post_tag","embeddable":true,"href":"https:\/\/www.cope.es\/blogs\/derosca\/wp-json\/wp\/v2\/tags?post=4481"}],"curies":[{"name":"wp","href":"https:\/\/api.w.org\/{rel}","templated":true}]}}