{"id":4459,"date":"2025-04-22T09:22:08","date_gmt":"2025-04-22T07:22:08","guid":{"rendered":"https:\/\/www.cope.es\/blogs\/derosca\/?p=4459"},"modified":"2025-04-22T09:22:08","modified_gmt":"2025-04-22T07:22:08","slug":"a-final-de-temporada-la-gran-andrea-lekic-se-retira-del-balonmano","status":"publish","type":"post","link":"https:\/\/www.cope.es\/blogs\/derosca\/2025\/04\/22\/a-final-de-temporada-la-gran-andrea-lekic-se-retira-del-balonmano\/","title":{"rendered":"A final de temporada la gran Andrea Lekic se retira del balonmano"},"content":{"rendered":"<p><span style=\"color: #0a1c4e\"><span style=\"font-family: Arial, sans-serif\"><span style=\"font-size: medium\">El lateral internacional serbia Andrea Leki\u0107 ha anunciado que se retirar\u00e1 al final de la Temporada 2024 &#8211; 25. Recordemos que fue nombrada mejor jugadora del mundo en el a\u00f1o 2013.<\/span><\/span><\/span><\/p>\n<p><span style=\"font-family: Times New Roman, serif\"><span style=\"font-size: medium\"><span style=\"color: #0a1c4e\"><span style=\"font-family: Arial, sans-serif\">Andrea Leki\u0107<\/span><\/span><span style=\"color: #0a1c4e\"><span style=\"font-family: Arial, sans-serif\">, un \u00edcono del balonmano serbio y jugadora del Rail Cargo de Hungaria, ha anunciado que se retirar\u00e1 del deporte al final de esta temporada. A sus 37 a\u00f1os, la central est\u00e1 completando una carrera excepcional que abarca casi dos d\u00e9cadas al m\u00e1s alto nivel. Leki\u0107 forma parte del selecto grupo de jugadoras que han superado los 1.000 goles en la Champions League Femenina, 1.072 al 17 de Abril de 2025. Formada en Belgrado, se revel\u00f3 muy joven en el Krim Mercator Ljubljana antes de vestir los colores de Gy\u00f6r, Vardar, CSM Bucarest, Buducnost, para luego regresar al Krim, antes de unirse al FTC en el a\u00f1o 2022.<\/span><\/span><\/span><\/span><\/p>\n<p><span style=\"font-family: Times New Roman, serif\"><span style=\"font-size: medium\"><span style=\"color: #0a1c4e\"><span style=\"font-family: Arial, sans-serif\">En su despedida Andrea Lekic ha manifestado que e<\/span><\/span><span style=\"color: #0a1c4e\"><span style=\"font-family: Arial, sans-serif\">s dif\u00edcil despedirse pero en el fondo sabe que es el momento adecuado para ello. F\u00edsicamente, todav\u00eda se siente bien, pero una paz interior la convenci\u00f3 de que era la decisi\u00f3n correcta.<\/span><\/span><\/span><\/span><\/p>\n<p><span style=\"color: #0a1c4e\"><span style=\"font-family: Arial, sans-serif\"><span style=\"font-size: medium\">Con los colores del FTC Rail Cargo gan\u00f3 la Copa de Hungr\u00eda y actualmente lucha por el t\u00edtulo nacional contra el Gy\u00f6r. Espera terminar con una nota alta alcanzando la Final 4 de la Liga de Campeones una vez m\u00e1s. Su palmar\u00e9s habla por s\u00ed solo: ganadora de la Liga de Campeones en el a\u00f1o 2013 con el Gy\u00f6r, subcampeona del Mundial con Serbia en 2013, elegida mejor jugadora del mundo en 2013 y mejor central de la EURO 2012.<\/span><\/span><\/span><\/p>\n<p><span style=\"color: #0a1c4e\"><span style=\"font-family: Arial, sans-serif\"><span style=\"font-size: medium\">Comprometida fuera del campo, ha contribuido activamente al programa \u201cRespeta tu talento\u201d de la Federaci\u00f3n Europea de Baloanmano (EHF) y a las campa\u00f1as para un mejor reconocimiento del balonmano femenino, en particular pidiendo la introducci\u00f3n del desaf\u00edo del v\u00eddeo en las competiciones femeninas. Su partida marcar\u00e1 el final de una era, pero su legado, de talento, liderazgo y convicci\u00f3n, seguir\u00e1 siendo un modelo para muchas generaciones de jugadores de balonmano.<\/span><\/span><\/span><\/p>\n<p><em><span style=\"color: #666666\"><span style=\"font-family: Arial, sans-serif\"><span style=\"font-size: medium\">Seguirnos en twitter: <\/span><\/span><\/span><\/em><span style=\"color: #000080\"><span><u><a href=\"#!\/deroscacope\"><span style=\"color: #0000ff\"><span style=\"font-family: Arial, sans-serif\"><span style=\"font-size: medium\">https:\/\/twitter.com\/#!\/deroscacope<\/span><\/span><\/span><\/a><\/u><\/span><\/span><\/p>\n","protected":false},"excerpt":{"rendered":"<p>El lateral internacional serbia Andrea Leki\u0107 ha anunciado que se retirar\u00e1 al final de la Temporada 2024 &#8211; 25. Recordemos que fue nombrada mejor jugadora del mundo en el a\u00f1o 2013. Andrea Leki\u0107, un \u00edcono del balonmano serbio y jugadora del Rail Cargo de Hungaria, ha anunciado que se retirar\u00e1 del deporte al final de [&hellip;]<\/p>\n","protected":false},"author":23,"featured_media":4460,"comment_status":"open","ping_status":"open","sticky":false,"template":"","format":"standard","meta":{"footnotes":""},"categories":[3],"tags":[],"class_list":["post-4459","post","type-post","status-publish","format-standard","has-post-thumbnail","hentry","category-balonmano"],"yoast_head":"<!-- This site is optimized with the Yoast SEO plugin v27.4 - https:\/\/yoast.com\/product\/yoast-seo-wordpress\/ -->\n<title>A final de temporada la gran Andrea Lekic se retira del balonmano - Derosca<\/title>\n<meta name=\"robots\" content=\"index, follow, max-snippet:-1, max-image-preview:large, max-video-preview:-1\" \/>\n<link rel=\"canonical\" href=\"https:\/\/www.cope.es\/blogs\/derosca\/2025\/04\/22\/a-final-de-temporada-la-gran-andrea-lekic-se-retira-del-balonmano\/\" \/>\n<meta property=\"og:locale\" content=\"es_ES\" \/>\n<meta property=\"og:type\" content=\"article\" \/>\n<meta property=\"og:title\" content=\"A final de temporada la gran Andrea Lekic se retira del balonmano - Derosca\" \/>\n<meta property=\"og:description\" content=\"El lateral internacional serbia Andrea Leki\u0107 ha anunciado que se retirar\u00e1 al final de la Temporada 2024 &#8211; 25. Recordemos que fue nombrada mejor jugadora del mundo en el a\u00f1o 2013. Andrea Leki\u0107, un \u00edcono del balonmano serbio y jugadora del Rail Cargo de Hungaria, ha anunciado que se retirar\u00e1 del deporte al final de [&hellip;]\" \/>\n<meta property=\"og:url\" content=\"https:\/\/www.cope.es\/blogs\/derosca\/2025\/04\/22\/a-final-de-temporada-la-gran-andrea-lekic-se-retira-del-balonmano\/\" \/>\n<meta property=\"og:site_name\" content=\"Derosca\" \/>\n<meta property=\"article:publisher\" content=\"https:\/\/www.facebook.com\/cope\/\" \/>\n<meta property=\"article:published_time\" content=\"2025-04-22T07:22:08+00:00\" \/>\n<meta property=\"og:image\" content=\"http:\/\/www.cope.es\/blogs\/derosca\/wp-content\/uploads\/sites\/22\/2025\/04\/Andrea_Lekic.jpg\" \/>\n\t<meta property=\"og:image:width\" content=\"680\" \/>\n\t<meta property=\"og:image:height\" content=\"466\" \/>\n\t<meta property=\"og:image:type\" content=\"image\/jpeg\" \/>\n<meta name=\"author\" content=\"Luis Malvar\" \/>\n<meta name=\"twitter:card\" content=\"summary_large_image\" \/>\n<meta name=\"twitter:creator\" content=\"@cope_es\" \/>\n<meta name=\"twitter:site\" content=\"@cope_es\" \/>\n<meta name=\"twitter:label1\" content=\"Escrito por\" \/>\n\t<meta name=\"twitter:data1\" content=\"Luis Malvar\" \/>\n\t<meta name=\"twitter:label2\" content=\"Tiempo de lectura\" \/>\n\t<meta name=\"twitter:data2\" content=\"2 minutos\" \/>\n<script type=\"application\/ld+json\" class=\"yoast-schema-graph\">{\"@context\":\"https:\\\/\\\/schema.org\",\"@graph\":[{\"@type\":\"Article\",\"@id\":\"https:\\\/\\\/www.cope.es\\\/blogs\\\/derosca\\\/2025\\\/04\\\/22\\\/a-final-de-temporada-la-gran-andrea-lekic-se-retira-del-balonmano\\\/#article\",\"isPartOf\":{\"@id\":\"https:\\\/\\\/www.cope.es\\\/blogs\\\/derosca\\\/2025\\\/04\\\/22\\\/a-final-de-temporada-la-gran-andrea-lekic-se-retira-del-balonmano\\\/\"},\"author\":{\"name\":\"Luis Malvar\",\"@id\":\"https:\\\/\\\/www.cope.es\\\/blogs\\\/derosca\\\/#\\\/schema\\\/person\\\/02d6fa6fa8d8db60f83303875a4ff77f\"},\"headline\":\"A final de temporada la gran Andrea Lekic se retira del balonmano\",\"datePublished\":\"2025-04-22T07:22:08+00:00\",\"mainEntityOfPage\":{\"@id\":\"https:\\\/\\\/www.cope.es\\\/blogs\\\/derosca\\\/2025\\\/04\\\/22\\\/a-final-de-temporada-la-gran-andrea-lekic-se-retira-del-balonmano\\\/\"},\"wordCount\":359,\"commentCount\":0,\"image\":{\"@id\":\"https:\\\/\\\/www.cope.es\\\/blogs\\\/derosca\\\/2025\\\/04\\\/22\\\/a-final-de-temporada-la-gran-andrea-lekic-se-retira-del-balonmano\\\/#primaryimage\"},\"thumbnailUrl\":\"https:\\\/\\\/www.cope.es\\\/blogs\\\/derosca\\\/wp-content\\\/uploads\\\/sites\\\/22\\\/2025\\\/04\\\/Andrea_Lekic.jpg\",\"articleSection\":[\"Balonmano\"],\"inLanguage\":\"es\",\"potentialAction\":[{\"@type\":\"CommentAction\",\"name\":\"Comment\",\"target\":[\"https:\\\/\\\/www.cope.es\\\/blogs\\\/derosca\\\/2025\\\/04\\\/22\\\/a-final-de-temporada-la-gran-andrea-lekic-se-retira-del-balonmano\\\/#respond\"]}]},{\"@type\":\"WebPage\",\"@id\":\"https:\\\/\\\/www.cope.es\\\/blogs\\\/derosca\\\/2025\\\/04\\\/22\\\/a-final-de-temporada-la-gran-andrea-lekic-se-retira-del-balonmano\\\/\",\"url\":\"https:\\\/\\\/www.cope.es\\\/blogs\\\/derosca\\\/2025\\\/04\\\/22\\\/a-final-de-temporada-la-gran-andrea-lekic-se-retira-del-balonmano\\\/\",\"name\":\"A final de temporada la gran Andrea Lekic se retira del balonmano - Derosca\",\"isPartOf\":{\"@id\":\"https:\\\/\\\/www.cope.es\\\/blogs\\\/derosca\\\/#website\"},\"primaryImageOfPage\":{\"@id\":\"https:\\\/\\\/www.cope.es\\\/blogs\\\/derosca\\\/2025\\\/04\\\/22\\\/a-final-de-temporada-la-gran-andrea-lekic-se-retira-del-balonmano\\\/#primaryimage\"},\"image\":{\"@id\":\"https:\\\/\\\/www.cope.es\\\/blogs\\\/derosca\\\/2025\\\/04\\\/22\\\/a-final-de-temporada-la-gran-andrea-lekic-se-retira-del-balonmano\\\/#primaryimage\"},\"thumbnailUrl\":\"https:\\\/\\\/www.cope.es\\\/blogs\\\/derosca\\\/wp-content\\\/uploads\\\/sites\\\/22\\\/2025\\\/04\\\/Andrea_Lekic.jpg\",\"datePublished\":\"2025-04-22T07:22:08+00:00\",\"author\":{\"@id\":\"https:\\\/\\\/www.cope.es\\\/blogs\\\/derosca\\\/#\\\/schema\\\/person\\\/02d6fa6fa8d8db60f83303875a4ff77f\"},\"breadcrumb\":{\"@id\":\"https:\\\/\\\/www.cope.es\\\/blogs\\\/derosca\\\/2025\\\/04\\\/22\\\/a-final-de-temporada-la-gran-andrea-lekic-se-retira-del-balonmano\\\/#breadcrumb\"},\"inLanguage\":\"es\",\"potentialAction\":[{\"@type\":\"ReadAction\",\"target\":[\"https:\\\/\\\/www.cope.es\\\/blogs\\\/derosca\\\/2025\\\/04\\\/22\\\/a-final-de-temporada-la-gran-andrea-lekic-se-retira-del-balonmano\\\/\"]}]},{\"@type\":\"ImageObject\",\"inLanguage\":\"es\",\"@id\":\"https:\\\/\\\/www.cope.es\\\/blogs\\\/derosca\\\/2025\\\/04\\\/22\\\/a-final-de-temporada-la-gran-andrea-lekic-se-retira-del-balonmano\\\/#primaryimage\",\"url\":\"https:\\\/\\\/www.cope.es\\\/blogs\\\/derosca\\\/wp-content\\\/uploads\\\/sites\\\/22\\\/2025\\\/04\\\/Andrea_Lekic.jpg\",\"contentUrl\":\"https:\\\/\\\/www.cope.es\\\/blogs\\\/derosca\\\/wp-content\\\/uploads\\\/sites\\\/22\\\/2025\\\/04\\\/Andrea_Lekic.jpg\",\"width\":680,\"height\":466,\"caption\":\"A final de temporada la gran Andrea Lekic se retira del balonmano\"},{\"@type\":\"BreadcrumbList\",\"@id\":\"https:\\\/\\\/www.cope.es\\\/blogs\\\/derosca\\\/2025\\\/04\\\/22\\\/a-final-de-temporada-la-gran-andrea-lekic-se-retira-del-balonmano\\\/#breadcrumb\",\"itemListElement\":[{\"@type\":\"ListItem\",\"position\":1,\"name\":\"Portada\",\"item\":\"https:\\\/\\\/www.cope.es\\\/blogs\\\/derosca\\\/\"},{\"@type\":\"ListItem\",\"position\":2,\"name\":\"A final de temporada la gran Andrea Lekic se retira del balonmano\"}]},{\"@type\":\"WebSite\",\"@id\":\"https:\\\/\\\/www.cope.es\\\/blogs\\\/derosca\\\/#website\",\"url\":\"https:\\\/\\\/www.cope.es\\\/blogs\\\/derosca\\\/\",\"name\":\"Derosca\",\"description\":\"Blog de balonmano COPE\",\"potentialAction\":[{\"@type\":\"SearchAction\",\"target\":{\"@type\":\"EntryPoint\",\"urlTemplate\":\"https:\\\/\\\/www.cope.es\\\/blogs\\\/derosca\\\/?s={search_term_string}\"},\"query-input\":{\"@type\":\"PropertyValueSpecification\",\"valueRequired\":true,\"valueName\":\"search_term_string\"}}],\"inLanguage\":\"es\"},{\"@type\":\"Person\",\"@id\":\"https:\\\/\\\/www.cope.es\\\/blogs\\\/derosca\\\/#\\\/schema\\\/person\\\/02d6fa6fa8d8db60f83303875a4ff77f\",\"name\":\"Luis Malvar\",\"image\":{\"@type\":\"ImageObject\",\"inLanguage\":\"es\",\"@id\":\"https:\\\/\\\/secure.gravatar.com\\\/avatar\\\/23cd47dec2904689b3ccd32d1dd3e86c7cbf60dcf7376c68854f761a4939534f?s=96&d=mm&r=g\",\"url\":\"https:\\\/\\\/secure.gravatar.com\\\/avatar\\\/23cd47dec2904689b3ccd32d1dd3e86c7cbf60dcf7376c68854f761a4939534f?s=96&d=mm&r=g\",\"contentUrl\":\"https:\\\/\\\/secure.gravatar.com\\\/avatar\\\/23cd47dec2904689b3ccd32d1dd3e86c7cbf60dcf7376c68854f761a4939534f?s=96&d=mm&r=g\",\"caption\":\"Luis Malvar\"},\"description\":\"Comenc\u00e9 la andadura del Blog Derosca all\u00e1 por el 22 de Mayo de 2008. Un blog en el que se trata de llevar a los numerosos aficionados y amantes del mundo del balonmano toda la actualidad de nuestro apasionante deporte. Una ventana que sirve para dar luz a las innumerables noticias que genera el balonmano y que habitualmente no tienen reflejo en los medios de comunicaci\u00f3n. Sin lugar a dudas el Blog Derosca cuenta con un apartado que tiene a gala contar con miles de seguidores como es \u201cMis Pajaritos\u201d en donde se relatan y narran todas las intrahistorias que se generan en el balonmano espa\u00f1ol y que incomoda a m\u00e1s de uno que salgan a la luz.!Gracias por seguirnos durante todos estos a\u00f1os\u00a1\",\"sameAs\":[\"http:\\\/\\\/www.cope.es\",\"lmalvar\"],\"url\":\"https:\\\/\\\/www.cope.es\\\/blogs\\\/derosca\\\/author\\\/lmalvar\\\/\"}]}<\/script>\n<!-- \/ Yoast SEO plugin. -->","yoast_head_json":{"title":"A final de temporada la gran Andrea Lekic se retira del balonmano - Derosca","robots":{"index":"index","follow":"follow","max-snippet":"max-snippet:-1","max-image-preview":"max-image-preview:large","max-video-preview":"max-video-preview:-1"},"canonical":"https:\/\/www.cope.es\/blogs\/derosca\/2025\/04\/22\/a-final-de-temporada-la-gran-andrea-lekic-se-retira-del-balonmano\/","og_locale":"es_ES","og_type":"article","og_title":"A final de temporada la gran Andrea Lekic se retira del balonmano - Derosca","og_description":"El lateral internacional serbia Andrea Leki\u0107 ha anunciado que se retirar\u00e1 al final de la Temporada 2024 &#8211; 25. Recordemos que fue nombrada mejor jugadora del mundo en el a\u00f1o 2013. Andrea Leki\u0107, un \u00edcono del balonmano serbio y jugadora del Rail Cargo de Hungaria, ha anunciado que se retirar\u00e1 del deporte al final de [&hellip;]","og_url":"https:\/\/www.cope.es\/blogs\/derosca\/2025\/04\/22\/a-final-de-temporada-la-gran-andrea-lekic-se-retira-del-balonmano\/","og_site_name":"Derosca","article_publisher":"https:\/\/www.facebook.com\/cope\/","article_published_time":"2025-04-22T07:22:08+00:00","og_image":[{"width":680,"height":466,"url":"http:\/\/www.cope.es\/blogs\/derosca\/wp-content\/uploads\/sites\/22\/2025\/04\/Andrea_Lekic.jpg","type":"image\/jpeg"}],"author":"Luis Malvar","twitter_card":"summary_large_image","twitter_creator":"@cope_es","twitter_site":"@cope_es","twitter_misc":{"Escrito por":"Luis Malvar","Tiempo de lectura":"2 minutos"},"schema":{"@context":"https:\/\/schema.org","@graph":[{"@type":"Article","@id":"https:\/\/www.cope.es\/blogs\/derosca\/2025\/04\/22\/a-final-de-temporada-la-gran-andrea-lekic-se-retira-del-balonmano\/#article","isPartOf":{"@id":"https:\/\/www.cope.es\/blogs\/derosca\/2025\/04\/22\/a-final-de-temporada-la-gran-andrea-lekic-se-retira-del-balonmano\/"},"author":{"name":"Luis Malvar","@id":"https:\/\/www.cope.es\/blogs\/derosca\/#\/schema\/person\/02d6fa6fa8d8db60f83303875a4ff77f"},"headline":"A final de temporada la gran Andrea Lekic se retira del balonmano","datePublished":"2025-04-22T07:22:08+00:00","mainEntityOfPage":{"@id":"https:\/\/www.cope.es\/blogs\/derosca\/2025\/04\/22\/a-final-de-temporada-la-gran-andrea-lekic-se-retira-del-balonmano\/"},"wordCount":359,"commentCount":0,"image":{"@id":"https:\/\/www.cope.es\/blogs\/derosca\/2025\/04\/22\/a-final-de-temporada-la-gran-andrea-lekic-se-retira-del-balonmano\/#primaryimage"},"thumbnailUrl":"https:\/\/www.cope.es\/blogs\/derosca\/wp-content\/uploads\/sites\/22\/2025\/04\/Andrea_Lekic.jpg","articleSection":["Balonmano"],"inLanguage":"es","potentialAction":[{"@type":"CommentAction","name":"Comment","target":["https:\/\/www.cope.es\/blogs\/derosca\/2025\/04\/22\/a-final-de-temporada-la-gran-andrea-lekic-se-retira-del-balonmano\/#respond"]}]},{"@type":"WebPage","@id":"https:\/\/www.cope.es\/blogs\/derosca\/2025\/04\/22\/a-final-de-temporada-la-gran-andrea-lekic-se-retira-del-balonmano\/","url":"https:\/\/www.cope.es\/blogs\/derosca\/2025\/04\/22\/a-final-de-temporada-la-gran-andrea-lekic-se-retira-del-balonmano\/","name":"A final de temporada la gran Andrea Lekic se retira del balonmano - Derosca","isPartOf":{"@id":"https:\/\/www.cope.es\/blogs\/derosca\/#website"},"primaryImageOfPage":{"@id":"https:\/\/www.cope.es\/blogs\/derosca\/2025\/04\/22\/a-final-de-temporada-la-gran-andrea-lekic-se-retira-del-balonmano\/#primaryimage"},"image":{"@id":"https:\/\/www.cope.es\/blogs\/derosca\/2025\/04\/22\/a-final-de-temporada-la-gran-andrea-lekic-se-retira-del-balonmano\/#primaryimage"},"thumbnailUrl":"https:\/\/www.cope.es\/blogs\/derosca\/wp-content\/uploads\/sites\/22\/2025\/04\/Andrea_Lekic.jpg","datePublished":"2025-04-22T07:22:08+00:00","author":{"@id":"https:\/\/www.cope.es\/blogs\/derosca\/#\/schema\/person\/02d6fa6fa8d8db60f83303875a4ff77f"},"breadcrumb":{"@id":"https:\/\/www.cope.es\/blogs\/derosca\/2025\/04\/22\/a-final-de-temporada-la-gran-andrea-lekic-se-retira-del-balonmano\/#breadcrumb"},"inLanguage":"es","potentialAction":[{"@type":"ReadAction","target":["https:\/\/www.cope.es\/blogs\/derosca\/2025\/04\/22\/a-final-de-temporada-la-gran-andrea-lekic-se-retira-del-balonmano\/"]}]},{"@type":"ImageObject","inLanguage":"es","@id":"https:\/\/www.cope.es\/blogs\/derosca\/2025\/04\/22\/a-final-de-temporada-la-gran-andrea-lekic-se-retira-del-balonmano\/#primaryimage","url":"https:\/\/www.cope.es\/blogs\/derosca\/wp-content\/uploads\/sites\/22\/2025\/04\/Andrea_Lekic.jpg","contentUrl":"https:\/\/www.cope.es\/blogs\/derosca\/wp-content\/uploads\/sites\/22\/2025\/04\/Andrea_Lekic.jpg","width":680,"height":466,"caption":"A final de temporada la gran Andrea Lekic se retira del balonmano"},{"@type":"BreadcrumbList","@id":"https:\/\/www.cope.es\/blogs\/derosca\/2025\/04\/22\/a-final-de-temporada-la-gran-andrea-lekic-se-retira-del-balonmano\/#breadcrumb","itemListElement":[{"@type":"ListItem","position":1,"name":"Portada","item":"https:\/\/www.cope.es\/blogs\/derosca\/"},{"@type":"ListItem","position":2,"name":"A final de temporada la gran Andrea Lekic se retira del balonmano"}]},{"@type":"WebSite","@id":"https:\/\/www.cope.es\/blogs\/derosca\/#website","url":"https:\/\/www.cope.es\/blogs\/derosca\/","name":"Derosca","description":"Blog de balonmano COPE","potentialAction":[{"@type":"SearchAction","target":{"@type":"EntryPoint","urlTemplate":"https:\/\/www.cope.es\/blogs\/derosca\/?s={search_term_string}"},"query-input":{"@type":"PropertyValueSpecification","valueRequired":true,"valueName":"search_term_string"}}],"inLanguage":"es"},{"@type":"Person","@id":"https:\/\/www.cope.es\/blogs\/derosca\/#\/schema\/person\/02d6fa6fa8d8db60f83303875a4ff77f","name":"Luis Malvar","image":{"@type":"ImageObject","inLanguage":"es","@id":"https:\/\/secure.gravatar.com\/avatar\/23cd47dec2904689b3ccd32d1dd3e86c7cbf60dcf7376c68854f761a4939534f?s=96&d=mm&r=g","url":"https:\/\/secure.gravatar.com\/avatar\/23cd47dec2904689b3ccd32d1dd3e86c7cbf60dcf7376c68854f761a4939534f?s=96&d=mm&r=g","contentUrl":"https:\/\/secure.gravatar.com\/avatar\/23cd47dec2904689b3ccd32d1dd3e86c7cbf60dcf7376c68854f761a4939534f?s=96&d=mm&r=g","caption":"Luis Malvar"},"description":"Comenc\u00e9 la andadura del Blog Derosca all\u00e1 por el 22 de Mayo de 2008. Un blog en el que se trata de llevar a los numerosos aficionados y amantes del mundo del balonmano toda la actualidad de nuestro apasionante deporte. Una ventana que sirve para dar luz a las innumerables noticias que genera el balonmano y que habitualmente no tienen reflejo en los medios de comunicaci\u00f3n. Sin lugar a dudas el Blog Derosca cuenta con un apartado que tiene a gala contar con miles de seguidores como es \u201cMis Pajaritos\u201d en donde se relatan y narran todas las intrahistorias que se generan en el balonmano espa\u00f1ol y que incomoda a m\u00e1s de uno que salgan a la luz.!Gracias por seguirnos durante todos estos a\u00f1os\u00a1","sameAs":["http:\/\/www.cope.es","lmalvar"],"url":"https:\/\/www.cope.es\/blogs\/derosca\/author\/lmalvar\/"}]}},"amp_enabled":true,"_links":{"self":[{"href":"https:\/\/www.cope.es\/blogs\/derosca\/wp-json\/wp\/v2\/posts\/4459","targetHints":{"allow":["GET"]}}],"collection":[{"href":"https:\/\/www.cope.es\/blogs\/derosca\/wp-json\/wp\/v2\/posts"}],"about":[{"href":"https:\/\/www.cope.es\/blogs\/derosca\/wp-json\/wp\/v2\/types\/post"}],"author":[{"embeddable":true,"href":"https:\/\/www.cope.es\/blogs\/derosca\/wp-json\/wp\/v2\/users\/23"}],"replies":[{"embeddable":true,"href":"https:\/\/www.cope.es\/blogs\/derosca\/wp-json\/wp\/v2\/comments?post=4459"}],"version-history":[{"count":1,"href":"https:\/\/www.cope.es\/blogs\/derosca\/wp-json\/wp\/v2\/posts\/4459\/revisions"}],"predecessor-version":[{"id":4461,"href":"https:\/\/www.cope.es\/blogs\/derosca\/wp-json\/wp\/v2\/posts\/4459\/revisions\/4461"}],"wp:featuredmedia":[{"embeddable":true,"href":"https:\/\/www.cope.es\/blogs\/derosca\/wp-json\/wp\/v2\/media\/4460"}],"wp:attachment":[{"href":"https:\/\/www.cope.es\/blogs\/derosca\/wp-json\/wp\/v2\/media?parent=4459"}],"wp:term":[{"taxonomy":"category","embeddable":true,"href":"https:\/\/www.cope.es\/blogs\/derosca\/wp-json\/wp\/v2\/categories?post=4459"},{"taxonomy":"post_tag","embeddable":true,"href":"https:\/\/www.cope.es\/blogs\/derosca\/wp-json\/wp\/v2\/tags?post=4459"}],"curies":[{"name":"wp","href":"https:\/\/api.w.org\/{rel}","templated":true}]}}