{"id":4418,"date":"2025-04-15T10:22:29","date_gmt":"2025-04-15T08:22:29","guid":{"rendered":"https:\/\/www.cope.es\/blogs\/derosca\/?p=4418"},"modified":"2025-04-15T10:22:29","modified_gmt":"2025-04-15T08:22:29","slug":"reunion-del-comite-ejecutivo-ehf-en-viena","status":"publish","type":"post","link":"https:\/\/www.cope.es\/blogs\/derosca\/2025\/04\/15\/reunion-del-comite-ejecutivo-ehf-en-viena\/","title":{"rendered":"Reuni\u00f3n del Comit\u00e9 Ejecutivo EHF en Viena"},"content":{"rendered":"<p>El Comit\u00e9 Ejecutivo de la EHF se reuni\u00f3 en Viena la semana pasada para su primera reuni\u00f3n del a\u00f1o 2025. La reuni\u00f3n de Abril tradicionalmente brinda la oportunidad de sentar las bases de la pr\u00f3xima temporada, y se tomaron varias decisiones clave para la edici\u00f3n 2025 &#8211; 26. Las bases para estas decisiones se sentaron ya en el pasado mes de Febrero y Marzo, cuando el Comit\u00e9 Ejecutivo tom\u00f3 nota de los puntos de debate y las notas proporcionadas por las Delegaciones T\u00e9cnicas y los organismos interesados a nivel de clubes y selecciones nacionales, que se reunieron en sus sesiones de primavera a principios de este a\u00f1o.<\/p>\n<p>Varias mociones fueron presentadas al Comit\u00e9 Ejecutivo que se refieren a las competiciones de clubes en la Temporada 2025 \u2013 26. Como resultado directo de los aportes recibidos en la Conferencia de Competiciones, el Comit\u00e9 Ejecutivo confirm\u00f3 que se implementar\u00e1n medidas en la Liga de Campeones de la EHF para garantizar que los clubes cumplan con las condiciones financieras que aseguren su posici\u00f3n en la competencia durante toda la temporada.<\/p>\n<p>Tambi\u00e9n se confirm\u00f3 una moci\u00f3n que defin\u00eda con m\u00e1s detalle una v\u00eda de clasificaci\u00f3n especial para la Liga Europea de la EHF. Si bien esta v\u00eda hasta ahora solo estaba abierta a campeones nacionales sin plaza (seg\u00fan la distribuci\u00f3n de plazas de la EHF), ahora tambi\u00e9n se ha abierto para que los equipos que ocupen el segundo puesto de una liga nacional puedan solicitar el ascenso de la Copa Europea de la EHF a la EHFEL en caso de que los campeones no la utilicen. No obstante, la v\u00eda de clasificaci\u00f3n especial permanece abierta a un m\u00e1ximo de un equipo por federaci\u00f3n nacional.<\/p>\n<p>Adem\u00e1s, se decidi\u00f3 que, en la fase de grupos de la Liga de Campeones de la EHF y la Liga Europea de la EHF, todos los partidos de la \u00faltima jornada de un grupo deber\u00e1n jugarse el mismo d\u00eda. La EHF se reserva el derecho de adaptar los horarios del inicio para la \u00faltima jornada, a m\u00e1s tardar un d\u00eda despu\u00e9s de la pen\u00faltima jornada.<\/p>\n<p>El Comit\u00e9 Ejecutivo tambi\u00e9n confirm\u00f3 que la decisi\u00f3n de aumentar el aforo m\u00ednimo de las sedes de juego se pospone hasta nuevo aviso. En este sentido, el Comit\u00e9 Ejecutivo valor\u00f3 positivamente las medidas implementadas en el marco de la iniciativa de aforo completo, que han mejorado significativamente la situaci\u00f3n de algunos clubes.<\/p>\n<p>Por el lado de la selecci\u00f3n nacional, el Comit\u00e9 Ejecutivo discuti\u00f3 y aprob\u00f3 varias mociones relacionadas con modificaciones a las regulaciones del Europeo, que afectan, entre otros aspectos, el manejo de casos de lesiones y el uso de tecnolog\u00edas digitales en el \u00e1rea de sustituciones.<\/p>\n<p>El Comit\u00e9 Ejecutivo tom\u00f3 nota de los informes finales y evaluaciones disponibles del Europeo Femenino 2024, reconociendo y elogiando la exitosa organizaci\u00f3n del campeonato que se celebr\u00f3 en diciembre. Tambi\u00e9n se debati\u00f3 el estado actual de los preparativos del Europeo Masculino del 2026 en Dinamarca, Suecia y Noruega, as\u00ed como para el Europeo Femenino del 2026 en Polonia, Ruman\u00eda, Chequia, Eslovaquia y Turqu\u00eda. Con solo dos rondas de clasificaci\u00f3n por disputar, el cuadro de pa\u00edses participantes para el Europeo Masculino 2026 est\u00e1 a punto de completarse. El sorteo de la Fase Final tendr\u00e1 lugar el 15 de mayo en Herning, Dinamarca.<\/p>\n<p>El Comit\u00e9 Ejecutivo recibi\u00f3 informaci\u00f3n actualizada sobre la nueva fecha del Congreso de la IHF, programado para el 21 de Diciembre de 2025 en El Cairo, Egipto, y sobre las comunicaciones recientes con la IHF. La EHF ha recibido adaptaciones a las normas y actualizaciones de los procedimientos legales relativos al Reglamento Antidopaje, cuya entrada en vigor es el 1 de Julio para la temporada 2025 &#8211; 26. En caso necesario, se solicitar\u00e1n aclaraciones sobre las responsabilidades.<\/p>\n<p>Se destacaron dos cambios en las reglas: un disparo a la cabeza del portero desde un penalti ya no supone una descalificaci\u00f3n directa (tarjeta roja), sino \u00fanicamente una suspensi\u00f3n de 2 minutos. Adem\u00e1s, se indic\u00f3 que se permitir\u00e1 un m\u00e1ximo de cinco \u00e1rbitros en el banquillo a partir de la nueva temporada. El Comit\u00e9 Ejecutivo confirm\u00f3 que, a partir del 1 de Julio, en todas las competiciones de la EHF, el m\u00e1ximo de \u00e1rbitros en el banquillo se elevar\u00e1 a cinco.<\/p>\n<p>La reuni\u00f3n de la EHF concluy\u00f3 con una perspectiva general y el estado actual de los preparativos para el 17\u00ba Congreso Ordinario de la EHF, que se celebrar\u00e1 del 19 al 20 de Septiembre en Andau, Austria. Las propuestas para el Congreso de la EHF deben presentarse en la Oficina de la EHF antes del 19 de Mayo. La fecha l\u00edmite para la inscripci\u00f3n de los participantes del Congreso, as\u00ed como para la presentaci\u00f3n de propuestas de candidatos a las elecciones de 2025, es el 19 de Junio de 2025.<\/p>\n<p><em>Seguirnos en twitter: <\/em><a href=\"#!\/deroscacope\"><strong>https:\/\/twitter.com\/#!\/deroscacope<\/strong><\/a><\/p>\n","protected":false},"excerpt":{"rendered":"<p>El Comit\u00e9 Ejecutivo de la EHF se reuni\u00f3 en Viena la semana pasada para su primera reuni\u00f3n del a\u00f1o 2025. La reuni\u00f3n de Abril tradicionalmente brinda la oportunidad de sentar las bases de la pr\u00f3xima temporada, y se tomaron varias decisiones clave para la edici\u00f3n 2025 &#8211; 26. Las bases para estas decisiones se sentaron [&hellip;]<\/p>\n","protected":false},"author":23,"featured_media":4419,"comment_status":"open","ping_status":"open","sticky":false,"template":"","format":"standard","meta":{"footnotes":""},"categories":[3],"tags":[],"class_list":["post-4418","post","type-post","status-publish","format-standard","has-post-thumbnail","hentry","category-balonmano"],"yoast_head":"<!-- This site is optimized with the Yoast SEO plugin v27.4 - https:\/\/yoast.com\/product\/yoast-seo-wordpress\/ -->\n<title>Reuni\u00f3n del Comit\u00e9 Ejecutivo EHF en Viena - Derosca<\/title>\n<meta name=\"robots\" content=\"index, follow, max-snippet:-1, max-image-preview:large, max-video-preview:-1\" \/>\n<link rel=\"canonical\" href=\"https:\/\/www.cope.es\/blogs\/derosca\/2025\/04\/15\/reunion-del-comite-ejecutivo-ehf-en-viena\/\" \/>\n<meta property=\"og:locale\" content=\"es_ES\" \/>\n<meta property=\"og:type\" content=\"article\" \/>\n<meta property=\"og:title\" content=\"Reuni\u00f3n del Comit\u00e9 Ejecutivo EHF en Viena - Derosca\" \/>\n<meta property=\"og:description\" content=\"El Comit\u00e9 Ejecutivo de la EHF se reuni\u00f3 en Viena la semana pasada para su primera reuni\u00f3n del a\u00f1o 2025. La reuni\u00f3n de Abril tradicionalmente brinda la oportunidad de sentar las bases de la pr\u00f3xima temporada, y se tomaron varias decisiones clave para la edici\u00f3n 2025 &#8211; 26. Las bases para estas decisiones se sentaron [&hellip;]\" \/>\n<meta property=\"og:url\" content=\"https:\/\/www.cope.es\/blogs\/derosca\/2025\/04\/15\/reunion-del-comite-ejecutivo-ehf-en-viena\/\" \/>\n<meta property=\"og:site_name\" content=\"Derosca\" \/>\n<meta property=\"article:publisher\" content=\"https:\/\/www.facebook.com\/cope\/\" \/>\n<meta property=\"article:published_time\" content=\"2025-04-15T08:22:29+00:00\" \/>\n<meta property=\"og:image\" content=\"http:\/\/www.cope.es\/blogs\/derosca\/wp-content\/uploads\/sites\/22\/2025\/04\/ehf_flags-1.jpg\" \/>\n\t<meta property=\"og:image:width\" content=\"680\" \/>\n\t<meta property=\"og:image:height\" content=\"463\" \/>\n\t<meta property=\"og:image:type\" content=\"image\/jpeg\" \/>\n<meta name=\"author\" content=\"Luis Malvar\" \/>\n<meta name=\"twitter:card\" content=\"summary_large_image\" \/>\n<meta name=\"twitter:creator\" content=\"@cope_es\" \/>\n<meta name=\"twitter:site\" content=\"@cope_es\" \/>\n<meta name=\"twitter:label1\" content=\"Escrito por\" \/>\n\t<meta name=\"twitter:data1\" content=\"Luis Malvar\" \/>\n\t<meta name=\"twitter:label2\" content=\"Tiempo de lectura\" \/>\n\t<meta name=\"twitter:data2\" content=\"4 minutos\" \/>\n<script type=\"application\/ld+json\" class=\"yoast-schema-graph\">{\"@context\":\"https:\\\/\\\/schema.org\",\"@graph\":[{\"@type\":\"Article\",\"@id\":\"https:\\\/\\\/www.cope.es\\\/blogs\\\/derosca\\\/2025\\\/04\\\/15\\\/reunion-del-comite-ejecutivo-ehf-en-viena\\\/#article\",\"isPartOf\":{\"@id\":\"https:\\\/\\\/www.cope.es\\\/blogs\\\/derosca\\\/2025\\\/04\\\/15\\\/reunion-del-comite-ejecutivo-ehf-en-viena\\\/\"},\"author\":{\"name\":\"Luis Malvar\",\"@id\":\"https:\\\/\\\/www.cope.es\\\/blogs\\\/derosca\\\/#\\\/schema\\\/person\\\/02d6fa6fa8d8db60f83303875a4ff77f\"},\"headline\":\"Reuni\u00f3n del Comit\u00e9 Ejecutivo EHF en Viena\",\"datePublished\":\"2025-04-15T08:22:29+00:00\",\"mainEntityOfPage\":{\"@id\":\"https:\\\/\\\/www.cope.es\\\/blogs\\\/derosca\\\/2025\\\/04\\\/15\\\/reunion-del-comite-ejecutivo-ehf-en-viena\\\/\"},\"wordCount\":834,\"commentCount\":0,\"image\":{\"@id\":\"https:\\\/\\\/www.cope.es\\\/blogs\\\/derosca\\\/2025\\\/04\\\/15\\\/reunion-del-comite-ejecutivo-ehf-en-viena\\\/#primaryimage\"},\"thumbnailUrl\":\"https:\\\/\\\/www.cope.es\\\/blogs\\\/derosca\\\/wp-content\\\/uploads\\\/sites\\\/22\\\/2025\\\/04\\\/ehf_flags-1.jpg\",\"articleSection\":[\"Balonmano\"],\"inLanguage\":\"es\",\"potentialAction\":[{\"@type\":\"CommentAction\",\"name\":\"Comment\",\"target\":[\"https:\\\/\\\/www.cope.es\\\/blogs\\\/derosca\\\/2025\\\/04\\\/15\\\/reunion-del-comite-ejecutivo-ehf-en-viena\\\/#respond\"]}]},{\"@type\":\"WebPage\",\"@id\":\"https:\\\/\\\/www.cope.es\\\/blogs\\\/derosca\\\/2025\\\/04\\\/15\\\/reunion-del-comite-ejecutivo-ehf-en-viena\\\/\",\"url\":\"https:\\\/\\\/www.cope.es\\\/blogs\\\/derosca\\\/2025\\\/04\\\/15\\\/reunion-del-comite-ejecutivo-ehf-en-viena\\\/\",\"name\":\"Reuni\u00f3n del Comit\u00e9 Ejecutivo EHF en Viena - Derosca\",\"isPartOf\":{\"@id\":\"https:\\\/\\\/www.cope.es\\\/blogs\\\/derosca\\\/#website\"},\"primaryImageOfPage\":{\"@id\":\"https:\\\/\\\/www.cope.es\\\/blogs\\\/derosca\\\/2025\\\/04\\\/15\\\/reunion-del-comite-ejecutivo-ehf-en-viena\\\/#primaryimage\"},\"image\":{\"@id\":\"https:\\\/\\\/www.cope.es\\\/blogs\\\/derosca\\\/2025\\\/04\\\/15\\\/reunion-del-comite-ejecutivo-ehf-en-viena\\\/#primaryimage\"},\"thumbnailUrl\":\"https:\\\/\\\/www.cope.es\\\/blogs\\\/derosca\\\/wp-content\\\/uploads\\\/sites\\\/22\\\/2025\\\/04\\\/ehf_flags-1.jpg\",\"datePublished\":\"2025-04-15T08:22:29+00:00\",\"author\":{\"@id\":\"https:\\\/\\\/www.cope.es\\\/blogs\\\/derosca\\\/#\\\/schema\\\/person\\\/02d6fa6fa8d8db60f83303875a4ff77f\"},\"breadcrumb\":{\"@id\":\"https:\\\/\\\/www.cope.es\\\/blogs\\\/derosca\\\/2025\\\/04\\\/15\\\/reunion-del-comite-ejecutivo-ehf-en-viena\\\/#breadcrumb\"},\"inLanguage\":\"es\",\"potentialAction\":[{\"@type\":\"ReadAction\",\"target\":[\"https:\\\/\\\/www.cope.es\\\/blogs\\\/derosca\\\/2025\\\/04\\\/15\\\/reunion-del-comite-ejecutivo-ehf-en-viena\\\/\"]}]},{\"@type\":\"ImageObject\",\"inLanguage\":\"es\",\"@id\":\"https:\\\/\\\/www.cope.es\\\/blogs\\\/derosca\\\/2025\\\/04\\\/15\\\/reunion-del-comite-ejecutivo-ehf-en-viena\\\/#primaryimage\",\"url\":\"https:\\\/\\\/www.cope.es\\\/blogs\\\/derosca\\\/wp-content\\\/uploads\\\/sites\\\/22\\\/2025\\\/04\\\/ehf_flags-1.jpg\",\"contentUrl\":\"https:\\\/\\\/www.cope.es\\\/blogs\\\/derosca\\\/wp-content\\\/uploads\\\/sites\\\/22\\\/2025\\\/04\\\/ehf_flags-1.jpg\",\"width\":680,\"height\":463,\"caption\":\"Reuni\u00f3n del Comit\u00e9 Ejercutivo EHF en Viena\"},{\"@type\":\"BreadcrumbList\",\"@id\":\"https:\\\/\\\/www.cope.es\\\/blogs\\\/derosca\\\/2025\\\/04\\\/15\\\/reunion-del-comite-ejecutivo-ehf-en-viena\\\/#breadcrumb\",\"itemListElement\":[{\"@type\":\"ListItem\",\"position\":1,\"name\":\"Portada\",\"item\":\"https:\\\/\\\/www.cope.es\\\/blogs\\\/derosca\\\/\"},{\"@type\":\"ListItem\",\"position\":2,\"name\":\"Reuni\u00f3n del Comit\u00e9 Ejecutivo EHF en Viena\"}]},{\"@type\":\"WebSite\",\"@id\":\"https:\\\/\\\/www.cope.es\\\/blogs\\\/derosca\\\/#website\",\"url\":\"https:\\\/\\\/www.cope.es\\\/blogs\\\/derosca\\\/\",\"name\":\"Derosca\",\"description\":\"Blog de balonmano COPE\",\"potentialAction\":[{\"@type\":\"SearchAction\",\"target\":{\"@type\":\"EntryPoint\",\"urlTemplate\":\"https:\\\/\\\/www.cope.es\\\/blogs\\\/derosca\\\/?s={search_term_string}\"},\"query-input\":{\"@type\":\"PropertyValueSpecification\",\"valueRequired\":true,\"valueName\":\"search_term_string\"}}],\"inLanguage\":\"es\"},{\"@type\":\"Person\",\"@id\":\"https:\\\/\\\/www.cope.es\\\/blogs\\\/derosca\\\/#\\\/schema\\\/person\\\/02d6fa6fa8d8db60f83303875a4ff77f\",\"name\":\"Luis Malvar\",\"image\":{\"@type\":\"ImageObject\",\"inLanguage\":\"es\",\"@id\":\"https:\\\/\\\/secure.gravatar.com\\\/avatar\\\/23cd47dec2904689b3ccd32d1dd3e86c7cbf60dcf7376c68854f761a4939534f?s=96&d=mm&r=g\",\"url\":\"https:\\\/\\\/secure.gravatar.com\\\/avatar\\\/23cd47dec2904689b3ccd32d1dd3e86c7cbf60dcf7376c68854f761a4939534f?s=96&d=mm&r=g\",\"contentUrl\":\"https:\\\/\\\/secure.gravatar.com\\\/avatar\\\/23cd47dec2904689b3ccd32d1dd3e86c7cbf60dcf7376c68854f761a4939534f?s=96&d=mm&r=g\",\"caption\":\"Luis Malvar\"},\"description\":\"Comenc\u00e9 la andadura del Blog Derosca all\u00e1 por el 22 de Mayo de 2008. Un blog en el que se trata de llevar a los numerosos aficionados y amantes del mundo del balonmano toda la actualidad de nuestro apasionante deporte. Una ventana que sirve para dar luz a las innumerables noticias que genera el balonmano y que habitualmente no tienen reflejo en los medios de comunicaci\u00f3n. Sin lugar a dudas el Blog Derosca cuenta con un apartado que tiene a gala contar con miles de seguidores como es \u201cMis Pajaritos\u201d en donde se relatan y narran todas las intrahistorias que se generan en el balonmano espa\u00f1ol y que incomoda a m\u00e1s de uno que salgan a la luz.!Gracias por seguirnos durante todos estos a\u00f1os\u00a1\",\"sameAs\":[\"http:\\\/\\\/www.cope.es\",\"lmalvar\"],\"url\":\"https:\\\/\\\/www.cope.es\\\/blogs\\\/derosca\\\/author\\\/lmalvar\\\/\"}]}<\/script>\n<!-- \/ Yoast SEO plugin. -->","yoast_head_json":{"title":"Reuni\u00f3n del Comit\u00e9 Ejecutivo EHF en Viena - Derosca","robots":{"index":"index","follow":"follow","max-snippet":"max-snippet:-1","max-image-preview":"max-image-preview:large","max-video-preview":"max-video-preview:-1"},"canonical":"https:\/\/www.cope.es\/blogs\/derosca\/2025\/04\/15\/reunion-del-comite-ejecutivo-ehf-en-viena\/","og_locale":"es_ES","og_type":"article","og_title":"Reuni\u00f3n del Comit\u00e9 Ejecutivo EHF en Viena - Derosca","og_description":"El Comit\u00e9 Ejecutivo de la EHF se reuni\u00f3 en Viena la semana pasada para su primera reuni\u00f3n del a\u00f1o 2025. La reuni\u00f3n de Abril tradicionalmente brinda la oportunidad de sentar las bases de la pr\u00f3xima temporada, y se tomaron varias decisiones clave para la edici\u00f3n 2025 &#8211; 26. Las bases para estas decisiones se sentaron [&hellip;]","og_url":"https:\/\/www.cope.es\/blogs\/derosca\/2025\/04\/15\/reunion-del-comite-ejecutivo-ehf-en-viena\/","og_site_name":"Derosca","article_publisher":"https:\/\/www.facebook.com\/cope\/","article_published_time":"2025-04-15T08:22:29+00:00","og_image":[{"width":680,"height":463,"url":"http:\/\/www.cope.es\/blogs\/derosca\/wp-content\/uploads\/sites\/22\/2025\/04\/ehf_flags-1.jpg","type":"image\/jpeg"}],"author":"Luis Malvar","twitter_card":"summary_large_image","twitter_creator":"@cope_es","twitter_site":"@cope_es","twitter_misc":{"Escrito por":"Luis Malvar","Tiempo de lectura":"4 minutos"},"schema":{"@context":"https:\/\/schema.org","@graph":[{"@type":"Article","@id":"https:\/\/www.cope.es\/blogs\/derosca\/2025\/04\/15\/reunion-del-comite-ejecutivo-ehf-en-viena\/#article","isPartOf":{"@id":"https:\/\/www.cope.es\/blogs\/derosca\/2025\/04\/15\/reunion-del-comite-ejecutivo-ehf-en-viena\/"},"author":{"name":"Luis Malvar","@id":"https:\/\/www.cope.es\/blogs\/derosca\/#\/schema\/person\/02d6fa6fa8d8db60f83303875a4ff77f"},"headline":"Reuni\u00f3n del Comit\u00e9 Ejecutivo EHF en Viena","datePublished":"2025-04-15T08:22:29+00:00","mainEntityOfPage":{"@id":"https:\/\/www.cope.es\/blogs\/derosca\/2025\/04\/15\/reunion-del-comite-ejecutivo-ehf-en-viena\/"},"wordCount":834,"commentCount":0,"image":{"@id":"https:\/\/www.cope.es\/blogs\/derosca\/2025\/04\/15\/reunion-del-comite-ejecutivo-ehf-en-viena\/#primaryimage"},"thumbnailUrl":"https:\/\/www.cope.es\/blogs\/derosca\/wp-content\/uploads\/sites\/22\/2025\/04\/ehf_flags-1.jpg","articleSection":["Balonmano"],"inLanguage":"es","potentialAction":[{"@type":"CommentAction","name":"Comment","target":["https:\/\/www.cope.es\/blogs\/derosca\/2025\/04\/15\/reunion-del-comite-ejecutivo-ehf-en-viena\/#respond"]}]},{"@type":"WebPage","@id":"https:\/\/www.cope.es\/blogs\/derosca\/2025\/04\/15\/reunion-del-comite-ejecutivo-ehf-en-viena\/","url":"https:\/\/www.cope.es\/blogs\/derosca\/2025\/04\/15\/reunion-del-comite-ejecutivo-ehf-en-viena\/","name":"Reuni\u00f3n del Comit\u00e9 Ejecutivo EHF en Viena - Derosca","isPartOf":{"@id":"https:\/\/www.cope.es\/blogs\/derosca\/#website"},"primaryImageOfPage":{"@id":"https:\/\/www.cope.es\/blogs\/derosca\/2025\/04\/15\/reunion-del-comite-ejecutivo-ehf-en-viena\/#primaryimage"},"image":{"@id":"https:\/\/www.cope.es\/blogs\/derosca\/2025\/04\/15\/reunion-del-comite-ejecutivo-ehf-en-viena\/#primaryimage"},"thumbnailUrl":"https:\/\/www.cope.es\/blogs\/derosca\/wp-content\/uploads\/sites\/22\/2025\/04\/ehf_flags-1.jpg","datePublished":"2025-04-15T08:22:29+00:00","author":{"@id":"https:\/\/www.cope.es\/blogs\/derosca\/#\/schema\/person\/02d6fa6fa8d8db60f83303875a4ff77f"},"breadcrumb":{"@id":"https:\/\/www.cope.es\/blogs\/derosca\/2025\/04\/15\/reunion-del-comite-ejecutivo-ehf-en-viena\/#breadcrumb"},"inLanguage":"es","potentialAction":[{"@type":"ReadAction","target":["https:\/\/www.cope.es\/blogs\/derosca\/2025\/04\/15\/reunion-del-comite-ejecutivo-ehf-en-viena\/"]}]},{"@type":"ImageObject","inLanguage":"es","@id":"https:\/\/www.cope.es\/blogs\/derosca\/2025\/04\/15\/reunion-del-comite-ejecutivo-ehf-en-viena\/#primaryimage","url":"https:\/\/www.cope.es\/blogs\/derosca\/wp-content\/uploads\/sites\/22\/2025\/04\/ehf_flags-1.jpg","contentUrl":"https:\/\/www.cope.es\/blogs\/derosca\/wp-content\/uploads\/sites\/22\/2025\/04\/ehf_flags-1.jpg","width":680,"height":463,"caption":"Reuni\u00f3n del Comit\u00e9 Ejercutivo EHF en Viena"},{"@type":"BreadcrumbList","@id":"https:\/\/www.cope.es\/blogs\/derosca\/2025\/04\/15\/reunion-del-comite-ejecutivo-ehf-en-viena\/#breadcrumb","itemListElement":[{"@type":"ListItem","position":1,"name":"Portada","item":"https:\/\/www.cope.es\/blogs\/derosca\/"},{"@type":"ListItem","position":2,"name":"Reuni\u00f3n del Comit\u00e9 Ejecutivo EHF en Viena"}]},{"@type":"WebSite","@id":"https:\/\/www.cope.es\/blogs\/derosca\/#website","url":"https:\/\/www.cope.es\/blogs\/derosca\/","name":"Derosca","description":"Blog de balonmano COPE","potentialAction":[{"@type":"SearchAction","target":{"@type":"EntryPoint","urlTemplate":"https:\/\/www.cope.es\/blogs\/derosca\/?s={search_term_string}"},"query-input":{"@type":"PropertyValueSpecification","valueRequired":true,"valueName":"search_term_string"}}],"inLanguage":"es"},{"@type":"Person","@id":"https:\/\/www.cope.es\/blogs\/derosca\/#\/schema\/person\/02d6fa6fa8d8db60f83303875a4ff77f","name":"Luis Malvar","image":{"@type":"ImageObject","inLanguage":"es","@id":"https:\/\/secure.gravatar.com\/avatar\/23cd47dec2904689b3ccd32d1dd3e86c7cbf60dcf7376c68854f761a4939534f?s=96&d=mm&r=g","url":"https:\/\/secure.gravatar.com\/avatar\/23cd47dec2904689b3ccd32d1dd3e86c7cbf60dcf7376c68854f761a4939534f?s=96&d=mm&r=g","contentUrl":"https:\/\/secure.gravatar.com\/avatar\/23cd47dec2904689b3ccd32d1dd3e86c7cbf60dcf7376c68854f761a4939534f?s=96&d=mm&r=g","caption":"Luis Malvar"},"description":"Comenc\u00e9 la andadura del Blog Derosca all\u00e1 por el 22 de Mayo de 2008. Un blog en el que se trata de llevar a los numerosos aficionados y amantes del mundo del balonmano toda la actualidad de nuestro apasionante deporte. Una ventana que sirve para dar luz a las innumerables noticias que genera el balonmano y que habitualmente no tienen reflejo en los medios de comunicaci\u00f3n. Sin lugar a dudas el Blog Derosca cuenta con un apartado que tiene a gala contar con miles de seguidores como es \u201cMis Pajaritos\u201d en donde se relatan y narran todas las intrahistorias que se generan en el balonmano espa\u00f1ol y que incomoda a m\u00e1s de uno que salgan a la luz.!Gracias por seguirnos durante todos estos a\u00f1os\u00a1","sameAs":["http:\/\/www.cope.es","lmalvar"],"url":"https:\/\/www.cope.es\/blogs\/derosca\/author\/lmalvar\/"}]}},"amp_enabled":true,"_links":{"self":[{"href":"https:\/\/www.cope.es\/blogs\/derosca\/wp-json\/wp\/v2\/posts\/4418","targetHints":{"allow":["GET"]}}],"collection":[{"href":"https:\/\/www.cope.es\/blogs\/derosca\/wp-json\/wp\/v2\/posts"}],"about":[{"href":"https:\/\/www.cope.es\/blogs\/derosca\/wp-json\/wp\/v2\/types\/post"}],"author":[{"embeddable":true,"href":"https:\/\/www.cope.es\/blogs\/derosca\/wp-json\/wp\/v2\/users\/23"}],"replies":[{"embeddable":true,"href":"https:\/\/www.cope.es\/blogs\/derosca\/wp-json\/wp\/v2\/comments?post=4418"}],"version-history":[{"count":2,"href":"https:\/\/www.cope.es\/blogs\/derosca\/wp-json\/wp\/v2\/posts\/4418\/revisions"}],"predecessor-version":[{"id":4421,"href":"https:\/\/www.cope.es\/blogs\/derosca\/wp-json\/wp\/v2\/posts\/4418\/revisions\/4421"}],"wp:featuredmedia":[{"embeddable":true,"href":"https:\/\/www.cope.es\/blogs\/derosca\/wp-json\/wp\/v2\/media\/4419"}],"wp:attachment":[{"href":"https:\/\/www.cope.es\/blogs\/derosca\/wp-json\/wp\/v2\/media?parent=4418"}],"wp:term":[{"taxonomy":"category","embeddable":true,"href":"https:\/\/www.cope.es\/blogs\/derosca\/wp-json\/wp\/v2\/categories?post=4418"},{"taxonomy":"post_tag","embeddable":true,"href":"https:\/\/www.cope.es\/blogs\/derosca\/wp-json\/wp\/v2\/tags?post=4418"}],"curies":[{"name":"wp","href":"https:\/\/api.w.org\/{rel}","templated":true}]}}