{"id":441,"date":"2018-12-10T09:46:41","date_gmt":"2018-12-10T08:46:41","guid":{"rendered":"http:\/\/www.cope.es\/blogs\/derosca\/?p=441"},"modified":"2018-12-10T09:46:41","modified_gmt":"2018-12-10T08:46:41","slug":"la-final4-copa-ehf-sera-organizada-por-el-equipo-aleman-del-thw-kiel","status":"publish","type":"post","link":"https:\/\/www.cope.es\/blogs\/derosca\/2018\/12\/10\/la-final4-copa-ehf-sera-organizada-por-el-equipo-aleman-del-thw-kiel\/","title":{"rendered":"La Final4 Copa EHF ser\u00e1 organizada por el equipo alem\u00e1n del THW Kiel"},"content":{"rendered":"<p><span style=\"font-family: Arial, sans-serif\"><span style=\"font-size: medium\">La Federaci\u00f3n Europea de Balonmano (EHF), a trav\u00e9s de su Comit\u00e9 Ejecutivo, ha decidido otorgado la organizaci\u00f3n de la Final4 de la Copa EHF al triple campe\u00f3n de la Champions League, el conjunto germano del THW Kiel, el fin de semana del 17 y 18 de Mayo de 2019. Los partidos de las Semifinales se jugar\u00e1n el Viernes 17 y le tercer y cuarto puesto y la gran Final ser\u00e1 el S\u00e1bado. 18.<\/span><\/span><\/p>\n<p><span style=\"font-family: Arial, sans-serif\"><span style=\"font-size: medium\">Despu\u00e9s de organizar las anteriores ediciones equipos como Nantes, Berl\u00edn, G\u00f6ppingen y Magdeburg, ahora le ha llegado el turno al m\u00edtico e hist\u00f3rico conjunto germano del THW Kiel para ser el anfitri\u00f3n de la Final4 de la Copa EHF en el majestuoso Sparkassen Arena con una capacidad de 10.300 espectadores.<\/span><\/span><\/p>\n<p><span style=\"font-family: Arial, sans-serif\"><span style=\"font-size: medium\">Recordemos que a pesar de concederle la organizaci\u00f3n de dicho evento el THW Kiel todav\u00eda no tiene la garant\u00eda de participar en la Finla4 que organizar\u00e1, puesto que tendr\u00e1 que quedar primero o segundo mejor, en un grupo donde se enfrentar\u00e1 a equipos como al espa\u00f1ol Fraikin Granollers, al dan\u00e9s GOG y al polaco Azoty-Pulawy aunque la realidad nos dice que hasta la fecha ninguno de los clubes organizadores se ha quedado fuera del evento que estaban organizando.<\/span><\/span><\/p>\n<p><span style=\"font-family: Arial, sans-serif\"><span style=\"font-size: medium\">El Director Deportivo del THW Kiel, Viktor Szilagy, ciertamente est\u00e1 muy satisfecho con la decisi\u00f3n adoptada por la EHF y ha confesado que tan pronto como se supo que iban a participar en la Copa EHF esta temporada comunicaron su inter\u00e9s por ser la sede de la Final4 de la Copa EHF. Igualmente reconoce que durante las \u00faltimas semanas tuvieron conversaciones muy constructivas con la EHF y la EHF Marketing. Ahora est\u00e1n felices de ofrecer a los numerosos aficionados al balonmano en Kiel y Schleswig-Holstein un espect\u00e1culo adicional esta temporada.<\/span><\/span><\/p>\n<p><span style=\"color: #02171d\"><span style=\"font-family: Arial, sans-serif\"><span style=\"font-size: medium\"><span>Seguirnos en twitter:\u00a0<\/span><\/span><\/span><\/span><span style=\"color: #0000ff\"><span><u><a href=\"https:\/\/twitter.com\/\"><span style=\"font-family: Arial, sans-serif\"><span style=\"font-size: medium\"><span>https:\/\/twitter.com\/#!\/deroscacope<\/span><\/span><\/span><\/a><\/u><\/span><\/span><\/p>\n","protected":false},"excerpt":{"rendered":"<p>La Federaci\u00f3n Europea de Balonmano (EHF), a trav\u00e9s de su Comit\u00e9 Ejecutivo, ha decidido otorgado la organizaci\u00f3n de la Final4 de la Copa EHF al triple campe\u00f3n de la Champions League, el conjunto germano del THW Kiel, el fin de semana del 17 y 18 de Mayo de 2019. Los partidos de las Semifinales se [&hellip;]<\/p>\n","protected":false},"author":23,"featured_media":442,"comment_status":"open","ping_status":"open","sticky":false,"template":"","format":"standard","meta":{"footnotes":""},"categories":[3],"tags":[],"class_list":["post-441","post","type-post","status-publish","format-standard","has-post-thumbnail","hentry","category-balonmano"],"yoast_head":"<!-- This site is optimized with the Yoast SEO plugin v27.4 - https:\/\/yoast.com\/product\/yoast-seo-wordpress\/ -->\n<title>La Final4 Copa EHF ser\u00e1 organizada por el equipo alem\u00e1n del THW Kiel - Derosca<\/title>\n<meta name=\"robots\" content=\"index, follow, max-snippet:-1, max-image-preview:large, max-video-preview:-1\" \/>\n<link rel=\"canonical\" href=\"https:\/\/www.cope.es\/blogs\/derosca\/2018\/12\/10\/la-final4-copa-ehf-sera-organizada-por-el-equipo-aleman-del-thw-kiel\/\" \/>\n<meta property=\"og:locale\" content=\"es_ES\" \/>\n<meta property=\"og:type\" content=\"article\" \/>\n<meta property=\"og:title\" content=\"La Final4 Copa EHF ser\u00e1 organizada por el equipo alem\u00e1n del THW Kiel - Derosca\" \/>\n<meta property=\"og:description\" content=\"La Federaci\u00f3n Europea de Balonmano (EHF), a trav\u00e9s de su Comit\u00e9 Ejecutivo, ha decidido otorgado la organizaci\u00f3n de la Final4 de la Copa EHF al triple campe\u00f3n de la Champions League, el conjunto germano del THW Kiel, el fin de semana del 17 y 18 de Mayo de 2019. Los partidos de las Semifinales se [&hellip;]\" \/>\n<meta property=\"og:url\" content=\"https:\/\/www.cope.es\/blogs\/derosca\/2018\/12\/10\/la-final4-copa-ehf-sera-organizada-por-el-equipo-aleman-del-thw-kiel\/\" \/>\n<meta property=\"og:site_name\" content=\"Derosca\" \/>\n<meta property=\"article:publisher\" content=\"https:\/\/www.facebook.com\/cope\/\" \/>\n<meta property=\"article:published_time\" content=\"2018-12-10T08:46:41+00:00\" \/>\n<meta property=\"og:image\" content=\"https:\/\/www.cope.es\/blogs\/derosca\/wp-content\/uploads\/sites\/22\/2018\/12\/CtRp0LvWIAAm-Fo.jpg\" \/>\n\t<meta property=\"og:image:width\" content=\"700\" \/>\n\t<meta property=\"og:image:height\" content=\"318\" \/>\n\t<meta property=\"og:image:type\" content=\"image\/jpeg\" \/>\n<meta name=\"author\" content=\"Luis Malvar\" \/>\n<meta name=\"twitter:card\" content=\"summary_large_image\" \/>\n<meta name=\"twitter:creator\" content=\"@cope_es\" \/>\n<meta name=\"twitter:site\" content=\"@cope_es\" \/>\n<meta name=\"twitter:label1\" content=\"Escrito por\" \/>\n\t<meta name=\"twitter:data1\" content=\"Luis Malvar\" \/>\n\t<meta name=\"twitter:label2\" content=\"Tiempo de lectura\" \/>\n\t<meta name=\"twitter:data2\" content=\"2 minutos\" \/>\n<script type=\"application\/ld+json\" class=\"yoast-schema-graph\">{\"@context\":\"https:\\\/\\\/schema.org\",\"@graph\":[{\"@type\":\"Article\",\"@id\":\"https:\\\/\\\/www.cope.es\\\/blogs\\\/derosca\\\/2018\\\/12\\\/10\\\/la-final4-copa-ehf-sera-organizada-por-el-equipo-aleman-del-thw-kiel\\\/#article\",\"isPartOf\":{\"@id\":\"https:\\\/\\\/www.cope.es\\\/blogs\\\/derosca\\\/2018\\\/12\\\/10\\\/la-final4-copa-ehf-sera-organizada-por-el-equipo-aleman-del-thw-kiel\\\/\"},\"author\":{\"name\":\"Luis Malvar\",\"@id\":\"https:\\\/\\\/www.cope.es\\\/blogs\\\/derosca\\\/#\\\/schema\\\/person\\\/02d6fa6fa8d8db60f83303875a4ff77f\"},\"headline\":\"La Final4 Copa EHF ser\u00e1 organizada por el equipo alem\u00e1n del THW Kiel\",\"datePublished\":\"2018-12-10T08:46:41+00:00\",\"mainEntityOfPage\":{\"@id\":\"https:\\\/\\\/www.cope.es\\\/blogs\\\/derosca\\\/2018\\\/12\\\/10\\\/la-final4-copa-ehf-sera-organizada-por-el-equipo-aleman-del-thw-kiel\\\/\"},\"wordCount\":327,\"commentCount\":0,\"image\":{\"@id\":\"https:\\\/\\\/www.cope.es\\\/blogs\\\/derosca\\\/2018\\\/12\\\/10\\\/la-final4-copa-ehf-sera-organizada-por-el-equipo-aleman-del-thw-kiel\\\/#primaryimage\"},\"thumbnailUrl\":\"https:\\\/\\\/www.cope.es\\\/blogs\\\/derosca\\\/wp-content\\\/uploads\\\/sites\\\/22\\\/2018\\\/12\\\/CtRp0LvWIAAm-Fo.jpg\",\"articleSection\":[\"Balonmano\"],\"inLanguage\":\"es\",\"potentialAction\":[{\"@type\":\"CommentAction\",\"name\":\"Comment\",\"target\":[\"https:\\\/\\\/www.cope.es\\\/blogs\\\/derosca\\\/2018\\\/12\\\/10\\\/la-final4-copa-ehf-sera-organizada-por-el-equipo-aleman-del-thw-kiel\\\/#respond\"]}]},{\"@type\":\"WebPage\",\"@id\":\"https:\\\/\\\/www.cope.es\\\/blogs\\\/derosca\\\/2018\\\/12\\\/10\\\/la-final4-copa-ehf-sera-organizada-por-el-equipo-aleman-del-thw-kiel\\\/\",\"url\":\"https:\\\/\\\/www.cope.es\\\/blogs\\\/derosca\\\/2018\\\/12\\\/10\\\/la-final4-copa-ehf-sera-organizada-por-el-equipo-aleman-del-thw-kiel\\\/\",\"name\":\"La Final4 Copa EHF ser\u00e1 organizada por el equipo alem\u00e1n del THW Kiel - Derosca\",\"isPartOf\":{\"@id\":\"https:\\\/\\\/www.cope.es\\\/blogs\\\/derosca\\\/#website\"},\"primaryImageOfPage\":{\"@id\":\"https:\\\/\\\/www.cope.es\\\/blogs\\\/derosca\\\/2018\\\/12\\\/10\\\/la-final4-copa-ehf-sera-organizada-por-el-equipo-aleman-del-thw-kiel\\\/#primaryimage\"},\"image\":{\"@id\":\"https:\\\/\\\/www.cope.es\\\/blogs\\\/derosca\\\/2018\\\/12\\\/10\\\/la-final4-copa-ehf-sera-organizada-por-el-equipo-aleman-del-thw-kiel\\\/#primaryimage\"},\"thumbnailUrl\":\"https:\\\/\\\/www.cope.es\\\/blogs\\\/derosca\\\/wp-content\\\/uploads\\\/sites\\\/22\\\/2018\\\/12\\\/CtRp0LvWIAAm-Fo.jpg\",\"datePublished\":\"2018-12-10T08:46:41+00:00\",\"author\":{\"@id\":\"https:\\\/\\\/www.cope.es\\\/blogs\\\/derosca\\\/#\\\/schema\\\/person\\\/02d6fa6fa8d8db60f83303875a4ff77f\"},\"breadcrumb\":{\"@id\":\"https:\\\/\\\/www.cope.es\\\/blogs\\\/derosca\\\/2018\\\/12\\\/10\\\/la-final4-copa-ehf-sera-organizada-por-el-equipo-aleman-del-thw-kiel\\\/#breadcrumb\"},\"inLanguage\":\"es\",\"potentialAction\":[{\"@type\":\"ReadAction\",\"target\":[\"https:\\\/\\\/www.cope.es\\\/blogs\\\/derosca\\\/2018\\\/12\\\/10\\\/la-final4-copa-ehf-sera-organizada-por-el-equipo-aleman-del-thw-kiel\\\/\"]}]},{\"@type\":\"ImageObject\",\"inLanguage\":\"es\",\"@id\":\"https:\\\/\\\/www.cope.es\\\/blogs\\\/derosca\\\/2018\\\/12\\\/10\\\/la-final4-copa-ehf-sera-organizada-por-el-equipo-aleman-del-thw-kiel\\\/#primaryimage\",\"url\":\"https:\\\/\\\/www.cope.es\\\/blogs\\\/derosca\\\/wp-content\\\/uploads\\\/sites\\\/22\\\/2018\\\/12\\\/CtRp0LvWIAAm-Fo.jpg\",\"contentUrl\":\"https:\\\/\\\/www.cope.es\\\/blogs\\\/derosca\\\/wp-content\\\/uploads\\\/sites\\\/22\\\/2018\\\/12\\\/CtRp0LvWIAAm-Fo.jpg\",\"width\":700,\"height\":318,\"caption\":\"a Final4 Copa EHF ser\u00e1 organizada por el equipo alem\u00e1n del THW Kiel\"},{\"@type\":\"BreadcrumbList\",\"@id\":\"https:\\\/\\\/www.cope.es\\\/blogs\\\/derosca\\\/2018\\\/12\\\/10\\\/la-final4-copa-ehf-sera-organizada-por-el-equipo-aleman-del-thw-kiel\\\/#breadcrumb\",\"itemListElement\":[{\"@type\":\"ListItem\",\"position\":1,\"name\":\"Portada\",\"item\":\"https:\\\/\\\/www.cope.es\\\/blogs\\\/derosca\\\/\"},{\"@type\":\"ListItem\",\"position\":2,\"name\":\"La Final4 Copa EHF ser\u00e1 organizada por el equipo alem\u00e1n del THW Kiel\"}]},{\"@type\":\"WebSite\",\"@id\":\"https:\\\/\\\/www.cope.es\\\/blogs\\\/derosca\\\/#website\",\"url\":\"https:\\\/\\\/www.cope.es\\\/blogs\\\/derosca\\\/\",\"name\":\"Derosca\",\"description\":\"Blog de balonmano COPE\",\"potentialAction\":[{\"@type\":\"SearchAction\",\"target\":{\"@type\":\"EntryPoint\",\"urlTemplate\":\"https:\\\/\\\/www.cope.es\\\/blogs\\\/derosca\\\/?s={search_term_string}\"},\"query-input\":{\"@type\":\"PropertyValueSpecification\",\"valueRequired\":true,\"valueName\":\"search_term_string\"}}],\"inLanguage\":\"es\"},{\"@type\":\"Person\",\"@id\":\"https:\\\/\\\/www.cope.es\\\/blogs\\\/derosca\\\/#\\\/schema\\\/person\\\/02d6fa6fa8d8db60f83303875a4ff77f\",\"name\":\"Luis Malvar\",\"image\":{\"@type\":\"ImageObject\",\"inLanguage\":\"es\",\"@id\":\"https:\\\/\\\/secure.gravatar.com\\\/avatar\\\/23cd47dec2904689b3ccd32d1dd3e86c7cbf60dcf7376c68854f761a4939534f?s=96&d=mm&r=g\",\"url\":\"https:\\\/\\\/secure.gravatar.com\\\/avatar\\\/23cd47dec2904689b3ccd32d1dd3e86c7cbf60dcf7376c68854f761a4939534f?s=96&d=mm&r=g\",\"contentUrl\":\"https:\\\/\\\/secure.gravatar.com\\\/avatar\\\/23cd47dec2904689b3ccd32d1dd3e86c7cbf60dcf7376c68854f761a4939534f?s=96&d=mm&r=g\",\"caption\":\"Luis Malvar\"},\"description\":\"Comenc\u00e9 la andadura del Blog Derosca all\u00e1 por el 22 de Mayo de 2008. Un blog en el que se trata de llevar a los numerosos aficionados y amantes del mundo del balonmano toda la actualidad de nuestro apasionante deporte. Una ventana que sirve para dar luz a las innumerables noticias que genera el balonmano y que habitualmente no tienen reflejo en los medios de comunicaci\u00f3n. Sin lugar a dudas el Blog Derosca cuenta con un apartado que tiene a gala contar con miles de seguidores como es \u201cMis Pajaritos\u201d en donde se relatan y narran todas las intrahistorias que se generan en el balonmano espa\u00f1ol y que incomoda a m\u00e1s de uno que salgan a la luz.!Gracias por seguirnos durante todos estos a\u00f1os\u00a1\",\"sameAs\":[\"http:\\\/\\\/www.cope.es\",\"lmalvar\"],\"url\":\"https:\\\/\\\/www.cope.es\\\/blogs\\\/derosca\\\/author\\\/lmalvar\\\/\"}]}<\/script>\n<!-- \/ Yoast SEO plugin. -->","yoast_head_json":{"title":"La Final4 Copa EHF ser\u00e1 organizada por el equipo alem\u00e1n del THW Kiel - Derosca","robots":{"index":"index","follow":"follow","max-snippet":"max-snippet:-1","max-image-preview":"max-image-preview:large","max-video-preview":"max-video-preview:-1"},"canonical":"https:\/\/www.cope.es\/blogs\/derosca\/2018\/12\/10\/la-final4-copa-ehf-sera-organizada-por-el-equipo-aleman-del-thw-kiel\/","og_locale":"es_ES","og_type":"article","og_title":"La Final4 Copa EHF ser\u00e1 organizada por el equipo alem\u00e1n del THW Kiel - Derosca","og_description":"La Federaci\u00f3n Europea de Balonmano (EHF), a trav\u00e9s de su Comit\u00e9 Ejecutivo, ha decidido otorgado la organizaci\u00f3n de la Final4 de la Copa EHF al triple campe\u00f3n de la Champions League, el conjunto germano del THW Kiel, el fin de semana del 17 y 18 de Mayo de 2019. Los partidos de las Semifinales se [&hellip;]","og_url":"https:\/\/www.cope.es\/blogs\/derosca\/2018\/12\/10\/la-final4-copa-ehf-sera-organizada-por-el-equipo-aleman-del-thw-kiel\/","og_site_name":"Derosca","article_publisher":"https:\/\/www.facebook.com\/cope\/","article_published_time":"2018-12-10T08:46:41+00:00","og_image":[{"width":700,"height":318,"url":"https:\/\/www.cope.es\/blogs\/derosca\/wp-content\/uploads\/sites\/22\/2018\/12\/CtRp0LvWIAAm-Fo.jpg","type":"image\/jpeg"}],"author":"Luis Malvar","twitter_card":"summary_large_image","twitter_creator":"@cope_es","twitter_site":"@cope_es","twitter_misc":{"Escrito por":"Luis Malvar","Tiempo de lectura":"2 minutos"},"schema":{"@context":"https:\/\/schema.org","@graph":[{"@type":"Article","@id":"https:\/\/www.cope.es\/blogs\/derosca\/2018\/12\/10\/la-final4-copa-ehf-sera-organizada-por-el-equipo-aleman-del-thw-kiel\/#article","isPartOf":{"@id":"https:\/\/www.cope.es\/blogs\/derosca\/2018\/12\/10\/la-final4-copa-ehf-sera-organizada-por-el-equipo-aleman-del-thw-kiel\/"},"author":{"name":"Luis Malvar","@id":"https:\/\/www.cope.es\/blogs\/derosca\/#\/schema\/person\/02d6fa6fa8d8db60f83303875a4ff77f"},"headline":"La Final4 Copa EHF ser\u00e1 organizada por el equipo alem\u00e1n del THW Kiel","datePublished":"2018-12-10T08:46:41+00:00","mainEntityOfPage":{"@id":"https:\/\/www.cope.es\/blogs\/derosca\/2018\/12\/10\/la-final4-copa-ehf-sera-organizada-por-el-equipo-aleman-del-thw-kiel\/"},"wordCount":327,"commentCount":0,"image":{"@id":"https:\/\/www.cope.es\/blogs\/derosca\/2018\/12\/10\/la-final4-copa-ehf-sera-organizada-por-el-equipo-aleman-del-thw-kiel\/#primaryimage"},"thumbnailUrl":"https:\/\/www.cope.es\/blogs\/derosca\/wp-content\/uploads\/sites\/22\/2018\/12\/CtRp0LvWIAAm-Fo.jpg","articleSection":["Balonmano"],"inLanguage":"es","potentialAction":[{"@type":"CommentAction","name":"Comment","target":["https:\/\/www.cope.es\/blogs\/derosca\/2018\/12\/10\/la-final4-copa-ehf-sera-organizada-por-el-equipo-aleman-del-thw-kiel\/#respond"]}]},{"@type":"WebPage","@id":"https:\/\/www.cope.es\/blogs\/derosca\/2018\/12\/10\/la-final4-copa-ehf-sera-organizada-por-el-equipo-aleman-del-thw-kiel\/","url":"https:\/\/www.cope.es\/blogs\/derosca\/2018\/12\/10\/la-final4-copa-ehf-sera-organizada-por-el-equipo-aleman-del-thw-kiel\/","name":"La Final4 Copa EHF ser\u00e1 organizada por el equipo alem\u00e1n del THW Kiel - Derosca","isPartOf":{"@id":"https:\/\/www.cope.es\/blogs\/derosca\/#website"},"primaryImageOfPage":{"@id":"https:\/\/www.cope.es\/blogs\/derosca\/2018\/12\/10\/la-final4-copa-ehf-sera-organizada-por-el-equipo-aleman-del-thw-kiel\/#primaryimage"},"image":{"@id":"https:\/\/www.cope.es\/blogs\/derosca\/2018\/12\/10\/la-final4-copa-ehf-sera-organizada-por-el-equipo-aleman-del-thw-kiel\/#primaryimage"},"thumbnailUrl":"https:\/\/www.cope.es\/blogs\/derosca\/wp-content\/uploads\/sites\/22\/2018\/12\/CtRp0LvWIAAm-Fo.jpg","datePublished":"2018-12-10T08:46:41+00:00","author":{"@id":"https:\/\/www.cope.es\/blogs\/derosca\/#\/schema\/person\/02d6fa6fa8d8db60f83303875a4ff77f"},"breadcrumb":{"@id":"https:\/\/www.cope.es\/blogs\/derosca\/2018\/12\/10\/la-final4-copa-ehf-sera-organizada-por-el-equipo-aleman-del-thw-kiel\/#breadcrumb"},"inLanguage":"es","potentialAction":[{"@type":"ReadAction","target":["https:\/\/www.cope.es\/blogs\/derosca\/2018\/12\/10\/la-final4-copa-ehf-sera-organizada-por-el-equipo-aleman-del-thw-kiel\/"]}]},{"@type":"ImageObject","inLanguage":"es","@id":"https:\/\/www.cope.es\/blogs\/derosca\/2018\/12\/10\/la-final4-copa-ehf-sera-organizada-por-el-equipo-aleman-del-thw-kiel\/#primaryimage","url":"https:\/\/www.cope.es\/blogs\/derosca\/wp-content\/uploads\/sites\/22\/2018\/12\/CtRp0LvWIAAm-Fo.jpg","contentUrl":"https:\/\/www.cope.es\/blogs\/derosca\/wp-content\/uploads\/sites\/22\/2018\/12\/CtRp0LvWIAAm-Fo.jpg","width":700,"height":318,"caption":"a Final4 Copa EHF ser\u00e1 organizada por el equipo alem\u00e1n del THW Kiel"},{"@type":"BreadcrumbList","@id":"https:\/\/www.cope.es\/blogs\/derosca\/2018\/12\/10\/la-final4-copa-ehf-sera-organizada-por-el-equipo-aleman-del-thw-kiel\/#breadcrumb","itemListElement":[{"@type":"ListItem","position":1,"name":"Portada","item":"https:\/\/www.cope.es\/blogs\/derosca\/"},{"@type":"ListItem","position":2,"name":"La Final4 Copa EHF ser\u00e1 organizada por el equipo alem\u00e1n del THW Kiel"}]},{"@type":"WebSite","@id":"https:\/\/www.cope.es\/blogs\/derosca\/#website","url":"https:\/\/www.cope.es\/blogs\/derosca\/","name":"Derosca","description":"Blog de balonmano COPE","potentialAction":[{"@type":"SearchAction","target":{"@type":"EntryPoint","urlTemplate":"https:\/\/www.cope.es\/blogs\/derosca\/?s={search_term_string}"},"query-input":{"@type":"PropertyValueSpecification","valueRequired":true,"valueName":"search_term_string"}}],"inLanguage":"es"},{"@type":"Person","@id":"https:\/\/www.cope.es\/blogs\/derosca\/#\/schema\/person\/02d6fa6fa8d8db60f83303875a4ff77f","name":"Luis Malvar","image":{"@type":"ImageObject","inLanguage":"es","@id":"https:\/\/secure.gravatar.com\/avatar\/23cd47dec2904689b3ccd32d1dd3e86c7cbf60dcf7376c68854f761a4939534f?s=96&d=mm&r=g","url":"https:\/\/secure.gravatar.com\/avatar\/23cd47dec2904689b3ccd32d1dd3e86c7cbf60dcf7376c68854f761a4939534f?s=96&d=mm&r=g","contentUrl":"https:\/\/secure.gravatar.com\/avatar\/23cd47dec2904689b3ccd32d1dd3e86c7cbf60dcf7376c68854f761a4939534f?s=96&d=mm&r=g","caption":"Luis Malvar"},"description":"Comenc\u00e9 la andadura del Blog Derosca all\u00e1 por el 22 de Mayo de 2008. Un blog en el que se trata de llevar a los numerosos aficionados y amantes del mundo del balonmano toda la actualidad de nuestro apasionante deporte. Una ventana que sirve para dar luz a las innumerables noticias que genera el balonmano y que habitualmente no tienen reflejo en los medios de comunicaci\u00f3n. Sin lugar a dudas el Blog Derosca cuenta con un apartado que tiene a gala contar con miles de seguidores como es \u201cMis Pajaritos\u201d en donde se relatan y narran todas las intrahistorias que se generan en el balonmano espa\u00f1ol y que incomoda a m\u00e1s de uno que salgan a la luz.!Gracias por seguirnos durante todos estos a\u00f1os\u00a1","sameAs":["http:\/\/www.cope.es","lmalvar"],"url":"https:\/\/www.cope.es\/blogs\/derosca\/author\/lmalvar\/"}]}},"amp_enabled":true,"_links":{"self":[{"href":"https:\/\/www.cope.es\/blogs\/derosca\/wp-json\/wp\/v2\/posts\/441","targetHints":{"allow":["GET"]}}],"collection":[{"href":"https:\/\/www.cope.es\/blogs\/derosca\/wp-json\/wp\/v2\/posts"}],"about":[{"href":"https:\/\/www.cope.es\/blogs\/derosca\/wp-json\/wp\/v2\/types\/post"}],"author":[{"embeddable":true,"href":"https:\/\/www.cope.es\/blogs\/derosca\/wp-json\/wp\/v2\/users\/23"}],"replies":[{"embeddable":true,"href":"https:\/\/www.cope.es\/blogs\/derosca\/wp-json\/wp\/v2\/comments?post=441"}],"version-history":[{"count":1,"href":"https:\/\/www.cope.es\/blogs\/derosca\/wp-json\/wp\/v2\/posts\/441\/revisions"}],"predecessor-version":[{"id":443,"href":"https:\/\/www.cope.es\/blogs\/derosca\/wp-json\/wp\/v2\/posts\/441\/revisions\/443"}],"wp:featuredmedia":[{"embeddable":true,"href":"https:\/\/www.cope.es\/blogs\/derosca\/wp-json\/wp\/v2\/media\/442"}],"wp:attachment":[{"href":"https:\/\/www.cope.es\/blogs\/derosca\/wp-json\/wp\/v2\/media?parent=441"}],"wp:term":[{"taxonomy":"category","embeddable":true,"href":"https:\/\/www.cope.es\/blogs\/derosca\/wp-json\/wp\/v2\/categories?post=441"},{"taxonomy":"post_tag","embeddable":true,"href":"https:\/\/www.cope.es\/blogs\/derosca\/wp-json\/wp\/v2\/tags?post=441"}],"curies":[{"name":"wp","href":"https:\/\/api.w.org\/{rel}","templated":true}]}}