{"id":431,"date":"2018-12-03T09:19:01","date_gmt":"2018-12-03T08:19:01","guid":{"rendered":"http:\/\/www.cope.es\/blogs\/derosca\/?p=431"},"modified":"2018-12-03T09:19:01","modified_gmt":"2018-12-03T08:19:01","slug":"javi-martinez-noddesbo-jorgensen-y-sondergaard-embajadores-mundial-2019","status":"publish","type":"post","link":"https:\/\/www.cope.es\/blogs\/derosca\/2018\/12\/03\/javi-martinez-noddesbo-jorgensen-y-sondergaard-embajadores-mundial-2019\/","title":{"rendered":"Javi Mart\u00ednez, Noddesbo, Jorgensen y Sondergaard embajadores Mundial 2019"},"content":{"rendered":"<p><span style=\"font-family: Arial, sans-serif\">El Mundial Masculino 2019 en Alemania y Dinamarca est\u00e1 a la vuelta de la esquina. Cuando faltan menos de dos meses para que de comience el Mundial la emoci\u00f3n va aumentando d\u00eda a d\u00eda en la organizaci\u00f3n y los detalles se van cuidando con esmero. En las \u00faltimas semanas, tanto en Alemania como en Dinamarca se han sumado a la extensa lista de nombres conocidos que desean ayudar a promover el Mundial como embajadores deportistas relevantes e importantes. El Mundial comienza el 10 de Enero y termina el 27 de Enero en Herning.<\/span><\/p>\n<p><span style=\"font-family: Arial, sans-serif\">La Federaci\u00f3n Danesa de Balonmano ha anunciado que nombres tan relevantes en el mundo del balonmano como Lars Jorgensen, Jesper Noddesbo y Kasper Sondergaard, tres campeones europeos con Dinamarca en el a\u00f1o 2008, son nuevos embajadores. Jorgensen est\u00e1 pervisto que promocione los partidos que se disputen en la ciudad de Copenhague, donde se jugar\u00e1n los partidos de la Fase Previa del Grupo D y algunos de la Copa del Presidente. Por su parte Noddesbo y Sondergaard son los embajadores en la localidad de Herning, sede del Grupo C, la Fase Principal del Grupo II y los partidos por la lucha de las medallas.<\/span><\/p>\n<p><span style=\"font-family: Arial, sans-serif\">Por lo que respecto a Alemania, el jugador de f\u00fatbol espa\u00f1ol Javi Mart\u00ednez tambi\u00e9n es un nuevo embajador en la sede de Munich, sum\u00e1ndose al campe\u00f3n mundial de balonmano en el 2007 Dominik Klein. Recordemos que nuestro compatriota juega en el conjunto del Bayern Munich y tambi\u00e9n ha conseguido grandes logros con la Selecci\u00f3n Espa\u00f1ola ganando el t\u00edtulo de Campe\u00f3n de Europea y el Mundial. Javi Martinez ha manifestado que est\u00e1 muy contento de ser embajador del Mundial de Balonmano 2019 en Munich. Tambi\u00e9n Martinez espera que muchos aficionados acudan al Olympiahalle, donde se juega el Grupo B, para apoyar a los equipos de Croacia, Macedonia, Islandia, Jap\u00f3n, Bahrein y, por supuesto a Espa\u00f1a. \u00c9l acudir\u00e1 a ver los partidos.<\/span><\/p>\n<p><span style=\"font-family: Arial, sans-serif\">Recordemos que la Selecci\u00f3n Espa\u00f1ola Masculino se proclam\u00f3 Campe\u00f3n de Europa por primera vez en su historia el pasado Enero ganando en Croacia, despu\u00e9s de haber terminado segundo en cuatro ocasiones anteriormente. Javi Mart\u00ednez espera ver a nuestros Hispanos luchar por su tercer t\u00edtulo mundial despu\u00e9s de ganarlo en el a\u00f1o 2005 y 2013.<\/span><\/p>\n<p><span style=\"font-family: Arial, sans-serif\">Tambi\u00e9n es importante destacar que Javi Mart\u00ednez no es el \u00fanico jugador de f\u00fatbol que se implicado como embajador en el Mundial 2019. Otro que ayuda como embajador es el Campe\u00f3n del Mundo en 2014, Lukas Podolski, embajador en la ciudad de Colonia junto al ex internacional alem\u00e1n y ex entrenador Heiner Brand, mientras que Andreas Neuendorf y Torsten Mattuschk son embajadores de Berl\u00edn junto con el ex extremo germano internacional de Alemania Stefan Kretzschmar. Los otros compa\u00f1eros de la Selecci\u00f3n de Alemania campeones del Mundo en 2007 como Klein, Pascal Hens y Henning Fritz ser\u00e1n los embajadores de los partidos en la sede de Hamburgo.<\/span><\/p>\n<p><span style=\"color: #02171d\"><span style=\"font-family: Arial, sans-serif\">Seguirnos en twitter:\u00a0<\/span><\/span><span style=\"color: #0000ff\"><u><a href=\"https:\/\/twitter.com\/\"><span style=\"font-family: Arial, sans-serif\">https:\/\/twitter.com\/#!\/deroscacope<\/span><\/a><\/u><\/span><\/p>\n","protected":false},"excerpt":{"rendered":"<p>El Mundial Masculino 2019 en Alemania y Dinamarca est\u00e1 a la vuelta de la esquina. Cuando faltan menos de dos meses para que de comience el Mundial la emoci\u00f3n va aumentando d\u00eda a d\u00eda en la organizaci\u00f3n y los detalles se van cuidando con esmero. En las \u00faltimas semanas, tanto en Alemania como en Dinamarca [&hellip;]<\/p>\n","protected":false},"author":23,"featured_media":432,"comment_status":"open","ping_status":"open","sticky":false,"template":"","format":"standard","meta":{"footnotes":""},"categories":[3],"tags":[],"class_list":["post-431","post","type-post","status-publish","format-standard","has-post-thumbnail","hentry","category-balonmano"],"yoast_head":"<!-- This site is optimized with the Yoast SEO plugin v27.4 - https:\/\/yoast.com\/product\/yoast-seo-wordpress\/ -->\n<title>Javi Mart\u00ednez, Noddesbo, Jorgensen y Sondergaard embajadores Mundial 2019 - Derosca<\/title>\n<meta name=\"robots\" content=\"index, follow, max-snippet:-1, max-image-preview:large, max-video-preview:-1\" \/>\n<link rel=\"canonical\" href=\"https:\/\/www.cope.es\/blogs\/derosca\/2018\/12\/03\/javi-martinez-noddesbo-jorgensen-y-sondergaard-embajadores-mundial-2019\/\" \/>\n<meta property=\"og:locale\" content=\"es_ES\" \/>\n<meta property=\"og:type\" content=\"article\" \/>\n<meta property=\"og:title\" content=\"Javi Mart\u00ednez, Noddesbo, Jorgensen y Sondergaard embajadores Mundial 2019 - Derosca\" \/>\n<meta property=\"og:description\" content=\"El Mundial Masculino 2019 en Alemania y Dinamarca est\u00e1 a la vuelta de la esquina. Cuando faltan menos de dos meses para que de comience el Mundial la emoci\u00f3n va aumentando d\u00eda a d\u00eda en la organizaci\u00f3n y los detalles se van cuidando con esmero. En las \u00faltimas semanas, tanto en Alemania como en Dinamarca [&hellip;]\" \/>\n<meta property=\"og:url\" content=\"https:\/\/www.cope.es\/blogs\/derosca\/2018\/12\/03\/javi-martinez-noddesbo-jorgensen-y-sondergaard-embajadores-mundial-2019\/\" \/>\n<meta property=\"og:site_name\" content=\"Derosca\" \/>\n<meta property=\"article:publisher\" content=\"https:\/\/www.facebook.com\/cope\/\" \/>\n<meta property=\"article:published_time\" content=\"2018-12-03T08:19:01+00:00\" \/>\n<meta property=\"og:image\" content=\"https:\/\/www.cope.es\/blogs\/derosca\/wp-content\/uploads\/sites\/22\/2018\/12\/Javi-Martinez.jpg\" \/>\n\t<meta property=\"og:image:width\" content=\"700\" \/>\n\t<meta property=\"og:image:height\" content=\"454\" \/>\n\t<meta property=\"og:image:type\" content=\"image\/jpeg\" \/>\n<meta name=\"author\" content=\"Luis Malvar\" \/>\n<meta name=\"twitter:card\" content=\"summary_large_image\" \/>\n<meta name=\"twitter:creator\" content=\"@cope_es\" \/>\n<meta name=\"twitter:site\" content=\"@cope_es\" \/>\n<meta name=\"twitter:label1\" content=\"Escrito por\" \/>\n\t<meta name=\"twitter:data1\" content=\"Luis Malvar\" \/>\n\t<meta name=\"twitter:label2\" content=\"Tiempo de lectura\" \/>\n\t<meta name=\"twitter:data2\" content=\"3 minutos\" \/>\n<script type=\"application\/ld+json\" class=\"yoast-schema-graph\">{\"@context\":\"https:\\\/\\\/schema.org\",\"@graph\":[{\"@type\":\"Article\",\"@id\":\"https:\\\/\\\/www.cope.es\\\/blogs\\\/derosca\\\/2018\\\/12\\\/03\\\/javi-martinez-noddesbo-jorgensen-y-sondergaard-embajadores-mundial-2019\\\/#article\",\"isPartOf\":{\"@id\":\"https:\\\/\\\/www.cope.es\\\/blogs\\\/derosca\\\/2018\\\/12\\\/03\\\/javi-martinez-noddesbo-jorgensen-y-sondergaard-embajadores-mundial-2019\\\/\"},\"author\":{\"name\":\"Luis Malvar\",\"@id\":\"https:\\\/\\\/www.cope.es\\\/blogs\\\/derosca\\\/#\\\/schema\\\/person\\\/02d6fa6fa8d8db60f83303875a4ff77f\"},\"headline\":\"Javi Mart\u00ednez, Noddesbo, Jorgensen y Sondergaard embajadores Mundial 2019\",\"datePublished\":\"2018-12-03T08:19:01+00:00\",\"mainEntityOfPage\":{\"@id\":\"https:\\\/\\\/www.cope.es\\\/blogs\\\/derosca\\\/2018\\\/12\\\/03\\\/javi-martinez-noddesbo-jorgensen-y-sondergaard-embajadores-mundial-2019\\\/\"},\"wordCount\":519,\"commentCount\":0,\"image\":{\"@id\":\"https:\\\/\\\/www.cope.es\\\/blogs\\\/derosca\\\/2018\\\/12\\\/03\\\/javi-martinez-noddesbo-jorgensen-y-sondergaard-embajadores-mundial-2019\\\/#primaryimage\"},\"thumbnailUrl\":\"https:\\\/\\\/www.cope.es\\\/blogs\\\/derosca\\\/wp-content\\\/uploads\\\/sites\\\/22\\\/2018\\\/12\\\/Javi-Martinez.jpg\",\"articleSection\":[\"Balonmano\"],\"inLanguage\":\"es\",\"potentialAction\":[{\"@type\":\"CommentAction\",\"name\":\"Comment\",\"target\":[\"https:\\\/\\\/www.cope.es\\\/blogs\\\/derosca\\\/2018\\\/12\\\/03\\\/javi-martinez-noddesbo-jorgensen-y-sondergaard-embajadores-mundial-2019\\\/#respond\"]}]},{\"@type\":\"WebPage\",\"@id\":\"https:\\\/\\\/www.cope.es\\\/blogs\\\/derosca\\\/2018\\\/12\\\/03\\\/javi-martinez-noddesbo-jorgensen-y-sondergaard-embajadores-mundial-2019\\\/\",\"url\":\"https:\\\/\\\/www.cope.es\\\/blogs\\\/derosca\\\/2018\\\/12\\\/03\\\/javi-martinez-noddesbo-jorgensen-y-sondergaard-embajadores-mundial-2019\\\/\",\"name\":\"Javi Mart\u00ednez, Noddesbo, Jorgensen y Sondergaard embajadores Mundial 2019 - Derosca\",\"isPartOf\":{\"@id\":\"https:\\\/\\\/www.cope.es\\\/blogs\\\/derosca\\\/#website\"},\"primaryImageOfPage\":{\"@id\":\"https:\\\/\\\/www.cope.es\\\/blogs\\\/derosca\\\/2018\\\/12\\\/03\\\/javi-martinez-noddesbo-jorgensen-y-sondergaard-embajadores-mundial-2019\\\/#primaryimage\"},\"image\":{\"@id\":\"https:\\\/\\\/www.cope.es\\\/blogs\\\/derosca\\\/2018\\\/12\\\/03\\\/javi-martinez-noddesbo-jorgensen-y-sondergaard-embajadores-mundial-2019\\\/#primaryimage\"},\"thumbnailUrl\":\"https:\\\/\\\/www.cope.es\\\/blogs\\\/derosca\\\/wp-content\\\/uploads\\\/sites\\\/22\\\/2018\\\/12\\\/Javi-Martinez.jpg\",\"datePublished\":\"2018-12-03T08:19:01+00:00\",\"author\":{\"@id\":\"https:\\\/\\\/www.cope.es\\\/blogs\\\/derosca\\\/#\\\/schema\\\/person\\\/02d6fa6fa8d8db60f83303875a4ff77f\"},\"breadcrumb\":{\"@id\":\"https:\\\/\\\/www.cope.es\\\/blogs\\\/derosca\\\/2018\\\/12\\\/03\\\/javi-martinez-noddesbo-jorgensen-y-sondergaard-embajadores-mundial-2019\\\/#breadcrumb\"},\"inLanguage\":\"es\",\"potentialAction\":[{\"@type\":\"ReadAction\",\"target\":[\"https:\\\/\\\/www.cope.es\\\/blogs\\\/derosca\\\/2018\\\/12\\\/03\\\/javi-martinez-noddesbo-jorgensen-y-sondergaard-embajadores-mundial-2019\\\/\"]}]},{\"@type\":\"ImageObject\",\"inLanguage\":\"es\",\"@id\":\"https:\\\/\\\/www.cope.es\\\/blogs\\\/derosca\\\/2018\\\/12\\\/03\\\/javi-martinez-noddesbo-jorgensen-y-sondergaard-embajadores-mundial-2019\\\/#primaryimage\",\"url\":\"https:\\\/\\\/www.cope.es\\\/blogs\\\/derosca\\\/wp-content\\\/uploads\\\/sites\\\/22\\\/2018\\\/12\\\/Javi-Martinez.jpg\",\"contentUrl\":\"https:\\\/\\\/www.cope.es\\\/blogs\\\/derosca\\\/wp-content\\\/uploads\\\/sites\\\/22\\\/2018\\\/12\\\/Javi-Martinez.jpg\",\"width\":700,\"height\":454,\"caption\":\"Javi Mart\u00ednez, Noddesbo, Jorgensen y Sondergaard embajadores Mundial 2019\"},{\"@type\":\"BreadcrumbList\",\"@id\":\"https:\\\/\\\/www.cope.es\\\/blogs\\\/derosca\\\/2018\\\/12\\\/03\\\/javi-martinez-noddesbo-jorgensen-y-sondergaard-embajadores-mundial-2019\\\/#breadcrumb\",\"itemListElement\":[{\"@type\":\"ListItem\",\"position\":1,\"name\":\"Portada\",\"item\":\"https:\\\/\\\/www.cope.es\\\/blogs\\\/derosca\\\/\"},{\"@type\":\"ListItem\",\"position\":2,\"name\":\"Javi Mart\u00ednez, Noddesbo, Jorgensen y Sondergaard embajadores Mundial 2019\"}]},{\"@type\":\"WebSite\",\"@id\":\"https:\\\/\\\/www.cope.es\\\/blogs\\\/derosca\\\/#website\",\"url\":\"https:\\\/\\\/www.cope.es\\\/blogs\\\/derosca\\\/\",\"name\":\"Derosca\",\"description\":\"Blog de balonmano COPE\",\"potentialAction\":[{\"@type\":\"SearchAction\",\"target\":{\"@type\":\"EntryPoint\",\"urlTemplate\":\"https:\\\/\\\/www.cope.es\\\/blogs\\\/derosca\\\/?s={search_term_string}\"},\"query-input\":{\"@type\":\"PropertyValueSpecification\",\"valueRequired\":true,\"valueName\":\"search_term_string\"}}],\"inLanguage\":\"es\"},{\"@type\":\"Person\",\"@id\":\"https:\\\/\\\/www.cope.es\\\/blogs\\\/derosca\\\/#\\\/schema\\\/person\\\/02d6fa6fa8d8db60f83303875a4ff77f\",\"name\":\"Luis Malvar\",\"image\":{\"@type\":\"ImageObject\",\"inLanguage\":\"es\",\"@id\":\"https:\\\/\\\/secure.gravatar.com\\\/avatar\\\/23cd47dec2904689b3ccd32d1dd3e86c7cbf60dcf7376c68854f761a4939534f?s=96&d=mm&r=g\",\"url\":\"https:\\\/\\\/secure.gravatar.com\\\/avatar\\\/23cd47dec2904689b3ccd32d1dd3e86c7cbf60dcf7376c68854f761a4939534f?s=96&d=mm&r=g\",\"contentUrl\":\"https:\\\/\\\/secure.gravatar.com\\\/avatar\\\/23cd47dec2904689b3ccd32d1dd3e86c7cbf60dcf7376c68854f761a4939534f?s=96&d=mm&r=g\",\"caption\":\"Luis Malvar\"},\"description\":\"Comenc\u00e9 la andadura del Blog Derosca all\u00e1 por el 22 de Mayo de 2008. Un blog en el que se trata de llevar a los numerosos aficionados y amantes del mundo del balonmano toda la actualidad de nuestro apasionante deporte. Una ventana que sirve para dar luz a las innumerables noticias que genera el balonmano y que habitualmente no tienen reflejo en los medios de comunicaci\u00f3n. Sin lugar a dudas el Blog Derosca cuenta con un apartado que tiene a gala contar con miles de seguidores como es \u201cMis Pajaritos\u201d en donde se relatan y narran todas las intrahistorias que se generan en el balonmano espa\u00f1ol y que incomoda a m\u00e1s de uno que salgan a la luz.!Gracias por seguirnos durante todos estos a\u00f1os\u00a1\",\"sameAs\":[\"http:\\\/\\\/www.cope.es\",\"lmalvar\"],\"url\":\"https:\\\/\\\/www.cope.es\\\/blogs\\\/derosca\\\/author\\\/lmalvar\\\/\"}]}<\/script>\n<!-- \/ Yoast SEO plugin. -->","yoast_head_json":{"title":"Javi Mart\u00ednez, Noddesbo, Jorgensen y Sondergaard embajadores Mundial 2019 - Derosca","robots":{"index":"index","follow":"follow","max-snippet":"max-snippet:-1","max-image-preview":"max-image-preview:large","max-video-preview":"max-video-preview:-1"},"canonical":"https:\/\/www.cope.es\/blogs\/derosca\/2018\/12\/03\/javi-martinez-noddesbo-jorgensen-y-sondergaard-embajadores-mundial-2019\/","og_locale":"es_ES","og_type":"article","og_title":"Javi Mart\u00ednez, Noddesbo, Jorgensen y Sondergaard embajadores Mundial 2019 - Derosca","og_description":"El Mundial Masculino 2019 en Alemania y Dinamarca est\u00e1 a la vuelta de la esquina. Cuando faltan menos de dos meses para que de comience el Mundial la emoci\u00f3n va aumentando d\u00eda a d\u00eda en la organizaci\u00f3n y los detalles se van cuidando con esmero. En las \u00faltimas semanas, tanto en Alemania como en Dinamarca [&hellip;]","og_url":"https:\/\/www.cope.es\/blogs\/derosca\/2018\/12\/03\/javi-martinez-noddesbo-jorgensen-y-sondergaard-embajadores-mundial-2019\/","og_site_name":"Derosca","article_publisher":"https:\/\/www.facebook.com\/cope\/","article_published_time":"2018-12-03T08:19:01+00:00","og_image":[{"width":700,"height":454,"url":"https:\/\/www.cope.es\/blogs\/derosca\/wp-content\/uploads\/sites\/22\/2018\/12\/Javi-Martinez.jpg","type":"image\/jpeg"}],"author":"Luis Malvar","twitter_card":"summary_large_image","twitter_creator":"@cope_es","twitter_site":"@cope_es","twitter_misc":{"Escrito por":"Luis Malvar","Tiempo de lectura":"3 minutos"},"schema":{"@context":"https:\/\/schema.org","@graph":[{"@type":"Article","@id":"https:\/\/www.cope.es\/blogs\/derosca\/2018\/12\/03\/javi-martinez-noddesbo-jorgensen-y-sondergaard-embajadores-mundial-2019\/#article","isPartOf":{"@id":"https:\/\/www.cope.es\/blogs\/derosca\/2018\/12\/03\/javi-martinez-noddesbo-jorgensen-y-sondergaard-embajadores-mundial-2019\/"},"author":{"name":"Luis Malvar","@id":"https:\/\/www.cope.es\/blogs\/derosca\/#\/schema\/person\/02d6fa6fa8d8db60f83303875a4ff77f"},"headline":"Javi Mart\u00ednez, Noddesbo, Jorgensen y Sondergaard embajadores Mundial 2019","datePublished":"2018-12-03T08:19:01+00:00","mainEntityOfPage":{"@id":"https:\/\/www.cope.es\/blogs\/derosca\/2018\/12\/03\/javi-martinez-noddesbo-jorgensen-y-sondergaard-embajadores-mundial-2019\/"},"wordCount":519,"commentCount":0,"image":{"@id":"https:\/\/www.cope.es\/blogs\/derosca\/2018\/12\/03\/javi-martinez-noddesbo-jorgensen-y-sondergaard-embajadores-mundial-2019\/#primaryimage"},"thumbnailUrl":"https:\/\/www.cope.es\/blogs\/derosca\/wp-content\/uploads\/sites\/22\/2018\/12\/Javi-Martinez.jpg","articleSection":["Balonmano"],"inLanguage":"es","potentialAction":[{"@type":"CommentAction","name":"Comment","target":["https:\/\/www.cope.es\/blogs\/derosca\/2018\/12\/03\/javi-martinez-noddesbo-jorgensen-y-sondergaard-embajadores-mundial-2019\/#respond"]}]},{"@type":"WebPage","@id":"https:\/\/www.cope.es\/blogs\/derosca\/2018\/12\/03\/javi-martinez-noddesbo-jorgensen-y-sondergaard-embajadores-mundial-2019\/","url":"https:\/\/www.cope.es\/blogs\/derosca\/2018\/12\/03\/javi-martinez-noddesbo-jorgensen-y-sondergaard-embajadores-mundial-2019\/","name":"Javi Mart\u00ednez, Noddesbo, Jorgensen y Sondergaard embajadores Mundial 2019 - Derosca","isPartOf":{"@id":"https:\/\/www.cope.es\/blogs\/derosca\/#website"},"primaryImageOfPage":{"@id":"https:\/\/www.cope.es\/blogs\/derosca\/2018\/12\/03\/javi-martinez-noddesbo-jorgensen-y-sondergaard-embajadores-mundial-2019\/#primaryimage"},"image":{"@id":"https:\/\/www.cope.es\/blogs\/derosca\/2018\/12\/03\/javi-martinez-noddesbo-jorgensen-y-sondergaard-embajadores-mundial-2019\/#primaryimage"},"thumbnailUrl":"https:\/\/www.cope.es\/blogs\/derosca\/wp-content\/uploads\/sites\/22\/2018\/12\/Javi-Martinez.jpg","datePublished":"2018-12-03T08:19:01+00:00","author":{"@id":"https:\/\/www.cope.es\/blogs\/derosca\/#\/schema\/person\/02d6fa6fa8d8db60f83303875a4ff77f"},"breadcrumb":{"@id":"https:\/\/www.cope.es\/blogs\/derosca\/2018\/12\/03\/javi-martinez-noddesbo-jorgensen-y-sondergaard-embajadores-mundial-2019\/#breadcrumb"},"inLanguage":"es","potentialAction":[{"@type":"ReadAction","target":["https:\/\/www.cope.es\/blogs\/derosca\/2018\/12\/03\/javi-martinez-noddesbo-jorgensen-y-sondergaard-embajadores-mundial-2019\/"]}]},{"@type":"ImageObject","inLanguage":"es","@id":"https:\/\/www.cope.es\/blogs\/derosca\/2018\/12\/03\/javi-martinez-noddesbo-jorgensen-y-sondergaard-embajadores-mundial-2019\/#primaryimage","url":"https:\/\/www.cope.es\/blogs\/derosca\/wp-content\/uploads\/sites\/22\/2018\/12\/Javi-Martinez.jpg","contentUrl":"https:\/\/www.cope.es\/blogs\/derosca\/wp-content\/uploads\/sites\/22\/2018\/12\/Javi-Martinez.jpg","width":700,"height":454,"caption":"Javi Mart\u00ednez, Noddesbo, Jorgensen y Sondergaard embajadores Mundial 2019"},{"@type":"BreadcrumbList","@id":"https:\/\/www.cope.es\/blogs\/derosca\/2018\/12\/03\/javi-martinez-noddesbo-jorgensen-y-sondergaard-embajadores-mundial-2019\/#breadcrumb","itemListElement":[{"@type":"ListItem","position":1,"name":"Portada","item":"https:\/\/www.cope.es\/blogs\/derosca\/"},{"@type":"ListItem","position":2,"name":"Javi Mart\u00ednez, Noddesbo, Jorgensen y Sondergaard embajadores Mundial 2019"}]},{"@type":"WebSite","@id":"https:\/\/www.cope.es\/blogs\/derosca\/#website","url":"https:\/\/www.cope.es\/blogs\/derosca\/","name":"Derosca","description":"Blog de balonmano COPE","potentialAction":[{"@type":"SearchAction","target":{"@type":"EntryPoint","urlTemplate":"https:\/\/www.cope.es\/blogs\/derosca\/?s={search_term_string}"},"query-input":{"@type":"PropertyValueSpecification","valueRequired":true,"valueName":"search_term_string"}}],"inLanguage":"es"},{"@type":"Person","@id":"https:\/\/www.cope.es\/blogs\/derosca\/#\/schema\/person\/02d6fa6fa8d8db60f83303875a4ff77f","name":"Luis Malvar","image":{"@type":"ImageObject","inLanguage":"es","@id":"https:\/\/secure.gravatar.com\/avatar\/23cd47dec2904689b3ccd32d1dd3e86c7cbf60dcf7376c68854f761a4939534f?s=96&d=mm&r=g","url":"https:\/\/secure.gravatar.com\/avatar\/23cd47dec2904689b3ccd32d1dd3e86c7cbf60dcf7376c68854f761a4939534f?s=96&d=mm&r=g","contentUrl":"https:\/\/secure.gravatar.com\/avatar\/23cd47dec2904689b3ccd32d1dd3e86c7cbf60dcf7376c68854f761a4939534f?s=96&d=mm&r=g","caption":"Luis Malvar"},"description":"Comenc\u00e9 la andadura del Blog Derosca all\u00e1 por el 22 de Mayo de 2008. Un blog en el que se trata de llevar a los numerosos aficionados y amantes del mundo del balonmano toda la actualidad de nuestro apasionante deporte. Una ventana que sirve para dar luz a las innumerables noticias que genera el balonmano y que habitualmente no tienen reflejo en los medios de comunicaci\u00f3n. Sin lugar a dudas el Blog Derosca cuenta con un apartado que tiene a gala contar con miles de seguidores como es \u201cMis Pajaritos\u201d en donde se relatan y narran todas las intrahistorias que se generan en el balonmano espa\u00f1ol y que incomoda a m\u00e1s de uno que salgan a la luz.!Gracias por seguirnos durante todos estos a\u00f1os\u00a1","sameAs":["http:\/\/www.cope.es","lmalvar"],"url":"https:\/\/www.cope.es\/blogs\/derosca\/author\/lmalvar\/"}]}},"amp_enabled":true,"_links":{"self":[{"href":"https:\/\/www.cope.es\/blogs\/derosca\/wp-json\/wp\/v2\/posts\/431","targetHints":{"allow":["GET"]}}],"collection":[{"href":"https:\/\/www.cope.es\/blogs\/derosca\/wp-json\/wp\/v2\/posts"}],"about":[{"href":"https:\/\/www.cope.es\/blogs\/derosca\/wp-json\/wp\/v2\/types\/post"}],"author":[{"embeddable":true,"href":"https:\/\/www.cope.es\/blogs\/derosca\/wp-json\/wp\/v2\/users\/23"}],"replies":[{"embeddable":true,"href":"https:\/\/www.cope.es\/blogs\/derosca\/wp-json\/wp\/v2\/comments?post=431"}],"version-history":[{"count":1,"href":"https:\/\/www.cope.es\/blogs\/derosca\/wp-json\/wp\/v2\/posts\/431\/revisions"}],"predecessor-version":[{"id":433,"href":"https:\/\/www.cope.es\/blogs\/derosca\/wp-json\/wp\/v2\/posts\/431\/revisions\/433"}],"wp:featuredmedia":[{"embeddable":true,"href":"https:\/\/www.cope.es\/blogs\/derosca\/wp-json\/wp\/v2\/media\/432"}],"wp:attachment":[{"href":"https:\/\/www.cope.es\/blogs\/derosca\/wp-json\/wp\/v2\/media?parent=431"}],"wp:term":[{"taxonomy":"category","embeddable":true,"href":"https:\/\/www.cope.es\/blogs\/derosca\/wp-json\/wp\/v2\/categories?post=431"},{"taxonomy":"post_tag","embeddable":true,"href":"https:\/\/www.cope.es\/blogs\/derosca\/wp-json\/wp\/v2\/tags?post=431"}],"curies":[{"name":"wp","href":"https:\/\/api.w.org\/{rel}","templated":true}]}}