{"id":4235,"date":"2025-02-17T09:23:06","date_gmt":"2025-02-17T08:23:06","guid":{"rendered":"https:\/\/www.cope.es\/blogs\/derosca\/?p=4235"},"modified":"2025-02-17T09:23:06","modified_gmt":"2025-02-17T08:23:06","slug":"el-rhein-neckar-lowen-tiene-nuevo-entrenador-proxima-temporada-maik-machulla","status":"publish","type":"post","link":"https:\/\/www.cope.es\/blogs\/derosca\/2025\/02\/17\/el-rhein-neckar-lowen-tiene-nuevo-entrenador-proxima-temporada-maik-machulla\/","title":{"rendered":"El Rhein-Neckar L\u00f6wen tiene nuevo entrenador pr\u00f3xima temporada. Maik Machulla"},"content":{"rendered":"<p><span style=\"color: #222222\"><span style=\"font-family: Arial, sans-serif\"><span style=\"font-size: medium\">Maik Machulla ser\u00e1 el nuevo entrenador del Rhein-Neckar L\u00f6wen a partir del 1 de Julio de 2025. El t\u00e9cnico de 47 a\u00f1os ha firmado un contrato de tres a\u00f1os con el bicampe\u00f3n alem\u00e1n y ganador de copa.<\/span><\/span><\/span><\/p>\n<p><span style=\"color: #222222\"><span style=\"font-family: Arial, sans-serif\"><span style=\"font-size: medium\">El Director General de L\u00f6wen, Holger Bachert, ha manifestado que con Maik Machulla han conseguido un entrenador con tanta experiencia como hambre de victorias. En especial, durante su exitosa etapa en Flensburg, demostr\u00f3 que sabe c\u00f3mo poner a un equipo en condiciones de luchar por t\u00edtulos y ganarlos. Y lo que para nosotros fue igual de importante: con su estilo de juego en Flensburg, se acerca mucho al balonmano de L\u00f6wen tal como lo imaginamos y, por lo tanto, encaja perfectamente en el perfil del puesto<\/span><\/span><\/span><\/p>\n<p><span style=\"color: #222222\"><span style=\"font-family: Arial, sans-serif\"><span style=\"font-size: medium\">Maik Machulla tambi\u00e9n est\u00e1 muy entusiasmado por trabajar con a partir del verano 2025 y dice que la gente implicada, la plantilla, el entorno del club, su filosof\u00eda deportiva y la plantilla actual con sus cualidades y potencial todo esto le convenci\u00f3 de que el Rhein-Neckar L\u00f6wen es el equipo adecuado para \u00e9l. Tiene muchas ganas de empezar y cruzar\u00e1 los dedos por los chicos desde lejos hasta entonces.<\/span><\/span><\/span><\/p>\n<p><span style=\"color: #222222\"><span style=\"font-family: Arial, sans-serif\"><span style=\"font-size: medium\">Igualmente el aspirante a Director Deportivo del Rhein-Neckar L\u00f6wen, Uwe Gensheimer, afirma que Maik es un entrenador con mucha experiencia y muchos \u00e9xitos. Tambi\u00e9n les convenci\u00f3 su idea del balonmano, que se basa en la velocidad y un sistema de juego amplio. En sus conversaciones con \u00e9l, sinti\u00f3 lo entusiasmado que est\u00e1 por la Bundesliga y por volver a trabajar en la liga m\u00e1s fuerte del mundo. Maik es un tipo muy aut\u00e9ntico que valora la disciplina tanto como un buen ambiente<\/span><\/span><\/span><\/p>\n<p><span style=\"color: #222222\"><span style=\"font-family: Arial, sans-serif\"><span style=\"font-size: medium\">Maik Machulla naci\u00f3 el 9 de Enero de 1977 en Greifswald, entonces todav\u00eda RDA. A los 14 a\u00f1os se incorpor\u00f3 al equipo juvenil del Magdeburg, donde se convirti\u00f3 en profesional del balonmano y jug\u00f3 sus primeros partidos de la Bundesliga. Su camino finalmente lo llev\u00f3 a Flensburg pasando por Hamelin, Nordhorn, Ahlen-Hamm y Hamm-Westfalen. De 2012 a 2017 trabaj\u00f3 como entrenador asistente del SG, donde jug\u00f3 hasta 2015, y de 2017 a 2023 como entrenador principal. Durante este tiempo, llev\u00f3 al SG al t\u00edtulo de campe\u00f3n en dos ocasiones y a los torneos Final4 de la Copa DHB y la Liga Europea.<\/span><\/span><\/span><\/p>\n<p><span style=\"color: #222222\"><span style=\"font-family: Arial, sans-serif\"><span style=\"font-size: medium\">Tras su despido en Flensburg en el a\u00f1o 2023, asumi\u00f3 el puesto de entrenador en jefe del gran club dan\u00e9s Aalborg Handbold en el verano de 2024, donde dej\u00f3 de hacerlo despu\u00e9s de solo unos meses.<\/span><\/span><\/span><\/p>\n<p><em><span style=\"color: #666666\"><span style=\"font-family: Arial, sans-serif\"><span style=\"font-size: medium\"><span>Seguirnos en twitter: <\/span><\/span><\/span><\/span><\/em><span style=\"color: #000080\"><span><u><a href=\"#!\/deroscacope\"><span style=\"color: #0000ff\"><span style=\"font-family: Arial, sans-serif\"><span style=\"font-size: medium\"><b>https:\/\/twitter.com\/#!\/deroscacope<\/b><\/span><\/span><\/span><\/a><\/u><\/span><\/span><\/p>\n","protected":false},"excerpt":{"rendered":"<p>Maik Machulla ser\u00e1 el nuevo entrenador del Rhein-Neckar L\u00f6wen a partir del 1 de Julio de 2025. El t\u00e9cnico de 47 a\u00f1os ha firmado un contrato de tres a\u00f1os con el bicampe\u00f3n alem\u00e1n y ganador de copa. El Director General de L\u00f6wen, Holger Bachert, ha manifestado que con Maik Machulla han conseguido un entrenador con [&hellip;]<\/p>\n","protected":false},"author":23,"featured_media":4236,"comment_status":"open","ping_status":"open","sticky":false,"template":"","format":"standard","meta":{"footnotes":""},"categories":[3],"tags":[],"class_list":["post-4235","post","type-post","status-publish","format-standard","has-post-thumbnail","hentry","category-balonmano"],"yoast_head":"<!-- This site is optimized with the Yoast SEO plugin v27.4 - https:\/\/yoast.com\/product\/yoast-seo-wordpress\/ -->\n<title>El Rhein-Neckar L\u00f6wen tiene nuevo entrenador pr\u00f3xima temporada. Maik Machulla - Derosca<\/title>\n<meta name=\"robots\" content=\"index, follow, max-snippet:-1, max-image-preview:large, max-video-preview:-1\" \/>\n<link rel=\"canonical\" href=\"https:\/\/www.cope.es\/blogs\/derosca\/2025\/02\/17\/el-rhein-neckar-lowen-tiene-nuevo-entrenador-proxima-temporada-maik-machulla\/\" \/>\n<meta property=\"og:locale\" content=\"es_ES\" \/>\n<meta property=\"og:type\" content=\"article\" \/>\n<meta property=\"og:title\" content=\"El Rhein-Neckar L\u00f6wen tiene nuevo entrenador pr\u00f3xima temporada. Maik Machulla - Derosca\" \/>\n<meta property=\"og:description\" content=\"Maik Machulla ser\u00e1 el nuevo entrenador del Rhein-Neckar L\u00f6wen a partir del 1 de Julio de 2025. El t\u00e9cnico de 47 a\u00f1os ha firmado un contrato de tres a\u00f1os con el bicampe\u00f3n alem\u00e1n y ganador de copa. El Director General de L\u00f6wen, Holger Bachert, ha manifestado que con Maik Machulla han conseguido un entrenador con [&hellip;]\" \/>\n<meta property=\"og:url\" content=\"https:\/\/www.cope.es\/blogs\/derosca\/2025\/02\/17\/el-rhein-neckar-lowen-tiene-nuevo-entrenador-proxima-temporada-maik-machulla\/\" \/>\n<meta property=\"og:site_name\" content=\"Derosca\" \/>\n<meta property=\"article:publisher\" content=\"https:\/\/www.facebook.com\/cope\/\" \/>\n<meta property=\"article:published_time\" content=\"2025-02-17T08:23:06+00:00\" \/>\n<meta property=\"og:image\" content=\"http:\/\/www.cope.es\/blogs\/derosca\/wp-content\/uploads\/sites\/22\/2025\/02\/281288.jpg\" \/>\n\t<meta property=\"og:image:width\" content=\"680\" \/>\n\t<meta property=\"og:image:height\" content=\"422\" \/>\n\t<meta property=\"og:image:type\" content=\"image\/jpeg\" \/>\n<meta name=\"author\" content=\"Luis Malvar\" \/>\n<meta name=\"twitter:card\" content=\"summary_large_image\" \/>\n<meta name=\"twitter:creator\" content=\"@cope_es\" \/>\n<meta name=\"twitter:site\" content=\"@cope_es\" \/>\n<meta name=\"twitter:label1\" content=\"Escrito por\" \/>\n\t<meta name=\"twitter:data1\" content=\"Luis Malvar\" \/>\n\t<meta name=\"twitter:label2\" content=\"Tiempo de lectura\" \/>\n\t<meta name=\"twitter:data2\" content=\"3 minutos\" \/>\n<script type=\"application\/ld+json\" class=\"yoast-schema-graph\">{\"@context\":\"https:\\\/\\\/schema.org\",\"@graph\":[{\"@type\":\"Article\",\"@id\":\"https:\\\/\\\/www.cope.es\\\/blogs\\\/derosca\\\/2025\\\/02\\\/17\\\/el-rhein-neckar-lowen-tiene-nuevo-entrenador-proxima-temporada-maik-machulla\\\/#article\",\"isPartOf\":{\"@id\":\"https:\\\/\\\/www.cope.es\\\/blogs\\\/derosca\\\/2025\\\/02\\\/17\\\/el-rhein-neckar-lowen-tiene-nuevo-entrenador-proxima-temporada-maik-machulla\\\/\"},\"author\":{\"name\":\"Luis Malvar\",\"@id\":\"https:\\\/\\\/www.cope.es\\\/blogs\\\/derosca\\\/#\\\/schema\\\/person\\\/02d6fa6fa8d8db60f83303875a4ff77f\"},\"headline\":\"El Rhein-Neckar L\u00f6wen tiene nuevo entrenador pr\u00f3xima temporada. Maik Machulla\",\"datePublished\":\"2025-02-17T08:23:06+00:00\",\"mainEntityOfPage\":{\"@id\":\"https:\\\/\\\/www.cope.es\\\/blogs\\\/derosca\\\/2025\\\/02\\\/17\\\/el-rhein-neckar-lowen-tiene-nuevo-entrenador-proxima-temporada-maik-machulla\\\/\"},\"wordCount\":441,\"commentCount\":0,\"image\":{\"@id\":\"https:\\\/\\\/www.cope.es\\\/blogs\\\/derosca\\\/2025\\\/02\\\/17\\\/el-rhein-neckar-lowen-tiene-nuevo-entrenador-proxima-temporada-maik-machulla\\\/#primaryimage\"},\"thumbnailUrl\":\"https:\\\/\\\/www.cope.es\\\/blogs\\\/derosca\\\/wp-content\\\/uploads\\\/sites\\\/22\\\/2025\\\/02\\\/281288.jpg\",\"articleSection\":[\"Balonmano\"],\"inLanguage\":\"es\",\"potentialAction\":[{\"@type\":\"CommentAction\",\"name\":\"Comment\",\"target\":[\"https:\\\/\\\/www.cope.es\\\/blogs\\\/derosca\\\/2025\\\/02\\\/17\\\/el-rhein-neckar-lowen-tiene-nuevo-entrenador-proxima-temporada-maik-machulla\\\/#respond\"]}]},{\"@type\":\"WebPage\",\"@id\":\"https:\\\/\\\/www.cope.es\\\/blogs\\\/derosca\\\/2025\\\/02\\\/17\\\/el-rhein-neckar-lowen-tiene-nuevo-entrenador-proxima-temporada-maik-machulla\\\/\",\"url\":\"https:\\\/\\\/www.cope.es\\\/blogs\\\/derosca\\\/2025\\\/02\\\/17\\\/el-rhein-neckar-lowen-tiene-nuevo-entrenador-proxima-temporada-maik-machulla\\\/\",\"name\":\"El Rhein-Neckar L\u00f6wen tiene nuevo entrenador pr\u00f3xima temporada. Maik Machulla - Derosca\",\"isPartOf\":{\"@id\":\"https:\\\/\\\/www.cope.es\\\/blogs\\\/derosca\\\/#website\"},\"primaryImageOfPage\":{\"@id\":\"https:\\\/\\\/www.cope.es\\\/blogs\\\/derosca\\\/2025\\\/02\\\/17\\\/el-rhein-neckar-lowen-tiene-nuevo-entrenador-proxima-temporada-maik-machulla\\\/#primaryimage\"},\"image\":{\"@id\":\"https:\\\/\\\/www.cope.es\\\/blogs\\\/derosca\\\/2025\\\/02\\\/17\\\/el-rhein-neckar-lowen-tiene-nuevo-entrenador-proxima-temporada-maik-machulla\\\/#primaryimage\"},\"thumbnailUrl\":\"https:\\\/\\\/www.cope.es\\\/blogs\\\/derosca\\\/wp-content\\\/uploads\\\/sites\\\/22\\\/2025\\\/02\\\/281288.jpg\",\"datePublished\":\"2025-02-17T08:23:06+00:00\",\"author\":{\"@id\":\"https:\\\/\\\/www.cope.es\\\/blogs\\\/derosca\\\/#\\\/schema\\\/person\\\/02d6fa6fa8d8db60f83303875a4ff77f\"},\"breadcrumb\":{\"@id\":\"https:\\\/\\\/www.cope.es\\\/blogs\\\/derosca\\\/2025\\\/02\\\/17\\\/el-rhein-neckar-lowen-tiene-nuevo-entrenador-proxima-temporada-maik-machulla\\\/#breadcrumb\"},\"inLanguage\":\"es\",\"potentialAction\":[{\"@type\":\"ReadAction\",\"target\":[\"https:\\\/\\\/www.cope.es\\\/blogs\\\/derosca\\\/2025\\\/02\\\/17\\\/el-rhein-neckar-lowen-tiene-nuevo-entrenador-proxima-temporada-maik-machulla\\\/\"]}]},{\"@type\":\"ImageObject\",\"inLanguage\":\"es\",\"@id\":\"https:\\\/\\\/www.cope.es\\\/blogs\\\/derosca\\\/2025\\\/02\\\/17\\\/el-rhein-neckar-lowen-tiene-nuevo-entrenador-proxima-temporada-maik-machulla\\\/#primaryimage\",\"url\":\"https:\\\/\\\/www.cope.es\\\/blogs\\\/derosca\\\/wp-content\\\/uploads\\\/sites\\\/22\\\/2025\\\/02\\\/281288.jpg\",\"contentUrl\":\"https:\\\/\\\/www.cope.es\\\/blogs\\\/derosca\\\/wp-content\\\/uploads\\\/sites\\\/22\\\/2025\\\/02\\\/281288.jpg\",\"width\":680,\"height\":422,\"caption\":\"El Rhein-Neckar L\u00f6wen tiene nuevo entrenador pr\u00f3xima temporada. Maik Machulla\"},{\"@type\":\"BreadcrumbList\",\"@id\":\"https:\\\/\\\/www.cope.es\\\/blogs\\\/derosca\\\/2025\\\/02\\\/17\\\/el-rhein-neckar-lowen-tiene-nuevo-entrenador-proxima-temporada-maik-machulla\\\/#breadcrumb\",\"itemListElement\":[{\"@type\":\"ListItem\",\"position\":1,\"name\":\"Portada\",\"item\":\"https:\\\/\\\/www.cope.es\\\/blogs\\\/derosca\\\/\"},{\"@type\":\"ListItem\",\"position\":2,\"name\":\"El Rhein-Neckar L\u00f6wen tiene nuevo entrenador pr\u00f3xima temporada. Maik Machulla\"}]},{\"@type\":\"WebSite\",\"@id\":\"https:\\\/\\\/www.cope.es\\\/blogs\\\/derosca\\\/#website\",\"url\":\"https:\\\/\\\/www.cope.es\\\/blogs\\\/derosca\\\/\",\"name\":\"Derosca\",\"description\":\"Blog de balonmano COPE\",\"potentialAction\":[{\"@type\":\"SearchAction\",\"target\":{\"@type\":\"EntryPoint\",\"urlTemplate\":\"https:\\\/\\\/www.cope.es\\\/blogs\\\/derosca\\\/?s={search_term_string}\"},\"query-input\":{\"@type\":\"PropertyValueSpecification\",\"valueRequired\":true,\"valueName\":\"search_term_string\"}}],\"inLanguage\":\"es\"},{\"@type\":\"Person\",\"@id\":\"https:\\\/\\\/www.cope.es\\\/blogs\\\/derosca\\\/#\\\/schema\\\/person\\\/02d6fa6fa8d8db60f83303875a4ff77f\",\"name\":\"Luis Malvar\",\"image\":{\"@type\":\"ImageObject\",\"inLanguage\":\"es\",\"@id\":\"https:\\\/\\\/secure.gravatar.com\\\/avatar\\\/23cd47dec2904689b3ccd32d1dd3e86c7cbf60dcf7376c68854f761a4939534f?s=96&d=mm&r=g\",\"url\":\"https:\\\/\\\/secure.gravatar.com\\\/avatar\\\/23cd47dec2904689b3ccd32d1dd3e86c7cbf60dcf7376c68854f761a4939534f?s=96&d=mm&r=g\",\"contentUrl\":\"https:\\\/\\\/secure.gravatar.com\\\/avatar\\\/23cd47dec2904689b3ccd32d1dd3e86c7cbf60dcf7376c68854f761a4939534f?s=96&d=mm&r=g\",\"caption\":\"Luis Malvar\"},\"description\":\"Comenc\u00e9 la andadura del Blog Derosca all\u00e1 por el 22 de Mayo de 2008. Un blog en el que se trata de llevar a los numerosos aficionados y amantes del mundo del balonmano toda la actualidad de nuestro apasionante deporte. Una ventana que sirve para dar luz a las innumerables noticias que genera el balonmano y que habitualmente no tienen reflejo en los medios de comunicaci\u00f3n. Sin lugar a dudas el Blog Derosca cuenta con un apartado que tiene a gala contar con miles de seguidores como es \u201cMis Pajaritos\u201d en donde se relatan y narran todas las intrahistorias que se generan en el balonmano espa\u00f1ol y que incomoda a m\u00e1s de uno que salgan a la luz.!Gracias por seguirnos durante todos estos a\u00f1os\u00a1\",\"sameAs\":[\"http:\\\/\\\/www.cope.es\",\"lmalvar\"],\"url\":\"https:\\\/\\\/www.cope.es\\\/blogs\\\/derosca\\\/author\\\/lmalvar\\\/\"}]}<\/script>\n<!-- \/ Yoast SEO plugin. -->","yoast_head_json":{"title":"El Rhein-Neckar L\u00f6wen tiene nuevo entrenador pr\u00f3xima temporada. Maik Machulla - Derosca","robots":{"index":"index","follow":"follow","max-snippet":"max-snippet:-1","max-image-preview":"max-image-preview:large","max-video-preview":"max-video-preview:-1"},"canonical":"https:\/\/www.cope.es\/blogs\/derosca\/2025\/02\/17\/el-rhein-neckar-lowen-tiene-nuevo-entrenador-proxima-temporada-maik-machulla\/","og_locale":"es_ES","og_type":"article","og_title":"El Rhein-Neckar L\u00f6wen tiene nuevo entrenador pr\u00f3xima temporada. Maik Machulla - Derosca","og_description":"Maik Machulla ser\u00e1 el nuevo entrenador del Rhein-Neckar L\u00f6wen a partir del 1 de Julio de 2025. El t\u00e9cnico de 47 a\u00f1os ha firmado un contrato de tres a\u00f1os con el bicampe\u00f3n alem\u00e1n y ganador de copa. El Director General de L\u00f6wen, Holger Bachert, ha manifestado que con Maik Machulla han conseguido un entrenador con [&hellip;]","og_url":"https:\/\/www.cope.es\/blogs\/derosca\/2025\/02\/17\/el-rhein-neckar-lowen-tiene-nuevo-entrenador-proxima-temporada-maik-machulla\/","og_site_name":"Derosca","article_publisher":"https:\/\/www.facebook.com\/cope\/","article_published_time":"2025-02-17T08:23:06+00:00","og_image":[{"width":680,"height":422,"url":"http:\/\/www.cope.es\/blogs\/derosca\/wp-content\/uploads\/sites\/22\/2025\/02\/281288.jpg","type":"image\/jpeg"}],"author":"Luis Malvar","twitter_card":"summary_large_image","twitter_creator":"@cope_es","twitter_site":"@cope_es","twitter_misc":{"Escrito por":"Luis Malvar","Tiempo de lectura":"3 minutos"},"schema":{"@context":"https:\/\/schema.org","@graph":[{"@type":"Article","@id":"https:\/\/www.cope.es\/blogs\/derosca\/2025\/02\/17\/el-rhein-neckar-lowen-tiene-nuevo-entrenador-proxima-temporada-maik-machulla\/#article","isPartOf":{"@id":"https:\/\/www.cope.es\/blogs\/derosca\/2025\/02\/17\/el-rhein-neckar-lowen-tiene-nuevo-entrenador-proxima-temporada-maik-machulla\/"},"author":{"name":"Luis Malvar","@id":"https:\/\/www.cope.es\/blogs\/derosca\/#\/schema\/person\/02d6fa6fa8d8db60f83303875a4ff77f"},"headline":"El Rhein-Neckar L\u00f6wen tiene nuevo entrenador pr\u00f3xima temporada. Maik Machulla","datePublished":"2025-02-17T08:23:06+00:00","mainEntityOfPage":{"@id":"https:\/\/www.cope.es\/blogs\/derosca\/2025\/02\/17\/el-rhein-neckar-lowen-tiene-nuevo-entrenador-proxima-temporada-maik-machulla\/"},"wordCount":441,"commentCount":0,"image":{"@id":"https:\/\/www.cope.es\/blogs\/derosca\/2025\/02\/17\/el-rhein-neckar-lowen-tiene-nuevo-entrenador-proxima-temporada-maik-machulla\/#primaryimage"},"thumbnailUrl":"https:\/\/www.cope.es\/blogs\/derosca\/wp-content\/uploads\/sites\/22\/2025\/02\/281288.jpg","articleSection":["Balonmano"],"inLanguage":"es","potentialAction":[{"@type":"CommentAction","name":"Comment","target":["https:\/\/www.cope.es\/blogs\/derosca\/2025\/02\/17\/el-rhein-neckar-lowen-tiene-nuevo-entrenador-proxima-temporada-maik-machulla\/#respond"]}]},{"@type":"WebPage","@id":"https:\/\/www.cope.es\/blogs\/derosca\/2025\/02\/17\/el-rhein-neckar-lowen-tiene-nuevo-entrenador-proxima-temporada-maik-machulla\/","url":"https:\/\/www.cope.es\/blogs\/derosca\/2025\/02\/17\/el-rhein-neckar-lowen-tiene-nuevo-entrenador-proxima-temporada-maik-machulla\/","name":"El Rhein-Neckar L\u00f6wen tiene nuevo entrenador pr\u00f3xima temporada. Maik Machulla - Derosca","isPartOf":{"@id":"https:\/\/www.cope.es\/blogs\/derosca\/#website"},"primaryImageOfPage":{"@id":"https:\/\/www.cope.es\/blogs\/derosca\/2025\/02\/17\/el-rhein-neckar-lowen-tiene-nuevo-entrenador-proxima-temporada-maik-machulla\/#primaryimage"},"image":{"@id":"https:\/\/www.cope.es\/blogs\/derosca\/2025\/02\/17\/el-rhein-neckar-lowen-tiene-nuevo-entrenador-proxima-temporada-maik-machulla\/#primaryimage"},"thumbnailUrl":"https:\/\/www.cope.es\/blogs\/derosca\/wp-content\/uploads\/sites\/22\/2025\/02\/281288.jpg","datePublished":"2025-02-17T08:23:06+00:00","author":{"@id":"https:\/\/www.cope.es\/blogs\/derosca\/#\/schema\/person\/02d6fa6fa8d8db60f83303875a4ff77f"},"breadcrumb":{"@id":"https:\/\/www.cope.es\/blogs\/derosca\/2025\/02\/17\/el-rhein-neckar-lowen-tiene-nuevo-entrenador-proxima-temporada-maik-machulla\/#breadcrumb"},"inLanguage":"es","potentialAction":[{"@type":"ReadAction","target":["https:\/\/www.cope.es\/blogs\/derosca\/2025\/02\/17\/el-rhein-neckar-lowen-tiene-nuevo-entrenador-proxima-temporada-maik-machulla\/"]}]},{"@type":"ImageObject","inLanguage":"es","@id":"https:\/\/www.cope.es\/blogs\/derosca\/2025\/02\/17\/el-rhein-neckar-lowen-tiene-nuevo-entrenador-proxima-temporada-maik-machulla\/#primaryimage","url":"https:\/\/www.cope.es\/blogs\/derosca\/wp-content\/uploads\/sites\/22\/2025\/02\/281288.jpg","contentUrl":"https:\/\/www.cope.es\/blogs\/derosca\/wp-content\/uploads\/sites\/22\/2025\/02\/281288.jpg","width":680,"height":422,"caption":"El Rhein-Neckar L\u00f6wen tiene nuevo entrenador pr\u00f3xima temporada. Maik Machulla"},{"@type":"BreadcrumbList","@id":"https:\/\/www.cope.es\/blogs\/derosca\/2025\/02\/17\/el-rhein-neckar-lowen-tiene-nuevo-entrenador-proxima-temporada-maik-machulla\/#breadcrumb","itemListElement":[{"@type":"ListItem","position":1,"name":"Portada","item":"https:\/\/www.cope.es\/blogs\/derosca\/"},{"@type":"ListItem","position":2,"name":"El Rhein-Neckar L\u00f6wen tiene nuevo entrenador pr\u00f3xima temporada. Maik Machulla"}]},{"@type":"WebSite","@id":"https:\/\/www.cope.es\/blogs\/derosca\/#website","url":"https:\/\/www.cope.es\/blogs\/derosca\/","name":"Derosca","description":"Blog de balonmano COPE","potentialAction":[{"@type":"SearchAction","target":{"@type":"EntryPoint","urlTemplate":"https:\/\/www.cope.es\/blogs\/derosca\/?s={search_term_string}"},"query-input":{"@type":"PropertyValueSpecification","valueRequired":true,"valueName":"search_term_string"}}],"inLanguage":"es"},{"@type":"Person","@id":"https:\/\/www.cope.es\/blogs\/derosca\/#\/schema\/person\/02d6fa6fa8d8db60f83303875a4ff77f","name":"Luis Malvar","image":{"@type":"ImageObject","inLanguage":"es","@id":"https:\/\/secure.gravatar.com\/avatar\/23cd47dec2904689b3ccd32d1dd3e86c7cbf60dcf7376c68854f761a4939534f?s=96&d=mm&r=g","url":"https:\/\/secure.gravatar.com\/avatar\/23cd47dec2904689b3ccd32d1dd3e86c7cbf60dcf7376c68854f761a4939534f?s=96&d=mm&r=g","contentUrl":"https:\/\/secure.gravatar.com\/avatar\/23cd47dec2904689b3ccd32d1dd3e86c7cbf60dcf7376c68854f761a4939534f?s=96&d=mm&r=g","caption":"Luis Malvar"},"description":"Comenc\u00e9 la andadura del Blog Derosca all\u00e1 por el 22 de Mayo de 2008. Un blog en el que se trata de llevar a los numerosos aficionados y amantes del mundo del balonmano toda la actualidad de nuestro apasionante deporte. Una ventana que sirve para dar luz a las innumerables noticias que genera el balonmano y que habitualmente no tienen reflejo en los medios de comunicaci\u00f3n. Sin lugar a dudas el Blog Derosca cuenta con un apartado que tiene a gala contar con miles de seguidores como es \u201cMis Pajaritos\u201d en donde se relatan y narran todas las intrahistorias que se generan en el balonmano espa\u00f1ol y que incomoda a m\u00e1s de uno que salgan a la luz.!Gracias por seguirnos durante todos estos a\u00f1os\u00a1","sameAs":["http:\/\/www.cope.es","lmalvar"],"url":"https:\/\/www.cope.es\/blogs\/derosca\/author\/lmalvar\/"}]}},"amp_enabled":true,"_links":{"self":[{"href":"https:\/\/www.cope.es\/blogs\/derosca\/wp-json\/wp\/v2\/posts\/4235","targetHints":{"allow":["GET"]}}],"collection":[{"href":"https:\/\/www.cope.es\/blogs\/derosca\/wp-json\/wp\/v2\/posts"}],"about":[{"href":"https:\/\/www.cope.es\/blogs\/derosca\/wp-json\/wp\/v2\/types\/post"}],"author":[{"embeddable":true,"href":"https:\/\/www.cope.es\/blogs\/derosca\/wp-json\/wp\/v2\/users\/23"}],"replies":[{"embeddable":true,"href":"https:\/\/www.cope.es\/blogs\/derosca\/wp-json\/wp\/v2\/comments?post=4235"}],"version-history":[{"count":1,"href":"https:\/\/www.cope.es\/blogs\/derosca\/wp-json\/wp\/v2\/posts\/4235\/revisions"}],"predecessor-version":[{"id":4237,"href":"https:\/\/www.cope.es\/blogs\/derosca\/wp-json\/wp\/v2\/posts\/4235\/revisions\/4237"}],"wp:featuredmedia":[{"embeddable":true,"href":"https:\/\/www.cope.es\/blogs\/derosca\/wp-json\/wp\/v2\/media\/4236"}],"wp:attachment":[{"href":"https:\/\/www.cope.es\/blogs\/derosca\/wp-json\/wp\/v2\/media?parent=4235"}],"wp:term":[{"taxonomy":"category","embeddable":true,"href":"https:\/\/www.cope.es\/blogs\/derosca\/wp-json\/wp\/v2\/categories?post=4235"},{"taxonomy":"post_tag","embeddable":true,"href":"https:\/\/www.cope.es\/blogs\/derosca\/wp-json\/wp\/v2\/tags?post=4235"}],"curies":[{"name":"wp","href":"https:\/\/api.w.org\/{rel}","templated":true}]}}