{"id":4232,"date":"2025-02-13T09:04:29","date_gmt":"2025-02-13T08:04:29","guid":{"rendered":"https:\/\/www.cope.es\/blogs\/derosca\/?p=4232"},"modified":"2025-02-13T09:04:29","modified_gmt":"2025-02-13T08:04:29","slug":"bob-hanning-nuevo-entrenador-de-la-seleccion-de-italia","status":"publish","type":"post","link":"https:\/\/www.cope.es\/blogs\/derosca\/2025\/02\/13\/bob-hanning-nuevo-entrenador-de-la-seleccion-de-italia\/","title":{"rendered":"Bob Hanning nuevo entrenador de la Selecci\u00f3n de Italia"},"content":{"rendered":"<p><span style=\"color: #222222\"><span style=\"font-family: Arial, sans-serif\"><span style=\"font-size: medium\">La <\/span><\/span><\/span><span style=\"color: #222222\"><span style=\"font-family: Arial, sans-serif\"><span style=\"font-size: medium\">Federaci\u00f3n Italiana de Balonmano (FIGH)<\/span><\/span><\/span><span style=\"color: #222222\"><span style=\"font-family: Arial, sans-serif\"><span style=\"font-size: medium\">, en el marco de su proyecto t\u00e9cnico y organizativo para el ciclo ol\u00edmpico 2025-2028, ha anunciado el inicio de una colaboraci\u00f3n con el entrenador y manager alem\u00e1n <\/span><\/span><\/span><span style=\"color: #222222\"><span style=\"font-family: Arial, sans-serif\"><span style=\"font-size: medium\">Bob Hanning<\/span><\/span><\/span><span style=\"color: #222222\"><span style=\"font-family: Arial, sans-serif\"><span style=\"font-size: medium\">, quien asumir\u00e1 oficialmente los roles de <\/span><\/span><\/span><span style=\"color: #222222\"><span style=\"font-family: Arial, sans-serif\"><span style=\"font-size: medium\">consultor y director t\u00e9cnico de las selecciones nacionales masculinas<\/span><\/span><\/span><span style=\"color: #222222\"><span style=\"font-family: Arial, sans-serif\"><span style=\"font-size: medium\">. El acuerdo se formaliz\u00f3 hace unos d\u00edas en el <\/span><\/span><\/span><span style=\"color: #222222\"><span style=\"font-family: Arial, sans-serif\"><span style=\"font-size: medium\">Unity <\/span><\/span><\/span><span style=\"color: #222222\"><span style=\"font-family: Arial, sans-serif\"><span style=\"font-size: medium\">Arena de Oslo, Noruega<\/span><\/span><\/span><span style=\"color: #222222\"><span style=\"font-family: Arial, sans-serif\"><span style=\"font-size: medium\">, durante una presentaci\u00f3n a los principales medios de comunicaci\u00f3n internacionales del balonmano con la presencia del P<\/span><\/span><\/span><span style=\"color: #222222\"><span style=\"font-family: Arial, sans-serif\"><span style=\"font-size: medium\">residente de la FIGH, Stefano Podini<\/span><\/span><\/span><span style=\"color: #222222\"><span style=\"font-family: Arial, sans-serif\"><span style=\"font-size: medium\">, y <\/span><\/span><\/span><span style=\"color: #222222\"><span style=\"font-family: Arial, sans-serif\"><span style=\"font-size: medium\">de <\/span><\/span><\/span><span style=\"color: #222222\"><span style=\"font-family: Arial, sans-serif\"><span style=\"font-size: medium\">Bob Hanning<\/span><\/span><\/span><span style=\"color: #222222\"><span style=\"font-family: Arial, sans-serif\"><span style=\"font-size: medium\">.<\/span><\/span><\/span><\/p>\n<p><span style=\"color: #222222\"><span style=\"font-family: Arial, sans-serif\"><span style=\"font-size: medium\">Con ello concluye el ciclo t\u00e9cnico dirigido por <\/span><\/span><\/span><span style=\"color: #222222\"><span style=\"font-family: Arial, sans-serif\"><span style=\"font-size: medium\">el entrenador Riccardo Trillini<\/span><\/span><\/span><span style=\"color: #222222\"><span style=\"font-family: Arial, sans-serif\"><span style=\"font-size: medium\">, cuyo contrato est\u00e1 a punto de expirar. El mandato de Trillini comenz\u00f3 en 2017 y culmin\u00f3 con <\/span><\/span><\/span><span style=\"color: #222222\"><span style=\"font-family: Arial, sans-serif\"><span style=\"font-size: medium\">la hist\u00f3rica <\/span><\/span><\/span><span style=\"color: #222222\"><span style=\"font-family: Arial, sans-serif\"><span style=\"font-size: medium\">clasificaci\u00f3n de Italia al Campeonato Mundial de 2025 <\/span><\/span><\/span><span style=\"color: #222222\"><span style=\"font-family: Arial, sans-serif\"><span style=\"font-size: medium\">y una excelente trayectoria en el torneo, llegando a la <\/span><\/span><\/span><span style=\"color: #222222\"><span style=\"font-family: Arial, sans-serif\"><span style=\"font-size: medium\">Ronda Principal y terminando en el puesto 16 de la clasificaci\u00f3n general<\/span><\/span><\/span><span style=\"color: #222222\"><span style=\"font-family: Arial, sans-serif\"><span style=\"font-size: medium\">.<\/span><\/span><\/span><\/p>\n<p><span style=\"color: #222222\"><span style=\"font-family: Arial, sans-serif\"><span style=\"font-size: medium\">Al mismo tiempo, la Federaci\u00f3n abre un nuevo cap\u00edtulo de <\/span><\/span><\/span><span style=\"color: #222222\"><span style=\"font-family: Arial, sans-serif\"><span style=\"font-size: medium\">crecimiento <\/span><\/span><\/span><span style=\"color: #222222\"><span style=\"font-family: Arial, sans-serif\"><span style=\"font-size: medium\">para el balonmano italiano, implementando un <\/span><\/span><\/span><span style=\"color: #222222\"><span style=\"font-family: Arial, sans-serif\"><span style=\"font-size: medium\">proyecto integral y estructurado<\/span><\/span><\/span><span style=\"color: #222222\"><span style=\"font-family: Arial, sans-serif\"><span style=\"font-size: medium\">. Esta iniciativa se centrar\u00e1 en el <\/span><\/span><\/span><span style=\"color: #222222\"><span style=\"font-family: Arial, sans-serif\"><span style=\"font-size: medium\">desarrollo de las selecciones nacionales tanto mayores como juveniles<\/span><\/span><\/span><span style=\"color: #222222\"><span style=\"font-family: Arial, sans-serif\"><span style=\"font-size: medium\">, con un <\/span><\/span><\/span><span style=\"color: #222222\"><span style=\"font-family: Arial, sans-serif\"><span style=\"font-size: medium\">fuerte \u00e9nfasis en la b\u00fasqueda y el desarrollo de talento<\/span><\/span><\/span><span style=\"color: #222222\"><span style=\"font-family: Arial, sans-serif\"><span style=\"font-size: medium\">s<\/span><\/span><\/span><span style=\"color: #222222\"><span style=\"font-family: Arial, sans-serif\"><span style=\"font-size: medium\">, una prioridad clave para la Federaci\u00f3n. Adem\u00e1s, los jugadores italianos tendr\u00e1n <\/span><\/span><\/span><span style=\"color: #222222\"><span style=\"font-family: Arial, sans-serif\"><span style=\"font-size: medium\">mayores oportunidades de competir en competiciones internacionales de clubes de primer nivel<\/span><\/span><\/span><span style=\"color: #222222\"><span style=\"font-family: Arial, sans-serif\"><span style=\"font-size: medium\">, mejorando a\u00fan m\u00e1s sus habilidades y experiencia.<\/span><\/span><\/span><\/p>\n<p><span style=\"color: #222222\"><span style=\"font-family: Arial, sans-serif\"><span style=\"font-size: medium\">El presidente de la FIGH, Stefano Podini<\/span><\/span><\/span><strong><span style=\"color: #222222\"><span style=\"font-family: Arial, sans-serif\"><span style=\"font-size: medium\">, <\/span><\/span><\/span><\/strong><span style=\"color: #222222\"><span style=\"font-family: Arial, sans-serif\"><span style=\"font-size: medium\">declar\u00f3 que s<\/span><\/span><\/span><span style=\"color: #222222\"><span style=\"font-family: Arial, sans-serif\"><span style=\"font-size: medium\">e trata de un plan amplio y estructurado, lanzado tras las elecciones del pasado mes de junio. Va m\u00e1s all\u00e1 de la reorganizaci\u00f3n de la gesti\u00f3n, y supone tambi\u00e9n un paso adelante en el desarrollo t\u00e9cnico del balonmano indoor, el balonmano playa y los equipos nacionales masculinos y femeninos, tanto en los niveles s\u00e9nior como juvenil.<\/span><\/span><\/span> <em><span style=\"color: #222222\"><span style=\"font-family: Arial, sans-serif\"><span style=\"font-size: medium\">L<\/span><\/span><\/span><\/em><span style=\"font-family: Arial, sans-serif\">a experiencia del Mundial fue un hito para el futuro de nuestro deporte. Despu\u00e9s de dos ciclos ol\u00edmpicos bajo el liderazgo de Riccardo Trillini, a quien expres\u00f3 su m\u00e1s profundo agradecimiento por su notable contribuci\u00f3n en los \u00faltimos ocho a\u00f1os, cree que es hora de entrar en una nueva fase. Esta fase se alinear\u00e1 con las ambiciones y la necesidad de un mayor crecimiento del balonmano italiano, manteniendo al mismo tiempo la continuidad t\u00e9cnica a trav\u00e9s del apoyo del <\/span><span style=\"color: #222222\"><span style=\"font-family: Arial, sans-serif\"><span style=\"font-size: medium\">entrenador J\u00fcrgen.<\/span><\/span><\/span><\/p>\n<p><span style=\"color: #222222\"><span style=\"font-family: Arial, sans-serif\"><span style=\"font-size: medium\">De manera informal, Hanning ya lleva meses colaborando con la Federaci\u00f3n, <\/span><\/span><\/span><span style=\"color: #222222\"><span style=\"font-family: Arial, sans-serif\"><span style=\"font-size: medium\">ayudando a colocar a jugadores italianos en los mejores clubes europeos<\/span><\/span><\/span><span style=\"color: #222222\"><span style=\"font-family: Arial, sans-serif\"><span style=\"font-size: medium\">. Gracias a estas gestiones, varios miembros de la selecci\u00f3n nacional <\/span><\/span><\/span><span style=\"color: #222222\"><span style=\"font-family: Arial, sans-serif\"><span style=\"font-size: medium\">competir\u00e1n en la Bundesliga y otras ligas de primer nivel a partir del pr\u00f3ximo a\u00f1o<\/span><\/span><\/span><span style=\"color: #222222\"><span style=\"font-family: Arial, sans-serif\"><span style=\"font-size: medium\">.<\/span><\/span><\/span><\/p>\n<p><span style=\"color: #222222\"><span style=\"font-family: Arial, sans-serif\"><span style=\"font-size: medium\">El primer partido de Hanning como <\/span><\/span><\/span><span style=\"color: #222222\"><span style=\"font-family: Arial, sans-serif\"><span style=\"font-size: medium\">entrenador de la selecci\u00f3n italiana <\/span><\/span><\/span><span style=\"color: #222222\"><span style=\"font-family: Arial, sans-serif\"><span style=\"font-size: medium\">se disputar\u00e1 el <\/span><\/span><\/span><span style=\"color: #222222\"><span style=\"font-family: Arial, sans-serif\"><span style=\"font-size: medium\">13 de marzo en Jelgava, Letonia<\/span><\/span><\/span><span style=\"color: #222222\"><span style=\"font-family: Arial, sans-serif\"><span style=\"font-size: medium\">, por la <\/span><\/span><\/span><span style=\"color: #222222\"><span style=\"font-family: Arial, sans-serif\"><span style=\"font-size: medium\">fase de clasificaci\u00f3n para la Eurocopa 2026. <\/span><\/span><\/span><span style=\"color: #222222\"><span style=\"font-family: Arial, sans-serif\"><span style=\"font-size: medium\">El primer partido en casa ser\u00e1 el <\/span><\/span><\/span><span style=\"color: #222222\"><span style=\"font-family: Arial, sans-serif\"><span style=\"font-size: medium\">16 de marzo<\/span><\/span><\/span><span style=\"color: #222222\"><span style=\"font-family: Arial, sans-serif\"><span style=\"font-size: medium\">, de nuevo contra <\/span><\/span><\/span><span style=\"color: #222222\"><span style=\"font-family: Arial, sans-serif\"><span style=\"font-size: medium\">Letonia<\/span><\/span><\/span><span style=\"color: #222222\"><span style=\"font-family: Arial, sans-serif\"><span style=\"font-size: medium\">, en <\/span><\/span><\/span><span style=\"color: #222222\"><span style=\"font-family: Arial, sans-serif\"><span style=\"font-size: medium\">el Palasport Sa Rodia de Oristano<\/span><\/span><\/span><span style=\"color: #222222\"><span style=\"font-family: Arial, sans-serif\"><span style=\"font-size: medium\">, en un <\/span><\/span><\/span><span style=\"color: #222222\"><span style=\"font-family: Arial, sans-serif\"><span style=\"font-size: medium\">duelo crucial de 120 minutos <\/span><\/span><\/span><span style=\"color: #222222\"><span style=\"font-family: Arial, sans-serif\"><span style=\"font-size: medium\">por la clasificaci\u00f3n para la Eurocopa.<\/span><\/span><\/span><\/p>\n<p><span style=\"color: #222222\"><span style=\"font-family: Arial, sans-serif\"><span style=\"font-size: medium\">El presidente Podini concluy\u00f3 que e<\/span><\/span><\/span><span style=\"color: #222222\"><span style=\"font-family: Arial, sans-serif\"><span style=\"font-size: medium\">l compromiso de la Federaci\u00f3n es diario e inquebrantable en la construcci\u00f3n de un equipo de balonmano italiano m\u00e1s fuerte y competitivo que represente con orgullo a nuestro pa\u00eds en el escenario mundial. Estamos listos para embarcarnos en este viaje con entusiasmo y determinaci\u00f3n, plenamente conscientes de los desaf\u00edos que tenemos por delante, pero tambi\u00e9n de las inmensas oportunidades.<\/span><\/span><\/span><\/p>\n<p><em><span style=\"color: #666666\"><span style=\"font-family: Arial, sans-serif\"><span style=\"font-size: medium\"><span>Seguirnos en twitter: <\/span><\/span><\/span><\/span><\/em><span style=\"color: #000080\"><span><u><a href=\"#!\/deroscacope\"><span style=\"color: #0000ff\"><span style=\"font-family: Arial, sans-serif\"><span style=\"font-size: medium\"><b>https:\/\/twitter.com\/#!\/deroscacope<\/b><\/span><\/span><\/span><\/a><\/u><\/span><\/span><\/p>\n","protected":false},"excerpt":{"rendered":"<p>La Federaci\u00f3n Italiana de Balonmano (FIGH), en el marco de su proyecto t\u00e9cnico y organizativo para el ciclo ol\u00edmpico 2025-2028, ha anunciado el inicio de una colaboraci\u00f3n con el entrenador y manager alem\u00e1n Bob Hanning, quien asumir\u00e1 oficialmente los roles de consultor y director t\u00e9cnico de las selecciones nacionales masculinas. El acuerdo se formaliz\u00f3 hace [&hellip;]<\/p>\n","protected":false},"author":23,"featured_media":4233,"comment_status":"open","ping_status":"open","sticky":false,"template":"","format":"standard","meta":{"footnotes":""},"categories":[3],"tags":[],"class_list":["post-4232","post","type-post","status-publish","format-standard","has-post-thumbnail","hentry","category-balonmano"],"yoast_head":"<!-- This site is optimized with the Yoast SEO plugin v27.4 - https:\/\/yoast.com\/product\/yoast-seo-wordpress\/ -->\n<title>Bob Hanning nuevo entrenador de la Selecci\u00f3n de Italia - Derosca<\/title>\n<meta name=\"robots\" content=\"index, follow, max-snippet:-1, max-image-preview:large, max-video-preview:-1\" \/>\n<link rel=\"canonical\" href=\"https:\/\/www.cope.es\/blogs\/derosca\/2025\/02\/13\/bob-hanning-nuevo-entrenador-de-la-seleccion-de-italia\/\" \/>\n<meta property=\"og:locale\" content=\"es_ES\" \/>\n<meta property=\"og:type\" content=\"article\" \/>\n<meta property=\"og:title\" content=\"Bob Hanning nuevo entrenador de la Selecci\u00f3n de Italia - Derosca\" \/>\n<meta property=\"og:description\" content=\"La Federaci\u00f3n Italiana de Balonmano (FIGH), en el marco de su proyecto t\u00e9cnico y organizativo para el ciclo ol\u00edmpico 2025-2028, ha anunciado el inicio de una colaboraci\u00f3n con el entrenador y manager alem\u00e1n Bob Hanning, quien asumir\u00e1 oficialmente los roles de consultor y director t\u00e9cnico de las selecciones nacionales masculinas. El acuerdo se formaliz\u00f3 hace [&hellip;]\" \/>\n<meta property=\"og:url\" content=\"https:\/\/www.cope.es\/blogs\/derosca\/2025\/02\/13\/bob-hanning-nuevo-entrenador-de-la-seleccion-de-italia\/\" \/>\n<meta property=\"og:site_name\" content=\"Derosca\" \/>\n<meta property=\"article:publisher\" content=\"https:\/\/www.facebook.com\/cope\/\" \/>\n<meta property=\"article:published_time\" content=\"2025-02-13T08:04:29+00:00\" \/>\n<meta property=\"og:image\" content=\"http:\/\/www.cope.es\/blogs\/derosca\/wp-content\/uploads\/sites\/22\/2025\/02\/20200106_OEHB_Friendly_Austria_-_Germany_Bob_Hanning_850_2921.jpg\" \/>\n\t<meta property=\"og:image:width\" content=\"680\" \/>\n\t<meta property=\"og:image:height\" content=\"1020\" \/>\n\t<meta property=\"og:image:type\" content=\"image\/jpeg\" \/>\n<meta name=\"author\" content=\"Luis Malvar\" \/>\n<meta name=\"twitter:card\" content=\"summary_large_image\" \/>\n<meta name=\"twitter:creator\" content=\"@cope_es\" \/>\n<meta name=\"twitter:site\" content=\"@cope_es\" \/>\n<meta name=\"twitter:label1\" content=\"Escrito por\" \/>\n\t<meta name=\"twitter:data1\" content=\"Luis Malvar\" \/>\n\t<meta name=\"twitter:label2\" content=\"Tiempo de lectura\" \/>\n\t<meta name=\"twitter:data2\" content=\"3 minutos\" \/>\n<script type=\"application\/ld+json\" class=\"yoast-schema-graph\">{\"@context\":\"https:\\\/\\\/schema.org\",\"@graph\":[{\"@type\":\"Article\",\"@id\":\"https:\\\/\\\/www.cope.es\\\/blogs\\\/derosca\\\/2025\\\/02\\\/13\\\/bob-hanning-nuevo-entrenador-de-la-seleccion-de-italia\\\/#article\",\"isPartOf\":{\"@id\":\"https:\\\/\\\/www.cope.es\\\/blogs\\\/derosca\\\/2025\\\/02\\\/13\\\/bob-hanning-nuevo-entrenador-de-la-seleccion-de-italia\\\/\"},\"author\":{\"name\":\"Luis Malvar\",\"@id\":\"https:\\\/\\\/www.cope.es\\\/blogs\\\/derosca\\\/#\\\/schema\\\/person\\\/02d6fa6fa8d8db60f83303875a4ff77f\"},\"headline\":\"Bob Hanning nuevo entrenador de la Selecci\u00f3n de Italia\",\"datePublished\":\"2025-02-13T08:04:29+00:00\",\"mainEntityOfPage\":{\"@id\":\"https:\\\/\\\/www.cope.es\\\/blogs\\\/derosca\\\/2025\\\/02\\\/13\\\/bob-hanning-nuevo-entrenador-de-la-seleccion-de-italia\\\/\"},\"wordCount\":614,\"commentCount\":0,\"image\":{\"@id\":\"https:\\\/\\\/www.cope.es\\\/blogs\\\/derosca\\\/2025\\\/02\\\/13\\\/bob-hanning-nuevo-entrenador-de-la-seleccion-de-italia\\\/#primaryimage\"},\"thumbnailUrl\":\"https:\\\/\\\/www.cope.es\\\/blogs\\\/derosca\\\/wp-content\\\/uploads\\\/sites\\\/22\\\/2025\\\/02\\\/20200106_OEHB_Friendly_Austria_-_Germany_Bob_Hanning_850_2921.jpg\",\"articleSection\":[\"Balonmano\"],\"inLanguage\":\"es\",\"potentialAction\":[{\"@type\":\"CommentAction\",\"name\":\"Comment\",\"target\":[\"https:\\\/\\\/www.cope.es\\\/blogs\\\/derosca\\\/2025\\\/02\\\/13\\\/bob-hanning-nuevo-entrenador-de-la-seleccion-de-italia\\\/#respond\"]}]},{\"@type\":\"WebPage\",\"@id\":\"https:\\\/\\\/www.cope.es\\\/blogs\\\/derosca\\\/2025\\\/02\\\/13\\\/bob-hanning-nuevo-entrenador-de-la-seleccion-de-italia\\\/\",\"url\":\"https:\\\/\\\/www.cope.es\\\/blogs\\\/derosca\\\/2025\\\/02\\\/13\\\/bob-hanning-nuevo-entrenador-de-la-seleccion-de-italia\\\/\",\"name\":\"Bob Hanning nuevo entrenador de la Selecci\u00f3n de Italia - Derosca\",\"isPartOf\":{\"@id\":\"https:\\\/\\\/www.cope.es\\\/blogs\\\/derosca\\\/#website\"},\"primaryImageOfPage\":{\"@id\":\"https:\\\/\\\/www.cope.es\\\/blogs\\\/derosca\\\/2025\\\/02\\\/13\\\/bob-hanning-nuevo-entrenador-de-la-seleccion-de-italia\\\/#primaryimage\"},\"image\":{\"@id\":\"https:\\\/\\\/www.cope.es\\\/blogs\\\/derosca\\\/2025\\\/02\\\/13\\\/bob-hanning-nuevo-entrenador-de-la-seleccion-de-italia\\\/#primaryimage\"},\"thumbnailUrl\":\"https:\\\/\\\/www.cope.es\\\/blogs\\\/derosca\\\/wp-content\\\/uploads\\\/sites\\\/22\\\/2025\\\/02\\\/20200106_OEHB_Friendly_Austria_-_Germany_Bob_Hanning_850_2921.jpg\",\"datePublished\":\"2025-02-13T08:04:29+00:00\",\"author\":{\"@id\":\"https:\\\/\\\/www.cope.es\\\/blogs\\\/derosca\\\/#\\\/schema\\\/person\\\/02d6fa6fa8d8db60f83303875a4ff77f\"},\"breadcrumb\":{\"@id\":\"https:\\\/\\\/www.cope.es\\\/blogs\\\/derosca\\\/2025\\\/02\\\/13\\\/bob-hanning-nuevo-entrenador-de-la-seleccion-de-italia\\\/#breadcrumb\"},\"inLanguage\":\"es\",\"potentialAction\":[{\"@type\":\"ReadAction\",\"target\":[\"https:\\\/\\\/www.cope.es\\\/blogs\\\/derosca\\\/2025\\\/02\\\/13\\\/bob-hanning-nuevo-entrenador-de-la-seleccion-de-italia\\\/\"]}]},{\"@type\":\"ImageObject\",\"inLanguage\":\"es\",\"@id\":\"https:\\\/\\\/www.cope.es\\\/blogs\\\/derosca\\\/2025\\\/02\\\/13\\\/bob-hanning-nuevo-entrenador-de-la-seleccion-de-italia\\\/#primaryimage\",\"url\":\"https:\\\/\\\/www.cope.es\\\/blogs\\\/derosca\\\/wp-content\\\/uploads\\\/sites\\\/22\\\/2025\\\/02\\\/20200106_OEHB_Friendly_Austria_-_Germany_Bob_Hanning_850_2921.jpg\",\"contentUrl\":\"https:\\\/\\\/www.cope.es\\\/blogs\\\/derosca\\\/wp-content\\\/uploads\\\/sites\\\/22\\\/2025\\\/02\\\/20200106_OEHB_Friendly_Austria_-_Germany_Bob_Hanning_850_2921.jpg\",\"width\":680,\"height\":1020,\"caption\":\"Bob Hanning nuevo entrenador de la Selecci\u00f3n de Italia\"},{\"@type\":\"BreadcrumbList\",\"@id\":\"https:\\\/\\\/www.cope.es\\\/blogs\\\/derosca\\\/2025\\\/02\\\/13\\\/bob-hanning-nuevo-entrenador-de-la-seleccion-de-italia\\\/#breadcrumb\",\"itemListElement\":[{\"@type\":\"ListItem\",\"position\":1,\"name\":\"Portada\",\"item\":\"https:\\\/\\\/www.cope.es\\\/blogs\\\/derosca\\\/\"},{\"@type\":\"ListItem\",\"position\":2,\"name\":\"Bob Hanning nuevo entrenador de la Selecci\u00f3n de Italia\"}]},{\"@type\":\"WebSite\",\"@id\":\"https:\\\/\\\/www.cope.es\\\/blogs\\\/derosca\\\/#website\",\"url\":\"https:\\\/\\\/www.cope.es\\\/blogs\\\/derosca\\\/\",\"name\":\"Derosca\",\"description\":\"Blog de balonmano COPE\",\"potentialAction\":[{\"@type\":\"SearchAction\",\"target\":{\"@type\":\"EntryPoint\",\"urlTemplate\":\"https:\\\/\\\/www.cope.es\\\/blogs\\\/derosca\\\/?s={search_term_string}\"},\"query-input\":{\"@type\":\"PropertyValueSpecification\",\"valueRequired\":true,\"valueName\":\"search_term_string\"}}],\"inLanguage\":\"es\"},{\"@type\":\"Person\",\"@id\":\"https:\\\/\\\/www.cope.es\\\/blogs\\\/derosca\\\/#\\\/schema\\\/person\\\/02d6fa6fa8d8db60f83303875a4ff77f\",\"name\":\"Luis Malvar\",\"image\":{\"@type\":\"ImageObject\",\"inLanguage\":\"es\",\"@id\":\"https:\\\/\\\/secure.gravatar.com\\\/avatar\\\/23cd47dec2904689b3ccd32d1dd3e86c7cbf60dcf7376c68854f761a4939534f?s=96&d=mm&r=g\",\"url\":\"https:\\\/\\\/secure.gravatar.com\\\/avatar\\\/23cd47dec2904689b3ccd32d1dd3e86c7cbf60dcf7376c68854f761a4939534f?s=96&d=mm&r=g\",\"contentUrl\":\"https:\\\/\\\/secure.gravatar.com\\\/avatar\\\/23cd47dec2904689b3ccd32d1dd3e86c7cbf60dcf7376c68854f761a4939534f?s=96&d=mm&r=g\",\"caption\":\"Luis Malvar\"},\"description\":\"Comenc\u00e9 la andadura del Blog Derosca all\u00e1 por el 22 de Mayo de 2008. Un blog en el que se trata de llevar a los numerosos aficionados y amantes del mundo del balonmano toda la actualidad de nuestro apasionante deporte. Una ventana que sirve para dar luz a las innumerables noticias que genera el balonmano y que habitualmente no tienen reflejo en los medios de comunicaci\u00f3n. Sin lugar a dudas el Blog Derosca cuenta con un apartado que tiene a gala contar con miles de seguidores como es \u201cMis Pajaritos\u201d en donde se relatan y narran todas las intrahistorias que se generan en el balonmano espa\u00f1ol y que incomoda a m\u00e1s de uno que salgan a la luz.!Gracias por seguirnos durante todos estos a\u00f1os\u00a1\",\"sameAs\":[\"http:\\\/\\\/www.cope.es\",\"lmalvar\"],\"url\":\"https:\\\/\\\/www.cope.es\\\/blogs\\\/derosca\\\/author\\\/lmalvar\\\/\"}]}<\/script>\n<!-- \/ Yoast SEO plugin. -->","yoast_head_json":{"title":"Bob Hanning nuevo entrenador de la Selecci\u00f3n de Italia - Derosca","robots":{"index":"index","follow":"follow","max-snippet":"max-snippet:-1","max-image-preview":"max-image-preview:large","max-video-preview":"max-video-preview:-1"},"canonical":"https:\/\/www.cope.es\/blogs\/derosca\/2025\/02\/13\/bob-hanning-nuevo-entrenador-de-la-seleccion-de-italia\/","og_locale":"es_ES","og_type":"article","og_title":"Bob Hanning nuevo entrenador de la Selecci\u00f3n de Italia - Derosca","og_description":"La Federaci\u00f3n Italiana de Balonmano (FIGH), en el marco de su proyecto t\u00e9cnico y organizativo para el ciclo ol\u00edmpico 2025-2028, ha anunciado el inicio de una colaboraci\u00f3n con el entrenador y manager alem\u00e1n Bob Hanning, quien asumir\u00e1 oficialmente los roles de consultor y director t\u00e9cnico de las selecciones nacionales masculinas. El acuerdo se formaliz\u00f3 hace [&hellip;]","og_url":"https:\/\/www.cope.es\/blogs\/derosca\/2025\/02\/13\/bob-hanning-nuevo-entrenador-de-la-seleccion-de-italia\/","og_site_name":"Derosca","article_publisher":"https:\/\/www.facebook.com\/cope\/","article_published_time":"2025-02-13T08:04:29+00:00","og_image":[{"width":680,"height":1020,"url":"http:\/\/www.cope.es\/blogs\/derosca\/wp-content\/uploads\/sites\/22\/2025\/02\/20200106_OEHB_Friendly_Austria_-_Germany_Bob_Hanning_850_2921.jpg","type":"image\/jpeg"}],"author":"Luis Malvar","twitter_card":"summary_large_image","twitter_creator":"@cope_es","twitter_site":"@cope_es","twitter_misc":{"Escrito por":"Luis Malvar","Tiempo de lectura":"3 minutos"},"schema":{"@context":"https:\/\/schema.org","@graph":[{"@type":"Article","@id":"https:\/\/www.cope.es\/blogs\/derosca\/2025\/02\/13\/bob-hanning-nuevo-entrenador-de-la-seleccion-de-italia\/#article","isPartOf":{"@id":"https:\/\/www.cope.es\/blogs\/derosca\/2025\/02\/13\/bob-hanning-nuevo-entrenador-de-la-seleccion-de-italia\/"},"author":{"name":"Luis Malvar","@id":"https:\/\/www.cope.es\/blogs\/derosca\/#\/schema\/person\/02d6fa6fa8d8db60f83303875a4ff77f"},"headline":"Bob Hanning nuevo entrenador de la Selecci\u00f3n de Italia","datePublished":"2025-02-13T08:04:29+00:00","mainEntityOfPage":{"@id":"https:\/\/www.cope.es\/blogs\/derosca\/2025\/02\/13\/bob-hanning-nuevo-entrenador-de-la-seleccion-de-italia\/"},"wordCount":614,"commentCount":0,"image":{"@id":"https:\/\/www.cope.es\/blogs\/derosca\/2025\/02\/13\/bob-hanning-nuevo-entrenador-de-la-seleccion-de-italia\/#primaryimage"},"thumbnailUrl":"https:\/\/www.cope.es\/blogs\/derosca\/wp-content\/uploads\/sites\/22\/2025\/02\/20200106_OEHB_Friendly_Austria_-_Germany_Bob_Hanning_850_2921.jpg","articleSection":["Balonmano"],"inLanguage":"es","potentialAction":[{"@type":"CommentAction","name":"Comment","target":["https:\/\/www.cope.es\/blogs\/derosca\/2025\/02\/13\/bob-hanning-nuevo-entrenador-de-la-seleccion-de-italia\/#respond"]}]},{"@type":"WebPage","@id":"https:\/\/www.cope.es\/blogs\/derosca\/2025\/02\/13\/bob-hanning-nuevo-entrenador-de-la-seleccion-de-italia\/","url":"https:\/\/www.cope.es\/blogs\/derosca\/2025\/02\/13\/bob-hanning-nuevo-entrenador-de-la-seleccion-de-italia\/","name":"Bob Hanning nuevo entrenador de la Selecci\u00f3n de Italia - Derosca","isPartOf":{"@id":"https:\/\/www.cope.es\/blogs\/derosca\/#website"},"primaryImageOfPage":{"@id":"https:\/\/www.cope.es\/blogs\/derosca\/2025\/02\/13\/bob-hanning-nuevo-entrenador-de-la-seleccion-de-italia\/#primaryimage"},"image":{"@id":"https:\/\/www.cope.es\/blogs\/derosca\/2025\/02\/13\/bob-hanning-nuevo-entrenador-de-la-seleccion-de-italia\/#primaryimage"},"thumbnailUrl":"https:\/\/www.cope.es\/blogs\/derosca\/wp-content\/uploads\/sites\/22\/2025\/02\/20200106_OEHB_Friendly_Austria_-_Germany_Bob_Hanning_850_2921.jpg","datePublished":"2025-02-13T08:04:29+00:00","author":{"@id":"https:\/\/www.cope.es\/blogs\/derosca\/#\/schema\/person\/02d6fa6fa8d8db60f83303875a4ff77f"},"breadcrumb":{"@id":"https:\/\/www.cope.es\/blogs\/derosca\/2025\/02\/13\/bob-hanning-nuevo-entrenador-de-la-seleccion-de-italia\/#breadcrumb"},"inLanguage":"es","potentialAction":[{"@type":"ReadAction","target":["https:\/\/www.cope.es\/blogs\/derosca\/2025\/02\/13\/bob-hanning-nuevo-entrenador-de-la-seleccion-de-italia\/"]}]},{"@type":"ImageObject","inLanguage":"es","@id":"https:\/\/www.cope.es\/blogs\/derosca\/2025\/02\/13\/bob-hanning-nuevo-entrenador-de-la-seleccion-de-italia\/#primaryimage","url":"https:\/\/www.cope.es\/blogs\/derosca\/wp-content\/uploads\/sites\/22\/2025\/02\/20200106_OEHB_Friendly_Austria_-_Germany_Bob_Hanning_850_2921.jpg","contentUrl":"https:\/\/www.cope.es\/blogs\/derosca\/wp-content\/uploads\/sites\/22\/2025\/02\/20200106_OEHB_Friendly_Austria_-_Germany_Bob_Hanning_850_2921.jpg","width":680,"height":1020,"caption":"Bob Hanning nuevo entrenador de la Selecci\u00f3n de Italia"},{"@type":"BreadcrumbList","@id":"https:\/\/www.cope.es\/blogs\/derosca\/2025\/02\/13\/bob-hanning-nuevo-entrenador-de-la-seleccion-de-italia\/#breadcrumb","itemListElement":[{"@type":"ListItem","position":1,"name":"Portada","item":"https:\/\/www.cope.es\/blogs\/derosca\/"},{"@type":"ListItem","position":2,"name":"Bob Hanning nuevo entrenador de la Selecci\u00f3n de Italia"}]},{"@type":"WebSite","@id":"https:\/\/www.cope.es\/blogs\/derosca\/#website","url":"https:\/\/www.cope.es\/blogs\/derosca\/","name":"Derosca","description":"Blog de balonmano COPE","potentialAction":[{"@type":"SearchAction","target":{"@type":"EntryPoint","urlTemplate":"https:\/\/www.cope.es\/blogs\/derosca\/?s={search_term_string}"},"query-input":{"@type":"PropertyValueSpecification","valueRequired":true,"valueName":"search_term_string"}}],"inLanguage":"es"},{"@type":"Person","@id":"https:\/\/www.cope.es\/blogs\/derosca\/#\/schema\/person\/02d6fa6fa8d8db60f83303875a4ff77f","name":"Luis Malvar","image":{"@type":"ImageObject","inLanguage":"es","@id":"https:\/\/secure.gravatar.com\/avatar\/23cd47dec2904689b3ccd32d1dd3e86c7cbf60dcf7376c68854f761a4939534f?s=96&d=mm&r=g","url":"https:\/\/secure.gravatar.com\/avatar\/23cd47dec2904689b3ccd32d1dd3e86c7cbf60dcf7376c68854f761a4939534f?s=96&d=mm&r=g","contentUrl":"https:\/\/secure.gravatar.com\/avatar\/23cd47dec2904689b3ccd32d1dd3e86c7cbf60dcf7376c68854f761a4939534f?s=96&d=mm&r=g","caption":"Luis Malvar"},"description":"Comenc\u00e9 la andadura del Blog Derosca all\u00e1 por el 22 de Mayo de 2008. Un blog en el que se trata de llevar a los numerosos aficionados y amantes del mundo del balonmano toda la actualidad de nuestro apasionante deporte. Una ventana que sirve para dar luz a las innumerables noticias que genera el balonmano y que habitualmente no tienen reflejo en los medios de comunicaci\u00f3n. Sin lugar a dudas el Blog Derosca cuenta con un apartado que tiene a gala contar con miles de seguidores como es \u201cMis Pajaritos\u201d en donde se relatan y narran todas las intrahistorias que se generan en el balonmano espa\u00f1ol y que incomoda a m\u00e1s de uno que salgan a la luz.!Gracias por seguirnos durante todos estos a\u00f1os\u00a1","sameAs":["http:\/\/www.cope.es","lmalvar"],"url":"https:\/\/www.cope.es\/blogs\/derosca\/author\/lmalvar\/"}]}},"amp_enabled":true,"_links":{"self":[{"href":"https:\/\/www.cope.es\/blogs\/derosca\/wp-json\/wp\/v2\/posts\/4232","targetHints":{"allow":["GET"]}}],"collection":[{"href":"https:\/\/www.cope.es\/blogs\/derosca\/wp-json\/wp\/v2\/posts"}],"about":[{"href":"https:\/\/www.cope.es\/blogs\/derosca\/wp-json\/wp\/v2\/types\/post"}],"author":[{"embeddable":true,"href":"https:\/\/www.cope.es\/blogs\/derosca\/wp-json\/wp\/v2\/users\/23"}],"replies":[{"embeddable":true,"href":"https:\/\/www.cope.es\/blogs\/derosca\/wp-json\/wp\/v2\/comments?post=4232"}],"version-history":[{"count":1,"href":"https:\/\/www.cope.es\/blogs\/derosca\/wp-json\/wp\/v2\/posts\/4232\/revisions"}],"predecessor-version":[{"id":4234,"href":"https:\/\/www.cope.es\/blogs\/derosca\/wp-json\/wp\/v2\/posts\/4232\/revisions\/4234"}],"wp:featuredmedia":[{"embeddable":true,"href":"https:\/\/www.cope.es\/blogs\/derosca\/wp-json\/wp\/v2\/media\/4233"}],"wp:attachment":[{"href":"https:\/\/www.cope.es\/blogs\/derosca\/wp-json\/wp\/v2\/media?parent=4232"}],"wp:term":[{"taxonomy":"category","embeddable":true,"href":"https:\/\/www.cope.es\/blogs\/derosca\/wp-json\/wp\/v2\/categories?post=4232"},{"taxonomy":"post_tag","embeddable":true,"href":"https:\/\/www.cope.es\/blogs\/derosca\/wp-json\/wp\/v2\/tags?post=4232"}],"curies":[{"name":"wp","href":"https:\/\/api.w.org\/{rel}","templated":true}]}}