{"id":4227,"date":"2025-02-12T09:29:16","date_gmt":"2025-02-12T08:29:16","guid":{"rendered":"https:\/\/www.cope.es\/blogs\/derosca\/?p=4227"},"modified":"2025-02-12T09:29:16","modified_gmt":"2025-02-12T08:29:16","slug":"el-italiano-leo-prantner-es-nuevo-jugador-del-fuchse-berlin","status":"publish","type":"post","link":"https:\/\/www.cope.es\/blogs\/derosca\/2025\/02\/12\/el-italiano-leo-prantner-es-nuevo-jugador-del-fuchse-berlin\/","title":{"rendered":"El italiano Leo Prantner es nuevo jugador del F\u00fcchse Berlin"},"content":{"rendered":"<p><span style=\"color: #0a1c4e\"><span style=\"font-family: Arial, sans-serif\"><span style=\"font-size: medium\">El club alem\u00e1n <\/span><\/span><\/span><span style=\"color: #0a1c4e\"><span style=\"font-family: Arial, sans-serif\"><span style=\"font-size: medium\">F\u00fcchse Berlin <\/span><\/span><\/span><span style=\"color: #0a1c4e\"><span style=\"font-family: Arial, sans-serif\"><span style=\"font-size: medium\">ha hecho oficial la llegada del extremo derecho italiano\u00a0<\/span><\/span><\/span><span style=\"color: #0a1c4e\"><span style=\"font-family: Arial, sans-serif\"><span style=\"font-size: medium\">Leo Prantner<\/span><\/span><\/span><span style=\"color: #0a1c4e\"><span style=\"font-family: Arial, sans-serif\"><span style=\"font-size: medium\">, procedente del Balingen-Weilstetten. Su contrato se extiende hasta el verano de 2027. Este traspaso llega tras la excelente racha de Italia en el Mundial donde Prantner brill\u00f3 con <\/span><\/span><\/span><span style=\"color: #0a1c4e\"><span style=\"font-family: Arial, sans-serif\"><span style=\"font-size: medium\">37 goles<\/span><\/span><\/span><span style=\"color: #0a1c4e\"><span style=\"font-family: Arial, sans-serif\"><span style=\"font-size: medium\">, pese a una lesi\u00f3n de ligamento cruzado en Marzo de 2024 que le mantuvo alejado de los terrenos de juego en la segunda divisi\u00f3n alemana esta temporada. <\/span><\/span><\/span><\/p>\n<p><span style=\"color: #0a1c4e\"><span style=\"font-family: Arial, sans-serif\"><span style=\"font-size: medium\">El jugador de la Bundesliga Prantner marc\u00f3 <\/span><\/span><\/span><span style=\"color: #0a1c4e\"><span style=\"font-family: Arial, sans-serif\"><span style=\"font-size: medium\">74 goles en 24 partidos <\/span><\/span><\/span><span style=\"color: #0a1c4e\"><span style=\"font-family: Arial, sans-serif\"><span style=\"font-size: medium\">con el Balingen la temporada pasada. Su talento y versatilidad llamaron la atenci\u00f3n del Berl\u00edn, que buscaba un refuerzo r\u00e1pido tras la baja de <\/span><\/span><\/span><span style=\"color: #0a1c4e\"><span style=\"font-family: Arial, sans-serif\"><span style=\"font-size: medium\">Tobias Reichmann <\/span><\/span><\/span><span style=\"color: #0a1c4e\"><span style=\"font-family: Arial, sans-serif\"><span style=\"font-size: medium\">por motivos personales. <\/span><\/span><\/span><span style=\"color: #0a1c4e\"><span style=\"font-family: Arial, sans-serif\"><span style=\"font-size: medium\">Stefan Kretzschmar<\/span><\/span><\/span><span style=\"color: #0a1c4e\"><span style=\"font-family: Arial, sans-serif\"><span style=\"font-size: medium\">, Director Deportivo del Berl\u00edn, elogi\u00f3 su inteligencia y creatividad en ataque y dijo que d<\/span><\/span><\/span><span style=\"color: #0a1c4e\"><span style=\"font-family: Arial, sans-serif\"><span style=\"font-size: medium\">emostr\u00f3 en el Mundial que tiene un amplio rango de disparos y una gran audacia.<\/span><\/span><\/span><\/p>\n<p><span style=\"color: #0a1c4e\"><span style=\"font-family: Arial, sans-serif\"><span style=\"font-size: medium\">Por su parte, Prantner espera con ilusi\u00f3n esta oportunidad: y comenta que <\/span><\/span><\/span><span style=\"color: #0a1c4e\"><span style=\"font-family: Arial, sans-serif\"><span style=\"font-size: medium\">jugar en el Berl\u00edn es un sue\u00f1o. Es uno de los mejores clubes del mundo y vamos a jugar la Champions League.<\/span><\/span><\/span><span style=\"color: #0a1c4e\"><span style=\"font-family: Arial, sans-serif\"><span style=\"font-size: medium\">Tambi\u00e9n dice que est\u00e1 encantado de vivir en una gran ciudad como Berl\u00edn.<\/span><\/span><\/span><\/p>\n<p><span style=\"color: #0a1c4e\"><span style=\"font-family: Arial, sans-serif\"><span style=\"font-size: medium\">Su ex entrenador, <\/span><\/span><\/span><span style=\"color: #0a1c4e\"><span style=\"font-family: Arial, sans-serif\"><span style=\"font-size: medium\">Matti Flohr<\/span><\/span><\/span><span style=\"color: #0a1c4e\"><span style=\"font-family: Arial, sans-serif\"><span style=\"font-size: medium\">, reconoce la baja para Balingen, pero destaca que es una gran oportunidad para el jugador. Felix K\u00f6nig, Director General del club, destaca el buen entendimiento entre ambos clubes, que han conseguido encontrar un acuerdo beneficioso para todas las partes. Con este fichaje, el Berl\u00edn se hace con un extremo joven, explosivo y ambicioso, que podr\u00eda consolidarse r\u00e1pidamente como un activo importante en la rotaci\u00f3n del equipo.<\/span><\/span><\/span><\/p>\n<p><em><span style=\"color: #666666\"><span style=\"font-family: Arial, sans-serif\"><span style=\"font-size: medium\"><span>Seguirnos en twitter: <\/span><\/span><\/span><\/span><\/em><span style=\"color: #000080\"><span><u><a href=\"#!\/deroscacope\"><span style=\"color: #0000ff\"><span style=\"font-family: Arial, sans-serif\"><span style=\"font-size: medium\"><b>https:\/\/twitter.com\/#!\/deroscacope<\/b><\/span><\/span><\/span><\/a><\/u><\/span><\/span><\/p>\n","protected":false},"excerpt":{"rendered":"<p>El club alem\u00e1n F\u00fcchse Berlin ha hecho oficial la llegada del extremo derecho italiano\u00a0Leo Prantner, procedente del Balingen-Weilstetten. Su contrato se extiende hasta el verano de 2027. Este traspaso llega tras la excelente racha de Italia en el Mundial donde Prantner brill\u00f3 con 37 goles, pese a una lesi\u00f3n de ligamento cruzado en Marzo de [&hellip;]<\/p>\n","protected":false},"author":23,"featured_media":4228,"comment_status":"open","ping_status":"open","sticky":false,"template":"","format":"standard","meta":{"footnotes":""},"categories":[3],"tags":[],"class_list":["post-4227","post","type-post","status-publish","format-standard","has-post-thumbnail","hentry","category-balonmano"],"yoast_head":"<!-- This site is optimized with the Yoast SEO plugin v27.4 - https:\/\/yoast.com\/product\/yoast-seo-wordpress\/ -->\n<title>El italiano Leo Prantner es nuevo jugador del F\u00fcchse Berlin - Derosca<\/title>\n<meta name=\"robots\" content=\"index, follow, max-snippet:-1, max-image-preview:large, max-video-preview:-1\" \/>\n<link rel=\"canonical\" href=\"https:\/\/www.cope.es\/blogs\/derosca\/2025\/02\/12\/el-italiano-leo-prantner-es-nuevo-jugador-del-fuchse-berlin\/\" \/>\n<meta property=\"og:locale\" content=\"es_ES\" \/>\n<meta property=\"og:type\" content=\"article\" \/>\n<meta property=\"og:title\" content=\"El italiano Leo Prantner es nuevo jugador del F\u00fcchse Berlin - Derosca\" \/>\n<meta property=\"og:description\" content=\"El club alem\u00e1n F\u00fcchse Berlin ha hecho oficial la llegada del extremo derecho italiano\u00a0Leo Prantner, procedente del Balingen-Weilstetten. Su contrato se extiende hasta el verano de 2027. Este traspaso llega tras la excelente racha de Italia en el Mundial donde Prantner brill\u00f3 con 37 goles, pese a una lesi\u00f3n de ligamento cruzado en Marzo de [&hellip;]\" \/>\n<meta property=\"og:url\" content=\"https:\/\/www.cope.es\/blogs\/derosca\/2025\/02\/12\/el-italiano-leo-prantner-es-nuevo-jugador-del-fuchse-berlin\/\" \/>\n<meta property=\"og:site_name\" content=\"Derosca\" \/>\n<meta property=\"article:publisher\" content=\"https:\/\/www.facebook.com\/cope\/\" \/>\n<meta property=\"article:published_time\" content=\"2025-02-12T08:29:16+00:00\" \/>\n<meta property=\"og:image\" content=\"http:\/\/www.cope.es\/blogs\/derosca\/wp-content\/uploads\/sites\/22\/2025\/02\/Leo_Prantner_big.jpg\" \/>\n\t<meta property=\"og:image:width\" content=\"680\" \/>\n\t<meta property=\"og:image:height\" content=\"584\" \/>\n\t<meta property=\"og:image:type\" content=\"image\/jpeg\" \/>\n<meta name=\"author\" content=\"Luis Malvar\" \/>\n<meta name=\"twitter:card\" content=\"summary_large_image\" \/>\n<meta name=\"twitter:creator\" content=\"@cope_es\" \/>\n<meta name=\"twitter:site\" content=\"@cope_es\" \/>\n<meta name=\"twitter:label1\" content=\"Escrito por\" \/>\n\t<meta name=\"twitter:data1\" content=\"Luis Malvar\" \/>\n\t<meta name=\"twitter:label2\" content=\"Tiempo de lectura\" \/>\n\t<meta name=\"twitter:data2\" content=\"2 minutos\" \/>\n<script type=\"application\/ld+json\" class=\"yoast-schema-graph\">{\"@context\":\"https:\\\/\\\/schema.org\",\"@graph\":[{\"@type\":\"Article\",\"@id\":\"https:\\\/\\\/www.cope.es\\\/blogs\\\/derosca\\\/2025\\\/02\\\/12\\\/el-italiano-leo-prantner-es-nuevo-jugador-del-fuchse-berlin\\\/#article\",\"isPartOf\":{\"@id\":\"https:\\\/\\\/www.cope.es\\\/blogs\\\/derosca\\\/2025\\\/02\\\/12\\\/el-italiano-leo-prantner-es-nuevo-jugador-del-fuchse-berlin\\\/\"},\"author\":{\"name\":\"Luis Malvar\",\"@id\":\"https:\\\/\\\/www.cope.es\\\/blogs\\\/derosca\\\/#\\\/schema\\\/person\\\/02d6fa6fa8d8db60f83303875a4ff77f\"},\"headline\":\"El italiano Leo Prantner es nuevo jugador del F\u00fcchse Berlin\",\"datePublished\":\"2025-02-12T08:29:16+00:00\",\"mainEntityOfPage\":{\"@id\":\"https:\\\/\\\/www.cope.es\\\/blogs\\\/derosca\\\/2025\\\/02\\\/12\\\/el-italiano-leo-prantner-es-nuevo-jugador-del-fuchse-berlin\\\/\"},\"wordCount\":295,\"commentCount\":0,\"image\":{\"@id\":\"https:\\\/\\\/www.cope.es\\\/blogs\\\/derosca\\\/2025\\\/02\\\/12\\\/el-italiano-leo-prantner-es-nuevo-jugador-del-fuchse-berlin\\\/#primaryimage\"},\"thumbnailUrl\":\"https:\\\/\\\/www.cope.es\\\/blogs\\\/derosca\\\/wp-content\\\/uploads\\\/sites\\\/22\\\/2025\\\/02\\\/Leo_Prantner_big.jpg\",\"articleSection\":[\"Balonmano\"],\"inLanguage\":\"es\",\"potentialAction\":[{\"@type\":\"CommentAction\",\"name\":\"Comment\",\"target\":[\"https:\\\/\\\/www.cope.es\\\/blogs\\\/derosca\\\/2025\\\/02\\\/12\\\/el-italiano-leo-prantner-es-nuevo-jugador-del-fuchse-berlin\\\/#respond\"]}]},{\"@type\":\"WebPage\",\"@id\":\"https:\\\/\\\/www.cope.es\\\/blogs\\\/derosca\\\/2025\\\/02\\\/12\\\/el-italiano-leo-prantner-es-nuevo-jugador-del-fuchse-berlin\\\/\",\"url\":\"https:\\\/\\\/www.cope.es\\\/blogs\\\/derosca\\\/2025\\\/02\\\/12\\\/el-italiano-leo-prantner-es-nuevo-jugador-del-fuchse-berlin\\\/\",\"name\":\"El italiano Leo Prantner es nuevo jugador del F\u00fcchse Berlin - Derosca\",\"isPartOf\":{\"@id\":\"https:\\\/\\\/www.cope.es\\\/blogs\\\/derosca\\\/#website\"},\"primaryImageOfPage\":{\"@id\":\"https:\\\/\\\/www.cope.es\\\/blogs\\\/derosca\\\/2025\\\/02\\\/12\\\/el-italiano-leo-prantner-es-nuevo-jugador-del-fuchse-berlin\\\/#primaryimage\"},\"image\":{\"@id\":\"https:\\\/\\\/www.cope.es\\\/blogs\\\/derosca\\\/2025\\\/02\\\/12\\\/el-italiano-leo-prantner-es-nuevo-jugador-del-fuchse-berlin\\\/#primaryimage\"},\"thumbnailUrl\":\"https:\\\/\\\/www.cope.es\\\/blogs\\\/derosca\\\/wp-content\\\/uploads\\\/sites\\\/22\\\/2025\\\/02\\\/Leo_Prantner_big.jpg\",\"datePublished\":\"2025-02-12T08:29:16+00:00\",\"author\":{\"@id\":\"https:\\\/\\\/www.cope.es\\\/blogs\\\/derosca\\\/#\\\/schema\\\/person\\\/02d6fa6fa8d8db60f83303875a4ff77f\"},\"breadcrumb\":{\"@id\":\"https:\\\/\\\/www.cope.es\\\/blogs\\\/derosca\\\/2025\\\/02\\\/12\\\/el-italiano-leo-prantner-es-nuevo-jugador-del-fuchse-berlin\\\/#breadcrumb\"},\"inLanguage\":\"es\",\"potentialAction\":[{\"@type\":\"ReadAction\",\"target\":[\"https:\\\/\\\/www.cope.es\\\/blogs\\\/derosca\\\/2025\\\/02\\\/12\\\/el-italiano-leo-prantner-es-nuevo-jugador-del-fuchse-berlin\\\/\"]}]},{\"@type\":\"ImageObject\",\"inLanguage\":\"es\",\"@id\":\"https:\\\/\\\/www.cope.es\\\/blogs\\\/derosca\\\/2025\\\/02\\\/12\\\/el-italiano-leo-prantner-es-nuevo-jugador-del-fuchse-berlin\\\/#primaryimage\",\"url\":\"https:\\\/\\\/www.cope.es\\\/blogs\\\/derosca\\\/wp-content\\\/uploads\\\/sites\\\/22\\\/2025\\\/02\\\/Leo_Prantner_big.jpg\",\"contentUrl\":\"https:\\\/\\\/www.cope.es\\\/blogs\\\/derosca\\\/wp-content\\\/uploads\\\/sites\\\/22\\\/2025\\\/02\\\/Leo_Prantner_big.jpg\",\"width\":680,\"height\":584,\"caption\":\"El italiano Leo Prantner es nuevo jugador del F\u00fcchse Berlin\"},{\"@type\":\"BreadcrumbList\",\"@id\":\"https:\\\/\\\/www.cope.es\\\/blogs\\\/derosca\\\/2025\\\/02\\\/12\\\/el-italiano-leo-prantner-es-nuevo-jugador-del-fuchse-berlin\\\/#breadcrumb\",\"itemListElement\":[{\"@type\":\"ListItem\",\"position\":1,\"name\":\"Portada\",\"item\":\"https:\\\/\\\/www.cope.es\\\/blogs\\\/derosca\\\/\"},{\"@type\":\"ListItem\",\"position\":2,\"name\":\"El italiano Leo Prantner es nuevo jugador del F\u00fcchse Berlin\"}]},{\"@type\":\"WebSite\",\"@id\":\"https:\\\/\\\/www.cope.es\\\/blogs\\\/derosca\\\/#website\",\"url\":\"https:\\\/\\\/www.cope.es\\\/blogs\\\/derosca\\\/\",\"name\":\"Derosca\",\"description\":\"Blog de balonmano COPE\",\"potentialAction\":[{\"@type\":\"SearchAction\",\"target\":{\"@type\":\"EntryPoint\",\"urlTemplate\":\"https:\\\/\\\/www.cope.es\\\/blogs\\\/derosca\\\/?s={search_term_string}\"},\"query-input\":{\"@type\":\"PropertyValueSpecification\",\"valueRequired\":true,\"valueName\":\"search_term_string\"}}],\"inLanguage\":\"es\"},{\"@type\":\"Person\",\"@id\":\"https:\\\/\\\/www.cope.es\\\/blogs\\\/derosca\\\/#\\\/schema\\\/person\\\/02d6fa6fa8d8db60f83303875a4ff77f\",\"name\":\"Luis Malvar\",\"image\":{\"@type\":\"ImageObject\",\"inLanguage\":\"es\",\"@id\":\"https:\\\/\\\/secure.gravatar.com\\\/avatar\\\/23cd47dec2904689b3ccd32d1dd3e86c7cbf60dcf7376c68854f761a4939534f?s=96&d=mm&r=g\",\"url\":\"https:\\\/\\\/secure.gravatar.com\\\/avatar\\\/23cd47dec2904689b3ccd32d1dd3e86c7cbf60dcf7376c68854f761a4939534f?s=96&d=mm&r=g\",\"contentUrl\":\"https:\\\/\\\/secure.gravatar.com\\\/avatar\\\/23cd47dec2904689b3ccd32d1dd3e86c7cbf60dcf7376c68854f761a4939534f?s=96&d=mm&r=g\",\"caption\":\"Luis Malvar\"},\"description\":\"Comenc\u00e9 la andadura del Blog Derosca all\u00e1 por el 22 de Mayo de 2008. Un blog en el que se trata de llevar a los numerosos aficionados y amantes del mundo del balonmano toda la actualidad de nuestro apasionante deporte. Una ventana que sirve para dar luz a las innumerables noticias que genera el balonmano y que habitualmente no tienen reflejo en los medios de comunicaci\u00f3n. Sin lugar a dudas el Blog Derosca cuenta con un apartado que tiene a gala contar con miles de seguidores como es \u201cMis Pajaritos\u201d en donde se relatan y narran todas las intrahistorias que se generan en el balonmano espa\u00f1ol y que incomoda a m\u00e1s de uno que salgan a la luz.!Gracias por seguirnos durante todos estos a\u00f1os\u00a1\",\"sameAs\":[\"http:\\\/\\\/www.cope.es\",\"lmalvar\"],\"url\":\"https:\\\/\\\/www.cope.es\\\/blogs\\\/derosca\\\/author\\\/lmalvar\\\/\"}]}<\/script>\n<!-- \/ Yoast SEO plugin. -->","yoast_head_json":{"title":"El italiano Leo Prantner es nuevo jugador del F\u00fcchse Berlin - Derosca","robots":{"index":"index","follow":"follow","max-snippet":"max-snippet:-1","max-image-preview":"max-image-preview:large","max-video-preview":"max-video-preview:-1"},"canonical":"https:\/\/www.cope.es\/blogs\/derosca\/2025\/02\/12\/el-italiano-leo-prantner-es-nuevo-jugador-del-fuchse-berlin\/","og_locale":"es_ES","og_type":"article","og_title":"El italiano Leo Prantner es nuevo jugador del F\u00fcchse Berlin - Derosca","og_description":"El club alem\u00e1n F\u00fcchse Berlin ha hecho oficial la llegada del extremo derecho italiano\u00a0Leo Prantner, procedente del Balingen-Weilstetten. Su contrato se extiende hasta el verano de 2027. Este traspaso llega tras la excelente racha de Italia en el Mundial donde Prantner brill\u00f3 con 37 goles, pese a una lesi\u00f3n de ligamento cruzado en Marzo de [&hellip;]","og_url":"https:\/\/www.cope.es\/blogs\/derosca\/2025\/02\/12\/el-italiano-leo-prantner-es-nuevo-jugador-del-fuchse-berlin\/","og_site_name":"Derosca","article_publisher":"https:\/\/www.facebook.com\/cope\/","article_published_time":"2025-02-12T08:29:16+00:00","og_image":[{"width":680,"height":584,"url":"http:\/\/www.cope.es\/blogs\/derosca\/wp-content\/uploads\/sites\/22\/2025\/02\/Leo_Prantner_big.jpg","type":"image\/jpeg"}],"author":"Luis Malvar","twitter_card":"summary_large_image","twitter_creator":"@cope_es","twitter_site":"@cope_es","twitter_misc":{"Escrito por":"Luis Malvar","Tiempo de lectura":"2 minutos"},"schema":{"@context":"https:\/\/schema.org","@graph":[{"@type":"Article","@id":"https:\/\/www.cope.es\/blogs\/derosca\/2025\/02\/12\/el-italiano-leo-prantner-es-nuevo-jugador-del-fuchse-berlin\/#article","isPartOf":{"@id":"https:\/\/www.cope.es\/blogs\/derosca\/2025\/02\/12\/el-italiano-leo-prantner-es-nuevo-jugador-del-fuchse-berlin\/"},"author":{"name":"Luis Malvar","@id":"https:\/\/www.cope.es\/blogs\/derosca\/#\/schema\/person\/02d6fa6fa8d8db60f83303875a4ff77f"},"headline":"El italiano Leo Prantner es nuevo jugador del F\u00fcchse Berlin","datePublished":"2025-02-12T08:29:16+00:00","mainEntityOfPage":{"@id":"https:\/\/www.cope.es\/blogs\/derosca\/2025\/02\/12\/el-italiano-leo-prantner-es-nuevo-jugador-del-fuchse-berlin\/"},"wordCount":295,"commentCount":0,"image":{"@id":"https:\/\/www.cope.es\/blogs\/derosca\/2025\/02\/12\/el-italiano-leo-prantner-es-nuevo-jugador-del-fuchse-berlin\/#primaryimage"},"thumbnailUrl":"https:\/\/www.cope.es\/blogs\/derosca\/wp-content\/uploads\/sites\/22\/2025\/02\/Leo_Prantner_big.jpg","articleSection":["Balonmano"],"inLanguage":"es","potentialAction":[{"@type":"CommentAction","name":"Comment","target":["https:\/\/www.cope.es\/blogs\/derosca\/2025\/02\/12\/el-italiano-leo-prantner-es-nuevo-jugador-del-fuchse-berlin\/#respond"]}]},{"@type":"WebPage","@id":"https:\/\/www.cope.es\/blogs\/derosca\/2025\/02\/12\/el-italiano-leo-prantner-es-nuevo-jugador-del-fuchse-berlin\/","url":"https:\/\/www.cope.es\/blogs\/derosca\/2025\/02\/12\/el-italiano-leo-prantner-es-nuevo-jugador-del-fuchse-berlin\/","name":"El italiano Leo Prantner es nuevo jugador del F\u00fcchse Berlin - Derosca","isPartOf":{"@id":"https:\/\/www.cope.es\/blogs\/derosca\/#website"},"primaryImageOfPage":{"@id":"https:\/\/www.cope.es\/blogs\/derosca\/2025\/02\/12\/el-italiano-leo-prantner-es-nuevo-jugador-del-fuchse-berlin\/#primaryimage"},"image":{"@id":"https:\/\/www.cope.es\/blogs\/derosca\/2025\/02\/12\/el-italiano-leo-prantner-es-nuevo-jugador-del-fuchse-berlin\/#primaryimage"},"thumbnailUrl":"https:\/\/www.cope.es\/blogs\/derosca\/wp-content\/uploads\/sites\/22\/2025\/02\/Leo_Prantner_big.jpg","datePublished":"2025-02-12T08:29:16+00:00","author":{"@id":"https:\/\/www.cope.es\/blogs\/derosca\/#\/schema\/person\/02d6fa6fa8d8db60f83303875a4ff77f"},"breadcrumb":{"@id":"https:\/\/www.cope.es\/blogs\/derosca\/2025\/02\/12\/el-italiano-leo-prantner-es-nuevo-jugador-del-fuchse-berlin\/#breadcrumb"},"inLanguage":"es","potentialAction":[{"@type":"ReadAction","target":["https:\/\/www.cope.es\/blogs\/derosca\/2025\/02\/12\/el-italiano-leo-prantner-es-nuevo-jugador-del-fuchse-berlin\/"]}]},{"@type":"ImageObject","inLanguage":"es","@id":"https:\/\/www.cope.es\/blogs\/derosca\/2025\/02\/12\/el-italiano-leo-prantner-es-nuevo-jugador-del-fuchse-berlin\/#primaryimage","url":"https:\/\/www.cope.es\/blogs\/derosca\/wp-content\/uploads\/sites\/22\/2025\/02\/Leo_Prantner_big.jpg","contentUrl":"https:\/\/www.cope.es\/blogs\/derosca\/wp-content\/uploads\/sites\/22\/2025\/02\/Leo_Prantner_big.jpg","width":680,"height":584,"caption":"El italiano Leo Prantner es nuevo jugador del F\u00fcchse Berlin"},{"@type":"BreadcrumbList","@id":"https:\/\/www.cope.es\/blogs\/derosca\/2025\/02\/12\/el-italiano-leo-prantner-es-nuevo-jugador-del-fuchse-berlin\/#breadcrumb","itemListElement":[{"@type":"ListItem","position":1,"name":"Portada","item":"https:\/\/www.cope.es\/blogs\/derosca\/"},{"@type":"ListItem","position":2,"name":"El italiano Leo Prantner es nuevo jugador del F\u00fcchse Berlin"}]},{"@type":"WebSite","@id":"https:\/\/www.cope.es\/blogs\/derosca\/#website","url":"https:\/\/www.cope.es\/blogs\/derosca\/","name":"Derosca","description":"Blog de balonmano COPE","potentialAction":[{"@type":"SearchAction","target":{"@type":"EntryPoint","urlTemplate":"https:\/\/www.cope.es\/blogs\/derosca\/?s={search_term_string}"},"query-input":{"@type":"PropertyValueSpecification","valueRequired":true,"valueName":"search_term_string"}}],"inLanguage":"es"},{"@type":"Person","@id":"https:\/\/www.cope.es\/blogs\/derosca\/#\/schema\/person\/02d6fa6fa8d8db60f83303875a4ff77f","name":"Luis Malvar","image":{"@type":"ImageObject","inLanguage":"es","@id":"https:\/\/secure.gravatar.com\/avatar\/23cd47dec2904689b3ccd32d1dd3e86c7cbf60dcf7376c68854f761a4939534f?s=96&d=mm&r=g","url":"https:\/\/secure.gravatar.com\/avatar\/23cd47dec2904689b3ccd32d1dd3e86c7cbf60dcf7376c68854f761a4939534f?s=96&d=mm&r=g","contentUrl":"https:\/\/secure.gravatar.com\/avatar\/23cd47dec2904689b3ccd32d1dd3e86c7cbf60dcf7376c68854f761a4939534f?s=96&d=mm&r=g","caption":"Luis Malvar"},"description":"Comenc\u00e9 la andadura del Blog Derosca all\u00e1 por el 22 de Mayo de 2008. Un blog en el que se trata de llevar a los numerosos aficionados y amantes del mundo del balonmano toda la actualidad de nuestro apasionante deporte. Una ventana que sirve para dar luz a las innumerables noticias que genera el balonmano y que habitualmente no tienen reflejo en los medios de comunicaci\u00f3n. Sin lugar a dudas el Blog Derosca cuenta con un apartado que tiene a gala contar con miles de seguidores como es \u201cMis Pajaritos\u201d en donde se relatan y narran todas las intrahistorias que se generan en el balonmano espa\u00f1ol y que incomoda a m\u00e1s de uno que salgan a la luz.!Gracias por seguirnos durante todos estos a\u00f1os\u00a1","sameAs":["http:\/\/www.cope.es","lmalvar"],"url":"https:\/\/www.cope.es\/blogs\/derosca\/author\/lmalvar\/"}]}},"amp_enabled":true,"_links":{"self":[{"href":"https:\/\/www.cope.es\/blogs\/derosca\/wp-json\/wp\/v2\/posts\/4227","targetHints":{"allow":["GET"]}}],"collection":[{"href":"https:\/\/www.cope.es\/blogs\/derosca\/wp-json\/wp\/v2\/posts"}],"about":[{"href":"https:\/\/www.cope.es\/blogs\/derosca\/wp-json\/wp\/v2\/types\/post"}],"author":[{"embeddable":true,"href":"https:\/\/www.cope.es\/blogs\/derosca\/wp-json\/wp\/v2\/users\/23"}],"replies":[{"embeddable":true,"href":"https:\/\/www.cope.es\/blogs\/derosca\/wp-json\/wp\/v2\/comments?post=4227"}],"version-history":[{"count":1,"href":"https:\/\/www.cope.es\/blogs\/derosca\/wp-json\/wp\/v2\/posts\/4227\/revisions"}],"predecessor-version":[{"id":4229,"href":"https:\/\/www.cope.es\/blogs\/derosca\/wp-json\/wp\/v2\/posts\/4227\/revisions\/4229"}],"wp:featuredmedia":[{"embeddable":true,"href":"https:\/\/www.cope.es\/blogs\/derosca\/wp-json\/wp\/v2\/media\/4228"}],"wp:attachment":[{"href":"https:\/\/www.cope.es\/blogs\/derosca\/wp-json\/wp\/v2\/media?parent=4227"}],"wp:term":[{"taxonomy":"category","embeddable":true,"href":"https:\/\/www.cope.es\/blogs\/derosca\/wp-json\/wp\/v2\/categories?post=4227"},{"taxonomy":"post_tag","embeddable":true,"href":"https:\/\/www.cope.es\/blogs\/derosca\/wp-json\/wp\/v2\/tags?post=4227"}],"curies":[{"name":"wp","href":"https:\/\/api.w.org\/{rel}","templated":true}]}}