{"id":4144,"date":"2024-12-18T09:36:31","date_gmt":"2024-12-18T08:36:31","guid":{"rendered":"http:\/\/www.cope.es\/blogs\/derosca\/?p=4144"},"modified":"2024-12-18T09:36:31","modified_gmt":"2024-12-18T08:36:31","slug":"el-equipo-frances-del-montpellier-lanza-al-mercado-sus-propios-pantalones-vaqueros","status":"publish","type":"post","link":"https:\/\/www.cope.es\/blogs\/derosca\/2024\/12\/18\/el-equipo-frances-del-montpellier-lanza-al-mercado-sus-propios-pantalones-vaqueros\/","title":{"rendered":"El equipo franc\u00e9s del Montpellier lanza al mercado sus propios pantalones vaqueros"},"content":{"rendered":"<p><span style=\"color: #0a1c4e\"><span style=\"font-family: Arial, sans-serif\"><span style=\"font-size: medium\">El conjunto galo del Montpellier <\/span><\/span><\/span><span style=\"color: #0a1c4e\"><span style=\"font-family: Arial, sans-serif\"><span style=\"font-size: medium\">Handball <\/span><\/span><\/span><span style=\"color: #0a1c4e\"><span style=\"font-family: Arial, sans-serif\"><span style=\"font-size: medium\">y <\/span><\/span><\/span><span style=\"color: #0a1c4e\"><span style=\"font-family: Arial, sans-serif\"><span style=\"font-size: medium\">Atelier Tuffery<\/span><\/span><\/span><span style=\"color: #0a1c4e\"><span style=\"font-family: Arial, sans-serif\"><span style=\"font-size: medium\">, un fabricante centenario especializado en la fabricaci\u00f3n de vaqueros fabricados en Francia con sede en Florac, Loz\u00e8re, anunciaron el lanzamiento de una colaboraci\u00f3n \u201cdenim\u201d. Esto se materializa con la creaci\u00f3n y producci\u00f3n de pantalones vaqueros con la marca \u201c<\/span><\/span><\/span><span style=\"color: #0a1c4e\"><span style=\"font-family: Arial, sans-serif\"><span style=\"font-size: medium\">Atelier Tuffery x MHB<\/span><\/span><\/span><span style=\"color: #0a1c4e\"><span style=\"font-family: Arial, sans-serif\"><span style=\"font-size: medium\">\u201d <\/span><\/span><\/span><span style=\"color: #0a1c4e\"><span style=\"font-family: Arial, sans-serif\"><span style=\"font-size: medium\">destinados a los seguidores y simpatizantes del club de balonmano de Montpellier. Iniciativa original y creativa lanzada por los dos Juliens, <\/span><\/span><\/span><span style=\"color: #0a1c4e\"><span style=\"font-family: Arial, sans-serif\"><span style=\"font-size: medium\">Deljarry <\/span><\/span><\/span><span style=\"color: #0a1c4e\"><span style=\"font-family: Arial, sans-serif\"><span style=\"font-size: medium\">para el club MHB y <\/span><\/span><\/span><span style=\"color: #0a1c4e\"><span style=\"font-family: Arial, sans-serif\"><span style=\"font-size: medium\">Tuffery <\/span><\/span><\/span><span style=\"color: #0a1c4e\"><span style=\"font-family: Arial, sans-serif\"><span style=\"font-size: medium\">para la marca del mismo nombre, que concreta el acercamiento de las dos estructuras, s\u00edmbolos de excelencia y saber hacer en sus respectivos sectores en Occitania: el deporte y el textil. Adem\u00e1s, esta asociaci\u00f3n se basa en valores comunes como el arraigo local, la transmisi\u00f3n y un enfoque comprometido con la RSE.<\/span><\/span><\/span><\/p>\n<p><span style=\"color: #0a1c4e\"><span style=\"font-family: Arial, sans-serif\"><span style=\"font-size: medium\">Julien Deljarry<\/span><\/span><\/span><span style=\"color: #0a1c4e\"><span style=\"font-family: Arial, sans-serif\"><span style=\"font-size: medium\">, Presidente del Montpellier Handball ha comentado que l<\/span><\/span><\/span><span style=\"color: #0a1c4e\"><span style=\"font-family: Arial, sans-serif\"><span style=\"font-size: medium\">a colaboraci\u00f3n entre Montpellier Handball y Tuffery se basa en mucho m\u00e1s que una simple alianza de marcas: es ante todo una uni\u00f3n de valores. Nace de la voluntad del Montpellier de valorizar su territorio, valorizar las prestaciones locales y formar parte de un enfoque de consumo responsable<\/span><\/span><\/span><\/p>\n<p><span style=\"color: #0a1c4e\"><span style=\"font-family: Arial, sans-serif\"><span style=\"font-size: medium\">Tambi\u00e9n a\u00f1ade Julien Tuffery<\/span><\/span><\/span><span style=\"color: #0a1c4e\"><span style=\"font-family: Arial, sans-serif\"><span style=\"font-size: medium\">, Director de la centenaria f\u00e1brica familiar Atelier Tuffery que e<\/span><\/span><\/span><span style=\"color: #0a1c4e\"><span style=\"font-family: Arial, sans-serif\"><span style=\"font-size: medium\">n Atelier Tuffery aprecian los encuentros y las sinergias con mundos distintos del de la confecci\u00f3n que se unen en torno a visiones comunes. <\/span><\/span><\/span><span style=\"color: #0a1c4e\"><span style=\"font-family: Arial, sans-serif\"><span style=\"font-size: medium\">La marca de vaqueros fabricados en Francia est\u00e1 asociada a grandes nombres de la gastronom\u00eda (con Michel Bras en Par\u00eds), del deporte (con la FFR), del autom\u00f3vil (con Alpine) y de la moda (con Saint James).<\/span><\/span><\/span><\/p>\n<p><span style=\"color: #0a1c4e\"><span style=\"font-family: Arial, sans-serif\"><span style=\"font-size: medium\">Para simbolizar esta \u201cCollab\u201d, el club Montpellier y Atelier Tuffery han elegido al portero internacional <\/span><\/span><\/span><span style=\"color: #0a1c4e\"><span style=\"font-family: Arial, sans-serif\"><span style=\"font-size: medium\">R\u00e9mi Desbonnet<\/span><\/span><\/span><span style=\"color: #0a1c4e\"><span style=\"font-family: Arial, sans-serif\"><span style=\"font-size: medium\">. El jugador, nacido en Montpellier y formado en el Montpellier, simboliza el car\u00e1cter y los valores de excelencia que subraya esta asociaci\u00f3n. Por parte del club, tambi\u00e9n existe el deseo de ayudar a consolidar la herramienta de producci\u00f3n del Atelier Tuffery, generando al mismo tiempo ingresos adicionales para el fondo de dotaci\u00f3n del club. Atelier Tuffery se compromete a donar el 10% de los beneficios de las ventas de esta colecci\u00f3n al Fondo de Dotaci\u00f3n MHB y el 1% al\u00a0<\/span><\/span><\/span><span style=\"color: #0a1c4e\"><span style=\"font-family: Arial, sans-serif\"><span style=\"font-size: medium\">Club Balonmano Mende G\u00e9vaudan<\/span><\/span><\/span><span style=\"color: #0a1c4e\"><span style=\"font-family: Arial, sans-serif\"><span style=\"font-size: medium\">. <\/span><\/span><\/span><\/p>\n<p><span style=\"color: #0a1c4e\"><span style=\"font-family: Arial, sans-serif\"><span style=\"font-size: medium\">Julien Deljarry comenta que l<\/span><\/span><\/span><em><span style=\"color: #0a1c4e\"><span style=\"font-family: Arial, sans-serif\"><span style=\"font-size: medium\">os <\/span><\/span><\/span><\/em><span style=\"color: #0a1c4e\"><span style=\"font-family: Arial, sans-serif\"><span style=\"font-size: medium\">proyectos apoyados por el Fondo de Dotaci\u00f3n tienen como objetivo promover acciones a favor de la inclusi\u00f3n social, el desarrollo sostenible y el acceso al deporte para todos<\/span><\/span><\/span><span style=\"color: #0a1c4e\"><span style=\"font-family: Arial, sans-serif\"><span style=\"font-size: medium\">. Al donar parte de los beneficios, Atelier Tuffery se convierte en actor de estas iniciativas y refuerza su arraigo territorial. En concreto, Atelier Tuffery revisita su ic\u00f3nico modelo vaquero \u201c<\/span><\/span><\/span><span style=\"color: #0a1c4e\"><span style=\"font-family: Arial, sans-serif\"><span style=\"font-size: medium\">Alphonse<\/span><\/span><\/span><span style=\"color: #0a1c4e\"><span style=\"font-family: Arial, sans-serif\"><span style=\"font-size: medium\">\u201d , con un corte recto y entallado, que combina funcionalidad y estilo d<\/span><\/span><\/span><span style=\"color: #0a1c4e\"><span style=\"font-family: Arial, sans-serif\"><span style=\"font-size: medium\">ise\u00f1ado para la vida cotidiana, este modelo ahora est\u00e1 disponible en los colores del Montpellier. Se distingue por un bolsillo de fuelle dise\u00f1ado para alojar un smartphone y al mismo tiempo ofrecer protecci\u00f3n contra las olas, explica Julien Tuffery. Estos vaqueros est\u00e1n destinados no s\u00f3lo a los jugadores, sino tambi\u00e9n a los aficionados, socios del club y al p\u00fablico en general. Jugadores, personal, academia, asociaciones, aficionados, familias, socios, pero tambi\u00e9n todas las personas interesadas en la moda&#8230; Montpellier Handball re\u00fane todo un ecosistema en torno a valores que nos son muy queridos: trabajo, formaci\u00f3n, transmisi\u00f3n, \u201calta exigencias de nivel e innovaci\u00f3n<\/span><\/span><\/span><span style=\"color: #0a1c4e\"><span style=\"font-family: Arial, sans-serif\"><span style=\"font-size: medium\"><i>\u201d<\/i><\/span><\/span><\/span><span style=\"color: #0a1c4e\"><span style=\"font-family: Arial, sans-serif\"><span style=\"font-size: medium\">\u00a0, indica Julien Tuffery. Los jeans est\u00e1n disponibles para la venta los d\u00edas de partido, en casa, en la tienda del club o directamente.<\/span><\/span><\/span><\/p>\n<p><span style=\"color: #666666\"><span style=\"font-family: Arial, sans-serif\"><span style=\"font-size: medium\"><span>Seguirnos en twitter: <\/span><\/span><\/span><\/span><span style=\"color: #000080\"><span><u><a href=\"#!\/deroscacope\"><span style=\"color: #0000ff\"><span style=\"font-family: Arial, sans-serif\"><span style=\"font-size: medium\"><b>https:\/\/twitter.com\/#!\/deroscacope<\/b><\/span><\/span><\/span><\/a><\/u><\/span><\/span><\/p>\n","protected":false},"excerpt":{"rendered":"<p>El conjunto galo del Montpellier Handball y Atelier Tuffery, un fabricante centenario especializado en la fabricaci\u00f3n de vaqueros fabricados en Francia con sede en Florac, Loz\u00e8re, anunciaron el lanzamiento de una colaboraci\u00f3n \u201cdenim\u201d. Esto se materializa con la creaci\u00f3n y producci\u00f3n de pantalones vaqueros con la marca \u201cAtelier Tuffery x MHB\u201d destinados a los seguidores [&hellip;]<\/p>\n","protected":false},"author":23,"featured_media":4145,"comment_status":"open","ping_status":"open","sticky":false,"template":"","format":"standard","meta":{"footnotes":""},"categories":[3],"tags":[],"class_list":["post-4144","post","type-post","status-publish","format-standard","has-post-thumbnail","hentry","category-balonmano"],"yoast_head":"<!-- This site is optimized with the Yoast SEO plugin v27.4 - https:\/\/yoast.com\/product\/yoast-seo-wordpress\/ -->\n<title>El equipo franc\u00e9s del Montpellier lanza al mercado sus propios pantalones vaqueros - Derosca<\/title>\n<meta name=\"robots\" content=\"index, follow, max-snippet:-1, max-image-preview:large, max-video-preview:-1\" \/>\n<link rel=\"canonical\" href=\"https:\/\/www.cope.es\/blogs\/derosca\/2024\/12\/18\/el-equipo-frances-del-montpellier-lanza-al-mercado-sus-propios-pantalones-vaqueros\/\" \/>\n<meta property=\"og:locale\" content=\"es_ES\" \/>\n<meta property=\"og:type\" content=\"article\" \/>\n<meta property=\"og:title\" content=\"El equipo franc\u00e9s del Montpellier lanza al mercado sus propios pantalones vaqueros - Derosca\" \/>\n<meta property=\"og:description\" content=\"El conjunto galo del Montpellier Handball y Atelier Tuffery, un fabricante centenario especializado en la fabricaci\u00f3n de vaqueros fabricados en Francia con sede en Florac, Loz\u00e8re, anunciaron el lanzamiento de una colaboraci\u00f3n \u201cdenim\u201d. Esto se materializa con la creaci\u00f3n y producci\u00f3n de pantalones vaqueros con la marca \u201cAtelier Tuffery x MHB\u201d destinados a los seguidores [&hellip;]\" \/>\n<meta property=\"og:url\" content=\"https:\/\/www.cope.es\/blogs\/derosca\/2024\/12\/18\/el-equipo-frances-del-montpellier-lanza-al-mercado-sus-propios-pantalones-vaqueros\/\" \/>\n<meta property=\"og:site_name\" content=\"Derosca\" \/>\n<meta property=\"article:publisher\" content=\"https:\/\/www.facebook.com\/cope\/\" \/>\n<meta property=\"article:published_time\" content=\"2024-12-18T08:36:31+00:00\" \/>\n<meta property=\"og:image\" content=\"https:\/\/www.cope.es\/blogs\/derosca\/wp-content\/uploads\/sites\/22\/2024\/12\/012-BD-1024x682-1.jpg\" \/>\n\t<meta property=\"og:image:width\" content=\"680\" \/>\n\t<meta property=\"og:image:height\" content=\"433\" \/>\n\t<meta property=\"og:image:type\" content=\"image\/jpeg\" \/>\n<meta name=\"author\" content=\"Luis Malvar\" \/>\n<meta name=\"twitter:card\" content=\"summary_large_image\" \/>\n<meta name=\"twitter:creator\" content=\"@cope_es\" \/>\n<meta name=\"twitter:site\" content=\"@cope_es\" \/>\n<meta name=\"twitter:label1\" content=\"Escrito por\" \/>\n\t<meta name=\"twitter:data1\" content=\"Luis Malvar\" \/>\n\t<meta name=\"twitter:label2\" content=\"Tiempo de lectura\" \/>\n\t<meta name=\"twitter:data2\" content=\"3 minutos\" \/>\n<script type=\"application\/ld+json\" class=\"yoast-schema-graph\">{\"@context\":\"https:\\\/\\\/schema.org\",\"@graph\":[{\"@type\":\"Article\",\"@id\":\"https:\\\/\\\/www.cope.es\\\/blogs\\\/derosca\\\/2024\\\/12\\\/18\\\/el-equipo-frances-del-montpellier-lanza-al-mercado-sus-propios-pantalones-vaqueros\\\/#article\",\"isPartOf\":{\"@id\":\"https:\\\/\\\/www.cope.es\\\/blogs\\\/derosca\\\/2024\\\/12\\\/18\\\/el-equipo-frances-del-montpellier-lanza-al-mercado-sus-propios-pantalones-vaqueros\\\/\"},\"author\":{\"name\":\"Luis Malvar\",\"@id\":\"https:\\\/\\\/www.cope.es\\\/blogs\\\/derosca\\\/#\\\/schema\\\/person\\\/02d6fa6fa8d8db60f83303875a4ff77f\"},\"headline\":\"El equipo franc\u00e9s del Montpellier lanza al mercado sus propios pantalones vaqueros\",\"datePublished\":\"2024-12-18T08:36:31+00:00\",\"mainEntityOfPage\":{\"@id\":\"https:\\\/\\\/www.cope.es\\\/blogs\\\/derosca\\\/2024\\\/12\\\/18\\\/el-equipo-frances-del-montpellier-lanza-al-mercado-sus-propios-pantalones-vaqueros\\\/\"},\"wordCount\":627,\"commentCount\":0,\"image\":{\"@id\":\"https:\\\/\\\/www.cope.es\\\/blogs\\\/derosca\\\/2024\\\/12\\\/18\\\/el-equipo-frances-del-montpellier-lanza-al-mercado-sus-propios-pantalones-vaqueros\\\/#primaryimage\"},\"thumbnailUrl\":\"https:\\\/\\\/www.cope.es\\\/blogs\\\/derosca\\\/wp-content\\\/uploads\\\/sites\\\/22\\\/2024\\\/12\\\/012-BD-1024x682-1.jpg\",\"articleSection\":[\"Balonmano\"],\"inLanguage\":\"es\",\"potentialAction\":[{\"@type\":\"CommentAction\",\"name\":\"Comment\",\"target\":[\"https:\\\/\\\/www.cope.es\\\/blogs\\\/derosca\\\/2024\\\/12\\\/18\\\/el-equipo-frances-del-montpellier-lanza-al-mercado-sus-propios-pantalones-vaqueros\\\/#respond\"]}]},{\"@type\":\"WebPage\",\"@id\":\"https:\\\/\\\/www.cope.es\\\/blogs\\\/derosca\\\/2024\\\/12\\\/18\\\/el-equipo-frances-del-montpellier-lanza-al-mercado-sus-propios-pantalones-vaqueros\\\/\",\"url\":\"https:\\\/\\\/www.cope.es\\\/blogs\\\/derosca\\\/2024\\\/12\\\/18\\\/el-equipo-frances-del-montpellier-lanza-al-mercado-sus-propios-pantalones-vaqueros\\\/\",\"name\":\"El equipo franc\u00e9s del Montpellier lanza al mercado sus propios pantalones vaqueros - Derosca\",\"isPartOf\":{\"@id\":\"https:\\\/\\\/www.cope.es\\\/blogs\\\/derosca\\\/#website\"},\"primaryImageOfPage\":{\"@id\":\"https:\\\/\\\/www.cope.es\\\/blogs\\\/derosca\\\/2024\\\/12\\\/18\\\/el-equipo-frances-del-montpellier-lanza-al-mercado-sus-propios-pantalones-vaqueros\\\/#primaryimage\"},\"image\":{\"@id\":\"https:\\\/\\\/www.cope.es\\\/blogs\\\/derosca\\\/2024\\\/12\\\/18\\\/el-equipo-frances-del-montpellier-lanza-al-mercado-sus-propios-pantalones-vaqueros\\\/#primaryimage\"},\"thumbnailUrl\":\"https:\\\/\\\/www.cope.es\\\/blogs\\\/derosca\\\/wp-content\\\/uploads\\\/sites\\\/22\\\/2024\\\/12\\\/012-BD-1024x682-1.jpg\",\"datePublished\":\"2024-12-18T08:36:31+00:00\",\"author\":{\"@id\":\"https:\\\/\\\/www.cope.es\\\/blogs\\\/derosca\\\/#\\\/schema\\\/person\\\/02d6fa6fa8d8db60f83303875a4ff77f\"},\"breadcrumb\":{\"@id\":\"https:\\\/\\\/www.cope.es\\\/blogs\\\/derosca\\\/2024\\\/12\\\/18\\\/el-equipo-frances-del-montpellier-lanza-al-mercado-sus-propios-pantalones-vaqueros\\\/#breadcrumb\"},\"inLanguage\":\"es\",\"potentialAction\":[{\"@type\":\"ReadAction\",\"target\":[\"https:\\\/\\\/www.cope.es\\\/blogs\\\/derosca\\\/2024\\\/12\\\/18\\\/el-equipo-frances-del-montpellier-lanza-al-mercado-sus-propios-pantalones-vaqueros\\\/\"]}]},{\"@type\":\"ImageObject\",\"inLanguage\":\"es\",\"@id\":\"https:\\\/\\\/www.cope.es\\\/blogs\\\/derosca\\\/2024\\\/12\\\/18\\\/el-equipo-frances-del-montpellier-lanza-al-mercado-sus-propios-pantalones-vaqueros\\\/#primaryimage\",\"url\":\"https:\\\/\\\/www.cope.es\\\/blogs\\\/derosca\\\/wp-content\\\/uploads\\\/sites\\\/22\\\/2024\\\/12\\\/012-BD-1024x682-1.jpg\",\"contentUrl\":\"https:\\\/\\\/www.cope.es\\\/blogs\\\/derosca\\\/wp-content\\\/uploads\\\/sites\\\/22\\\/2024\\\/12\\\/012-BD-1024x682-1.jpg\",\"width\":680,\"height\":433,\"caption\":\"El equipo franc\u00e9s del Montpellier lanza al mercado sus propios pantalones vaqueros\"},{\"@type\":\"BreadcrumbList\",\"@id\":\"https:\\\/\\\/www.cope.es\\\/blogs\\\/derosca\\\/2024\\\/12\\\/18\\\/el-equipo-frances-del-montpellier-lanza-al-mercado-sus-propios-pantalones-vaqueros\\\/#breadcrumb\",\"itemListElement\":[{\"@type\":\"ListItem\",\"position\":1,\"name\":\"Portada\",\"item\":\"https:\\\/\\\/www.cope.es\\\/blogs\\\/derosca\\\/\"},{\"@type\":\"ListItem\",\"position\":2,\"name\":\"El equipo franc\u00e9s del Montpellier lanza al mercado sus propios pantalones vaqueros\"}]},{\"@type\":\"WebSite\",\"@id\":\"https:\\\/\\\/www.cope.es\\\/blogs\\\/derosca\\\/#website\",\"url\":\"https:\\\/\\\/www.cope.es\\\/blogs\\\/derosca\\\/\",\"name\":\"Derosca\",\"description\":\"Blog de balonmano COPE\",\"potentialAction\":[{\"@type\":\"SearchAction\",\"target\":{\"@type\":\"EntryPoint\",\"urlTemplate\":\"https:\\\/\\\/www.cope.es\\\/blogs\\\/derosca\\\/?s={search_term_string}\"},\"query-input\":{\"@type\":\"PropertyValueSpecification\",\"valueRequired\":true,\"valueName\":\"search_term_string\"}}],\"inLanguage\":\"es\"},{\"@type\":\"Person\",\"@id\":\"https:\\\/\\\/www.cope.es\\\/blogs\\\/derosca\\\/#\\\/schema\\\/person\\\/02d6fa6fa8d8db60f83303875a4ff77f\",\"name\":\"Luis Malvar\",\"image\":{\"@type\":\"ImageObject\",\"inLanguage\":\"es\",\"@id\":\"https:\\\/\\\/secure.gravatar.com\\\/avatar\\\/23cd47dec2904689b3ccd32d1dd3e86c7cbf60dcf7376c68854f761a4939534f?s=96&d=mm&r=g\",\"url\":\"https:\\\/\\\/secure.gravatar.com\\\/avatar\\\/23cd47dec2904689b3ccd32d1dd3e86c7cbf60dcf7376c68854f761a4939534f?s=96&d=mm&r=g\",\"contentUrl\":\"https:\\\/\\\/secure.gravatar.com\\\/avatar\\\/23cd47dec2904689b3ccd32d1dd3e86c7cbf60dcf7376c68854f761a4939534f?s=96&d=mm&r=g\",\"caption\":\"Luis Malvar\"},\"description\":\"Comenc\u00e9 la andadura del Blog Derosca all\u00e1 por el 22 de Mayo de 2008. Un blog en el que se trata de llevar a los numerosos aficionados y amantes del mundo del balonmano toda la actualidad de nuestro apasionante deporte. Una ventana que sirve para dar luz a las innumerables noticias que genera el balonmano y que habitualmente no tienen reflejo en los medios de comunicaci\u00f3n. Sin lugar a dudas el Blog Derosca cuenta con un apartado que tiene a gala contar con miles de seguidores como es \u201cMis Pajaritos\u201d en donde se relatan y narran todas las intrahistorias que se generan en el balonmano espa\u00f1ol y que incomoda a m\u00e1s de uno que salgan a la luz.!Gracias por seguirnos durante todos estos a\u00f1os\u00a1\",\"sameAs\":[\"http:\\\/\\\/www.cope.es\",\"lmalvar\"],\"url\":\"https:\\\/\\\/www.cope.es\\\/blogs\\\/derosca\\\/author\\\/lmalvar\\\/\"}]}<\/script>\n<!-- \/ Yoast SEO plugin. -->","yoast_head_json":{"title":"El equipo franc\u00e9s del Montpellier lanza al mercado sus propios pantalones vaqueros - Derosca","robots":{"index":"index","follow":"follow","max-snippet":"max-snippet:-1","max-image-preview":"max-image-preview:large","max-video-preview":"max-video-preview:-1"},"canonical":"https:\/\/www.cope.es\/blogs\/derosca\/2024\/12\/18\/el-equipo-frances-del-montpellier-lanza-al-mercado-sus-propios-pantalones-vaqueros\/","og_locale":"es_ES","og_type":"article","og_title":"El equipo franc\u00e9s del Montpellier lanza al mercado sus propios pantalones vaqueros - Derosca","og_description":"El conjunto galo del Montpellier Handball y Atelier Tuffery, un fabricante centenario especializado en la fabricaci\u00f3n de vaqueros fabricados en Francia con sede en Florac, Loz\u00e8re, anunciaron el lanzamiento de una colaboraci\u00f3n \u201cdenim\u201d. Esto se materializa con la creaci\u00f3n y producci\u00f3n de pantalones vaqueros con la marca \u201cAtelier Tuffery x MHB\u201d destinados a los seguidores [&hellip;]","og_url":"https:\/\/www.cope.es\/blogs\/derosca\/2024\/12\/18\/el-equipo-frances-del-montpellier-lanza-al-mercado-sus-propios-pantalones-vaqueros\/","og_site_name":"Derosca","article_publisher":"https:\/\/www.facebook.com\/cope\/","article_published_time":"2024-12-18T08:36:31+00:00","og_image":[{"width":680,"height":433,"url":"https:\/\/www.cope.es\/blogs\/derosca\/wp-content\/uploads\/sites\/22\/2024\/12\/012-BD-1024x682-1.jpg","type":"image\/jpeg"}],"author":"Luis Malvar","twitter_card":"summary_large_image","twitter_creator":"@cope_es","twitter_site":"@cope_es","twitter_misc":{"Escrito por":"Luis Malvar","Tiempo de lectura":"3 minutos"},"schema":{"@context":"https:\/\/schema.org","@graph":[{"@type":"Article","@id":"https:\/\/www.cope.es\/blogs\/derosca\/2024\/12\/18\/el-equipo-frances-del-montpellier-lanza-al-mercado-sus-propios-pantalones-vaqueros\/#article","isPartOf":{"@id":"https:\/\/www.cope.es\/blogs\/derosca\/2024\/12\/18\/el-equipo-frances-del-montpellier-lanza-al-mercado-sus-propios-pantalones-vaqueros\/"},"author":{"name":"Luis Malvar","@id":"https:\/\/www.cope.es\/blogs\/derosca\/#\/schema\/person\/02d6fa6fa8d8db60f83303875a4ff77f"},"headline":"El equipo franc\u00e9s del Montpellier lanza al mercado sus propios pantalones vaqueros","datePublished":"2024-12-18T08:36:31+00:00","mainEntityOfPage":{"@id":"https:\/\/www.cope.es\/blogs\/derosca\/2024\/12\/18\/el-equipo-frances-del-montpellier-lanza-al-mercado-sus-propios-pantalones-vaqueros\/"},"wordCount":627,"commentCount":0,"image":{"@id":"https:\/\/www.cope.es\/blogs\/derosca\/2024\/12\/18\/el-equipo-frances-del-montpellier-lanza-al-mercado-sus-propios-pantalones-vaqueros\/#primaryimage"},"thumbnailUrl":"https:\/\/www.cope.es\/blogs\/derosca\/wp-content\/uploads\/sites\/22\/2024\/12\/012-BD-1024x682-1.jpg","articleSection":["Balonmano"],"inLanguage":"es","potentialAction":[{"@type":"CommentAction","name":"Comment","target":["https:\/\/www.cope.es\/blogs\/derosca\/2024\/12\/18\/el-equipo-frances-del-montpellier-lanza-al-mercado-sus-propios-pantalones-vaqueros\/#respond"]}]},{"@type":"WebPage","@id":"https:\/\/www.cope.es\/blogs\/derosca\/2024\/12\/18\/el-equipo-frances-del-montpellier-lanza-al-mercado-sus-propios-pantalones-vaqueros\/","url":"https:\/\/www.cope.es\/blogs\/derosca\/2024\/12\/18\/el-equipo-frances-del-montpellier-lanza-al-mercado-sus-propios-pantalones-vaqueros\/","name":"El equipo franc\u00e9s del Montpellier lanza al mercado sus propios pantalones vaqueros - Derosca","isPartOf":{"@id":"https:\/\/www.cope.es\/blogs\/derosca\/#website"},"primaryImageOfPage":{"@id":"https:\/\/www.cope.es\/blogs\/derosca\/2024\/12\/18\/el-equipo-frances-del-montpellier-lanza-al-mercado-sus-propios-pantalones-vaqueros\/#primaryimage"},"image":{"@id":"https:\/\/www.cope.es\/blogs\/derosca\/2024\/12\/18\/el-equipo-frances-del-montpellier-lanza-al-mercado-sus-propios-pantalones-vaqueros\/#primaryimage"},"thumbnailUrl":"https:\/\/www.cope.es\/blogs\/derosca\/wp-content\/uploads\/sites\/22\/2024\/12\/012-BD-1024x682-1.jpg","datePublished":"2024-12-18T08:36:31+00:00","author":{"@id":"https:\/\/www.cope.es\/blogs\/derosca\/#\/schema\/person\/02d6fa6fa8d8db60f83303875a4ff77f"},"breadcrumb":{"@id":"https:\/\/www.cope.es\/blogs\/derosca\/2024\/12\/18\/el-equipo-frances-del-montpellier-lanza-al-mercado-sus-propios-pantalones-vaqueros\/#breadcrumb"},"inLanguage":"es","potentialAction":[{"@type":"ReadAction","target":["https:\/\/www.cope.es\/blogs\/derosca\/2024\/12\/18\/el-equipo-frances-del-montpellier-lanza-al-mercado-sus-propios-pantalones-vaqueros\/"]}]},{"@type":"ImageObject","inLanguage":"es","@id":"https:\/\/www.cope.es\/blogs\/derosca\/2024\/12\/18\/el-equipo-frances-del-montpellier-lanza-al-mercado-sus-propios-pantalones-vaqueros\/#primaryimage","url":"https:\/\/www.cope.es\/blogs\/derosca\/wp-content\/uploads\/sites\/22\/2024\/12\/012-BD-1024x682-1.jpg","contentUrl":"https:\/\/www.cope.es\/blogs\/derosca\/wp-content\/uploads\/sites\/22\/2024\/12\/012-BD-1024x682-1.jpg","width":680,"height":433,"caption":"El equipo franc\u00e9s del Montpellier lanza al mercado sus propios pantalones vaqueros"},{"@type":"BreadcrumbList","@id":"https:\/\/www.cope.es\/blogs\/derosca\/2024\/12\/18\/el-equipo-frances-del-montpellier-lanza-al-mercado-sus-propios-pantalones-vaqueros\/#breadcrumb","itemListElement":[{"@type":"ListItem","position":1,"name":"Portada","item":"https:\/\/www.cope.es\/blogs\/derosca\/"},{"@type":"ListItem","position":2,"name":"El equipo franc\u00e9s del Montpellier lanza al mercado sus propios pantalones vaqueros"}]},{"@type":"WebSite","@id":"https:\/\/www.cope.es\/blogs\/derosca\/#website","url":"https:\/\/www.cope.es\/blogs\/derosca\/","name":"Derosca","description":"Blog de balonmano COPE","potentialAction":[{"@type":"SearchAction","target":{"@type":"EntryPoint","urlTemplate":"https:\/\/www.cope.es\/blogs\/derosca\/?s={search_term_string}"},"query-input":{"@type":"PropertyValueSpecification","valueRequired":true,"valueName":"search_term_string"}}],"inLanguage":"es"},{"@type":"Person","@id":"https:\/\/www.cope.es\/blogs\/derosca\/#\/schema\/person\/02d6fa6fa8d8db60f83303875a4ff77f","name":"Luis Malvar","image":{"@type":"ImageObject","inLanguage":"es","@id":"https:\/\/secure.gravatar.com\/avatar\/23cd47dec2904689b3ccd32d1dd3e86c7cbf60dcf7376c68854f761a4939534f?s=96&d=mm&r=g","url":"https:\/\/secure.gravatar.com\/avatar\/23cd47dec2904689b3ccd32d1dd3e86c7cbf60dcf7376c68854f761a4939534f?s=96&d=mm&r=g","contentUrl":"https:\/\/secure.gravatar.com\/avatar\/23cd47dec2904689b3ccd32d1dd3e86c7cbf60dcf7376c68854f761a4939534f?s=96&d=mm&r=g","caption":"Luis Malvar"},"description":"Comenc\u00e9 la andadura del Blog Derosca all\u00e1 por el 22 de Mayo de 2008. Un blog en el que se trata de llevar a los numerosos aficionados y amantes del mundo del balonmano toda la actualidad de nuestro apasionante deporte. Una ventana que sirve para dar luz a las innumerables noticias que genera el balonmano y que habitualmente no tienen reflejo en los medios de comunicaci\u00f3n. Sin lugar a dudas el Blog Derosca cuenta con un apartado que tiene a gala contar con miles de seguidores como es \u201cMis Pajaritos\u201d en donde se relatan y narran todas las intrahistorias que se generan en el balonmano espa\u00f1ol y que incomoda a m\u00e1s de uno que salgan a la luz.!Gracias por seguirnos durante todos estos a\u00f1os\u00a1","sameAs":["http:\/\/www.cope.es","lmalvar"],"url":"https:\/\/www.cope.es\/blogs\/derosca\/author\/lmalvar\/"}]}},"amp_enabled":true,"_links":{"self":[{"href":"https:\/\/www.cope.es\/blogs\/derosca\/wp-json\/wp\/v2\/posts\/4144","targetHints":{"allow":["GET"]}}],"collection":[{"href":"https:\/\/www.cope.es\/blogs\/derosca\/wp-json\/wp\/v2\/posts"}],"about":[{"href":"https:\/\/www.cope.es\/blogs\/derosca\/wp-json\/wp\/v2\/types\/post"}],"author":[{"embeddable":true,"href":"https:\/\/www.cope.es\/blogs\/derosca\/wp-json\/wp\/v2\/users\/23"}],"replies":[{"embeddable":true,"href":"https:\/\/www.cope.es\/blogs\/derosca\/wp-json\/wp\/v2\/comments?post=4144"}],"version-history":[{"count":1,"href":"https:\/\/www.cope.es\/blogs\/derosca\/wp-json\/wp\/v2\/posts\/4144\/revisions"}],"predecessor-version":[{"id":4146,"href":"https:\/\/www.cope.es\/blogs\/derosca\/wp-json\/wp\/v2\/posts\/4144\/revisions\/4146"}],"wp:featuredmedia":[{"embeddable":true,"href":"https:\/\/www.cope.es\/blogs\/derosca\/wp-json\/wp\/v2\/media\/4145"}],"wp:attachment":[{"href":"https:\/\/www.cope.es\/blogs\/derosca\/wp-json\/wp\/v2\/media?parent=4144"}],"wp:term":[{"taxonomy":"category","embeddable":true,"href":"https:\/\/www.cope.es\/blogs\/derosca\/wp-json\/wp\/v2\/categories?post=4144"},{"taxonomy":"post_tag","embeddable":true,"href":"https:\/\/www.cope.es\/blogs\/derosca\/wp-json\/wp\/v2\/tags?post=4144"}],"curies":[{"name":"wp","href":"https:\/\/api.w.org\/{rel}","templated":true}]}}