{"id":4141,"date":"2024-12-17T09:34:00","date_gmt":"2024-12-17T08:34:00","guid":{"rendered":"http:\/\/www.cope.es\/blogs\/derosca\/?p=4141"},"modified":"2024-12-17T09:34:00","modified_gmt":"2024-12-17T08:34:00","slug":"estas-son-las-cabezas-de-serie-del-mundial-femenino-2025","status":"publish","type":"post","link":"https:\/\/www.cope.es\/blogs\/derosca\/2024\/12\/17\/estas-son-las-cabezas-de-serie-del-mundial-femenino-2025\/","title":{"rendered":"Estas son las cabezas de serie del Mundial Femenino 2025"},"content":{"rendered":"<p><span style=\"color: #000000\"><span style=\"font-family: Arial, sans-serif\"><span style=\"font-size: medium\">A menos de un a\u00f1o del inicio del Mundial Femenino 2025, los preparativos para la competici\u00f3n est\u00e1n en pleno apogeo y el calendario ya se public\u00f3 el pasado 21 de Noviembre. Adem\u00e1s, el Comit\u00e9 Ejecutivo de la IHF confirm\u00f3 por unanimidad la solicitud de los Comit\u00e9s Organizadores Locales de Alemania y los Pa\u00edses Bajos de asignar equipos a diferentes ciudades o grupos de acuerdo con el Art\u00edculo 1.3.2. del Reglamento para las Competiciones de la IHF.<\/span><\/span><\/span><\/p>\n<p><span style=\"color: #000000\"><span style=\"font-family: Arial, sans-serif\"><span style=\"font-size: medium\">Los dos Comit\u00e9s Organizadores Locales decidieron asignar los equipos con las mayores bases de aficionados lo m\u00e1s cerca posible de sus fronteras y dividir los equipos supuestamente m\u00e1s fuertes, en base a sus resultados previos en el Mundial Femenino IHF, equitativamente entre ambas naciones anfitrionas. Los dos anfitriones, Alemania y los Pa\u00edses Bajos, participar\u00e1n en la Fase Preliminar del Mundial Femenino 2025 en los Grupos C y E respectivamente, que se llevar\u00e1n a cabo en Stuttgart y Rotterdam.<\/span><\/span><\/span><\/p>\n<p><span style=\"color: #000000\"><span style=\"font-family: Arial, sans-serif\"><span style=\"font-size: medium\">El \u00fanico equipo cabeza de serie que ya ha asegurado su plaza para el Campeonato Mundial Femenino 2025, Francia, actual Campeona del Mundo, jugar\u00e1 en el Grupo F en &#8216;s-Hertogenbosch. Otro equipo que deber\u00eda jugar en &#8216;s-Hertogenbosch, si consigue su plaza para la competici\u00f3n, es Hungr\u00eda, cabeza de serie del Grupo B. Dinamarca, medallista de bronce en los Campeonatos Mundiales Femeninos de 2021 y 2023, jugar\u00e1 en el Grupo A en Rotterdam, siempre que se clasifique para la principal competici\u00f3n mundial de balonmano.<\/span><\/span><\/span><\/p>\n<p><span style=\"color: #000000\"><span style=\"font-family: Arial, sans-serif\"><span style=\"font-size: medium\">Noruega, subcampeona del Mundial Femenino 2023 y actual Campeona Ol\u00edmpica, jugar\u00e1 en el Grupo H en Trier, al igual que Eslovenia, que ha sido sembrada en el Grupo D. Ambos equipos a\u00fan no han asegurado su lugar en la competencia. El \u00faltimo equipo en ser clasificado ser\u00e1 Suecia. El equipo escandinavo jugar\u00e1 en Stuttgart en el Grupo G si asegura su plaza.<\/span><\/span><\/span><\/p>\n<p><span style=\"color: #000000\"><span style=\"font-family: Arial, sans-serif\"><span style=\"font-size: medium\">Solo seis equipos ya se han clasificado para el Mundial Femenino 2025: los coanfitriones Alemania y los Pa\u00edses Bajos, el actual Campe\u00f3n Mundial Francia y los tres mejores equipos del Campeonato Sudamericano y Centroamericano de Balonmano Femenino de 2024, Brasil, Argentina y Uruguay.<\/span><\/span><\/span><\/p>\n<p><span style=\"color: #000000\"><span style=\"font-family: Arial, sans-serif\"><span style=\"font-size: medium\">El 27\u00ba Mundial Femenino ser\u00e1 organizado por dos pa\u00edses, Alemania y los Pa\u00edses Bajos, y tendr\u00e1 lugar entre el 26 de Noviembre y el 14 de Diciembre de 2025 en cinco sedes, dos en los Pa\u00edses Bajos y tres en Alemania, y el fin de semana final estar\u00e1 programado en el Ahoy Arena en Rotterdam, Pa\u00edses Bajos.<\/span><\/span><\/span><\/p>\n<p><strong><span style=\"color: #000000\"><span style=\"font-family: Arial, sans-serif\"><span style=\"font-size: medium\"><b>Campeonato Mundial Femenino IHF 2025: Clasificaci\u00f3n Fase Preliminar<\/b><\/span><\/span><\/span><\/strong><\/p>\n<p><strong><span style=\"color: #000000\"><span style=\"font-family: Arial, sans-serif\"><span style=\"font-size: medium\"><b>Grupo A: <\/b><\/span><\/span><\/span><\/strong><span style=\"color: #000000\"><span style=\"font-family: Arial, sans-serif\"><span style=\"font-size: medium\">DEN* \u2013 R\u00f3terdam<\/span><\/span><\/span><\/p>\n<p><strong><span style=\"color: #000000\"><span style=\"font-family: Arial, sans-serif\"><span style=\"font-size: medium\"><b>Grupo B: <\/b><\/span><\/span><\/span><\/strong><span style=\"color: #000000\"><span style=\"font-family: Arial, sans-serif\"><span style=\"font-size: medium\">HUN* \u2013 &#8216;s-Hertogenbosch<\/span><\/span><\/span><\/p>\n<p><strong><span style=\"color: #000000\"><span style=\"font-family: Arial, sans-serif\"><span style=\"font-size: medium\"><b>Grupo C: <\/b><\/span><\/span><\/span><\/strong><span style=\"color: #000000\"><span style=\"font-family: Arial, sans-serif\"><span style=\"font-size: medium\">GER (Anfitri\u00f3n) \u2013 Stuttgart<\/span><\/span><\/span><\/p>\n<p><strong><span style=\"color: #000000\"><span style=\"font-family: Arial, sans-serif\"><span style=\"font-size: medium\"><b>Grupo D: <\/b><\/span><\/span><\/span><\/strong><span style=\"color: #000000\"><span style=\"font-family: Arial, sans-serif\"><span style=\"font-size: medium\">SLO* \u2013 Trier<\/span><\/span><\/span><\/p>\n<p><strong><span style=\"color: #000000\"><span style=\"font-family: Arial, sans-serif\"><span style=\"font-size: medium\"><b>Grupo E: <\/b><\/span><\/span><\/span><\/strong><span style=\"color: #000000\"><span style=\"font-family: Arial, sans-serif\"><span style=\"font-size: medium\">NED (Anfitri\u00f3n) \u2013 R\u00f3terdam<\/span><\/span><\/span><\/p>\n<p><strong><span style=\"color: #000000\"><span style=\"font-family: Arial, sans-serif\"><span style=\"font-size: medium\"><b>Grupo F: <\/b><\/span><\/span><\/span><\/strong><span style=\"color: #000000\"><span style=\"font-family: Arial, sans-serif\"><span style=\"font-size: medium\">FRA (Campeona del Mundo 2023) \u2013 &#8216;s-Hertogenbosch<\/span><\/span><\/span><\/p>\n<p><strong><span style=\"color: #000000\"><span style=\"font-family: Arial, sans-serif\"><span style=\"font-size: medium\"><b>Grupo G: <\/b><\/span><\/span><\/span><\/strong><span style=\"color: #000000\"><span style=\"font-family: Arial, sans-serif\"><span style=\"font-size: medium\">SWE* \u2013 Stuttgart<\/span><\/span><\/span><\/p>\n<p><strong><span style=\"color: #000000\"><span style=\"font-family: Arial, sans-serif\"><span style=\"font-size: medium\"><b>Grupo H: <\/b><\/span><\/span><\/span><\/strong><span style=\"color: #000000\"><span style=\"font-family: Arial, sans-serif\"><span style=\"font-size: medium\">NOR* \u2013 Trier<\/span><\/span><\/span><\/p>\n<p><span style=\"color: #000000\"><span style=\"font-family: Arial, sans-serif\"><span style=\"font-size: medium\">*si est\u00e1 calificado<\/span><\/span><\/span><\/p>\n<p><span style=\"color: #666666\"><span style=\"font-family: Arial, sans-serif\"><span style=\"font-size: medium\"><span>Seguirnos en twitter: <\/span><\/span><\/span><\/span><span style=\"color: #000080\"><span><u><a href=\"#!\/deroscacope\"><span style=\"color: #0000ff\"><span style=\"font-family: Arial, sans-serif\"><span style=\"font-size: medium\"><b>https:\/\/twitter.com\/#!\/deroscacope<\/b><\/span><\/span><\/span><\/a><\/u><\/span><\/span><\/p>\n","protected":false},"excerpt":{"rendered":"<p>A menos de un a\u00f1o del inicio del Mundial Femenino 2025, los preparativos para la competici\u00f3n est\u00e1n en pleno apogeo y el calendario ya se public\u00f3 el pasado 21 de Noviembre. Adem\u00e1s, el Comit\u00e9 Ejecutivo de la IHF confirm\u00f3 por unanimidad la solicitud de los Comit\u00e9s Organizadores Locales de Alemania y los Pa\u00edses Bajos de [&hellip;]<\/p>\n","protected":false},"author":23,"featured_media":4142,"comment_status":"open","ping_status":"open","sticky":false,"template":"","format":"standard","meta":{"footnotes":""},"categories":[3],"tags":[],"class_list":["post-4141","post","type-post","status-publish","format-standard","has-post-thumbnail","hentry","category-balonmano"],"yoast_head":"<!-- This site is optimized with the Yoast SEO plugin v27.4 - https:\/\/yoast.com\/product\/yoast-seo-wordpress\/ -->\n<title>Estas son las cabezas de serie del Mundial Femenino 2025 - Derosca<\/title>\n<meta name=\"robots\" content=\"index, follow, max-snippet:-1, max-image-preview:large, max-video-preview:-1\" \/>\n<link rel=\"canonical\" href=\"https:\/\/www.cope.es\/blogs\/derosca\/2024\/12\/17\/estas-son-las-cabezas-de-serie-del-mundial-femenino-2025\/\" \/>\n<meta property=\"og:locale\" content=\"es_ES\" \/>\n<meta property=\"og:type\" content=\"article\" \/>\n<meta property=\"og:title\" content=\"Estas son las cabezas de serie del Mundial Femenino 2025 - Derosca\" \/>\n<meta property=\"og:description\" content=\"A menos de un a\u00f1o del inicio del Mundial Femenino 2025, los preparativos para la competici\u00f3n est\u00e1n en pleno apogeo y el calendario ya se public\u00f3 el pasado 21 de Noviembre. Adem\u00e1s, el Comit\u00e9 Ejecutivo de la IHF confirm\u00f3 por unanimidad la solicitud de los Comit\u00e9s Organizadores Locales de Alemania y los Pa\u00edses Bajos de [&hellip;]\" \/>\n<meta property=\"og:url\" content=\"https:\/\/www.cope.es\/blogs\/derosca\/2024\/12\/17\/estas-son-las-cabezas-de-serie-del-mundial-femenino-2025\/\" \/>\n<meta property=\"og:site_name\" content=\"Derosca\" \/>\n<meta property=\"article:publisher\" content=\"https:\/\/www.facebook.com\/cope\/\" \/>\n<meta property=\"article:published_time\" content=\"2024-12-17T08:34:00+00:00\" \/>\n<meta property=\"og:image\" content=\"https:\/\/www.cope.es\/blogs\/derosca\/wp-content\/uploads\/sites\/22\/2024\/12\/Mundial-Femenino-2025-1.jpg\" \/>\n\t<meta property=\"og:image:width\" content=\"680\" \/>\n\t<meta property=\"og:image:height\" content=\"327\" \/>\n\t<meta property=\"og:image:type\" content=\"image\/jpeg\" \/>\n<meta name=\"author\" content=\"Luis Malvar\" \/>\n<meta name=\"twitter:card\" content=\"summary_large_image\" \/>\n<meta name=\"twitter:creator\" content=\"@cope_es\" \/>\n<meta name=\"twitter:site\" content=\"@cope_es\" \/>\n<meta name=\"twitter:label1\" content=\"Escrito por\" \/>\n\t<meta name=\"twitter:data1\" content=\"Luis Malvar\" \/>\n\t<meta name=\"twitter:label2\" content=\"Tiempo de lectura\" \/>\n\t<meta name=\"twitter:data2\" content=\"2 minutos\" \/>\n<script type=\"application\/ld+json\" class=\"yoast-schema-graph\">{\"@context\":\"https:\\\/\\\/schema.org\",\"@graph\":[{\"@type\":\"Article\",\"@id\":\"https:\\\/\\\/www.cope.es\\\/blogs\\\/derosca\\\/2024\\\/12\\\/17\\\/estas-son-las-cabezas-de-serie-del-mundial-femenino-2025\\\/#article\",\"isPartOf\":{\"@id\":\"https:\\\/\\\/www.cope.es\\\/blogs\\\/derosca\\\/2024\\\/12\\\/17\\\/estas-son-las-cabezas-de-serie-del-mundial-femenino-2025\\\/\"},\"author\":{\"name\":\"Luis Malvar\",\"@id\":\"https:\\\/\\\/www.cope.es\\\/blogs\\\/derosca\\\/#\\\/schema\\\/person\\\/02d6fa6fa8d8db60f83303875a4ff77f\"},\"headline\":\"Estas son las cabezas de serie del Mundial Femenino 2025\",\"datePublished\":\"2024-12-17T08:34:00+00:00\",\"mainEntityOfPage\":{\"@id\":\"https:\\\/\\\/www.cope.es\\\/blogs\\\/derosca\\\/2024\\\/12\\\/17\\\/estas-son-las-cabezas-de-serie-del-mundial-femenino-2025\\\/\"},\"wordCount\":478,\"commentCount\":0,\"image\":{\"@id\":\"https:\\\/\\\/www.cope.es\\\/blogs\\\/derosca\\\/2024\\\/12\\\/17\\\/estas-son-las-cabezas-de-serie-del-mundial-femenino-2025\\\/#primaryimage\"},\"thumbnailUrl\":\"https:\\\/\\\/www.cope.es\\\/blogs\\\/derosca\\\/wp-content\\\/uploads\\\/sites\\\/22\\\/2024\\\/12\\\/Mundial-Femenino-2025-1.jpg\",\"articleSection\":[\"Balonmano\"],\"inLanguage\":\"es\",\"potentialAction\":[{\"@type\":\"CommentAction\",\"name\":\"Comment\",\"target\":[\"https:\\\/\\\/www.cope.es\\\/blogs\\\/derosca\\\/2024\\\/12\\\/17\\\/estas-son-las-cabezas-de-serie-del-mundial-femenino-2025\\\/#respond\"]}]},{\"@type\":\"WebPage\",\"@id\":\"https:\\\/\\\/www.cope.es\\\/blogs\\\/derosca\\\/2024\\\/12\\\/17\\\/estas-son-las-cabezas-de-serie-del-mundial-femenino-2025\\\/\",\"url\":\"https:\\\/\\\/www.cope.es\\\/blogs\\\/derosca\\\/2024\\\/12\\\/17\\\/estas-son-las-cabezas-de-serie-del-mundial-femenino-2025\\\/\",\"name\":\"Estas son las cabezas de serie del Mundial Femenino 2025 - Derosca\",\"isPartOf\":{\"@id\":\"https:\\\/\\\/www.cope.es\\\/blogs\\\/derosca\\\/#website\"},\"primaryImageOfPage\":{\"@id\":\"https:\\\/\\\/www.cope.es\\\/blogs\\\/derosca\\\/2024\\\/12\\\/17\\\/estas-son-las-cabezas-de-serie-del-mundial-femenino-2025\\\/#primaryimage\"},\"image\":{\"@id\":\"https:\\\/\\\/www.cope.es\\\/blogs\\\/derosca\\\/2024\\\/12\\\/17\\\/estas-son-las-cabezas-de-serie-del-mundial-femenino-2025\\\/#primaryimage\"},\"thumbnailUrl\":\"https:\\\/\\\/www.cope.es\\\/blogs\\\/derosca\\\/wp-content\\\/uploads\\\/sites\\\/22\\\/2024\\\/12\\\/Mundial-Femenino-2025-1.jpg\",\"datePublished\":\"2024-12-17T08:34:00+00:00\",\"author\":{\"@id\":\"https:\\\/\\\/www.cope.es\\\/blogs\\\/derosca\\\/#\\\/schema\\\/person\\\/02d6fa6fa8d8db60f83303875a4ff77f\"},\"breadcrumb\":{\"@id\":\"https:\\\/\\\/www.cope.es\\\/blogs\\\/derosca\\\/2024\\\/12\\\/17\\\/estas-son-las-cabezas-de-serie-del-mundial-femenino-2025\\\/#breadcrumb\"},\"inLanguage\":\"es\",\"potentialAction\":[{\"@type\":\"ReadAction\",\"target\":[\"https:\\\/\\\/www.cope.es\\\/blogs\\\/derosca\\\/2024\\\/12\\\/17\\\/estas-son-las-cabezas-de-serie-del-mundial-femenino-2025\\\/\"]}]},{\"@type\":\"ImageObject\",\"inLanguage\":\"es\",\"@id\":\"https:\\\/\\\/www.cope.es\\\/blogs\\\/derosca\\\/2024\\\/12\\\/17\\\/estas-son-las-cabezas-de-serie-del-mundial-femenino-2025\\\/#primaryimage\",\"url\":\"https:\\\/\\\/www.cope.es\\\/blogs\\\/derosca\\\/wp-content\\\/uploads\\\/sites\\\/22\\\/2024\\\/12\\\/Mundial-Femenino-2025-1.jpg\",\"contentUrl\":\"https:\\\/\\\/www.cope.es\\\/blogs\\\/derosca\\\/wp-content\\\/uploads\\\/sites\\\/22\\\/2024\\\/12\\\/Mundial-Femenino-2025-1.jpg\",\"width\":680,\"height\":327,\"caption\":\"Estas son las cabezas de serie del Mundial Femenino 2025\"},{\"@type\":\"BreadcrumbList\",\"@id\":\"https:\\\/\\\/www.cope.es\\\/blogs\\\/derosca\\\/2024\\\/12\\\/17\\\/estas-son-las-cabezas-de-serie-del-mundial-femenino-2025\\\/#breadcrumb\",\"itemListElement\":[{\"@type\":\"ListItem\",\"position\":1,\"name\":\"Portada\",\"item\":\"https:\\\/\\\/www.cope.es\\\/blogs\\\/derosca\\\/\"},{\"@type\":\"ListItem\",\"position\":2,\"name\":\"Estas son las cabezas de serie del Mundial Femenino 2025\"}]},{\"@type\":\"WebSite\",\"@id\":\"https:\\\/\\\/www.cope.es\\\/blogs\\\/derosca\\\/#website\",\"url\":\"https:\\\/\\\/www.cope.es\\\/blogs\\\/derosca\\\/\",\"name\":\"Derosca\",\"description\":\"Blog de balonmano COPE\",\"potentialAction\":[{\"@type\":\"SearchAction\",\"target\":{\"@type\":\"EntryPoint\",\"urlTemplate\":\"https:\\\/\\\/www.cope.es\\\/blogs\\\/derosca\\\/?s={search_term_string}\"},\"query-input\":{\"@type\":\"PropertyValueSpecification\",\"valueRequired\":true,\"valueName\":\"search_term_string\"}}],\"inLanguage\":\"es\"},{\"@type\":\"Person\",\"@id\":\"https:\\\/\\\/www.cope.es\\\/blogs\\\/derosca\\\/#\\\/schema\\\/person\\\/02d6fa6fa8d8db60f83303875a4ff77f\",\"name\":\"Luis Malvar\",\"image\":{\"@type\":\"ImageObject\",\"inLanguage\":\"es\",\"@id\":\"https:\\\/\\\/secure.gravatar.com\\\/avatar\\\/23cd47dec2904689b3ccd32d1dd3e86c7cbf60dcf7376c68854f761a4939534f?s=96&d=mm&r=g\",\"url\":\"https:\\\/\\\/secure.gravatar.com\\\/avatar\\\/23cd47dec2904689b3ccd32d1dd3e86c7cbf60dcf7376c68854f761a4939534f?s=96&d=mm&r=g\",\"contentUrl\":\"https:\\\/\\\/secure.gravatar.com\\\/avatar\\\/23cd47dec2904689b3ccd32d1dd3e86c7cbf60dcf7376c68854f761a4939534f?s=96&d=mm&r=g\",\"caption\":\"Luis Malvar\"},\"description\":\"Comenc\u00e9 la andadura del Blog Derosca all\u00e1 por el 22 de Mayo de 2008. Un blog en el que se trata de llevar a los numerosos aficionados y amantes del mundo del balonmano toda la actualidad de nuestro apasionante deporte. Una ventana que sirve para dar luz a las innumerables noticias que genera el balonmano y que habitualmente no tienen reflejo en los medios de comunicaci\u00f3n. Sin lugar a dudas el Blog Derosca cuenta con un apartado que tiene a gala contar con miles de seguidores como es \u201cMis Pajaritos\u201d en donde se relatan y narran todas las intrahistorias que se generan en el balonmano espa\u00f1ol y que incomoda a m\u00e1s de uno que salgan a la luz.!Gracias por seguirnos durante todos estos a\u00f1os\u00a1\",\"sameAs\":[\"http:\\\/\\\/www.cope.es\",\"lmalvar\"],\"url\":\"https:\\\/\\\/www.cope.es\\\/blogs\\\/derosca\\\/author\\\/lmalvar\\\/\"}]}<\/script>\n<!-- \/ Yoast SEO plugin. -->","yoast_head_json":{"title":"Estas son las cabezas de serie del Mundial Femenino 2025 - Derosca","robots":{"index":"index","follow":"follow","max-snippet":"max-snippet:-1","max-image-preview":"max-image-preview:large","max-video-preview":"max-video-preview:-1"},"canonical":"https:\/\/www.cope.es\/blogs\/derosca\/2024\/12\/17\/estas-son-las-cabezas-de-serie-del-mundial-femenino-2025\/","og_locale":"es_ES","og_type":"article","og_title":"Estas son las cabezas de serie del Mundial Femenino 2025 - Derosca","og_description":"A menos de un a\u00f1o del inicio del Mundial Femenino 2025, los preparativos para la competici\u00f3n est\u00e1n en pleno apogeo y el calendario ya se public\u00f3 el pasado 21 de Noviembre. Adem\u00e1s, el Comit\u00e9 Ejecutivo de la IHF confirm\u00f3 por unanimidad la solicitud de los Comit\u00e9s Organizadores Locales de Alemania y los Pa\u00edses Bajos de [&hellip;]","og_url":"https:\/\/www.cope.es\/blogs\/derosca\/2024\/12\/17\/estas-son-las-cabezas-de-serie-del-mundial-femenino-2025\/","og_site_name":"Derosca","article_publisher":"https:\/\/www.facebook.com\/cope\/","article_published_time":"2024-12-17T08:34:00+00:00","og_image":[{"width":680,"height":327,"url":"https:\/\/www.cope.es\/blogs\/derosca\/wp-content\/uploads\/sites\/22\/2024\/12\/Mundial-Femenino-2025-1.jpg","type":"image\/jpeg"}],"author":"Luis Malvar","twitter_card":"summary_large_image","twitter_creator":"@cope_es","twitter_site":"@cope_es","twitter_misc":{"Escrito por":"Luis Malvar","Tiempo de lectura":"2 minutos"},"schema":{"@context":"https:\/\/schema.org","@graph":[{"@type":"Article","@id":"https:\/\/www.cope.es\/blogs\/derosca\/2024\/12\/17\/estas-son-las-cabezas-de-serie-del-mundial-femenino-2025\/#article","isPartOf":{"@id":"https:\/\/www.cope.es\/blogs\/derosca\/2024\/12\/17\/estas-son-las-cabezas-de-serie-del-mundial-femenino-2025\/"},"author":{"name":"Luis Malvar","@id":"https:\/\/www.cope.es\/blogs\/derosca\/#\/schema\/person\/02d6fa6fa8d8db60f83303875a4ff77f"},"headline":"Estas son las cabezas de serie del Mundial Femenino 2025","datePublished":"2024-12-17T08:34:00+00:00","mainEntityOfPage":{"@id":"https:\/\/www.cope.es\/blogs\/derosca\/2024\/12\/17\/estas-son-las-cabezas-de-serie-del-mundial-femenino-2025\/"},"wordCount":478,"commentCount":0,"image":{"@id":"https:\/\/www.cope.es\/blogs\/derosca\/2024\/12\/17\/estas-son-las-cabezas-de-serie-del-mundial-femenino-2025\/#primaryimage"},"thumbnailUrl":"https:\/\/www.cope.es\/blogs\/derosca\/wp-content\/uploads\/sites\/22\/2024\/12\/Mundial-Femenino-2025-1.jpg","articleSection":["Balonmano"],"inLanguage":"es","potentialAction":[{"@type":"CommentAction","name":"Comment","target":["https:\/\/www.cope.es\/blogs\/derosca\/2024\/12\/17\/estas-son-las-cabezas-de-serie-del-mundial-femenino-2025\/#respond"]}]},{"@type":"WebPage","@id":"https:\/\/www.cope.es\/blogs\/derosca\/2024\/12\/17\/estas-son-las-cabezas-de-serie-del-mundial-femenino-2025\/","url":"https:\/\/www.cope.es\/blogs\/derosca\/2024\/12\/17\/estas-son-las-cabezas-de-serie-del-mundial-femenino-2025\/","name":"Estas son las cabezas de serie del Mundial Femenino 2025 - Derosca","isPartOf":{"@id":"https:\/\/www.cope.es\/blogs\/derosca\/#website"},"primaryImageOfPage":{"@id":"https:\/\/www.cope.es\/blogs\/derosca\/2024\/12\/17\/estas-son-las-cabezas-de-serie-del-mundial-femenino-2025\/#primaryimage"},"image":{"@id":"https:\/\/www.cope.es\/blogs\/derosca\/2024\/12\/17\/estas-son-las-cabezas-de-serie-del-mundial-femenino-2025\/#primaryimage"},"thumbnailUrl":"https:\/\/www.cope.es\/blogs\/derosca\/wp-content\/uploads\/sites\/22\/2024\/12\/Mundial-Femenino-2025-1.jpg","datePublished":"2024-12-17T08:34:00+00:00","author":{"@id":"https:\/\/www.cope.es\/blogs\/derosca\/#\/schema\/person\/02d6fa6fa8d8db60f83303875a4ff77f"},"breadcrumb":{"@id":"https:\/\/www.cope.es\/blogs\/derosca\/2024\/12\/17\/estas-son-las-cabezas-de-serie-del-mundial-femenino-2025\/#breadcrumb"},"inLanguage":"es","potentialAction":[{"@type":"ReadAction","target":["https:\/\/www.cope.es\/blogs\/derosca\/2024\/12\/17\/estas-son-las-cabezas-de-serie-del-mundial-femenino-2025\/"]}]},{"@type":"ImageObject","inLanguage":"es","@id":"https:\/\/www.cope.es\/blogs\/derosca\/2024\/12\/17\/estas-son-las-cabezas-de-serie-del-mundial-femenino-2025\/#primaryimage","url":"https:\/\/www.cope.es\/blogs\/derosca\/wp-content\/uploads\/sites\/22\/2024\/12\/Mundial-Femenino-2025-1.jpg","contentUrl":"https:\/\/www.cope.es\/blogs\/derosca\/wp-content\/uploads\/sites\/22\/2024\/12\/Mundial-Femenino-2025-1.jpg","width":680,"height":327,"caption":"Estas son las cabezas de serie del Mundial Femenino 2025"},{"@type":"BreadcrumbList","@id":"https:\/\/www.cope.es\/blogs\/derosca\/2024\/12\/17\/estas-son-las-cabezas-de-serie-del-mundial-femenino-2025\/#breadcrumb","itemListElement":[{"@type":"ListItem","position":1,"name":"Portada","item":"https:\/\/www.cope.es\/blogs\/derosca\/"},{"@type":"ListItem","position":2,"name":"Estas son las cabezas de serie del Mundial Femenino 2025"}]},{"@type":"WebSite","@id":"https:\/\/www.cope.es\/blogs\/derosca\/#website","url":"https:\/\/www.cope.es\/blogs\/derosca\/","name":"Derosca","description":"Blog de balonmano COPE","potentialAction":[{"@type":"SearchAction","target":{"@type":"EntryPoint","urlTemplate":"https:\/\/www.cope.es\/blogs\/derosca\/?s={search_term_string}"},"query-input":{"@type":"PropertyValueSpecification","valueRequired":true,"valueName":"search_term_string"}}],"inLanguage":"es"},{"@type":"Person","@id":"https:\/\/www.cope.es\/blogs\/derosca\/#\/schema\/person\/02d6fa6fa8d8db60f83303875a4ff77f","name":"Luis Malvar","image":{"@type":"ImageObject","inLanguage":"es","@id":"https:\/\/secure.gravatar.com\/avatar\/23cd47dec2904689b3ccd32d1dd3e86c7cbf60dcf7376c68854f761a4939534f?s=96&d=mm&r=g","url":"https:\/\/secure.gravatar.com\/avatar\/23cd47dec2904689b3ccd32d1dd3e86c7cbf60dcf7376c68854f761a4939534f?s=96&d=mm&r=g","contentUrl":"https:\/\/secure.gravatar.com\/avatar\/23cd47dec2904689b3ccd32d1dd3e86c7cbf60dcf7376c68854f761a4939534f?s=96&d=mm&r=g","caption":"Luis Malvar"},"description":"Comenc\u00e9 la andadura del Blog Derosca all\u00e1 por el 22 de Mayo de 2008. Un blog en el que se trata de llevar a los numerosos aficionados y amantes del mundo del balonmano toda la actualidad de nuestro apasionante deporte. Una ventana que sirve para dar luz a las innumerables noticias que genera el balonmano y que habitualmente no tienen reflejo en los medios de comunicaci\u00f3n. Sin lugar a dudas el Blog Derosca cuenta con un apartado que tiene a gala contar con miles de seguidores como es \u201cMis Pajaritos\u201d en donde se relatan y narran todas las intrahistorias que se generan en el balonmano espa\u00f1ol y que incomoda a m\u00e1s de uno que salgan a la luz.!Gracias por seguirnos durante todos estos a\u00f1os\u00a1","sameAs":["http:\/\/www.cope.es","lmalvar"],"url":"https:\/\/www.cope.es\/blogs\/derosca\/author\/lmalvar\/"}]}},"amp_enabled":true,"_links":{"self":[{"href":"https:\/\/www.cope.es\/blogs\/derosca\/wp-json\/wp\/v2\/posts\/4141","targetHints":{"allow":["GET"]}}],"collection":[{"href":"https:\/\/www.cope.es\/blogs\/derosca\/wp-json\/wp\/v2\/posts"}],"about":[{"href":"https:\/\/www.cope.es\/blogs\/derosca\/wp-json\/wp\/v2\/types\/post"}],"author":[{"embeddable":true,"href":"https:\/\/www.cope.es\/blogs\/derosca\/wp-json\/wp\/v2\/users\/23"}],"replies":[{"embeddable":true,"href":"https:\/\/www.cope.es\/blogs\/derosca\/wp-json\/wp\/v2\/comments?post=4141"}],"version-history":[{"count":1,"href":"https:\/\/www.cope.es\/blogs\/derosca\/wp-json\/wp\/v2\/posts\/4141\/revisions"}],"predecessor-version":[{"id":4143,"href":"https:\/\/www.cope.es\/blogs\/derosca\/wp-json\/wp\/v2\/posts\/4141\/revisions\/4143"}],"wp:featuredmedia":[{"embeddable":true,"href":"https:\/\/www.cope.es\/blogs\/derosca\/wp-json\/wp\/v2\/media\/4142"}],"wp:attachment":[{"href":"https:\/\/www.cope.es\/blogs\/derosca\/wp-json\/wp\/v2\/media?parent=4141"}],"wp:term":[{"taxonomy":"category","embeddable":true,"href":"https:\/\/www.cope.es\/blogs\/derosca\/wp-json\/wp\/v2\/categories?post=4141"},{"taxonomy":"post_tag","embeddable":true,"href":"https:\/\/www.cope.es\/blogs\/derosca\/wp-json\/wp\/v2\/tags?post=4141"}],"curies":[{"name":"wp","href":"https:\/\/api.w.org\/{rel}","templated":true}]}}