{"id":4112,"date":"2024-12-03T08:24:47","date_gmt":"2024-12-03T07:24:47","guid":{"rendered":"http:\/\/www.cope.es\/blogs\/derosca\/?p=4112"},"modified":"2024-12-03T08:24:47","modified_gmt":"2024-12-03T07:24:47","slug":"gudjon-valur-sigurdsson-seguira-como-entrenador-del-gummersbach-dos-anos-mas","status":"publish","type":"post","link":"https:\/\/www.cope.es\/blogs\/derosca\/2024\/12\/03\/gudjon-valur-sigurdsson-seguira-como-entrenador-del-gummersbach-dos-anos-mas\/","title":{"rendered":"Gudjon Valur Sigurdsson seguir\u00e1 como entrenador del Gummersbach dos a\u00f1os m\u00e1s"},"content":{"rendered":"<p><span style=\"color: #0a1c4e\"><span style=\"font-family: Arial, sans-serif\"><span style=\"font-size: medium\">El conjunto germano del Gummersbach ha formalizado hace unos d\u00edas la ampliaci\u00f3n del contrato de su t\u00e9cnico island\u00e9s, Gudjon Valur Sigurdsson. Al finalizar su contrato al terminar la temporada, el ex extremo izquierdo del PSG, ha ampliado su contrato por dos a\u00f1os m\u00e1s para ahora estar vinculado con el club del extrarradio de Colonia hasta Junio de 2027.<\/span><\/span><\/span><\/p>\n<p><span style=\"color: #0a1c4e\"><span style=\"font-family: Arial, sans-serif\"><span style=\"font-size: medium\">Las negociaciones entre el club Gummerbach y su entrenador island\u00e9s, Gudjon Valur Sigurdsson<\/span><\/span><\/span><span style=\"color: #0a1c4e\"><span style=\"font-family: Arial, sans-serif\"><span style=\"font-size: medium\">, comenzaron a prolongarse. Autor de una magn\u00edfica temporada el a\u00f1o pasado, con una plantilla muy joven, el ex extremo izquierdo internacional, que jug\u00f3 en el Kiel y en el Rhein Neckar L\u00f6wen, fue cortejado porque su aura y sus actuaciones marcaron a los observadores de la Bundesliga. <\/span><\/span><\/span><span style=\"color: #0a1c4e\"><span style=\"font-family: Arial, sans-serif\"><span style=\"font-size: medium\">Sigurdsson<\/span><\/span><\/span><span style=\"color: #0a1c4e\"><span style=\"font-family: Arial, sans-serif\"><span style=\"font-size: medium\">, que lleg\u00f3 al final de su carrera en el PSG en el verano del 2020, se sumergi\u00f3 inmediatamente en el puesto de entrenador cuando el equipo a\u00fan estaba en la Bundesliga 2. Logr\u00f3 ascender en la liga m\u00e1s poderosa del mundo desde la temporada siguiente para estabilizarlo y pasar ahora al primer tercio del ranking. Los directivos de Gummersbach est\u00e1n muy orgullosos de haber conseguido renovar a su joven entrenador.<\/span><\/span><\/span><\/p>\n<p><span style=\"color: #0a1c4e\"><span style=\"font-family: Arial, sans-serif\"><span style=\"font-size: medium\">Christoph Schindler<\/span><\/span><\/span><span style=\"color: #0a1c4e\"><span style=\"font-family: Arial, sans-serif\"><span style=\"font-size: medium\">, Director General del club ha manifestado que e<\/span><\/span><\/span><span style=\"color: #0a1c4e\"><span style=\"font-family: Arial, sans-serif\"><span style=\"font-size: medium\">st\u00e1 muy feliz, pero tambi\u00e9n muy orgulloso, de haber podido vincular a <\/span><\/span><\/span><span style=\"color: #0a1c4e\"><span style=\"font-family: Arial, sans-serif\"><span style=\"font-size: medium\">Valur Sigurdsson<\/span><\/span><\/span><span style=\"color: #0a1c4e\"><span style=\"font-family: Arial, sans-serif\"><span style=\"font-size: medium\"> con el Gummersbach por otros dos a\u00f1os. Tienen una relaci\u00f3n de confianza y trabajan juntos con \u00e9xito desde hace cuatro a\u00f1os. No es la \u00fanica raz\u00f3n por la que est\u00e1 convencido de que <\/span><\/span><\/span><span style=\"color: #0a1c4e\"><span style=\"font-family: Arial, sans-serif\"><span style=\"font-size: medium\">Sigurdsson<\/span><\/span><\/span><span style=\"color: #0a1c4e\"><span style=\"font-family: Arial, sans-serif\"><span style=\"font-size: medium\"> es, con diferencia, el mejor entrenador del Gummersbach.<\/span><\/span><\/span><\/p>\n<p><span style=\"color: #0a1c4e\"><span style=\"font-family: Arial, sans-serif\"><span style=\"font-size: medium\">Por parte del entrenador island\u00e9s, parece similar a pesar de su juventud en la profesi\u00f3n y dice que est\u00e1<\/span><\/span><\/span><span style=\"color: #0a1c4e\"><span style=\"font-family: Arial, sans-serif\"><span style=\"font-size: medium\"> realmente feliz, satisfecho y agradecido de poder seguir siendo entrenador del Gummersbach. <\/span><\/span><\/span><span style=\"color: #0a1c4e\"><span style=\"font-family: Arial, sans-serif\"><span style=\"font-size: medium\">Realmente disfruta <\/span><\/span><\/span><span style=\"color: #0a1c4e\"><span style=\"font-family: Arial, sans-serif\"><span style=\"font-size: medium\">trabajando en estrecha colaboraci\u00f3n con Christoph y est\u00e1 extremadamente feliz. Agradece la confianza del club, pero tambi\u00e9n de todo el equipo y de los chicos, que les gusta trabajar con \u00e9l. Por eso est\u00e1 feliz de que sigan colaborando.<\/span><\/span><\/span><\/p>\n<p><span style=\"color: #666666\"><span style=\"font-family: Arial, sans-serif\"><span style=\"font-size: medium\"><span>Seguirnos en twitter: <\/span><\/span><\/span><\/span><span style=\"color: #000080\"><span><u><a href=\"#!\/deroscacope\"><span style=\"color: #0000ff\"><span style=\"font-family: Arial, sans-serif\"><span style=\"font-size: medium\"><b>https:\/\/twitter.com\/#!\/deroscacope<\/b><\/span><\/span><\/span><\/a><\/u><\/span><\/span><\/p>\n","protected":false},"excerpt":{"rendered":"<p>El conjunto germano del Gummersbach ha formalizado hace unos d\u00edas la ampliaci\u00f3n del contrato de su t\u00e9cnico island\u00e9s, Gudjon Valur Sigurdsson. Al finalizar su contrato al terminar la temporada, el ex extremo izquierdo del PSG, ha ampliado su contrato por dos a\u00f1os m\u00e1s para ahora estar vinculado con el club del extrarradio de Colonia hasta [&hellip;]<\/p>\n","protected":false},"author":23,"featured_media":4113,"comment_status":"open","ping_status":"open","sticky":false,"template":"","format":"standard","meta":{"footnotes":""},"categories":[3],"tags":[],"class_list":["post-4112","post","type-post","status-publish","format-standard","has-post-thumbnail","hentry","category-balonmano"],"yoast_head":"<!-- This site is optimized with the Yoast SEO plugin v27.4 - https:\/\/yoast.com\/product\/yoast-seo-wordpress\/ -->\n<title>Gudjon Valur Sigurdsson seguir\u00e1 como entrenador del Gummersbach dos a\u00f1os m\u00e1s - Derosca<\/title>\n<meta name=\"robots\" content=\"index, follow, max-snippet:-1, max-image-preview:large, max-video-preview:-1\" \/>\n<link rel=\"canonical\" href=\"https:\/\/www.cope.es\/blogs\/derosca\/2024\/12\/03\/gudjon-valur-sigurdsson-seguira-como-entrenador-del-gummersbach-dos-anos-mas\/\" \/>\n<meta property=\"og:locale\" content=\"es_ES\" \/>\n<meta property=\"og:type\" content=\"article\" \/>\n<meta property=\"og:title\" content=\"Gudjon Valur Sigurdsson seguir\u00e1 como entrenador del Gummersbach dos a\u00f1os m\u00e1s - Derosca\" \/>\n<meta property=\"og:description\" content=\"El conjunto germano del Gummersbach ha formalizado hace unos d\u00edas la ampliaci\u00f3n del contrato de su t\u00e9cnico island\u00e9s, Gudjon Valur Sigurdsson. Al finalizar su contrato al terminar la temporada, el ex extremo izquierdo del PSG, ha ampliado su contrato por dos a\u00f1os m\u00e1s para ahora estar vinculado con el club del extrarradio de Colonia hasta [&hellip;]\" \/>\n<meta property=\"og:url\" content=\"https:\/\/www.cope.es\/blogs\/derosca\/2024\/12\/03\/gudjon-valur-sigurdsson-seguira-como-entrenador-del-gummersbach-dos-anos-mas\/\" \/>\n<meta property=\"og:site_name\" content=\"Derosca\" \/>\n<meta property=\"article:publisher\" content=\"https:\/\/www.facebook.com\/cope\/\" \/>\n<meta property=\"article:published_time\" content=\"2024-12-03T07:24:47+00:00\" \/>\n<meta property=\"og:image\" content=\"https:\/\/www.cope.es\/blogs\/derosca\/wp-content\/uploads\/sites\/22\/2024\/12\/valur-680x353-1.jpg\" \/>\n\t<meta property=\"og:image:width\" content=\"680\" \/>\n\t<meta property=\"og:image:height\" content=\"353\" \/>\n\t<meta property=\"og:image:type\" content=\"image\/jpeg\" \/>\n<meta name=\"author\" content=\"Luis Malvar\" \/>\n<meta name=\"twitter:card\" content=\"summary_large_image\" \/>\n<meta name=\"twitter:creator\" content=\"@cope_es\" \/>\n<meta name=\"twitter:site\" content=\"@cope_es\" \/>\n<meta name=\"twitter:label1\" content=\"Escrito por\" \/>\n\t<meta name=\"twitter:data1\" content=\"Luis Malvar\" \/>\n\t<meta name=\"twitter:label2\" content=\"Tiempo de lectura\" \/>\n\t<meta name=\"twitter:data2\" content=\"2 minutos\" \/>\n<script type=\"application\/ld+json\" class=\"yoast-schema-graph\">{\"@context\":\"https:\\\/\\\/schema.org\",\"@graph\":[{\"@type\":\"Article\",\"@id\":\"https:\\\/\\\/www.cope.es\\\/blogs\\\/derosca\\\/2024\\\/12\\\/03\\\/gudjon-valur-sigurdsson-seguira-como-entrenador-del-gummersbach-dos-anos-mas\\\/#article\",\"isPartOf\":{\"@id\":\"https:\\\/\\\/www.cope.es\\\/blogs\\\/derosca\\\/2024\\\/12\\\/03\\\/gudjon-valur-sigurdsson-seguira-como-entrenador-del-gummersbach-dos-anos-mas\\\/\"},\"author\":{\"name\":\"Luis Malvar\",\"@id\":\"https:\\\/\\\/www.cope.es\\\/blogs\\\/derosca\\\/#\\\/schema\\\/person\\\/02d6fa6fa8d8db60f83303875a4ff77f\"},\"headline\":\"Gudjon Valur Sigurdsson seguir\u00e1 como entrenador del Gummersbach dos a\u00f1os m\u00e1s\",\"datePublished\":\"2024-12-03T07:24:47+00:00\",\"mainEntityOfPage\":{\"@id\":\"https:\\\/\\\/www.cope.es\\\/blogs\\\/derosca\\\/2024\\\/12\\\/03\\\/gudjon-valur-sigurdsson-seguira-como-entrenador-del-gummersbach-dos-anos-mas\\\/\"},\"wordCount\":366,\"commentCount\":0,\"image\":{\"@id\":\"https:\\\/\\\/www.cope.es\\\/blogs\\\/derosca\\\/2024\\\/12\\\/03\\\/gudjon-valur-sigurdsson-seguira-como-entrenador-del-gummersbach-dos-anos-mas\\\/#primaryimage\"},\"thumbnailUrl\":\"https:\\\/\\\/www.cope.es\\\/blogs\\\/derosca\\\/wp-content\\\/uploads\\\/sites\\\/22\\\/2024\\\/12\\\/valur-680x353-1.jpg\",\"articleSection\":[\"Balonmano\"],\"inLanguage\":\"es\",\"potentialAction\":[{\"@type\":\"CommentAction\",\"name\":\"Comment\",\"target\":[\"https:\\\/\\\/www.cope.es\\\/blogs\\\/derosca\\\/2024\\\/12\\\/03\\\/gudjon-valur-sigurdsson-seguira-como-entrenador-del-gummersbach-dos-anos-mas\\\/#respond\"]}]},{\"@type\":\"WebPage\",\"@id\":\"https:\\\/\\\/www.cope.es\\\/blogs\\\/derosca\\\/2024\\\/12\\\/03\\\/gudjon-valur-sigurdsson-seguira-como-entrenador-del-gummersbach-dos-anos-mas\\\/\",\"url\":\"https:\\\/\\\/www.cope.es\\\/blogs\\\/derosca\\\/2024\\\/12\\\/03\\\/gudjon-valur-sigurdsson-seguira-como-entrenador-del-gummersbach-dos-anos-mas\\\/\",\"name\":\"Gudjon Valur Sigurdsson seguir\u00e1 como entrenador del Gummersbach dos a\u00f1os m\u00e1s - Derosca\",\"isPartOf\":{\"@id\":\"https:\\\/\\\/www.cope.es\\\/blogs\\\/derosca\\\/#website\"},\"primaryImageOfPage\":{\"@id\":\"https:\\\/\\\/www.cope.es\\\/blogs\\\/derosca\\\/2024\\\/12\\\/03\\\/gudjon-valur-sigurdsson-seguira-como-entrenador-del-gummersbach-dos-anos-mas\\\/#primaryimage\"},\"image\":{\"@id\":\"https:\\\/\\\/www.cope.es\\\/blogs\\\/derosca\\\/2024\\\/12\\\/03\\\/gudjon-valur-sigurdsson-seguira-como-entrenador-del-gummersbach-dos-anos-mas\\\/#primaryimage\"},\"thumbnailUrl\":\"https:\\\/\\\/www.cope.es\\\/blogs\\\/derosca\\\/wp-content\\\/uploads\\\/sites\\\/22\\\/2024\\\/12\\\/valur-680x353-1.jpg\",\"datePublished\":\"2024-12-03T07:24:47+00:00\",\"author\":{\"@id\":\"https:\\\/\\\/www.cope.es\\\/blogs\\\/derosca\\\/#\\\/schema\\\/person\\\/02d6fa6fa8d8db60f83303875a4ff77f\"},\"breadcrumb\":{\"@id\":\"https:\\\/\\\/www.cope.es\\\/blogs\\\/derosca\\\/2024\\\/12\\\/03\\\/gudjon-valur-sigurdsson-seguira-como-entrenador-del-gummersbach-dos-anos-mas\\\/#breadcrumb\"},\"inLanguage\":\"es\",\"potentialAction\":[{\"@type\":\"ReadAction\",\"target\":[\"https:\\\/\\\/www.cope.es\\\/blogs\\\/derosca\\\/2024\\\/12\\\/03\\\/gudjon-valur-sigurdsson-seguira-como-entrenador-del-gummersbach-dos-anos-mas\\\/\"]}]},{\"@type\":\"ImageObject\",\"inLanguage\":\"es\",\"@id\":\"https:\\\/\\\/www.cope.es\\\/blogs\\\/derosca\\\/2024\\\/12\\\/03\\\/gudjon-valur-sigurdsson-seguira-como-entrenador-del-gummersbach-dos-anos-mas\\\/#primaryimage\",\"url\":\"https:\\\/\\\/www.cope.es\\\/blogs\\\/derosca\\\/wp-content\\\/uploads\\\/sites\\\/22\\\/2024\\\/12\\\/valur-680x353-1.jpg\",\"contentUrl\":\"https:\\\/\\\/www.cope.es\\\/blogs\\\/derosca\\\/wp-content\\\/uploads\\\/sites\\\/22\\\/2024\\\/12\\\/valur-680x353-1.jpg\",\"width\":680,\"height\":353,\"caption\":\"Gudjon Valur Sigurdsson seguir\u00e1 como entrenador del Gummersbach dos a\u00f1os m\u00e1s\"},{\"@type\":\"BreadcrumbList\",\"@id\":\"https:\\\/\\\/www.cope.es\\\/blogs\\\/derosca\\\/2024\\\/12\\\/03\\\/gudjon-valur-sigurdsson-seguira-como-entrenador-del-gummersbach-dos-anos-mas\\\/#breadcrumb\",\"itemListElement\":[{\"@type\":\"ListItem\",\"position\":1,\"name\":\"Portada\",\"item\":\"https:\\\/\\\/www.cope.es\\\/blogs\\\/derosca\\\/\"},{\"@type\":\"ListItem\",\"position\":2,\"name\":\"Gudjon Valur Sigurdsson seguir\u00e1 como entrenador del Gummersbach dos a\u00f1os m\u00e1s\"}]},{\"@type\":\"WebSite\",\"@id\":\"https:\\\/\\\/www.cope.es\\\/blogs\\\/derosca\\\/#website\",\"url\":\"https:\\\/\\\/www.cope.es\\\/blogs\\\/derosca\\\/\",\"name\":\"Derosca\",\"description\":\"Blog de balonmano COPE\",\"potentialAction\":[{\"@type\":\"SearchAction\",\"target\":{\"@type\":\"EntryPoint\",\"urlTemplate\":\"https:\\\/\\\/www.cope.es\\\/blogs\\\/derosca\\\/?s={search_term_string}\"},\"query-input\":{\"@type\":\"PropertyValueSpecification\",\"valueRequired\":true,\"valueName\":\"search_term_string\"}}],\"inLanguage\":\"es\"},{\"@type\":\"Person\",\"@id\":\"https:\\\/\\\/www.cope.es\\\/blogs\\\/derosca\\\/#\\\/schema\\\/person\\\/02d6fa6fa8d8db60f83303875a4ff77f\",\"name\":\"Luis Malvar\",\"image\":{\"@type\":\"ImageObject\",\"inLanguage\":\"es\",\"@id\":\"https:\\\/\\\/secure.gravatar.com\\\/avatar\\\/23cd47dec2904689b3ccd32d1dd3e86c7cbf60dcf7376c68854f761a4939534f?s=96&d=mm&r=g\",\"url\":\"https:\\\/\\\/secure.gravatar.com\\\/avatar\\\/23cd47dec2904689b3ccd32d1dd3e86c7cbf60dcf7376c68854f761a4939534f?s=96&d=mm&r=g\",\"contentUrl\":\"https:\\\/\\\/secure.gravatar.com\\\/avatar\\\/23cd47dec2904689b3ccd32d1dd3e86c7cbf60dcf7376c68854f761a4939534f?s=96&d=mm&r=g\",\"caption\":\"Luis Malvar\"},\"description\":\"Comenc\u00e9 la andadura del Blog Derosca all\u00e1 por el 22 de Mayo de 2008. Un blog en el que se trata de llevar a los numerosos aficionados y amantes del mundo del balonmano toda la actualidad de nuestro apasionante deporte. Una ventana que sirve para dar luz a las innumerables noticias que genera el balonmano y que habitualmente no tienen reflejo en los medios de comunicaci\u00f3n. Sin lugar a dudas el Blog Derosca cuenta con un apartado que tiene a gala contar con miles de seguidores como es \u201cMis Pajaritos\u201d en donde se relatan y narran todas las intrahistorias que se generan en el balonmano espa\u00f1ol y que incomoda a m\u00e1s de uno que salgan a la luz.!Gracias por seguirnos durante todos estos a\u00f1os\u00a1\",\"sameAs\":[\"http:\\\/\\\/www.cope.es\",\"lmalvar\"],\"url\":\"https:\\\/\\\/www.cope.es\\\/blogs\\\/derosca\\\/author\\\/lmalvar\\\/\"}]}<\/script>\n<!-- \/ Yoast SEO plugin. -->","yoast_head_json":{"title":"Gudjon Valur Sigurdsson seguir\u00e1 como entrenador del Gummersbach dos a\u00f1os m\u00e1s - Derosca","robots":{"index":"index","follow":"follow","max-snippet":"max-snippet:-1","max-image-preview":"max-image-preview:large","max-video-preview":"max-video-preview:-1"},"canonical":"https:\/\/www.cope.es\/blogs\/derosca\/2024\/12\/03\/gudjon-valur-sigurdsson-seguira-como-entrenador-del-gummersbach-dos-anos-mas\/","og_locale":"es_ES","og_type":"article","og_title":"Gudjon Valur Sigurdsson seguir\u00e1 como entrenador del Gummersbach dos a\u00f1os m\u00e1s - Derosca","og_description":"El conjunto germano del Gummersbach ha formalizado hace unos d\u00edas la ampliaci\u00f3n del contrato de su t\u00e9cnico island\u00e9s, Gudjon Valur Sigurdsson. Al finalizar su contrato al terminar la temporada, el ex extremo izquierdo del PSG, ha ampliado su contrato por dos a\u00f1os m\u00e1s para ahora estar vinculado con el club del extrarradio de Colonia hasta [&hellip;]","og_url":"https:\/\/www.cope.es\/blogs\/derosca\/2024\/12\/03\/gudjon-valur-sigurdsson-seguira-como-entrenador-del-gummersbach-dos-anos-mas\/","og_site_name":"Derosca","article_publisher":"https:\/\/www.facebook.com\/cope\/","article_published_time":"2024-12-03T07:24:47+00:00","og_image":[{"width":680,"height":353,"url":"https:\/\/www.cope.es\/blogs\/derosca\/wp-content\/uploads\/sites\/22\/2024\/12\/valur-680x353-1.jpg","type":"image\/jpeg"}],"author":"Luis Malvar","twitter_card":"summary_large_image","twitter_creator":"@cope_es","twitter_site":"@cope_es","twitter_misc":{"Escrito por":"Luis Malvar","Tiempo de lectura":"2 minutos"},"schema":{"@context":"https:\/\/schema.org","@graph":[{"@type":"Article","@id":"https:\/\/www.cope.es\/blogs\/derosca\/2024\/12\/03\/gudjon-valur-sigurdsson-seguira-como-entrenador-del-gummersbach-dos-anos-mas\/#article","isPartOf":{"@id":"https:\/\/www.cope.es\/blogs\/derosca\/2024\/12\/03\/gudjon-valur-sigurdsson-seguira-como-entrenador-del-gummersbach-dos-anos-mas\/"},"author":{"name":"Luis Malvar","@id":"https:\/\/www.cope.es\/blogs\/derosca\/#\/schema\/person\/02d6fa6fa8d8db60f83303875a4ff77f"},"headline":"Gudjon Valur Sigurdsson seguir\u00e1 como entrenador del Gummersbach dos a\u00f1os m\u00e1s","datePublished":"2024-12-03T07:24:47+00:00","mainEntityOfPage":{"@id":"https:\/\/www.cope.es\/blogs\/derosca\/2024\/12\/03\/gudjon-valur-sigurdsson-seguira-como-entrenador-del-gummersbach-dos-anos-mas\/"},"wordCount":366,"commentCount":0,"image":{"@id":"https:\/\/www.cope.es\/blogs\/derosca\/2024\/12\/03\/gudjon-valur-sigurdsson-seguira-como-entrenador-del-gummersbach-dos-anos-mas\/#primaryimage"},"thumbnailUrl":"https:\/\/www.cope.es\/blogs\/derosca\/wp-content\/uploads\/sites\/22\/2024\/12\/valur-680x353-1.jpg","articleSection":["Balonmano"],"inLanguage":"es","potentialAction":[{"@type":"CommentAction","name":"Comment","target":["https:\/\/www.cope.es\/blogs\/derosca\/2024\/12\/03\/gudjon-valur-sigurdsson-seguira-como-entrenador-del-gummersbach-dos-anos-mas\/#respond"]}]},{"@type":"WebPage","@id":"https:\/\/www.cope.es\/blogs\/derosca\/2024\/12\/03\/gudjon-valur-sigurdsson-seguira-como-entrenador-del-gummersbach-dos-anos-mas\/","url":"https:\/\/www.cope.es\/blogs\/derosca\/2024\/12\/03\/gudjon-valur-sigurdsson-seguira-como-entrenador-del-gummersbach-dos-anos-mas\/","name":"Gudjon Valur Sigurdsson seguir\u00e1 como entrenador del Gummersbach dos a\u00f1os m\u00e1s - Derosca","isPartOf":{"@id":"https:\/\/www.cope.es\/blogs\/derosca\/#website"},"primaryImageOfPage":{"@id":"https:\/\/www.cope.es\/blogs\/derosca\/2024\/12\/03\/gudjon-valur-sigurdsson-seguira-como-entrenador-del-gummersbach-dos-anos-mas\/#primaryimage"},"image":{"@id":"https:\/\/www.cope.es\/blogs\/derosca\/2024\/12\/03\/gudjon-valur-sigurdsson-seguira-como-entrenador-del-gummersbach-dos-anos-mas\/#primaryimage"},"thumbnailUrl":"https:\/\/www.cope.es\/blogs\/derosca\/wp-content\/uploads\/sites\/22\/2024\/12\/valur-680x353-1.jpg","datePublished":"2024-12-03T07:24:47+00:00","author":{"@id":"https:\/\/www.cope.es\/blogs\/derosca\/#\/schema\/person\/02d6fa6fa8d8db60f83303875a4ff77f"},"breadcrumb":{"@id":"https:\/\/www.cope.es\/blogs\/derosca\/2024\/12\/03\/gudjon-valur-sigurdsson-seguira-como-entrenador-del-gummersbach-dos-anos-mas\/#breadcrumb"},"inLanguage":"es","potentialAction":[{"@type":"ReadAction","target":["https:\/\/www.cope.es\/blogs\/derosca\/2024\/12\/03\/gudjon-valur-sigurdsson-seguira-como-entrenador-del-gummersbach-dos-anos-mas\/"]}]},{"@type":"ImageObject","inLanguage":"es","@id":"https:\/\/www.cope.es\/blogs\/derosca\/2024\/12\/03\/gudjon-valur-sigurdsson-seguira-como-entrenador-del-gummersbach-dos-anos-mas\/#primaryimage","url":"https:\/\/www.cope.es\/blogs\/derosca\/wp-content\/uploads\/sites\/22\/2024\/12\/valur-680x353-1.jpg","contentUrl":"https:\/\/www.cope.es\/blogs\/derosca\/wp-content\/uploads\/sites\/22\/2024\/12\/valur-680x353-1.jpg","width":680,"height":353,"caption":"Gudjon Valur Sigurdsson seguir\u00e1 como entrenador del Gummersbach dos a\u00f1os m\u00e1s"},{"@type":"BreadcrumbList","@id":"https:\/\/www.cope.es\/blogs\/derosca\/2024\/12\/03\/gudjon-valur-sigurdsson-seguira-como-entrenador-del-gummersbach-dos-anos-mas\/#breadcrumb","itemListElement":[{"@type":"ListItem","position":1,"name":"Portada","item":"https:\/\/www.cope.es\/blogs\/derosca\/"},{"@type":"ListItem","position":2,"name":"Gudjon Valur Sigurdsson seguir\u00e1 como entrenador del Gummersbach dos a\u00f1os m\u00e1s"}]},{"@type":"WebSite","@id":"https:\/\/www.cope.es\/blogs\/derosca\/#website","url":"https:\/\/www.cope.es\/blogs\/derosca\/","name":"Derosca","description":"Blog de balonmano COPE","potentialAction":[{"@type":"SearchAction","target":{"@type":"EntryPoint","urlTemplate":"https:\/\/www.cope.es\/blogs\/derosca\/?s={search_term_string}"},"query-input":{"@type":"PropertyValueSpecification","valueRequired":true,"valueName":"search_term_string"}}],"inLanguage":"es"},{"@type":"Person","@id":"https:\/\/www.cope.es\/blogs\/derosca\/#\/schema\/person\/02d6fa6fa8d8db60f83303875a4ff77f","name":"Luis Malvar","image":{"@type":"ImageObject","inLanguage":"es","@id":"https:\/\/secure.gravatar.com\/avatar\/23cd47dec2904689b3ccd32d1dd3e86c7cbf60dcf7376c68854f761a4939534f?s=96&d=mm&r=g","url":"https:\/\/secure.gravatar.com\/avatar\/23cd47dec2904689b3ccd32d1dd3e86c7cbf60dcf7376c68854f761a4939534f?s=96&d=mm&r=g","contentUrl":"https:\/\/secure.gravatar.com\/avatar\/23cd47dec2904689b3ccd32d1dd3e86c7cbf60dcf7376c68854f761a4939534f?s=96&d=mm&r=g","caption":"Luis Malvar"},"description":"Comenc\u00e9 la andadura del Blog Derosca all\u00e1 por el 22 de Mayo de 2008. Un blog en el que se trata de llevar a los numerosos aficionados y amantes del mundo del balonmano toda la actualidad de nuestro apasionante deporte. Una ventana que sirve para dar luz a las innumerables noticias que genera el balonmano y que habitualmente no tienen reflejo en los medios de comunicaci\u00f3n. Sin lugar a dudas el Blog Derosca cuenta con un apartado que tiene a gala contar con miles de seguidores como es \u201cMis Pajaritos\u201d en donde se relatan y narran todas las intrahistorias que se generan en el balonmano espa\u00f1ol y que incomoda a m\u00e1s de uno que salgan a la luz.!Gracias por seguirnos durante todos estos a\u00f1os\u00a1","sameAs":["http:\/\/www.cope.es","lmalvar"],"url":"https:\/\/www.cope.es\/blogs\/derosca\/author\/lmalvar\/"}]}},"amp_enabled":true,"_links":{"self":[{"href":"https:\/\/www.cope.es\/blogs\/derosca\/wp-json\/wp\/v2\/posts\/4112","targetHints":{"allow":["GET"]}}],"collection":[{"href":"https:\/\/www.cope.es\/blogs\/derosca\/wp-json\/wp\/v2\/posts"}],"about":[{"href":"https:\/\/www.cope.es\/blogs\/derosca\/wp-json\/wp\/v2\/types\/post"}],"author":[{"embeddable":true,"href":"https:\/\/www.cope.es\/blogs\/derosca\/wp-json\/wp\/v2\/users\/23"}],"replies":[{"embeddable":true,"href":"https:\/\/www.cope.es\/blogs\/derosca\/wp-json\/wp\/v2\/comments?post=4112"}],"version-history":[{"count":1,"href":"https:\/\/www.cope.es\/blogs\/derosca\/wp-json\/wp\/v2\/posts\/4112\/revisions"}],"predecessor-version":[{"id":4114,"href":"https:\/\/www.cope.es\/blogs\/derosca\/wp-json\/wp\/v2\/posts\/4112\/revisions\/4114"}],"wp:featuredmedia":[{"embeddable":true,"href":"https:\/\/www.cope.es\/blogs\/derosca\/wp-json\/wp\/v2\/media\/4113"}],"wp:attachment":[{"href":"https:\/\/www.cope.es\/blogs\/derosca\/wp-json\/wp\/v2\/media?parent=4112"}],"wp:term":[{"taxonomy":"category","embeddable":true,"href":"https:\/\/www.cope.es\/blogs\/derosca\/wp-json\/wp\/v2\/categories?post=4112"},{"taxonomy":"post_tag","embeddable":true,"href":"https:\/\/www.cope.es\/blogs\/derosca\/wp-json\/wp\/v2\/tags?post=4112"}],"curies":[{"name":"wp","href":"https:\/\/api.w.org\/{rel}","templated":true}]}}