{"id":4103,"date":"2024-11-27T09:24:58","date_gmt":"2024-11-27T08:24:58","guid":{"rendered":"http:\/\/www.cope.es\/blogs\/derosca\/?p=4103"},"modified":"2024-11-27T09:24:58","modified_gmt":"2024-11-27T08:24:58","slug":"veselin-vujovic-nuevo-entrenador-de-qatar","status":"publish","type":"post","link":"https:\/\/www.cope.es\/blogs\/derosca\/2024\/11\/27\/veselin-vujovic-nuevo-entrenador-de-qatar\/","title":{"rendered":"Veselin Vujovic nuevo entrenador de Qatar"},"content":{"rendered":"<p><span style=\"color: #000000\"><span style=\"font-family: Arial, sans-serif\"><span style=\"font-size: medium\">El experimentado entrenador montenegrino Veselin Vujovi\u0107 ha a\u00f1adido otro equipo a su curr\u00edculum, tras aceptar la oferta de dirigir al equipo nacional senior masculino de Qatar en el Mundial Masculino 2025, programado entre el 14 de Enero y el 2 de Febrero en Croacia, Dinamarca y Noruega. Este ser\u00e1 el sexto equipo nacional entrenado por Vujovi\u0107, quien tambi\u00e9n estuvo en el banquillo de Yugoslavia, Serbia y Montenegro, Macedonia del Norte, Eslovenia e Ir\u00e1n, terminando en el puesto 24 con este \u00faltimo equipo en el Mundial Masculino 2023.<\/span><\/span><\/span><\/p>\n<p><span style=\"color: #000000\"><span style=\"font-family: Arial, sans-serif\"><span style=\"font-size: medium\">La mejor actuaci\u00f3n de Vujovi\u0107 con un equipo nacional fue la Medalla de Bronce con Eslovenia en el Campeonato Mundial Masculino IHF de 2017, cuando Eslovenia solo concedi\u00f3 dos derrotas y asegur\u00f3 el tercer lugar en el podio con una victoria de 31 &#8211; 30 sobre Croacia en el partido por la medalla de bronce.<\/span><\/span><\/span><\/p>\n<p><span style=\"color: #000000\"><span style=\"font-family: Arial, sans-serif\"><span style=\"font-size: medium\">Veselin Vujovi\u0107, de 63 a\u00f1os de edad, ha entrenado en el \u00faltimo a\u00f1o a nivel de clubes en Sepahan, en Ir\u00e1n, y en el equipo croata Nexe, y reemplazar\u00e1 a Goran Djokic, quien se hizo cargo de Valero Rivera en 2023, gan\u00f3 el Campeonato Asi\u00e1tico de Balonmano Masculino 2024, pero perdi\u00f3 un lugar en los Juegos Ol\u00edmpicos de Par\u00eds 2024.<\/span><\/span><\/span><\/p>\n<p><span style=\"color: #000000\"><span style=\"font-family: Arial, sans-serif\"><span style=\"font-size: medium\">Vujovic ha comentado que l<\/span><\/span><\/span><span style=\"color: #000000\"><span style=\"font-family: Arial, sans-serif\"><span style=\"font-size: medium\">as circunstancias son diferentes y Qatar no est\u00e1 al mismo nivel que antes, pero como entrenador sabe muy bien la dificultad de la tarea en esta etapa, pero la acept\u00f3 y, por lo tanto, estar\u00e1 a la altura de las expectativas de los directivos de la Federaci\u00f3n de Balonmano de Qatar que le dieron esta oportunidad para ganar el desaf\u00edo y llevar el balonmano qatar\u00ed a la mejor posici\u00f3n en Asia y el mundo.<\/span><\/span><\/span><\/p>\n<p><span style=\"color: #000000\"><span style=\"font-family: Arial, sans-serif\"><span style=\"font-size: medium\">El t\u00e9cnico montenegrino no estar\u00e1 en su primera experiencia en Qatar, ya que ya entren\u00f3 al club Al-Sadd en el a\u00f1o 2010, adem\u00e1s de dirigir a otro equipo del Golfo, el Al-Shabab de Dubai, entre 2013 y 2014. Vujovi\u0107 ha firmado un contrato de seis meses, seg\u00fan la Federaci\u00f3n de Balonmano de Qatar, con una extensi\u00f3n en espera, si todo va seg\u00fan lo previsto en el Mundial Masculino 2025, donde Qatar ha sido sorteado en el Grupo C, junto a Francia, Austria y Kuwait.<\/span><\/span><\/span><\/p>\n<p><span style=\"color: #000000\"><span style=\"font-family: Arial, sans-serif\"><span style=\"font-size: medium\">De igual manera Veselein Vujovic dice que l<\/span><\/span><\/span><span style=\"color: #000000\"><span style=\"font-family: Arial, sans-serif\"><span style=\"font-size: medium\">as puertas para unirse a la selecci\u00f3n nacional de Ir\u00e1n est\u00e1n abiertas para todos. La selecci\u00f3n nacional no se limita a un jugador espec\u00edfico y no se fijar\u00e1n tanto en la edad de los jugadores como en el nivel y el esp\u00edritu de lucha del jugador en el campo, por lo que intentar\u00e1n, mediante el seguimiento del campeonato de liga en la pr\u00f3xima etapa, elegir a los mejores jugadores que puedan aportar un valor a\u00f1adido a la selecci\u00f3n nacional, sobre todo porque les esperan importantes t\u00edtulos y, por lo tanto, trabajar\u00e1n para atraer a nuevos jugadores para que se unan a la selecci\u00f3n nacional y al balonmano qatar\u00ed.<\/span><\/span><\/span><\/p>\n<p><span style=\"font-family: Times New Roman, serif\"><span style=\"font-size: medium\"><span style=\"color: #666666\"><span style=\"font-family: Arial, sans-serif\"><span>Seguirnos en twitter: <\/span><\/span><\/span><span style=\"color: #000080\"><span><u><a href=\"#!\/deroscacope\"><span style=\"color: #0000ff\"><span style=\"font-family: Arial, sans-serif\"><b>https:\/\/twitter.com\/#!\/deroscacope<\/b><\/span><\/span><\/a><\/u><\/span><\/span> <\/span><\/span><\/p>\n","protected":false},"excerpt":{"rendered":"<p>El experimentado entrenador montenegrino Veselin Vujovi\u0107 ha a\u00f1adido otro equipo a su curr\u00edculum, tras aceptar la oferta de dirigir al equipo nacional senior masculino de Qatar en el Mundial Masculino 2025, programado entre el 14 de Enero y el 2 de Febrero en Croacia, Dinamarca y Noruega. Este ser\u00e1 el sexto equipo nacional entrenado por [&hellip;]<\/p>\n","protected":false},"author":23,"featured_media":4104,"comment_status":"open","ping_status":"open","sticky":false,"template":"","format":"standard","meta":{"footnotes":""},"categories":[3],"tags":[],"class_list":["post-4103","post","type-post","status-publish","format-standard","has-post-thumbnail","hentry","category-balonmano"],"yoast_head":"<!-- This site is optimized with the Yoast SEO plugin v27.4 - https:\/\/yoast.com\/product\/yoast-seo-wordpress\/ -->\n<title>Veselin Vujovic nuevo entrenador de Qatar - Derosca<\/title>\n<meta name=\"robots\" content=\"index, follow, max-snippet:-1, max-image-preview:large, max-video-preview:-1\" \/>\n<link rel=\"canonical\" href=\"https:\/\/www.cope.es\/blogs\/derosca\/2024\/11\/27\/veselin-vujovic-nuevo-entrenador-de-qatar\/\" \/>\n<meta property=\"og:locale\" content=\"es_ES\" \/>\n<meta property=\"og:type\" content=\"article\" \/>\n<meta property=\"og:title\" content=\"Veselin Vujovic nuevo entrenador de Qatar - Derosca\" \/>\n<meta property=\"og:description\" content=\"El experimentado entrenador montenegrino Veselin Vujovi\u0107 ha a\u00f1adido otro equipo a su curr\u00edculum, tras aceptar la oferta de dirigir al equipo nacional senior masculino de Qatar en el Mundial Masculino 2025, programado entre el 14 de Enero y el 2 de Febrero en Croacia, Dinamarca y Noruega. Este ser\u00e1 el sexto equipo nacional entrenado por [&hellip;]\" \/>\n<meta property=\"og:url\" content=\"https:\/\/www.cope.es\/blogs\/derosca\/2024\/11\/27\/veselin-vujovic-nuevo-entrenador-de-qatar\/\" \/>\n<meta property=\"og:site_name\" content=\"Derosca\" \/>\n<meta property=\"article:publisher\" content=\"https:\/\/www.facebook.com\/cope\/\" \/>\n<meta property=\"article:published_time\" content=\"2024-11-27T08:24:58+00:00\" \/>\n<meta property=\"og:image\" content=\"https:\/\/www.cope.es\/blogs\/derosca\/wp-content\/uploads\/sites\/22\/2024\/11\/1521535225600-700x353-1.jpg\" \/>\n\t<meta property=\"og:image:width\" content=\"680\" \/>\n\t<meta property=\"og:image:height\" content=\"343\" \/>\n\t<meta property=\"og:image:type\" content=\"image\/jpeg\" \/>\n<meta name=\"author\" content=\"Luis Malvar\" \/>\n<meta name=\"twitter:card\" content=\"summary_large_image\" \/>\n<meta name=\"twitter:creator\" content=\"@cope_es\" \/>\n<meta name=\"twitter:site\" content=\"@cope_es\" \/>\n<meta name=\"twitter:label1\" content=\"Escrito por\" \/>\n\t<meta name=\"twitter:data1\" content=\"Luis Malvar\" \/>\n\t<meta name=\"twitter:label2\" content=\"Tiempo de lectura\" \/>\n\t<meta name=\"twitter:data2\" content=\"3 minutos\" \/>\n<script type=\"application\/ld+json\" class=\"yoast-schema-graph\">{\"@context\":\"https:\\\/\\\/schema.org\",\"@graph\":[{\"@type\":\"Article\",\"@id\":\"https:\\\/\\\/www.cope.es\\\/blogs\\\/derosca\\\/2024\\\/11\\\/27\\\/veselin-vujovic-nuevo-entrenador-de-qatar\\\/#article\",\"isPartOf\":{\"@id\":\"https:\\\/\\\/www.cope.es\\\/blogs\\\/derosca\\\/2024\\\/11\\\/27\\\/veselin-vujovic-nuevo-entrenador-de-qatar\\\/\"},\"author\":{\"name\":\"Luis Malvar\",\"@id\":\"https:\\\/\\\/www.cope.es\\\/blogs\\\/derosca\\\/#\\\/schema\\\/person\\\/02d6fa6fa8d8db60f83303875a4ff77f\"},\"headline\":\"Veselin Vujovic nuevo entrenador de Qatar\",\"datePublished\":\"2024-11-27T08:24:58+00:00\",\"mainEntityOfPage\":{\"@id\":\"https:\\\/\\\/www.cope.es\\\/blogs\\\/derosca\\\/2024\\\/11\\\/27\\\/veselin-vujovic-nuevo-entrenador-de-qatar\\\/\"},\"wordCount\":513,\"commentCount\":0,\"image\":{\"@id\":\"https:\\\/\\\/www.cope.es\\\/blogs\\\/derosca\\\/2024\\\/11\\\/27\\\/veselin-vujovic-nuevo-entrenador-de-qatar\\\/#primaryimage\"},\"thumbnailUrl\":\"https:\\\/\\\/www.cope.es\\\/blogs\\\/derosca\\\/wp-content\\\/uploads\\\/sites\\\/22\\\/2024\\\/11\\\/1521535225600-700x353-1.jpg\",\"articleSection\":[\"Balonmano\"],\"inLanguage\":\"es\",\"potentialAction\":[{\"@type\":\"CommentAction\",\"name\":\"Comment\",\"target\":[\"https:\\\/\\\/www.cope.es\\\/blogs\\\/derosca\\\/2024\\\/11\\\/27\\\/veselin-vujovic-nuevo-entrenador-de-qatar\\\/#respond\"]}]},{\"@type\":\"WebPage\",\"@id\":\"https:\\\/\\\/www.cope.es\\\/blogs\\\/derosca\\\/2024\\\/11\\\/27\\\/veselin-vujovic-nuevo-entrenador-de-qatar\\\/\",\"url\":\"https:\\\/\\\/www.cope.es\\\/blogs\\\/derosca\\\/2024\\\/11\\\/27\\\/veselin-vujovic-nuevo-entrenador-de-qatar\\\/\",\"name\":\"Veselin Vujovic nuevo entrenador de Qatar - Derosca\",\"isPartOf\":{\"@id\":\"https:\\\/\\\/www.cope.es\\\/blogs\\\/derosca\\\/#website\"},\"primaryImageOfPage\":{\"@id\":\"https:\\\/\\\/www.cope.es\\\/blogs\\\/derosca\\\/2024\\\/11\\\/27\\\/veselin-vujovic-nuevo-entrenador-de-qatar\\\/#primaryimage\"},\"image\":{\"@id\":\"https:\\\/\\\/www.cope.es\\\/blogs\\\/derosca\\\/2024\\\/11\\\/27\\\/veselin-vujovic-nuevo-entrenador-de-qatar\\\/#primaryimage\"},\"thumbnailUrl\":\"https:\\\/\\\/www.cope.es\\\/blogs\\\/derosca\\\/wp-content\\\/uploads\\\/sites\\\/22\\\/2024\\\/11\\\/1521535225600-700x353-1.jpg\",\"datePublished\":\"2024-11-27T08:24:58+00:00\",\"author\":{\"@id\":\"https:\\\/\\\/www.cope.es\\\/blogs\\\/derosca\\\/#\\\/schema\\\/person\\\/02d6fa6fa8d8db60f83303875a4ff77f\"},\"breadcrumb\":{\"@id\":\"https:\\\/\\\/www.cope.es\\\/blogs\\\/derosca\\\/2024\\\/11\\\/27\\\/veselin-vujovic-nuevo-entrenador-de-qatar\\\/#breadcrumb\"},\"inLanguage\":\"es\",\"potentialAction\":[{\"@type\":\"ReadAction\",\"target\":[\"https:\\\/\\\/www.cope.es\\\/blogs\\\/derosca\\\/2024\\\/11\\\/27\\\/veselin-vujovic-nuevo-entrenador-de-qatar\\\/\"]}]},{\"@type\":\"ImageObject\",\"inLanguage\":\"es\",\"@id\":\"https:\\\/\\\/www.cope.es\\\/blogs\\\/derosca\\\/2024\\\/11\\\/27\\\/veselin-vujovic-nuevo-entrenador-de-qatar\\\/#primaryimage\",\"url\":\"https:\\\/\\\/www.cope.es\\\/blogs\\\/derosca\\\/wp-content\\\/uploads\\\/sites\\\/22\\\/2024\\\/11\\\/1521535225600-700x353-1.jpg\",\"contentUrl\":\"https:\\\/\\\/www.cope.es\\\/blogs\\\/derosca\\\/wp-content\\\/uploads\\\/sites\\\/22\\\/2024\\\/11\\\/1521535225600-700x353-1.jpg\",\"width\":680,\"height\":343,\"caption\":\"Veselin Vujovic nuevo entrenador de Qatar\"},{\"@type\":\"BreadcrumbList\",\"@id\":\"https:\\\/\\\/www.cope.es\\\/blogs\\\/derosca\\\/2024\\\/11\\\/27\\\/veselin-vujovic-nuevo-entrenador-de-qatar\\\/#breadcrumb\",\"itemListElement\":[{\"@type\":\"ListItem\",\"position\":1,\"name\":\"Portada\",\"item\":\"https:\\\/\\\/www.cope.es\\\/blogs\\\/derosca\\\/\"},{\"@type\":\"ListItem\",\"position\":2,\"name\":\"Veselin Vujovic nuevo entrenador de Qatar\"}]},{\"@type\":\"WebSite\",\"@id\":\"https:\\\/\\\/www.cope.es\\\/blogs\\\/derosca\\\/#website\",\"url\":\"https:\\\/\\\/www.cope.es\\\/blogs\\\/derosca\\\/\",\"name\":\"Derosca\",\"description\":\"Blog de balonmano COPE\",\"potentialAction\":[{\"@type\":\"SearchAction\",\"target\":{\"@type\":\"EntryPoint\",\"urlTemplate\":\"https:\\\/\\\/www.cope.es\\\/blogs\\\/derosca\\\/?s={search_term_string}\"},\"query-input\":{\"@type\":\"PropertyValueSpecification\",\"valueRequired\":true,\"valueName\":\"search_term_string\"}}],\"inLanguage\":\"es\"},{\"@type\":\"Person\",\"@id\":\"https:\\\/\\\/www.cope.es\\\/blogs\\\/derosca\\\/#\\\/schema\\\/person\\\/02d6fa6fa8d8db60f83303875a4ff77f\",\"name\":\"Luis Malvar\",\"image\":{\"@type\":\"ImageObject\",\"inLanguage\":\"es\",\"@id\":\"https:\\\/\\\/secure.gravatar.com\\\/avatar\\\/23cd47dec2904689b3ccd32d1dd3e86c7cbf60dcf7376c68854f761a4939534f?s=96&d=mm&r=g\",\"url\":\"https:\\\/\\\/secure.gravatar.com\\\/avatar\\\/23cd47dec2904689b3ccd32d1dd3e86c7cbf60dcf7376c68854f761a4939534f?s=96&d=mm&r=g\",\"contentUrl\":\"https:\\\/\\\/secure.gravatar.com\\\/avatar\\\/23cd47dec2904689b3ccd32d1dd3e86c7cbf60dcf7376c68854f761a4939534f?s=96&d=mm&r=g\",\"caption\":\"Luis Malvar\"},\"description\":\"Comenc\u00e9 la andadura del Blog Derosca all\u00e1 por el 22 de Mayo de 2008. Un blog en el que se trata de llevar a los numerosos aficionados y amantes del mundo del balonmano toda la actualidad de nuestro apasionante deporte. Una ventana que sirve para dar luz a las innumerables noticias que genera el balonmano y que habitualmente no tienen reflejo en los medios de comunicaci\u00f3n. Sin lugar a dudas el Blog Derosca cuenta con un apartado que tiene a gala contar con miles de seguidores como es \u201cMis Pajaritos\u201d en donde se relatan y narran todas las intrahistorias que se generan en el balonmano espa\u00f1ol y que incomoda a m\u00e1s de uno que salgan a la luz.!Gracias por seguirnos durante todos estos a\u00f1os\u00a1\",\"sameAs\":[\"http:\\\/\\\/www.cope.es\",\"lmalvar\"],\"url\":\"https:\\\/\\\/www.cope.es\\\/blogs\\\/derosca\\\/author\\\/lmalvar\\\/\"}]}<\/script>\n<!-- \/ Yoast SEO plugin. -->","yoast_head_json":{"title":"Veselin Vujovic nuevo entrenador de Qatar - Derosca","robots":{"index":"index","follow":"follow","max-snippet":"max-snippet:-1","max-image-preview":"max-image-preview:large","max-video-preview":"max-video-preview:-1"},"canonical":"https:\/\/www.cope.es\/blogs\/derosca\/2024\/11\/27\/veselin-vujovic-nuevo-entrenador-de-qatar\/","og_locale":"es_ES","og_type":"article","og_title":"Veselin Vujovic nuevo entrenador de Qatar - Derosca","og_description":"El experimentado entrenador montenegrino Veselin Vujovi\u0107 ha a\u00f1adido otro equipo a su curr\u00edculum, tras aceptar la oferta de dirigir al equipo nacional senior masculino de Qatar en el Mundial Masculino 2025, programado entre el 14 de Enero y el 2 de Febrero en Croacia, Dinamarca y Noruega. Este ser\u00e1 el sexto equipo nacional entrenado por [&hellip;]","og_url":"https:\/\/www.cope.es\/blogs\/derosca\/2024\/11\/27\/veselin-vujovic-nuevo-entrenador-de-qatar\/","og_site_name":"Derosca","article_publisher":"https:\/\/www.facebook.com\/cope\/","article_published_time":"2024-11-27T08:24:58+00:00","og_image":[{"width":680,"height":343,"url":"https:\/\/www.cope.es\/blogs\/derosca\/wp-content\/uploads\/sites\/22\/2024\/11\/1521535225600-700x353-1.jpg","type":"image\/jpeg"}],"author":"Luis Malvar","twitter_card":"summary_large_image","twitter_creator":"@cope_es","twitter_site":"@cope_es","twitter_misc":{"Escrito por":"Luis Malvar","Tiempo de lectura":"3 minutos"},"schema":{"@context":"https:\/\/schema.org","@graph":[{"@type":"Article","@id":"https:\/\/www.cope.es\/blogs\/derosca\/2024\/11\/27\/veselin-vujovic-nuevo-entrenador-de-qatar\/#article","isPartOf":{"@id":"https:\/\/www.cope.es\/blogs\/derosca\/2024\/11\/27\/veselin-vujovic-nuevo-entrenador-de-qatar\/"},"author":{"name":"Luis Malvar","@id":"https:\/\/www.cope.es\/blogs\/derosca\/#\/schema\/person\/02d6fa6fa8d8db60f83303875a4ff77f"},"headline":"Veselin Vujovic nuevo entrenador de Qatar","datePublished":"2024-11-27T08:24:58+00:00","mainEntityOfPage":{"@id":"https:\/\/www.cope.es\/blogs\/derosca\/2024\/11\/27\/veselin-vujovic-nuevo-entrenador-de-qatar\/"},"wordCount":513,"commentCount":0,"image":{"@id":"https:\/\/www.cope.es\/blogs\/derosca\/2024\/11\/27\/veselin-vujovic-nuevo-entrenador-de-qatar\/#primaryimage"},"thumbnailUrl":"https:\/\/www.cope.es\/blogs\/derosca\/wp-content\/uploads\/sites\/22\/2024\/11\/1521535225600-700x353-1.jpg","articleSection":["Balonmano"],"inLanguage":"es","potentialAction":[{"@type":"CommentAction","name":"Comment","target":["https:\/\/www.cope.es\/blogs\/derosca\/2024\/11\/27\/veselin-vujovic-nuevo-entrenador-de-qatar\/#respond"]}]},{"@type":"WebPage","@id":"https:\/\/www.cope.es\/blogs\/derosca\/2024\/11\/27\/veselin-vujovic-nuevo-entrenador-de-qatar\/","url":"https:\/\/www.cope.es\/blogs\/derosca\/2024\/11\/27\/veselin-vujovic-nuevo-entrenador-de-qatar\/","name":"Veselin Vujovic nuevo entrenador de Qatar - Derosca","isPartOf":{"@id":"https:\/\/www.cope.es\/blogs\/derosca\/#website"},"primaryImageOfPage":{"@id":"https:\/\/www.cope.es\/blogs\/derosca\/2024\/11\/27\/veselin-vujovic-nuevo-entrenador-de-qatar\/#primaryimage"},"image":{"@id":"https:\/\/www.cope.es\/blogs\/derosca\/2024\/11\/27\/veselin-vujovic-nuevo-entrenador-de-qatar\/#primaryimage"},"thumbnailUrl":"https:\/\/www.cope.es\/blogs\/derosca\/wp-content\/uploads\/sites\/22\/2024\/11\/1521535225600-700x353-1.jpg","datePublished":"2024-11-27T08:24:58+00:00","author":{"@id":"https:\/\/www.cope.es\/blogs\/derosca\/#\/schema\/person\/02d6fa6fa8d8db60f83303875a4ff77f"},"breadcrumb":{"@id":"https:\/\/www.cope.es\/blogs\/derosca\/2024\/11\/27\/veselin-vujovic-nuevo-entrenador-de-qatar\/#breadcrumb"},"inLanguage":"es","potentialAction":[{"@type":"ReadAction","target":["https:\/\/www.cope.es\/blogs\/derosca\/2024\/11\/27\/veselin-vujovic-nuevo-entrenador-de-qatar\/"]}]},{"@type":"ImageObject","inLanguage":"es","@id":"https:\/\/www.cope.es\/blogs\/derosca\/2024\/11\/27\/veselin-vujovic-nuevo-entrenador-de-qatar\/#primaryimage","url":"https:\/\/www.cope.es\/blogs\/derosca\/wp-content\/uploads\/sites\/22\/2024\/11\/1521535225600-700x353-1.jpg","contentUrl":"https:\/\/www.cope.es\/blogs\/derosca\/wp-content\/uploads\/sites\/22\/2024\/11\/1521535225600-700x353-1.jpg","width":680,"height":343,"caption":"Veselin Vujovic nuevo entrenador de Qatar"},{"@type":"BreadcrumbList","@id":"https:\/\/www.cope.es\/blogs\/derosca\/2024\/11\/27\/veselin-vujovic-nuevo-entrenador-de-qatar\/#breadcrumb","itemListElement":[{"@type":"ListItem","position":1,"name":"Portada","item":"https:\/\/www.cope.es\/blogs\/derosca\/"},{"@type":"ListItem","position":2,"name":"Veselin Vujovic nuevo entrenador de Qatar"}]},{"@type":"WebSite","@id":"https:\/\/www.cope.es\/blogs\/derosca\/#website","url":"https:\/\/www.cope.es\/blogs\/derosca\/","name":"Derosca","description":"Blog de balonmano COPE","potentialAction":[{"@type":"SearchAction","target":{"@type":"EntryPoint","urlTemplate":"https:\/\/www.cope.es\/blogs\/derosca\/?s={search_term_string}"},"query-input":{"@type":"PropertyValueSpecification","valueRequired":true,"valueName":"search_term_string"}}],"inLanguage":"es"},{"@type":"Person","@id":"https:\/\/www.cope.es\/blogs\/derosca\/#\/schema\/person\/02d6fa6fa8d8db60f83303875a4ff77f","name":"Luis Malvar","image":{"@type":"ImageObject","inLanguage":"es","@id":"https:\/\/secure.gravatar.com\/avatar\/23cd47dec2904689b3ccd32d1dd3e86c7cbf60dcf7376c68854f761a4939534f?s=96&d=mm&r=g","url":"https:\/\/secure.gravatar.com\/avatar\/23cd47dec2904689b3ccd32d1dd3e86c7cbf60dcf7376c68854f761a4939534f?s=96&d=mm&r=g","contentUrl":"https:\/\/secure.gravatar.com\/avatar\/23cd47dec2904689b3ccd32d1dd3e86c7cbf60dcf7376c68854f761a4939534f?s=96&d=mm&r=g","caption":"Luis Malvar"},"description":"Comenc\u00e9 la andadura del Blog Derosca all\u00e1 por el 22 de Mayo de 2008. Un blog en el que se trata de llevar a los numerosos aficionados y amantes del mundo del balonmano toda la actualidad de nuestro apasionante deporte. Una ventana que sirve para dar luz a las innumerables noticias que genera el balonmano y que habitualmente no tienen reflejo en los medios de comunicaci\u00f3n. Sin lugar a dudas el Blog Derosca cuenta con un apartado que tiene a gala contar con miles de seguidores como es \u201cMis Pajaritos\u201d en donde se relatan y narran todas las intrahistorias que se generan en el balonmano espa\u00f1ol y que incomoda a m\u00e1s de uno que salgan a la luz.!Gracias por seguirnos durante todos estos a\u00f1os\u00a1","sameAs":["http:\/\/www.cope.es","lmalvar"],"url":"https:\/\/www.cope.es\/blogs\/derosca\/author\/lmalvar\/"}]}},"amp_enabled":true,"_links":{"self":[{"href":"https:\/\/www.cope.es\/blogs\/derosca\/wp-json\/wp\/v2\/posts\/4103","targetHints":{"allow":["GET"]}}],"collection":[{"href":"https:\/\/www.cope.es\/blogs\/derosca\/wp-json\/wp\/v2\/posts"}],"about":[{"href":"https:\/\/www.cope.es\/blogs\/derosca\/wp-json\/wp\/v2\/types\/post"}],"author":[{"embeddable":true,"href":"https:\/\/www.cope.es\/blogs\/derosca\/wp-json\/wp\/v2\/users\/23"}],"replies":[{"embeddable":true,"href":"https:\/\/www.cope.es\/blogs\/derosca\/wp-json\/wp\/v2\/comments?post=4103"}],"version-history":[{"count":1,"href":"https:\/\/www.cope.es\/blogs\/derosca\/wp-json\/wp\/v2\/posts\/4103\/revisions"}],"predecessor-version":[{"id":4105,"href":"https:\/\/www.cope.es\/blogs\/derosca\/wp-json\/wp\/v2\/posts\/4103\/revisions\/4105"}],"wp:featuredmedia":[{"embeddable":true,"href":"https:\/\/www.cope.es\/blogs\/derosca\/wp-json\/wp\/v2\/media\/4104"}],"wp:attachment":[{"href":"https:\/\/www.cope.es\/blogs\/derosca\/wp-json\/wp\/v2\/media?parent=4103"}],"wp:term":[{"taxonomy":"category","embeddable":true,"href":"https:\/\/www.cope.es\/blogs\/derosca\/wp-json\/wp\/v2\/categories?post=4103"},{"taxonomy":"post_tag","embeddable":true,"href":"https:\/\/www.cope.es\/blogs\/derosca\/wp-json\/wp\/v2\/tags?post=4103"}],"curies":[{"name":"wp","href":"https:\/\/api.w.org\/{rel}","templated":true}]}}