{"id":4084,"date":"2024-11-18T09:11:41","date_gmt":"2024-11-18T08:11:41","guid":{"rendered":"http:\/\/www.cope.es\/blogs\/derosca\/?p=4084"},"modified":"2024-11-18T09:13:19","modified_gmt":"2024-11-18T08:13:19","slug":"raul-gonzalez-nuevo-seleccionador-masculino-de-serbia","status":"publish","type":"post","link":"https:\/\/www.cope.es\/blogs\/derosca\/2024\/11\/18\/raul-gonzalez-nuevo-seleccionador-masculino-de-serbia\/","title":{"rendered":"Ra\u00fal Gonz\u00e1lez nuevo Seleccionador Masculino de Serbia"},"content":{"rendered":"<p><span style=\"color: #0a1c4e\"><span style=\"font-family: Arial, sans-serif\"><span style=\"font-size: medium\">El actual entrenador del Par\u00eds Saint Germain (PSG), Ra\u00fal Gonz\u00e1lez, se har\u00e1 cargo de la Selecci\u00f3n de Serbia a partir del pr\u00e7oximo 1 de Julio. Con ello se formaliza definitivamente su salida del PSG al final de la temporada tras pasar siete a\u00f1os en la capital francesa.<\/span><\/span><\/span><\/p>\n<p><span style=\"color: #0a1c4e\"><span style=\"font-family: Arial, sans-serif\"><span style=\"font-size: medium\">Los rumores que ya circulaban hac\u00eda algunos d\u00edas, ahora se confirma han confirmado. <\/span><\/span><\/span><span style=\"color: #0a1c4e\"><span style=\"font-family: Arial, sans-serif\"><span style=\"font-size: medium\">Ra\u00fal Gonz\u00e1lez <\/span><\/span><\/span><span style=\"color: #0a1c4e\"><span style=\"font-family: Arial, sans-serif\"><span style=\"font-size: medium\">dejar\u00e1 el Paris Saint-Germain al final de la temporada para asumir un nuevo rol al frente de la selecci\u00f3n masculina de Serbia. Los serbios est\u00e1n en una profunda crisis y recientemente perdieron 30 &#8211; 31 ante Italia en un partido de clasificaci\u00f3n para la Eurocopa 2026. Adem\u00e1s, en el campeonato nacional muchos clubes pierden.<\/span><\/span><\/span><\/p>\n<p><span style=\"color: #0a1c4e\"><span style=\"font-family: Arial, sans-serif\"><span style=\"font-size: medium\">El nuevo Secretario General de la Asociaci\u00f3n Serbia (RSS), <\/span><\/span><\/span><span style=\"color: #0a1c4e\"><span style=\"font-family: Arial, sans-serif\"><span style=\"font-size: medium\">Ivan Milivojevic, ha manifestado que e<\/span><\/span><\/span><em><span style=\"color: #0a1c4e\"><span style=\"font-family: Arial, sans-serif\"><span style=\"font-size: medium\">s<\/span><\/span><\/span><\/em><span style=\"color: #0a1c4e\"><span style=\"font-family: Arial, sans-serif\"><span style=\"font-size: medium\"> hora de abordar finalmente las cosas que tenemos que abordar, es decir, llevar la selecci\u00f3n nacional al nivel que deber\u00eda estar, pero tambi\u00e9n mejorar en general el balonmano en Serbia<\/span><\/span><\/span><strong><span style=\"color: #0a1c4e\"><span style=\"font-family: Arial, sans-serif\"><span style=\"font-size: medium\">. <\/span><\/span><\/span><\/strong><span style=\"color: #0a1c4e\"><span style=\"font-family: Arial, sans-serif\"><span style=\"font-size: medium\">El contrato con Ra\u00fal Gonz\u00e1lez se firm\u00f3 despu\u00e9s del partido contra Italia, precisa el directivo. Entrar\u00e1 en vigor el 1 de Julio de 2025, es decir desde el momento en que Ra\u00fal Gonz\u00e1lez ya no tiene ning\u00fan derecho obligaci\u00f3n contractual con el PSG, <\/span><\/span><\/span><span style=\"color: #0a1c4e\"><span style=\"font-family: Arial, sans-serif\"><span style=\"font-size: medium\">aclar\u00f3 Milivojevic, y as\u00ed se formaliza su compromiso.<\/span><\/span><\/span><\/p>\n<p><span style=\"color: #0a1c4e\"><span style=\"font-family: Arial, sans-serif\"><span style=\"font-size: medium\">Por lo tanto Ra\u00fal Gonz\u00e1lez tendr\u00e1 que rescindir su contrato con el club Campe\u00f3n de Francia, que no est\u00e1 abierto a una doble convocatoria ni siquiera desde hace unos meses. A los dirigentes de Serbia les hubiera gustado que el vallisoletano llegara antes a su banquillo pero el PSG se opuso. Por tanto, es el actual entrenador, <\/span><\/span><\/span><span style=\"color: #0a1c4e\"><span style=\"font-family: Arial, sans-serif\"><span style=\"font-size: medium\">Boris Rojevic<\/span><\/span><\/span><span style=\"color: #0a1c4e\"><span style=\"font-family: Arial, sans-serif\"><span style=\"font-size: medium\">, quien acompa\u00f1ar\u00e1 al equipo hasta la llegada de Ra\u00fal Gonzalez, en particular el pr\u00f3ximo mes de Marzo para la continuaci\u00f3n de las clasificaciones para la Eurocopa 2026. Como an\u00e9cdota, Gonzalez se habr\u00eda reunido con los jugadores de Serbia, que regresaban de la derrota en Italia, en el aeropuerto y habr\u00eda comprendido r\u00e1pidamente que Ra\u00fal Gonzalez no hab\u00eda venido a Belgrado por turismo. A pesar de los m\u00faltiples t\u00edtulos nacionales conquistados en 7 temporadas con el <\/span><\/span><\/span><span style=\"color: #0a1c4e\"><span style=\"font-family: Arial, sans-serif\"><span style=\"font-size: medium\">Par\u00eds Saint Germain<\/span><\/span><\/span><span style=\"color: #0a1c4e\"><span style=\"font-family: Arial, sans-serif\"><span style=\"font-size: medium\">, Ra\u00fal Gonz\u00e1lez no ha logrado ganar la Champions League en Colonia durante la Final4.<\/span><\/span><\/span><\/p>\n<p><span style=\"font-family: Times New Roman, serif\"><span style=\"font-size: medium\"><span style=\"color: #666666\"><span style=\"font-family: Arial, sans-serif\">Seguirnos en twitter: <\/span><\/span><span style=\"color: #000080\"><u><a href=\"#!\/deroscacope\"><span style=\"color: #0000ff\"><span style=\"font-family: Arial, sans-serif\"><b>https:\/\/twitter.com\/#!\/deroscacope<\/b><\/span><\/span><\/a><\/u><\/span> <\/span><\/span><\/p>\n","protected":false},"excerpt":{"rendered":"<p>El actual entrenador del Par\u00eds Saint Germain (PSG), Ra\u00fal Gonz\u00e1lez, se har\u00e1 cargo de la Selecci\u00f3n de Serbia a partir del pr\u00e7oximo 1 de Julio. Con ello se formaliza definitivamente su salida del PSG al final de la temporada tras pasar siete a\u00f1os en la capital francesa. Los rumores que ya circulaban hac\u00eda algunos d\u00edas, [&hellip;]<\/p>\n","protected":false},"author":23,"featured_media":4085,"comment_status":"open","ping_status":"open","sticky":false,"template":"","format":"standard","meta":{"footnotes":""},"categories":[3],"tags":[],"class_list":["post-4084","post","type-post","status-publish","format-standard","has-post-thumbnail","hentry","category-balonmano"],"yoast_head":"<!-- This site is optimized with the Yoast SEO plugin v27.4 - https:\/\/yoast.com\/product\/yoast-seo-wordpress\/ -->\n<title>Ra\u00fal Gonz\u00e1lez nuevo Seleccionador Masculino de Serbia - Derosca<\/title>\n<meta name=\"robots\" content=\"index, follow, max-snippet:-1, max-image-preview:large, max-video-preview:-1\" \/>\n<link rel=\"canonical\" href=\"https:\/\/www.cope.es\/blogs\/derosca\/2024\/11\/18\/raul-gonzalez-nuevo-seleccionador-masculino-de-serbia\/\" \/>\n<meta property=\"og:locale\" content=\"es_ES\" \/>\n<meta property=\"og:type\" content=\"article\" \/>\n<meta property=\"og:title\" content=\"Ra\u00fal Gonz\u00e1lez nuevo Seleccionador Masculino de Serbia - Derosca\" \/>\n<meta property=\"og:description\" content=\"El actual entrenador del Par\u00eds Saint Germain (PSG), Ra\u00fal Gonz\u00e1lez, se har\u00e1 cargo de la Selecci\u00f3n de Serbia a partir del pr\u00e7oximo 1 de Julio. Con ello se formaliza definitivamente su salida del PSG al final de la temporada tras pasar siete a\u00f1os en la capital francesa. Los rumores que ya circulaban hac\u00eda algunos d\u00edas, [&hellip;]\" \/>\n<meta property=\"og:url\" content=\"https:\/\/www.cope.es\/blogs\/derosca\/2024\/11\/18\/raul-gonzalez-nuevo-seleccionador-masculino-de-serbia\/\" \/>\n<meta property=\"og:site_name\" content=\"Derosca\" \/>\n<meta property=\"article:publisher\" content=\"https:\/\/www.facebook.com\/cope\/\" \/>\n<meta property=\"article:published_time\" content=\"2024-11-18T08:11:41+00:00\" \/>\n<meta property=\"article:modified_time\" content=\"2024-11-18T08:13:19+00:00\" \/>\n<meta property=\"og:image\" content=\"https:\/\/www.cope.es\/blogs\/derosca\/wp-content\/uploads\/sites\/22\/2024\/11\/6e830d73e09c03e47fdbb1a516d0b6b6a1435036_101-3401131_20230203021009.jpg\" \/>\n\t<meta property=\"og:image:width\" content=\"680\" \/>\n\t<meta property=\"og:image:height\" content=\"453\" \/>\n\t<meta property=\"og:image:type\" content=\"image\/jpeg\" \/>\n<meta name=\"author\" content=\"Luis Malvar\" \/>\n<meta name=\"twitter:card\" content=\"summary_large_image\" \/>\n<meta name=\"twitter:creator\" content=\"@cope_es\" \/>\n<meta name=\"twitter:site\" content=\"@cope_es\" \/>\n<meta name=\"twitter:label1\" content=\"Escrito por\" \/>\n\t<meta name=\"twitter:data1\" content=\"Luis Malvar\" \/>\n\t<meta name=\"twitter:label2\" content=\"Tiempo de lectura\" \/>\n\t<meta name=\"twitter:data2\" content=\"2 minutos\" \/>\n<script type=\"application\/ld+json\" class=\"yoast-schema-graph\">{\"@context\":\"https:\\\/\\\/schema.org\",\"@graph\":[{\"@type\":\"Article\",\"@id\":\"https:\\\/\\\/www.cope.es\\\/blogs\\\/derosca\\\/2024\\\/11\\\/18\\\/raul-gonzalez-nuevo-seleccionador-masculino-de-serbia\\\/#article\",\"isPartOf\":{\"@id\":\"https:\\\/\\\/www.cope.es\\\/blogs\\\/derosca\\\/2024\\\/11\\\/18\\\/raul-gonzalez-nuevo-seleccionador-masculino-de-serbia\\\/\"},\"author\":{\"name\":\"Luis Malvar\",\"@id\":\"https:\\\/\\\/www.cope.es\\\/blogs\\\/derosca\\\/#\\\/schema\\\/person\\\/02d6fa6fa8d8db60f83303875a4ff77f\"},\"headline\":\"Ra\u00fal Gonz\u00e1lez nuevo Seleccionador Masculino de Serbia\",\"datePublished\":\"2024-11-18T08:11:41+00:00\",\"dateModified\":\"2024-11-18T08:13:19+00:00\",\"mainEntityOfPage\":{\"@id\":\"https:\\\/\\\/www.cope.es\\\/blogs\\\/derosca\\\/2024\\\/11\\\/18\\\/raul-gonzalez-nuevo-seleccionador-masculino-de-serbia\\\/\"},\"wordCount\":415,\"commentCount\":0,\"image\":{\"@id\":\"https:\\\/\\\/www.cope.es\\\/blogs\\\/derosca\\\/2024\\\/11\\\/18\\\/raul-gonzalez-nuevo-seleccionador-masculino-de-serbia\\\/#primaryimage\"},\"thumbnailUrl\":\"https:\\\/\\\/www.cope.es\\\/blogs\\\/derosca\\\/wp-content\\\/uploads\\\/sites\\\/22\\\/2024\\\/11\\\/6e830d73e09c03e47fdbb1a516d0b6b6a1435036_101-3401131_20230203021009.jpg\",\"articleSection\":[\"Balonmano\"],\"inLanguage\":\"es\",\"potentialAction\":[{\"@type\":\"CommentAction\",\"name\":\"Comment\",\"target\":[\"https:\\\/\\\/www.cope.es\\\/blogs\\\/derosca\\\/2024\\\/11\\\/18\\\/raul-gonzalez-nuevo-seleccionador-masculino-de-serbia\\\/#respond\"]}]},{\"@type\":\"WebPage\",\"@id\":\"https:\\\/\\\/www.cope.es\\\/blogs\\\/derosca\\\/2024\\\/11\\\/18\\\/raul-gonzalez-nuevo-seleccionador-masculino-de-serbia\\\/\",\"url\":\"https:\\\/\\\/www.cope.es\\\/blogs\\\/derosca\\\/2024\\\/11\\\/18\\\/raul-gonzalez-nuevo-seleccionador-masculino-de-serbia\\\/\",\"name\":\"Ra\u00fal Gonz\u00e1lez nuevo Seleccionador Masculino de Serbia - Derosca\",\"isPartOf\":{\"@id\":\"https:\\\/\\\/www.cope.es\\\/blogs\\\/derosca\\\/#website\"},\"primaryImageOfPage\":{\"@id\":\"https:\\\/\\\/www.cope.es\\\/blogs\\\/derosca\\\/2024\\\/11\\\/18\\\/raul-gonzalez-nuevo-seleccionador-masculino-de-serbia\\\/#primaryimage\"},\"image\":{\"@id\":\"https:\\\/\\\/www.cope.es\\\/blogs\\\/derosca\\\/2024\\\/11\\\/18\\\/raul-gonzalez-nuevo-seleccionador-masculino-de-serbia\\\/#primaryimage\"},\"thumbnailUrl\":\"https:\\\/\\\/www.cope.es\\\/blogs\\\/derosca\\\/wp-content\\\/uploads\\\/sites\\\/22\\\/2024\\\/11\\\/6e830d73e09c03e47fdbb1a516d0b6b6a1435036_101-3401131_20230203021009.jpg\",\"datePublished\":\"2024-11-18T08:11:41+00:00\",\"dateModified\":\"2024-11-18T08:13:19+00:00\",\"author\":{\"@id\":\"https:\\\/\\\/www.cope.es\\\/blogs\\\/derosca\\\/#\\\/schema\\\/person\\\/02d6fa6fa8d8db60f83303875a4ff77f\"},\"breadcrumb\":{\"@id\":\"https:\\\/\\\/www.cope.es\\\/blogs\\\/derosca\\\/2024\\\/11\\\/18\\\/raul-gonzalez-nuevo-seleccionador-masculino-de-serbia\\\/#breadcrumb\"},\"inLanguage\":\"es\",\"potentialAction\":[{\"@type\":\"ReadAction\",\"target\":[\"https:\\\/\\\/www.cope.es\\\/blogs\\\/derosca\\\/2024\\\/11\\\/18\\\/raul-gonzalez-nuevo-seleccionador-masculino-de-serbia\\\/\"]}]},{\"@type\":\"ImageObject\",\"inLanguage\":\"es\",\"@id\":\"https:\\\/\\\/www.cope.es\\\/blogs\\\/derosca\\\/2024\\\/11\\\/18\\\/raul-gonzalez-nuevo-seleccionador-masculino-de-serbia\\\/#primaryimage\",\"url\":\"https:\\\/\\\/www.cope.es\\\/blogs\\\/derosca\\\/wp-content\\\/uploads\\\/sites\\\/22\\\/2024\\\/11\\\/6e830d73e09c03e47fdbb1a516d0b6b6a1435036_101-3401131_20230203021009.jpg\",\"contentUrl\":\"https:\\\/\\\/www.cope.es\\\/blogs\\\/derosca\\\/wp-content\\\/uploads\\\/sites\\\/22\\\/2024\\\/11\\\/6e830d73e09c03e47fdbb1a516d0b6b6a1435036_101-3401131_20230203021009.jpg\",\"width\":680,\"height\":453,\"caption\":\"Ra\u00fal Gonzalez nuevo Seleccionador Masculino de Serbia\"},{\"@type\":\"BreadcrumbList\",\"@id\":\"https:\\\/\\\/www.cope.es\\\/blogs\\\/derosca\\\/2024\\\/11\\\/18\\\/raul-gonzalez-nuevo-seleccionador-masculino-de-serbia\\\/#breadcrumb\",\"itemListElement\":[{\"@type\":\"ListItem\",\"position\":1,\"name\":\"Portada\",\"item\":\"https:\\\/\\\/www.cope.es\\\/blogs\\\/derosca\\\/\"},{\"@type\":\"ListItem\",\"position\":2,\"name\":\"Ra\u00fal Gonz\u00e1lez nuevo Seleccionador Masculino de Serbia\"}]},{\"@type\":\"WebSite\",\"@id\":\"https:\\\/\\\/www.cope.es\\\/blogs\\\/derosca\\\/#website\",\"url\":\"https:\\\/\\\/www.cope.es\\\/blogs\\\/derosca\\\/\",\"name\":\"Derosca\",\"description\":\"Blog de balonmano COPE\",\"potentialAction\":[{\"@type\":\"SearchAction\",\"target\":{\"@type\":\"EntryPoint\",\"urlTemplate\":\"https:\\\/\\\/www.cope.es\\\/blogs\\\/derosca\\\/?s={search_term_string}\"},\"query-input\":{\"@type\":\"PropertyValueSpecification\",\"valueRequired\":true,\"valueName\":\"search_term_string\"}}],\"inLanguage\":\"es\"},{\"@type\":\"Person\",\"@id\":\"https:\\\/\\\/www.cope.es\\\/blogs\\\/derosca\\\/#\\\/schema\\\/person\\\/02d6fa6fa8d8db60f83303875a4ff77f\",\"name\":\"Luis Malvar\",\"image\":{\"@type\":\"ImageObject\",\"inLanguage\":\"es\",\"@id\":\"https:\\\/\\\/secure.gravatar.com\\\/avatar\\\/23cd47dec2904689b3ccd32d1dd3e86c7cbf60dcf7376c68854f761a4939534f?s=96&d=mm&r=g\",\"url\":\"https:\\\/\\\/secure.gravatar.com\\\/avatar\\\/23cd47dec2904689b3ccd32d1dd3e86c7cbf60dcf7376c68854f761a4939534f?s=96&d=mm&r=g\",\"contentUrl\":\"https:\\\/\\\/secure.gravatar.com\\\/avatar\\\/23cd47dec2904689b3ccd32d1dd3e86c7cbf60dcf7376c68854f761a4939534f?s=96&d=mm&r=g\",\"caption\":\"Luis Malvar\"},\"description\":\"Comenc\u00e9 la andadura del Blog Derosca all\u00e1 por el 22 de Mayo de 2008. Un blog en el que se trata de llevar a los numerosos aficionados y amantes del mundo del balonmano toda la actualidad de nuestro apasionante deporte. Una ventana que sirve para dar luz a las innumerables noticias que genera el balonmano y que habitualmente no tienen reflejo en los medios de comunicaci\u00f3n. Sin lugar a dudas el Blog Derosca cuenta con un apartado que tiene a gala contar con miles de seguidores como es \u201cMis Pajaritos\u201d en donde se relatan y narran todas las intrahistorias que se generan en el balonmano espa\u00f1ol y que incomoda a m\u00e1s de uno que salgan a la luz.!Gracias por seguirnos durante todos estos a\u00f1os\u00a1\",\"sameAs\":[\"http:\\\/\\\/www.cope.es\",\"lmalvar\"],\"url\":\"https:\\\/\\\/www.cope.es\\\/blogs\\\/derosca\\\/author\\\/lmalvar\\\/\"}]}<\/script>\n<!-- \/ Yoast SEO plugin. -->","yoast_head_json":{"title":"Ra\u00fal Gonz\u00e1lez nuevo Seleccionador Masculino de Serbia - Derosca","robots":{"index":"index","follow":"follow","max-snippet":"max-snippet:-1","max-image-preview":"max-image-preview:large","max-video-preview":"max-video-preview:-1"},"canonical":"https:\/\/www.cope.es\/blogs\/derosca\/2024\/11\/18\/raul-gonzalez-nuevo-seleccionador-masculino-de-serbia\/","og_locale":"es_ES","og_type":"article","og_title":"Ra\u00fal Gonz\u00e1lez nuevo Seleccionador Masculino de Serbia - Derosca","og_description":"El actual entrenador del Par\u00eds Saint Germain (PSG), Ra\u00fal Gonz\u00e1lez, se har\u00e1 cargo de la Selecci\u00f3n de Serbia a partir del pr\u00e7oximo 1 de Julio. Con ello se formaliza definitivamente su salida del PSG al final de la temporada tras pasar siete a\u00f1os en la capital francesa. Los rumores que ya circulaban hac\u00eda algunos d\u00edas, [&hellip;]","og_url":"https:\/\/www.cope.es\/blogs\/derosca\/2024\/11\/18\/raul-gonzalez-nuevo-seleccionador-masculino-de-serbia\/","og_site_name":"Derosca","article_publisher":"https:\/\/www.facebook.com\/cope\/","article_published_time":"2024-11-18T08:11:41+00:00","article_modified_time":"2024-11-18T08:13:19+00:00","og_image":[{"width":680,"height":453,"url":"https:\/\/www.cope.es\/blogs\/derosca\/wp-content\/uploads\/sites\/22\/2024\/11\/6e830d73e09c03e47fdbb1a516d0b6b6a1435036_101-3401131_20230203021009.jpg","type":"image\/jpeg"}],"author":"Luis Malvar","twitter_card":"summary_large_image","twitter_creator":"@cope_es","twitter_site":"@cope_es","twitter_misc":{"Escrito por":"Luis Malvar","Tiempo de lectura":"2 minutos"},"schema":{"@context":"https:\/\/schema.org","@graph":[{"@type":"Article","@id":"https:\/\/www.cope.es\/blogs\/derosca\/2024\/11\/18\/raul-gonzalez-nuevo-seleccionador-masculino-de-serbia\/#article","isPartOf":{"@id":"https:\/\/www.cope.es\/blogs\/derosca\/2024\/11\/18\/raul-gonzalez-nuevo-seleccionador-masculino-de-serbia\/"},"author":{"name":"Luis Malvar","@id":"https:\/\/www.cope.es\/blogs\/derosca\/#\/schema\/person\/02d6fa6fa8d8db60f83303875a4ff77f"},"headline":"Ra\u00fal Gonz\u00e1lez nuevo Seleccionador Masculino de Serbia","datePublished":"2024-11-18T08:11:41+00:00","dateModified":"2024-11-18T08:13:19+00:00","mainEntityOfPage":{"@id":"https:\/\/www.cope.es\/blogs\/derosca\/2024\/11\/18\/raul-gonzalez-nuevo-seleccionador-masculino-de-serbia\/"},"wordCount":415,"commentCount":0,"image":{"@id":"https:\/\/www.cope.es\/blogs\/derosca\/2024\/11\/18\/raul-gonzalez-nuevo-seleccionador-masculino-de-serbia\/#primaryimage"},"thumbnailUrl":"https:\/\/www.cope.es\/blogs\/derosca\/wp-content\/uploads\/sites\/22\/2024\/11\/6e830d73e09c03e47fdbb1a516d0b6b6a1435036_101-3401131_20230203021009.jpg","articleSection":["Balonmano"],"inLanguage":"es","potentialAction":[{"@type":"CommentAction","name":"Comment","target":["https:\/\/www.cope.es\/blogs\/derosca\/2024\/11\/18\/raul-gonzalez-nuevo-seleccionador-masculino-de-serbia\/#respond"]}]},{"@type":"WebPage","@id":"https:\/\/www.cope.es\/blogs\/derosca\/2024\/11\/18\/raul-gonzalez-nuevo-seleccionador-masculino-de-serbia\/","url":"https:\/\/www.cope.es\/blogs\/derosca\/2024\/11\/18\/raul-gonzalez-nuevo-seleccionador-masculino-de-serbia\/","name":"Ra\u00fal Gonz\u00e1lez nuevo Seleccionador Masculino de Serbia - Derosca","isPartOf":{"@id":"https:\/\/www.cope.es\/blogs\/derosca\/#website"},"primaryImageOfPage":{"@id":"https:\/\/www.cope.es\/blogs\/derosca\/2024\/11\/18\/raul-gonzalez-nuevo-seleccionador-masculino-de-serbia\/#primaryimage"},"image":{"@id":"https:\/\/www.cope.es\/blogs\/derosca\/2024\/11\/18\/raul-gonzalez-nuevo-seleccionador-masculino-de-serbia\/#primaryimage"},"thumbnailUrl":"https:\/\/www.cope.es\/blogs\/derosca\/wp-content\/uploads\/sites\/22\/2024\/11\/6e830d73e09c03e47fdbb1a516d0b6b6a1435036_101-3401131_20230203021009.jpg","datePublished":"2024-11-18T08:11:41+00:00","dateModified":"2024-11-18T08:13:19+00:00","author":{"@id":"https:\/\/www.cope.es\/blogs\/derosca\/#\/schema\/person\/02d6fa6fa8d8db60f83303875a4ff77f"},"breadcrumb":{"@id":"https:\/\/www.cope.es\/blogs\/derosca\/2024\/11\/18\/raul-gonzalez-nuevo-seleccionador-masculino-de-serbia\/#breadcrumb"},"inLanguage":"es","potentialAction":[{"@type":"ReadAction","target":["https:\/\/www.cope.es\/blogs\/derosca\/2024\/11\/18\/raul-gonzalez-nuevo-seleccionador-masculino-de-serbia\/"]}]},{"@type":"ImageObject","inLanguage":"es","@id":"https:\/\/www.cope.es\/blogs\/derosca\/2024\/11\/18\/raul-gonzalez-nuevo-seleccionador-masculino-de-serbia\/#primaryimage","url":"https:\/\/www.cope.es\/blogs\/derosca\/wp-content\/uploads\/sites\/22\/2024\/11\/6e830d73e09c03e47fdbb1a516d0b6b6a1435036_101-3401131_20230203021009.jpg","contentUrl":"https:\/\/www.cope.es\/blogs\/derosca\/wp-content\/uploads\/sites\/22\/2024\/11\/6e830d73e09c03e47fdbb1a516d0b6b6a1435036_101-3401131_20230203021009.jpg","width":680,"height":453,"caption":"Ra\u00fal Gonzalez nuevo Seleccionador Masculino de Serbia"},{"@type":"BreadcrumbList","@id":"https:\/\/www.cope.es\/blogs\/derosca\/2024\/11\/18\/raul-gonzalez-nuevo-seleccionador-masculino-de-serbia\/#breadcrumb","itemListElement":[{"@type":"ListItem","position":1,"name":"Portada","item":"https:\/\/www.cope.es\/blogs\/derosca\/"},{"@type":"ListItem","position":2,"name":"Ra\u00fal Gonz\u00e1lez nuevo Seleccionador Masculino de Serbia"}]},{"@type":"WebSite","@id":"https:\/\/www.cope.es\/blogs\/derosca\/#website","url":"https:\/\/www.cope.es\/blogs\/derosca\/","name":"Derosca","description":"Blog de balonmano COPE","potentialAction":[{"@type":"SearchAction","target":{"@type":"EntryPoint","urlTemplate":"https:\/\/www.cope.es\/blogs\/derosca\/?s={search_term_string}"},"query-input":{"@type":"PropertyValueSpecification","valueRequired":true,"valueName":"search_term_string"}}],"inLanguage":"es"},{"@type":"Person","@id":"https:\/\/www.cope.es\/blogs\/derosca\/#\/schema\/person\/02d6fa6fa8d8db60f83303875a4ff77f","name":"Luis Malvar","image":{"@type":"ImageObject","inLanguage":"es","@id":"https:\/\/secure.gravatar.com\/avatar\/23cd47dec2904689b3ccd32d1dd3e86c7cbf60dcf7376c68854f761a4939534f?s=96&d=mm&r=g","url":"https:\/\/secure.gravatar.com\/avatar\/23cd47dec2904689b3ccd32d1dd3e86c7cbf60dcf7376c68854f761a4939534f?s=96&d=mm&r=g","contentUrl":"https:\/\/secure.gravatar.com\/avatar\/23cd47dec2904689b3ccd32d1dd3e86c7cbf60dcf7376c68854f761a4939534f?s=96&d=mm&r=g","caption":"Luis Malvar"},"description":"Comenc\u00e9 la andadura del Blog Derosca all\u00e1 por el 22 de Mayo de 2008. Un blog en el que se trata de llevar a los numerosos aficionados y amantes del mundo del balonmano toda la actualidad de nuestro apasionante deporte. Una ventana que sirve para dar luz a las innumerables noticias que genera el balonmano y que habitualmente no tienen reflejo en los medios de comunicaci\u00f3n. Sin lugar a dudas el Blog Derosca cuenta con un apartado que tiene a gala contar con miles de seguidores como es \u201cMis Pajaritos\u201d en donde se relatan y narran todas las intrahistorias que se generan en el balonmano espa\u00f1ol y que incomoda a m\u00e1s de uno que salgan a la luz.!Gracias por seguirnos durante todos estos a\u00f1os\u00a1","sameAs":["http:\/\/www.cope.es","lmalvar"],"url":"https:\/\/www.cope.es\/blogs\/derosca\/author\/lmalvar\/"}]}},"amp_enabled":true,"_links":{"self":[{"href":"https:\/\/www.cope.es\/blogs\/derosca\/wp-json\/wp\/v2\/posts\/4084","targetHints":{"allow":["GET"]}}],"collection":[{"href":"https:\/\/www.cope.es\/blogs\/derosca\/wp-json\/wp\/v2\/posts"}],"about":[{"href":"https:\/\/www.cope.es\/blogs\/derosca\/wp-json\/wp\/v2\/types\/post"}],"author":[{"embeddable":true,"href":"https:\/\/www.cope.es\/blogs\/derosca\/wp-json\/wp\/v2\/users\/23"}],"replies":[{"embeddable":true,"href":"https:\/\/www.cope.es\/blogs\/derosca\/wp-json\/wp\/v2\/comments?post=4084"}],"version-history":[{"count":2,"href":"https:\/\/www.cope.es\/blogs\/derosca\/wp-json\/wp\/v2\/posts\/4084\/revisions"}],"predecessor-version":[{"id":4087,"href":"https:\/\/www.cope.es\/blogs\/derosca\/wp-json\/wp\/v2\/posts\/4084\/revisions\/4087"}],"wp:featuredmedia":[{"embeddable":true,"href":"https:\/\/www.cope.es\/blogs\/derosca\/wp-json\/wp\/v2\/media\/4085"}],"wp:attachment":[{"href":"https:\/\/www.cope.es\/blogs\/derosca\/wp-json\/wp\/v2\/media?parent=4084"}],"wp:term":[{"taxonomy":"category","embeddable":true,"href":"https:\/\/www.cope.es\/blogs\/derosca\/wp-json\/wp\/v2\/categories?post=4084"},{"taxonomy":"post_tag","embeddable":true,"href":"https:\/\/www.cope.es\/blogs\/derosca\/wp-json\/wp\/v2\/tags?post=4084"}],"curies":[{"name":"wp","href":"https:\/\/api.w.org\/{rel}","templated":true}]}}