{"id":4075,"date":"2024-11-12T09:17:31","date_gmt":"2024-11-12T08:17:31","guid":{"rendered":"http:\/\/www.cope.es\/blogs\/derosca\/?p=4075"},"modified":"2024-11-12T09:17:31","modified_gmt":"2024-11-12T08:17:31","slug":"florent-manaudou-regresa-a-jugar-al-balonmano-en-antibes","status":"publish","type":"post","link":"https:\/\/www.cope.es\/blogs\/derosca\/2024\/11\/12\/florent-manaudou-regresa-a-jugar-al-balonmano-en-antibes\/","title":{"rendered":"Florent Manaudou regresa a jugar al balonmano en Antibes"},"content":{"rendered":"<p><span style=\"color: #0a1c4e\"><span style=\"font-family: Arial, sans-serif\"><span style=\"font-size: medium\">El campe\u00f3n ol\u00edmpico franc\u00e9s de nataci\u00f3n en Londres 2012 y reciente abanderado del equipo ol\u00edmpico franc\u00e9s en los Juegos Ol\u00edmpicos de Par\u00eds 2024, Florent Manaudou, regresa al mundo del balonmano. Acaba de obtener una licencia en el club de Antibes para jugar en la divisi\u00f3n Nationale 2. Una gran historia para este peque\u00f1o apasionado del bal\u00f3n.<\/span><\/span><\/span><\/p>\n<p><span style=\"color: #0a1c4e\"><span style=\"font-family: Arial, sans-serif\"><span style=\"font-size: medium\">La \u00faltima vez que vimos a la estrella francesa de la nataci\u00f3n, <\/span><\/span><\/span><span style=\"color: #0a1c4e\"><span style=\"font-family: Arial, sans-serif\"><span style=\"font-size: medium\">Florent Manaudou <\/span><\/span><\/span><span style=\"color: #0a1c4e\"><span style=\"font-family: Arial, sans-serif\"><span style=\"font-size: medium\">, fue cerca del gimnasio Val de l&#8217;Arc de Aix en Provence en 2018, <\/span><\/span><\/span><span style=\"font-family: Arial, sans-serif\">donde el campe\u00f3n ol\u00edmpico de nataci\u00f3n de Londres 2012 hab\u00eda decidido dejar las maletas para dejar de lado la nataci\u00f3n y probar otros deportes. Gran aficionado al balonmano desde muy joven, su padre jug\u00f3 al balonmano durante mucho tiempo cerca de Anb\u00e9rieu-en-Bugey, quer\u00eda volver a su primer amor viniendo a jugar al bal\u00f3n durante casi dos temporadas en el PAUC. En aquel momento, el entrenador del primer equipo, <\/span><span style=\"color: #0a1c4e\"><span style=\"font-family: Arial, sans-serif\"><span style=\"font-size: medium\">J\u00e9r\u00f4me Fern\u00e1ndez<\/span><\/span><\/span><span style=\"color: #0a1c4e\"><span style=\"font-family: Arial, sans-serif\"><span style=\"font-size: medium\">, incluso lo llev\u00f3 al primer equipo para algunos partidos de preparaci\u00f3n en Enero de 2018, durante el par\u00f3n internacional.<\/span><\/span><\/span><\/p>\n<p><span style=\"color: #0a1c4e\"><span style=\"font-family: Arial, sans-serif\"><span style=\"font-size: medium\">Su regreso a la cancha es oficial con el anuncio en su momento por parte del club de balonmano de Antibes de la llegada del menor de los hermanos Manaudou a la plantilla 1 que juega en la Nacional 2 masculina. El reciente medallista de bronce ol\u00edmpico en Par\u00eds declar\u00f3 en la p\u00e1gina de Facebook del club que estaba Muy feliz de poder integrar el balonmano en su preparaci\u00f3n esta temporada. El balonmano es una verdadera pasi\u00f3n que le permite romper con la rutina, disfrutar y divertirse mientras sigue progresando f\u00edsicamente. En esta etapa de su carrera el equilibrio entre lo mental y lo f\u00edsico es fundamental, y el hecho de poder combinar nataci\u00f3n y balonmano le aporta una din\u00e1mica nueva y motivadora. Entrenar duro es importante, pero hacer cosas que te gusten para que el esfuerzo sea agradable es a\u00fan mejor. Gracias al club por la bienvenida y gracias por apoyarle en este nuevo enfoque de su preparaci\u00f3n.<\/span><\/span><\/span><\/p>\n<p><span style=\"font-family: Times New Roman, serif\"><span style=\"font-size: medium\"><span style=\"color: #666666\"><span style=\"font-family: Arial, sans-serif\"><span>Seguirnos en twitter: <\/span><\/span><\/span><span style=\"color: #000080\"><span><u><a href=\"#!\/deroscacope\"><span style=\"color: #0000ff\"><span style=\"font-family: Arial, sans-serif\"><b>https:\/\/twitter.com\/#!\/deroscacope<\/b><\/span><\/span><\/a><\/u><\/span><\/span> <\/span><\/span><\/p>\n","protected":false},"excerpt":{"rendered":"<p>El campe\u00f3n ol\u00edmpico franc\u00e9s de nataci\u00f3n en Londres 2012 y reciente abanderado del equipo ol\u00edmpico franc\u00e9s en los Juegos Ol\u00edmpicos de Par\u00eds 2024, Florent Manaudou, regresa al mundo del balonmano. Acaba de obtener una licencia en el club de Antibes para jugar en la divisi\u00f3n Nationale 2. Una gran historia para este peque\u00f1o apasionado del [&hellip;]<\/p>\n","protected":false},"author":23,"featured_media":4076,"comment_status":"open","ping_status":"open","sticky":false,"template":"","format":"standard","meta":{"footnotes":""},"categories":[3],"tags":[],"class_list":["post-4075","post","type-post","status-publish","format-standard","has-post-thumbnail","hentry","category-balonmano"],"yoast_head":"<!-- This site is optimized with the Yoast SEO plugin v27.4 - https:\/\/yoast.com\/product\/yoast-seo-wordpress\/ -->\n<title>Florent Manaudou regresa a jugar al balonmano en Antibes - Derosca<\/title>\n<meta name=\"robots\" content=\"index, follow, max-snippet:-1, max-image-preview:large, max-video-preview:-1\" \/>\n<link rel=\"canonical\" href=\"https:\/\/www.cope.es\/blogs\/derosca\/2024\/11\/12\/florent-manaudou-regresa-a-jugar-al-balonmano-en-antibes\/\" \/>\n<meta property=\"og:locale\" content=\"es_ES\" \/>\n<meta property=\"og:type\" content=\"article\" \/>\n<meta property=\"og:title\" content=\"Florent Manaudou regresa a jugar al balonmano en Antibes - Derosca\" \/>\n<meta property=\"og:description\" content=\"El campe\u00f3n ol\u00edmpico franc\u00e9s de nataci\u00f3n en Londres 2012 y reciente abanderado del equipo ol\u00edmpico franc\u00e9s en los Juegos Ol\u00edmpicos de Par\u00eds 2024, Florent Manaudou, regresa al mundo del balonmano. Acaba de obtener una licencia en el club de Antibes para jugar en la divisi\u00f3n Nationale 2. Una gran historia para este peque\u00f1o apasionado del [&hellip;]\" \/>\n<meta property=\"og:url\" content=\"https:\/\/www.cope.es\/blogs\/derosca\/2024\/11\/12\/florent-manaudou-regresa-a-jugar-al-balonmano-en-antibes\/\" \/>\n<meta property=\"og:site_name\" content=\"Derosca\" \/>\n<meta property=\"article:publisher\" content=\"https:\/\/www.facebook.com\/cope\/\" \/>\n<meta property=\"article:published_time\" content=\"2024-11-12T08:17:31+00:00\" \/>\n<meta property=\"og:image\" content=\"https:\/\/www.cope.es\/blogs\/derosca\/wp-content\/uploads\/sites\/22\/2024\/11\/florent-manaudou-surpuissant_article_landscape_pm_v8.jpg\" \/>\n\t<meta property=\"og:image:width\" content=\"680\" \/>\n\t<meta property=\"og:image:height\" content=\"294\" \/>\n\t<meta property=\"og:image:type\" content=\"image\/jpeg\" \/>\n<meta name=\"author\" content=\"Luis Malvar\" \/>\n<meta name=\"twitter:card\" content=\"summary_large_image\" \/>\n<meta name=\"twitter:creator\" content=\"@cope_es\" \/>\n<meta name=\"twitter:site\" content=\"@cope_es\" \/>\n<meta name=\"twitter:label1\" content=\"Escrito por\" \/>\n\t<meta name=\"twitter:data1\" content=\"Luis Malvar\" \/>\n\t<meta name=\"twitter:label2\" content=\"Tiempo de lectura\" \/>\n\t<meta name=\"twitter:data2\" content=\"2 minutos\" \/>\n<script type=\"application\/ld+json\" class=\"yoast-schema-graph\">{\"@context\":\"https:\\\/\\\/schema.org\",\"@graph\":[{\"@type\":\"Article\",\"@id\":\"https:\\\/\\\/www.cope.es\\\/blogs\\\/derosca\\\/2024\\\/11\\\/12\\\/florent-manaudou-regresa-a-jugar-al-balonmano-en-antibes\\\/#article\",\"isPartOf\":{\"@id\":\"https:\\\/\\\/www.cope.es\\\/blogs\\\/derosca\\\/2024\\\/11\\\/12\\\/florent-manaudou-regresa-a-jugar-al-balonmano-en-antibes\\\/\"},\"author\":{\"name\":\"Luis Malvar\",\"@id\":\"https:\\\/\\\/www.cope.es\\\/blogs\\\/derosca\\\/#\\\/schema\\\/person\\\/02d6fa6fa8d8db60f83303875a4ff77f\"},\"headline\":\"Florent Manaudou regresa a jugar al balonmano en Antibes\",\"datePublished\":\"2024-11-12T08:17:31+00:00\",\"mainEntityOfPage\":{\"@id\":\"https:\\\/\\\/www.cope.es\\\/blogs\\\/derosca\\\/2024\\\/11\\\/12\\\/florent-manaudou-regresa-a-jugar-al-balonmano-en-antibes\\\/\"},\"wordCount\":375,\"commentCount\":0,\"image\":{\"@id\":\"https:\\\/\\\/www.cope.es\\\/blogs\\\/derosca\\\/2024\\\/11\\\/12\\\/florent-manaudou-regresa-a-jugar-al-balonmano-en-antibes\\\/#primaryimage\"},\"thumbnailUrl\":\"https:\\\/\\\/www.cope.es\\\/blogs\\\/derosca\\\/wp-content\\\/uploads\\\/sites\\\/22\\\/2024\\\/11\\\/florent-manaudou-surpuissant_article_landscape_pm_v8.jpg\",\"articleSection\":[\"Balonmano\"],\"inLanguage\":\"es\",\"potentialAction\":[{\"@type\":\"CommentAction\",\"name\":\"Comment\",\"target\":[\"https:\\\/\\\/www.cope.es\\\/blogs\\\/derosca\\\/2024\\\/11\\\/12\\\/florent-manaudou-regresa-a-jugar-al-balonmano-en-antibes\\\/#respond\"]}]},{\"@type\":\"WebPage\",\"@id\":\"https:\\\/\\\/www.cope.es\\\/blogs\\\/derosca\\\/2024\\\/11\\\/12\\\/florent-manaudou-regresa-a-jugar-al-balonmano-en-antibes\\\/\",\"url\":\"https:\\\/\\\/www.cope.es\\\/blogs\\\/derosca\\\/2024\\\/11\\\/12\\\/florent-manaudou-regresa-a-jugar-al-balonmano-en-antibes\\\/\",\"name\":\"Florent Manaudou regresa a jugar al balonmano en Antibes - Derosca\",\"isPartOf\":{\"@id\":\"https:\\\/\\\/www.cope.es\\\/blogs\\\/derosca\\\/#website\"},\"primaryImageOfPage\":{\"@id\":\"https:\\\/\\\/www.cope.es\\\/blogs\\\/derosca\\\/2024\\\/11\\\/12\\\/florent-manaudou-regresa-a-jugar-al-balonmano-en-antibes\\\/#primaryimage\"},\"image\":{\"@id\":\"https:\\\/\\\/www.cope.es\\\/blogs\\\/derosca\\\/2024\\\/11\\\/12\\\/florent-manaudou-regresa-a-jugar-al-balonmano-en-antibes\\\/#primaryimage\"},\"thumbnailUrl\":\"https:\\\/\\\/www.cope.es\\\/blogs\\\/derosca\\\/wp-content\\\/uploads\\\/sites\\\/22\\\/2024\\\/11\\\/florent-manaudou-surpuissant_article_landscape_pm_v8.jpg\",\"datePublished\":\"2024-11-12T08:17:31+00:00\",\"author\":{\"@id\":\"https:\\\/\\\/www.cope.es\\\/blogs\\\/derosca\\\/#\\\/schema\\\/person\\\/02d6fa6fa8d8db60f83303875a4ff77f\"},\"breadcrumb\":{\"@id\":\"https:\\\/\\\/www.cope.es\\\/blogs\\\/derosca\\\/2024\\\/11\\\/12\\\/florent-manaudou-regresa-a-jugar-al-balonmano-en-antibes\\\/#breadcrumb\"},\"inLanguage\":\"es\",\"potentialAction\":[{\"@type\":\"ReadAction\",\"target\":[\"https:\\\/\\\/www.cope.es\\\/blogs\\\/derosca\\\/2024\\\/11\\\/12\\\/florent-manaudou-regresa-a-jugar-al-balonmano-en-antibes\\\/\"]}]},{\"@type\":\"ImageObject\",\"inLanguage\":\"es\",\"@id\":\"https:\\\/\\\/www.cope.es\\\/blogs\\\/derosca\\\/2024\\\/11\\\/12\\\/florent-manaudou-regresa-a-jugar-al-balonmano-en-antibes\\\/#primaryimage\",\"url\":\"https:\\\/\\\/www.cope.es\\\/blogs\\\/derosca\\\/wp-content\\\/uploads\\\/sites\\\/22\\\/2024\\\/11\\\/florent-manaudou-surpuissant_article_landscape_pm_v8.jpg\",\"contentUrl\":\"https:\\\/\\\/www.cope.es\\\/blogs\\\/derosca\\\/wp-content\\\/uploads\\\/sites\\\/22\\\/2024\\\/11\\\/florent-manaudou-surpuissant_article_landscape_pm_v8.jpg\",\"width\":680,\"height\":294,\"caption\":\"Florent Manaudou regresa a jugar al balonmano en Antibes\"},{\"@type\":\"BreadcrumbList\",\"@id\":\"https:\\\/\\\/www.cope.es\\\/blogs\\\/derosca\\\/2024\\\/11\\\/12\\\/florent-manaudou-regresa-a-jugar-al-balonmano-en-antibes\\\/#breadcrumb\",\"itemListElement\":[{\"@type\":\"ListItem\",\"position\":1,\"name\":\"Portada\",\"item\":\"https:\\\/\\\/www.cope.es\\\/blogs\\\/derosca\\\/\"},{\"@type\":\"ListItem\",\"position\":2,\"name\":\"Florent Manaudou regresa a jugar al balonmano en Antibes\"}]},{\"@type\":\"WebSite\",\"@id\":\"https:\\\/\\\/www.cope.es\\\/blogs\\\/derosca\\\/#website\",\"url\":\"https:\\\/\\\/www.cope.es\\\/blogs\\\/derosca\\\/\",\"name\":\"Derosca\",\"description\":\"Blog de balonmano COPE\",\"potentialAction\":[{\"@type\":\"SearchAction\",\"target\":{\"@type\":\"EntryPoint\",\"urlTemplate\":\"https:\\\/\\\/www.cope.es\\\/blogs\\\/derosca\\\/?s={search_term_string}\"},\"query-input\":{\"@type\":\"PropertyValueSpecification\",\"valueRequired\":true,\"valueName\":\"search_term_string\"}}],\"inLanguage\":\"es\"},{\"@type\":\"Person\",\"@id\":\"https:\\\/\\\/www.cope.es\\\/blogs\\\/derosca\\\/#\\\/schema\\\/person\\\/02d6fa6fa8d8db60f83303875a4ff77f\",\"name\":\"Luis Malvar\",\"image\":{\"@type\":\"ImageObject\",\"inLanguage\":\"es\",\"@id\":\"https:\\\/\\\/secure.gravatar.com\\\/avatar\\\/23cd47dec2904689b3ccd32d1dd3e86c7cbf60dcf7376c68854f761a4939534f?s=96&d=mm&r=g\",\"url\":\"https:\\\/\\\/secure.gravatar.com\\\/avatar\\\/23cd47dec2904689b3ccd32d1dd3e86c7cbf60dcf7376c68854f761a4939534f?s=96&d=mm&r=g\",\"contentUrl\":\"https:\\\/\\\/secure.gravatar.com\\\/avatar\\\/23cd47dec2904689b3ccd32d1dd3e86c7cbf60dcf7376c68854f761a4939534f?s=96&d=mm&r=g\",\"caption\":\"Luis Malvar\"},\"description\":\"Comenc\u00e9 la andadura del Blog Derosca all\u00e1 por el 22 de Mayo de 2008. Un blog en el que se trata de llevar a los numerosos aficionados y amantes del mundo del balonmano toda la actualidad de nuestro apasionante deporte. Una ventana que sirve para dar luz a las innumerables noticias que genera el balonmano y que habitualmente no tienen reflejo en los medios de comunicaci\u00f3n. Sin lugar a dudas el Blog Derosca cuenta con un apartado que tiene a gala contar con miles de seguidores como es \u201cMis Pajaritos\u201d en donde se relatan y narran todas las intrahistorias que se generan en el balonmano espa\u00f1ol y que incomoda a m\u00e1s de uno que salgan a la luz.!Gracias por seguirnos durante todos estos a\u00f1os\u00a1\",\"sameAs\":[\"http:\\\/\\\/www.cope.es\",\"lmalvar\"],\"url\":\"https:\\\/\\\/www.cope.es\\\/blogs\\\/derosca\\\/author\\\/lmalvar\\\/\"}]}<\/script>\n<!-- \/ Yoast SEO plugin. -->","yoast_head_json":{"title":"Florent Manaudou regresa a jugar al balonmano en Antibes - Derosca","robots":{"index":"index","follow":"follow","max-snippet":"max-snippet:-1","max-image-preview":"max-image-preview:large","max-video-preview":"max-video-preview:-1"},"canonical":"https:\/\/www.cope.es\/blogs\/derosca\/2024\/11\/12\/florent-manaudou-regresa-a-jugar-al-balonmano-en-antibes\/","og_locale":"es_ES","og_type":"article","og_title":"Florent Manaudou regresa a jugar al balonmano en Antibes - Derosca","og_description":"El campe\u00f3n ol\u00edmpico franc\u00e9s de nataci\u00f3n en Londres 2012 y reciente abanderado del equipo ol\u00edmpico franc\u00e9s en los Juegos Ol\u00edmpicos de Par\u00eds 2024, Florent Manaudou, regresa al mundo del balonmano. Acaba de obtener una licencia en el club de Antibes para jugar en la divisi\u00f3n Nationale 2. Una gran historia para este peque\u00f1o apasionado del [&hellip;]","og_url":"https:\/\/www.cope.es\/blogs\/derosca\/2024\/11\/12\/florent-manaudou-regresa-a-jugar-al-balonmano-en-antibes\/","og_site_name":"Derosca","article_publisher":"https:\/\/www.facebook.com\/cope\/","article_published_time":"2024-11-12T08:17:31+00:00","og_image":[{"width":680,"height":294,"url":"https:\/\/www.cope.es\/blogs\/derosca\/wp-content\/uploads\/sites\/22\/2024\/11\/florent-manaudou-surpuissant_article_landscape_pm_v8.jpg","type":"image\/jpeg"}],"author":"Luis Malvar","twitter_card":"summary_large_image","twitter_creator":"@cope_es","twitter_site":"@cope_es","twitter_misc":{"Escrito por":"Luis Malvar","Tiempo de lectura":"2 minutos"},"schema":{"@context":"https:\/\/schema.org","@graph":[{"@type":"Article","@id":"https:\/\/www.cope.es\/blogs\/derosca\/2024\/11\/12\/florent-manaudou-regresa-a-jugar-al-balonmano-en-antibes\/#article","isPartOf":{"@id":"https:\/\/www.cope.es\/blogs\/derosca\/2024\/11\/12\/florent-manaudou-regresa-a-jugar-al-balonmano-en-antibes\/"},"author":{"name":"Luis Malvar","@id":"https:\/\/www.cope.es\/blogs\/derosca\/#\/schema\/person\/02d6fa6fa8d8db60f83303875a4ff77f"},"headline":"Florent Manaudou regresa a jugar al balonmano en Antibes","datePublished":"2024-11-12T08:17:31+00:00","mainEntityOfPage":{"@id":"https:\/\/www.cope.es\/blogs\/derosca\/2024\/11\/12\/florent-manaudou-regresa-a-jugar-al-balonmano-en-antibes\/"},"wordCount":375,"commentCount":0,"image":{"@id":"https:\/\/www.cope.es\/blogs\/derosca\/2024\/11\/12\/florent-manaudou-regresa-a-jugar-al-balonmano-en-antibes\/#primaryimage"},"thumbnailUrl":"https:\/\/www.cope.es\/blogs\/derosca\/wp-content\/uploads\/sites\/22\/2024\/11\/florent-manaudou-surpuissant_article_landscape_pm_v8.jpg","articleSection":["Balonmano"],"inLanguage":"es","potentialAction":[{"@type":"CommentAction","name":"Comment","target":["https:\/\/www.cope.es\/blogs\/derosca\/2024\/11\/12\/florent-manaudou-regresa-a-jugar-al-balonmano-en-antibes\/#respond"]}]},{"@type":"WebPage","@id":"https:\/\/www.cope.es\/blogs\/derosca\/2024\/11\/12\/florent-manaudou-regresa-a-jugar-al-balonmano-en-antibes\/","url":"https:\/\/www.cope.es\/blogs\/derosca\/2024\/11\/12\/florent-manaudou-regresa-a-jugar-al-balonmano-en-antibes\/","name":"Florent Manaudou regresa a jugar al balonmano en Antibes - Derosca","isPartOf":{"@id":"https:\/\/www.cope.es\/blogs\/derosca\/#website"},"primaryImageOfPage":{"@id":"https:\/\/www.cope.es\/blogs\/derosca\/2024\/11\/12\/florent-manaudou-regresa-a-jugar-al-balonmano-en-antibes\/#primaryimage"},"image":{"@id":"https:\/\/www.cope.es\/blogs\/derosca\/2024\/11\/12\/florent-manaudou-regresa-a-jugar-al-balonmano-en-antibes\/#primaryimage"},"thumbnailUrl":"https:\/\/www.cope.es\/blogs\/derosca\/wp-content\/uploads\/sites\/22\/2024\/11\/florent-manaudou-surpuissant_article_landscape_pm_v8.jpg","datePublished":"2024-11-12T08:17:31+00:00","author":{"@id":"https:\/\/www.cope.es\/blogs\/derosca\/#\/schema\/person\/02d6fa6fa8d8db60f83303875a4ff77f"},"breadcrumb":{"@id":"https:\/\/www.cope.es\/blogs\/derosca\/2024\/11\/12\/florent-manaudou-regresa-a-jugar-al-balonmano-en-antibes\/#breadcrumb"},"inLanguage":"es","potentialAction":[{"@type":"ReadAction","target":["https:\/\/www.cope.es\/blogs\/derosca\/2024\/11\/12\/florent-manaudou-regresa-a-jugar-al-balonmano-en-antibes\/"]}]},{"@type":"ImageObject","inLanguage":"es","@id":"https:\/\/www.cope.es\/blogs\/derosca\/2024\/11\/12\/florent-manaudou-regresa-a-jugar-al-balonmano-en-antibes\/#primaryimage","url":"https:\/\/www.cope.es\/blogs\/derosca\/wp-content\/uploads\/sites\/22\/2024\/11\/florent-manaudou-surpuissant_article_landscape_pm_v8.jpg","contentUrl":"https:\/\/www.cope.es\/blogs\/derosca\/wp-content\/uploads\/sites\/22\/2024\/11\/florent-manaudou-surpuissant_article_landscape_pm_v8.jpg","width":680,"height":294,"caption":"Florent Manaudou regresa a jugar al balonmano en Antibes"},{"@type":"BreadcrumbList","@id":"https:\/\/www.cope.es\/blogs\/derosca\/2024\/11\/12\/florent-manaudou-regresa-a-jugar-al-balonmano-en-antibes\/#breadcrumb","itemListElement":[{"@type":"ListItem","position":1,"name":"Portada","item":"https:\/\/www.cope.es\/blogs\/derosca\/"},{"@type":"ListItem","position":2,"name":"Florent Manaudou regresa a jugar al balonmano en Antibes"}]},{"@type":"WebSite","@id":"https:\/\/www.cope.es\/blogs\/derosca\/#website","url":"https:\/\/www.cope.es\/blogs\/derosca\/","name":"Derosca","description":"Blog de balonmano COPE","potentialAction":[{"@type":"SearchAction","target":{"@type":"EntryPoint","urlTemplate":"https:\/\/www.cope.es\/blogs\/derosca\/?s={search_term_string}"},"query-input":{"@type":"PropertyValueSpecification","valueRequired":true,"valueName":"search_term_string"}}],"inLanguage":"es"},{"@type":"Person","@id":"https:\/\/www.cope.es\/blogs\/derosca\/#\/schema\/person\/02d6fa6fa8d8db60f83303875a4ff77f","name":"Luis Malvar","image":{"@type":"ImageObject","inLanguage":"es","@id":"https:\/\/secure.gravatar.com\/avatar\/23cd47dec2904689b3ccd32d1dd3e86c7cbf60dcf7376c68854f761a4939534f?s=96&d=mm&r=g","url":"https:\/\/secure.gravatar.com\/avatar\/23cd47dec2904689b3ccd32d1dd3e86c7cbf60dcf7376c68854f761a4939534f?s=96&d=mm&r=g","contentUrl":"https:\/\/secure.gravatar.com\/avatar\/23cd47dec2904689b3ccd32d1dd3e86c7cbf60dcf7376c68854f761a4939534f?s=96&d=mm&r=g","caption":"Luis Malvar"},"description":"Comenc\u00e9 la andadura del Blog Derosca all\u00e1 por el 22 de Mayo de 2008. Un blog en el que se trata de llevar a los numerosos aficionados y amantes del mundo del balonmano toda la actualidad de nuestro apasionante deporte. Una ventana que sirve para dar luz a las innumerables noticias que genera el balonmano y que habitualmente no tienen reflejo en los medios de comunicaci\u00f3n. Sin lugar a dudas el Blog Derosca cuenta con un apartado que tiene a gala contar con miles de seguidores como es \u201cMis Pajaritos\u201d en donde se relatan y narran todas las intrahistorias que se generan en el balonmano espa\u00f1ol y que incomoda a m\u00e1s de uno que salgan a la luz.!Gracias por seguirnos durante todos estos a\u00f1os\u00a1","sameAs":["http:\/\/www.cope.es","lmalvar"],"url":"https:\/\/www.cope.es\/blogs\/derosca\/author\/lmalvar\/"}]}},"amp_enabled":true,"_links":{"self":[{"href":"https:\/\/www.cope.es\/blogs\/derosca\/wp-json\/wp\/v2\/posts\/4075","targetHints":{"allow":["GET"]}}],"collection":[{"href":"https:\/\/www.cope.es\/blogs\/derosca\/wp-json\/wp\/v2\/posts"}],"about":[{"href":"https:\/\/www.cope.es\/blogs\/derosca\/wp-json\/wp\/v2\/types\/post"}],"author":[{"embeddable":true,"href":"https:\/\/www.cope.es\/blogs\/derosca\/wp-json\/wp\/v2\/users\/23"}],"replies":[{"embeddable":true,"href":"https:\/\/www.cope.es\/blogs\/derosca\/wp-json\/wp\/v2\/comments?post=4075"}],"version-history":[{"count":1,"href":"https:\/\/www.cope.es\/blogs\/derosca\/wp-json\/wp\/v2\/posts\/4075\/revisions"}],"predecessor-version":[{"id":4077,"href":"https:\/\/www.cope.es\/blogs\/derosca\/wp-json\/wp\/v2\/posts\/4075\/revisions\/4077"}],"wp:featuredmedia":[{"embeddable":true,"href":"https:\/\/www.cope.es\/blogs\/derosca\/wp-json\/wp\/v2\/media\/4076"}],"wp:attachment":[{"href":"https:\/\/www.cope.es\/blogs\/derosca\/wp-json\/wp\/v2\/media?parent=4075"}],"wp:term":[{"taxonomy":"category","embeddable":true,"href":"https:\/\/www.cope.es\/blogs\/derosca\/wp-json\/wp\/v2\/categories?post=4075"},{"taxonomy":"post_tag","embeddable":true,"href":"https:\/\/www.cope.es\/blogs\/derosca\/wp-json\/wp\/v2\/tags?post=4075"}],"curies":[{"name":"wp","href":"https:\/\/api.w.org\/{rel}","templated":true}]}}