{"id":4047,"date":"2024-10-28T09:35:56","date_gmt":"2024-10-28T08:35:56","guid":{"rendered":"http:\/\/www.cope.es\/blogs\/derosca\/?p=4047"},"modified":"2024-10-28T09:35:56","modified_gmt":"2024-10-28T08:35:56","slug":"una-grave-lesion-retira-al-jugador-aleman-paul-drux-del-balonmano","status":"publish","type":"post","link":"https:\/\/www.cope.es\/blogs\/derosca\/2024\/10\/28\/una-grave-lesion-retira-al-jugador-aleman-paul-drux-del-balonmano\/","title":{"rendered":"Una grave lesi\u00f3n retira al jugador alem\u00e1n Paul Drux del balonmano"},"content":{"rendered":"<p><span style=\"color: #222222\"><span style=\"font-family: Arial, sans-serif\"><span style=\"font-size: medium\">El capit\u00e1n del Fuchse Berl\u00edn y miembro de la Selecci\u00f3n de Alemania sufri\u00f3 hace unas semanas una grave lesi\u00f3n de rodilla que ha supuesto el fin de su carrera como jugador de balonmano. As\u00ed lo confirmaron los dirigentes del club de la capital alemana, as\u00ed como el primer hombre del Fuchse, Bob Hanning. De esta manera el jugador de 29 a\u00f1os termin\u00f3 su carrera y es una de las m\u00e1s dolorosas para un jugador profesional. El entrenador de los berlineses, Jaron Siewert, no ocult\u00f3 su indignaci\u00f3n y manifest\u00f3 que Paul Drux ha estado involucrado en la formaci\u00f3n de este club durante m\u00e1s de una d\u00e9cada. Con su marcha, la escena del balonmano pierde a un jugador que logr\u00f3 mucho para el Fuchse y tambi\u00e9n para el balonmano alem\u00e1n.<\/span><\/span><\/span><\/p>\n<p><span style=\"color: #222222\"><span style=\"font-family: Arial, sans-serif\"><span style=\"font-size: medium\">Por su parte el Director Deportivo del club, Stefan Kretszchmar, se hizo eco de esta dram\u00e1tica noticia y dijo que todos estaban dolidos por el hecho de que lo hayan perdido en el campo. A pesar de ello, cre\u00eda y esperaba que pueda encontrar otro puesto en el club y seguir siendo parte de su asociaci\u00f3n.<\/span><\/span><\/span><\/p>\n<p><span style=\"color: #222222\"><span style=\"font-family: Arial, sans-serif\"><span style=\"font-size: medium\">Recordemos que Paul Drux estuvo en el Berl\u00edn durante 13 a\u00f1os, disputando 127 partidos con la selecci\u00f3n nacional y marcando 214 goles. Es inevitable que el aficionado al balonmano eche de menos a Paul Drux, y lo m\u00e1s importante en este momento es que la recuperaci\u00f3n tras la operaci\u00f3n evolucione bien.<\/span><\/span><\/span><\/p>\n<p><span style=\"color: #222222\"><span style=\"font-family: Arial, sans-serif\"><span style=\"font-size: medium\"><span>Sin lugar a dudas este ha sido un gran golpe para el equipo alem\u00e1n del <\/span><\/span><\/span><\/span><span style=\"color: #222222\"><span style=\"font-family: Arial, sans-serif\"><span style=\"font-size: medium\"><span>F\u00fcchse Berlin<\/span><\/span><\/span><\/span><span style=\"color: #222222\"><span style=\"font-family: Arial, sans-serif\"><span style=\"font-size: medium\"><span>. <\/span><\/span><\/span><\/span><span style=\"color: #222222\"><span style=\"font-family: Arial, sans-serif\"><span style=\"font-size: medium\"><span>Los m\u00e9dicos descartaron que el lateral izquierdo de <\/span><\/span><\/span><\/span><span style=\"color: #222222\"><span style=\"font-family: Arial, sans-serif\"><span style=\"font-size: medium\"><span>29 a\u00f1os pudiera <\/span><\/span><\/span><\/span><span style=\"color: #222222\"><span style=\"font-family: Arial, sans-serif\"><span style=\"font-size: medium\"><span>volver a la competici\u00f3n . Paul Drux ha desarrollado toda su carrera profesional en el club capitalino, con el que debut\u00f3 en 2012. El entrenador del F\u00fcchse Berl\u00edn, <\/span><\/span><\/span><\/span><span style=\"color: #222222\"><span style=\"font-family: Arial, sans-serif\"><span style=\"font-size: medium\"><span>Jaron Siewert, manifest\u00f3 que t<\/span><\/span><\/span><\/span><span style=\"color: #222222\"><span style=\"font-family: Arial, sans-serif\"><span style=\"font-size: medium\"><span>ener que terminar una carrera tan exitosa debido a una lesi\u00f3n, y a una edad tan temprana, duele. Deja un gran vac\u00edo, fue una gran figura identificativa en el club y ha sido nuestro capit\u00e1n desde el comienzo de mi mandato<\/span><\/span><\/span><\/span><span style=\"color: #222222\"><span style=\"font-family: Arial, sans-serif\"><span style=\"font-size: medium\"><span>.<\/span><\/span><\/span><\/span><\/p>\n<p><em><span style=\"color: #666666\"><span style=\"font-family: Arial, sans-serif\"><span style=\"font-size: medium\"><span>Seguirnos en twitter: <\/span><\/span><\/span><\/span><\/em><span style=\"color: #000080\"><span><u><a href=\"#!\/deroscacope\"><span style=\"color: #0000ff\"><span style=\"font-family: Arial, sans-serif\"><span style=\"font-size: medium\"><b>https:\/\/twitter.com\/#!\/deroscacope<\/b><\/span><\/span><\/span><\/a><\/u><\/span><\/span><\/p>\n","protected":false},"excerpt":{"rendered":"<p>El capit\u00e1n del Fuchse Berl\u00edn y miembro de la Selecci\u00f3n de Alemania sufri\u00f3 hace unas semanas una grave lesi\u00f3n de rodilla que ha supuesto el fin de su carrera como jugador de balonmano. As\u00ed lo confirmaron los dirigentes del club de la capital alemana, as\u00ed como el primer hombre del Fuchse, Bob Hanning. De esta [&hellip;]<\/p>\n","protected":false},"author":23,"featured_media":4048,"comment_status":"open","ping_status":"open","sticky":false,"template":"","format":"standard","meta":{"footnotes":""},"categories":[3],"tags":[],"class_list":["post-4047","post","type-post","status-publish","format-standard","has-post-thumbnail","hentry","category-balonmano"],"yoast_head":"<!-- This site is optimized with the Yoast SEO plugin v27.4 - https:\/\/yoast.com\/product\/yoast-seo-wordpress\/ -->\n<title>Una grave lesi\u00f3n retira al jugador alem\u00e1n Paul Drux del balonmano - Derosca<\/title>\n<meta name=\"robots\" content=\"index, follow, max-snippet:-1, max-image-preview:large, max-video-preview:-1\" \/>\n<link rel=\"canonical\" href=\"https:\/\/www.cope.es\/blogs\/derosca\/2024\/10\/28\/una-grave-lesion-retira-al-jugador-aleman-paul-drux-del-balonmano\/\" \/>\n<meta property=\"og:locale\" content=\"es_ES\" \/>\n<meta property=\"og:type\" content=\"article\" \/>\n<meta property=\"og:title\" content=\"Una grave lesi\u00f3n retira al jugador alem\u00e1n Paul Drux del balonmano - Derosca\" \/>\n<meta property=\"og:description\" content=\"El capit\u00e1n del Fuchse Berl\u00edn y miembro de la Selecci\u00f3n de Alemania sufri\u00f3 hace unas semanas una grave lesi\u00f3n de rodilla que ha supuesto el fin de su carrera como jugador de balonmano. As\u00ed lo confirmaron los dirigentes del club de la capital alemana, as\u00ed como el primer hombre del Fuchse, Bob Hanning. De esta [&hellip;]\" \/>\n<meta property=\"og:url\" content=\"https:\/\/www.cope.es\/blogs\/derosca\/2024\/10\/28\/una-grave-lesion-retira-al-jugador-aleman-paul-drux-del-balonmano\/\" \/>\n<meta property=\"og:site_name\" content=\"Derosca\" \/>\n<meta property=\"article:publisher\" content=\"https:\/\/www.facebook.com\/cope\/\" \/>\n<meta property=\"article:published_time\" content=\"2024-10-28T08:35:56+00:00\" \/>\n<meta property=\"og:image\" content=\"https:\/\/www.cope.es\/blogs\/derosca\/wp-content\/uploads\/sites\/22\/2024\/10\/239282978_379501946877669_8340532483708502148_n.jpg\" \/>\n\t<meta property=\"og:image:width\" content=\"680\" \/>\n\t<meta property=\"og:image:height\" content=\"569\" \/>\n\t<meta property=\"og:image:type\" content=\"image\/jpeg\" \/>\n<meta name=\"author\" content=\"Luis Malvar\" \/>\n<meta name=\"twitter:card\" content=\"summary_large_image\" \/>\n<meta name=\"twitter:creator\" content=\"@cope_es\" \/>\n<meta name=\"twitter:site\" content=\"@cope_es\" \/>\n<meta name=\"twitter:label1\" content=\"Escrito por\" \/>\n\t<meta name=\"twitter:data1\" content=\"Luis Malvar\" \/>\n\t<meta name=\"twitter:label2\" content=\"Tiempo de lectura\" \/>\n\t<meta name=\"twitter:data2\" content=\"2 minutos\" \/>\n<script type=\"application\/ld+json\" class=\"yoast-schema-graph\">{\"@context\":\"https:\\\/\\\/schema.org\",\"@graph\":[{\"@type\":\"Article\",\"@id\":\"https:\\\/\\\/www.cope.es\\\/blogs\\\/derosca\\\/2024\\\/10\\\/28\\\/una-grave-lesion-retira-al-jugador-aleman-paul-drux-del-balonmano\\\/#article\",\"isPartOf\":{\"@id\":\"https:\\\/\\\/www.cope.es\\\/blogs\\\/derosca\\\/2024\\\/10\\\/28\\\/una-grave-lesion-retira-al-jugador-aleman-paul-drux-del-balonmano\\\/\"},\"author\":{\"name\":\"Luis Malvar\",\"@id\":\"https:\\\/\\\/www.cope.es\\\/blogs\\\/derosca\\\/#\\\/schema\\\/person\\\/02d6fa6fa8d8db60f83303875a4ff77f\"},\"headline\":\"Una grave lesi\u00f3n retira al jugador alem\u00e1n Paul Drux del balonmano\",\"datePublished\":\"2024-10-28T08:35:56+00:00\",\"mainEntityOfPage\":{\"@id\":\"https:\\\/\\\/www.cope.es\\\/blogs\\\/derosca\\\/2024\\\/10\\\/28\\\/una-grave-lesion-retira-al-jugador-aleman-paul-drux-del-balonmano\\\/\"},\"wordCount\":381,\"commentCount\":0,\"image\":{\"@id\":\"https:\\\/\\\/www.cope.es\\\/blogs\\\/derosca\\\/2024\\\/10\\\/28\\\/una-grave-lesion-retira-al-jugador-aleman-paul-drux-del-balonmano\\\/#primaryimage\"},\"thumbnailUrl\":\"https:\\\/\\\/www.cope.es\\\/blogs\\\/derosca\\\/wp-content\\\/uploads\\\/sites\\\/22\\\/2024\\\/10\\\/239282978_379501946877669_8340532483708502148_n.jpg\",\"articleSection\":[\"Balonmano\"],\"inLanguage\":\"es\",\"potentialAction\":[{\"@type\":\"CommentAction\",\"name\":\"Comment\",\"target\":[\"https:\\\/\\\/www.cope.es\\\/blogs\\\/derosca\\\/2024\\\/10\\\/28\\\/una-grave-lesion-retira-al-jugador-aleman-paul-drux-del-balonmano\\\/#respond\"]}]},{\"@type\":\"WebPage\",\"@id\":\"https:\\\/\\\/www.cope.es\\\/blogs\\\/derosca\\\/2024\\\/10\\\/28\\\/una-grave-lesion-retira-al-jugador-aleman-paul-drux-del-balonmano\\\/\",\"url\":\"https:\\\/\\\/www.cope.es\\\/blogs\\\/derosca\\\/2024\\\/10\\\/28\\\/una-grave-lesion-retira-al-jugador-aleman-paul-drux-del-balonmano\\\/\",\"name\":\"Una grave lesi\u00f3n retira al jugador alem\u00e1n Paul Drux del balonmano - Derosca\",\"isPartOf\":{\"@id\":\"https:\\\/\\\/www.cope.es\\\/blogs\\\/derosca\\\/#website\"},\"primaryImageOfPage\":{\"@id\":\"https:\\\/\\\/www.cope.es\\\/blogs\\\/derosca\\\/2024\\\/10\\\/28\\\/una-grave-lesion-retira-al-jugador-aleman-paul-drux-del-balonmano\\\/#primaryimage\"},\"image\":{\"@id\":\"https:\\\/\\\/www.cope.es\\\/blogs\\\/derosca\\\/2024\\\/10\\\/28\\\/una-grave-lesion-retira-al-jugador-aleman-paul-drux-del-balonmano\\\/#primaryimage\"},\"thumbnailUrl\":\"https:\\\/\\\/www.cope.es\\\/blogs\\\/derosca\\\/wp-content\\\/uploads\\\/sites\\\/22\\\/2024\\\/10\\\/239282978_379501946877669_8340532483708502148_n.jpg\",\"datePublished\":\"2024-10-28T08:35:56+00:00\",\"author\":{\"@id\":\"https:\\\/\\\/www.cope.es\\\/blogs\\\/derosca\\\/#\\\/schema\\\/person\\\/02d6fa6fa8d8db60f83303875a4ff77f\"},\"breadcrumb\":{\"@id\":\"https:\\\/\\\/www.cope.es\\\/blogs\\\/derosca\\\/2024\\\/10\\\/28\\\/una-grave-lesion-retira-al-jugador-aleman-paul-drux-del-balonmano\\\/#breadcrumb\"},\"inLanguage\":\"es\",\"potentialAction\":[{\"@type\":\"ReadAction\",\"target\":[\"https:\\\/\\\/www.cope.es\\\/blogs\\\/derosca\\\/2024\\\/10\\\/28\\\/una-grave-lesion-retira-al-jugador-aleman-paul-drux-del-balonmano\\\/\"]}]},{\"@type\":\"ImageObject\",\"inLanguage\":\"es\",\"@id\":\"https:\\\/\\\/www.cope.es\\\/blogs\\\/derosca\\\/2024\\\/10\\\/28\\\/una-grave-lesion-retira-al-jugador-aleman-paul-drux-del-balonmano\\\/#primaryimage\",\"url\":\"https:\\\/\\\/www.cope.es\\\/blogs\\\/derosca\\\/wp-content\\\/uploads\\\/sites\\\/22\\\/2024\\\/10\\\/239282978_379501946877669_8340532483708502148_n.jpg\",\"contentUrl\":\"https:\\\/\\\/www.cope.es\\\/blogs\\\/derosca\\\/wp-content\\\/uploads\\\/sites\\\/22\\\/2024\\\/10\\\/239282978_379501946877669_8340532483708502148_n.jpg\",\"width\":680,\"height\":569,\"caption\":\"Una grave lesi\u00f3n retira al jugador alem\u00e1n Paul Drux del balonmano\"},{\"@type\":\"BreadcrumbList\",\"@id\":\"https:\\\/\\\/www.cope.es\\\/blogs\\\/derosca\\\/2024\\\/10\\\/28\\\/una-grave-lesion-retira-al-jugador-aleman-paul-drux-del-balonmano\\\/#breadcrumb\",\"itemListElement\":[{\"@type\":\"ListItem\",\"position\":1,\"name\":\"Portada\",\"item\":\"https:\\\/\\\/www.cope.es\\\/blogs\\\/derosca\\\/\"},{\"@type\":\"ListItem\",\"position\":2,\"name\":\"Una grave lesi\u00f3n retira al jugador alem\u00e1n Paul Drux del balonmano\"}]},{\"@type\":\"WebSite\",\"@id\":\"https:\\\/\\\/www.cope.es\\\/blogs\\\/derosca\\\/#website\",\"url\":\"https:\\\/\\\/www.cope.es\\\/blogs\\\/derosca\\\/\",\"name\":\"Derosca\",\"description\":\"Blog de balonmano COPE\",\"potentialAction\":[{\"@type\":\"SearchAction\",\"target\":{\"@type\":\"EntryPoint\",\"urlTemplate\":\"https:\\\/\\\/www.cope.es\\\/blogs\\\/derosca\\\/?s={search_term_string}\"},\"query-input\":{\"@type\":\"PropertyValueSpecification\",\"valueRequired\":true,\"valueName\":\"search_term_string\"}}],\"inLanguage\":\"es\"},{\"@type\":\"Person\",\"@id\":\"https:\\\/\\\/www.cope.es\\\/blogs\\\/derosca\\\/#\\\/schema\\\/person\\\/02d6fa6fa8d8db60f83303875a4ff77f\",\"name\":\"Luis Malvar\",\"image\":{\"@type\":\"ImageObject\",\"inLanguage\":\"es\",\"@id\":\"https:\\\/\\\/secure.gravatar.com\\\/avatar\\\/23cd47dec2904689b3ccd32d1dd3e86c7cbf60dcf7376c68854f761a4939534f?s=96&d=mm&r=g\",\"url\":\"https:\\\/\\\/secure.gravatar.com\\\/avatar\\\/23cd47dec2904689b3ccd32d1dd3e86c7cbf60dcf7376c68854f761a4939534f?s=96&d=mm&r=g\",\"contentUrl\":\"https:\\\/\\\/secure.gravatar.com\\\/avatar\\\/23cd47dec2904689b3ccd32d1dd3e86c7cbf60dcf7376c68854f761a4939534f?s=96&d=mm&r=g\",\"caption\":\"Luis Malvar\"},\"description\":\"Comenc\u00e9 la andadura del Blog Derosca all\u00e1 por el 22 de Mayo de 2008. Un blog en el que se trata de llevar a los numerosos aficionados y amantes del mundo del balonmano toda la actualidad de nuestro apasionante deporte. Una ventana que sirve para dar luz a las innumerables noticias que genera el balonmano y que habitualmente no tienen reflejo en los medios de comunicaci\u00f3n. Sin lugar a dudas el Blog Derosca cuenta con un apartado que tiene a gala contar con miles de seguidores como es \u201cMis Pajaritos\u201d en donde se relatan y narran todas las intrahistorias que se generan en el balonmano espa\u00f1ol y que incomoda a m\u00e1s de uno que salgan a la luz.!Gracias por seguirnos durante todos estos a\u00f1os\u00a1\",\"sameAs\":[\"http:\\\/\\\/www.cope.es\",\"lmalvar\"],\"url\":\"https:\\\/\\\/www.cope.es\\\/blogs\\\/derosca\\\/author\\\/lmalvar\\\/\"}]}<\/script>\n<!-- \/ Yoast SEO plugin. -->","yoast_head_json":{"title":"Una grave lesi\u00f3n retira al jugador alem\u00e1n Paul Drux del balonmano - Derosca","robots":{"index":"index","follow":"follow","max-snippet":"max-snippet:-1","max-image-preview":"max-image-preview:large","max-video-preview":"max-video-preview:-1"},"canonical":"https:\/\/www.cope.es\/blogs\/derosca\/2024\/10\/28\/una-grave-lesion-retira-al-jugador-aleman-paul-drux-del-balonmano\/","og_locale":"es_ES","og_type":"article","og_title":"Una grave lesi\u00f3n retira al jugador alem\u00e1n Paul Drux del balonmano - Derosca","og_description":"El capit\u00e1n del Fuchse Berl\u00edn y miembro de la Selecci\u00f3n de Alemania sufri\u00f3 hace unas semanas una grave lesi\u00f3n de rodilla que ha supuesto el fin de su carrera como jugador de balonmano. As\u00ed lo confirmaron los dirigentes del club de la capital alemana, as\u00ed como el primer hombre del Fuchse, Bob Hanning. De esta [&hellip;]","og_url":"https:\/\/www.cope.es\/blogs\/derosca\/2024\/10\/28\/una-grave-lesion-retira-al-jugador-aleman-paul-drux-del-balonmano\/","og_site_name":"Derosca","article_publisher":"https:\/\/www.facebook.com\/cope\/","article_published_time":"2024-10-28T08:35:56+00:00","og_image":[{"width":680,"height":569,"url":"https:\/\/www.cope.es\/blogs\/derosca\/wp-content\/uploads\/sites\/22\/2024\/10\/239282978_379501946877669_8340532483708502148_n.jpg","type":"image\/jpeg"}],"author":"Luis Malvar","twitter_card":"summary_large_image","twitter_creator":"@cope_es","twitter_site":"@cope_es","twitter_misc":{"Escrito por":"Luis Malvar","Tiempo de lectura":"2 minutos"},"schema":{"@context":"https:\/\/schema.org","@graph":[{"@type":"Article","@id":"https:\/\/www.cope.es\/blogs\/derosca\/2024\/10\/28\/una-grave-lesion-retira-al-jugador-aleman-paul-drux-del-balonmano\/#article","isPartOf":{"@id":"https:\/\/www.cope.es\/blogs\/derosca\/2024\/10\/28\/una-grave-lesion-retira-al-jugador-aleman-paul-drux-del-balonmano\/"},"author":{"name":"Luis Malvar","@id":"https:\/\/www.cope.es\/blogs\/derosca\/#\/schema\/person\/02d6fa6fa8d8db60f83303875a4ff77f"},"headline":"Una grave lesi\u00f3n retira al jugador alem\u00e1n Paul Drux del balonmano","datePublished":"2024-10-28T08:35:56+00:00","mainEntityOfPage":{"@id":"https:\/\/www.cope.es\/blogs\/derosca\/2024\/10\/28\/una-grave-lesion-retira-al-jugador-aleman-paul-drux-del-balonmano\/"},"wordCount":381,"commentCount":0,"image":{"@id":"https:\/\/www.cope.es\/blogs\/derosca\/2024\/10\/28\/una-grave-lesion-retira-al-jugador-aleman-paul-drux-del-balonmano\/#primaryimage"},"thumbnailUrl":"https:\/\/www.cope.es\/blogs\/derosca\/wp-content\/uploads\/sites\/22\/2024\/10\/239282978_379501946877669_8340532483708502148_n.jpg","articleSection":["Balonmano"],"inLanguage":"es","potentialAction":[{"@type":"CommentAction","name":"Comment","target":["https:\/\/www.cope.es\/blogs\/derosca\/2024\/10\/28\/una-grave-lesion-retira-al-jugador-aleman-paul-drux-del-balonmano\/#respond"]}]},{"@type":"WebPage","@id":"https:\/\/www.cope.es\/blogs\/derosca\/2024\/10\/28\/una-grave-lesion-retira-al-jugador-aleman-paul-drux-del-balonmano\/","url":"https:\/\/www.cope.es\/blogs\/derosca\/2024\/10\/28\/una-grave-lesion-retira-al-jugador-aleman-paul-drux-del-balonmano\/","name":"Una grave lesi\u00f3n retira al jugador alem\u00e1n Paul Drux del balonmano - Derosca","isPartOf":{"@id":"https:\/\/www.cope.es\/blogs\/derosca\/#website"},"primaryImageOfPage":{"@id":"https:\/\/www.cope.es\/blogs\/derosca\/2024\/10\/28\/una-grave-lesion-retira-al-jugador-aleman-paul-drux-del-balonmano\/#primaryimage"},"image":{"@id":"https:\/\/www.cope.es\/blogs\/derosca\/2024\/10\/28\/una-grave-lesion-retira-al-jugador-aleman-paul-drux-del-balonmano\/#primaryimage"},"thumbnailUrl":"https:\/\/www.cope.es\/blogs\/derosca\/wp-content\/uploads\/sites\/22\/2024\/10\/239282978_379501946877669_8340532483708502148_n.jpg","datePublished":"2024-10-28T08:35:56+00:00","author":{"@id":"https:\/\/www.cope.es\/blogs\/derosca\/#\/schema\/person\/02d6fa6fa8d8db60f83303875a4ff77f"},"breadcrumb":{"@id":"https:\/\/www.cope.es\/blogs\/derosca\/2024\/10\/28\/una-grave-lesion-retira-al-jugador-aleman-paul-drux-del-balonmano\/#breadcrumb"},"inLanguage":"es","potentialAction":[{"@type":"ReadAction","target":["https:\/\/www.cope.es\/blogs\/derosca\/2024\/10\/28\/una-grave-lesion-retira-al-jugador-aleman-paul-drux-del-balonmano\/"]}]},{"@type":"ImageObject","inLanguage":"es","@id":"https:\/\/www.cope.es\/blogs\/derosca\/2024\/10\/28\/una-grave-lesion-retira-al-jugador-aleman-paul-drux-del-balonmano\/#primaryimage","url":"https:\/\/www.cope.es\/blogs\/derosca\/wp-content\/uploads\/sites\/22\/2024\/10\/239282978_379501946877669_8340532483708502148_n.jpg","contentUrl":"https:\/\/www.cope.es\/blogs\/derosca\/wp-content\/uploads\/sites\/22\/2024\/10\/239282978_379501946877669_8340532483708502148_n.jpg","width":680,"height":569,"caption":"Una grave lesi\u00f3n retira al jugador alem\u00e1n Paul Drux del balonmano"},{"@type":"BreadcrumbList","@id":"https:\/\/www.cope.es\/blogs\/derosca\/2024\/10\/28\/una-grave-lesion-retira-al-jugador-aleman-paul-drux-del-balonmano\/#breadcrumb","itemListElement":[{"@type":"ListItem","position":1,"name":"Portada","item":"https:\/\/www.cope.es\/blogs\/derosca\/"},{"@type":"ListItem","position":2,"name":"Una grave lesi\u00f3n retira al jugador alem\u00e1n Paul Drux del balonmano"}]},{"@type":"WebSite","@id":"https:\/\/www.cope.es\/blogs\/derosca\/#website","url":"https:\/\/www.cope.es\/blogs\/derosca\/","name":"Derosca","description":"Blog de balonmano COPE","potentialAction":[{"@type":"SearchAction","target":{"@type":"EntryPoint","urlTemplate":"https:\/\/www.cope.es\/blogs\/derosca\/?s={search_term_string}"},"query-input":{"@type":"PropertyValueSpecification","valueRequired":true,"valueName":"search_term_string"}}],"inLanguage":"es"},{"@type":"Person","@id":"https:\/\/www.cope.es\/blogs\/derosca\/#\/schema\/person\/02d6fa6fa8d8db60f83303875a4ff77f","name":"Luis Malvar","image":{"@type":"ImageObject","inLanguage":"es","@id":"https:\/\/secure.gravatar.com\/avatar\/23cd47dec2904689b3ccd32d1dd3e86c7cbf60dcf7376c68854f761a4939534f?s=96&d=mm&r=g","url":"https:\/\/secure.gravatar.com\/avatar\/23cd47dec2904689b3ccd32d1dd3e86c7cbf60dcf7376c68854f761a4939534f?s=96&d=mm&r=g","contentUrl":"https:\/\/secure.gravatar.com\/avatar\/23cd47dec2904689b3ccd32d1dd3e86c7cbf60dcf7376c68854f761a4939534f?s=96&d=mm&r=g","caption":"Luis Malvar"},"description":"Comenc\u00e9 la andadura del Blog Derosca all\u00e1 por el 22 de Mayo de 2008. Un blog en el que se trata de llevar a los numerosos aficionados y amantes del mundo del balonmano toda la actualidad de nuestro apasionante deporte. Una ventana que sirve para dar luz a las innumerables noticias que genera el balonmano y que habitualmente no tienen reflejo en los medios de comunicaci\u00f3n. Sin lugar a dudas el Blog Derosca cuenta con un apartado que tiene a gala contar con miles de seguidores como es \u201cMis Pajaritos\u201d en donde se relatan y narran todas las intrahistorias que se generan en el balonmano espa\u00f1ol y que incomoda a m\u00e1s de uno que salgan a la luz.!Gracias por seguirnos durante todos estos a\u00f1os\u00a1","sameAs":["http:\/\/www.cope.es","lmalvar"],"url":"https:\/\/www.cope.es\/blogs\/derosca\/author\/lmalvar\/"}]}},"amp_enabled":true,"_links":{"self":[{"href":"https:\/\/www.cope.es\/blogs\/derosca\/wp-json\/wp\/v2\/posts\/4047","targetHints":{"allow":["GET"]}}],"collection":[{"href":"https:\/\/www.cope.es\/blogs\/derosca\/wp-json\/wp\/v2\/posts"}],"about":[{"href":"https:\/\/www.cope.es\/blogs\/derosca\/wp-json\/wp\/v2\/types\/post"}],"author":[{"embeddable":true,"href":"https:\/\/www.cope.es\/blogs\/derosca\/wp-json\/wp\/v2\/users\/23"}],"replies":[{"embeddable":true,"href":"https:\/\/www.cope.es\/blogs\/derosca\/wp-json\/wp\/v2\/comments?post=4047"}],"version-history":[{"count":1,"href":"https:\/\/www.cope.es\/blogs\/derosca\/wp-json\/wp\/v2\/posts\/4047\/revisions"}],"predecessor-version":[{"id":4049,"href":"https:\/\/www.cope.es\/blogs\/derosca\/wp-json\/wp\/v2\/posts\/4047\/revisions\/4049"}],"wp:featuredmedia":[{"embeddable":true,"href":"https:\/\/www.cope.es\/blogs\/derosca\/wp-json\/wp\/v2\/media\/4048"}],"wp:attachment":[{"href":"https:\/\/www.cope.es\/blogs\/derosca\/wp-json\/wp\/v2\/media?parent=4047"}],"wp:term":[{"taxonomy":"category","embeddable":true,"href":"https:\/\/www.cope.es\/blogs\/derosca\/wp-json\/wp\/v2\/categories?post=4047"},{"taxonomy":"post_tag","embeddable":true,"href":"https:\/\/www.cope.es\/blogs\/derosca\/wp-json\/wp\/v2\/tags?post=4047"}],"curies":[{"name":"wp","href":"https:\/\/api.w.org\/{rel}","templated":true}]}}