{"id":3825,"date":"2024-04-17T09:21:46","date_gmt":"2024-04-17T07:21:46","guid":{"rendered":"http:\/\/www.cope.es\/blogs\/derosca\/?p=3825"},"modified":"2024-04-17T09:21:46","modified_gmt":"2024-04-17T07:21:46","slug":"el-tribunal-de-balonmano-dicta-sentencia-en-el-caso-nachevski","status":"publish","type":"post","link":"https:\/\/www.cope.es\/blogs\/derosca\/2024\/04\/17\/el-tribunal-de-balonmano-dicta-sentencia-en-el-caso-nachevski\/","title":{"rendered":"El Tribunal de Balonmano dicta sentencia en el caso Nachevski"},"content":{"rendered":"<p><span style=\"color: #48535e\"><span style=\"font-family: Arial, sans-serif\"><span style=\"font-size: medium\">El Tribunal de Balonmano de la Federacion Europea de Balonmano (EH) ha tomado una decisi\u00f3n en el caso abierto contra Dragan Nachevski, en relaci\u00f3n con las acusaciones relacionadas con una infracci\u00f3n de no notificaci\u00f3n.<\/span><\/span><\/span><\/p>\n<p><span style=\"color: #48535e\"><span style=\"font-family: Arial, sans-serif\"><span style=\"font-size: medium\">Recordemos que Dragan Nachevski fue relevado de sus funciones como \u00e1rbitro miembro de la Comisi\u00f3n de Competiciones de la EHF el pasado Mayo de 2023 despu\u00e9s de que la EHF recibiera informaci\u00f3n de la emisora de televisi\u00f3n danesa TV2 de que hab\u00eda estado involucrado en una conversaci\u00f3n con un presunto empresario chino. En este montaje se toc\u00f3 el tema del ama\u00f1o de partidos. Aunque Nachevski rechaz\u00f3 la oferta, no inform\u00f3 del acercamiento a las autoridades pertinentes dentro de la EHF.<\/span><\/span><\/span><\/p>\n<p><span style=\"color: #48535e\"><span style=\"font-family: Arial, sans-serif\"><span style=\"font-size: medium\">Una apelaci\u00f3n contra la decisi\u00f3n inicial del Tribunal de Balonmano de la EHF tuvo \u00e9xito por razones formales y el Tribunal de Apelaci\u00f3n de la EHF devolvi\u00f3 el caso a primera instancia. En su nueva decisi\u00f3n, el Tribunal de Balonmano de la EHF determin\u00f3 que Nachevski est\u00e1 suspendido de realizar cualquier funci\u00f3n dentro de la EHF y de participar en cualquier actividad de la EHF durante dos a\u00f1os a partir de la fecha de la decisi\u00f3n, el 12 de Abril de 2024.<\/span><\/span><\/span><\/p>\n<p><span style=\"color: #48535e\"><span style=\"font-family: Arial, sans-serif\"><span style=\"font-size: medium\">Del per\u00edodo de suspensi\u00f3n se deduce el per\u00edodo comprendido entre la decisi\u00f3n inicial del Tribunal de Balonmano, 11 de Septiembre de 2023, y la Decisi\u00f3n del Tribunal de Apelaci\u00f3n, 9 de Noviembre de 2023, es decir, dos 2 meses.<\/span><\/span><\/span><\/p>\n<p><span style=\"color: #48535e\"><span style=\"font-family: Arial, sans-serif\"><span style=\"font-size: medium\">Adem\u00e1s, Nachevski deber\u00e1 pagar una multa de 5.000 euros por la violaci\u00f3n de las obligaciones fundamentales descritas en el Reglamento de la EHF y en el C\u00f3digo de Conducta de la EHF.<\/span><\/span><\/span><\/p>\n<p><span style=\"color: #48535e\"><span style=\"font-family: Arial, sans-serif\"><span style=\"font-size: medium\">Esta decisi\u00f3n se refiere \u00fanicamente a violaciones relacionadas con la no presentaci\u00f3n de informes. Los procedimientos judiciales y las investigaciones sobre falta de integridad e irregularidades en las apuestas a\u00fan est\u00e1n en curso. Se puede presentar una apelaci\u00f3n ante el Tribunal de Apelaciones de la EHF en un plazo de siete d\u00edas.<\/span><\/span><\/span><\/p>\n<p><span style=\"font-family: Times New Roman, serif\"><span style=\"font-size: medium\"><span style=\"color: #666666\"><span style=\"font-family: Arial, sans-serif\"><span>Seguirnos en twitter: <\/span><\/span><\/span><span style=\"color: #000080\"><span><u><a href=\"#!\/deroscacope\"><span style=\"color: #0000ff\"><span style=\"font-family: Arial, sans-serif\"><b>https:\/\/twitter.com\/#!\/deroscacope<\/b><\/span><\/span><\/a><\/u><\/span><\/span> <\/span><\/span><\/p>\n","protected":false},"excerpt":{"rendered":"<p>El Tribunal de Balonmano de la Federacion Europea de Balonmano (EH) ha tomado una decisi\u00f3n en el caso abierto contra Dragan Nachevski, en relaci\u00f3n con las acusaciones relacionadas con una infracci\u00f3n de no notificaci\u00f3n. Recordemos que Dragan Nachevski fue relevado de sus funciones como \u00e1rbitro miembro de la Comisi\u00f3n de Competiciones de la EHF el [&hellip;]<\/p>\n","protected":false},"author":23,"featured_media":3826,"comment_status":"open","ping_status":"open","sticky":false,"template":"","format":"standard","meta":{"footnotes":""},"categories":[3],"tags":[],"class_list":["post-3825","post","type-post","status-publish","format-standard","has-post-thumbnail","hentry","category-balonmano"],"yoast_head":"<!-- This site is optimized with the Yoast SEO plugin v27.4 - https:\/\/yoast.com\/product\/yoast-seo-wordpress\/ -->\n<title>El Tribunal de Balonmano dicta sentencia en el caso Nachevski - Derosca<\/title>\n<meta name=\"robots\" content=\"index, follow, max-snippet:-1, max-image-preview:large, max-video-preview:-1\" \/>\n<link rel=\"canonical\" href=\"https:\/\/www.cope.es\/blogs\/derosca\/2024\/04\/17\/el-tribunal-de-balonmano-dicta-sentencia-en-el-caso-nachevski\/\" \/>\n<meta property=\"og:locale\" content=\"es_ES\" \/>\n<meta property=\"og:type\" content=\"article\" \/>\n<meta property=\"og:title\" content=\"El Tribunal de Balonmano dicta sentencia en el caso Nachevski - Derosca\" \/>\n<meta property=\"og:description\" content=\"El Tribunal de Balonmano de la Federacion Europea de Balonmano (EH) ha tomado una decisi\u00f3n en el caso abierto contra Dragan Nachevski, en relaci\u00f3n con las acusaciones relacionadas con una infracci\u00f3n de no notificaci\u00f3n. Recordemos que Dragan Nachevski fue relevado de sus funciones como \u00e1rbitro miembro de la Comisi\u00f3n de Competiciones de la EHF el [&hellip;]\" \/>\n<meta property=\"og:url\" content=\"https:\/\/www.cope.es\/blogs\/derosca\/2024\/04\/17\/el-tribunal-de-balonmano-dicta-sentencia-en-el-caso-nachevski\/\" \/>\n<meta property=\"og:site_name\" content=\"Derosca\" \/>\n<meta property=\"article:publisher\" content=\"https:\/\/www.facebook.com\/cope\/\" \/>\n<meta property=\"article:published_time\" content=\"2024-04-17T07:21:46+00:00\" \/>\n<meta property=\"og:image\" content=\"https:\/\/www.cope.es\/blogs\/derosca\/wp-content\/uploads\/sites\/22\/2024\/04\/EHF.jpg\" \/>\n\t<meta property=\"og:image:width\" content=\"680\" \/>\n\t<meta property=\"og:image:height\" content=\"357\" \/>\n\t<meta property=\"og:image:type\" content=\"image\/jpeg\" \/>\n<meta name=\"author\" content=\"Luis Malvar\" \/>\n<meta name=\"twitter:card\" content=\"summary_large_image\" \/>\n<meta name=\"twitter:creator\" content=\"@cope_es\" \/>\n<meta name=\"twitter:site\" content=\"@cope_es\" \/>\n<meta name=\"twitter:label1\" content=\"Escrito por\" \/>\n\t<meta name=\"twitter:data1\" content=\"Luis Malvar\" \/>\n\t<meta name=\"twitter:label2\" content=\"Tiempo de lectura\" \/>\n\t<meta name=\"twitter:data2\" content=\"2 minutos\" \/>\n<script type=\"application\/ld+json\" class=\"yoast-schema-graph\">{\"@context\":\"https:\\\/\\\/schema.org\",\"@graph\":[{\"@type\":\"Article\",\"@id\":\"https:\\\/\\\/www.cope.es\\\/blogs\\\/derosca\\\/2024\\\/04\\\/17\\\/el-tribunal-de-balonmano-dicta-sentencia-en-el-caso-nachevski\\\/#article\",\"isPartOf\":{\"@id\":\"https:\\\/\\\/www.cope.es\\\/blogs\\\/derosca\\\/2024\\\/04\\\/17\\\/el-tribunal-de-balonmano-dicta-sentencia-en-el-caso-nachevski\\\/\"},\"author\":{\"name\":\"Luis Malvar\",\"@id\":\"https:\\\/\\\/www.cope.es\\\/blogs\\\/derosca\\\/#\\\/schema\\\/person\\\/02d6fa6fa8d8db60f83303875a4ff77f\"},\"headline\":\"El Tribunal de Balonmano dicta sentencia en el caso Nachevski\",\"datePublished\":\"2024-04-17T07:21:46+00:00\",\"mainEntityOfPage\":{\"@id\":\"https:\\\/\\\/www.cope.es\\\/blogs\\\/derosca\\\/2024\\\/04\\\/17\\\/el-tribunal-de-balonmano-dicta-sentencia-en-el-caso-nachevski\\\/\"},\"wordCount\":360,\"commentCount\":0,\"image\":{\"@id\":\"https:\\\/\\\/www.cope.es\\\/blogs\\\/derosca\\\/2024\\\/04\\\/17\\\/el-tribunal-de-balonmano-dicta-sentencia-en-el-caso-nachevski\\\/#primaryimage\"},\"thumbnailUrl\":\"https:\\\/\\\/www.cope.es\\\/blogs\\\/derosca\\\/wp-content\\\/uploads\\\/sites\\\/22\\\/2024\\\/04\\\/EHF.jpg\",\"articleSection\":[\"Balonmano\"],\"inLanguage\":\"es\",\"potentialAction\":[{\"@type\":\"CommentAction\",\"name\":\"Comment\",\"target\":[\"https:\\\/\\\/www.cope.es\\\/blogs\\\/derosca\\\/2024\\\/04\\\/17\\\/el-tribunal-de-balonmano-dicta-sentencia-en-el-caso-nachevski\\\/#respond\"]}]},{\"@type\":\"WebPage\",\"@id\":\"https:\\\/\\\/www.cope.es\\\/blogs\\\/derosca\\\/2024\\\/04\\\/17\\\/el-tribunal-de-balonmano-dicta-sentencia-en-el-caso-nachevski\\\/\",\"url\":\"https:\\\/\\\/www.cope.es\\\/blogs\\\/derosca\\\/2024\\\/04\\\/17\\\/el-tribunal-de-balonmano-dicta-sentencia-en-el-caso-nachevski\\\/\",\"name\":\"El Tribunal de Balonmano dicta sentencia en el caso Nachevski - Derosca\",\"isPartOf\":{\"@id\":\"https:\\\/\\\/www.cope.es\\\/blogs\\\/derosca\\\/#website\"},\"primaryImageOfPage\":{\"@id\":\"https:\\\/\\\/www.cope.es\\\/blogs\\\/derosca\\\/2024\\\/04\\\/17\\\/el-tribunal-de-balonmano-dicta-sentencia-en-el-caso-nachevski\\\/#primaryimage\"},\"image\":{\"@id\":\"https:\\\/\\\/www.cope.es\\\/blogs\\\/derosca\\\/2024\\\/04\\\/17\\\/el-tribunal-de-balonmano-dicta-sentencia-en-el-caso-nachevski\\\/#primaryimage\"},\"thumbnailUrl\":\"https:\\\/\\\/www.cope.es\\\/blogs\\\/derosca\\\/wp-content\\\/uploads\\\/sites\\\/22\\\/2024\\\/04\\\/EHF.jpg\",\"datePublished\":\"2024-04-17T07:21:46+00:00\",\"author\":{\"@id\":\"https:\\\/\\\/www.cope.es\\\/blogs\\\/derosca\\\/#\\\/schema\\\/person\\\/02d6fa6fa8d8db60f83303875a4ff77f\"},\"breadcrumb\":{\"@id\":\"https:\\\/\\\/www.cope.es\\\/blogs\\\/derosca\\\/2024\\\/04\\\/17\\\/el-tribunal-de-balonmano-dicta-sentencia-en-el-caso-nachevski\\\/#breadcrumb\"},\"inLanguage\":\"es\",\"potentialAction\":[{\"@type\":\"ReadAction\",\"target\":[\"https:\\\/\\\/www.cope.es\\\/blogs\\\/derosca\\\/2024\\\/04\\\/17\\\/el-tribunal-de-balonmano-dicta-sentencia-en-el-caso-nachevski\\\/\"]}]},{\"@type\":\"ImageObject\",\"inLanguage\":\"es\",\"@id\":\"https:\\\/\\\/www.cope.es\\\/blogs\\\/derosca\\\/2024\\\/04\\\/17\\\/el-tribunal-de-balonmano-dicta-sentencia-en-el-caso-nachevski\\\/#primaryimage\",\"url\":\"https:\\\/\\\/www.cope.es\\\/blogs\\\/derosca\\\/wp-content\\\/uploads\\\/sites\\\/22\\\/2024\\\/04\\\/EHF.jpg\",\"contentUrl\":\"https:\\\/\\\/www.cope.es\\\/blogs\\\/derosca\\\/wp-content\\\/uploads\\\/sites\\\/22\\\/2024\\\/04\\\/EHF.jpg\",\"width\":680,\"height\":357,\"caption\":\"El Tribunal de Balonmano dicta sentencia en el caso Nachevski\"},{\"@type\":\"BreadcrumbList\",\"@id\":\"https:\\\/\\\/www.cope.es\\\/blogs\\\/derosca\\\/2024\\\/04\\\/17\\\/el-tribunal-de-balonmano-dicta-sentencia-en-el-caso-nachevski\\\/#breadcrumb\",\"itemListElement\":[{\"@type\":\"ListItem\",\"position\":1,\"name\":\"Portada\",\"item\":\"https:\\\/\\\/www.cope.es\\\/blogs\\\/derosca\\\/\"},{\"@type\":\"ListItem\",\"position\":2,\"name\":\"El Tribunal de Balonmano dicta sentencia en el caso Nachevski\"}]},{\"@type\":\"WebSite\",\"@id\":\"https:\\\/\\\/www.cope.es\\\/blogs\\\/derosca\\\/#website\",\"url\":\"https:\\\/\\\/www.cope.es\\\/blogs\\\/derosca\\\/\",\"name\":\"Derosca\",\"description\":\"Blog de balonmano COPE\",\"potentialAction\":[{\"@type\":\"SearchAction\",\"target\":{\"@type\":\"EntryPoint\",\"urlTemplate\":\"https:\\\/\\\/www.cope.es\\\/blogs\\\/derosca\\\/?s={search_term_string}\"},\"query-input\":{\"@type\":\"PropertyValueSpecification\",\"valueRequired\":true,\"valueName\":\"search_term_string\"}}],\"inLanguage\":\"es\"},{\"@type\":\"Person\",\"@id\":\"https:\\\/\\\/www.cope.es\\\/blogs\\\/derosca\\\/#\\\/schema\\\/person\\\/02d6fa6fa8d8db60f83303875a4ff77f\",\"name\":\"Luis Malvar\",\"image\":{\"@type\":\"ImageObject\",\"inLanguage\":\"es\",\"@id\":\"https:\\\/\\\/secure.gravatar.com\\\/avatar\\\/23cd47dec2904689b3ccd32d1dd3e86c7cbf60dcf7376c68854f761a4939534f?s=96&d=mm&r=g\",\"url\":\"https:\\\/\\\/secure.gravatar.com\\\/avatar\\\/23cd47dec2904689b3ccd32d1dd3e86c7cbf60dcf7376c68854f761a4939534f?s=96&d=mm&r=g\",\"contentUrl\":\"https:\\\/\\\/secure.gravatar.com\\\/avatar\\\/23cd47dec2904689b3ccd32d1dd3e86c7cbf60dcf7376c68854f761a4939534f?s=96&d=mm&r=g\",\"caption\":\"Luis Malvar\"},\"description\":\"Comenc\u00e9 la andadura del Blog Derosca all\u00e1 por el 22 de Mayo de 2008. Un blog en el que se trata de llevar a los numerosos aficionados y amantes del mundo del balonmano toda la actualidad de nuestro apasionante deporte. Una ventana que sirve para dar luz a las innumerables noticias que genera el balonmano y que habitualmente no tienen reflejo en los medios de comunicaci\u00f3n. Sin lugar a dudas el Blog Derosca cuenta con un apartado que tiene a gala contar con miles de seguidores como es \u201cMis Pajaritos\u201d en donde se relatan y narran todas las intrahistorias que se generan en el balonmano espa\u00f1ol y que incomoda a m\u00e1s de uno que salgan a la luz.!Gracias por seguirnos durante todos estos a\u00f1os\u00a1\",\"sameAs\":[\"http:\\\/\\\/www.cope.es\",\"lmalvar\"],\"url\":\"https:\\\/\\\/www.cope.es\\\/blogs\\\/derosca\\\/author\\\/lmalvar\\\/\"}]}<\/script>\n<!-- \/ Yoast SEO plugin. -->","yoast_head_json":{"title":"El Tribunal de Balonmano dicta sentencia en el caso Nachevski - Derosca","robots":{"index":"index","follow":"follow","max-snippet":"max-snippet:-1","max-image-preview":"max-image-preview:large","max-video-preview":"max-video-preview:-1"},"canonical":"https:\/\/www.cope.es\/blogs\/derosca\/2024\/04\/17\/el-tribunal-de-balonmano-dicta-sentencia-en-el-caso-nachevski\/","og_locale":"es_ES","og_type":"article","og_title":"El Tribunal de Balonmano dicta sentencia en el caso Nachevski - Derosca","og_description":"El Tribunal de Balonmano de la Federacion Europea de Balonmano (EH) ha tomado una decisi\u00f3n en el caso abierto contra Dragan Nachevski, en relaci\u00f3n con las acusaciones relacionadas con una infracci\u00f3n de no notificaci\u00f3n. Recordemos que Dragan Nachevski fue relevado de sus funciones como \u00e1rbitro miembro de la Comisi\u00f3n de Competiciones de la EHF el [&hellip;]","og_url":"https:\/\/www.cope.es\/blogs\/derosca\/2024\/04\/17\/el-tribunal-de-balonmano-dicta-sentencia-en-el-caso-nachevski\/","og_site_name":"Derosca","article_publisher":"https:\/\/www.facebook.com\/cope\/","article_published_time":"2024-04-17T07:21:46+00:00","og_image":[{"width":680,"height":357,"url":"https:\/\/www.cope.es\/blogs\/derosca\/wp-content\/uploads\/sites\/22\/2024\/04\/EHF.jpg","type":"image\/jpeg"}],"author":"Luis Malvar","twitter_card":"summary_large_image","twitter_creator":"@cope_es","twitter_site":"@cope_es","twitter_misc":{"Escrito por":"Luis Malvar","Tiempo de lectura":"2 minutos"},"schema":{"@context":"https:\/\/schema.org","@graph":[{"@type":"Article","@id":"https:\/\/www.cope.es\/blogs\/derosca\/2024\/04\/17\/el-tribunal-de-balonmano-dicta-sentencia-en-el-caso-nachevski\/#article","isPartOf":{"@id":"https:\/\/www.cope.es\/blogs\/derosca\/2024\/04\/17\/el-tribunal-de-balonmano-dicta-sentencia-en-el-caso-nachevski\/"},"author":{"name":"Luis Malvar","@id":"https:\/\/www.cope.es\/blogs\/derosca\/#\/schema\/person\/02d6fa6fa8d8db60f83303875a4ff77f"},"headline":"El Tribunal de Balonmano dicta sentencia en el caso Nachevski","datePublished":"2024-04-17T07:21:46+00:00","mainEntityOfPage":{"@id":"https:\/\/www.cope.es\/blogs\/derosca\/2024\/04\/17\/el-tribunal-de-balonmano-dicta-sentencia-en-el-caso-nachevski\/"},"wordCount":360,"commentCount":0,"image":{"@id":"https:\/\/www.cope.es\/blogs\/derosca\/2024\/04\/17\/el-tribunal-de-balonmano-dicta-sentencia-en-el-caso-nachevski\/#primaryimage"},"thumbnailUrl":"https:\/\/www.cope.es\/blogs\/derosca\/wp-content\/uploads\/sites\/22\/2024\/04\/EHF.jpg","articleSection":["Balonmano"],"inLanguage":"es","potentialAction":[{"@type":"CommentAction","name":"Comment","target":["https:\/\/www.cope.es\/blogs\/derosca\/2024\/04\/17\/el-tribunal-de-balonmano-dicta-sentencia-en-el-caso-nachevski\/#respond"]}]},{"@type":"WebPage","@id":"https:\/\/www.cope.es\/blogs\/derosca\/2024\/04\/17\/el-tribunal-de-balonmano-dicta-sentencia-en-el-caso-nachevski\/","url":"https:\/\/www.cope.es\/blogs\/derosca\/2024\/04\/17\/el-tribunal-de-balonmano-dicta-sentencia-en-el-caso-nachevski\/","name":"El Tribunal de Balonmano dicta sentencia en el caso Nachevski - Derosca","isPartOf":{"@id":"https:\/\/www.cope.es\/blogs\/derosca\/#website"},"primaryImageOfPage":{"@id":"https:\/\/www.cope.es\/blogs\/derosca\/2024\/04\/17\/el-tribunal-de-balonmano-dicta-sentencia-en-el-caso-nachevski\/#primaryimage"},"image":{"@id":"https:\/\/www.cope.es\/blogs\/derosca\/2024\/04\/17\/el-tribunal-de-balonmano-dicta-sentencia-en-el-caso-nachevski\/#primaryimage"},"thumbnailUrl":"https:\/\/www.cope.es\/blogs\/derosca\/wp-content\/uploads\/sites\/22\/2024\/04\/EHF.jpg","datePublished":"2024-04-17T07:21:46+00:00","author":{"@id":"https:\/\/www.cope.es\/blogs\/derosca\/#\/schema\/person\/02d6fa6fa8d8db60f83303875a4ff77f"},"breadcrumb":{"@id":"https:\/\/www.cope.es\/blogs\/derosca\/2024\/04\/17\/el-tribunal-de-balonmano-dicta-sentencia-en-el-caso-nachevski\/#breadcrumb"},"inLanguage":"es","potentialAction":[{"@type":"ReadAction","target":["https:\/\/www.cope.es\/blogs\/derosca\/2024\/04\/17\/el-tribunal-de-balonmano-dicta-sentencia-en-el-caso-nachevski\/"]}]},{"@type":"ImageObject","inLanguage":"es","@id":"https:\/\/www.cope.es\/blogs\/derosca\/2024\/04\/17\/el-tribunal-de-balonmano-dicta-sentencia-en-el-caso-nachevski\/#primaryimage","url":"https:\/\/www.cope.es\/blogs\/derosca\/wp-content\/uploads\/sites\/22\/2024\/04\/EHF.jpg","contentUrl":"https:\/\/www.cope.es\/blogs\/derosca\/wp-content\/uploads\/sites\/22\/2024\/04\/EHF.jpg","width":680,"height":357,"caption":"El Tribunal de Balonmano dicta sentencia en el caso Nachevski"},{"@type":"BreadcrumbList","@id":"https:\/\/www.cope.es\/blogs\/derosca\/2024\/04\/17\/el-tribunal-de-balonmano-dicta-sentencia-en-el-caso-nachevski\/#breadcrumb","itemListElement":[{"@type":"ListItem","position":1,"name":"Portada","item":"https:\/\/www.cope.es\/blogs\/derosca\/"},{"@type":"ListItem","position":2,"name":"El Tribunal de Balonmano dicta sentencia en el caso Nachevski"}]},{"@type":"WebSite","@id":"https:\/\/www.cope.es\/blogs\/derosca\/#website","url":"https:\/\/www.cope.es\/blogs\/derosca\/","name":"Derosca","description":"Blog de balonmano COPE","potentialAction":[{"@type":"SearchAction","target":{"@type":"EntryPoint","urlTemplate":"https:\/\/www.cope.es\/blogs\/derosca\/?s={search_term_string}"},"query-input":{"@type":"PropertyValueSpecification","valueRequired":true,"valueName":"search_term_string"}}],"inLanguage":"es"},{"@type":"Person","@id":"https:\/\/www.cope.es\/blogs\/derosca\/#\/schema\/person\/02d6fa6fa8d8db60f83303875a4ff77f","name":"Luis Malvar","image":{"@type":"ImageObject","inLanguage":"es","@id":"https:\/\/secure.gravatar.com\/avatar\/23cd47dec2904689b3ccd32d1dd3e86c7cbf60dcf7376c68854f761a4939534f?s=96&d=mm&r=g","url":"https:\/\/secure.gravatar.com\/avatar\/23cd47dec2904689b3ccd32d1dd3e86c7cbf60dcf7376c68854f761a4939534f?s=96&d=mm&r=g","contentUrl":"https:\/\/secure.gravatar.com\/avatar\/23cd47dec2904689b3ccd32d1dd3e86c7cbf60dcf7376c68854f761a4939534f?s=96&d=mm&r=g","caption":"Luis Malvar"},"description":"Comenc\u00e9 la andadura del Blog Derosca all\u00e1 por el 22 de Mayo de 2008. Un blog en el que se trata de llevar a los numerosos aficionados y amantes del mundo del balonmano toda la actualidad de nuestro apasionante deporte. Una ventana que sirve para dar luz a las innumerables noticias que genera el balonmano y que habitualmente no tienen reflejo en los medios de comunicaci\u00f3n. Sin lugar a dudas el Blog Derosca cuenta con un apartado que tiene a gala contar con miles de seguidores como es \u201cMis Pajaritos\u201d en donde se relatan y narran todas las intrahistorias que se generan en el balonmano espa\u00f1ol y que incomoda a m\u00e1s de uno que salgan a la luz.!Gracias por seguirnos durante todos estos a\u00f1os\u00a1","sameAs":["http:\/\/www.cope.es","lmalvar"],"url":"https:\/\/www.cope.es\/blogs\/derosca\/author\/lmalvar\/"}]}},"amp_enabled":true,"_links":{"self":[{"href":"https:\/\/www.cope.es\/blogs\/derosca\/wp-json\/wp\/v2\/posts\/3825","targetHints":{"allow":["GET"]}}],"collection":[{"href":"https:\/\/www.cope.es\/blogs\/derosca\/wp-json\/wp\/v2\/posts"}],"about":[{"href":"https:\/\/www.cope.es\/blogs\/derosca\/wp-json\/wp\/v2\/types\/post"}],"author":[{"embeddable":true,"href":"https:\/\/www.cope.es\/blogs\/derosca\/wp-json\/wp\/v2\/users\/23"}],"replies":[{"embeddable":true,"href":"https:\/\/www.cope.es\/blogs\/derosca\/wp-json\/wp\/v2\/comments?post=3825"}],"version-history":[{"count":1,"href":"https:\/\/www.cope.es\/blogs\/derosca\/wp-json\/wp\/v2\/posts\/3825\/revisions"}],"predecessor-version":[{"id":3827,"href":"https:\/\/www.cope.es\/blogs\/derosca\/wp-json\/wp\/v2\/posts\/3825\/revisions\/3827"}],"wp:featuredmedia":[{"embeddable":true,"href":"https:\/\/www.cope.es\/blogs\/derosca\/wp-json\/wp\/v2\/media\/3826"}],"wp:attachment":[{"href":"https:\/\/www.cope.es\/blogs\/derosca\/wp-json\/wp\/v2\/media?parent=3825"}],"wp:term":[{"taxonomy":"category","embeddable":true,"href":"https:\/\/www.cope.es\/blogs\/derosca\/wp-json\/wp\/v2\/categories?post=3825"},{"taxonomy":"post_tag","embeddable":true,"href":"https:\/\/www.cope.es\/blogs\/derosca\/wp-json\/wp\/v2\/tags?post=3825"}],"curies":[{"name":"wp","href":"https:\/\/api.w.org\/{rel}","templated":true}]}}