{"id":3800,"date":"2024-04-03T09:25:28","date_gmt":"2024-04-03T07:25:28","guid":{"rendered":"http:\/\/www.cope.es\/blogs\/derosca\/?p=3800"},"modified":"2024-04-03T09:25:28","modified_gmt":"2024-04-03T07:25:28","slug":"el-psg-despedira-a-nikola-karabatic-jugando-en-el-paris-bercy","status":"publish","type":"post","link":"https:\/\/www.cope.es\/blogs\/derosca\/2024\/04\/03\/el-psg-despedira-a-nikola-karabatic-jugando-en-el-paris-bercy\/","title":{"rendered":"El PSG despedir\u00e1 a Nikola Karabatic jugando en el Par\u00eds Bercy"},"content":{"rendered":"<p><span style=\"font-family: Arial, sans-serif\">El Paris Saint Germain ha comunicado hace unos d\u00edas que quiere despedir dignamente a la leyenda del balonmano franc\u00e9s Nikola Karabatic. El \u00faltimo partido de campeonato de la liga francesa, en la exitosa carrera del cuatro veces campe\u00f3n del mundo y tres veces campe\u00f3n ol\u00edmpico, se trasladar\u00e1 al Accor Arena en el distrito de Bercy en honor a Karabatic.<\/span><\/p>\n<p><span style=\"font-family: Arial, sans-serif\">El director t\u00e9cnico de PSG, Thierry Omeyer, anunci\u00f3 que este gran evento es una oportunidad para rendir homenaje a Nikola Karabatic. Ser\u00e1 un tributo apropiado a la leyenda en la que se ha convertido a lo largo de su carrera. El PSG es actualmente l\u00edder de la LNH y se enfrentar\u00e1 al Pays d&#8217;Aix UC en el \u00faltimo partido de la temporada.<\/span><\/p>\n<p><span style=\"font-family: Arial, sans-serif\">El pabell\u00f3n de Bercy tiene capacidad para 20.000 espectadores y acoge, entre otras cosas, los Masters de tenis y, en verano, las competiciones de gimnasia y los partidos de baloncesto de los Juegos Ol\u00edmpicos. Los jugadores de balonmano del Paris Saint Germain juegan sus partidos locales en la sala polivalente del Stade Pierre de Coubertin.<\/span><\/p>\n<p><span style=\"font-family: Arial, sans-serif\">Recordemos que Nikola Karabatic, que cumplir\u00e1 40 a\u00f1os el pr\u00f3ximo 11 de Abril, juega en el Par\u00eds desde hace nueve a\u00f1os. Anteriormente jug\u00f3 en el THW Kiel, con el que celebr\u00f3 cuatro t\u00edtulos de liga alemanes, y en el FC Barcelona. Debut\u00f3 con la selecci\u00f3n nacional en el a\u00f1o 2002 y desde entonces, adem\u00e1s de cuatro oros mundialistas y tres oros ol\u00edmpicos, tambi\u00e9n ha conquistado cuatro t\u00edtulos europeos, el \u00faltimo en enero en Colonia.<\/span><\/p>\n<p><span style=\"font-family: Arial, sans-serif\">El partido contra su antiguo club, el Pays d&#8217;Aix UC, no deber\u00e1 ser la gran final en la carrera de Nikola Karabatic. El PSG sigue en la lucha por la Final Four de la Liga de Campeones de Colonia, que se disputar\u00e1 los d\u00edas 8 y 9 de Junio en el Lanxess Arena. En la categor\u00eda reina europea, Karabatic solo ha triunfado en tres ocasiones (2003 con Montpellier, 2007 con Kiel y 2015 con Barcelona). Y luego est\u00e1n los Juegos Ol\u00edmpicos que se celebrar\u00e1n en verano.<\/span><\/p>\n<p><span style=\"color: #666666\"><span style=\"font-family: Arial, sans-serif\"><span style=\"font-size: medium\"><span>Seguirnos en twitter: <\/span><\/span><\/span><\/span><span style=\"color: #000080\"><span><u><a href=\"#!\/deroscacope\"><span style=\"color: #0000ff\"><span style=\"font-family: Arial, sans-serif\"><span style=\"font-size: medium\"><b>https:\/\/twitter.com\/#!\/deroscacope<\/b><\/span><\/span><\/span><\/a><\/u><\/span><\/span><\/p>\n","protected":false},"excerpt":{"rendered":"<p>El Paris Saint Germain ha comunicado hace unos d\u00edas que quiere despedir dignamente a la leyenda del balonmano franc\u00e9s Nikola Karabatic. El \u00faltimo partido de campeonato de la liga francesa, en la exitosa carrera del cuatro veces campe\u00f3n del mundo y tres veces campe\u00f3n ol\u00edmpico, se trasladar\u00e1 al Accor Arena en el distrito de Bercy [&hellip;]<\/p>\n","protected":false},"author":23,"featured_media":3801,"comment_status":"open","ping_status":"open","sticky":false,"template":"","format":"standard","meta":{"footnotes":""},"categories":[3],"tags":[],"class_list":["post-3800","post","type-post","status-publish","format-standard","has-post-thumbnail","hentry","category-balonmano"],"yoast_head":"<!-- This site is optimized with the Yoast SEO plugin v27.4 - https:\/\/yoast.com\/product\/yoast-seo-wordpress\/ -->\n<title>El PSG despedir\u00e1 a Nikola Karabatic jugando en el Par\u00eds Bercy - Derosca<\/title>\n<meta name=\"robots\" content=\"index, follow, max-snippet:-1, max-image-preview:large, max-video-preview:-1\" \/>\n<link rel=\"canonical\" href=\"https:\/\/www.cope.es\/blogs\/derosca\/2024\/04\/03\/el-psg-despedira-a-nikola-karabatic-jugando-en-el-paris-bercy\/\" \/>\n<meta property=\"og:locale\" content=\"es_ES\" \/>\n<meta property=\"og:type\" content=\"article\" \/>\n<meta property=\"og:title\" content=\"El PSG despedir\u00e1 a Nikola Karabatic jugando en el Par\u00eds Bercy - Derosca\" \/>\n<meta property=\"og:description\" content=\"El Paris Saint Germain ha comunicado hace unos d\u00edas que quiere despedir dignamente a la leyenda del balonmano franc\u00e9s Nikola Karabatic. El \u00faltimo partido de campeonato de la liga francesa, en la exitosa carrera del cuatro veces campe\u00f3n del mundo y tres veces campe\u00f3n ol\u00edmpico, se trasladar\u00e1 al Accor Arena en el distrito de Bercy [&hellip;]\" \/>\n<meta property=\"og:url\" content=\"https:\/\/www.cope.es\/blogs\/derosca\/2024\/04\/03\/el-psg-despedira-a-nikola-karabatic-jugando-en-el-paris-bercy\/\" \/>\n<meta property=\"og:site_name\" content=\"Derosca\" \/>\n<meta property=\"article:publisher\" content=\"https:\/\/www.facebook.com\/cope\/\" \/>\n<meta property=\"article:published_time\" content=\"2024-04-03T07:25:28+00:00\" \/>\n<meta property=\"og:image\" content=\"https:\/\/www.cope.es\/blogs\/derosca\/wp-content\/uploads\/sites\/22\/2024\/04\/1517949737069.jpg\" \/>\n\t<meta property=\"og:image:width\" content=\"680\" \/>\n\t<meta property=\"og:image:height\" content=\"413\" \/>\n\t<meta property=\"og:image:type\" content=\"image\/jpeg\" \/>\n<meta name=\"author\" content=\"Luis Malvar\" \/>\n<meta name=\"twitter:card\" content=\"summary_large_image\" \/>\n<meta name=\"twitter:creator\" content=\"@cope_es\" \/>\n<meta name=\"twitter:site\" content=\"@cope_es\" \/>\n<meta name=\"twitter:label1\" content=\"Escrito por\" \/>\n\t<meta name=\"twitter:data1\" content=\"Luis Malvar\" \/>\n\t<meta name=\"twitter:label2\" content=\"Tiempo de lectura\" \/>\n\t<meta name=\"twitter:data2\" content=\"2 minutos\" \/>\n<script type=\"application\/ld+json\" class=\"yoast-schema-graph\">{\"@context\":\"https:\\\/\\\/schema.org\",\"@graph\":[{\"@type\":\"Article\",\"@id\":\"https:\\\/\\\/www.cope.es\\\/blogs\\\/derosca\\\/2024\\\/04\\\/03\\\/el-psg-despedira-a-nikola-karabatic-jugando-en-el-paris-bercy\\\/#article\",\"isPartOf\":{\"@id\":\"https:\\\/\\\/www.cope.es\\\/blogs\\\/derosca\\\/2024\\\/04\\\/03\\\/el-psg-despedira-a-nikola-karabatic-jugando-en-el-paris-bercy\\\/\"},\"author\":{\"name\":\"Luis Malvar\",\"@id\":\"https:\\\/\\\/www.cope.es\\\/blogs\\\/derosca\\\/#\\\/schema\\\/person\\\/02d6fa6fa8d8db60f83303875a4ff77f\"},\"headline\":\"El PSG despedir\u00e1 a Nikola Karabatic jugando en el Par\u00eds Bercy\",\"datePublished\":\"2024-04-03T07:25:28+00:00\",\"mainEntityOfPage\":{\"@id\":\"https:\\\/\\\/www.cope.es\\\/blogs\\\/derosca\\\/2024\\\/04\\\/03\\\/el-psg-despedira-a-nikola-karabatic-jugando-en-el-paris-bercy\\\/\"},\"wordCount\":371,\"commentCount\":0,\"image\":{\"@id\":\"https:\\\/\\\/www.cope.es\\\/blogs\\\/derosca\\\/2024\\\/04\\\/03\\\/el-psg-despedira-a-nikola-karabatic-jugando-en-el-paris-bercy\\\/#primaryimage\"},\"thumbnailUrl\":\"https:\\\/\\\/www.cope.es\\\/blogs\\\/derosca\\\/wp-content\\\/uploads\\\/sites\\\/22\\\/2024\\\/04\\\/1517949737069.jpg\",\"articleSection\":[\"Balonmano\"],\"inLanguage\":\"es\",\"potentialAction\":[{\"@type\":\"CommentAction\",\"name\":\"Comment\",\"target\":[\"https:\\\/\\\/www.cope.es\\\/blogs\\\/derosca\\\/2024\\\/04\\\/03\\\/el-psg-despedira-a-nikola-karabatic-jugando-en-el-paris-bercy\\\/#respond\"]}]},{\"@type\":\"WebPage\",\"@id\":\"https:\\\/\\\/www.cope.es\\\/blogs\\\/derosca\\\/2024\\\/04\\\/03\\\/el-psg-despedira-a-nikola-karabatic-jugando-en-el-paris-bercy\\\/\",\"url\":\"https:\\\/\\\/www.cope.es\\\/blogs\\\/derosca\\\/2024\\\/04\\\/03\\\/el-psg-despedira-a-nikola-karabatic-jugando-en-el-paris-bercy\\\/\",\"name\":\"El PSG despedir\u00e1 a Nikola Karabatic jugando en el Par\u00eds Bercy - Derosca\",\"isPartOf\":{\"@id\":\"https:\\\/\\\/www.cope.es\\\/blogs\\\/derosca\\\/#website\"},\"primaryImageOfPage\":{\"@id\":\"https:\\\/\\\/www.cope.es\\\/blogs\\\/derosca\\\/2024\\\/04\\\/03\\\/el-psg-despedira-a-nikola-karabatic-jugando-en-el-paris-bercy\\\/#primaryimage\"},\"image\":{\"@id\":\"https:\\\/\\\/www.cope.es\\\/blogs\\\/derosca\\\/2024\\\/04\\\/03\\\/el-psg-despedira-a-nikola-karabatic-jugando-en-el-paris-bercy\\\/#primaryimage\"},\"thumbnailUrl\":\"https:\\\/\\\/www.cope.es\\\/blogs\\\/derosca\\\/wp-content\\\/uploads\\\/sites\\\/22\\\/2024\\\/04\\\/1517949737069.jpg\",\"datePublished\":\"2024-04-03T07:25:28+00:00\",\"author\":{\"@id\":\"https:\\\/\\\/www.cope.es\\\/blogs\\\/derosca\\\/#\\\/schema\\\/person\\\/02d6fa6fa8d8db60f83303875a4ff77f\"},\"breadcrumb\":{\"@id\":\"https:\\\/\\\/www.cope.es\\\/blogs\\\/derosca\\\/2024\\\/04\\\/03\\\/el-psg-despedira-a-nikola-karabatic-jugando-en-el-paris-bercy\\\/#breadcrumb\"},\"inLanguage\":\"es\",\"potentialAction\":[{\"@type\":\"ReadAction\",\"target\":[\"https:\\\/\\\/www.cope.es\\\/blogs\\\/derosca\\\/2024\\\/04\\\/03\\\/el-psg-despedira-a-nikola-karabatic-jugando-en-el-paris-bercy\\\/\"]}]},{\"@type\":\"ImageObject\",\"inLanguage\":\"es\",\"@id\":\"https:\\\/\\\/www.cope.es\\\/blogs\\\/derosca\\\/2024\\\/04\\\/03\\\/el-psg-despedira-a-nikola-karabatic-jugando-en-el-paris-bercy\\\/#primaryimage\",\"url\":\"https:\\\/\\\/www.cope.es\\\/blogs\\\/derosca\\\/wp-content\\\/uploads\\\/sites\\\/22\\\/2024\\\/04\\\/1517949737069.jpg\",\"contentUrl\":\"https:\\\/\\\/www.cope.es\\\/blogs\\\/derosca\\\/wp-content\\\/uploads\\\/sites\\\/22\\\/2024\\\/04\\\/1517949737069.jpg\",\"width\":680,\"height\":413,\"caption\":\"El PSG despedir\u00e1 a Nikola Karabatic jugando en el Par\u00eds Bercy\"},{\"@type\":\"BreadcrumbList\",\"@id\":\"https:\\\/\\\/www.cope.es\\\/blogs\\\/derosca\\\/2024\\\/04\\\/03\\\/el-psg-despedira-a-nikola-karabatic-jugando-en-el-paris-bercy\\\/#breadcrumb\",\"itemListElement\":[{\"@type\":\"ListItem\",\"position\":1,\"name\":\"Portada\",\"item\":\"https:\\\/\\\/www.cope.es\\\/blogs\\\/derosca\\\/\"},{\"@type\":\"ListItem\",\"position\":2,\"name\":\"El PSG despedir\u00e1 a Nikola Karabatic jugando en el Par\u00eds Bercy\"}]},{\"@type\":\"WebSite\",\"@id\":\"https:\\\/\\\/www.cope.es\\\/blogs\\\/derosca\\\/#website\",\"url\":\"https:\\\/\\\/www.cope.es\\\/blogs\\\/derosca\\\/\",\"name\":\"Derosca\",\"description\":\"Blog de balonmano COPE\",\"potentialAction\":[{\"@type\":\"SearchAction\",\"target\":{\"@type\":\"EntryPoint\",\"urlTemplate\":\"https:\\\/\\\/www.cope.es\\\/blogs\\\/derosca\\\/?s={search_term_string}\"},\"query-input\":{\"@type\":\"PropertyValueSpecification\",\"valueRequired\":true,\"valueName\":\"search_term_string\"}}],\"inLanguage\":\"es\"},{\"@type\":\"Person\",\"@id\":\"https:\\\/\\\/www.cope.es\\\/blogs\\\/derosca\\\/#\\\/schema\\\/person\\\/02d6fa6fa8d8db60f83303875a4ff77f\",\"name\":\"Luis Malvar\",\"image\":{\"@type\":\"ImageObject\",\"inLanguage\":\"es\",\"@id\":\"https:\\\/\\\/secure.gravatar.com\\\/avatar\\\/23cd47dec2904689b3ccd32d1dd3e86c7cbf60dcf7376c68854f761a4939534f?s=96&d=mm&r=g\",\"url\":\"https:\\\/\\\/secure.gravatar.com\\\/avatar\\\/23cd47dec2904689b3ccd32d1dd3e86c7cbf60dcf7376c68854f761a4939534f?s=96&d=mm&r=g\",\"contentUrl\":\"https:\\\/\\\/secure.gravatar.com\\\/avatar\\\/23cd47dec2904689b3ccd32d1dd3e86c7cbf60dcf7376c68854f761a4939534f?s=96&d=mm&r=g\",\"caption\":\"Luis Malvar\"},\"description\":\"Comenc\u00e9 la andadura del Blog Derosca all\u00e1 por el 22 de Mayo de 2008. Un blog en el que se trata de llevar a los numerosos aficionados y amantes del mundo del balonmano toda la actualidad de nuestro apasionante deporte. Una ventana que sirve para dar luz a las innumerables noticias que genera el balonmano y que habitualmente no tienen reflejo en los medios de comunicaci\u00f3n. Sin lugar a dudas el Blog Derosca cuenta con un apartado que tiene a gala contar con miles de seguidores como es \u201cMis Pajaritos\u201d en donde se relatan y narran todas las intrahistorias que se generan en el balonmano espa\u00f1ol y que incomoda a m\u00e1s de uno que salgan a la luz.!Gracias por seguirnos durante todos estos a\u00f1os\u00a1\",\"sameAs\":[\"http:\\\/\\\/www.cope.es\",\"lmalvar\"],\"url\":\"https:\\\/\\\/www.cope.es\\\/blogs\\\/derosca\\\/author\\\/lmalvar\\\/\"}]}<\/script>\n<!-- \/ Yoast SEO plugin. -->","yoast_head_json":{"title":"El PSG despedir\u00e1 a Nikola Karabatic jugando en el Par\u00eds Bercy - Derosca","robots":{"index":"index","follow":"follow","max-snippet":"max-snippet:-1","max-image-preview":"max-image-preview:large","max-video-preview":"max-video-preview:-1"},"canonical":"https:\/\/www.cope.es\/blogs\/derosca\/2024\/04\/03\/el-psg-despedira-a-nikola-karabatic-jugando-en-el-paris-bercy\/","og_locale":"es_ES","og_type":"article","og_title":"El PSG despedir\u00e1 a Nikola Karabatic jugando en el Par\u00eds Bercy - Derosca","og_description":"El Paris Saint Germain ha comunicado hace unos d\u00edas que quiere despedir dignamente a la leyenda del balonmano franc\u00e9s Nikola Karabatic. El \u00faltimo partido de campeonato de la liga francesa, en la exitosa carrera del cuatro veces campe\u00f3n del mundo y tres veces campe\u00f3n ol\u00edmpico, se trasladar\u00e1 al Accor Arena en el distrito de Bercy [&hellip;]","og_url":"https:\/\/www.cope.es\/blogs\/derosca\/2024\/04\/03\/el-psg-despedira-a-nikola-karabatic-jugando-en-el-paris-bercy\/","og_site_name":"Derosca","article_publisher":"https:\/\/www.facebook.com\/cope\/","article_published_time":"2024-04-03T07:25:28+00:00","og_image":[{"width":680,"height":413,"url":"https:\/\/www.cope.es\/blogs\/derosca\/wp-content\/uploads\/sites\/22\/2024\/04\/1517949737069.jpg","type":"image\/jpeg"}],"author":"Luis Malvar","twitter_card":"summary_large_image","twitter_creator":"@cope_es","twitter_site":"@cope_es","twitter_misc":{"Escrito por":"Luis Malvar","Tiempo de lectura":"2 minutos"},"schema":{"@context":"https:\/\/schema.org","@graph":[{"@type":"Article","@id":"https:\/\/www.cope.es\/blogs\/derosca\/2024\/04\/03\/el-psg-despedira-a-nikola-karabatic-jugando-en-el-paris-bercy\/#article","isPartOf":{"@id":"https:\/\/www.cope.es\/blogs\/derosca\/2024\/04\/03\/el-psg-despedira-a-nikola-karabatic-jugando-en-el-paris-bercy\/"},"author":{"name":"Luis Malvar","@id":"https:\/\/www.cope.es\/blogs\/derosca\/#\/schema\/person\/02d6fa6fa8d8db60f83303875a4ff77f"},"headline":"El PSG despedir\u00e1 a Nikola Karabatic jugando en el Par\u00eds Bercy","datePublished":"2024-04-03T07:25:28+00:00","mainEntityOfPage":{"@id":"https:\/\/www.cope.es\/blogs\/derosca\/2024\/04\/03\/el-psg-despedira-a-nikola-karabatic-jugando-en-el-paris-bercy\/"},"wordCount":371,"commentCount":0,"image":{"@id":"https:\/\/www.cope.es\/blogs\/derosca\/2024\/04\/03\/el-psg-despedira-a-nikola-karabatic-jugando-en-el-paris-bercy\/#primaryimage"},"thumbnailUrl":"https:\/\/www.cope.es\/blogs\/derosca\/wp-content\/uploads\/sites\/22\/2024\/04\/1517949737069.jpg","articleSection":["Balonmano"],"inLanguage":"es","potentialAction":[{"@type":"CommentAction","name":"Comment","target":["https:\/\/www.cope.es\/blogs\/derosca\/2024\/04\/03\/el-psg-despedira-a-nikola-karabatic-jugando-en-el-paris-bercy\/#respond"]}]},{"@type":"WebPage","@id":"https:\/\/www.cope.es\/blogs\/derosca\/2024\/04\/03\/el-psg-despedira-a-nikola-karabatic-jugando-en-el-paris-bercy\/","url":"https:\/\/www.cope.es\/blogs\/derosca\/2024\/04\/03\/el-psg-despedira-a-nikola-karabatic-jugando-en-el-paris-bercy\/","name":"El PSG despedir\u00e1 a Nikola Karabatic jugando en el Par\u00eds Bercy - Derosca","isPartOf":{"@id":"https:\/\/www.cope.es\/blogs\/derosca\/#website"},"primaryImageOfPage":{"@id":"https:\/\/www.cope.es\/blogs\/derosca\/2024\/04\/03\/el-psg-despedira-a-nikola-karabatic-jugando-en-el-paris-bercy\/#primaryimage"},"image":{"@id":"https:\/\/www.cope.es\/blogs\/derosca\/2024\/04\/03\/el-psg-despedira-a-nikola-karabatic-jugando-en-el-paris-bercy\/#primaryimage"},"thumbnailUrl":"https:\/\/www.cope.es\/blogs\/derosca\/wp-content\/uploads\/sites\/22\/2024\/04\/1517949737069.jpg","datePublished":"2024-04-03T07:25:28+00:00","author":{"@id":"https:\/\/www.cope.es\/blogs\/derosca\/#\/schema\/person\/02d6fa6fa8d8db60f83303875a4ff77f"},"breadcrumb":{"@id":"https:\/\/www.cope.es\/blogs\/derosca\/2024\/04\/03\/el-psg-despedira-a-nikola-karabatic-jugando-en-el-paris-bercy\/#breadcrumb"},"inLanguage":"es","potentialAction":[{"@type":"ReadAction","target":["https:\/\/www.cope.es\/blogs\/derosca\/2024\/04\/03\/el-psg-despedira-a-nikola-karabatic-jugando-en-el-paris-bercy\/"]}]},{"@type":"ImageObject","inLanguage":"es","@id":"https:\/\/www.cope.es\/blogs\/derosca\/2024\/04\/03\/el-psg-despedira-a-nikola-karabatic-jugando-en-el-paris-bercy\/#primaryimage","url":"https:\/\/www.cope.es\/blogs\/derosca\/wp-content\/uploads\/sites\/22\/2024\/04\/1517949737069.jpg","contentUrl":"https:\/\/www.cope.es\/blogs\/derosca\/wp-content\/uploads\/sites\/22\/2024\/04\/1517949737069.jpg","width":680,"height":413,"caption":"El PSG despedir\u00e1 a Nikola Karabatic jugando en el Par\u00eds Bercy"},{"@type":"BreadcrumbList","@id":"https:\/\/www.cope.es\/blogs\/derosca\/2024\/04\/03\/el-psg-despedira-a-nikola-karabatic-jugando-en-el-paris-bercy\/#breadcrumb","itemListElement":[{"@type":"ListItem","position":1,"name":"Portada","item":"https:\/\/www.cope.es\/blogs\/derosca\/"},{"@type":"ListItem","position":2,"name":"El PSG despedir\u00e1 a Nikola Karabatic jugando en el Par\u00eds Bercy"}]},{"@type":"WebSite","@id":"https:\/\/www.cope.es\/blogs\/derosca\/#website","url":"https:\/\/www.cope.es\/blogs\/derosca\/","name":"Derosca","description":"Blog de balonmano COPE","potentialAction":[{"@type":"SearchAction","target":{"@type":"EntryPoint","urlTemplate":"https:\/\/www.cope.es\/blogs\/derosca\/?s={search_term_string}"},"query-input":{"@type":"PropertyValueSpecification","valueRequired":true,"valueName":"search_term_string"}}],"inLanguage":"es"},{"@type":"Person","@id":"https:\/\/www.cope.es\/blogs\/derosca\/#\/schema\/person\/02d6fa6fa8d8db60f83303875a4ff77f","name":"Luis Malvar","image":{"@type":"ImageObject","inLanguage":"es","@id":"https:\/\/secure.gravatar.com\/avatar\/23cd47dec2904689b3ccd32d1dd3e86c7cbf60dcf7376c68854f761a4939534f?s=96&d=mm&r=g","url":"https:\/\/secure.gravatar.com\/avatar\/23cd47dec2904689b3ccd32d1dd3e86c7cbf60dcf7376c68854f761a4939534f?s=96&d=mm&r=g","contentUrl":"https:\/\/secure.gravatar.com\/avatar\/23cd47dec2904689b3ccd32d1dd3e86c7cbf60dcf7376c68854f761a4939534f?s=96&d=mm&r=g","caption":"Luis Malvar"},"description":"Comenc\u00e9 la andadura del Blog Derosca all\u00e1 por el 22 de Mayo de 2008. Un blog en el que se trata de llevar a los numerosos aficionados y amantes del mundo del balonmano toda la actualidad de nuestro apasionante deporte. Una ventana que sirve para dar luz a las innumerables noticias que genera el balonmano y que habitualmente no tienen reflejo en los medios de comunicaci\u00f3n. Sin lugar a dudas el Blog Derosca cuenta con un apartado que tiene a gala contar con miles de seguidores como es \u201cMis Pajaritos\u201d en donde se relatan y narran todas las intrahistorias que se generan en el balonmano espa\u00f1ol y que incomoda a m\u00e1s de uno que salgan a la luz.!Gracias por seguirnos durante todos estos a\u00f1os\u00a1","sameAs":["http:\/\/www.cope.es","lmalvar"],"url":"https:\/\/www.cope.es\/blogs\/derosca\/author\/lmalvar\/"}]}},"amp_enabled":true,"_links":{"self":[{"href":"https:\/\/www.cope.es\/blogs\/derosca\/wp-json\/wp\/v2\/posts\/3800","targetHints":{"allow":["GET"]}}],"collection":[{"href":"https:\/\/www.cope.es\/blogs\/derosca\/wp-json\/wp\/v2\/posts"}],"about":[{"href":"https:\/\/www.cope.es\/blogs\/derosca\/wp-json\/wp\/v2\/types\/post"}],"author":[{"embeddable":true,"href":"https:\/\/www.cope.es\/blogs\/derosca\/wp-json\/wp\/v2\/users\/23"}],"replies":[{"embeddable":true,"href":"https:\/\/www.cope.es\/blogs\/derosca\/wp-json\/wp\/v2\/comments?post=3800"}],"version-history":[{"count":1,"href":"https:\/\/www.cope.es\/blogs\/derosca\/wp-json\/wp\/v2\/posts\/3800\/revisions"}],"predecessor-version":[{"id":3802,"href":"https:\/\/www.cope.es\/blogs\/derosca\/wp-json\/wp\/v2\/posts\/3800\/revisions\/3802"}],"wp:featuredmedia":[{"embeddable":true,"href":"https:\/\/www.cope.es\/blogs\/derosca\/wp-json\/wp\/v2\/media\/3801"}],"wp:attachment":[{"href":"https:\/\/www.cope.es\/blogs\/derosca\/wp-json\/wp\/v2\/media?parent=3800"}],"wp:term":[{"taxonomy":"category","embeddable":true,"href":"https:\/\/www.cope.es\/blogs\/derosca\/wp-json\/wp\/v2\/categories?post=3800"},{"taxonomy":"post_tag","embeddable":true,"href":"https:\/\/www.cope.es\/blogs\/derosca\/wp-json\/wp\/v2\/tags?post=3800"}],"curies":[{"name":"wp","href":"https:\/\/api.w.org\/{rel}","templated":true}]}}