{"id":3797,"date":"2024-04-02T09:19:15","date_gmt":"2024-04-02T07:19:15","guid":{"rendered":"http:\/\/www.cope.es\/blogs\/derosca\/?p=3797"},"modified":"2024-04-02T09:19:15","modified_gmt":"2024-04-02T07:19:15","slug":"el-gummersbach-se-plantea-regresar-al-lanxess-arena-en-temporada-2024-25","status":"publish","type":"post","link":"https:\/\/www.cope.es\/blogs\/derosca\/2024\/04\/02\/el-gummersbach-se-plantea-regresar-al-lanxess-arena-en-temporada-2024-25\/","title":{"rendered":"El Gummersbach se plantea regresar al Lanxess Arena en Temporada 2024-25"},"content":{"rendered":"<p><span style=\"color: #222222\"><span style=\"font-family: Arial, sans-serif\"><span style=\"font-size: medium\">El Lanxess Arena fue el pabell\u00f3n oficial del m\u00edtico Gummersbach en alguno de los momentos m\u00e1s importantes del hist\u00f3rico club hist\u00f3rico germano en el siglo siglo XXI.<\/span><\/span><\/span><\/p>\n<p><span style=\"color: #222222\"><span style=\"font-family: Arial, sans-serif\"><span style=\"font-size: medium\">Entre 2009 y 2011, el legendario equipo alem\u00e1n gan\u00f3 la Recopa y la Copa EHF tres temporadas seguidas, jugando tambi\u00e9n la Liga de Campeones y la atenci\u00f3n fue enorme, por lo que el pabell\u00f3n sede de los grandes partidos fue la &#8220;catedral del balonmano&#8221;, famosa por la Final 4 de la Liga de Campeones, otros eventos y que est\u00e1 a una hora en coche de Gummersbach.<\/span><\/span><\/span><\/p>\n<p><span style=\"color: #222222\"><span style=\"font-family: Arial, sans-serif\"><span style=\"font-size: medium\">Liderado por Gudjon Valur Sigurdsson, el Gummersbach vuelve a desempe\u00f1ar un papel importante en la Bundesliga alemana despu\u00e9s de descender en el a\u00f1o 2019. Los cinco veces ganadores de la Champions League (Copa de Campeones) se encuentran actualmente en las posiciones privilegiadas de la Bundesliga, que es el camino hacia la regreso pronto al nivel europeo.<\/span><\/span><\/span><\/p>\n<p><span style=\"color: #222222\"><span style=\"font-family: Arial, sans-serif\"><span style=\"font-size: medium\">La atenci\u00f3n a los partidos es mayor, por lo que en la presente temporada el Schwalbe Arena con capacidad para 4.132 asientos se ha quedado peque\u00f1o y las entradas se han agotado hasta en siete ocasiones.<\/span><\/span><\/span><\/p>\n<p><span style=\"color: #222222\"><span style=\"font-family: Arial, sans-serif\"><span style=\"font-size: medium\">El club del Gummersbach tiene previsto volver a trasladarse algunos partidos importantes a la ciudad de Colonia. El primer partido que se disputar\u00e1 en la Temporada 2024 &#8211; 25 en el Lanxess Arena ser\u00e1 el derbi contra el posible campe\u00f3n Fuchse Berlin el 26 de Diciembre.<\/span><\/span><\/span><\/p>\n<p><span style=\"color: #666666\"><span style=\"font-family: Arial, sans-serif\"><span style=\"font-size: medium\"><span>Seguirnos en twitter: <\/span><\/span><\/span><\/span><span style=\"color: #000080\"><span><u><a href=\"#!\/deroscacope\"><span style=\"color: #0000ff\"><span style=\"font-family: Arial, sans-serif\"><span style=\"font-size: medium\"><b>https:\/\/twitter.com\/#!\/deroscacope<\/b><\/span><\/span><\/span><\/a><\/u><\/span><\/span><\/p>\n","protected":false},"excerpt":{"rendered":"<p>El Lanxess Arena fue el pabell\u00f3n oficial del m\u00edtico Gummersbach en alguno de los momentos m\u00e1s importantes del hist\u00f3rico club hist\u00f3rico germano en el siglo siglo XXI. Entre 2009 y 2011, el legendario equipo alem\u00e1n gan\u00f3 la Recopa y la Copa EHF tres temporadas seguidas, jugando tambi\u00e9n la Liga de Campeones y la atenci\u00f3n fue [&hellip;]<\/p>\n","protected":false},"author":23,"featured_media":3798,"comment_status":"open","ping_status":"open","sticky":false,"template":"","format":"standard","meta":{"footnotes":""},"categories":[3],"tags":[],"class_list":["post-3797","post","type-post","status-publish","format-standard","has-post-thumbnail","hentry","category-balonmano"],"yoast_head":"<!-- This site is optimized with the Yoast SEO plugin v27.4 - https:\/\/yoast.com\/product\/yoast-seo-wordpress\/ -->\n<title>El Gummersbach se plantea regresar al Lanxess Arena en Temporada 2024-25 - Derosca<\/title>\n<meta name=\"robots\" content=\"index, follow, max-snippet:-1, max-image-preview:large, max-video-preview:-1\" \/>\n<link rel=\"canonical\" href=\"https:\/\/www.cope.es\/blogs\/derosca\/2024\/04\/02\/el-gummersbach-se-plantea-regresar-al-lanxess-arena-en-temporada-2024-25\/\" \/>\n<meta property=\"og:locale\" content=\"es_ES\" \/>\n<meta property=\"og:type\" content=\"article\" \/>\n<meta property=\"og:title\" content=\"El Gummersbach se plantea regresar al Lanxess Arena en Temporada 2024-25 - Derosca\" \/>\n<meta property=\"og:description\" content=\"El Lanxess Arena fue el pabell\u00f3n oficial del m\u00edtico Gummersbach en alguno de los momentos m\u00e1s importantes del hist\u00f3rico club hist\u00f3rico germano en el siglo siglo XXI. Entre 2009 y 2011, el legendario equipo alem\u00e1n gan\u00f3 la Recopa y la Copa EHF tres temporadas seguidas, jugando tambi\u00e9n la Liga de Campeones y la atenci\u00f3n fue [&hellip;]\" \/>\n<meta property=\"og:url\" content=\"https:\/\/www.cope.es\/blogs\/derosca\/2024\/04\/02\/el-gummersbach-se-plantea-regresar-al-lanxess-arena-en-temporada-2024-25\/\" \/>\n<meta property=\"og:site_name\" content=\"Derosca\" \/>\n<meta property=\"article:publisher\" content=\"https:\/\/www.facebook.com\/cope\/\" \/>\n<meta property=\"article:published_time\" content=\"2024-04-02T07:19:15+00:00\" \/>\n<meta property=\"og:image\" content=\"https:\/\/www.cope.es\/blogs\/derosca\/wp-content\/uploads\/sites\/22\/2024\/04\/1496394388641.jpg\" \/>\n\t<meta property=\"og:image:width\" content=\"680\" \/>\n\t<meta property=\"og:image:height\" content=\"350\" \/>\n\t<meta property=\"og:image:type\" content=\"image\/jpeg\" \/>\n<meta name=\"author\" content=\"Luis Malvar\" \/>\n<meta name=\"twitter:card\" content=\"summary_large_image\" \/>\n<meta name=\"twitter:creator\" content=\"@cope_es\" \/>\n<meta name=\"twitter:site\" content=\"@cope_es\" \/>\n<meta name=\"twitter:label1\" content=\"Escrito por\" \/>\n\t<meta name=\"twitter:data1\" content=\"Luis Malvar\" \/>\n\t<meta name=\"twitter:label2\" content=\"Tiempo de lectura\" \/>\n\t<meta name=\"twitter:data2\" content=\"1 minuto\" \/>\n<script type=\"application\/ld+json\" class=\"yoast-schema-graph\">{\"@context\":\"https:\\\/\\\/schema.org\",\"@graph\":[{\"@type\":\"Article\",\"@id\":\"https:\\\/\\\/www.cope.es\\\/blogs\\\/derosca\\\/2024\\\/04\\\/02\\\/el-gummersbach-se-plantea-regresar-al-lanxess-arena-en-temporada-2024-25\\\/#article\",\"isPartOf\":{\"@id\":\"https:\\\/\\\/www.cope.es\\\/blogs\\\/derosca\\\/2024\\\/04\\\/02\\\/el-gummersbach-se-plantea-regresar-al-lanxess-arena-en-temporada-2024-25\\\/\"},\"author\":{\"name\":\"Luis Malvar\",\"@id\":\"https:\\\/\\\/www.cope.es\\\/blogs\\\/derosca\\\/#\\\/schema\\\/person\\\/02d6fa6fa8d8db60f83303875a4ff77f\"},\"headline\":\"El Gummersbach se plantea regresar al Lanxess Arena en Temporada 2024-25\",\"datePublished\":\"2024-04-02T07:19:15+00:00\",\"mainEntityOfPage\":{\"@id\":\"https:\\\/\\\/www.cope.es\\\/blogs\\\/derosca\\\/2024\\\/04\\\/02\\\/el-gummersbach-se-plantea-regresar-al-lanxess-arena-en-temporada-2024-25\\\/\"},\"wordCount\":256,\"commentCount\":0,\"image\":{\"@id\":\"https:\\\/\\\/www.cope.es\\\/blogs\\\/derosca\\\/2024\\\/04\\\/02\\\/el-gummersbach-se-plantea-regresar-al-lanxess-arena-en-temporada-2024-25\\\/#primaryimage\"},\"thumbnailUrl\":\"https:\\\/\\\/www.cope.es\\\/blogs\\\/derosca\\\/wp-content\\\/uploads\\\/sites\\\/22\\\/2024\\\/04\\\/1496394388641.jpg\",\"articleSection\":[\"Balonmano\"],\"inLanguage\":\"es\",\"potentialAction\":[{\"@type\":\"CommentAction\",\"name\":\"Comment\",\"target\":[\"https:\\\/\\\/www.cope.es\\\/blogs\\\/derosca\\\/2024\\\/04\\\/02\\\/el-gummersbach-se-plantea-regresar-al-lanxess-arena-en-temporada-2024-25\\\/#respond\"]}]},{\"@type\":\"WebPage\",\"@id\":\"https:\\\/\\\/www.cope.es\\\/blogs\\\/derosca\\\/2024\\\/04\\\/02\\\/el-gummersbach-se-plantea-regresar-al-lanxess-arena-en-temporada-2024-25\\\/\",\"url\":\"https:\\\/\\\/www.cope.es\\\/blogs\\\/derosca\\\/2024\\\/04\\\/02\\\/el-gummersbach-se-plantea-regresar-al-lanxess-arena-en-temporada-2024-25\\\/\",\"name\":\"El Gummersbach se plantea regresar al Lanxess Arena en Temporada 2024-25 - Derosca\",\"isPartOf\":{\"@id\":\"https:\\\/\\\/www.cope.es\\\/blogs\\\/derosca\\\/#website\"},\"primaryImageOfPage\":{\"@id\":\"https:\\\/\\\/www.cope.es\\\/blogs\\\/derosca\\\/2024\\\/04\\\/02\\\/el-gummersbach-se-plantea-regresar-al-lanxess-arena-en-temporada-2024-25\\\/#primaryimage\"},\"image\":{\"@id\":\"https:\\\/\\\/www.cope.es\\\/blogs\\\/derosca\\\/2024\\\/04\\\/02\\\/el-gummersbach-se-plantea-regresar-al-lanxess-arena-en-temporada-2024-25\\\/#primaryimage\"},\"thumbnailUrl\":\"https:\\\/\\\/www.cope.es\\\/blogs\\\/derosca\\\/wp-content\\\/uploads\\\/sites\\\/22\\\/2024\\\/04\\\/1496394388641.jpg\",\"datePublished\":\"2024-04-02T07:19:15+00:00\",\"author\":{\"@id\":\"https:\\\/\\\/www.cope.es\\\/blogs\\\/derosca\\\/#\\\/schema\\\/person\\\/02d6fa6fa8d8db60f83303875a4ff77f\"},\"breadcrumb\":{\"@id\":\"https:\\\/\\\/www.cope.es\\\/blogs\\\/derosca\\\/2024\\\/04\\\/02\\\/el-gummersbach-se-plantea-regresar-al-lanxess-arena-en-temporada-2024-25\\\/#breadcrumb\"},\"inLanguage\":\"es\",\"potentialAction\":[{\"@type\":\"ReadAction\",\"target\":[\"https:\\\/\\\/www.cope.es\\\/blogs\\\/derosca\\\/2024\\\/04\\\/02\\\/el-gummersbach-se-plantea-regresar-al-lanxess-arena-en-temporada-2024-25\\\/\"]}]},{\"@type\":\"ImageObject\",\"inLanguage\":\"es\",\"@id\":\"https:\\\/\\\/www.cope.es\\\/blogs\\\/derosca\\\/2024\\\/04\\\/02\\\/el-gummersbach-se-plantea-regresar-al-lanxess-arena-en-temporada-2024-25\\\/#primaryimage\",\"url\":\"https:\\\/\\\/www.cope.es\\\/blogs\\\/derosca\\\/wp-content\\\/uploads\\\/sites\\\/22\\\/2024\\\/04\\\/1496394388641.jpg\",\"contentUrl\":\"https:\\\/\\\/www.cope.es\\\/blogs\\\/derosca\\\/wp-content\\\/uploads\\\/sites\\\/22\\\/2024\\\/04\\\/1496394388641.jpg\",\"width\":680,\"height\":350},{\"@type\":\"BreadcrumbList\",\"@id\":\"https:\\\/\\\/www.cope.es\\\/blogs\\\/derosca\\\/2024\\\/04\\\/02\\\/el-gummersbach-se-plantea-regresar-al-lanxess-arena-en-temporada-2024-25\\\/#breadcrumb\",\"itemListElement\":[{\"@type\":\"ListItem\",\"position\":1,\"name\":\"Portada\",\"item\":\"https:\\\/\\\/www.cope.es\\\/blogs\\\/derosca\\\/\"},{\"@type\":\"ListItem\",\"position\":2,\"name\":\"El Gummersbach se plantea regresar al Lanxess Arena en Temporada 2024-25\"}]},{\"@type\":\"WebSite\",\"@id\":\"https:\\\/\\\/www.cope.es\\\/blogs\\\/derosca\\\/#website\",\"url\":\"https:\\\/\\\/www.cope.es\\\/blogs\\\/derosca\\\/\",\"name\":\"Derosca\",\"description\":\"Blog de balonmano COPE\",\"potentialAction\":[{\"@type\":\"SearchAction\",\"target\":{\"@type\":\"EntryPoint\",\"urlTemplate\":\"https:\\\/\\\/www.cope.es\\\/blogs\\\/derosca\\\/?s={search_term_string}\"},\"query-input\":{\"@type\":\"PropertyValueSpecification\",\"valueRequired\":true,\"valueName\":\"search_term_string\"}}],\"inLanguage\":\"es\"},{\"@type\":\"Person\",\"@id\":\"https:\\\/\\\/www.cope.es\\\/blogs\\\/derosca\\\/#\\\/schema\\\/person\\\/02d6fa6fa8d8db60f83303875a4ff77f\",\"name\":\"Luis Malvar\",\"image\":{\"@type\":\"ImageObject\",\"inLanguage\":\"es\",\"@id\":\"https:\\\/\\\/secure.gravatar.com\\\/avatar\\\/23cd47dec2904689b3ccd32d1dd3e86c7cbf60dcf7376c68854f761a4939534f?s=96&d=mm&r=g\",\"url\":\"https:\\\/\\\/secure.gravatar.com\\\/avatar\\\/23cd47dec2904689b3ccd32d1dd3e86c7cbf60dcf7376c68854f761a4939534f?s=96&d=mm&r=g\",\"contentUrl\":\"https:\\\/\\\/secure.gravatar.com\\\/avatar\\\/23cd47dec2904689b3ccd32d1dd3e86c7cbf60dcf7376c68854f761a4939534f?s=96&d=mm&r=g\",\"caption\":\"Luis Malvar\"},\"description\":\"Comenc\u00e9 la andadura del Blog Derosca all\u00e1 por el 22 de Mayo de 2008. Un blog en el que se trata de llevar a los numerosos aficionados y amantes del mundo del balonmano toda la actualidad de nuestro apasionante deporte. Una ventana que sirve para dar luz a las innumerables noticias que genera el balonmano y que habitualmente no tienen reflejo en los medios de comunicaci\u00f3n. Sin lugar a dudas el Blog Derosca cuenta con un apartado que tiene a gala contar con miles de seguidores como es \u201cMis Pajaritos\u201d en donde se relatan y narran todas las intrahistorias que se generan en el balonmano espa\u00f1ol y que incomoda a m\u00e1s de uno que salgan a la luz.!Gracias por seguirnos durante todos estos a\u00f1os\u00a1\",\"sameAs\":[\"http:\\\/\\\/www.cope.es\",\"lmalvar\"],\"url\":\"https:\\\/\\\/www.cope.es\\\/blogs\\\/derosca\\\/author\\\/lmalvar\\\/\"}]}<\/script>\n<!-- \/ Yoast SEO plugin. -->","yoast_head_json":{"title":"El Gummersbach se plantea regresar al Lanxess Arena en Temporada 2024-25 - Derosca","robots":{"index":"index","follow":"follow","max-snippet":"max-snippet:-1","max-image-preview":"max-image-preview:large","max-video-preview":"max-video-preview:-1"},"canonical":"https:\/\/www.cope.es\/blogs\/derosca\/2024\/04\/02\/el-gummersbach-se-plantea-regresar-al-lanxess-arena-en-temporada-2024-25\/","og_locale":"es_ES","og_type":"article","og_title":"El Gummersbach se plantea regresar al Lanxess Arena en Temporada 2024-25 - Derosca","og_description":"El Lanxess Arena fue el pabell\u00f3n oficial del m\u00edtico Gummersbach en alguno de los momentos m\u00e1s importantes del hist\u00f3rico club hist\u00f3rico germano en el siglo siglo XXI. Entre 2009 y 2011, el legendario equipo alem\u00e1n gan\u00f3 la Recopa y la Copa EHF tres temporadas seguidas, jugando tambi\u00e9n la Liga de Campeones y la atenci\u00f3n fue [&hellip;]","og_url":"https:\/\/www.cope.es\/blogs\/derosca\/2024\/04\/02\/el-gummersbach-se-plantea-regresar-al-lanxess-arena-en-temporada-2024-25\/","og_site_name":"Derosca","article_publisher":"https:\/\/www.facebook.com\/cope\/","article_published_time":"2024-04-02T07:19:15+00:00","og_image":[{"width":680,"height":350,"url":"https:\/\/www.cope.es\/blogs\/derosca\/wp-content\/uploads\/sites\/22\/2024\/04\/1496394388641.jpg","type":"image\/jpeg"}],"author":"Luis Malvar","twitter_card":"summary_large_image","twitter_creator":"@cope_es","twitter_site":"@cope_es","twitter_misc":{"Escrito por":"Luis Malvar","Tiempo de lectura":"1 minuto"},"schema":{"@context":"https:\/\/schema.org","@graph":[{"@type":"Article","@id":"https:\/\/www.cope.es\/blogs\/derosca\/2024\/04\/02\/el-gummersbach-se-plantea-regresar-al-lanxess-arena-en-temporada-2024-25\/#article","isPartOf":{"@id":"https:\/\/www.cope.es\/blogs\/derosca\/2024\/04\/02\/el-gummersbach-se-plantea-regresar-al-lanxess-arena-en-temporada-2024-25\/"},"author":{"name":"Luis Malvar","@id":"https:\/\/www.cope.es\/blogs\/derosca\/#\/schema\/person\/02d6fa6fa8d8db60f83303875a4ff77f"},"headline":"El Gummersbach se plantea regresar al Lanxess Arena en Temporada 2024-25","datePublished":"2024-04-02T07:19:15+00:00","mainEntityOfPage":{"@id":"https:\/\/www.cope.es\/blogs\/derosca\/2024\/04\/02\/el-gummersbach-se-plantea-regresar-al-lanxess-arena-en-temporada-2024-25\/"},"wordCount":256,"commentCount":0,"image":{"@id":"https:\/\/www.cope.es\/blogs\/derosca\/2024\/04\/02\/el-gummersbach-se-plantea-regresar-al-lanxess-arena-en-temporada-2024-25\/#primaryimage"},"thumbnailUrl":"https:\/\/www.cope.es\/blogs\/derosca\/wp-content\/uploads\/sites\/22\/2024\/04\/1496394388641.jpg","articleSection":["Balonmano"],"inLanguage":"es","potentialAction":[{"@type":"CommentAction","name":"Comment","target":["https:\/\/www.cope.es\/blogs\/derosca\/2024\/04\/02\/el-gummersbach-se-plantea-regresar-al-lanxess-arena-en-temporada-2024-25\/#respond"]}]},{"@type":"WebPage","@id":"https:\/\/www.cope.es\/blogs\/derosca\/2024\/04\/02\/el-gummersbach-se-plantea-regresar-al-lanxess-arena-en-temporada-2024-25\/","url":"https:\/\/www.cope.es\/blogs\/derosca\/2024\/04\/02\/el-gummersbach-se-plantea-regresar-al-lanxess-arena-en-temporada-2024-25\/","name":"El Gummersbach se plantea regresar al Lanxess Arena en Temporada 2024-25 - Derosca","isPartOf":{"@id":"https:\/\/www.cope.es\/blogs\/derosca\/#website"},"primaryImageOfPage":{"@id":"https:\/\/www.cope.es\/blogs\/derosca\/2024\/04\/02\/el-gummersbach-se-plantea-regresar-al-lanxess-arena-en-temporada-2024-25\/#primaryimage"},"image":{"@id":"https:\/\/www.cope.es\/blogs\/derosca\/2024\/04\/02\/el-gummersbach-se-plantea-regresar-al-lanxess-arena-en-temporada-2024-25\/#primaryimage"},"thumbnailUrl":"https:\/\/www.cope.es\/blogs\/derosca\/wp-content\/uploads\/sites\/22\/2024\/04\/1496394388641.jpg","datePublished":"2024-04-02T07:19:15+00:00","author":{"@id":"https:\/\/www.cope.es\/blogs\/derosca\/#\/schema\/person\/02d6fa6fa8d8db60f83303875a4ff77f"},"breadcrumb":{"@id":"https:\/\/www.cope.es\/blogs\/derosca\/2024\/04\/02\/el-gummersbach-se-plantea-regresar-al-lanxess-arena-en-temporada-2024-25\/#breadcrumb"},"inLanguage":"es","potentialAction":[{"@type":"ReadAction","target":["https:\/\/www.cope.es\/blogs\/derosca\/2024\/04\/02\/el-gummersbach-se-plantea-regresar-al-lanxess-arena-en-temporada-2024-25\/"]}]},{"@type":"ImageObject","inLanguage":"es","@id":"https:\/\/www.cope.es\/blogs\/derosca\/2024\/04\/02\/el-gummersbach-se-plantea-regresar-al-lanxess-arena-en-temporada-2024-25\/#primaryimage","url":"https:\/\/www.cope.es\/blogs\/derosca\/wp-content\/uploads\/sites\/22\/2024\/04\/1496394388641.jpg","contentUrl":"https:\/\/www.cope.es\/blogs\/derosca\/wp-content\/uploads\/sites\/22\/2024\/04\/1496394388641.jpg","width":680,"height":350},{"@type":"BreadcrumbList","@id":"https:\/\/www.cope.es\/blogs\/derosca\/2024\/04\/02\/el-gummersbach-se-plantea-regresar-al-lanxess-arena-en-temporada-2024-25\/#breadcrumb","itemListElement":[{"@type":"ListItem","position":1,"name":"Portada","item":"https:\/\/www.cope.es\/blogs\/derosca\/"},{"@type":"ListItem","position":2,"name":"El Gummersbach se plantea regresar al Lanxess Arena en Temporada 2024-25"}]},{"@type":"WebSite","@id":"https:\/\/www.cope.es\/blogs\/derosca\/#website","url":"https:\/\/www.cope.es\/blogs\/derosca\/","name":"Derosca","description":"Blog de balonmano COPE","potentialAction":[{"@type":"SearchAction","target":{"@type":"EntryPoint","urlTemplate":"https:\/\/www.cope.es\/blogs\/derosca\/?s={search_term_string}"},"query-input":{"@type":"PropertyValueSpecification","valueRequired":true,"valueName":"search_term_string"}}],"inLanguage":"es"},{"@type":"Person","@id":"https:\/\/www.cope.es\/blogs\/derosca\/#\/schema\/person\/02d6fa6fa8d8db60f83303875a4ff77f","name":"Luis Malvar","image":{"@type":"ImageObject","inLanguage":"es","@id":"https:\/\/secure.gravatar.com\/avatar\/23cd47dec2904689b3ccd32d1dd3e86c7cbf60dcf7376c68854f761a4939534f?s=96&d=mm&r=g","url":"https:\/\/secure.gravatar.com\/avatar\/23cd47dec2904689b3ccd32d1dd3e86c7cbf60dcf7376c68854f761a4939534f?s=96&d=mm&r=g","contentUrl":"https:\/\/secure.gravatar.com\/avatar\/23cd47dec2904689b3ccd32d1dd3e86c7cbf60dcf7376c68854f761a4939534f?s=96&d=mm&r=g","caption":"Luis Malvar"},"description":"Comenc\u00e9 la andadura del Blog Derosca all\u00e1 por el 22 de Mayo de 2008. Un blog en el que se trata de llevar a los numerosos aficionados y amantes del mundo del balonmano toda la actualidad de nuestro apasionante deporte. Una ventana que sirve para dar luz a las innumerables noticias que genera el balonmano y que habitualmente no tienen reflejo en los medios de comunicaci\u00f3n. Sin lugar a dudas el Blog Derosca cuenta con un apartado que tiene a gala contar con miles de seguidores como es \u201cMis Pajaritos\u201d en donde se relatan y narran todas las intrahistorias que se generan en el balonmano espa\u00f1ol y que incomoda a m\u00e1s de uno que salgan a la luz.!Gracias por seguirnos durante todos estos a\u00f1os\u00a1","sameAs":["http:\/\/www.cope.es","lmalvar"],"url":"https:\/\/www.cope.es\/blogs\/derosca\/author\/lmalvar\/"}]}},"amp_enabled":true,"_links":{"self":[{"href":"https:\/\/www.cope.es\/blogs\/derosca\/wp-json\/wp\/v2\/posts\/3797","targetHints":{"allow":["GET"]}}],"collection":[{"href":"https:\/\/www.cope.es\/blogs\/derosca\/wp-json\/wp\/v2\/posts"}],"about":[{"href":"https:\/\/www.cope.es\/blogs\/derosca\/wp-json\/wp\/v2\/types\/post"}],"author":[{"embeddable":true,"href":"https:\/\/www.cope.es\/blogs\/derosca\/wp-json\/wp\/v2\/users\/23"}],"replies":[{"embeddable":true,"href":"https:\/\/www.cope.es\/blogs\/derosca\/wp-json\/wp\/v2\/comments?post=3797"}],"version-history":[{"count":1,"href":"https:\/\/www.cope.es\/blogs\/derosca\/wp-json\/wp\/v2\/posts\/3797\/revisions"}],"predecessor-version":[{"id":3799,"href":"https:\/\/www.cope.es\/blogs\/derosca\/wp-json\/wp\/v2\/posts\/3797\/revisions\/3799"}],"wp:featuredmedia":[{"embeddable":true,"href":"https:\/\/www.cope.es\/blogs\/derosca\/wp-json\/wp\/v2\/media\/3798"}],"wp:attachment":[{"href":"https:\/\/www.cope.es\/blogs\/derosca\/wp-json\/wp\/v2\/media?parent=3797"}],"wp:term":[{"taxonomy":"category","embeddable":true,"href":"https:\/\/www.cope.es\/blogs\/derosca\/wp-json\/wp\/v2\/categories?post=3797"},{"taxonomy":"post_tag","embeddable":true,"href":"https:\/\/www.cope.es\/blogs\/derosca\/wp-json\/wp\/v2\/tags?post=3797"}],"curies":[{"name":"wp","href":"https:\/\/api.w.org\/{rel}","templated":true}]}}