{"id":3757,"date":"2024-03-11T09:15:08","date_gmt":"2024-03-11T08:15:08","guid":{"rendered":"http:\/\/www.cope.es\/blogs\/derosca\/?p=3757"},"modified":"2024-03-11T09:15:08","modified_gmt":"2024-03-11T08:15:08","slug":"dagur-sigurdsson-nuevo-seleccionador-masculino-de-croacia","status":"publish","type":"post","link":"https:\/\/www.cope.es\/blogs\/derosca\/2024\/03\/11\/dagur-sigurdsson-nuevo-seleccionador-masculino-de-croacia\/","title":{"rendered":"Dagur Sigurdsson nuevo Seleccionador Masculino de Croacia"},"content":{"rendered":"<p><span style=\"font-family: Arial, sans-serif\"><span style=\"font-size: medium\">El nombre que circulaba desde hac\u00eda tiempo, tras la dimisi\u00f3n de Goran Perkovac como Seleccionador de Croacia tras el Europeo 2024, era el de Dagur Sigurdsson. Hace unos d\u00edas la asociaci\u00f3n croata de balonmano anunci\u00f3 que Dagur Sigurdsson dirigir\u00e1 desde el banquillo al dos veces campe\u00f3n ol\u00edmpico.<\/span><\/span><\/p>\n<p><span style=\"font-family: Arial, sans-serif\"><span style=\"font-size: medium\">Dagur Sigurdsson ha comentado que para \u00e9l como primer entrenador croata extranjero, este es un gran desaf\u00edo y lo espera con ansias. El equipo es bueno, pero las otras selecciones nacionales tambi\u00e9n lo son muy bien. Tiene dos semanas dif\u00edciles por delante y con mucho trabajo. Vio a Croacia en el Campeonato de Europa, es un equipo interesante con una buena combinaci\u00f3n de experiencia y talento.<\/span><\/span><\/p>\n<p><span style=\"font-family: Arial, sans-serif\"><span style=\"font-size: medium\">El Presidente de la Federaci\u00f3n de Croacia, Tomislav Grahovac, ha comentado que la clasificaci\u00f3n para los Juegos Ol\u00edmpicos est\u00e1 a la vuelta de la esquina y son conscientes de la dificultad de la tarea. No consegu\u00edan un buen resultado y algo se ten\u00eda que cambiar. Hablaron con varios candidatos y plantearon la situaci\u00f3n para nombrar por primera vez un extranjero como seleccionador nacional. Las negociaciones continuaron, hubo obst\u00e1culos porque Sigurdsson ten\u00eda un contrato con Jap\u00f3n<\/span><\/span><\/p>\n<p><span style=\"font-family: Arial, sans-serif\"><span style=\"font-size: medium\">El island\u00e9s Dagur Sigurdsson, de 50 a\u00f1os de edad, s\u00f3lo dispone de dos semanas para preparar al equipo para los Juegos Ol\u00edmpicos. El conjunto croata tuvo que informar a la Federaci\u00f3n Internacional de Balonmano (IHF) sobre un equipo de 35 jugadores a principios de mes. Explica Sigurdsson que lo dar\u00e1n todo para clasificarse para los Juegos Ol\u00edmpicos. Tiene que ver qui\u00e9n est\u00e1 disponible. Tiene buenos jugadores y quiere elegir a los mejores.<\/span><\/span><\/p>\n<p><span style=\"font-family: Arial, sans-serif\"><span style=\"font-size: medium\">S\u00f3lo hay algunos cambios respecto a la plantilla que su antecesor plane\u00f3 para el Europeo 2024 en Alemania. Los veteranos Jakov Gojun y Marko Kopljar reemplazan a los j\u00f3venes Gianfranco Pribetic y Maksimilijan Molc. Sin embargo, Sigurdsson tiene que decidir sobre los 18 jugadores con los que viajar\u00e1 a sus primeros partidos.<\/span><\/span><\/p>\n<p><span style=\"font-family: Arial, sans-serif\"><span style=\"font-size: medium\">Croacia jugar\u00e1 en Hannover a mediados de Marzo (del 14 al 17 de Marzo) para clasificarse para los Juegos Ol\u00edmpicos. Los rivales son Austria y Alemania, dos de los antiguos equipos del entrenador Dagur Sigurdsson y el \u00faltimo partido ser\u00e1 contra la for\u00e1nea Argelia. Despu\u00e9s de los Juegos Ol\u00edmpicos, le esperaba otro momento destacado a Croacia junto con Dinamarca y Noruega, dado que ser\u00e1 sede del Mundial 2025 (del 14 de Enero al 2 de Febrero de 2025).<\/span><\/span><\/p>\n<p><span style=\"font-family: Arial, sans-serif\"><span style=\"font-size: medium\">Denis Spoljaric ser\u00e1 el segundo entrenador de Sigurdsson, un t\u00e9cnico de 45 a\u00f1os que conoce al island\u00e9s por su propia carrera profesional. Ambos trabajaron juntos en Berl\u00edn durante mucho tiempo, Dagur Sigurdsson tiene pasi\u00f3n, cuando est\u00e1 comprometido con algo, est\u00e1 comprometido al 150 por ciento con ello y el \u00e9xito es inevitable. Esta positividad, este entusiasmo, el deseo, la voluntad de triunfar, eso es lo que tiene y por lo qu\u00e9 lo valora su ayudante. <\/span><\/span><\/p>\n<p><span style=\"color: #666666\"><span style=\"font-family: Arial, sans-serif\"><span style=\"font-size: medium\">Seguirnos en twitter: <\/span><\/span><\/span><span style=\"color: #000080\"><span><u><a href=\"#!\/deroscacope\"><span style=\"color: #0000ff\"><span style=\"font-family: Arial, sans-serif\"><span style=\"font-size: medium\"><b>https:\/\/twitter.com\/#!\/deroscacope<\/b><\/span><\/span><\/span><\/a><\/u><\/span><\/span><\/p>\n","protected":false},"excerpt":{"rendered":"<p>El nombre que circulaba desde hac\u00eda tiempo, tras la dimisi\u00f3n de Goran Perkovac como Seleccionador de Croacia tras el Europeo 2024, era el de Dagur Sigurdsson. Hace unos d\u00edas la asociaci\u00f3n croata de balonmano anunci\u00f3 que Dagur Sigurdsson dirigir\u00e1 desde el banquillo al dos veces campe\u00f3n ol\u00edmpico. Dagur Sigurdsson ha comentado que para \u00e9l como [&hellip;]<\/p>\n","protected":false},"author":23,"featured_media":3758,"comment_status":"open","ping_status":"open","sticky":false,"template":"","format":"standard","meta":{"footnotes":""},"categories":[3],"tags":[],"class_list":["post-3757","post","type-post","status-publish","format-standard","has-post-thumbnail","hentry","category-balonmano"],"yoast_head":"<!-- This site is optimized with the Yoast SEO plugin v27.4 - https:\/\/yoast.com\/product\/yoast-seo-wordpress\/ -->\n<title>Dagur Sigurdsson nuevo Seleccionador Masculino de Croacia - Derosca<\/title>\n<meta name=\"robots\" content=\"index, follow, max-snippet:-1, max-image-preview:large, max-video-preview:-1\" \/>\n<link rel=\"canonical\" href=\"https:\/\/www.cope.es\/blogs\/derosca\/2024\/03\/11\/dagur-sigurdsson-nuevo-seleccionador-masculino-de-croacia\/\" \/>\n<meta property=\"og:locale\" content=\"es_ES\" \/>\n<meta property=\"og:type\" content=\"article\" \/>\n<meta property=\"og:title\" content=\"Dagur Sigurdsson nuevo Seleccionador Masculino de Croacia - Derosca\" \/>\n<meta property=\"og:description\" content=\"El nombre que circulaba desde hac\u00eda tiempo, tras la dimisi\u00f3n de Goran Perkovac como Seleccionador de Croacia tras el Europeo 2024, era el de Dagur Sigurdsson. Hace unos d\u00edas la asociaci\u00f3n croata de balonmano anunci\u00f3 que Dagur Sigurdsson dirigir\u00e1 desde el banquillo al dos veces campe\u00f3n ol\u00edmpico. Dagur Sigurdsson ha comentado que para \u00e9l como [&hellip;]\" \/>\n<meta property=\"og:url\" content=\"https:\/\/www.cope.es\/blogs\/derosca\/2024\/03\/11\/dagur-sigurdsson-nuevo-seleccionador-masculino-de-croacia\/\" \/>\n<meta property=\"og:site_name\" content=\"Derosca\" \/>\n<meta property=\"article:publisher\" content=\"https:\/\/www.facebook.com\/cope\/\" \/>\n<meta property=\"article:published_time\" content=\"2024-03-11T08:15:08+00:00\" \/>\n<meta property=\"og:image\" content=\"https:\/\/www.cope.es\/blogs\/derosca\/wp-content\/uploads\/sites\/22\/2024\/03\/Dagur_Sigurdsson_-_Handball-Teamchef_Austria_1.jpg\" \/>\n\t<meta property=\"og:image:width\" content=\"680\" \/>\n\t<meta property=\"og:image:height\" content=\"772\" \/>\n\t<meta property=\"og:image:type\" content=\"image\/jpeg\" \/>\n<meta name=\"author\" content=\"Luis Malvar\" \/>\n<meta name=\"twitter:card\" content=\"summary_large_image\" \/>\n<meta name=\"twitter:creator\" content=\"@cope_es\" \/>\n<meta name=\"twitter:site\" content=\"@cope_es\" \/>\n<meta name=\"twitter:label1\" content=\"Escrito por\" \/>\n\t<meta name=\"twitter:data1\" content=\"Luis Malvar\" \/>\n\t<meta name=\"twitter:label2\" content=\"Tiempo de lectura\" \/>\n\t<meta name=\"twitter:data2\" content=\"2 minutos\" \/>\n<script type=\"application\/ld+json\" class=\"yoast-schema-graph\">{\"@context\":\"https:\\\/\\\/schema.org\",\"@graph\":[{\"@type\":\"Article\",\"@id\":\"https:\\\/\\\/www.cope.es\\\/blogs\\\/derosca\\\/2024\\\/03\\\/11\\\/dagur-sigurdsson-nuevo-seleccionador-masculino-de-croacia\\\/#article\",\"isPartOf\":{\"@id\":\"https:\\\/\\\/www.cope.es\\\/blogs\\\/derosca\\\/2024\\\/03\\\/11\\\/dagur-sigurdsson-nuevo-seleccionador-masculino-de-croacia\\\/\"},\"author\":{\"name\":\"Luis Malvar\",\"@id\":\"https:\\\/\\\/www.cope.es\\\/blogs\\\/derosca\\\/#\\\/schema\\\/person\\\/02d6fa6fa8d8db60f83303875a4ff77f\"},\"headline\":\"Dagur Sigurdsson nuevo Seleccionador Masculino de Croacia\",\"datePublished\":\"2024-03-11T08:15:08+00:00\",\"mainEntityOfPage\":{\"@id\":\"https:\\\/\\\/www.cope.es\\\/blogs\\\/derosca\\\/2024\\\/03\\\/11\\\/dagur-sigurdsson-nuevo-seleccionador-masculino-de-croacia\\\/\"},\"wordCount\":504,\"commentCount\":0,\"image\":{\"@id\":\"https:\\\/\\\/www.cope.es\\\/blogs\\\/derosca\\\/2024\\\/03\\\/11\\\/dagur-sigurdsson-nuevo-seleccionador-masculino-de-croacia\\\/#primaryimage\"},\"thumbnailUrl\":\"https:\\\/\\\/www.cope.es\\\/blogs\\\/derosca\\\/wp-content\\\/uploads\\\/sites\\\/22\\\/2024\\\/03\\\/Dagur_Sigurdsson_-_Handball-Teamchef_Austria_1.jpg\",\"articleSection\":[\"Balonmano\"],\"inLanguage\":\"es\",\"potentialAction\":[{\"@type\":\"CommentAction\",\"name\":\"Comment\",\"target\":[\"https:\\\/\\\/www.cope.es\\\/blogs\\\/derosca\\\/2024\\\/03\\\/11\\\/dagur-sigurdsson-nuevo-seleccionador-masculino-de-croacia\\\/#respond\"]}]},{\"@type\":\"WebPage\",\"@id\":\"https:\\\/\\\/www.cope.es\\\/blogs\\\/derosca\\\/2024\\\/03\\\/11\\\/dagur-sigurdsson-nuevo-seleccionador-masculino-de-croacia\\\/\",\"url\":\"https:\\\/\\\/www.cope.es\\\/blogs\\\/derosca\\\/2024\\\/03\\\/11\\\/dagur-sigurdsson-nuevo-seleccionador-masculino-de-croacia\\\/\",\"name\":\"Dagur Sigurdsson nuevo Seleccionador Masculino de Croacia - Derosca\",\"isPartOf\":{\"@id\":\"https:\\\/\\\/www.cope.es\\\/blogs\\\/derosca\\\/#website\"},\"primaryImageOfPage\":{\"@id\":\"https:\\\/\\\/www.cope.es\\\/blogs\\\/derosca\\\/2024\\\/03\\\/11\\\/dagur-sigurdsson-nuevo-seleccionador-masculino-de-croacia\\\/#primaryimage\"},\"image\":{\"@id\":\"https:\\\/\\\/www.cope.es\\\/blogs\\\/derosca\\\/2024\\\/03\\\/11\\\/dagur-sigurdsson-nuevo-seleccionador-masculino-de-croacia\\\/#primaryimage\"},\"thumbnailUrl\":\"https:\\\/\\\/www.cope.es\\\/blogs\\\/derosca\\\/wp-content\\\/uploads\\\/sites\\\/22\\\/2024\\\/03\\\/Dagur_Sigurdsson_-_Handball-Teamchef_Austria_1.jpg\",\"datePublished\":\"2024-03-11T08:15:08+00:00\",\"author\":{\"@id\":\"https:\\\/\\\/www.cope.es\\\/blogs\\\/derosca\\\/#\\\/schema\\\/person\\\/02d6fa6fa8d8db60f83303875a4ff77f\"},\"breadcrumb\":{\"@id\":\"https:\\\/\\\/www.cope.es\\\/blogs\\\/derosca\\\/2024\\\/03\\\/11\\\/dagur-sigurdsson-nuevo-seleccionador-masculino-de-croacia\\\/#breadcrumb\"},\"inLanguage\":\"es\",\"potentialAction\":[{\"@type\":\"ReadAction\",\"target\":[\"https:\\\/\\\/www.cope.es\\\/blogs\\\/derosca\\\/2024\\\/03\\\/11\\\/dagur-sigurdsson-nuevo-seleccionador-masculino-de-croacia\\\/\"]}]},{\"@type\":\"ImageObject\",\"inLanguage\":\"es\",\"@id\":\"https:\\\/\\\/www.cope.es\\\/blogs\\\/derosca\\\/2024\\\/03\\\/11\\\/dagur-sigurdsson-nuevo-seleccionador-masculino-de-croacia\\\/#primaryimage\",\"url\":\"https:\\\/\\\/www.cope.es\\\/blogs\\\/derosca\\\/wp-content\\\/uploads\\\/sites\\\/22\\\/2024\\\/03\\\/Dagur_Sigurdsson_-_Handball-Teamchef_Austria_1.jpg\",\"contentUrl\":\"https:\\\/\\\/www.cope.es\\\/blogs\\\/derosca\\\/wp-content\\\/uploads\\\/sites\\\/22\\\/2024\\\/03\\\/Dagur_Sigurdsson_-_Handball-Teamchef_Austria_1.jpg\",\"width\":680,\"height\":772,\"caption\":\"Dagur Sigurdsson nuevo Seleccionador Masculino de Croacia\"},{\"@type\":\"BreadcrumbList\",\"@id\":\"https:\\\/\\\/www.cope.es\\\/blogs\\\/derosca\\\/2024\\\/03\\\/11\\\/dagur-sigurdsson-nuevo-seleccionador-masculino-de-croacia\\\/#breadcrumb\",\"itemListElement\":[{\"@type\":\"ListItem\",\"position\":1,\"name\":\"Portada\",\"item\":\"https:\\\/\\\/www.cope.es\\\/blogs\\\/derosca\\\/\"},{\"@type\":\"ListItem\",\"position\":2,\"name\":\"Dagur Sigurdsson nuevo Seleccionador Masculino de Croacia\"}]},{\"@type\":\"WebSite\",\"@id\":\"https:\\\/\\\/www.cope.es\\\/blogs\\\/derosca\\\/#website\",\"url\":\"https:\\\/\\\/www.cope.es\\\/blogs\\\/derosca\\\/\",\"name\":\"Derosca\",\"description\":\"Blog de balonmano COPE\",\"potentialAction\":[{\"@type\":\"SearchAction\",\"target\":{\"@type\":\"EntryPoint\",\"urlTemplate\":\"https:\\\/\\\/www.cope.es\\\/blogs\\\/derosca\\\/?s={search_term_string}\"},\"query-input\":{\"@type\":\"PropertyValueSpecification\",\"valueRequired\":true,\"valueName\":\"search_term_string\"}}],\"inLanguage\":\"es\"},{\"@type\":\"Person\",\"@id\":\"https:\\\/\\\/www.cope.es\\\/blogs\\\/derosca\\\/#\\\/schema\\\/person\\\/02d6fa6fa8d8db60f83303875a4ff77f\",\"name\":\"Luis Malvar\",\"image\":{\"@type\":\"ImageObject\",\"inLanguage\":\"es\",\"@id\":\"https:\\\/\\\/secure.gravatar.com\\\/avatar\\\/23cd47dec2904689b3ccd32d1dd3e86c7cbf60dcf7376c68854f761a4939534f?s=96&d=mm&r=g\",\"url\":\"https:\\\/\\\/secure.gravatar.com\\\/avatar\\\/23cd47dec2904689b3ccd32d1dd3e86c7cbf60dcf7376c68854f761a4939534f?s=96&d=mm&r=g\",\"contentUrl\":\"https:\\\/\\\/secure.gravatar.com\\\/avatar\\\/23cd47dec2904689b3ccd32d1dd3e86c7cbf60dcf7376c68854f761a4939534f?s=96&d=mm&r=g\",\"caption\":\"Luis Malvar\"},\"description\":\"Comenc\u00e9 la andadura del Blog Derosca all\u00e1 por el 22 de Mayo de 2008. Un blog en el que se trata de llevar a los numerosos aficionados y amantes del mundo del balonmano toda la actualidad de nuestro apasionante deporte. Una ventana que sirve para dar luz a las innumerables noticias que genera el balonmano y que habitualmente no tienen reflejo en los medios de comunicaci\u00f3n. Sin lugar a dudas el Blog Derosca cuenta con un apartado que tiene a gala contar con miles de seguidores como es \u201cMis Pajaritos\u201d en donde se relatan y narran todas las intrahistorias que se generan en el balonmano espa\u00f1ol y que incomoda a m\u00e1s de uno que salgan a la luz.!Gracias por seguirnos durante todos estos a\u00f1os\u00a1\",\"sameAs\":[\"http:\\\/\\\/www.cope.es\",\"lmalvar\"],\"url\":\"https:\\\/\\\/www.cope.es\\\/blogs\\\/derosca\\\/author\\\/lmalvar\\\/\"}]}<\/script>\n<!-- \/ Yoast SEO plugin. -->","yoast_head_json":{"title":"Dagur Sigurdsson nuevo Seleccionador Masculino de Croacia - Derosca","robots":{"index":"index","follow":"follow","max-snippet":"max-snippet:-1","max-image-preview":"max-image-preview:large","max-video-preview":"max-video-preview:-1"},"canonical":"https:\/\/www.cope.es\/blogs\/derosca\/2024\/03\/11\/dagur-sigurdsson-nuevo-seleccionador-masculino-de-croacia\/","og_locale":"es_ES","og_type":"article","og_title":"Dagur Sigurdsson nuevo Seleccionador Masculino de Croacia - Derosca","og_description":"El nombre que circulaba desde hac\u00eda tiempo, tras la dimisi\u00f3n de Goran Perkovac como Seleccionador de Croacia tras el Europeo 2024, era el de Dagur Sigurdsson. Hace unos d\u00edas la asociaci\u00f3n croata de balonmano anunci\u00f3 que Dagur Sigurdsson dirigir\u00e1 desde el banquillo al dos veces campe\u00f3n ol\u00edmpico. Dagur Sigurdsson ha comentado que para \u00e9l como [&hellip;]","og_url":"https:\/\/www.cope.es\/blogs\/derosca\/2024\/03\/11\/dagur-sigurdsson-nuevo-seleccionador-masculino-de-croacia\/","og_site_name":"Derosca","article_publisher":"https:\/\/www.facebook.com\/cope\/","article_published_time":"2024-03-11T08:15:08+00:00","og_image":[{"width":680,"height":772,"url":"https:\/\/www.cope.es\/blogs\/derosca\/wp-content\/uploads\/sites\/22\/2024\/03\/Dagur_Sigurdsson_-_Handball-Teamchef_Austria_1.jpg","type":"image\/jpeg"}],"author":"Luis Malvar","twitter_card":"summary_large_image","twitter_creator":"@cope_es","twitter_site":"@cope_es","twitter_misc":{"Escrito por":"Luis Malvar","Tiempo de lectura":"2 minutos"},"schema":{"@context":"https:\/\/schema.org","@graph":[{"@type":"Article","@id":"https:\/\/www.cope.es\/blogs\/derosca\/2024\/03\/11\/dagur-sigurdsson-nuevo-seleccionador-masculino-de-croacia\/#article","isPartOf":{"@id":"https:\/\/www.cope.es\/blogs\/derosca\/2024\/03\/11\/dagur-sigurdsson-nuevo-seleccionador-masculino-de-croacia\/"},"author":{"name":"Luis Malvar","@id":"https:\/\/www.cope.es\/blogs\/derosca\/#\/schema\/person\/02d6fa6fa8d8db60f83303875a4ff77f"},"headline":"Dagur Sigurdsson nuevo Seleccionador Masculino de Croacia","datePublished":"2024-03-11T08:15:08+00:00","mainEntityOfPage":{"@id":"https:\/\/www.cope.es\/blogs\/derosca\/2024\/03\/11\/dagur-sigurdsson-nuevo-seleccionador-masculino-de-croacia\/"},"wordCount":504,"commentCount":0,"image":{"@id":"https:\/\/www.cope.es\/blogs\/derosca\/2024\/03\/11\/dagur-sigurdsson-nuevo-seleccionador-masculino-de-croacia\/#primaryimage"},"thumbnailUrl":"https:\/\/www.cope.es\/blogs\/derosca\/wp-content\/uploads\/sites\/22\/2024\/03\/Dagur_Sigurdsson_-_Handball-Teamchef_Austria_1.jpg","articleSection":["Balonmano"],"inLanguage":"es","potentialAction":[{"@type":"CommentAction","name":"Comment","target":["https:\/\/www.cope.es\/blogs\/derosca\/2024\/03\/11\/dagur-sigurdsson-nuevo-seleccionador-masculino-de-croacia\/#respond"]}]},{"@type":"WebPage","@id":"https:\/\/www.cope.es\/blogs\/derosca\/2024\/03\/11\/dagur-sigurdsson-nuevo-seleccionador-masculino-de-croacia\/","url":"https:\/\/www.cope.es\/blogs\/derosca\/2024\/03\/11\/dagur-sigurdsson-nuevo-seleccionador-masculino-de-croacia\/","name":"Dagur Sigurdsson nuevo Seleccionador Masculino de Croacia - Derosca","isPartOf":{"@id":"https:\/\/www.cope.es\/blogs\/derosca\/#website"},"primaryImageOfPage":{"@id":"https:\/\/www.cope.es\/blogs\/derosca\/2024\/03\/11\/dagur-sigurdsson-nuevo-seleccionador-masculino-de-croacia\/#primaryimage"},"image":{"@id":"https:\/\/www.cope.es\/blogs\/derosca\/2024\/03\/11\/dagur-sigurdsson-nuevo-seleccionador-masculino-de-croacia\/#primaryimage"},"thumbnailUrl":"https:\/\/www.cope.es\/blogs\/derosca\/wp-content\/uploads\/sites\/22\/2024\/03\/Dagur_Sigurdsson_-_Handball-Teamchef_Austria_1.jpg","datePublished":"2024-03-11T08:15:08+00:00","author":{"@id":"https:\/\/www.cope.es\/blogs\/derosca\/#\/schema\/person\/02d6fa6fa8d8db60f83303875a4ff77f"},"breadcrumb":{"@id":"https:\/\/www.cope.es\/blogs\/derosca\/2024\/03\/11\/dagur-sigurdsson-nuevo-seleccionador-masculino-de-croacia\/#breadcrumb"},"inLanguage":"es","potentialAction":[{"@type":"ReadAction","target":["https:\/\/www.cope.es\/blogs\/derosca\/2024\/03\/11\/dagur-sigurdsson-nuevo-seleccionador-masculino-de-croacia\/"]}]},{"@type":"ImageObject","inLanguage":"es","@id":"https:\/\/www.cope.es\/blogs\/derosca\/2024\/03\/11\/dagur-sigurdsson-nuevo-seleccionador-masculino-de-croacia\/#primaryimage","url":"https:\/\/www.cope.es\/blogs\/derosca\/wp-content\/uploads\/sites\/22\/2024\/03\/Dagur_Sigurdsson_-_Handball-Teamchef_Austria_1.jpg","contentUrl":"https:\/\/www.cope.es\/blogs\/derosca\/wp-content\/uploads\/sites\/22\/2024\/03\/Dagur_Sigurdsson_-_Handball-Teamchef_Austria_1.jpg","width":680,"height":772,"caption":"Dagur Sigurdsson nuevo Seleccionador Masculino de Croacia"},{"@type":"BreadcrumbList","@id":"https:\/\/www.cope.es\/blogs\/derosca\/2024\/03\/11\/dagur-sigurdsson-nuevo-seleccionador-masculino-de-croacia\/#breadcrumb","itemListElement":[{"@type":"ListItem","position":1,"name":"Portada","item":"https:\/\/www.cope.es\/blogs\/derosca\/"},{"@type":"ListItem","position":2,"name":"Dagur Sigurdsson nuevo Seleccionador Masculino de Croacia"}]},{"@type":"WebSite","@id":"https:\/\/www.cope.es\/blogs\/derosca\/#website","url":"https:\/\/www.cope.es\/blogs\/derosca\/","name":"Derosca","description":"Blog de balonmano COPE","potentialAction":[{"@type":"SearchAction","target":{"@type":"EntryPoint","urlTemplate":"https:\/\/www.cope.es\/blogs\/derosca\/?s={search_term_string}"},"query-input":{"@type":"PropertyValueSpecification","valueRequired":true,"valueName":"search_term_string"}}],"inLanguage":"es"},{"@type":"Person","@id":"https:\/\/www.cope.es\/blogs\/derosca\/#\/schema\/person\/02d6fa6fa8d8db60f83303875a4ff77f","name":"Luis Malvar","image":{"@type":"ImageObject","inLanguage":"es","@id":"https:\/\/secure.gravatar.com\/avatar\/23cd47dec2904689b3ccd32d1dd3e86c7cbf60dcf7376c68854f761a4939534f?s=96&d=mm&r=g","url":"https:\/\/secure.gravatar.com\/avatar\/23cd47dec2904689b3ccd32d1dd3e86c7cbf60dcf7376c68854f761a4939534f?s=96&d=mm&r=g","contentUrl":"https:\/\/secure.gravatar.com\/avatar\/23cd47dec2904689b3ccd32d1dd3e86c7cbf60dcf7376c68854f761a4939534f?s=96&d=mm&r=g","caption":"Luis Malvar"},"description":"Comenc\u00e9 la andadura del Blog Derosca all\u00e1 por el 22 de Mayo de 2008. Un blog en el que se trata de llevar a los numerosos aficionados y amantes del mundo del balonmano toda la actualidad de nuestro apasionante deporte. Una ventana que sirve para dar luz a las innumerables noticias que genera el balonmano y que habitualmente no tienen reflejo en los medios de comunicaci\u00f3n. Sin lugar a dudas el Blog Derosca cuenta con un apartado que tiene a gala contar con miles de seguidores como es \u201cMis Pajaritos\u201d en donde se relatan y narran todas las intrahistorias que se generan en el balonmano espa\u00f1ol y que incomoda a m\u00e1s de uno que salgan a la luz.!Gracias por seguirnos durante todos estos a\u00f1os\u00a1","sameAs":["http:\/\/www.cope.es","lmalvar"],"url":"https:\/\/www.cope.es\/blogs\/derosca\/author\/lmalvar\/"}]}},"amp_enabled":true,"_links":{"self":[{"href":"https:\/\/www.cope.es\/blogs\/derosca\/wp-json\/wp\/v2\/posts\/3757","targetHints":{"allow":["GET"]}}],"collection":[{"href":"https:\/\/www.cope.es\/blogs\/derosca\/wp-json\/wp\/v2\/posts"}],"about":[{"href":"https:\/\/www.cope.es\/blogs\/derosca\/wp-json\/wp\/v2\/types\/post"}],"author":[{"embeddable":true,"href":"https:\/\/www.cope.es\/blogs\/derosca\/wp-json\/wp\/v2\/users\/23"}],"replies":[{"embeddable":true,"href":"https:\/\/www.cope.es\/blogs\/derosca\/wp-json\/wp\/v2\/comments?post=3757"}],"version-history":[{"count":1,"href":"https:\/\/www.cope.es\/blogs\/derosca\/wp-json\/wp\/v2\/posts\/3757\/revisions"}],"predecessor-version":[{"id":3759,"href":"https:\/\/www.cope.es\/blogs\/derosca\/wp-json\/wp\/v2\/posts\/3757\/revisions\/3759"}],"wp:featuredmedia":[{"embeddable":true,"href":"https:\/\/www.cope.es\/blogs\/derosca\/wp-json\/wp\/v2\/media\/3758"}],"wp:attachment":[{"href":"https:\/\/www.cope.es\/blogs\/derosca\/wp-json\/wp\/v2\/media?parent=3757"}],"wp:term":[{"taxonomy":"category","embeddable":true,"href":"https:\/\/www.cope.es\/blogs\/derosca\/wp-json\/wp\/v2\/categories?post=3757"},{"taxonomy":"post_tag","embeddable":true,"href":"https:\/\/www.cope.es\/blogs\/derosca\/wp-json\/wp\/v2\/tags?post=3757"}],"curies":[{"name":"wp","href":"https:\/\/api.w.org\/{rel}","templated":true}]}}