{"id":3659,"date":"2024-01-22T09:15:10","date_gmt":"2024-01-22T08:15:10","guid":{"rendered":"http:\/\/www.cope.es\/blogs\/derosca\/?p=3659"},"modified":"2024-01-22T09:15:10","modified_gmt":"2024-01-22T08:15:10","slug":"comunicado-oficial-ehf-sobre-incidentes-partido-francia-croacia-europeo-2024","status":"publish","type":"post","link":"https:\/\/www.cope.es\/blogs\/derosca\/2024\/01\/22\/comunicado-oficial-ehf-sobre-incidentes-partido-francia-croacia-europeo-2024\/","title":{"rendered":"Comunicado Oficial EHF sobre incidentes partido Francia &#8211; Croacia Europeo 2024"},"content":{"rendered":"<p><span style=\"color: #48535e\"><span style=\"font-family: Arial, serif\">La Federaci\u00f3n Europea de Balonmano est\u00e1 al tanto de las declaraciones p\u00fablicas de jugadores de la selecci\u00f3n francesa que afirmaban haber sido objeto de c\u00e1nticos racistas durante el partido de la Fase Principal del pasado Jueves, Francia &#8211; Croacia.<\/span><\/span><\/p>\n<p><span style=\"color: #48535e\"><span style=\"font-family: Arial, serif\">La Federaci\u00f3n Europea de Balonmano condena todas las formas de racismo, discriminaci\u00f3n e intolerancia.<\/span><\/span><\/p>\n<p><span style=\"color: #48535e\"><span style=\"font-family: Arial, serif\">El comportamiento que tenga como objetivo discriminar o abusar racialmente de cualquier jugador, oficial y espectador no se tolera en ning\u00fan partido organizado bajo el paraguas de la EHF.\u00a0En el balonmano europeo no hay lugar para semejante comportamiento.<\/span><\/span><\/p>\n<p><span style=\"color: #48535e\"><span style=\"font-family: Arial, serif\">El Jueves, los espectadores en cuesti\u00f3n fueron identificados y retirados de las gradas por personal de seguridad.<\/span><\/span><\/p>\n<p><span style=\"color: #48535e\"><span style=\"font-family: Arial, serif\">Todos los partidos de la EHF EURO 2024 Masculino hasta la fecha se han jugado en una atm\u00f3sfera incre\u00edble, emocionante y amigable, que refleja el esp\u00edritu y los valores del deporte del balonmano.<\/span><\/span><\/p>\n<p><span style=\"color: #48535e\"><span style=\"font-family: Arial, serif\">El incidente del Jueves se discutir\u00e1 m\u00e1s a fondo entre la Federaci\u00f3n Europea de Balonmano y la Federaci\u00f3n Alemana de Balonmano para tomar todas las medidas posibles para que algo similar no vuelva a ocurrir.<\/span><\/span><\/p>\n<p><span style=\"color: #48535e\"><span style=\"font-family: Arial, serif\">Adem\u00e1s, se abordar\u00e1 con la delegaci\u00f3n croata en la EHF EURO 2024 masculino, destacando la responsabilidad ampliada de una delegaci\u00f3n por el comportamiento de sus aficionados en los partidos del campeonato.<\/span><\/span><\/p>\n<p class=\"western\"><span style=\"color: #666666\"><span style=\"font-family: Arial, serif\">Seguirnos en twitter: <\/span><\/span><a href=\"#!\/deroscacope\"><span style=\"color: #0000ff\"><span style=\"font-family: Arial, serif\"><b>https:\/\/twitter.com\/#!\/deroscacope<\/b><\/span><\/span><\/a><\/p>\n","protected":false},"excerpt":{"rendered":"<p>La Federaci\u00f3n Europea de Balonmano est\u00e1 al tanto de las declaraciones p\u00fablicas de jugadores de la selecci\u00f3n francesa que afirmaban haber sido objeto de c\u00e1nticos racistas durante el partido de la Fase Principal del pasado Jueves, Francia &#8211; Croacia. La Federaci\u00f3n Europea de Balonmano condena todas las formas de racismo, discriminaci\u00f3n e intolerancia. El comportamiento [&hellip;]<\/p>\n","protected":false},"author":23,"featured_media":3660,"comment_status":"open","ping_status":"open","sticky":false,"template":"","format":"standard","meta":{"footnotes":""},"categories":[3],"tags":[],"class_list":["post-3659","post","type-post","status-publish","format-standard","has-post-thumbnail","hentry","category-balonmano"],"yoast_head":"<!-- This site is optimized with the Yoast SEO plugin v27.4 - https:\/\/yoast.com\/product\/yoast-seo-wordpress\/ -->\n<title>Comunicado Oficial EHF sobre incidentes partido Francia - Croacia Europeo 2024 - Derosca<\/title>\n<meta name=\"robots\" content=\"index, follow, max-snippet:-1, max-image-preview:large, max-video-preview:-1\" \/>\n<link rel=\"canonical\" href=\"https:\/\/www.cope.es\/blogs\/derosca\/2024\/01\/22\/comunicado-oficial-ehf-sobre-incidentes-partido-francia-croacia-europeo-2024\/\" \/>\n<meta property=\"og:locale\" content=\"es_ES\" \/>\n<meta property=\"og:type\" content=\"article\" \/>\n<meta property=\"og:title\" content=\"Comunicado Oficial EHF sobre incidentes partido Francia - Croacia Europeo 2024 - Derosca\" \/>\n<meta property=\"og:description\" content=\"La Federaci\u00f3n Europea de Balonmano est\u00e1 al tanto de las declaraciones p\u00fablicas de jugadores de la selecci\u00f3n francesa que afirmaban haber sido objeto de c\u00e1nticos racistas durante el partido de la Fase Principal del pasado Jueves, Francia &#8211; Croacia. La Federaci\u00f3n Europea de Balonmano condena todas las formas de racismo, discriminaci\u00f3n e intolerancia. El comportamiento [&hellip;]\" \/>\n<meta property=\"og:url\" content=\"https:\/\/www.cope.es\/blogs\/derosca\/2024\/01\/22\/comunicado-oficial-ehf-sobre-incidentes-partido-francia-croacia-europeo-2024\/\" \/>\n<meta property=\"og:site_name\" content=\"Derosca\" \/>\n<meta property=\"article:publisher\" content=\"https:\/\/www.facebook.com\/cope\/\" \/>\n<meta property=\"article:published_time\" content=\"2024-01-22T08:15:10+00:00\" \/>\n<meta property=\"og:image\" content=\"https:\/\/www.cope.es\/blogs\/derosca\/wp-content\/uploads\/sites\/22\/2024\/01\/EHF.jpg\" \/>\n\t<meta property=\"og:image:width\" content=\"680\" \/>\n\t<meta property=\"og:image:height\" content=\"357\" \/>\n\t<meta property=\"og:image:type\" content=\"image\/jpeg\" \/>\n<meta name=\"author\" content=\"Luis Malvar\" \/>\n<meta name=\"twitter:card\" content=\"summary_large_image\" \/>\n<meta name=\"twitter:creator\" content=\"@cope_es\" \/>\n<meta name=\"twitter:site\" content=\"@cope_es\" \/>\n<meta name=\"twitter:label1\" content=\"Escrito por\" \/>\n\t<meta name=\"twitter:data1\" content=\"Luis Malvar\" \/>\n\t<meta name=\"twitter:label2\" content=\"Tiempo de lectura\" \/>\n\t<meta name=\"twitter:data2\" content=\"1 minuto\" \/>\n<script type=\"application\/ld+json\" class=\"yoast-schema-graph\">{\"@context\":\"https:\\\/\\\/schema.org\",\"@graph\":[{\"@type\":\"Article\",\"@id\":\"https:\\\/\\\/www.cope.es\\\/blogs\\\/derosca\\\/2024\\\/01\\\/22\\\/comunicado-oficial-ehf-sobre-incidentes-partido-francia-croacia-europeo-2024\\\/#article\",\"isPartOf\":{\"@id\":\"https:\\\/\\\/www.cope.es\\\/blogs\\\/derosca\\\/2024\\\/01\\\/22\\\/comunicado-oficial-ehf-sobre-incidentes-partido-francia-croacia-europeo-2024\\\/\"},\"author\":{\"name\":\"Luis Malvar\",\"@id\":\"https:\\\/\\\/www.cope.es\\\/blogs\\\/derosca\\\/#\\\/schema\\\/person\\\/02d6fa6fa8d8db60f83303875a4ff77f\"},\"headline\":\"Comunicado Oficial EHF sobre incidentes partido Francia &#8211; Croacia Europeo 2024\",\"datePublished\":\"2024-01-22T08:15:10+00:00\",\"mainEntityOfPage\":{\"@id\":\"https:\\\/\\\/www.cope.es\\\/blogs\\\/derosca\\\/2024\\\/01\\\/22\\\/comunicado-oficial-ehf-sobre-incidentes-partido-francia-croacia-europeo-2024\\\/\"},\"wordCount\":240,\"commentCount\":0,\"image\":{\"@id\":\"https:\\\/\\\/www.cope.es\\\/blogs\\\/derosca\\\/2024\\\/01\\\/22\\\/comunicado-oficial-ehf-sobre-incidentes-partido-francia-croacia-europeo-2024\\\/#primaryimage\"},\"thumbnailUrl\":\"https:\\\/\\\/www.cope.es\\\/blogs\\\/derosca\\\/wp-content\\\/uploads\\\/sites\\\/22\\\/2024\\\/01\\\/EHF.jpg\",\"articleSection\":[\"Balonmano\"],\"inLanguage\":\"es\",\"potentialAction\":[{\"@type\":\"CommentAction\",\"name\":\"Comment\",\"target\":[\"https:\\\/\\\/www.cope.es\\\/blogs\\\/derosca\\\/2024\\\/01\\\/22\\\/comunicado-oficial-ehf-sobre-incidentes-partido-francia-croacia-europeo-2024\\\/#respond\"]}]},{\"@type\":\"WebPage\",\"@id\":\"https:\\\/\\\/www.cope.es\\\/blogs\\\/derosca\\\/2024\\\/01\\\/22\\\/comunicado-oficial-ehf-sobre-incidentes-partido-francia-croacia-europeo-2024\\\/\",\"url\":\"https:\\\/\\\/www.cope.es\\\/blogs\\\/derosca\\\/2024\\\/01\\\/22\\\/comunicado-oficial-ehf-sobre-incidentes-partido-francia-croacia-europeo-2024\\\/\",\"name\":\"Comunicado Oficial EHF sobre incidentes partido Francia - Croacia Europeo 2024 - Derosca\",\"isPartOf\":{\"@id\":\"https:\\\/\\\/www.cope.es\\\/blogs\\\/derosca\\\/#website\"},\"primaryImageOfPage\":{\"@id\":\"https:\\\/\\\/www.cope.es\\\/blogs\\\/derosca\\\/2024\\\/01\\\/22\\\/comunicado-oficial-ehf-sobre-incidentes-partido-francia-croacia-europeo-2024\\\/#primaryimage\"},\"image\":{\"@id\":\"https:\\\/\\\/www.cope.es\\\/blogs\\\/derosca\\\/2024\\\/01\\\/22\\\/comunicado-oficial-ehf-sobre-incidentes-partido-francia-croacia-europeo-2024\\\/#primaryimage\"},\"thumbnailUrl\":\"https:\\\/\\\/www.cope.es\\\/blogs\\\/derosca\\\/wp-content\\\/uploads\\\/sites\\\/22\\\/2024\\\/01\\\/EHF.jpg\",\"datePublished\":\"2024-01-22T08:15:10+00:00\",\"author\":{\"@id\":\"https:\\\/\\\/www.cope.es\\\/blogs\\\/derosca\\\/#\\\/schema\\\/person\\\/02d6fa6fa8d8db60f83303875a4ff77f\"},\"breadcrumb\":{\"@id\":\"https:\\\/\\\/www.cope.es\\\/blogs\\\/derosca\\\/2024\\\/01\\\/22\\\/comunicado-oficial-ehf-sobre-incidentes-partido-francia-croacia-europeo-2024\\\/#breadcrumb\"},\"inLanguage\":\"es\",\"potentialAction\":[{\"@type\":\"ReadAction\",\"target\":[\"https:\\\/\\\/www.cope.es\\\/blogs\\\/derosca\\\/2024\\\/01\\\/22\\\/comunicado-oficial-ehf-sobre-incidentes-partido-francia-croacia-europeo-2024\\\/\"]}]},{\"@type\":\"ImageObject\",\"inLanguage\":\"es\",\"@id\":\"https:\\\/\\\/www.cope.es\\\/blogs\\\/derosca\\\/2024\\\/01\\\/22\\\/comunicado-oficial-ehf-sobre-incidentes-partido-francia-croacia-europeo-2024\\\/#primaryimage\",\"url\":\"https:\\\/\\\/www.cope.es\\\/blogs\\\/derosca\\\/wp-content\\\/uploads\\\/sites\\\/22\\\/2024\\\/01\\\/EHF.jpg\",\"contentUrl\":\"https:\\\/\\\/www.cope.es\\\/blogs\\\/derosca\\\/wp-content\\\/uploads\\\/sites\\\/22\\\/2024\\\/01\\\/EHF.jpg\",\"width\":680,\"height\":357,\"caption\":\"Comunicado Oficial EHF sobre incidentes partido Francia - Croacia Europeo 2024\"},{\"@type\":\"BreadcrumbList\",\"@id\":\"https:\\\/\\\/www.cope.es\\\/blogs\\\/derosca\\\/2024\\\/01\\\/22\\\/comunicado-oficial-ehf-sobre-incidentes-partido-francia-croacia-europeo-2024\\\/#breadcrumb\",\"itemListElement\":[{\"@type\":\"ListItem\",\"position\":1,\"name\":\"Portada\",\"item\":\"https:\\\/\\\/www.cope.es\\\/blogs\\\/derosca\\\/\"},{\"@type\":\"ListItem\",\"position\":2,\"name\":\"Comunicado Oficial EHF sobre incidentes partido Francia &#8211; Croacia Europeo 2024\"}]},{\"@type\":\"WebSite\",\"@id\":\"https:\\\/\\\/www.cope.es\\\/blogs\\\/derosca\\\/#website\",\"url\":\"https:\\\/\\\/www.cope.es\\\/blogs\\\/derosca\\\/\",\"name\":\"Derosca\",\"description\":\"Blog de balonmano COPE\",\"potentialAction\":[{\"@type\":\"SearchAction\",\"target\":{\"@type\":\"EntryPoint\",\"urlTemplate\":\"https:\\\/\\\/www.cope.es\\\/blogs\\\/derosca\\\/?s={search_term_string}\"},\"query-input\":{\"@type\":\"PropertyValueSpecification\",\"valueRequired\":true,\"valueName\":\"search_term_string\"}}],\"inLanguage\":\"es\"},{\"@type\":\"Person\",\"@id\":\"https:\\\/\\\/www.cope.es\\\/blogs\\\/derosca\\\/#\\\/schema\\\/person\\\/02d6fa6fa8d8db60f83303875a4ff77f\",\"name\":\"Luis Malvar\",\"image\":{\"@type\":\"ImageObject\",\"inLanguage\":\"es\",\"@id\":\"https:\\\/\\\/secure.gravatar.com\\\/avatar\\\/23cd47dec2904689b3ccd32d1dd3e86c7cbf60dcf7376c68854f761a4939534f?s=96&d=mm&r=g\",\"url\":\"https:\\\/\\\/secure.gravatar.com\\\/avatar\\\/23cd47dec2904689b3ccd32d1dd3e86c7cbf60dcf7376c68854f761a4939534f?s=96&d=mm&r=g\",\"contentUrl\":\"https:\\\/\\\/secure.gravatar.com\\\/avatar\\\/23cd47dec2904689b3ccd32d1dd3e86c7cbf60dcf7376c68854f761a4939534f?s=96&d=mm&r=g\",\"caption\":\"Luis Malvar\"},\"description\":\"Comenc\u00e9 la andadura del Blog Derosca all\u00e1 por el 22 de Mayo de 2008. Un blog en el que se trata de llevar a los numerosos aficionados y amantes del mundo del balonmano toda la actualidad de nuestro apasionante deporte. Una ventana que sirve para dar luz a las innumerables noticias que genera el balonmano y que habitualmente no tienen reflejo en los medios de comunicaci\u00f3n. Sin lugar a dudas el Blog Derosca cuenta con un apartado que tiene a gala contar con miles de seguidores como es \u201cMis Pajaritos\u201d en donde se relatan y narran todas las intrahistorias que se generan en el balonmano espa\u00f1ol y que incomoda a m\u00e1s de uno que salgan a la luz.!Gracias por seguirnos durante todos estos a\u00f1os\u00a1\",\"sameAs\":[\"http:\\\/\\\/www.cope.es\",\"lmalvar\"],\"url\":\"https:\\\/\\\/www.cope.es\\\/blogs\\\/derosca\\\/author\\\/lmalvar\\\/\"}]}<\/script>\n<!-- \/ Yoast SEO plugin. -->","yoast_head_json":{"title":"Comunicado Oficial EHF sobre incidentes partido Francia - Croacia Europeo 2024 - Derosca","robots":{"index":"index","follow":"follow","max-snippet":"max-snippet:-1","max-image-preview":"max-image-preview:large","max-video-preview":"max-video-preview:-1"},"canonical":"https:\/\/www.cope.es\/blogs\/derosca\/2024\/01\/22\/comunicado-oficial-ehf-sobre-incidentes-partido-francia-croacia-europeo-2024\/","og_locale":"es_ES","og_type":"article","og_title":"Comunicado Oficial EHF sobre incidentes partido Francia - Croacia Europeo 2024 - Derosca","og_description":"La Federaci\u00f3n Europea de Balonmano est\u00e1 al tanto de las declaraciones p\u00fablicas de jugadores de la selecci\u00f3n francesa que afirmaban haber sido objeto de c\u00e1nticos racistas durante el partido de la Fase Principal del pasado Jueves, Francia &#8211; Croacia. La Federaci\u00f3n Europea de Balonmano condena todas las formas de racismo, discriminaci\u00f3n e intolerancia. El comportamiento [&hellip;]","og_url":"https:\/\/www.cope.es\/blogs\/derosca\/2024\/01\/22\/comunicado-oficial-ehf-sobre-incidentes-partido-francia-croacia-europeo-2024\/","og_site_name":"Derosca","article_publisher":"https:\/\/www.facebook.com\/cope\/","article_published_time":"2024-01-22T08:15:10+00:00","og_image":[{"width":680,"height":357,"url":"https:\/\/www.cope.es\/blogs\/derosca\/wp-content\/uploads\/sites\/22\/2024\/01\/EHF.jpg","type":"image\/jpeg"}],"author":"Luis Malvar","twitter_card":"summary_large_image","twitter_creator":"@cope_es","twitter_site":"@cope_es","twitter_misc":{"Escrito por":"Luis Malvar","Tiempo de lectura":"1 minuto"},"schema":{"@context":"https:\/\/schema.org","@graph":[{"@type":"Article","@id":"https:\/\/www.cope.es\/blogs\/derosca\/2024\/01\/22\/comunicado-oficial-ehf-sobre-incidentes-partido-francia-croacia-europeo-2024\/#article","isPartOf":{"@id":"https:\/\/www.cope.es\/blogs\/derosca\/2024\/01\/22\/comunicado-oficial-ehf-sobre-incidentes-partido-francia-croacia-europeo-2024\/"},"author":{"name":"Luis Malvar","@id":"https:\/\/www.cope.es\/blogs\/derosca\/#\/schema\/person\/02d6fa6fa8d8db60f83303875a4ff77f"},"headline":"Comunicado Oficial EHF sobre incidentes partido Francia &#8211; Croacia Europeo 2024","datePublished":"2024-01-22T08:15:10+00:00","mainEntityOfPage":{"@id":"https:\/\/www.cope.es\/blogs\/derosca\/2024\/01\/22\/comunicado-oficial-ehf-sobre-incidentes-partido-francia-croacia-europeo-2024\/"},"wordCount":240,"commentCount":0,"image":{"@id":"https:\/\/www.cope.es\/blogs\/derosca\/2024\/01\/22\/comunicado-oficial-ehf-sobre-incidentes-partido-francia-croacia-europeo-2024\/#primaryimage"},"thumbnailUrl":"https:\/\/www.cope.es\/blogs\/derosca\/wp-content\/uploads\/sites\/22\/2024\/01\/EHF.jpg","articleSection":["Balonmano"],"inLanguage":"es","potentialAction":[{"@type":"CommentAction","name":"Comment","target":["https:\/\/www.cope.es\/blogs\/derosca\/2024\/01\/22\/comunicado-oficial-ehf-sobre-incidentes-partido-francia-croacia-europeo-2024\/#respond"]}]},{"@type":"WebPage","@id":"https:\/\/www.cope.es\/blogs\/derosca\/2024\/01\/22\/comunicado-oficial-ehf-sobre-incidentes-partido-francia-croacia-europeo-2024\/","url":"https:\/\/www.cope.es\/blogs\/derosca\/2024\/01\/22\/comunicado-oficial-ehf-sobre-incidentes-partido-francia-croacia-europeo-2024\/","name":"Comunicado Oficial EHF sobre incidentes partido Francia - Croacia Europeo 2024 - Derosca","isPartOf":{"@id":"https:\/\/www.cope.es\/blogs\/derosca\/#website"},"primaryImageOfPage":{"@id":"https:\/\/www.cope.es\/blogs\/derosca\/2024\/01\/22\/comunicado-oficial-ehf-sobre-incidentes-partido-francia-croacia-europeo-2024\/#primaryimage"},"image":{"@id":"https:\/\/www.cope.es\/blogs\/derosca\/2024\/01\/22\/comunicado-oficial-ehf-sobre-incidentes-partido-francia-croacia-europeo-2024\/#primaryimage"},"thumbnailUrl":"https:\/\/www.cope.es\/blogs\/derosca\/wp-content\/uploads\/sites\/22\/2024\/01\/EHF.jpg","datePublished":"2024-01-22T08:15:10+00:00","author":{"@id":"https:\/\/www.cope.es\/blogs\/derosca\/#\/schema\/person\/02d6fa6fa8d8db60f83303875a4ff77f"},"breadcrumb":{"@id":"https:\/\/www.cope.es\/blogs\/derosca\/2024\/01\/22\/comunicado-oficial-ehf-sobre-incidentes-partido-francia-croacia-europeo-2024\/#breadcrumb"},"inLanguage":"es","potentialAction":[{"@type":"ReadAction","target":["https:\/\/www.cope.es\/blogs\/derosca\/2024\/01\/22\/comunicado-oficial-ehf-sobre-incidentes-partido-francia-croacia-europeo-2024\/"]}]},{"@type":"ImageObject","inLanguage":"es","@id":"https:\/\/www.cope.es\/blogs\/derosca\/2024\/01\/22\/comunicado-oficial-ehf-sobre-incidentes-partido-francia-croacia-europeo-2024\/#primaryimage","url":"https:\/\/www.cope.es\/blogs\/derosca\/wp-content\/uploads\/sites\/22\/2024\/01\/EHF.jpg","contentUrl":"https:\/\/www.cope.es\/blogs\/derosca\/wp-content\/uploads\/sites\/22\/2024\/01\/EHF.jpg","width":680,"height":357,"caption":"Comunicado Oficial EHF sobre incidentes partido Francia - Croacia Europeo 2024"},{"@type":"BreadcrumbList","@id":"https:\/\/www.cope.es\/blogs\/derosca\/2024\/01\/22\/comunicado-oficial-ehf-sobre-incidentes-partido-francia-croacia-europeo-2024\/#breadcrumb","itemListElement":[{"@type":"ListItem","position":1,"name":"Portada","item":"https:\/\/www.cope.es\/blogs\/derosca\/"},{"@type":"ListItem","position":2,"name":"Comunicado Oficial EHF sobre incidentes partido Francia &#8211; Croacia Europeo 2024"}]},{"@type":"WebSite","@id":"https:\/\/www.cope.es\/blogs\/derosca\/#website","url":"https:\/\/www.cope.es\/blogs\/derosca\/","name":"Derosca","description":"Blog de balonmano COPE","potentialAction":[{"@type":"SearchAction","target":{"@type":"EntryPoint","urlTemplate":"https:\/\/www.cope.es\/blogs\/derosca\/?s={search_term_string}"},"query-input":{"@type":"PropertyValueSpecification","valueRequired":true,"valueName":"search_term_string"}}],"inLanguage":"es"},{"@type":"Person","@id":"https:\/\/www.cope.es\/blogs\/derosca\/#\/schema\/person\/02d6fa6fa8d8db60f83303875a4ff77f","name":"Luis Malvar","image":{"@type":"ImageObject","inLanguage":"es","@id":"https:\/\/secure.gravatar.com\/avatar\/23cd47dec2904689b3ccd32d1dd3e86c7cbf60dcf7376c68854f761a4939534f?s=96&d=mm&r=g","url":"https:\/\/secure.gravatar.com\/avatar\/23cd47dec2904689b3ccd32d1dd3e86c7cbf60dcf7376c68854f761a4939534f?s=96&d=mm&r=g","contentUrl":"https:\/\/secure.gravatar.com\/avatar\/23cd47dec2904689b3ccd32d1dd3e86c7cbf60dcf7376c68854f761a4939534f?s=96&d=mm&r=g","caption":"Luis Malvar"},"description":"Comenc\u00e9 la andadura del Blog Derosca all\u00e1 por el 22 de Mayo de 2008. Un blog en el que se trata de llevar a los numerosos aficionados y amantes del mundo del balonmano toda la actualidad de nuestro apasionante deporte. Una ventana que sirve para dar luz a las innumerables noticias que genera el balonmano y que habitualmente no tienen reflejo en los medios de comunicaci\u00f3n. Sin lugar a dudas el Blog Derosca cuenta con un apartado que tiene a gala contar con miles de seguidores como es \u201cMis Pajaritos\u201d en donde se relatan y narran todas las intrahistorias que se generan en el balonmano espa\u00f1ol y que incomoda a m\u00e1s de uno que salgan a la luz.!Gracias por seguirnos durante todos estos a\u00f1os\u00a1","sameAs":["http:\/\/www.cope.es","lmalvar"],"url":"https:\/\/www.cope.es\/blogs\/derosca\/author\/lmalvar\/"}]}},"amp_enabled":true,"_links":{"self":[{"href":"https:\/\/www.cope.es\/blogs\/derosca\/wp-json\/wp\/v2\/posts\/3659","targetHints":{"allow":["GET"]}}],"collection":[{"href":"https:\/\/www.cope.es\/blogs\/derosca\/wp-json\/wp\/v2\/posts"}],"about":[{"href":"https:\/\/www.cope.es\/blogs\/derosca\/wp-json\/wp\/v2\/types\/post"}],"author":[{"embeddable":true,"href":"https:\/\/www.cope.es\/blogs\/derosca\/wp-json\/wp\/v2\/users\/23"}],"replies":[{"embeddable":true,"href":"https:\/\/www.cope.es\/blogs\/derosca\/wp-json\/wp\/v2\/comments?post=3659"}],"version-history":[{"count":1,"href":"https:\/\/www.cope.es\/blogs\/derosca\/wp-json\/wp\/v2\/posts\/3659\/revisions"}],"predecessor-version":[{"id":3661,"href":"https:\/\/www.cope.es\/blogs\/derosca\/wp-json\/wp\/v2\/posts\/3659\/revisions\/3661"}],"wp:featuredmedia":[{"embeddable":true,"href":"https:\/\/www.cope.es\/blogs\/derosca\/wp-json\/wp\/v2\/media\/3660"}],"wp:attachment":[{"href":"https:\/\/www.cope.es\/blogs\/derosca\/wp-json\/wp\/v2\/media?parent=3659"}],"wp:term":[{"taxonomy":"category","embeddable":true,"href":"https:\/\/www.cope.es\/blogs\/derosca\/wp-json\/wp\/v2\/categories?post=3659"},{"taxonomy":"post_tag","embeddable":true,"href":"https:\/\/www.cope.es\/blogs\/derosca\/wp-json\/wp\/v2\/tags?post=3659"}],"curies":[{"name":"wp","href":"https:\/\/api.w.org\/{rel}","templated":true}]}}