{"id":3617,"date":"2023-12-19T09:23:52","date_gmt":"2023-12-19T08:23:52","guid":{"rendered":"http:\/\/www.cope.es\/blogs\/derosca\/?p=3617"},"modified":"2023-12-19T09:23:52","modified_gmt":"2023-12-19T08:23:52","slug":"se-postulan-islandia-noruega-y-dinamarca-a-ser-sede-de-mundiales-2029-y-2031","status":"publish","type":"post","link":"https:\/\/www.cope.es\/blogs\/derosca\/2023\/12\/19\/se-postulan-islandia-noruega-y-dinamarca-a-ser-sede-de-mundiales-2029-y-2031\/","title":{"rendered":"Se postulan Islandia, Noruega y Dinamarca a ser sede de Mundiales 2029 y 2031"},"content":{"rendered":"<p><span style=\"color: #111111\"><span style=\"font-family: Arial, sans-serif\"><span style=\"font-size: medium\">Otros pa\u00edses que tambi\u00e9n piensan en presentar candidatura a los Mundiales de los a\u00f1os 2029 y 2031 son Islandia, Noruega y Dinamarca- Los tres pa\u00edses quieren presentar una candidatura conjunta y as\u00ed lo han confirmado miembros de la asociaci\u00f3n a varios representantes de medios de comunicaci\u00f3n de sus respectivos pa\u00edses.<\/span><\/span><\/span><\/p>\n<p><span style=\"color: #111111\"><span style=\"font-family: Arial, sans-serif\"><span style=\"font-size: medium\">Gudmundur Olafsson, Presidente de la Asociaci\u00f3n Islandesa de Balonmano (HSI), ha manifestado que hasta el momento la solicitud no es vinculante, pero pueden confirmar que han dado el primer paso para expresar inter\u00e9s. <\/span><\/span><\/span><span style=\"font-family: Arial, sans-serif\">As\u00ed lo confirm\u00f3 tambi\u00e9n la Federaci\u00f3n Danesa de Balonmano a la cadena de televisi\u00f3n TV2 Sport.<\/span><span style=\"color: #111111\"><span style=\"font-family: Arial, sans-serif\"><span style=\"font-size: medium\"><\/p>\n<p>Recordemos que Dinamarca fue el \u00fanico anfitri\u00f3n de un Mundial de Masculino en el a\u00f1o 1978. En 2019 el torneo se organiz\u00f3 junto con Alemania y en el a\u00f1os 2025 se celebrar\u00e1 junto con Noruega y Croacia.<\/p>\n<p>Islandia, que hasta ahora s\u00f3lo ha sido sede del Mundial de Balonmano del a\u00f1o 1995, albergar\u00eda entonces dos grupos de la Fase Preliminar y un grupo de la Fase Principal. El lugar ser\u00eda entonces el Laugardalsh\u00f6ll en Reykjavik, que se ampliar\u00e1 nuevamente hasta el 2025. Seg\u00fan el informe de Handbolti.is, tambi\u00e9n se espera que Arabia Saudita se postule para los pr\u00f3ximos grandes torneos.<br \/>\n<\/span><\/span><\/span><br \/>\n<strong><span style=\"color: #666666\"><span style=\"font-family: Arial, sans-serif\"><span style=\"font-size: medium\">Seguirnos en twitter: <\/span><\/span><\/span><\/strong><span style=\"color: #000080\"><span><u><a href=\"https:\/\/twitter.com\/#!\/deroscacope\"><span style=\"color: #0000ff\"><span style=\"font-family: Arial, sans-serif\"><span style=\"font-size: medium\"><b>https:\/\/twitter.com\/#!\/deroscacope<\/b><\/span><\/span><\/span><\/a><\/u><\/span><\/span><b> <\/b><\/p>\n","protected":false},"excerpt":{"rendered":"<p>Otros pa\u00edses que tambi\u00e9n piensan en presentar candidatura a los Mundiales de los a\u00f1os 2029 y 2031 son Islandia, Noruega y Dinamarca- Los tres pa\u00edses quieren presentar una candidatura conjunta y as\u00ed lo han confirmado miembros de la asociaci\u00f3n a varios representantes de medios de comunicaci\u00f3n de sus respectivos pa\u00edses. Gudmundur Olafsson, Presidente de la [&hellip;]<\/p>\n","protected":false},"author":23,"featured_media":3618,"comment_status":"open","ping_status":"open","sticky":false,"template":"","format":"standard","meta":{"footnotes":""},"categories":[3],"tags":[],"class_list":["post-3617","post","type-post","status-publish","format-standard","has-post-thumbnail","hentry","category-balonmano"],"yoast_head":"<!-- This site is optimized with the Yoast SEO plugin v27.4 - https:\/\/yoast.com\/product\/yoast-seo-wordpress\/ -->\n<title>Se postulan Islandia, Noruega y Dinamarca a ser sede de Mundiales 2029 y 2031 - Derosca<\/title>\n<meta name=\"robots\" content=\"index, follow, max-snippet:-1, max-image-preview:large, max-video-preview:-1\" \/>\n<link rel=\"canonical\" href=\"https:\/\/www.cope.es\/blogs\/derosca\/2023\/12\/19\/se-postulan-islandia-noruega-y-dinamarca-a-ser-sede-de-mundiales-2029-y-2031\/\" \/>\n<meta property=\"og:locale\" content=\"es_ES\" \/>\n<meta property=\"og:type\" content=\"article\" \/>\n<meta property=\"og:title\" content=\"Se postulan Islandia, Noruega y Dinamarca a ser sede de Mundiales 2029 y 2031 - Derosca\" \/>\n<meta property=\"og:description\" content=\"Otros pa\u00edses que tambi\u00e9n piensan en presentar candidatura a los Mundiales de los a\u00f1os 2029 y 2031 son Islandia, Noruega y Dinamarca- Los tres pa\u00edses quieren presentar una candidatura conjunta y as\u00ed lo han confirmado miembros de la asociaci\u00f3n a varios representantes de medios de comunicaci\u00f3n de sus respectivos pa\u00edses. Gudmundur Olafsson, Presidente de la [&hellip;]\" \/>\n<meta property=\"og:url\" content=\"https:\/\/www.cope.es\/blogs\/derosca\/2023\/12\/19\/se-postulan-islandia-noruega-y-dinamarca-a-ser-sede-de-mundiales-2029-y-2031\/\" \/>\n<meta property=\"og:site_name\" content=\"Derosca\" \/>\n<meta property=\"article:publisher\" content=\"https:\/\/www.facebook.com\/cope\/\" \/>\n<meta property=\"article:published_time\" content=\"2023-12-19T08:23:52+00:00\" \/>\n<meta property=\"og:image\" content=\"https:\/\/www.cope.es\/blogs\/derosca\/wp-content\/uploads\/sites\/22\/2023\/12\/0_IHF-Logo_600x337-2.jpg\" \/>\n\t<meta property=\"og:image:width\" content=\"700\" \/>\n\t<meta property=\"og:image:height\" content=\"393\" \/>\n\t<meta property=\"og:image:type\" content=\"image\/jpeg\" \/>\n<meta name=\"author\" content=\"Luis Malvar\" \/>\n<meta name=\"twitter:card\" content=\"summary_large_image\" \/>\n<meta name=\"twitter:creator\" content=\"@cope_es\" \/>\n<meta name=\"twitter:site\" content=\"@cope_es\" \/>\n<meta name=\"twitter:label1\" content=\"Escrito por\" \/>\n\t<meta name=\"twitter:data1\" content=\"Luis Malvar\" \/>\n\t<meta name=\"twitter:label2\" content=\"Tiempo de lectura\" \/>\n\t<meta name=\"twitter:data2\" content=\"1 minuto\" \/>\n<script type=\"application\/ld+json\" class=\"yoast-schema-graph\">{\"@context\":\"https:\\\/\\\/schema.org\",\"@graph\":[{\"@type\":\"Article\",\"@id\":\"https:\\\/\\\/www.cope.es\\\/blogs\\\/derosca\\\/2023\\\/12\\\/19\\\/se-postulan-islandia-noruega-y-dinamarca-a-ser-sede-de-mundiales-2029-y-2031\\\/#article\",\"isPartOf\":{\"@id\":\"https:\\\/\\\/www.cope.es\\\/blogs\\\/derosca\\\/2023\\\/12\\\/19\\\/se-postulan-islandia-noruega-y-dinamarca-a-ser-sede-de-mundiales-2029-y-2031\\\/\"},\"author\":{\"name\":\"Luis Malvar\",\"@id\":\"https:\\\/\\\/www.cope.es\\\/blogs\\\/derosca\\\/#\\\/schema\\\/person\\\/02d6fa6fa8d8db60f83303875a4ff77f\"},\"headline\":\"Se postulan Islandia, Noruega y Dinamarca a ser sede de Mundiales 2029 y 2031\",\"datePublished\":\"2023-12-19T08:23:52+00:00\",\"mainEntityOfPage\":{\"@id\":\"https:\\\/\\\/www.cope.es\\\/blogs\\\/derosca\\\/2023\\\/12\\\/19\\\/se-postulan-islandia-noruega-y-dinamarca-a-ser-sede-de-mundiales-2029-y-2031\\\/\"},\"wordCount\":235,\"commentCount\":0,\"image\":{\"@id\":\"https:\\\/\\\/www.cope.es\\\/blogs\\\/derosca\\\/2023\\\/12\\\/19\\\/se-postulan-islandia-noruega-y-dinamarca-a-ser-sede-de-mundiales-2029-y-2031\\\/#primaryimage\"},\"thumbnailUrl\":\"https:\\\/\\\/www.cope.es\\\/blogs\\\/derosca\\\/wp-content\\\/uploads\\\/sites\\\/22\\\/2023\\\/12\\\/0_IHF-Logo_600x337-2.jpg\",\"articleSection\":[\"Balonmano\"],\"inLanguage\":\"es\",\"potentialAction\":[{\"@type\":\"CommentAction\",\"name\":\"Comment\",\"target\":[\"https:\\\/\\\/www.cope.es\\\/blogs\\\/derosca\\\/2023\\\/12\\\/19\\\/se-postulan-islandia-noruega-y-dinamarca-a-ser-sede-de-mundiales-2029-y-2031\\\/#respond\"]}]},{\"@type\":\"WebPage\",\"@id\":\"https:\\\/\\\/www.cope.es\\\/blogs\\\/derosca\\\/2023\\\/12\\\/19\\\/se-postulan-islandia-noruega-y-dinamarca-a-ser-sede-de-mundiales-2029-y-2031\\\/\",\"url\":\"https:\\\/\\\/www.cope.es\\\/blogs\\\/derosca\\\/2023\\\/12\\\/19\\\/se-postulan-islandia-noruega-y-dinamarca-a-ser-sede-de-mundiales-2029-y-2031\\\/\",\"name\":\"Se postulan Islandia, Noruega y Dinamarca a ser sede de Mundiales 2029 y 2031 - Derosca\",\"isPartOf\":{\"@id\":\"https:\\\/\\\/www.cope.es\\\/blogs\\\/derosca\\\/#website\"},\"primaryImageOfPage\":{\"@id\":\"https:\\\/\\\/www.cope.es\\\/blogs\\\/derosca\\\/2023\\\/12\\\/19\\\/se-postulan-islandia-noruega-y-dinamarca-a-ser-sede-de-mundiales-2029-y-2031\\\/#primaryimage\"},\"image\":{\"@id\":\"https:\\\/\\\/www.cope.es\\\/blogs\\\/derosca\\\/2023\\\/12\\\/19\\\/se-postulan-islandia-noruega-y-dinamarca-a-ser-sede-de-mundiales-2029-y-2031\\\/#primaryimage\"},\"thumbnailUrl\":\"https:\\\/\\\/www.cope.es\\\/blogs\\\/derosca\\\/wp-content\\\/uploads\\\/sites\\\/22\\\/2023\\\/12\\\/0_IHF-Logo_600x337-2.jpg\",\"datePublished\":\"2023-12-19T08:23:52+00:00\",\"author\":{\"@id\":\"https:\\\/\\\/www.cope.es\\\/blogs\\\/derosca\\\/#\\\/schema\\\/person\\\/02d6fa6fa8d8db60f83303875a4ff77f\"},\"breadcrumb\":{\"@id\":\"https:\\\/\\\/www.cope.es\\\/blogs\\\/derosca\\\/2023\\\/12\\\/19\\\/se-postulan-islandia-noruega-y-dinamarca-a-ser-sede-de-mundiales-2029-y-2031\\\/#breadcrumb\"},\"inLanguage\":\"es\",\"potentialAction\":[{\"@type\":\"ReadAction\",\"target\":[\"https:\\\/\\\/www.cope.es\\\/blogs\\\/derosca\\\/2023\\\/12\\\/19\\\/se-postulan-islandia-noruega-y-dinamarca-a-ser-sede-de-mundiales-2029-y-2031\\\/\"]}]},{\"@type\":\"ImageObject\",\"inLanguage\":\"es\",\"@id\":\"https:\\\/\\\/www.cope.es\\\/blogs\\\/derosca\\\/2023\\\/12\\\/19\\\/se-postulan-islandia-noruega-y-dinamarca-a-ser-sede-de-mundiales-2029-y-2031\\\/#primaryimage\",\"url\":\"https:\\\/\\\/www.cope.es\\\/blogs\\\/derosca\\\/wp-content\\\/uploads\\\/sites\\\/22\\\/2023\\\/12\\\/0_IHF-Logo_600x337-2.jpg\",\"contentUrl\":\"https:\\\/\\\/www.cope.es\\\/blogs\\\/derosca\\\/wp-content\\\/uploads\\\/sites\\\/22\\\/2023\\\/12\\\/0_IHF-Logo_600x337-2.jpg\",\"width\":700,\"height\":393,\"caption\":\"Se postulan Islandia, Noruega y Dinamarca a ser sede de Mundiales 2029 y 2031\"},{\"@type\":\"BreadcrumbList\",\"@id\":\"https:\\\/\\\/www.cope.es\\\/blogs\\\/derosca\\\/2023\\\/12\\\/19\\\/se-postulan-islandia-noruega-y-dinamarca-a-ser-sede-de-mundiales-2029-y-2031\\\/#breadcrumb\",\"itemListElement\":[{\"@type\":\"ListItem\",\"position\":1,\"name\":\"Portada\",\"item\":\"https:\\\/\\\/www.cope.es\\\/blogs\\\/derosca\\\/\"},{\"@type\":\"ListItem\",\"position\":2,\"name\":\"Se postulan Islandia, Noruega y Dinamarca a ser sede de Mundiales 2029 y 2031\"}]},{\"@type\":\"WebSite\",\"@id\":\"https:\\\/\\\/www.cope.es\\\/blogs\\\/derosca\\\/#website\",\"url\":\"https:\\\/\\\/www.cope.es\\\/blogs\\\/derosca\\\/\",\"name\":\"Derosca\",\"description\":\"Blog de balonmano COPE\",\"potentialAction\":[{\"@type\":\"SearchAction\",\"target\":{\"@type\":\"EntryPoint\",\"urlTemplate\":\"https:\\\/\\\/www.cope.es\\\/blogs\\\/derosca\\\/?s={search_term_string}\"},\"query-input\":{\"@type\":\"PropertyValueSpecification\",\"valueRequired\":true,\"valueName\":\"search_term_string\"}}],\"inLanguage\":\"es\"},{\"@type\":\"Person\",\"@id\":\"https:\\\/\\\/www.cope.es\\\/blogs\\\/derosca\\\/#\\\/schema\\\/person\\\/02d6fa6fa8d8db60f83303875a4ff77f\",\"name\":\"Luis Malvar\",\"image\":{\"@type\":\"ImageObject\",\"inLanguage\":\"es\",\"@id\":\"https:\\\/\\\/secure.gravatar.com\\\/avatar\\\/23cd47dec2904689b3ccd32d1dd3e86c7cbf60dcf7376c68854f761a4939534f?s=96&d=mm&r=g\",\"url\":\"https:\\\/\\\/secure.gravatar.com\\\/avatar\\\/23cd47dec2904689b3ccd32d1dd3e86c7cbf60dcf7376c68854f761a4939534f?s=96&d=mm&r=g\",\"contentUrl\":\"https:\\\/\\\/secure.gravatar.com\\\/avatar\\\/23cd47dec2904689b3ccd32d1dd3e86c7cbf60dcf7376c68854f761a4939534f?s=96&d=mm&r=g\",\"caption\":\"Luis Malvar\"},\"description\":\"Comenc\u00e9 la andadura del Blog Derosca all\u00e1 por el 22 de Mayo de 2008. Un blog en el que se trata de llevar a los numerosos aficionados y amantes del mundo del balonmano toda la actualidad de nuestro apasionante deporte. Una ventana que sirve para dar luz a las innumerables noticias que genera el balonmano y que habitualmente no tienen reflejo en los medios de comunicaci\u00f3n. Sin lugar a dudas el Blog Derosca cuenta con un apartado que tiene a gala contar con miles de seguidores como es \u201cMis Pajaritos\u201d en donde se relatan y narran todas las intrahistorias que se generan en el balonmano espa\u00f1ol y que incomoda a m\u00e1s de uno que salgan a la luz.!Gracias por seguirnos durante todos estos a\u00f1os\u00a1\",\"sameAs\":[\"http:\\\/\\\/www.cope.es\",\"lmalvar\"],\"url\":\"https:\\\/\\\/www.cope.es\\\/blogs\\\/derosca\\\/author\\\/lmalvar\\\/\"}]}<\/script>\n<!-- \/ Yoast SEO plugin. -->","yoast_head_json":{"title":"Se postulan Islandia, Noruega y Dinamarca a ser sede de Mundiales 2029 y 2031 - Derosca","robots":{"index":"index","follow":"follow","max-snippet":"max-snippet:-1","max-image-preview":"max-image-preview:large","max-video-preview":"max-video-preview:-1"},"canonical":"https:\/\/www.cope.es\/blogs\/derosca\/2023\/12\/19\/se-postulan-islandia-noruega-y-dinamarca-a-ser-sede-de-mundiales-2029-y-2031\/","og_locale":"es_ES","og_type":"article","og_title":"Se postulan Islandia, Noruega y Dinamarca a ser sede de Mundiales 2029 y 2031 - Derosca","og_description":"Otros pa\u00edses que tambi\u00e9n piensan en presentar candidatura a los Mundiales de los a\u00f1os 2029 y 2031 son Islandia, Noruega y Dinamarca- Los tres pa\u00edses quieren presentar una candidatura conjunta y as\u00ed lo han confirmado miembros de la asociaci\u00f3n a varios representantes de medios de comunicaci\u00f3n de sus respectivos pa\u00edses. Gudmundur Olafsson, Presidente de la [&hellip;]","og_url":"https:\/\/www.cope.es\/blogs\/derosca\/2023\/12\/19\/se-postulan-islandia-noruega-y-dinamarca-a-ser-sede-de-mundiales-2029-y-2031\/","og_site_name":"Derosca","article_publisher":"https:\/\/www.facebook.com\/cope\/","article_published_time":"2023-12-19T08:23:52+00:00","og_image":[{"width":700,"height":393,"url":"https:\/\/www.cope.es\/blogs\/derosca\/wp-content\/uploads\/sites\/22\/2023\/12\/0_IHF-Logo_600x337-2.jpg","type":"image\/jpeg"}],"author":"Luis Malvar","twitter_card":"summary_large_image","twitter_creator":"@cope_es","twitter_site":"@cope_es","twitter_misc":{"Escrito por":"Luis Malvar","Tiempo de lectura":"1 minuto"},"schema":{"@context":"https:\/\/schema.org","@graph":[{"@type":"Article","@id":"https:\/\/www.cope.es\/blogs\/derosca\/2023\/12\/19\/se-postulan-islandia-noruega-y-dinamarca-a-ser-sede-de-mundiales-2029-y-2031\/#article","isPartOf":{"@id":"https:\/\/www.cope.es\/blogs\/derosca\/2023\/12\/19\/se-postulan-islandia-noruega-y-dinamarca-a-ser-sede-de-mundiales-2029-y-2031\/"},"author":{"name":"Luis Malvar","@id":"https:\/\/www.cope.es\/blogs\/derosca\/#\/schema\/person\/02d6fa6fa8d8db60f83303875a4ff77f"},"headline":"Se postulan Islandia, Noruega y Dinamarca a ser sede de Mundiales 2029 y 2031","datePublished":"2023-12-19T08:23:52+00:00","mainEntityOfPage":{"@id":"https:\/\/www.cope.es\/blogs\/derosca\/2023\/12\/19\/se-postulan-islandia-noruega-y-dinamarca-a-ser-sede-de-mundiales-2029-y-2031\/"},"wordCount":235,"commentCount":0,"image":{"@id":"https:\/\/www.cope.es\/blogs\/derosca\/2023\/12\/19\/se-postulan-islandia-noruega-y-dinamarca-a-ser-sede-de-mundiales-2029-y-2031\/#primaryimage"},"thumbnailUrl":"https:\/\/www.cope.es\/blogs\/derosca\/wp-content\/uploads\/sites\/22\/2023\/12\/0_IHF-Logo_600x337-2.jpg","articleSection":["Balonmano"],"inLanguage":"es","potentialAction":[{"@type":"CommentAction","name":"Comment","target":["https:\/\/www.cope.es\/blogs\/derosca\/2023\/12\/19\/se-postulan-islandia-noruega-y-dinamarca-a-ser-sede-de-mundiales-2029-y-2031\/#respond"]}]},{"@type":"WebPage","@id":"https:\/\/www.cope.es\/blogs\/derosca\/2023\/12\/19\/se-postulan-islandia-noruega-y-dinamarca-a-ser-sede-de-mundiales-2029-y-2031\/","url":"https:\/\/www.cope.es\/blogs\/derosca\/2023\/12\/19\/se-postulan-islandia-noruega-y-dinamarca-a-ser-sede-de-mundiales-2029-y-2031\/","name":"Se postulan Islandia, Noruega y Dinamarca a ser sede de Mundiales 2029 y 2031 - Derosca","isPartOf":{"@id":"https:\/\/www.cope.es\/blogs\/derosca\/#website"},"primaryImageOfPage":{"@id":"https:\/\/www.cope.es\/blogs\/derosca\/2023\/12\/19\/se-postulan-islandia-noruega-y-dinamarca-a-ser-sede-de-mundiales-2029-y-2031\/#primaryimage"},"image":{"@id":"https:\/\/www.cope.es\/blogs\/derosca\/2023\/12\/19\/se-postulan-islandia-noruega-y-dinamarca-a-ser-sede-de-mundiales-2029-y-2031\/#primaryimage"},"thumbnailUrl":"https:\/\/www.cope.es\/blogs\/derosca\/wp-content\/uploads\/sites\/22\/2023\/12\/0_IHF-Logo_600x337-2.jpg","datePublished":"2023-12-19T08:23:52+00:00","author":{"@id":"https:\/\/www.cope.es\/blogs\/derosca\/#\/schema\/person\/02d6fa6fa8d8db60f83303875a4ff77f"},"breadcrumb":{"@id":"https:\/\/www.cope.es\/blogs\/derosca\/2023\/12\/19\/se-postulan-islandia-noruega-y-dinamarca-a-ser-sede-de-mundiales-2029-y-2031\/#breadcrumb"},"inLanguage":"es","potentialAction":[{"@type":"ReadAction","target":["https:\/\/www.cope.es\/blogs\/derosca\/2023\/12\/19\/se-postulan-islandia-noruega-y-dinamarca-a-ser-sede-de-mundiales-2029-y-2031\/"]}]},{"@type":"ImageObject","inLanguage":"es","@id":"https:\/\/www.cope.es\/blogs\/derosca\/2023\/12\/19\/se-postulan-islandia-noruega-y-dinamarca-a-ser-sede-de-mundiales-2029-y-2031\/#primaryimage","url":"https:\/\/www.cope.es\/blogs\/derosca\/wp-content\/uploads\/sites\/22\/2023\/12\/0_IHF-Logo_600x337-2.jpg","contentUrl":"https:\/\/www.cope.es\/blogs\/derosca\/wp-content\/uploads\/sites\/22\/2023\/12\/0_IHF-Logo_600x337-2.jpg","width":700,"height":393,"caption":"Se postulan Islandia, Noruega y Dinamarca a ser sede de Mundiales 2029 y 2031"},{"@type":"BreadcrumbList","@id":"https:\/\/www.cope.es\/blogs\/derosca\/2023\/12\/19\/se-postulan-islandia-noruega-y-dinamarca-a-ser-sede-de-mundiales-2029-y-2031\/#breadcrumb","itemListElement":[{"@type":"ListItem","position":1,"name":"Portada","item":"https:\/\/www.cope.es\/blogs\/derosca\/"},{"@type":"ListItem","position":2,"name":"Se postulan Islandia, Noruega y Dinamarca a ser sede de Mundiales 2029 y 2031"}]},{"@type":"WebSite","@id":"https:\/\/www.cope.es\/blogs\/derosca\/#website","url":"https:\/\/www.cope.es\/blogs\/derosca\/","name":"Derosca","description":"Blog de balonmano COPE","potentialAction":[{"@type":"SearchAction","target":{"@type":"EntryPoint","urlTemplate":"https:\/\/www.cope.es\/blogs\/derosca\/?s={search_term_string}"},"query-input":{"@type":"PropertyValueSpecification","valueRequired":true,"valueName":"search_term_string"}}],"inLanguage":"es"},{"@type":"Person","@id":"https:\/\/www.cope.es\/blogs\/derosca\/#\/schema\/person\/02d6fa6fa8d8db60f83303875a4ff77f","name":"Luis Malvar","image":{"@type":"ImageObject","inLanguage":"es","@id":"https:\/\/secure.gravatar.com\/avatar\/23cd47dec2904689b3ccd32d1dd3e86c7cbf60dcf7376c68854f761a4939534f?s=96&d=mm&r=g","url":"https:\/\/secure.gravatar.com\/avatar\/23cd47dec2904689b3ccd32d1dd3e86c7cbf60dcf7376c68854f761a4939534f?s=96&d=mm&r=g","contentUrl":"https:\/\/secure.gravatar.com\/avatar\/23cd47dec2904689b3ccd32d1dd3e86c7cbf60dcf7376c68854f761a4939534f?s=96&d=mm&r=g","caption":"Luis Malvar"},"description":"Comenc\u00e9 la andadura del Blog Derosca all\u00e1 por el 22 de Mayo de 2008. Un blog en el que se trata de llevar a los numerosos aficionados y amantes del mundo del balonmano toda la actualidad de nuestro apasionante deporte. Una ventana que sirve para dar luz a las innumerables noticias que genera el balonmano y que habitualmente no tienen reflejo en los medios de comunicaci\u00f3n. Sin lugar a dudas el Blog Derosca cuenta con un apartado que tiene a gala contar con miles de seguidores como es \u201cMis Pajaritos\u201d en donde se relatan y narran todas las intrahistorias que se generan en el balonmano espa\u00f1ol y que incomoda a m\u00e1s de uno que salgan a la luz.!Gracias por seguirnos durante todos estos a\u00f1os\u00a1","sameAs":["http:\/\/www.cope.es","lmalvar"],"url":"https:\/\/www.cope.es\/blogs\/derosca\/author\/lmalvar\/"}]}},"amp_enabled":true,"_links":{"self":[{"href":"https:\/\/www.cope.es\/blogs\/derosca\/wp-json\/wp\/v2\/posts\/3617","targetHints":{"allow":["GET"]}}],"collection":[{"href":"https:\/\/www.cope.es\/blogs\/derosca\/wp-json\/wp\/v2\/posts"}],"about":[{"href":"https:\/\/www.cope.es\/blogs\/derosca\/wp-json\/wp\/v2\/types\/post"}],"author":[{"embeddable":true,"href":"https:\/\/www.cope.es\/blogs\/derosca\/wp-json\/wp\/v2\/users\/23"}],"replies":[{"embeddable":true,"href":"https:\/\/www.cope.es\/blogs\/derosca\/wp-json\/wp\/v2\/comments?post=3617"}],"version-history":[{"count":1,"href":"https:\/\/www.cope.es\/blogs\/derosca\/wp-json\/wp\/v2\/posts\/3617\/revisions"}],"predecessor-version":[{"id":3619,"href":"https:\/\/www.cope.es\/blogs\/derosca\/wp-json\/wp\/v2\/posts\/3617\/revisions\/3619"}],"wp:featuredmedia":[{"embeddable":true,"href":"https:\/\/www.cope.es\/blogs\/derosca\/wp-json\/wp\/v2\/media\/3618"}],"wp:attachment":[{"href":"https:\/\/www.cope.es\/blogs\/derosca\/wp-json\/wp\/v2\/media?parent=3617"}],"wp:term":[{"taxonomy":"category","embeddable":true,"href":"https:\/\/www.cope.es\/blogs\/derosca\/wp-json\/wp\/v2\/categories?post=3617"},{"taxonomy":"post_tag","embeddable":true,"href":"https:\/\/www.cope.es\/blogs\/derosca\/wp-json\/wp\/v2\/tags?post=3617"}],"curies":[{"name":"wp","href":"https:\/\/api.w.org\/{rel}","templated":true}]}}