{"id":3531,"date":"2023-11-08T08:27:38","date_gmt":"2023-11-08T07:27:38","guid":{"rendered":"http:\/\/www.cope.es\/blogs\/derosca\/?p=3531"},"modified":"2023-11-08T08:27:38","modified_gmt":"2023-11-08T07:27:38","slug":"la-mitica-ana-gros-regresa-a-eslovenia-para-jugar-en-el-krim","status":"publish","type":"post","link":"https:\/\/www.cope.es\/blogs\/derosca\/2023\/11\/08\/la-mitica-ana-gros-regresa-a-eslovenia-para-jugar-en-el-krim\/","title":{"rendered":"La m\u00edtica Ana Gros regresa a Eslovenia para jugar en el Krim"},"content":{"rendered":"<p><span style=\"color: #111111\"><span style=\"font-family: Arial, sans-serif\"><span style=\"font-size: medium\">Despu\u00e9s de que Ana Gros jugara en el conjunto h\u00fangaro Gy\u00f6ri ETO entre los a\u00f1os 2010 a 2012, la internacional eslovena regres\u00f3 a Hungr\u00eda en el verano de 2022. Anteriormente hab\u00eda jugado en el club esloveno Krim durante unos meses despu\u00e9s de rescindir su contrato con el CSKA de Mosc\u00fa. Ahora la jugadora de 32 a\u00f1os regresa por tercera vez al Krim como anunci\u00f3 el club en su web. Gros regresar\u00e1 a su Eslovenia natal la pr\u00f3xima temporada y vestir\u00e1 la camiseta del Krim hasta el verano del 2026.<br \/>\n<\/span><\/span><\/span><br \/>\n<span style=\"color: #111111\"><span style=\"font-family: Arial, sans-serif\"><span style=\"font-size: medium\">Ana Gros ha manifestado que las sensaciones al firmar el contrato fueron incre\u00edbles. Est\u00e1 muy feliz de que su camino le lleve de regreso al Krim, club donde comenz\u00f3 su carrera profesional. Para ella como jugadora no hay mayor motivaci\u00f3n que poder jugar frente a mi familia y amigos. Esto definitivamente le dar\u00e1 fuerzas extra para dar lo mejor de ella en cada momento.<\/p>\n<p>Recordemos que Gros jug\u00f3 en su juventud, primero en el Velenje y luego en el rival local Olimpija Ljubljana (2005 a 2009), antes de jugar en el Krim por primera vez.. Con ambos clubes gan\u00f3 el doblete en su pa\u00eds de origen, y lo mismo logr\u00f3 en los a\u00f1os siguientes con el gran club h\u00fangaro Gy\u00f6ri, donde tambi\u00e9n lleg\u00f3 por primera vez a la final de la Liga de Campeones.<\/p>\n<p>En el a\u00f1o 2012 se traslad\u00f3 al Th\u00fcringer alem\u00e1n, con el que gan\u00f3 el campeonato alem\u00e1n y luego pas\u00f3 al Metz de Francia. Con las jugadoras de Lorraine, Gros finalmente logr\u00f3 su avance hasta convertirse en una jugadora internacional de primer nivel, luego se traslad\u00f3 a su rival de liga el Brest Bretagne en el a\u00f1o 2018. En total, la jugadora zurda celebr\u00f3 en ocho a\u00f1os cuatro campeonatos, tres victorias de copa y una copa de liga y lleg\u00f3 de nuevo a la final de la categor\u00eda de reinas.<\/p>\n<p>En Francia fue tres veces m\u00e1xima goleadora de la LFH y obtuvo otros premios individuales. Tambi\u00e9n fue nombrada cinco veces como mejor jugadora del lateral derecho y en el a\u00f1o 2018 tambi\u00e9n lo logr\u00f3 en la Liga de Campeones. La temporada pasada recibi\u00f3 el premio a la mejor lateral derecha en los EHF Excellence Awards. Con 129 partidos internacionales y 624 goles, es la segunda mejor goleadora de Eslovenia.<\/span><\/span><\/span><\/p>\n<p><span style=\"color: #666666\"><span style=\"font-family: Arial, sans-serif\"><span style=\"font-size: medium\">Seguirnos en twitter: <\/span><\/span><\/span><span style=\"color: #0000ff\"><span><u><a href=\"https:\/\/twitter.com\/#!\/deroscacope\"><span style=\"font-family: Arial, sans-serif\"><span style=\"font-size: medium\">https:\/\/twitter.com\/#!\/deroscacope<\/span><\/span><\/a><\/u><\/span><\/span><\/p>\n","protected":false},"excerpt":{"rendered":"<p>Despu\u00e9s de que Ana Gros jugara en el conjunto h\u00fangaro Gy\u00f6ri ETO entre los a\u00f1os 2010 a 2012, la internacional eslovena regres\u00f3 a Hungr\u00eda en el verano de 2022. Anteriormente hab\u00eda jugado en el club esloveno Krim durante unos meses despu\u00e9s de rescindir su contrato con el CSKA de Mosc\u00fa. Ahora la jugadora de 32 [&hellip;]<\/p>\n","protected":false},"author":23,"featured_media":3532,"comment_status":"open","ping_status":"open","sticky":false,"template":"","format":"standard","meta":{"footnotes":""},"categories":[3],"tags":[],"class_list":["post-3531","post","type-post","status-publish","format-standard","has-post-thumbnail","hentry","category-balonmano"],"yoast_head":"<!-- This site is optimized with the Yoast SEO plugin v27.4 - https:\/\/yoast.com\/product\/yoast-seo-wordpress\/ -->\n<title>La m\u00edtica Ana Gros regresa a Eslovenia para jugar en el Krim - Derosca<\/title>\n<meta name=\"robots\" content=\"index, follow, max-snippet:-1, max-image-preview:large, max-video-preview:-1\" \/>\n<link rel=\"canonical\" href=\"https:\/\/www.cope.es\/blogs\/derosca\/2023\/11\/08\/la-mitica-ana-gros-regresa-a-eslovenia-para-jugar-en-el-krim\/\" \/>\n<meta property=\"og:locale\" content=\"es_ES\" \/>\n<meta property=\"og:type\" content=\"article\" \/>\n<meta property=\"og:title\" content=\"La m\u00edtica Ana Gros regresa a Eslovenia para jugar en el Krim - Derosca\" \/>\n<meta property=\"og:description\" content=\"Despu\u00e9s de que Ana Gros jugara en el conjunto h\u00fangaro Gy\u00f6ri ETO entre los a\u00f1os 2010 a 2012, la internacional eslovena regres\u00f3 a Hungr\u00eda en el verano de 2022. Anteriormente hab\u00eda jugado en el club esloveno Krim durante unos meses despu\u00e9s de rescindir su contrato con el CSKA de Mosc\u00fa. Ahora la jugadora de 32 [&hellip;]\" \/>\n<meta property=\"og:url\" content=\"https:\/\/www.cope.es\/blogs\/derosca\/2023\/11\/08\/la-mitica-ana-gros-regresa-a-eslovenia-para-jugar-en-el-krim\/\" \/>\n<meta property=\"og:site_name\" content=\"Derosca\" \/>\n<meta property=\"article:publisher\" content=\"https:\/\/www.facebook.com\/cope\/\" \/>\n<meta property=\"article:published_time\" content=\"2023-11-08T07:27:38+00:00\" \/>\n<meta property=\"og:image\" content=\"https:\/\/www.cope.es\/blogs\/derosca\/wp-content\/uploads\/sites\/22\/2023\/11\/maxresdefault.jpg\" \/>\n\t<meta property=\"og:image:width\" content=\"680\" \/>\n\t<meta property=\"og:image:height\" content=\"463\" \/>\n\t<meta property=\"og:image:type\" content=\"image\/jpeg\" \/>\n<meta name=\"author\" content=\"Luis Malvar\" \/>\n<meta name=\"twitter:card\" content=\"summary_large_image\" \/>\n<meta name=\"twitter:creator\" content=\"@cope_es\" \/>\n<meta name=\"twitter:site\" content=\"@cope_es\" \/>\n<meta name=\"twitter:label1\" content=\"Escrito por\" \/>\n\t<meta name=\"twitter:data1\" content=\"Luis Malvar\" \/>\n\t<meta name=\"twitter:label2\" content=\"Tiempo de lectura\" \/>\n\t<meta name=\"twitter:data2\" content=\"2 minutos\" \/>\n<script type=\"application\/ld+json\" class=\"yoast-schema-graph\">{\"@context\":\"https:\\\/\\\/schema.org\",\"@graph\":[{\"@type\":\"Article\",\"@id\":\"https:\\\/\\\/www.cope.es\\\/blogs\\\/derosca\\\/2023\\\/11\\\/08\\\/la-mitica-ana-gros-regresa-a-eslovenia-para-jugar-en-el-krim\\\/#article\",\"isPartOf\":{\"@id\":\"https:\\\/\\\/www.cope.es\\\/blogs\\\/derosca\\\/2023\\\/11\\\/08\\\/la-mitica-ana-gros-regresa-a-eslovenia-para-jugar-en-el-krim\\\/\"},\"author\":{\"name\":\"Luis Malvar\",\"@id\":\"https:\\\/\\\/www.cope.es\\\/blogs\\\/derosca\\\/#\\\/schema\\\/person\\\/02d6fa6fa8d8db60f83303875a4ff77f\"},\"headline\":\"La m\u00edtica Ana Gros regresa a Eslovenia para jugar en el Krim\",\"datePublished\":\"2023-11-08T07:27:38+00:00\",\"mainEntityOfPage\":{\"@id\":\"https:\\\/\\\/www.cope.es\\\/blogs\\\/derosca\\\/2023\\\/11\\\/08\\\/la-mitica-ana-gros-regresa-a-eslovenia-para-jugar-en-el-krim\\\/\"},\"wordCount\":416,\"commentCount\":0,\"image\":{\"@id\":\"https:\\\/\\\/www.cope.es\\\/blogs\\\/derosca\\\/2023\\\/11\\\/08\\\/la-mitica-ana-gros-regresa-a-eslovenia-para-jugar-en-el-krim\\\/#primaryimage\"},\"thumbnailUrl\":\"https:\\\/\\\/www.cope.es\\\/blogs\\\/derosca\\\/wp-content\\\/uploads\\\/sites\\\/22\\\/2023\\\/11\\\/maxresdefault.jpg\",\"articleSection\":[\"Balonmano\"],\"inLanguage\":\"es\",\"potentialAction\":[{\"@type\":\"CommentAction\",\"name\":\"Comment\",\"target\":[\"https:\\\/\\\/www.cope.es\\\/blogs\\\/derosca\\\/2023\\\/11\\\/08\\\/la-mitica-ana-gros-regresa-a-eslovenia-para-jugar-en-el-krim\\\/#respond\"]}]},{\"@type\":\"WebPage\",\"@id\":\"https:\\\/\\\/www.cope.es\\\/blogs\\\/derosca\\\/2023\\\/11\\\/08\\\/la-mitica-ana-gros-regresa-a-eslovenia-para-jugar-en-el-krim\\\/\",\"url\":\"https:\\\/\\\/www.cope.es\\\/blogs\\\/derosca\\\/2023\\\/11\\\/08\\\/la-mitica-ana-gros-regresa-a-eslovenia-para-jugar-en-el-krim\\\/\",\"name\":\"La m\u00edtica Ana Gros regresa a Eslovenia para jugar en el Krim - Derosca\",\"isPartOf\":{\"@id\":\"https:\\\/\\\/www.cope.es\\\/blogs\\\/derosca\\\/#website\"},\"primaryImageOfPage\":{\"@id\":\"https:\\\/\\\/www.cope.es\\\/blogs\\\/derosca\\\/2023\\\/11\\\/08\\\/la-mitica-ana-gros-regresa-a-eslovenia-para-jugar-en-el-krim\\\/#primaryimage\"},\"image\":{\"@id\":\"https:\\\/\\\/www.cope.es\\\/blogs\\\/derosca\\\/2023\\\/11\\\/08\\\/la-mitica-ana-gros-regresa-a-eslovenia-para-jugar-en-el-krim\\\/#primaryimage\"},\"thumbnailUrl\":\"https:\\\/\\\/www.cope.es\\\/blogs\\\/derosca\\\/wp-content\\\/uploads\\\/sites\\\/22\\\/2023\\\/11\\\/maxresdefault.jpg\",\"datePublished\":\"2023-11-08T07:27:38+00:00\",\"author\":{\"@id\":\"https:\\\/\\\/www.cope.es\\\/blogs\\\/derosca\\\/#\\\/schema\\\/person\\\/02d6fa6fa8d8db60f83303875a4ff77f\"},\"breadcrumb\":{\"@id\":\"https:\\\/\\\/www.cope.es\\\/blogs\\\/derosca\\\/2023\\\/11\\\/08\\\/la-mitica-ana-gros-regresa-a-eslovenia-para-jugar-en-el-krim\\\/#breadcrumb\"},\"inLanguage\":\"es\",\"potentialAction\":[{\"@type\":\"ReadAction\",\"target\":[\"https:\\\/\\\/www.cope.es\\\/blogs\\\/derosca\\\/2023\\\/11\\\/08\\\/la-mitica-ana-gros-regresa-a-eslovenia-para-jugar-en-el-krim\\\/\"]}]},{\"@type\":\"ImageObject\",\"inLanguage\":\"es\",\"@id\":\"https:\\\/\\\/www.cope.es\\\/blogs\\\/derosca\\\/2023\\\/11\\\/08\\\/la-mitica-ana-gros-regresa-a-eslovenia-para-jugar-en-el-krim\\\/#primaryimage\",\"url\":\"https:\\\/\\\/www.cope.es\\\/blogs\\\/derosca\\\/wp-content\\\/uploads\\\/sites\\\/22\\\/2023\\\/11\\\/maxresdefault.jpg\",\"contentUrl\":\"https:\\\/\\\/www.cope.es\\\/blogs\\\/derosca\\\/wp-content\\\/uploads\\\/sites\\\/22\\\/2023\\\/11\\\/maxresdefault.jpg\",\"width\":680,\"height\":463,\"caption\":\"La m\u00edtica Ana Gros regresa a Eslovenia para jugar en el Krim\"},{\"@type\":\"BreadcrumbList\",\"@id\":\"https:\\\/\\\/www.cope.es\\\/blogs\\\/derosca\\\/2023\\\/11\\\/08\\\/la-mitica-ana-gros-regresa-a-eslovenia-para-jugar-en-el-krim\\\/#breadcrumb\",\"itemListElement\":[{\"@type\":\"ListItem\",\"position\":1,\"name\":\"Portada\",\"item\":\"https:\\\/\\\/www.cope.es\\\/blogs\\\/derosca\\\/\"},{\"@type\":\"ListItem\",\"position\":2,\"name\":\"La m\u00edtica Ana Gros regresa a Eslovenia para jugar en el Krim\"}]},{\"@type\":\"WebSite\",\"@id\":\"https:\\\/\\\/www.cope.es\\\/blogs\\\/derosca\\\/#website\",\"url\":\"https:\\\/\\\/www.cope.es\\\/blogs\\\/derosca\\\/\",\"name\":\"Derosca\",\"description\":\"Blog de balonmano COPE\",\"potentialAction\":[{\"@type\":\"SearchAction\",\"target\":{\"@type\":\"EntryPoint\",\"urlTemplate\":\"https:\\\/\\\/www.cope.es\\\/blogs\\\/derosca\\\/?s={search_term_string}\"},\"query-input\":{\"@type\":\"PropertyValueSpecification\",\"valueRequired\":true,\"valueName\":\"search_term_string\"}}],\"inLanguage\":\"es\"},{\"@type\":\"Person\",\"@id\":\"https:\\\/\\\/www.cope.es\\\/blogs\\\/derosca\\\/#\\\/schema\\\/person\\\/02d6fa6fa8d8db60f83303875a4ff77f\",\"name\":\"Luis Malvar\",\"image\":{\"@type\":\"ImageObject\",\"inLanguage\":\"es\",\"@id\":\"https:\\\/\\\/secure.gravatar.com\\\/avatar\\\/23cd47dec2904689b3ccd32d1dd3e86c7cbf60dcf7376c68854f761a4939534f?s=96&d=mm&r=g\",\"url\":\"https:\\\/\\\/secure.gravatar.com\\\/avatar\\\/23cd47dec2904689b3ccd32d1dd3e86c7cbf60dcf7376c68854f761a4939534f?s=96&d=mm&r=g\",\"contentUrl\":\"https:\\\/\\\/secure.gravatar.com\\\/avatar\\\/23cd47dec2904689b3ccd32d1dd3e86c7cbf60dcf7376c68854f761a4939534f?s=96&d=mm&r=g\",\"caption\":\"Luis Malvar\"},\"description\":\"Comenc\u00e9 la andadura del Blog Derosca all\u00e1 por el 22 de Mayo de 2008. Un blog en el que se trata de llevar a los numerosos aficionados y amantes del mundo del balonmano toda la actualidad de nuestro apasionante deporte. Una ventana que sirve para dar luz a las innumerables noticias que genera el balonmano y que habitualmente no tienen reflejo en los medios de comunicaci\u00f3n. Sin lugar a dudas el Blog Derosca cuenta con un apartado que tiene a gala contar con miles de seguidores como es \u201cMis Pajaritos\u201d en donde se relatan y narran todas las intrahistorias que se generan en el balonmano espa\u00f1ol y que incomoda a m\u00e1s de uno que salgan a la luz.!Gracias por seguirnos durante todos estos a\u00f1os\u00a1\",\"sameAs\":[\"http:\\\/\\\/www.cope.es\",\"lmalvar\"],\"url\":\"https:\\\/\\\/www.cope.es\\\/blogs\\\/derosca\\\/author\\\/lmalvar\\\/\"}]}<\/script>\n<!-- \/ Yoast SEO plugin. -->","yoast_head_json":{"title":"La m\u00edtica Ana Gros regresa a Eslovenia para jugar en el Krim - Derosca","robots":{"index":"index","follow":"follow","max-snippet":"max-snippet:-1","max-image-preview":"max-image-preview:large","max-video-preview":"max-video-preview:-1"},"canonical":"https:\/\/www.cope.es\/blogs\/derosca\/2023\/11\/08\/la-mitica-ana-gros-regresa-a-eslovenia-para-jugar-en-el-krim\/","og_locale":"es_ES","og_type":"article","og_title":"La m\u00edtica Ana Gros regresa a Eslovenia para jugar en el Krim - Derosca","og_description":"Despu\u00e9s de que Ana Gros jugara en el conjunto h\u00fangaro Gy\u00f6ri ETO entre los a\u00f1os 2010 a 2012, la internacional eslovena regres\u00f3 a Hungr\u00eda en el verano de 2022. Anteriormente hab\u00eda jugado en el club esloveno Krim durante unos meses despu\u00e9s de rescindir su contrato con el CSKA de Mosc\u00fa. Ahora la jugadora de 32 [&hellip;]","og_url":"https:\/\/www.cope.es\/blogs\/derosca\/2023\/11\/08\/la-mitica-ana-gros-regresa-a-eslovenia-para-jugar-en-el-krim\/","og_site_name":"Derosca","article_publisher":"https:\/\/www.facebook.com\/cope\/","article_published_time":"2023-11-08T07:27:38+00:00","og_image":[{"width":680,"height":463,"url":"https:\/\/www.cope.es\/blogs\/derosca\/wp-content\/uploads\/sites\/22\/2023\/11\/maxresdefault.jpg","type":"image\/jpeg"}],"author":"Luis Malvar","twitter_card":"summary_large_image","twitter_creator":"@cope_es","twitter_site":"@cope_es","twitter_misc":{"Escrito por":"Luis Malvar","Tiempo de lectura":"2 minutos"},"schema":{"@context":"https:\/\/schema.org","@graph":[{"@type":"Article","@id":"https:\/\/www.cope.es\/blogs\/derosca\/2023\/11\/08\/la-mitica-ana-gros-regresa-a-eslovenia-para-jugar-en-el-krim\/#article","isPartOf":{"@id":"https:\/\/www.cope.es\/blogs\/derosca\/2023\/11\/08\/la-mitica-ana-gros-regresa-a-eslovenia-para-jugar-en-el-krim\/"},"author":{"name":"Luis Malvar","@id":"https:\/\/www.cope.es\/blogs\/derosca\/#\/schema\/person\/02d6fa6fa8d8db60f83303875a4ff77f"},"headline":"La m\u00edtica Ana Gros regresa a Eslovenia para jugar en el Krim","datePublished":"2023-11-08T07:27:38+00:00","mainEntityOfPage":{"@id":"https:\/\/www.cope.es\/blogs\/derosca\/2023\/11\/08\/la-mitica-ana-gros-regresa-a-eslovenia-para-jugar-en-el-krim\/"},"wordCount":416,"commentCount":0,"image":{"@id":"https:\/\/www.cope.es\/blogs\/derosca\/2023\/11\/08\/la-mitica-ana-gros-regresa-a-eslovenia-para-jugar-en-el-krim\/#primaryimage"},"thumbnailUrl":"https:\/\/www.cope.es\/blogs\/derosca\/wp-content\/uploads\/sites\/22\/2023\/11\/maxresdefault.jpg","articleSection":["Balonmano"],"inLanguage":"es","potentialAction":[{"@type":"CommentAction","name":"Comment","target":["https:\/\/www.cope.es\/blogs\/derosca\/2023\/11\/08\/la-mitica-ana-gros-regresa-a-eslovenia-para-jugar-en-el-krim\/#respond"]}]},{"@type":"WebPage","@id":"https:\/\/www.cope.es\/blogs\/derosca\/2023\/11\/08\/la-mitica-ana-gros-regresa-a-eslovenia-para-jugar-en-el-krim\/","url":"https:\/\/www.cope.es\/blogs\/derosca\/2023\/11\/08\/la-mitica-ana-gros-regresa-a-eslovenia-para-jugar-en-el-krim\/","name":"La m\u00edtica Ana Gros regresa a Eslovenia para jugar en el Krim - Derosca","isPartOf":{"@id":"https:\/\/www.cope.es\/blogs\/derosca\/#website"},"primaryImageOfPage":{"@id":"https:\/\/www.cope.es\/blogs\/derosca\/2023\/11\/08\/la-mitica-ana-gros-regresa-a-eslovenia-para-jugar-en-el-krim\/#primaryimage"},"image":{"@id":"https:\/\/www.cope.es\/blogs\/derosca\/2023\/11\/08\/la-mitica-ana-gros-regresa-a-eslovenia-para-jugar-en-el-krim\/#primaryimage"},"thumbnailUrl":"https:\/\/www.cope.es\/blogs\/derosca\/wp-content\/uploads\/sites\/22\/2023\/11\/maxresdefault.jpg","datePublished":"2023-11-08T07:27:38+00:00","author":{"@id":"https:\/\/www.cope.es\/blogs\/derosca\/#\/schema\/person\/02d6fa6fa8d8db60f83303875a4ff77f"},"breadcrumb":{"@id":"https:\/\/www.cope.es\/blogs\/derosca\/2023\/11\/08\/la-mitica-ana-gros-regresa-a-eslovenia-para-jugar-en-el-krim\/#breadcrumb"},"inLanguage":"es","potentialAction":[{"@type":"ReadAction","target":["https:\/\/www.cope.es\/blogs\/derosca\/2023\/11\/08\/la-mitica-ana-gros-regresa-a-eslovenia-para-jugar-en-el-krim\/"]}]},{"@type":"ImageObject","inLanguage":"es","@id":"https:\/\/www.cope.es\/blogs\/derosca\/2023\/11\/08\/la-mitica-ana-gros-regresa-a-eslovenia-para-jugar-en-el-krim\/#primaryimage","url":"https:\/\/www.cope.es\/blogs\/derosca\/wp-content\/uploads\/sites\/22\/2023\/11\/maxresdefault.jpg","contentUrl":"https:\/\/www.cope.es\/blogs\/derosca\/wp-content\/uploads\/sites\/22\/2023\/11\/maxresdefault.jpg","width":680,"height":463,"caption":"La m\u00edtica Ana Gros regresa a Eslovenia para jugar en el Krim"},{"@type":"BreadcrumbList","@id":"https:\/\/www.cope.es\/blogs\/derosca\/2023\/11\/08\/la-mitica-ana-gros-regresa-a-eslovenia-para-jugar-en-el-krim\/#breadcrumb","itemListElement":[{"@type":"ListItem","position":1,"name":"Portada","item":"https:\/\/www.cope.es\/blogs\/derosca\/"},{"@type":"ListItem","position":2,"name":"La m\u00edtica Ana Gros regresa a Eslovenia para jugar en el Krim"}]},{"@type":"WebSite","@id":"https:\/\/www.cope.es\/blogs\/derosca\/#website","url":"https:\/\/www.cope.es\/blogs\/derosca\/","name":"Derosca","description":"Blog de balonmano COPE","potentialAction":[{"@type":"SearchAction","target":{"@type":"EntryPoint","urlTemplate":"https:\/\/www.cope.es\/blogs\/derosca\/?s={search_term_string}"},"query-input":{"@type":"PropertyValueSpecification","valueRequired":true,"valueName":"search_term_string"}}],"inLanguage":"es"},{"@type":"Person","@id":"https:\/\/www.cope.es\/blogs\/derosca\/#\/schema\/person\/02d6fa6fa8d8db60f83303875a4ff77f","name":"Luis Malvar","image":{"@type":"ImageObject","inLanguage":"es","@id":"https:\/\/secure.gravatar.com\/avatar\/23cd47dec2904689b3ccd32d1dd3e86c7cbf60dcf7376c68854f761a4939534f?s=96&d=mm&r=g","url":"https:\/\/secure.gravatar.com\/avatar\/23cd47dec2904689b3ccd32d1dd3e86c7cbf60dcf7376c68854f761a4939534f?s=96&d=mm&r=g","contentUrl":"https:\/\/secure.gravatar.com\/avatar\/23cd47dec2904689b3ccd32d1dd3e86c7cbf60dcf7376c68854f761a4939534f?s=96&d=mm&r=g","caption":"Luis Malvar"},"description":"Comenc\u00e9 la andadura del Blog Derosca all\u00e1 por el 22 de Mayo de 2008. Un blog en el que se trata de llevar a los numerosos aficionados y amantes del mundo del balonmano toda la actualidad de nuestro apasionante deporte. Una ventana que sirve para dar luz a las innumerables noticias que genera el balonmano y que habitualmente no tienen reflejo en los medios de comunicaci\u00f3n. Sin lugar a dudas el Blog Derosca cuenta con un apartado que tiene a gala contar con miles de seguidores como es \u201cMis Pajaritos\u201d en donde se relatan y narran todas las intrahistorias que se generan en el balonmano espa\u00f1ol y que incomoda a m\u00e1s de uno que salgan a la luz.!Gracias por seguirnos durante todos estos a\u00f1os\u00a1","sameAs":["http:\/\/www.cope.es","lmalvar"],"url":"https:\/\/www.cope.es\/blogs\/derosca\/author\/lmalvar\/"}]}},"amp_enabled":true,"_links":{"self":[{"href":"https:\/\/www.cope.es\/blogs\/derosca\/wp-json\/wp\/v2\/posts\/3531","targetHints":{"allow":["GET"]}}],"collection":[{"href":"https:\/\/www.cope.es\/blogs\/derosca\/wp-json\/wp\/v2\/posts"}],"about":[{"href":"https:\/\/www.cope.es\/blogs\/derosca\/wp-json\/wp\/v2\/types\/post"}],"author":[{"embeddable":true,"href":"https:\/\/www.cope.es\/blogs\/derosca\/wp-json\/wp\/v2\/users\/23"}],"replies":[{"embeddable":true,"href":"https:\/\/www.cope.es\/blogs\/derosca\/wp-json\/wp\/v2\/comments?post=3531"}],"version-history":[{"count":1,"href":"https:\/\/www.cope.es\/blogs\/derosca\/wp-json\/wp\/v2\/posts\/3531\/revisions"}],"predecessor-version":[{"id":3533,"href":"https:\/\/www.cope.es\/blogs\/derosca\/wp-json\/wp\/v2\/posts\/3531\/revisions\/3533"}],"wp:featuredmedia":[{"embeddable":true,"href":"https:\/\/www.cope.es\/blogs\/derosca\/wp-json\/wp\/v2\/media\/3532"}],"wp:attachment":[{"href":"https:\/\/www.cope.es\/blogs\/derosca\/wp-json\/wp\/v2\/media?parent=3531"}],"wp:term":[{"taxonomy":"category","embeddable":true,"href":"https:\/\/www.cope.es\/blogs\/derosca\/wp-json\/wp\/v2\/categories?post=3531"},{"taxonomy":"post_tag","embeddable":true,"href":"https:\/\/www.cope.es\/blogs\/derosca\/wp-json\/wp\/v2\/tags?post=3531"}],"curies":[{"name":"wp","href":"https:\/\/api.w.org\/{rel}","templated":true}]}}