{"id":3482,"date":"2023-10-16T09:39:37","date_gmt":"2023-10-16T07:39:37","guid":{"rendered":"http:\/\/www.cope.es\/blogs\/derosca\/?p=3482"},"modified":"2023-10-16T09:39:37","modified_gmt":"2023-10-16T07:39:37","slug":"espana-se-postula-para-albergar-el-europeo-femenino-2026","status":"publish","type":"post","link":"https:\/\/www.cope.es\/blogs\/derosca\/2023\/10\/16\/espana-se-postula-para-albergar-el-europeo-femenino-2026\/","title":{"rendered":"Espa\u00f1a se postula para albergar el Europeo Femenino 2026"},"content":{"rendered":"<p><span style=\"color: #111111\"><span style=\"font-family: Arial, sans-serif\"><span style=\"font-size: medium\">Despu\u00e9s que la Federaci\u00f3n Europea de Balonmano (EHF) ha decidido que el pr\u00f3ximo Europeo Femenino 2026 no se va a celebrar en Rusia, el organismo europeo ha recibido dos nuevas solicitudes. De momento l<\/span><\/span><\/span><span style=\"color: #111111\"><span style=\"font-family: Arial, sans-serif\"><span style=\"font-size: medium\">a EHF ha informado sobre una candidatura conjunta de Polonia y la Rep\u00fablica Checa, ya que los oponentes de los dos pa\u00edses vecinos, Espa\u00f1a, Ruman\u00eda y Turqu\u00eda, tambi\u00e9n intentar\u00edan acoger el evento<\/span><\/span><\/span><\/p>\n<p><span style=\"color: #111111\"><span style=\"font-family: Arial, sans-serif\"><span style=\"font-size: medium\">El intercambio con la Federaci\u00f3n Rusa de Balonmano demostr\u00f3 que no es posible celebrar el evento en Rusia dentro del calendario especificado. Por lo tanto, la EHF buscar\u00e1 un organizador alternativo de acuerdo con la decisi\u00f3n del EXEC ha manifestado la EHF en la conferencia el pasado mes de Julio tras una reuni\u00f3n del Comit\u00e9 Ejecutivo.<br \/>\n<\/span><\/span><\/span><br \/>\n<span style=\"color: #111111\"><span style=\"font-family: Arial, sans-serif\"><span style=\"font-size: medium\">Las naciones deben presentar sus solicitudes completas antes del 25 de Octubre. En Noviembre y Diciembre, la EHF quiere evaluar las sedes y las ciudades anunciadas. En su reuni\u00f3n del 27 de Enero de 2024, el Ejecutivo de la EHF adjudicar\u00e1 el evento seg\u00fan anunci\u00f3 la EHF. Los pa\u00edses interesados a\u00fan no han presentado ninguna declaraci\u00f3n sobre sus solicitudes.<\/span><\/span><\/span><\/p>\n<p><span style=\"color: #48535e\"><span style=\"font-family: Arial, sans-serif\"><span style=\"font-size: medium\">Las cinco nuevas federaciones que ahora presentan su candidatura para celebrar el Europeo Femenino 2026 son la Rep\u00fablica Checa y Polonia, que han presentado una candidatura conjunta, adem\u00e1s de Espa\u00f1a, Ruman\u00eda y Turqu\u00eda. Recordemos que el Europeo est\u00e1 programado para jugarse del 3 al 20 de Diciembre del 2026.<\/span><\/span><\/span><\/p>\n<p><span style=\"color: #666666\"><span style=\"font-family: Arial, sans-serif\"><span style=\"font-size: medium\">Seguirnos en twitter: <\/span><\/span><\/span><span style=\"color: #000080\"><span><u><a href=\"https:\/\/twitter.com\/#!\/deroscacope\"><span style=\"color: #0000ff\"><span style=\"font-family: Arial, sans-serif\"><span style=\"font-size: medium\">https:\/\/twitter.com\/#!\/deroscacope<\/span><\/span><\/span><\/a><\/u><\/span><\/span><\/p>\n<p>&nbsp;<\/p>\n","protected":false},"excerpt":{"rendered":"<p>Despu\u00e9s que la Federaci\u00f3n Europea de Balonmano (EHF) ha decidido que el pr\u00f3ximo Europeo Femenino 2026 no se va a celebrar en Rusia, el organismo europeo ha recibido dos nuevas solicitudes. De momento la EHF ha informado sobre una candidatura conjunta de Polonia y la Rep\u00fablica Checa, ya que los oponentes de los dos pa\u00edses [&hellip;]<\/p>\n","protected":false},"author":23,"featured_media":3483,"comment_status":"open","ping_status":"open","sticky":false,"template":"","format":"standard","meta":{"footnotes":""},"categories":[3],"tags":[],"class_list":["post-3482","post","type-post","status-publish","format-standard","has-post-thumbnail","hentry","category-balonmano"],"yoast_head":"<!-- This site is optimized with the Yoast SEO plugin v27.4 - https:\/\/yoast.com\/product\/yoast-seo-wordpress\/ -->\n<title>Espa\u00f1a se postula para albergar el Europeo Femenino 2026 - Derosca<\/title>\n<meta name=\"robots\" content=\"index, follow, max-snippet:-1, max-image-preview:large, max-video-preview:-1\" \/>\n<link rel=\"canonical\" href=\"https:\/\/www.cope.es\/blogs\/derosca\/2023\/10\/16\/espana-se-postula-para-albergar-el-europeo-femenino-2026\/\" \/>\n<meta property=\"og:locale\" content=\"es_ES\" \/>\n<meta property=\"og:type\" content=\"article\" \/>\n<meta property=\"og:title\" content=\"Espa\u00f1a se postula para albergar el Europeo Femenino 2026 - Derosca\" \/>\n<meta property=\"og:description\" content=\"Despu\u00e9s que la Federaci\u00f3n Europea de Balonmano (EHF) ha decidido que el pr\u00f3ximo Europeo Femenino 2026 no se va a celebrar en Rusia, el organismo europeo ha recibido dos nuevas solicitudes. De momento la EHF ha informado sobre una candidatura conjunta de Polonia y la Rep\u00fablica Checa, ya que los oponentes de los dos pa\u00edses [&hellip;]\" \/>\n<meta property=\"og:url\" content=\"https:\/\/www.cope.es\/blogs\/derosca\/2023\/10\/16\/espana-se-postula-para-albergar-el-europeo-femenino-2026\/\" \/>\n<meta property=\"og:site_name\" content=\"Derosca\" \/>\n<meta property=\"article:publisher\" content=\"https:\/\/www.facebook.com\/cope\/\" \/>\n<meta property=\"article:published_time\" content=\"2023-10-16T07:39:37+00:00\" \/>\n<meta property=\"og:image\" content=\"https:\/\/www.cope.es\/blogs\/derosca\/wp-content\/uploads\/sites\/22\/2023\/10\/ehf_flags-680x353-1.jpg\" \/>\n\t<meta property=\"og:image:width\" content=\"680\" \/>\n\t<meta property=\"og:image:height\" content=\"353\" \/>\n\t<meta property=\"og:image:type\" content=\"image\/jpeg\" \/>\n<meta name=\"author\" content=\"Luis Malvar\" \/>\n<meta name=\"twitter:card\" content=\"summary_large_image\" \/>\n<meta name=\"twitter:creator\" content=\"@cope_es\" \/>\n<meta name=\"twitter:site\" content=\"@cope_es\" \/>\n<meta name=\"twitter:label1\" content=\"Escrito por\" \/>\n\t<meta name=\"twitter:data1\" content=\"Luis Malvar\" \/>\n\t<meta name=\"twitter:label2\" content=\"Tiempo de lectura\" \/>\n\t<meta name=\"twitter:data2\" content=\"1 minuto\" \/>\n<script type=\"application\/ld+json\" class=\"yoast-schema-graph\">{\"@context\":\"https:\\\/\\\/schema.org\",\"@graph\":[{\"@type\":\"Article\",\"@id\":\"https:\\\/\\\/www.cope.es\\\/blogs\\\/derosca\\\/2023\\\/10\\\/16\\\/espana-se-postula-para-albergar-el-europeo-femenino-2026\\\/#article\",\"isPartOf\":{\"@id\":\"https:\\\/\\\/www.cope.es\\\/blogs\\\/derosca\\\/2023\\\/10\\\/16\\\/espana-se-postula-para-albergar-el-europeo-femenino-2026\\\/\"},\"author\":{\"name\":\"Luis Malvar\",\"@id\":\"https:\\\/\\\/www.cope.es\\\/blogs\\\/derosca\\\/#\\\/schema\\\/person\\\/02d6fa6fa8d8db60f83303875a4ff77f\"},\"headline\":\"Espa\u00f1a se postula para albergar el Europeo Femenino 2026\",\"datePublished\":\"2023-10-16T07:39:37+00:00\",\"mainEntityOfPage\":{\"@id\":\"https:\\\/\\\/www.cope.es\\\/blogs\\\/derosca\\\/2023\\\/10\\\/16\\\/espana-se-postula-para-albergar-el-europeo-femenino-2026\\\/\"},\"wordCount\":262,\"commentCount\":0,\"image\":{\"@id\":\"https:\\\/\\\/www.cope.es\\\/blogs\\\/derosca\\\/2023\\\/10\\\/16\\\/espana-se-postula-para-albergar-el-europeo-femenino-2026\\\/#primaryimage\"},\"thumbnailUrl\":\"https:\\\/\\\/www.cope.es\\\/blogs\\\/derosca\\\/wp-content\\\/uploads\\\/sites\\\/22\\\/2023\\\/10\\\/ehf_flags-680x353-1.jpg\",\"articleSection\":[\"Balonmano\"],\"inLanguage\":\"es\",\"potentialAction\":[{\"@type\":\"CommentAction\",\"name\":\"Comment\",\"target\":[\"https:\\\/\\\/www.cope.es\\\/blogs\\\/derosca\\\/2023\\\/10\\\/16\\\/espana-se-postula-para-albergar-el-europeo-femenino-2026\\\/#respond\"]}]},{\"@type\":\"WebPage\",\"@id\":\"https:\\\/\\\/www.cope.es\\\/blogs\\\/derosca\\\/2023\\\/10\\\/16\\\/espana-se-postula-para-albergar-el-europeo-femenino-2026\\\/\",\"url\":\"https:\\\/\\\/www.cope.es\\\/blogs\\\/derosca\\\/2023\\\/10\\\/16\\\/espana-se-postula-para-albergar-el-europeo-femenino-2026\\\/\",\"name\":\"Espa\u00f1a se postula para albergar el Europeo Femenino 2026 - Derosca\",\"isPartOf\":{\"@id\":\"https:\\\/\\\/www.cope.es\\\/blogs\\\/derosca\\\/#website\"},\"primaryImageOfPage\":{\"@id\":\"https:\\\/\\\/www.cope.es\\\/blogs\\\/derosca\\\/2023\\\/10\\\/16\\\/espana-se-postula-para-albergar-el-europeo-femenino-2026\\\/#primaryimage\"},\"image\":{\"@id\":\"https:\\\/\\\/www.cope.es\\\/blogs\\\/derosca\\\/2023\\\/10\\\/16\\\/espana-se-postula-para-albergar-el-europeo-femenino-2026\\\/#primaryimage\"},\"thumbnailUrl\":\"https:\\\/\\\/www.cope.es\\\/blogs\\\/derosca\\\/wp-content\\\/uploads\\\/sites\\\/22\\\/2023\\\/10\\\/ehf_flags-680x353-1.jpg\",\"datePublished\":\"2023-10-16T07:39:37+00:00\",\"author\":{\"@id\":\"https:\\\/\\\/www.cope.es\\\/blogs\\\/derosca\\\/#\\\/schema\\\/person\\\/02d6fa6fa8d8db60f83303875a4ff77f\"},\"breadcrumb\":{\"@id\":\"https:\\\/\\\/www.cope.es\\\/blogs\\\/derosca\\\/2023\\\/10\\\/16\\\/espana-se-postula-para-albergar-el-europeo-femenino-2026\\\/#breadcrumb\"},\"inLanguage\":\"es\",\"potentialAction\":[{\"@type\":\"ReadAction\",\"target\":[\"https:\\\/\\\/www.cope.es\\\/blogs\\\/derosca\\\/2023\\\/10\\\/16\\\/espana-se-postula-para-albergar-el-europeo-femenino-2026\\\/\"]}]},{\"@type\":\"ImageObject\",\"inLanguage\":\"es\",\"@id\":\"https:\\\/\\\/www.cope.es\\\/blogs\\\/derosca\\\/2023\\\/10\\\/16\\\/espana-se-postula-para-albergar-el-europeo-femenino-2026\\\/#primaryimage\",\"url\":\"https:\\\/\\\/www.cope.es\\\/blogs\\\/derosca\\\/wp-content\\\/uploads\\\/sites\\\/22\\\/2023\\\/10\\\/ehf_flags-680x353-1.jpg\",\"contentUrl\":\"https:\\\/\\\/www.cope.es\\\/blogs\\\/derosca\\\/wp-content\\\/uploads\\\/sites\\\/22\\\/2023\\\/10\\\/ehf_flags-680x353-1.jpg\",\"width\":680,\"height\":353,\"caption\":\"Espa\u00f1a se postula para albergar el Europeo Femenino 2026\"},{\"@type\":\"BreadcrumbList\",\"@id\":\"https:\\\/\\\/www.cope.es\\\/blogs\\\/derosca\\\/2023\\\/10\\\/16\\\/espana-se-postula-para-albergar-el-europeo-femenino-2026\\\/#breadcrumb\",\"itemListElement\":[{\"@type\":\"ListItem\",\"position\":1,\"name\":\"Portada\",\"item\":\"https:\\\/\\\/www.cope.es\\\/blogs\\\/derosca\\\/\"},{\"@type\":\"ListItem\",\"position\":2,\"name\":\"Espa\u00f1a se postula para albergar el Europeo Femenino 2026\"}]},{\"@type\":\"WebSite\",\"@id\":\"https:\\\/\\\/www.cope.es\\\/blogs\\\/derosca\\\/#website\",\"url\":\"https:\\\/\\\/www.cope.es\\\/blogs\\\/derosca\\\/\",\"name\":\"Derosca\",\"description\":\"Blog de balonmano COPE\",\"potentialAction\":[{\"@type\":\"SearchAction\",\"target\":{\"@type\":\"EntryPoint\",\"urlTemplate\":\"https:\\\/\\\/www.cope.es\\\/blogs\\\/derosca\\\/?s={search_term_string}\"},\"query-input\":{\"@type\":\"PropertyValueSpecification\",\"valueRequired\":true,\"valueName\":\"search_term_string\"}}],\"inLanguage\":\"es\"},{\"@type\":\"Person\",\"@id\":\"https:\\\/\\\/www.cope.es\\\/blogs\\\/derosca\\\/#\\\/schema\\\/person\\\/02d6fa6fa8d8db60f83303875a4ff77f\",\"name\":\"Luis Malvar\",\"image\":{\"@type\":\"ImageObject\",\"inLanguage\":\"es\",\"@id\":\"https:\\\/\\\/secure.gravatar.com\\\/avatar\\\/23cd47dec2904689b3ccd32d1dd3e86c7cbf60dcf7376c68854f761a4939534f?s=96&d=mm&r=g\",\"url\":\"https:\\\/\\\/secure.gravatar.com\\\/avatar\\\/23cd47dec2904689b3ccd32d1dd3e86c7cbf60dcf7376c68854f761a4939534f?s=96&d=mm&r=g\",\"contentUrl\":\"https:\\\/\\\/secure.gravatar.com\\\/avatar\\\/23cd47dec2904689b3ccd32d1dd3e86c7cbf60dcf7376c68854f761a4939534f?s=96&d=mm&r=g\",\"caption\":\"Luis Malvar\"},\"description\":\"Comenc\u00e9 la andadura del Blog Derosca all\u00e1 por el 22 de Mayo de 2008. Un blog en el que se trata de llevar a los numerosos aficionados y amantes del mundo del balonmano toda la actualidad de nuestro apasionante deporte. Una ventana que sirve para dar luz a las innumerables noticias que genera el balonmano y que habitualmente no tienen reflejo en los medios de comunicaci\u00f3n. Sin lugar a dudas el Blog Derosca cuenta con un apartado que tiene a gala contar con miles de seguidores como es \u201cMis Pajaritos\u201d en donde se relatan y narran todas las intrahistorias que se generan en el balonmano espa\u00f1ol y que incomoda a m\u00e1s de uno que salgan a la luz.!Gracias por seguirnos durante todos estos a\u00f1os\u00a1\",\"sameAs\":[\"http:\\\/\\\/www.cope.es\",\"lmalvar\"],\"url\":\"https:\\\/\\\/www.cope.es\\\/blogs\\\/derosca\\\/author\\\/lmalvar\\\/\"}]}<\/script>\n<!-- \/ Yoast SEO plugin. -->","yoast_head_json":{"title":"Espa\u00f1a se postula para albergar el Europeo Femenino 2026 - Derosca","robots":{"index":"index","follow":"follow","max-snippet":"max-snippet:-1","max-image-preview":"max-image-preview:large","max-video-preview":"max-video-preview:-1"},"canonical":"https:\/\/www.cope.es\/blogs\/derosca\/2023\/10\/16\/espana-se-postula-para-albergar-el-europeo-femenino-2026\/","og_locale":"es_ES","og_type":"article","og_title":"Espa\u00f1a se postula para albergar el Europeo Femenino 2026 - Derosca","og_description":"Despu\u00e9s que la Federaci\u00f3n Europea de Balonmano (EHF) ha decidido que el pr\u00f3ximo Europeo Femenino 2026 no se va a celebrar en Rusia, el organismo europeo ha recibido dos nuevas solicitudes. De momento la EHF ha informado sobre una candidatura conjunta de Polonia y la Rep\u00fablica Checa, ya que los oponentes de los dos pa\u00edses [&hellip;]","og_url":"https:\/\/www.cope.es\/blogs\/derosca\/2023\/10\/16\/espana-se-postula-para-albergar-el-europeo-femenino-2026\/","og_site_name":"Derosca","article_publisher":"https:\/\/www.facebook.com\/cope\/","article_published_time":"2023-10-16T07:39:37+00:00","og_image":[{"width":680,"height":353,"url":"https:\/\/www.cope.es\/blogs\/derosca\/wp-content\/uploads\/sites\/22\/2023\/10\/ehf_flags-680x353-1.jpg","type":"image\/jpeg"}],"author":"Luis Malvar","twitter_card":"summary_large_image","twitter_creator":"@cope_es","twitter_site":"@cope_es","twitter_misc":{"Escrito por":"Luis Malvar","Tiempo de lectura":"1 minuto"},"schema":{"@context":"https:\/\/schema.org","@graph":[{"@type":"Article","@id":"https:\/\/www.cope.es\/blogs\/derosca\/2023\/10\/16\/espana-se-postula-para-albergar-el-europeo-femenino-2026\/#article","isPartOf":{"@id":"https:\/\/www.cope.es\/blogs\/derosca\/2023\/10\/16\/espana-se-postula-para-albergar-el-europeo-femenino-2026\/"},"author":{"name":"Luis Malvar","@id":"https:\/\/www.cope.es\/blogs\/derosca\/#\/schema\/person\/02d6fa6fa8d8db60f83303875a4ff77f"},"headline":"Espa\u00f1a se postula para albergar el Europeo Femenino 2026","datePublished":"2023-10-16T07:39:37+00:00","mainEntityOfPage":{"@id":"https:\/\/www.cope.es\/blogs\/derosca\/2023\/10\/16\/espana-se-postula-para-albergar-el-europeo-femenino-2026\/"},"wordCount":262,"commentCount":0,"image":{"@id":"https:\/\/www.cope.es\/blogs\/derosca\/2023\/10\/16\/espana-se-postula-para-albergar-el-europeo-femenino-2026\/#primaryimage"},"thumbnailUrl":"https:\/\/www.cope.es\/blogs\/derosca\/wp-content\/uploads\/sites\/22\/2023\/10\/ehf_flags-680x353-1.jpg","articleSection":["Balonmano"],"inLanguage":"es","potentialAction":[{"@type":"CommentAction","name":"Comment","target":["https:\/\/www.cope.es\/blogs\/derosca\/2023\/10\/16\/espana-se-postula-para-albergar-el-europeo-femenino-2026\/#respond"]}]},{"@type":"WebPage","@id":"https:\/\/www.cope.es\/blogs\/derosca\/2023\/10\/16\/espana-se-postula-para-albergar-el-europeo-femenino-2026\/","url":"https:\/\/www.cope.es\/blogs\/derosca\/2023\/10\/16\/espana-se-postula-para-albergar-el-europeo-femenino-2026\/","name":"Espa\u00f1a se postula para albergar el Europeo Femenino 2026 - Derosca","isPartOf":{"@id":"https:\/\/www.cope.es\/blogs\/derosca\/#website"},"primaryImageOfPage":{"@id":"https:\/\/www.cope.es\/blogs\/derosca\/2023\/10\/16\/espana-se-postula-para-albergar-el-europeo-femenino-2026\/#primaryimage"},"image":{"@id":"https:\/\/www.cope.es\/blogs\/derosca\/2023\/10\/16\/espana-se-postula-para-albergar-el-europeo-femenino-2026\/#primaryimage"},"thumbnailUrl":"https:\/\/www.cope.es\/blogs\/derosca\/wp-content\/uploads\/sites\/22\/2023\/10\/ehf_flags-680x353-1.jpg","datePublished":"2023-10-16T07:39:37+00:00","author":{"@id":"https:\/\/www.cope.es\/blogs\/derosca\/#\/schema\/person\/02d6fa6fa8d8db60f83303875a4ff77f"},"breadcrumb":{"@id":"https:\/\/www.cope.es\/blogs\/derosca\/2023\/10\/16\/espana-se-postula-para-albergar-el-europeo-femenino-2026\/#breadcrumb"},"inLanguage":"es","potentialAction":[{"@type":"ReadAction","target":["https:\/\/www.cope.es\/blogs\/derosca\/2023\/10\/16\/espana-se-postula-para-albergar-el-europeo-femenino-2026\/"]}]},{"@type":"ImageObject","inLanguage":"es","@id":"https:\/\/www.cope.es\/blogs\/derosca\/2023\/10\/16\/espana-se-postula-para-albergar-el-europeo-femenino-2026\/#primaryimage","url":"https:\/\/www.cope.es\/blogs\/derosca\/wp-content\/uploads\/sites\/22\/2023\/10\/ehf_flags-680x353-1.jpg","contentUrl":"https:\/\/www.cope.es\/blogs\/derosca\/wp-content\/uploads\/sites\/22\/2023\/10\/ehf_flags-680x353-1.jpg","width":680,"height":353,"caption":"Espa\u00f1a se postula para albergar el Europeo Femenino 2026"},{"@type":"BreadcrumbList","@id":"https:\/\/www.cope.es\/blogs\/derosca\/2023\/10\/16\/espana-se-postula-para-albergar-el-europeo-femenino-2026\/#breadcrumb","itemListElement":[{"@type":"ListItem","position":1,"name":"Portada","item":"https:\/\/www.cope.es\/blogs\/derosca\/"},{"@type":"ListItem","position":2,"name":"Espa\u00f1a se postula para albergar el Europeo Femenino 2026"}]},{"@type":"WebSite","@id":"https:\/\/www.cope.es\/blogs\/derosca\/#website","url":"https:\/\/www.cope.es\/blogs\/derosca\/","name":"Derosca","description":"Blog de balonmano COPE","potentialAction":[{"@type":"SearchAction","target":{"@type":"EntryPoint","urlTemplate":"https:\/\/www.cope.es\/blogs\/derosca\/?s={search_term_string}"},"query-input":{"@type":"PropertyValueSpecification","valueRequired":true,"valueName":"search_term_string"}}],"inLanguage":"es"},{"@type":"Person","@id":"https:\/\/www.cope.es\/blogs\/derosca\/#\/schema\/person\/02d6fa6fa8d8db60f83303875a4ff77f","name":"Luis Malvar","image":{"@type":"ImageObject","inLanguage":"es","@id":"https:\/\/secure.gravatar.com\/avatar\/23cd47dec2904689b3ccd32d1dd3e86c7cbf60dcf7376c68854f761a4939534f?s=96&d=mm&r=g","url":"https:\/\/secure.gravatar.com\/avatar\/23cd47dec2904689b3ccd32d1dd3e86c7cbf60dcf7376c68854f761a4939534f?s=96&d=mm&r=g","contentUrl":"https:\/\/secure.gravatar.com\/avatar\/23cd47dec2904689b3ccd32d1dd3e86c7cbf60dcf7376c68854f761a4939534f?s=96&d=mm&r=g","caption":"Luis Malvar"},"description":"Comenc\u00e9 la andadura del Blog Derosca all\u00e1 por el 22 de Mayo de 2008. Un blog en el que se trata de llevar a los numerosos aficionados y amantes del mundo del balonmano toda la actualidad de nuestro apasionante deporte. Una ventana que sirve para dar luz a las innumerables noticias que genera el balonmano y que habitualmente no tienen reflejo en los medios de comunicaci\u00f3n. Sin lugar a dudas el Blog Derosca cuenta con un apartado que tiene a gala contar con miles de seguidores como es \u201cMis Pajaritos\u201d en donde se relatan y narran todas las intrahistorias que se generan en el balonmano espa\u00f1ol y que incomoda a m\u00e1s de uno que salgan a la luz.!Gracias por seguirnos durante todos estos a\u00f1os\u00a1","sameAs":["http:\/\/www.cope.es","lmalvar"],"url":"https:\/\/www.cope.es\/blogs\/derosca\/author\/lmalvar\/"}]}},"amp_enabled":true,"_links":{"self":[{"href":"https:\/\/www.cope.es\/blogs\/derosca\/wp-json\/wp\/v2\/posts\/3482","targetHints":{"allow":["GET"]}}],"collection":[{"href":"https:\/\/www.cope.es\/blogs\/derosca\/wp-json\/wp\/v2\/posts"}],"about":[{"href":"https:\/\/www.cope.es\/blogs\/derosca\/wp-json\/wp\/v2\/types\/post"}],"author":[{"embeddable":true,"href":"https:\/\/www.cope.es\/blogs\/derosca\/wp-json\/wp\/v2\/users\/23"}],"replies":[{"embeddable":true,"href":"https:\/\/www.cope.es\/blogs\/derosca\/wp-json\/wp\/v2\/comments?post=3482"}],"version-history":[{"count":1,"href":"https:\/\/www.cope.es\/blogs\/derosca\/wp-json\/wp\/v2\/posts\/3482\/revisions"}],"predecessor-version":[{"id":3484,"href":"https:\/\/www.cope.es\/blogs\/derosca\/wp-json\/wp\/v2\/posts\/3482\/revisions\/3484"}],"wp:featuredmedia":[{"embeddable":true,"href":"https:\/\/www.cope.es\/blogs\/derosca\/wp-json\/wp\/v2\/media\/3483"}],"wp:attachment":[{"href":"https:\/\/www.cope.es\/blogs\/derosca\/wp-json\/wp\/v2\/media?parent=3482"}],"wp:term":[{"taxonomy":"category","embeddable":true,"href":"https:\/\/www.cope.es\/blogs\/derosca\/wp-json\/wp\/v2\/categories?post=3482"},{"taxonomy":"post_tag","embeddable":true,"href":"https:\/\/www.cope.es\/blogs\/derosca\/wp-json\/wp\/v2\/tags?post=3482"}],"curies":[{"name":"wp","href":"https:\/\/api.w.org\/{rel}","templated":true}]}}