{"id":3479,"date":"2023-10-11T09:27:01","date_gmt":"2023-10-11T07:27:01","guid":{"rendered":"http:\/\/www.cope.es\/blogs\/derosca\/?p=3479"},"modified":"2023-10-11T09:27:01","modified_gmt":"2023-10-11T07:27:01","slug":"el-patrocinador-principal-del-thw-kiel-amplia-su-compromiso-para-la-champions-league","status":"publish","type":"post","link":"https:\/\/www.cope.es\/blogs\/derosca\/2023\/10\/11\/el-patrocinador-principal-del-thw-kiel-amplia-su-compromiso-para-la-champions-league\/","title":{"rendered":"El patrocinador principal del THW Kiel amplia su compromiso para la Champ\u00econs League"},"content":{"rendered":"<p>La empresa Orlen Alemania seguir\u00e1 ampliando su colaboraci\u00f3n con el THW Kiel en la temporada de la Champions League que acaba de comenzar. El logotipo del patrocinador principal de Kiel no s\u00f3lo adorna, como es habitual en la categor\u00eda reina, el pecho de la camiseta de las Cebras, sino tambi\u00e9n la zona lumbar. El club lo anunci\u00f3 hace unas semanas.<\/p>\n<p>Recordemos que Orlen Alemania es socio del THW Kiel desde hace m\u00e1s de una d\u00e9cada y es el patrocinador principal del equipo de Kiel desde la temporada 2016 \u2013 17. El hecho de que Orlen Deutschland apoye al THW Kiel a nivel europeo y tambi\u00e9n aporte confianza de cara al futuro demuestra que la asociaci\u00f3n va m\u00e1s all\u00e1 del compromiso nacional. El espacio de patrocinio en la parte trasera estuvo disponible con poca antelaci\u00f3n antes del inicio de la temporada, y Orlen Deutschland salt\u00f3 y se apoder\u00f3 de este codiciado espacio de patrocinio. El logotipo de Orlen en la camiseta europea del THW Kiel subraya la afiliaci\u00f3n de la empresa Elmshorn al grupo internacional Orlen y forma parte de la estrategia global de marca del grupo multienerg\u00e9tico de Polonia.<\/p>\n<p>El Director Eeneral de Orlen. Alemania, Piotr Guzial, afirma que Orlen Alemania y THW Kiel mantienen una estrecha relaci\u00f3n a varios niveles que se ha ido fortaleciendo a lo largo de muchos a\u00f1os. Despu\u00e9s de la petici\u00f3n de THW Kiel, r\u00e1pidamente les qued\u00f3 claro que apoyar\u00edan a su socio en esta situaci\u00f3n. La ampliaci\u00f3n de la cooperaci\u00f3n aporta muchas ventajas para ambas partes. Con el logo de Orlen en la parte trasera de la camiseta aumentan la presencia y visibilidad en la competici\u00f3n europea de balonmano m\u00e1s importante, y con esto y con el atractivo del THW Kiel llegar\u00e1n a un p\u00fablico amplio.<\/p>\n<p>El Director General de THW Kiel, Viktor Szilagyi, agradeci\u00f3 a Orlen Alemania su apoyo a corto plazo y manifest\u00f3 que esto pone de relieve una vez m\u00e1s la colaboraci\u00f3n impresionante y fiable con su patrocinador principal, que despu\u00e9s de muchos a\u00f1os de colaboraci\u00f3n representa ahora mucho m\u00e1s que una relaci\u00f3n puramente comercial. El THW Kiel, Orlen Alemania y sus respectivos equipos permanecen unidos. Eso les hace ser felices y orgullosos.<\/p>\n<p>Seguirnos en twitter: <a href=\"https:\/\/twitter.com\/#!\/deroscacope\">https:\/\/twitter.com\/#!\/deroscacope<\/a><\/p>\n","protected":false},"excerpt":{"rendered":"<p>La empresa Orlen Alemania seguir\u00e1 ampliando su colaboraci\u00f3n con el THW Kiel en la temporada de la Champions League que acaba de comenzar. El logotipo del patrocinador principal de Kiel no s\u00f3lo adorna, como es habitual en la categor\u00eda reina, el pecho de la camiseta de las Cebras, sino tambi\u00e9n la zona lumbar. El club [&hellip;]<\/p>\n","protected":false},"author":23,"featured_media":3480,"comment_status":"open","ping_status":"open","sticky":false,"template":"","format":"standard","meta":{"footnotes":""},"categories":[3],"tags":[],"class_list":["post-3479","post","type-post","status-publish","format-standard","has-post-thumbnail","hentry","category-balonmano"],"yoast_head":"<!-- This site is optimized with the Yoast SEO plugin v27.4 - https:\/\/yoast.com\/product\/yoast-seo-wordpress\/ -->\n<title>El patrocinador principal del THW Kiel amplia su compromiso para la Champ\u00econs League - Derosca<\/title>\n<meta name=\"robots\" content=\"index, follow, max-snippet:-1, max-image-preview:large, max-video-preview:-1\" \/>\n<link rel=\"canonical\" href=\"https:\/\/www.cope.es\/blogs\/derosca\/2023\/10\/11\/el-patrocinador-principal-del-thw-kiel-amplia-su-compromiso-para-la-champions-league\/\" \/>\n<meta property=\"og:locale\" content=\"es_ES\" \/>\n<meta property=\"og:type\" content=\"article\" \/>\n<meta property=\"og:title\" content=\"El patrocinador principal del THW Kiel amplia su compromiso para la Champ\u00econs League - Derosca\" \/>\n<meta property=\"og:description\" content=\"La empresa Orlen Alemania seguir\u00e1 ampliando su colaboraci\u00f3n con el THW Kiel en la temporada de la Champions League que acaba de comenzar. El logotipo del patrocinador principal de Kiel no s\u00f3lo adorna, como es habitual en la categor\u00eda reina, el pecho de la camiseta de las Cebras, sino tambi\u00e9n la zona lumbar. El club [&hellip;]\" \/>\n<meta property=\"og:url\" content=\"https:\/\/www.cope.es\/blogs\/derosca\/2023\/10\/11\/el-patrocinador-principal-del-thw-kiel-amplia-su-compromiso-para-la-champions-league\/\" \/>\n<meta property=\"og:site_name\" content=\"Derosca\" \/>\n<meta property=\"article:publisher\" content=\"https:\/\/www.facebook.com\/cope\/\" \/>\n<meta property=\"article:published_time\" content=\"2023-10-11T07:27:01+00:00\" \/>\n<meta property=\"og:image\" content=\"https:\/\/www.cope.es\/blogs\/derosca\/wp-content\/uploads\/sites\/22\/2023\/10\/THW_Kiel_logo.svg.jpg\" \/>\n\t<meta property=\"og:image:width\" content=\"680\" \/>\n\t<meta property=\"og:image:height\" content=\"456\" \/>\n\t<meta property=\"og:image:type\" content=\"image\/jpeg\" \/>\n<meta name=\"author\" content=\"Luis Malvar\" \/>\n<meta name=\"twitter:card\" content=\"summary_large_image\" \/>\n<meta name=\"twitter:creator\" content=\"@cope_es\" \/>\n<meta name=\"twitter:site\" content=\"@cope_es\" \/>\n<meta name=\"twitter:label1\" content=\"Escrito por\" \/>\n\t<meta name=\"twitter:data1\" content=\"Luis Malvar\" \/>\n\t<meta name=\"twitter:label2\" content=\"Tiempo de lectura\" \/>\n\t<meta name=\"twitter:data2\" content=\"2 minutos\" \/>\n<script type=\"application\/ld+json\" class=\"yoast-schema-graph\">{\"@context\":\"https:\\\/\\\/schema.org\",\"@graph\":[{\"@type\":\"Article\",\"@id\":\"https:\\\/\\\/www.cope.es\\\/blogs\\\/derosca\\\/2023\\\/10\\\/11\\\/el-patrocinador-principal-del-thw-kiel-amplia-su-compromiso-para-la-champions-league\\\/#article\",\"isPartOf\":{\"@id\":\"https:\\\/\\\/www.cope.es\\\/blogs\\\/derosca\\\/2023\\\/10\\\/11\\\/el-patrocinador-principal-del-thw-kiel-amplia-su-compromiso-para-la-champions-league\\\/\"},\"author\":{\"name\":\"Luis Malvar\",\"@id\":\"https:\\\/\\\/www.cope.es\\\/blogs\\\/derosca\\\/#\\\/schema\\\/person\\\/02d6fa6fa8d8db60f83303875a4ff77f\"},\"headline\":\"El patrocinador principal del THW Kiel amplia su compromiso para la Champ\u00econs League\",\"datePublished\":\"2023-10-11T07:27:01+00:00\",\"mainEntityOfPage\":{\"@id\":\"https:\\\/\\\/www.cope.es\\\/blogs\\\/derosca\\\/2023\\\/10\\\/11\\\/el-patrocinador-principal-del-thw-kiel-amplia-su-compromiso-para-la-champions-league\\\/\"},\"wordCount\":412,\"commentCount\":0,\"image\":{\"@id\":\"https:\\\/\\\/www.cope.es\\\/blogs\\\/derosca\\\/2023\\\/10\\\/11\\\/el-patrocinador-principal-del-thw-kiel-amplia-su-compromiso-para-la-champions-league\\\/#primaryimage\"},\"thumbnailUrl\":\"https:\\\/\\\/www.cope.es\\\/blogs\\\/derosca\\\/wp-content\\\/uploads\\\/sites\\\/22\\\/2023\\\/10\\\/THW_Kiel_logo.svg.jpg\",\"articleSection\":[\"Balonmano\"],\"inLanguage\":\"es\",\"potentialAction\":[{\"@type\":\"CommentAction\",\"name\":\"Comment\",\"target\":[\"https:\\\/\\\/www.cope.es\\\/blogs\\\/derosca\\\/2023\\\/10\\\/11\\\/el-patrocinador-principal-del-thw-kiel-amplia-su-compromiso-para-la-champions-league\\\/#respond\"]}]},{\"@type\":\"WebPage\",\"@id\":\"https:\\\/\\\/www.cope.es\\\/blogs\\\/derosca\\\/2023\\\/10\\\/11\\\/el-patrocinador-principal-del-thw-kiel-amplia-su-compromiso-para-la-champions-league\\\/\",\"url\":\"https:\\\/\\\/www.cope.es\\\/blogs\\\/derosca\\\/2023\\\/10\\\/11\\\/el-patrocinador-principal-del-thw-kiel-amplia-su-compromiso-para-la-champions-league\\\/\",\"name\":\"El patrocinador principal del THW Kiel amplia su compromiso para la Champ\u00econs League - Derosca\",\"isPartOf\":{\"@id\":\"https:\\\/\\\/www.cope.es\\\/blogs\\\/derosca\\\/#website\"},\"primaryImageOfPage\":{\"@id\":\"https:\\\/\\\/www.cope.es\\\/blogs\\\/derosca\\\/2023\\\/10\\\/11\\\/el-patrocinador-principal-del-thw-kiel-amplia-su-compromiso-para-la-champions-league\\\/#primaryimage\"},\"image\":{\"@id\":\"https:\\\/\\\/www.cope.es\\\/blogs\\\/derosca\\\/2023\\\/10\\\/11\\\/el-patrocinador-principal-del-thw-kiel-amplia-su-compromiso-para-la-champions-league\\\/#primaryimage\"},\"thumbnailUrl\":\"https:\\\/\\\/www.cope.es\\\/blogs\\\/derosca\\\/wp-content\\\/uploads\\\/sites\\\/22\\\/2023\\\/10\\\/THW_Kiel_logo.svg.jpg\",\"datePublished\":\"2023-10-11T07:27:01+00:00\",\"author\":{\"@id\":\"https:\\\/\\\/www.cope.es\\\/blogs\\\/derosca\\\/#\\\/schema\\\/person\\\/02d6fa6fa8d8db60f83303875a4ff77f\"},\"breadcrumb\":{\"@id\":\"https:\\\/\\\/www.cope.es\\\/blogs\\\/derosca\\\/2023\\\/10\\\/11\\\/el-patrocinador-principal-del-thw-kiel-amplia-su-compromiso-para-la-champions-league\\\/#breadcrumb\"},\"inLanguage\":\"es\",\"potentialAction\":[{\"@type\":\"ReadAction\",\"target\":[\"https:\\\/\\\/www.cope.es\\\/blogs\\\/derosca\\\/2023\\\/10\\\/11\\\/el-patrocinador-principal-del-thw-kiel-amplia-su-compromiso-para-la-champions-league\\\/\"]}]},{\"@type\":\"ImageObject\",\"inLanguage\":\"es\",\"@id\":\"https:\\\/\\\/www.cope.es\\\/blogs\\\/derosca\\\/2023\\\/10\\\/11\\\/el-patrocinador-principal-del-thw-kiel-amplia-su-compromiso-para-la-champions-league\\\/#primaryimage\",\"url\":\"https:\\\/\\\/www.cope.es\\\/blogs\\\/derosca\\\/wp-content\\\/uploads\\\/sites\\\/22\\\/2023\\\/10\\\/THW_Kiel_logo.svg.jpg\",\"contentUrl\":\"https:\\\/\\\/www.cope.es\\\/blogs\\\/derosca\\\/wp-content\\\/uploads\\\/sites\\\/22\\\/2023\\\/10\\\/THW_Kiel_logo.svg.jpg\",\"width\":680,\"height\":456,\"caption\":\"El patrocinador principal del THW Kiel amplia su compromiso para la Champ\u00econs League\"},{\"@type\":\"BreadcrumbList\",\"@id\":\"https:\\\/\\\/www.cope.es\\\/blogs\\\/derosca\\\/2023\\\/10\\\/11\\\/el-patrocinador-principal-del-thw-kiel-amplia-su-compromiso-para-la-champions-league\\\/#breadcrumb\",\"itemListElement\":[{\"@type\":\"ListItem\",\"position\":1,\"name\":\"Portada\",\"item\":\"https:\\\/\\\/www.cope.es\\\/blogs\\\/derosca\\\/\"},{\"@type\":\"ListItem\",\"position\":2,\"name\":\"El patrocinador principal del THW Kiel amplia su compromiso para la Champ\u00econs League\"}]},{\"@type\":\"WebSite\",\"@id\":\"https:\\\/\\\/www.cope.es\\\/blogs\\\/derosca\\\/#website\",\"url\":\"https:\\\/\\\/www.cope.es\\\/blogs\\\/derosca\\\/\",\"name\":\"Derosca\",\"description\":\"Blog de balonmano COPE\",\"potentialAction\":[{\"@type\":\"SearchAction\",\"target\":{\"@type\":\"EntryPoint\",\"urlTemplate\":\"https:\\\/\\\/www.cope.es\\\/blogs\\\/derosca\\\/?s={search_term_string}\"},\"query-input\":{\"@type\":\"PropertyValueSpecification\",\"valueRequired\":true,\"valueName\":\"search_term_string\"}}],\"inLanguage\":\"es\"},{\"@type\":\"Person\",\"@id\":\"https:\\\/\\\/www.cope.es\\\/blogs\\\/derosca\\\/#\\\/schema\\\/person\\\/02d6fa6fa8d8db60f83303875a4ff77f\",\"name\":\"Luis Malvar\",\"image\":{\"@type\":\"ImageObject\",\"inLanguage\":\"es\",\"@id\":\"https:\\\/\\\/secure.gravatar.com\\\/avatar\\\/23cd47dec2904689b3ccd32d1dd3e86c7cbf60dcf7376c68854f761a4939534f?s=96&d=mm&r=g\",\"url\":\"https:\\\/\\\/secure.gravatar.com\\\/avatar\\\/23cd47dec2904689b3ccd32d1dd3e86c7cbf60dcf7376c68854f761a4939534f?s=96&d=mm&r=g\",\"contentUrl\":\"https:\\\/\\\/secure.gravatar.com\\\/avatar\\\/23cd47dec2904689b3ccd32d1dd3e86c7cbf60dcf7376c68854f761a4939534f?s=96&d=mm&r=g\",\"caption\":\"Luis Malvar\"},\"description\":\"Comenc\u00e9 la andadura del Blog Derosca all\u00e1 por el 22 de Mayo de 2008. Un blog en el que se trata de llevar a los numerosos aficionados y amantes del mundo del balonmano toda la actualidad de nuestro apasionante deporte. Una ventana que sirve para dar luz a las innumerables noticias que genera el balonmano y que habitualmente no tienen reflejo en los medios de comunicaci\u00f3n. Sin lugar a dudas el Blog Derosca cuenta con un apartado que tiene a gala contar con miles de seguidores como es \u201cMis Pajaritos\u201d en donde se relatan y narran todas las intrahistorias que se generan en el balonmano espa\u00f1ol y que incomoda a m\u00e1s de uno que salgan a la luz.!Gracias por seguirnos durante todos estos a\u00f1os\u00a1\",\"sameAs\":[\"http:\\\/\\\/www.cope.es\",\"lmalvar\"],\"url\":\"https:\\\/\\\/www.cope.es\\\/blogs\\\/derosca\\\/author\\\/lmalvar\\\/\"}]}<\/script>\n<!-- \/ Yoast SEO plugin. -->","yoast_head_json":{"title":"El patrocinador principal del THW Kiel amplia su compromiso para la Champ\u00econs League - Derosca","robots":{"index":"index","follow":"follow","max-snippet":"max-snippet:-1","max-image-preview":"max-image-preview:large","max-video-preview":"max-video-preview:-1"},"canonical":"https:\/\/www.cope.es\/blogs\/derosca\/2023\/10\/11\/el-patrocinador-principal-del-thw-kiel-amplia-su-compromiso-para-la-champions-league\/","og_locale":"es_ES","og_type":"article","og_title":"El patrocinador principal del THW Kiel amplia su compromiso para la Champ\u00econs League - Derosca","og_description":"La empresa Orlen Alemania seguir\u00e1 ampliando su colaboraci\u00f3n con el THW Kiel en la temporada de la Champions League que acaba de comenzar. El logotipo del patrocinador principal de Kiel no s\u00f3lo adorna, como es habitual en la categor\u00eda reina, el pecho de la camiseta de las Cebras, sino tambi\u00e9n la zona lumbar. El club [&hellip;]","og_url":"https:\/\/www.cope.es\/blogs\/derosca\/2023\/10\/11\/el-patrocinador-principal-del-thw-kiel-amplia-su-compromiso-para-la-champions-league\/","og_site_name":"Derosca","article_publisher":"https:\/\/www.facebook.com\/cope\/","article_published_time":"2023-10-11T07:27:01+00:00","og_image":[{"width":680,"height":456,"url":"https:\/\/www.cope.es\/blogs\/derosca\/wp-content\/uploads\/sites\/22\/2023\/10\/THW_Kiel_logo.svg.jpg","type":"image\/jpeg"}],"author":"Luis Malvar","twitter_card":"summary_large_image","twitter_creator":"@cope_es","twitter_site":"@cope_es","twitter_misc":{"Escrito por":"Luis Malvar","Tiempo de lectura":"2 minutos"},"schema":{"@context":"https:\/\/schema.org","@graph":[{"@type":"Article","@id":"https:\/\/www.cope.es\/blogs\/derosca\/2023\/10\/11\/el-patrocinador-principal-del-thw-kiel-amplia-su-compromiso-para-la-champions-league\/#article","isPartOf":{"@id":"https:\/\/www.cope.es\/blogs\/derosca\/2023\/10\/11\/el-patrocinador-principal-del-thw-kiel-amplia-su-compromiso-para-la-champions-league\/"},"author":{"name":"Luis Malvar","@id":"https:\/\/www.cope.es\/blogs\/derosca\/#\/schema\/person\/02d6fa6fa8d8db60f83303875a4ff77f"},"headline":"El patrocinador principal del THW Kiel amplia su compromiso para la Champ\u00econs League","datePublished":"2023-10-11T07:27:01+00:00","mainEntityOfPage":{"@id":"https:\/\/www.cope.es\/blogs\/derosca\/2023\/10\/11\/el-patrocinador-principal-del-thw-kiel-amplia-su-compromiso-para-la-champions-league\/"},"wordCount":412,"commentCount":0,"image":{"@id":"https:\/\/www.cope.es\/blogs\/derosca\/2023\/10\/11\/el-patrocinador-principal-del-thw-kiel-amplia-su-compromiso-para-la-champions-league\/#primaryimage"},"thumbnailUrl":"https:\/\/www.cope.es\/blogs\/derosca\/wp-content\/uploads\/sites\/22\/2023\/10\/THW_Kiel_logo.svg.jpg","articleSection":["Balonmano"],"inLanguage":"es","potentialAction":[{"@type":"CommentAction","name":"Comment","target":["https:\/\/www.cope.es\/blogs\/derosca\/2023\/10\/11\/el-patrocinador-principal-del-thw-kiel-amplia-su-compromiso-para-la-champions-league\/#respond"]}]},{"@type":"WebPage","@id":"https:\/\/www.cope.es\/blogs\/derosca\/2023\/10\/11\/el-patrocinador-principal-del-thw-kiel-amplia-su-compromiso-para-la-champions-league\/","url":"https:\/\/www.cope.es\/blogs\/derosca\/2023\/10\/11\/el-patrocinador-principal-del-thw-kiel-amplia-su-compromiso-para-la-champions-league\/","name":"El patrocinador principal del THW Kiel amplia su compromiso para la Champ\u00econs League - Derosca","isPartOf":{"@id":"https:\/\/www.cope.es\/blogs\/derosca\/#website"},"primaryImageOfPage":{"@id":"https:\/\/www.cope.es\/blogs\/derosca\/2023\/10\/11\/el-patrocinador-principal-del-thw-kiel-amplia-su-compromiso-para-la-champions-league\/#primaryimage"},"image":{"@id":"https:\/\/www.cope.es\/blogs\/derosca\/2023\/10\/11\/el-patrocinador-principal-del-thw-kiel-amplia-su-compromiso-para-la-champions-league\/#primaryimage"},"thumbnailUrl":"https:\/\/www.cope.es\/blogs\/derosca\/wp-content\/uploads\/sites\/22\/2023\/10\/THW_Kiel_logo.svg.jpg","datePublished":"2023-10-11T07:27:01+00:00","author":{"@id":"https:\/\/www.cope.es\/blogs\/derosca\/#\/schema\/person\/02d6fa6fa8d8db60f83303875a4ff77f"},"breadcrumb":{"@id":"https:\/\/www.cope.es\/blogs\/derosca\/2023\/10\/11\/el-patrocinador-principal-del-thw-kiel-amplia-su-compromiso-para-la-champions-league\/#breadcrumb"},"inLanguage":"es","potentialAction":[{"@type":"ReadAction","target":["https:\/\/www.cope.es\/blogs\/derosca\/2023\/10\/11\/el-patrocinador-principal-del-thw-kiel-amplia-su-compromiso-para-la-champions-league\/"]}]},{"@type":"ImageObject","inLanguage":"es","@id":"https:\/\/www.cope.es\/blogs\/derosca\/2023\/10\/11\/el-patrocinador-principal-del-thw-kiel-amplia-su-compromiso-para-la-champions-league\/#primaryimage","url":"https:\/\/www.cope.es\/blogs\/derosca\/wp-content\/uploads\/sites\/22\/2023\/10\/THW_Kiel_logo.svg.jpg","contentUrl":"https:\/\/www.cope.es\/blogs\/derosca\/wp-content\/uploads\/sites\/22\/2023\/10\/THW_Kiel_logo.svg.jpg","width":680,"height":456,"caption":"El patrocinador principal del THW Kiel amplia su compromiso para la Champ\u00econs League"},{"@type":"BreadcrumbList","@id":"https:\/\/www.cope.es\/blogs\/derosca\/2023\/10\/11\/el-patrocinador-principal-del-thw-kiel-amplia-su-compromiso-para-la-champions-league\/#breadcrumb","itemListElement":[{"@type":"ListItem","position":1,"name":"Portada","item":"https:\/\/www.cope.es\/blogs\/derosca\/"},{"@type":"ListItem","position":2,"name":"El patrocinador principal del THW Kiel amplia su compromiso para la Champ\u00econs League"}]},{"@type":"WebSite","@id":"https:\/\/www.cope.es\/blogs\/derosca\/#website","url":"https:\/\/www.cope.es\/blogs\/derosca\/","name":"Derosca","description":"Blog de balonmano COPE","potentialAction":[{"@type":"SearchAction","target":{"@type":"EntryPoint","urlTemplate":"https:\/\/www.cope.es\/blogs\/derosca\/?s={search_term_string}"},"query-input":{"@type":"PropertyValueSpecification","valueRequired":true,"valueName":"search_term_string"}}],"inLanguage":"es"},{"@type":"Person","@id":"https:\/\/www.cope.es\/blogs\/derosca\/#\/schema\/person\/02d6fa6fa8d8db60f83303875a4ff77f","name":"Luis Malvar","image":{"@type":"ImageObject","inLanguage":"es","@id":"https:\/\/secure.gravatar.com\/avatar\/23cd47dec2904689b3ccd32d1dd3e86c7cbf60dcf7376c68854f761a4939534f?s=96&d=mm&r=g","url":"https:\/\/secure.gravatar.com\/avatar\/23cd47dec2904689b3ccd32d1dd3e86c7cbf60dcf7376c68854f761a4939534f?s=96&d=mm&r=g","contentUrl":"https:\/\/secure.gravatar.com\/avatar\/23cd47dec2904689b3ccd32d1dd3e86c7cbf60dcf7376c68854f761a4939534f?s=96&d=mm&r=g","caption":"Luis Malvar"},"description":"Comenc\u00e9 la andadura del Blog Derosca all\u00e1 por el 22 de Mayo de 2008. Un blog en el que se trata de llevar a los numerosos aficionados y amantes del mundo del balonmano toda la actualidad de nuestro apasionante deporte. Una ventana que sirve para dar luz a las innumerables noticias que genera el balonmano y que habitualmente no tienen reflejo en los medios de comunicaci\u00f3n. Sin lugar a dudas el Blog Derosca cuenta con un apartado que tiene a gala contar con miles de seguidores como es \u201cMis Pajaritos\u201d en donde se relatan y narran todas las intrahistorias que se generan en el balonmano espa\u00f1ol y que incomoda a m\u00e1s de uno que salgan a la luz.!Gracias por seguirnos durante todos estos a\u00f1os\u00a1","sameAs":["http:\/\/www.cope.es","lmalvar"],"url":"https:\/\/www.cope.es\/blogs\/derosca\/author\/lmalvar\/"}]}},"amp_enabled":true,"_links":{"self":[{"href":"https:\/\/www.cope.es\/blogs\/derosca\/wp-json\/wp\/v2\/posts\/3479","targetHints":{"allow":["GET"]}}],"collection":[{"href":"https:\/\/www.cope.es\/blogs\/derosca\/wp-json\/wp\/v2\/posts"}],"about":[{"href":"https:\/\/www.cope.es\/blogs\/derosca\/wp-json\/wp\/v2\/types\/post"}],"author":[{"embeddable":true,"href":"https:\/\/www.cope.es\/blogs\/derosca\/wp-json\/wp\/v2\/users\/23"}],"replies":[{"embeddable":true,"href":"https:\/\/www.cope.es\/blogs\/derosca\/wp-json\/wp\/v2\/comments?post=3479"}],"version-history":[{"count":1,"href":"https:\/\/www.cope.es\/blogs\/derosca\/wp-json\/wp\/v2\/posts\/3479\/revisions"}],"predecessor-version":[{"id":3481,"href":"https:\/\/www.cope.es\/blogs\/derosca\/wp-json\/wp\/v2\/posts\/3479\/revisions\/3481"}],"wp:featuredmedia":[{"embeddable":true,"href":"https:\/\/www.cope.es\/blogs\/derosca\/wp-json\/wp\/v2\/media\/3480"}],"wp:attachment":[{"href":"https:\/\/www.cope.es\/blogs\/derosca\/wp-json\/wp\/v2\/media?parent=3479"}],"wp:term":[{"taxonomy":"category","embeddable":true,"href":"https:\/\/www.cope.es\/blogs\/derosca\/wp-json\/wp\/v2\/categories?post=3479"},{"taxonomy":"post_tag","embeddable":true,"href":"https:\/\/www.cope.es\/blogs\/derosca\/wp-json\/wp\/v2\/tags?post=3479"}],"curies":[{"name":"wp","href":"https:\/\/api.w.org\/{rel}","templated":true}]}}