{"id":3472,"date":"2023-10-09T09:09:50","date_gmt":"2023-10-09T07:09:50","guid":{"rendered":"http:\/\/www.cope.es\/blogs\/derosca\/?p=3472"},"modified":"2023-10-09T09:09:50","modified_gmt":"2023-10-09T07:09:50","slug":"presentado-el-balon-del-mundial-dinamarca-noruega-y-suecia-2023","status":"publish","type":"post","link":"https:\/\/www.cope.es\/blogs\/derosca\/2023\/10\/09\/presentado-el-balon-del-mundial-dinamarca-noruega-y-suecia-2023\/","title":{"rendered":"Presentado el bal\u00f3n del Mundial Dinamarca, Noruega y Suecia 2023"},"content":{"rendered":"<p><span style=\"color: #000000\"><span style=\"font-family: Arial, sans-serif\"><span style=\"font-size: medium\">El proveedor oficial de balones de la Federaci\u00f3n Internacional de Balonmano (IHF), ya present\u00f3 el bal\u00f3n oficial del 26 Mundial Femenino que tendr\u00e1 lugar en seis sedes de tres pa\u00edses entre el 29 de Noviembre y el 17 de Diciembre, la primera edici\u00f3n de la competici\u00f3n para se llevar\u00e1 a cabo en tres pa\u00edses diferentes.<\/span><\/span><\/span><\/p>\n<p><span style=\"color: #000000\"><span style=\"font-family: Arial, sans-serif\"><span style=\"font-size: medium\">Es el nuevo balonmano X5000 Dinamarca\/Noruega\/Suecia Edici\u00f3n 2023 que se desarroll\u00f3 en base al X5000 Handball, el bal\u00f3n oficial de las competiciones internacionales organizadas por la Federaci\u00f3n Internacional de Balonmano (IHF). El bal\u00f3n de edici\u00f3n especial presenta un dise\u00f1o personalizado con los colores nacionales de los tres pa\u00edses organizadores, con el rojo de Dinamarca y Noruega, el azul de Suecia y Noruega y el blanco (Dinamarca) y el amarillo (Suecia), con el \u00faltimo impreso en el logo de la IHF y de la empresa Molten.<\/span><\/span><\/span><\/p>\n<p><span style=\"color: #000000\"><span style=\"font-family: Arial, sans-serif\"><span style=\"font-size: medium\">El X5000 es el bal\u00f3n oficial de todas las competiciones internacionales de la IHF y cuenta con un material de cubierta de primera calidad que proporciona un agarre excepcional, un mejor control del bal\u00f3n y precisi\u00f3n, lo que lo convierte en una opci\u00f3n ideal para el m\u00e1s alto nivel de competici\u00f3n&#8221;, seg\u00fan afirma la empresa que fabrica el bal\u00f3n. La construcci\u00f3n del panel de espuma suave de la pelota brinda una sensaci\u00f3n m\u00e1s suave y permite un mejor agarre, lo que mejora la calidad del juego.<\/span><\/span><\/span><\/p>\n<p><span style=\"color: #000000\"><span style=\"font-family: Arial, sans-serif\"><span style=\"font-size: medium\">La empresa japonesa, que es socio de la Federaci\u00f3n Internacional de Balonmano (IHF) desde hace mucho tiempo, ha proporcionado el bal\u00f3n oficial de la competici\u00f3n durante las \u00faltimas cinco ediciones consecutivas y, al mismo tiempo, es el proveedor oficial de todas las competiciones organizadas bajo los auspicios de la Federaci\u00f3n Internacional de Balonmano.<\/span><\/span><\/span><\/p>\n<p><span style=\"color: #666666\"><span style=\"font-family: Arial, sans-serif\"><span style=\"font-size: medium\">Seguirnos en twitter: <\/span><\/span><\/span><span style=\"color: #000080\"><span><u><a href=\"https:\/\/twitter.com\/#!\/deroscacope\"><span style=\"color: #0000ff\"><span style=\"font-family: Arial, sans-serif\"><span style=\"font-size: medium\">https:\/\/twitter.com\/#!\/deroscacope<\/span><\/span><\/span><\/a><\/u><\/span><\/span><\/p>\n","protected":false},"excerpt":{"rendered":"<p>El proveedor oficial de balones de la Federaci\u00f3n Internacional de Balonmano (IHF), ya present\u00f3 el bal\u00f3n oficial del 26 Mundial Femenino que tendr\u00e1 lugar en seis sedes de tres pa\u00edses entre el 29 de Noviembre y el 17 de Diciembre, la primera edici\u00f3n de la competici\u00f3n para se llevar\u00e1 a cabo en tres pa\u00edses diferentes. [&hellip;]<\/p>\n","protected":false},"author":23,"featured_media":3473,"comment_status":"open","ping_status":"open","sticky":false,"template":"","format":"standard","meta":{"footnotes":""},"categories":[3],"tags":[],"class_list":["post-3472","post","type-post","status-publish","format-standard","has-post-thumbnail","hentry","category-balonmano"],"yoast_head":"<!-- This site is optimized with the Yoast SEO plugin v27.4 - https:\/\/yoast.com\/product\/yoast-seo-wordpress\/ -->\n<title>Presentado el bal\u00f3n del Mundial Dinamarca, Noruega y Suecia 2023 - Derosca<\/title>\n<meta name=\"robots\" content=\"index, follow, max-snippet:-1, max-image-preview:large, max-video-preview:-1\" \/>\n<link rel=\"canonical\" href=\"https:\/\/www.cope.es\/blogs\/derosca\/2023\/10\/09\/presentado-el-balon-del-mundial-dinamarca-noruega-y-suecia-2023\/\" \/>\n<meta property=\"og:locale\" content=\"es_ES\" \/>\n<meta property=\"og:type\" content=\"article\" \/>\n<meta property=\"og:title\" content=\"Presentado el bal\u00f3n del Mundial Dinamarca, Noruega y Suecia 2023 - Derosca\" \/>\n<meta property=\"og:description\" content=\"El proveedor oficial de balones de la Federaci\u00f3n Internacional de Balonmano (IHF), ya present\u00f3 el bal\u00f3n oficial del 26 Mundial Femenino que tendr\u00e1 lugar en seis sedes de tres pa\u00edses entre el 29 de Noviembre y el 17 de Diciembre, la primera edici\u00f3n de la competici\u00f3n para se llevar\u00e1 a cabo en tres pa\u00edses diferentes. [&hellip;]\" \/>\n<meta property=\"og:url\" content=\"https:\/\/www.cope.es\/blogs\/derosca\/2023\/10\/09\/presentado-el-balon-del-mundial-dinamarca-noruega-y-suecia-2023\/\" \/>\n<meta property=\"og:site_name\" content=\"Derosca\" \/>\n<meta property=\"article:publisher\" content=\"https:\/\/www.facebook.com\/cope\/\" \/>\n<meta property=\"article:published_time\" content=\"2023-10-09T07:09:50+00:00\" \/>\n<meta property=\"og:image\" content=\"https:\/\/www.cope.es\/blogs\/derosca\/wp-content\/uploads\/sites\/22\/2023\/10\/balon.jpg\" \/>\n\t<meta property=\"og:image:width\" content=\"680\" \/>\n\t<meta property=\"og:image:height\" content=\"403\" \/>\n\t<meta property=\"og:image:type\" content=\"image\/jpeg\" \/>\n<meta name=\"author\" content=\"Luis Malvar\" \/>\n<meta name=\"twitter:card\" content=\"summary_large_image\" \/>\n<meta name=\"twitter:creator\" content=\"@cope_es\" \/>\n<meta name=\"twitter:site\" content=\"@cope_es\" \/>\n<meta name=\"twitter:label1\" content=\"Escrito por\" \/>\n\t<meta name=\"twitter:data1\" content=\"Luis Malvar\" \/>\n\t<meta name=\"twitter:label2\" content=\"Tiempo de lectura\" \/>\n\t<meta name=\"twitter:data2\" content=\"2 minutos\" \/>\n<script type=\"application\/ld+json\" class=\"yoast-schema-graph\">{\"@context\":\"https:\\\/\\\/schema.org\",\"@graph\":[{\"@type\":\"Article\",\"@id\":\"https:\\\/\\\/www.cope.es\\\/blogs\\\/derosca\\\/2023\\\/10\\\/09\\\/presentado-el-balon-del-mundial-dinamarca-noruega-y-suecia-2023\\\/#article\",\"isPartOf\":{\"@id\":\"https:\\\/\\\/www.cope.es\\\/blogs\\\/derosca\\\/2023\\\/10\\\/09\\\/presentado-el-balon-del-mundial-dinamarca-noruega-y-suecia-2023\\\/\"},\"author\":{\"name\":\"Luis Malvar\",\"@id\":\"https:\\\/\\\/www.cope.es\\\/blogs\\\/derosca\\\/#\\\/schema\\\/person\\\/02d6fa6fa8d8db60f83303875a4ff77f\"},\"headline\":\"Presentado el bal\u00f3n del Mundial Dinamarca, Noruega y Suecia 2023\",\"datePublished\":\"2023-10-09T07:09:50+00:00\",\"mainEntityOfPage\":{\"@id\":\"https:\\\/\\\/www.cope.es\\\/blogs\\\/derosca\\\/2023\\\/10\\\/09\\\/presentado-el-balon-del-mundial-dinamarca-noruega-y-suecia-2023\\\/\"},\"wordCount\":322,\"commentCount\":0,\"image\":{\"@id\":\"https:\\\/\\\/www.cope.es\\\/blogs\\\/derosca\\\/2023\\\/10\\\/09\\\/presentado-el-balon-del-mundial-dinamarca-noruega-y-suecia-2023\\\/#primaryimage\"},\"thumbnailUrl\":\"https:\\\/\\\/www.cope.es\\\/blogs\\\/derosca\\\/wp-content\\\/uploads\\\/sites\\\/22\\\/2023\\\/10\\\/balon.jpg\",\"articleSection\":[\"Balonmano\"],\"inLanguage\":\"es\",\"potentialAction\":[{\"@type\":\"CommentAction\",\"name\":\"Comment\",\"target\":[\"https:\\\/\\\/www.cope.es\\\/blogs\\\/derosca\\\/2023\\\/10\\\/09\\\/presentado-el-balon-del-mundial-dinamarca-noruega-y-suecia-2023\\\/#respond\"]}]},{\"@type\":\"WebPage\",\"@id\":\"https:\\\/\\\/www.cope.es\\\/blogs\\\/derosca\\\/2023\\\/10\\\/09\\\/presentado-el-balon-del-mundial-dinamarca-noruega-y-suecia-2023\\\/\",\"url\":\"https:\\\/\\\/www.cope.es\\\/blogs\\\/derosca\\\/2023\\\/10\\\/09\\\/presentado-el-balon-del-mundial-dinamarca-noruega-y-suecia-2023\\\/\",\"name\":\"Presentado el bal\u00f3n del Mundial Dinamarca, Noruega y Suecia 2023 - Derosca\",\"isPartOf\":{\"@id\":\"https:\\\/\\\/www.cope.es\\\/blogs\\\/derosca\\\/#website\"},\"primaryImageOfPage\":{\"@id\":\"https:\\\/\\\/www.cope.es\\\/blogs\\\/derosca\\\/2023\\\/10\\\/09\\\/presentado-el-balon-del-mundial-dinamarca-noruega-y-suecia-2023\\\/#primaryimage\"},\"image\":{\"@id\":\"https:\\\/\\\/www.cope.es\\\/blogs\\\/derosca\\\/2023\\\/10\\\/09\\\/presentado-el-balon-del-mundial-dinamarca-noruega-y-suecia-2023\\\/#primaryimage\"},\"thumbnailUrl\":\"https:\\\/\\\/www.cope.es\\\/blogs\\\/derosca\\\/wp-content\\\/uploads\\\/sites\\\/22\\\/2023\\\/10\\\/balon.jpg\",\"datePublished\":\"2023-10-09T07:09:50+00:00\",\"author\":{\"@id\":\"https:\\\/\\\/www.cope.es\\\/blogs\\\/derosca\\\/#\\\/schema\\\/person\\\/02d6fa6fa8d8db60f83303875a4ff77f\"},\"breadcrumb\":{\"@id\":\"https:\\\/\\\/www.cope.es\\\/blogs\\\/derosca\\\/2023\\\/10\\\/09\\\/presentado-el-balon-del-mundial-dinamarca-noruega-y-suecia-2023\\\/#breadcrumb\"},\"inLanguage\":\"es\",\"potentialAction\":[{\"@type\":\"ReadAction\",\"target\":[\"https:\\\/\\\/www.cope.es\\\/blogs\\\/derosca\\\/2023\\\/10\\\/09\\\/presentado-el-balon-del-mundial-dinamarca-noruega-y-suecia-2023\\\/\"]}]},{\"@type\":\"ImageObject\",\"inLanguage\":\"es\",\"@id\":\"https:\\\/\\\/www.cope.es\\\/blogs\\\/derosca\\\/2023\\\/10\\\/09\\\/presentado-el-balon-del-mundial-dinamarca-noruega-y-suecia-2023\\\/#primaryimage\",\"url\":\"https:\\\/\\\/www.cope.es\\\/blogs\\\/derosca\\\/wp-content\\\/uploads\\\/sites\\\/22\\\/2023\\\/10\\\/balon.jpg\",\"contentUrl\":\"https:\\\/\\\/www.cope.es\\\/blogs\\\/derosca\\\/wp-content\\\/uploads\\\/sites\\\/22\\\/2023\\\/10\\\/balon.jpg\",\"width\":680,\"height\":403,\"caption\":\"Presentado el bal\u00f3n del Mundial Dinamarca, Noruega y Suecia 2023\"},{\"@type\":\"BreadcrumbList\",\"@id\":\"https:\\\/\\\/www.cope.es\\\/blogs\\\/derosca\\\/2023\\\/10\\\/09\\\/presentado-el-balon-del-mundial-dinamarca-noruega-y-suecia-2023\\\/#breadcrumb\",\"itemListElement\":[{\"@type\":\"ListItem\",\"position\":1,\"name\":\"Portada\",\"item\":\"https:\\\/\\\/www.cope.es\\\/blogs\\\/derosca\\\/\"},{\"@type\":\"ListItem\",\"position\":2,\"name\":\"Presentado el bal\u00f3n del Mundial Dinamarca, Noruega y Suecia 2023\"}]},{\"@type\":\"WebSite\",\"@id\":\"https:\\\/\\\/www.cope.es\\\/blogs\\\/derosca\\\/#website\",\"url\":\"https:\\\/\\\/www.cope.es\\\/blogs\\\/derosca\\\/\",\"name\":\"Derosca\",\"description\":\"Blog de balonmano COPE\",\"potentialAction\":[{\"@type\":\"SearchAction\",\"target\":{\"@type\":\"EntryPoint\",\"urlTemplate\":\"https:\\\/\\\/www.cope.es\\\/blogs\\\/derosca\\\/?s={search_term_string}\"},\"query-input\":{\"@type\":\"PropertyValueSpecification\",\"valueRequired\":true,\"valueName\":\"search_term_string\"}}],\"inLanguage\":\"es\"},{\"@type\":\"Person\",\"@id\":\"https:\\\/\\\/www.cope.es\\\/blogs\\\/derosca\\\/#\\\/schema\\\/person\\\/02d6fa6fa8d8db60f83303875a4ff77f\",\"name\":\"Luis Malvar\",\"image\":{\"@type\":\"ImageObject\",\"inLanguage\":\"es\",\"@id\":\"https:\\\/\\\/secure.gravatar.com\\\/avatar\\\/23cd47dec2904689b3ccd32d1dd3e86c7cbf60dcf7376c68854f761a4939534f?s=96&d=mm&r=g\",\"url\":\"https:\\\/\\\/secure.gravatar.com\\\/avatar\\\/23cd47dec2904689b3ccd32d1dd3e86c7cbf60dcf7376c68854f761a4939534f?s=96&d=mm&r=g\",\"contentUrl\":\"https:\\\/\\\/secure.gravatar.com\\\/avatar\\\/23cd47dec2904689b3ccd32d1dd3e86c7cbf60dcf7376c68854f761a4939534f?s=96&d=mm&r=g\",\"caption\":\"Luis Malvar\"},\"description\":\"Comenc\u00e9 la andadura del Blog Derosca all\u00e1 por el 22 de Mayo de 2008. Un blog en el que se trata de llevar a los numerosos aficionados y amantes del mundo del balonmano toda la actualidad de nuestro apasionante deporte. Una ventana que sirve para dar luz a las innumerables noticias que genera el balonmano y que habitualmente no tienen reflejo en los medios de comunicaci\u00f3n. Sin lugar a dudas el Blog Derosca cuenta con un apartado que tiene a gala contar con miles de seguidores como es \u201cMis Pajaritos\u201d en donde se relatan y narran todas las intrahistorias que se generan en el balonmano espa\u00f1ol y que incomoda a m\u00e1s de uno que salgan a la luz.!Gracias por seguirnos durante todos estos a\u00f1os\u00a1\",\"sameAs\":[\"http:\\\/\\\/www.cope.es\",\"lmalvar\"],\"url\":\"https:\\\/\\\/www.cope.es\\\/blogs\\\/derosca\\\/author\\\/lmalvar\\\/\"}]}<\/script>\n<!-- \/ Yoast SEO plugin. -->","yoast_head_json":{"title":"Presentado el bal\u00f3n del Mundial Dinamarca, Noruega y Suecia 2023 - Derosca","robots":{"index":"index","follow":"follow","max-snippet":"max-snippet:-1","max-image-preview":"max-image-preview:large","max-video-preview":"max-video-preview:-1"},"canonical":"https:\/\/www.cope.es\/blogs\/derosca\/2023\/10\/09\/presentado-el-balon-del-mundial-dinamarca-noruega-y-suecia-2023\/","og_locale":"es_ES","og_type":"article","og_title":"Presentado el bal\u00f3n del Mundial Dinamarca, Noruega y Suecia 2023 - Derosca","og_description":"El proveedor oficial de balones de la Federaci\u00f3n Internacional de Balonmano (IHF), ya present\u00f3 el bal\u00f3n oficial del 26 Mundial Femenino que tendr\u00e1 lugar en seis sedes de tres pa\u00edses entre el 29 de Noviembre y el 17 de Diciembre, la primera edici\u00f3n de la competici\u00f3n para se llevar\u00e1 a cabo en tres pa\u00edses diferentes. [&hellip;]","og_url":"https:\/\/www.cope.es\/blogs\/derosca\/2023\/10\/09\/presentado-el-balon-del-mundial-dinamarca-noruega-y-suecia-2023\/","og_site_name":"Derosca","article_publisher":"https:\/\/www.facebook.com\/cope\/","article_published_time":"2023-10-09T07:09:50+00:00","og_image":[{"width":680,"height":403,"url":"https:\/\/www.cope.es\/blogs\/derosca\/wp-content\/uploads\/sites\/22\/2023\/10\/balon.jpg","type":"image\/jpeg"}],"author":"Luis Malvar","twitter_card":"summary_large_image","twitter_creator":"@cope_es","twitter_site":"@cope_es","twitter_misc":{"Escrito por":"Luis Malvar","Tiempo de lectura":"2 minutos"},"schema":{"@context":"https:\/\/schema.org","@graph":[{"@type":"Article","@id":"https:\/\/www.cope.es\/blogs\/derosca\/2023\/10\/09\/presentado-el-balon-del-mundial-dinamarca-noruega-y-suecia-2023\/#article","isPartOf":{"@id":"https:\/\/www.cope.es\/blogs\/derosca\/2023\/10\/09\/presentado-el-balon-del-mundial-dinamarca-noruega-y-suecia-2023\/"},"author":{"name":"Luis Malvar","@id":"https:\/\/www.cope.es\/blogs\/derosca\/#\/schema\/person\/02d6fa6fa8d8db60f83303875a4ff77f"},"headline":"Presentado el bal\u00f3n del Mundial Dinamarca, Noruega y Suecia 2023","datePublished":"2023-10-09T07:09:50+00:00","mainEntityOfPage":{"@id":"https:\/\/www.cope.es\/blogs\/derosca\/2023\/10\/09\/presentado-el-balon-del-mundial-dinamarca-noruega-y-suecia-2023\/"},"wordCount":322,"commentCount":0,"image":{"@id":"https:\/\/www.cope.es\/blogs\/derosca\/2023\/10\/09\/presentado-el-balon-del-mundial-dinamarca-noruega-y-suecia-2023\/#primaryimage"},"thumbnailUrl":"https:\/\/www.cope.es\/blogs\/derosca\/wp-content\/uploads\/sites\/22\/2023\/10\/balon.jpg","articleSection":["Balonmano"],"inLanguage":"es","potentialAction":[{"@type":"CommentAction","name":"Comment","target":["https:\/\/www.cope.es\/blogs\/derosca\/2023\/10\/09\/presentado-el-balon-del-mundial-dinamarca-noruega-y-suecia-2023\/#respond"]}]},{"@type":"WebPage","@id":"https:\/\/www.cope.es\/blogs\/derosca\/2023\/10\/09\/presentado-el-balon-del-mundial-dinamarca-noruega-y-suecia-2023\/","url":"https:\/\/www.cope.es\/blogs\/derosca\/2023\/10\/09\/presentado-el-balon-del-mundial-dinamarca-noruega-y-suecia-2023\/","name":"Presentado el bal\u00f3n del Mundial Dinamarca, Noruega y Suecia 2023 - Derosca","isPartOf":{"@id":"https:\/\/www.cope.es\/blogs\/derosca\/#website"},"primaryImageOfPage":{"@id":"https:\/\/www.cope.es\/blogs\/derosca\/2023\/10\/09\/presentado-el-balon-del-mundial-dinamarca-noruega-y-suecia-2023\/#primaryimage"},"image":{"@id":"https:\/\/www.cope.es\/blogs\/derosca\/2023\/10\/09\/presentado-el-balon-del-mundial-dinamarca-noruega-y-suecia-2023\/#primaryimage"},"thumbnailUrl":"https:\/\/www.cope.es\/blogs\/derosca\/wp-content\/uploads\/sites\/22\/2023\/10\/balon.jpg","datePublished":"2023-10-09T07:09:50+00:00","author":{"@id":"https:\/\/www.cope.es\/blogs\/derosca\/#\/schema\/person\/02d6fa6fa8d8db60f83303875a4ff77f"},"breadcrumb":{"@id":"https:\/\/www.cope.es\/blogs\/derosca\/2023\/10\/09\/presentado-el-balon-del-mundial-dinamarca-noruega-y-suecia-2023\/#breadcrumb"},"inLanguage":"es","potentialAction":[{"@type":"ReadAction","target":["https:\/\/www.cope.es\/blogs\/derosca\/2023\/10\/09\/presentado-el-balon-del-mundial-dinamarca-noruega-y-suecia-2023\/"]}]},{"@type":"ImageObject","inLanguage":"es","@id":"https:\/\/www.cope.es\/blogs\/derosca\/2023\/10\/09\/presentado-el-balon-del-mundial-dinamarca-noruega-y-suecia-2023\/#primaryimage","url":"https:\/\/www.cope.es\/blogs\/derosca\/wp-content\/uploads\/sites\/22\/2023\/10\/balon.jpg","contentUrl":"https:\/\/www.cope.es\/blogs\/derosca\/wp-content\/uploads\/sites\/22\/2023\/10\/balon.jpg","width":680,"height":403,"caption":"Presentado el bal\u00f3n del Mundial Dinamarca, Noruega y Suecia 2023"},{"@type":"BreadcrumbList","@id":"https:\/\/www.cope.es\/blogs\/derosca\/2023\/10\/09\/presentado-el-balon-del-mundial-dinamarca-noruega-y-suecia-2023\/#breadcrumb","itemListElement":[{"@type":"ListItem","position":1,"name":"Portada","item":"https:\/\/www.cope.es\/blogs\/derosca\/"},{"@type":"ListItem","position":2,"name":"Presentado el bal\u00f3n del Mundial Dinamarca, Noruega y Suecia 2023"}]},{"@type":"WebSite","@id":"https:\/\/www.cope.es\/blogs\/derosca\/#website","url":"https:\/\/www.cope.es\/blogs\/derosca\/","name":"Derosca","description":"Blog de balonmano COPE","potentialAction":[{"@type":"SearchAction","target":{"@type":"EntryPoint","urlTemplate":"https:\/\/www.cope.es\/blogs\/derosca\/?s={search_term_string}"},"query-input":{"@type":"PropertyValueSpecification","valueRequired":true,"valueName":"search_term_string"}}],"inLanguage":"es"},{"@type":"Person","@id":"https:\/\/www.cope.es\/blogs\/derosca\/#\/schema\/person\/02d6fa6fa8d8db60f83303875a4ff77f","name":"Luis Malvar","image":{"@type":"ImageObject","inLanguage":"es","@id":"https:\/\/secure.gravatar.com\/avatar\/23cd47dec2904689b3ccd32d1dd3e86c7cbf60dcf7376c68854f761a4939534f?s=96&d=mm&r=g","url":"https:\/\/secure.gravatar.com\/avatar\/23cd47dec2904689b3ccd32d1dd3e86c7cbf60dcf7376c68854f761a4939534f?s=96&d=mm&r=g","contentUrl":"https:\/\/secure.gravatar.com\/avatar\/23cd47dec2904689b3ccd32d1dd3e86c7cbf60dcf7376c68854f761a4939534f?s=96&d=mm&r=g","caption":"Luis Malvar"},"description":"Comenc\u00e9 la andadura del Blog Derosca all\u00e1 por el 22 de Mayo de 2008. Un blog en el que se trata de llevar a los numerosos aficionados y amantes del mundo del balonmano toda la actualidad de nuestro apasionante deporte. Una ventana que sirve para dar luz a las innumerables noticias que genera el balonmano y que habitualmente no tienen reflejo en los medios de comunicaci\u00f3n. Sin lugar a dudas el Blog Derosca cuenta con un apartado que tiene a gala contar con miles de seguidores como es \u201cMis Pajaritos\u201d en donde se relatan y narran todas las intrahistorias que se generan en el balonmano espa\u00f1ol y que incomoda a m\u00e1s de uno que salgan a la luz.!Gracias por seguirnos durante todos estos a\u00f1os\u00a1","sameAs":["http:\/\/www.cope.es","lmalvar"],"url":"https:\/\/www.cope.es\/blogs\/derosca\/author\/lmalvar\/"}]}},"amp_enabled":true,"_links":{"self":[{"href":"https:\/\/www.cope.es\/blogs\/derosca\/wp-json\/wp\/v2\/posts\/3472","targetHints":{"allow":["GET"]}}],"collection":[{"href":"https:\/\/www.cope.es\/blogs\/derosca\/wp-json\/wp\/v2\/posts"}],"about":[{"href":"https:\/\/www.cope.es\/blogs\/derosca\/wp-json\/wp\/v2\/types\/post"}],"author":[{"embeddable":true,"href":"https:\/\/www.cope.es\/blogs\/derosca\/wp-json\/wp\/v2\/users\/23"}],"replies":[{"embeddable":true,"href":"https:\/\/www.cope.es\/blogs\/derosca\/wp-json\/wp\/v2\/comments?post=3472"}],"version-history":[{"count":1,"href":"https:\/\/www.cope.es\/blogs\/derosca\/wp-json\/wp\/v2\/posts\/3472\/revisions"}],"predecessor-version":[{"id":3474,"href":"https:\/\/www.cope.es\/blogs\/derosca\/wp-json\/wp\/v2\/posts\/3472\/revisions\/3474"}],"wp:featuredmedia":[{"embeddable":true,"href":"https:\/\/www.cope.es\/blogs\/derosca\/wp-json\/wp\/v2\/media\/3473"}],"wp:attachment":[{"href":"https:\/\/www.cope.es\/blogs\/derosca\/wp-json\/wp\/v2\/media?parent=3472"}],"wp:term":[{"taxonomy":"category","embeddable":true,"href":"https:\/\/www.cope.es\/blogs\/derosca\/wp-json\/wp\/v2\/categories?post=3472"},{"taxonomy":"post_tag","embeddable":true,"href":"https:\/\/www.cope.es\/blogs\/derosca\/wp-json\/wp\/v2\/tags?post=3472"}],"curies":[{"name":"wp","href":"https:\/\/api.w.org\/{rel}","templated":true}]}}