{"id":3460,"date":"2023-10-02T09:18:43","date_gmt":"2023-10-02T07:18:43","guid":{"rendered":"http:\/\/www.cope.es\/blogs\/derosca\/?p=3460"},"modified":"2023-10-02T09:18:43","modified_gmt":"2023-10-02T07:18:43","slug":"el-padre-de-simon-pytlick-abandona-el-mundo-balonmano-para-ser-entrenador-mental","status":"publish","type":"post","link":"https:\/\/www.cope.es\/blogs\/derosca\/2023\/10\/02\/el-padre-de-simon-pytlick-abandona-el-mundo-balonmano-para-ser-entrenador-mental\/","title":{"rendered":"El padre de Simon Pytlick abandona el mundo balonmano para ser entrenador mental"},"content":{"rendered":"<p><span style=\"color: #111111\"><span style=\"font-family: Arial, sans-serif\"><span style=\"font-size: medium\">Jan Pytlick ha finalizado su periplo por el mundo del balonmano y se ha embarcado en un nuevo proyecto profesional. El Ex seleccionador dan\u00e9s y<\/span><\/span><\/span><span style=\"color: #111111\"><span style=\"font-family: Arial, sans-serif\"><span style=\"font-size: medium\"> padre del jugador de defensa del Flensburgo, Simon Pytlick, seguir\u00e1 trabajando con la gente y motiv\u00e1ndola como entrenador mental en un taller de carpinter\u00eda y ebanister\u00eda.<\/span><\/span><\/span><\/p>\n<p><span style=\"color: #111111\"><span style=\"font-family: Arial, sans-serif\"><span style=\"font-size: medium\">Jan Pytlick que fuera entrenador en su d\u00e7ia del conjunto del GOG, tres veces durante su activa carrera como entrenador (de 1991 a 1995, de 1997 a 1998 y de 2006 a 2007). Su \u00faltima etapa en el gran club dan\u00e9s se vio interrumpida durante un a\u00f1o por su compromiso como entrenador de la selecci\u00f3n femenina danesa. Fue su entrenador Pytlick desde el a\u00f1o 1998 hasta el 2006 y nuevamente desde el 2007 al 2014.<\/p>\n<p>Sigui\u00f3 en otros puestos como en Odense y S\u00f8nderjyskE antes de que Pytlick asumiera el cargo de seleccionador nacional de Arabia Saudita en el a\u00f1o 2022. Renunci\u00f3 all\u00ed en la primavera del 2023. Ahora no vuelve al balonmano, sino que da un salto a otra \u00e1rea como entrenador mental en S. Guldfeldt Nielsen, un taller de carpinter\u00eda y ebanister\u00eda.<br \/>\n<\/span><\/span><\/span><br \/>\n<span style=\"color: #111111\"><span style=\"font-family: Arial, sans-serif\"><span style=\"font-size: medium\">El propio Pytlick ha comentado que despu\u00e9s de tanto tiempo como entrenador, s\u00f3lo quiere probar algo nuevo antes de ser mayor. Por supuesto que es divertido ganar partidos, pero para \u00e9l fue trabajar con gente lo que realmente me dio energ\u00eda y que lo buscar\u00e1 con unos 300 empleados en su nueva aventura profesional.<\/p>\n<p>Sobre su trabajo dice que la mayor parte del tiempo hablas con personas individualmente o en grupos. Tiene muchas herramientas que puede utilizar, formas de cambiar las cosas, de crear el esp\u00edritu y los valores adecuados. En la empresa en la que va a desarrollar su labor profesional ya ha empezado a trabajar el pasado 1 de Septiembre a sus 56 a\u00f1os.<\/span><\/span><\/span><\/p>\n<p><span style=\"color: #666666\"><span style=\"font-family: Arial, sans-serif\"><span style=\"font-size: medium\">Seguirnos en twitter: <\/span><\/span><\/span><span style=\"color: #000080\"><span><u><a href=\"https:\/\/twitter.com\/#!\/deroscacope\"><span style=\"color: #0000ff\"><span style=\"font-family: Arial, sans-serif\"><span style=\"font-size: medium\">https:\/\/twitter.com\/#!\/deroscacope<\/span><\/span><\/span><\/a><\/u><\/span><\/span><\/p>\n","protected":false},"excerpt":{"rendered":"<p>Jan Pytlick ha finalizado su periplo por el mundo del balonmano y se ha embarcado en un nuevo proyecto profesional. El Ex seleccionador dan\u00e9s y padre del jugador de defensa del Flensburgo, Simon Pytlick, seguir\u00e1 trabajando con la gente y motiv\u00e1ndola como entrenador mental en un taller de carpinter\u00eda y ebanister\u00eda. Jan Pytlick que fuera [&hellip;]<\/p>\n","protected":false},"author":23,"featured_media":3461,"comment_status":"open","ping_status":"open","sticky":false,"template":"","format":"standard","meta":{"footnotes":""},"categories":[3],"tags":[],"class_list":["post-3460","post","type-post","status-publish","format-standard","has-post-thumbnail","hentry","category-balonmano"],"yoast_head":"<!-- This site is optimized with the Yoast SEO plugin v27.4 - https:\/\/yoast.com\/product\/yoast-seo-wordpress\/ -->\n<title>El padre de Simon Pytlick abandona el mundo balonmano para ser entrenador mental - Derosca<\/title>\n<meta name=\"robots\" content=\"index, follow, max-snippet:-1, max-image-preview:large, max-video-preview:-1\" \/>\n<link rel=\"canonical\" href=\"https:\/\/www.cope.es\/blogs\/derosca\/2023\/10\/02\/el-padre-de-simon-pytlick-abandona-el-mundo-balonmano-para-ser-entrenador-mental\/\" \/>\n<meta property=\"og:locale\" content=\"es_ES\" \/>\n<meta property=\"og:type\" content=\"article\" \/>\n<meta property=\"og:title\" content=\"El padre de Simon Pytlick abandona el mundo balonmano para ser entrenador mental - Derosca\" \/>\n<meta property=\"og:description\" content=\"Jan Pytlick ha finalizado su periplo por el mundo del balonmano y se ha embarcado en un nuevo proyecto profesional. El Ex seleccionador dan\u00e9s y padre del jugador de defensa del Flensburgo, Simon Pytlick, seguir\u00e1 trabajando con la gente y motiv\u00e1ndola como entrenador mental en un taller de carpinter\u00eda y ebanister\u00eda. Jan Pytlick que fuera [&hellip;]\" \/>\n<meta property=\"og:url\" content=\"https:\/\/www.cope.es\/blogs\/derosca\/2023\/10\/02\/el-padre-de-simon-pytlick-abandona-el-mundo-balonmano-para-ser-entrenador-mental\/\" \/>\n<meta property=\"og:site_name\" content=\"Derosca\" \/>\n<meta property=\"article:publisher\" content=\"https:\/\/www.facebook.com\/cope\/\" \/>\n<meta property=\"article:published_time\" content=\"2023-10-02T07:18:43+00:00\" \/>\n<meta property=\"og:image\" content=\"https:\/\/www.cope.es\/blogs\/derosca\/wp-content\/uploads\/sites\/22\/2023\/10\/B06KNtsIUAAFgb1.jpg\" \/>\n\t<meta property=\"og:image:width\" content=\"680\" \/>\n\t<meta property=\"og:image:height\" content=\"293\" \/>\n\t<meta property=\"og:image:type\" content=\"image\/jpeg\" \/>\n<meta name=\"author\" content=\"Luis Malvar\" \/>\n<meta name=\"twitter:card\" content=\"summary_large_image\" \/>\n<meta name=\"twitter:creator\" content=\"@cope_es\" \/>\n<meta name=\"twitter:site\" content=\"@cope_es\" \/>\n<meta name=\"twitter:label1\" content=\"Escrito por\" \/>\n\t<meta name=\"twitter:data1\" content=\"Luis Malvar\" \/>\n\t<meta name=\"twitter:label2\" content=\"Tiempo de lectura\" \/>\n\t<meta name=\"twitter:data2\" content=\"2 minutos\" \/>\n<script type=\"application\/ld+json\" class=\"yoast-schema-graph\">{\"@context\":\"https:\\\/\\\/schema.org\",\"@graph\":[{\"@type\":\"Article\",\"@id\":\"https:\\\/\\\/www.cope.es\\\/blogs\\\/derosca\\\/2023\\\/10\\\/02\\\/el-padre-de-simon-pytlick-abandona-el-mundo-balonmano-para-ser-entrenador-mental\\\/#article\",\"isPartOf\":{\"@id\":\"https:\\\/\\\/www.cope.es\\\/blogs\\\/derosca\\\/2023\\\/10\\\/02\\\/el-padre-de-simon-pytlick-abandona-el-mundo-balonmano-para-ser-entrenador-mental\\\/\"},\"author\":{\"name\":\"Luis Malvar\",\"@id\":\"https:\\\/\\\/www.cope.es\\\/blogs\\\/derosca\\\/#\\\/schema\\\/person\\\/02d6fa6fa8d8db60f83303875a4ff77f\"},\"headline\":\"El padre de Simon Pytlick abandona el mundo balonmano para ser entrenador mental\",\"datePublished\":\"2023-10-02T07:18:43+00:00\",\"mainEntityOfPage\":{\"@id\":\"https:\\\/\\\/www.cope.es\\\/blogs\\\/derosca\\\/2023\\\/10\\\/02\\\/el-padre-de-simon-pytlick-abandona-el-mundo-balonmano-para-ser-entrenador-mental\\\/\"},\"wordCount\":324,\"commentCount\":0,\"image\":{\"@id\":\"https:\\\/\\\/www.cope.es\\\/blogs\\\/derosca\\\/2023\\\/10\\\/02\\\/el-padre-de-simon-pytlick-abandona-el-mundo-balonmano-para-ser-entrenador-mental\\\/#primaryimage\"},\"thumbnailUrl\":\"https:\\\/\\\/www.cope.es\\\/blogs\\\/derosca\\\/wp-content\\\/uploads\\\/sites\\\/22\\\/2023\\\/10\\\/B06KNtsIUAAFgb1.jpg\",\"articleSection\":[\"Balonmano\"],\"inLanguage\":\"es\",\"potentialAction\":[{\"@type\":\"CommentAction\",\"name\":\"Comment\",\"target\":[\"https:\\\/\\\/www.cope.es\\\/blogs\\\/derosca\\\/2023\\\/10\\\/02\\\/el-padre-de-simon-pytlick-abandona-el-mundo-balonmano-para-ser-entrenador-mental\\\/#respond\"]}]},{\"@type\":\"WebPage\",\"@id\":\"https:\\\/\\\/www.cope.es\\\/blogs\\\/derosca\\\/2023\\\/10\\\/02\\\/el-padre-de-simon-pytlick-abandona-el-mundo-balonmano-para-ser-entrenador-mental\\\/\",\"url\":\"https:\\\/\\\/www.cope.es\\\/blogs\\\/derosca\\\/2023\\\/10\\\/02\\\/el-padre-de-simon-pytlick-abandona-el-mundo-balonmano-para-ser-entrenador-mental\\\/\",\"name\":\"El padre de Simon Pytlick abandona el mundo balonmano para ser entrenador mental - Derosca\",\"isPartOf\":{\"@id\":\"https:\\\/\\\/www.cope.es\\\/blogs\\\/derosca\\\/#website\"},\"primaryImageOfPage\":{\"@id\":\"https:\\\/\\\/www.cope.es\\\/blogs\\\/derosca\\\/2023\\\/10\\\/02\\\/el-padre-de-simon-pytlick-abandona-el-mundo-balonmano-para-ser-entrenador-mental\\\/#primaryimage\"},\"image\":{\"@id\":\"https:\\\/\\\/www.cope.es\\\/blogs\\\/derosca\\\/2023\\\/10\\\/02\\\/el-padre-de-simon-pytlick-abandona-el-mundo-balonmano-para-ser-entrenador-mental\\\/#primaryimage\"},\"thumbnailUrl\":\"https:\\\/\\\/www.cope.es\\\/blogs\\\/derosca\\\/wp-content\\\/uploads\\\/sites\\\/22\\\/2023\\\/10\\\/B06KNtsIUAAFgb1.jpg\",\"datePublished\":\"2023-10-02T07:18:43+00:00\",\"author\":{\"@id\":\"https:\\\/\\\/www.cope.es\\\/blogs\\\/derosca\\\/#\\\/schema\\\/person\\\/02d6fa6fa8d8db60f83303875a4ff77f\"},\"breadcrumb\":{\"@id\":\"https:\\\/\\\/www.cope.es\\\/blogs\\\/derosca\\\/2023\\\/10\\\/02\\\/el-padre-de-simon-pytlick-abandona-el-mundo-balonmano-para-ser-entrenador-mental\\\/#breadcrumb\"},\"inLanguage\":\"es\",\"potentialAction\":[{\"@type\":\"ReadAction\",\"target\":[\"https:\\\/\\\/www.cope.es\\\/blogs\\\/derosca\\\/2023\\\/10\\\/02\\\/el-padre-de-simon-pytlick-abandona-el-mundo-balonmano-para-ser-entrenador-mental\\\/\"]}]},{\"@type\":\"ImageObject\",\"inLanguage\":\"es\",\"@id\":\"https:\\\/\\\/www.cope.es\\\/blogs\\\/derosca\\\/2023\\\/10\\\/02\\\/el-padre-de-simon-pytlick-abandona-el-mundo-balonmano-para-ser-entrenador-mental\\\/#primaryimage\",\"url\":\"https:\\\/\\\/www.cope.es\\\/blogs\\\/derosca\\\/wp-content\\\/uploads\\\/sites\\\/22\\\/2023\\\/10\\\/B06KNtsIUAAFgb1.jpg\",\"contentUrl\":\"https:\\\/\\\/www.cope.es\\\/blogs\\\/derosca\\\/wp-content\\\/uploads\\\/sites\\\/22\\\/2023\\\/10\\\/B06KNtsIUAAFgb1.jpg\",\"width\":680,\"height\":293,\"caption\":\"El padre de Simon Pytlick abandona el mundo balonmano para ser entrenador mental\"},{\"@type\":\"BreadcrumbList\",\"@id\":\"https:\\\/\\\/www.cope.es\\\/blogs\\\/derosca\\\/2023\\\/10\\\/02\\\/el-padre-de-simon-pytlick-abandona-el-mundo-balonmano-para-ser-entrenador-mental\\\/#breadcrumb\",\"itemListElement\":[{\"@type\":\"ListItem\",\"position\":1,\"name\":\"Portada\",\"item\":\"https:\\\/\\\/www.cope.es\\\/blogs\\\/derosca\\\/\"},{\"@type\":\"ListItem\",\"position\":2,\"name\":\"El padre de Simon Pytlick abandona el mundo balonmano para ser entrenador mental\"}]},{\"@type\":\"WebSite\",\"@id\":\"https:\\\/\\\/www.cope.es\\\/blogs\\\/derosca\\\/#website\",\"url\":\"https:\\\/\\\/www.cope.es\\\/blogs\\\/derosca\\\/\",\"name\":\"Derosca\",\"description\":\"Blog de balonmano COPE\",\"potentialAction\":[{\"@type\":\"SearchAction\",\"target\":{\"@type\":\"EntryPoint\",\"urlTemplate\":\"https:\\\/\\\/www.cope.es\\\/blogs\\\/derosca\\\/?s={search_term_string}\"},\"query-input\":{\"@type\":\"PropertyValueSpecification\",\"valueRequired\":true,\"valueName\":\"search_term_string\"}}],\"inLanguage\":\"es\"},{\"@type\":\"Person\",\"@id\":\"https:\\\/\\\/www.cope.es\\\/blogs\\\/derosca\\\/#\\\/schema\\\/person\\\/02d6fa6fa8d8db60f83303875a4ff77f\",\"name\":\"Luis Malvar\",\"image\":{\"@type\":\"ImageObject\",\"inLanguage\":\"es\",\"@id\":\"https:\\\/\\\/secure.gravatar.com\\\/avatar\\\/23cd47dec2904689b3ccd32d1dd3e86c7cbf60dcf7376c68854f761a4939534f?s=96&d=mm&r=g\",\"url\":\"https:\\\/\\\/secure.gravatar.com\\\/avatar\\\/23cd47dec2904689b3ccd32d1dd3e86c7cbf60dcf7376c68854f761a4939534f?s=96&d=mm&r=g\",\"contentUrl\":\"https:\\\/\\\/secure.gravatar.com\\\/avatar\\\/23cd47dec2904689b3ccd32d1dd3e86c7cbf60dcf7376c68854f761a4939534f?s=96&d=mm&r=g\",\"caption\":\"Luis Malvar\"},\"description\":\"Comenc\u00e9 la andadura del Blog Derosca all\u00e1 por el 22 de Mayo de 2008. Un blog en el que se trata de llevar a los numerosos aficionados y amantes del mundo del balonmano toda la actualidad de nuestro apasionante deporte. Una ventana que sirve para dar luz a las innumerables noticias que genera el balonmano y que habitualmente no tienen reflejo en los medios de comunicaci\u00f3n. Sin lugar a dudas el Blog Derosca cuenta con un apartado que tiene a gala contar con miles de seguidores como es \u201cMis Pajaritos\u201d en donde se relatan y narran todas las intrahistorias que se generan en el balonmano espa\u00f1ol y que incomoda a m\u00e1s de uno que salgan a la luz.!Gracias por seguirnos durante todos estos a\u00f1os\u00a1\",\"sameAs\":[\"http:\\\/\\\/www.cope.es\",\"lmalvar\"],\"url\":\"https:\\\/\\\/www.cope.es\\\/blogs\\\/derosca\\\/author\\\/lmalvar\\\/\"}]}<\/script>\n<!-- \/ Yoast SEO plugin. -->","yoast_head_json":{"title":"El padre de Simon Pytlick abandona el mundo balonmano para ser entrenador mental - Derosca","robots":{"index":"index","follow":"follow","max-snippet":"max-snippet:-1","max-image-preview":"max-image-preview:large","max-video-preview":"max-video-preview:-1"},"canonical":"https:\/\/www.cope.es\/blogs\/derosca\/2023\/10\/02\/el-padre-de-simon-pytlick-abandona-el-mundo-balonmano-para-ser-entrenador-mental\/","og_locale":"es_ES","og_type":"article","og_title":"El padre de Simon Pytlick abandona el mundo balonmano para ser entrenador mental - Derosca","og_description":"Jan Pytlick ha finalizado su periplo por el mundo del balonmano y se ha embarcado en un nuevo proyecto profesional. El Ex seleccionador dan\u00e9s y padre del jugador de defensa del Flensburgo, Simon Pytlick, seguir\u00e1 trabajando con la gente y motiv\u00e1ndola como entrenador mental en un taller de carpinter\u00eda y ebanister\u00eda. Jan Pytlick que fuera [&hellip;]","og_url":"https:\/\/www.cope.es\/blogs\/derosca\/2023\/10\/02\/el-padre-de-simon-pytlick-abandona-el-mundo-balonmano-para-ser-entrenador-mental\/","og_site_name":"Derosca","article_publisher":"https:\/\/www.facebook.com\/cope\/","article_published_time":"2023-10-02T07:18:43+00:00","og_image":[{"width":680,"height":293,"url":"https:\/\/www.cope.es\/blogs\/derosca\/wp-content\/uploads\/sites\/22\/2023\/10\/B06KNtsIUAAFgb1.jpg","type":"image\/jpeg"}],"author":"Luis Malvar","twitter_card":"summary_large_image","twitter_creator":"@cope_es","twitter_site":"@cope_es","twitter_misc":{"Escrito por":"Luis Malvar","Tiempo de lectura":"2 minutos"},"schema":{"@context":"https:\/\/schema.org","@graph":[{"@type":"Article","@id":"https:\/\/www.cope.es\/blogs\/derosca\/2023\/10\/02\/el-padre-de-simon-pytlick-abandona-el-mundo-balonmano-para-ser-entrenador-mental\/#article","isPartOf":{"@id":"https:\/\/www.cope.es\/blogs\/derosca\/2023\/10\/02\/el-padre-de-simon-pytlick-abandona-el-mundo-balonmano-para-ser-entrenador-mental\/"},"author":{"name":"Luis Malvar","@id":"https:\/\/www.cope.es\/blogs\/derosca\/#\/schema\/person\/02d6fa6fa8d8db60f83303875a4ff77f"},"headline":"El padre de Simon Pytlick abandona el mundo balonmano para ser entrenador mental","datePublished":"2023-10-02T07:18:43+00:00","mainEntityOfPage":{"@id":"https:\/\/www.cope.es\/blogs\/derosca\/2023\/10\/02\/el-padre-de-simon-pytlick-abandona-el-mundo-balonmano-para-ser-entrenador-mental\/"},"wordCount":324,"commentCount":0,"image":{"@id":"https:\/\/www.cope.es\/blogs\/derosca\/2023\/10\/02\/el-padre-de-simon-pytlick-abandona-el-mundo-balonmano-para-ser-entrenador-mental\/#primaryimage"},"thumbnailUrl":"https:\/\/www.cope.es\/blogs\/derosca\/wp-content\/uploads\/sites\/22\/2023\/10\/B06KNtsIUAAFgb1.jpg","articleSection":["Balonmano"],"inLanguage":"es","potentialAction":[{"@type":"CommentAction","name":"Comment","target":["https:\/\/www.cope.es\/blogs\/derosca\/2023\/10\/02\/el-padre-de-simon-pytlick-abandona-el-mundo-balonmano-para-ser-entrenador-mental\/#respond"]}]},{"@type":"WebPage","@id":"https:\/\/www.cope.es\/blogs\/derosca\/2023\/10\/02\/el-padre-de-simon-pytlick-abandona-el-mundo-balonmano-para-ser-entrenador-mental\/","url":"https:\/\/www.cope.es\/blogs\/derosca\/2023\/10\/02\/el-padre-de-simon-pytlick-abandona-el-mundo-balonmano-para-ser-entrenador-mental\/","name":"El padre de Simon Pytlick abandona el mundo balonmano para ser entrenador mental - Derosca","isPartOf":{"@id":"https:\/\/www.cope.es\/blogs\/derosca\/#website"},"primaryImageOfPage":{"@id":"https:\/\/www.cope.es\/blogs\/derosca\/2023\/10\/02\/el-padre-de-simon-pytlick-abandona-el-mundo-balonmano-para-ser-entrenador-mental\/#primaryimage"},"image":{"@id":"https:\/\/www.cope.es\/blogs\/derosca\/2023\/10\/02\/el-padre-de-simon-pytlick-abandona-el-mundo-balonmano-para-ser-entrenador-mental\/#primaryimage"},"thumbnailUrl":"https:\/\/www.cope.es\/blogs\/derosca\/wp-content\/uploads\/sites\/22\/2023\/10\/B06KNtsIUAAFgb1.jpg","datePublished":"2023-10-02T07:18:43+00:00","author":{"@id":"https:\/\/www.cope.es\/blogs\/derosca\/#\/schema\/person\/02d6fa6fa8d8db60f83303875a4ff77f"},"breadcrumb":{"@id":"https:\/\/www.cope.es\/blogs\/derosca\/2023\/10\/02\/el-padre-de-simon-pytlick-abandona-el-mundo-balonmano-para-ser-entrenador-mental\/#breadcrumb"},"inLanguage":"es","potentialAction":[{"@type":"ReadAction","target":["https:\/\/www.cope.es\/blogs\/derosca\/2023\/10\/02\/el-padre-de-simon-pytlick-abandona-el-mundo-balonmano-para-ser-entrenador-mental\/"]}]},{"@type":"ImageObject","inLanguage":"es","@id":"https:\/\/www.cope.es\/blogs\/derosca\/2023\/10\/02\/el-padre-de-simon-pytlick-abandona-el-mundo-balonmano-para-ser-entrenador-mental\/#primaryimage","url":"https:\/\/www.cope.es\/blogs\/derosca\/wp-content\/uploads\/sites\/22\/2023\/10\/B06KNtsIUAAFgb1.jpg","contentUrl":"https:\/\/www.cope.es\/blogs\/derosca\/wp-content\/uploads\/sites\/22\/2023\/10\/B06KNtsIUAAFgb1.jpg","width":680,"height":293,"caption":"El padre de Simon Pytlick abandona el mundo balonmano para ser entrenador mental"},{"@type":"BreadcrumbList","@id":"https:\/\/www.cope.es\/blogs\/derosca\/2023\/10\/02\/el-padre-de-simon-pytlick-abandona-el-mundo-balonmano-para-ser-entrenador-mental\/#breadcrumb","itemListElement":[{"@type":"ListItem","position":1,"name":"Portada","item":"https:\/\/www.cope.es\/blogs\/derosca\/"},{"@type":"ListItem","position":2,"name":"El padre de Simon Pytlick abandona el mundo balonmano para ser entrenador mental"}]},{"@type":"WebSite","@id":"https:\/\/www.cope.es\/blogs\/derosca\/#website","url":"https:\/\/www.cope.es\/blogs\/derosca\/","name":"Derosca","description":"Blog de balonmano COPE","potentialAction":[{"@type":"SearchAction","target":{"@type":"EntryPoint","urlTemplate":"https:\/\/www.cope.es\/blogs\/derosca\/?s={search_term_string}"},"query-input":{"@type":"PropertyValueSpecification","valueRequired":true,"valueName":"search_term_string"}}],"inLanguage":"es"},{"@type":"Person","@id":"https:\/\/www.cope.es\/blogs\/derosca\/#\/schema\/person\/02d6fa6fa8d8db60f83303875a4ff77f","name":"Luis Malvar","image":{"@type":"ImageObject","inLanguage":"es","@id":"https:\/\/secure.gravatar.com\/avatar\/23cd47dec2904689b3ccd32d1dd3e86c7cbf60dcf7376c68854f761a4939534f?s=96&d=mm&r=g","url":"https:\/\/secure.gravatar.com\/avatar\/23cd47dec2904689b3ccd32d1dd3e86c7cbf60dcf7376c68854f761a4939534f?s=96&d=mm&r=g","contentUrl":"https:\/\/secure.gravatar.com\/avatar\/23cd47dec2904689b3ccd32d1dd3e86c7cbf60dcf7376c68854f761a4939534f?s=96&d=mm&r=g","caption":"Luis Malvar"},"description":"Comenc\u00e9 la andadura del Blog Derosca all\u00e1 por el 22 de Mayo de 2008. Un blog en el que se trata de llevar a los numerosos aficionados y amantes del mundo del balonmano toda la actualidad de nuestro apasionante deporte. Una ventana que sirve para dar luz a las innumerables noticias que genera el balonmano y que habitualmente no tienen reflejo en los medios de comunicaci\u00f3n. Sin lugar a dudas el Blog Derosca cuenta con un apartado que tiene a gala contar con miles de seguidores como es \u201cMis Pajaritos\u201d en donde se relatan y narran todas las intrahistorias que se generan en el balonmano espa\u00f1ol y que incomoda a m\u00e1s de uno que salgan a la luz.!Gracias por seguirnos durante todos estos a\u00f1os\u00a1","sameAs":["http:\/\/www.cope.es","lmalvar"],"url":"https:\/\/www.cope.es\/blogs\/derosca\/author\/lmalvar\/"}]}},"amp_enabled":true,"_links":{"self":[{"href":"https:\/\/www.cope.es\/blogs\/derosca\/wp-json\/wp\/v2\/posts\/3460","targetHints":{"allow":["GET"]}}],"collection":[{"href":"https:\/\/www.cope.es\/blogs\/derosca\/wp-json\/wp\/v2\/posts"}],"about":[{"href":"https:\/\/www.cope.es\/blogs\/derosca\/wp-json\/wp\/v2\/types\/post"}],"author":[{"embeddable":true,"href":"https:\/\/www.cope.es\/blogs\/derosca\/wp-json\/wp\/v2\/users\/23"}],"replies":[{"embeddable":true,"href":"https:\/\/www.cope.es\/blogs\/derosca\/wp-json\/wp\/v2\/comments?post=3460"}],"version-history":[{"count":1,"href":"https:\/\/www.cope.es\/blogs\/derosca\/wp-json\/wp\/v2\/posts\/3460\/revisions"}],"predecessor-version":[{"id":3462,"href":"https:\/\/www.cope.es\/blogs\/derosca\/wp-json\/wp\/v2\/posts\/3460\/revisions\/3462"}],"wp:featuredmedia":[{"embeddable":true,"href":"https:\/\/www.cope.es\/blogs\/derosca\/wp-json\/wp\/v2\/media\/3461"}],"wp:attachment":[{"href":"https:\/\/www.cope.es\/blogs\/derosca\/wp-json\/wp\/v2\/media?parent=3460"}],"wp:term":[{"taxonomy":"category","embeddable":true,"href":"https:\/\/www.cope.es\/blogs\/derosca\/wp-json\/wp\/v2\/categories?post=3460"},{"taxonomy":"post_tag","embeddable":true,"href":"https:\/\/www.cope.es\/blogs\/derosca\/wp-json\/wp\/v2\/tags?post=3460"}],"curies":[{"name":"wp","href":"https:\/\/api.w.org\/{rel}","templated":true}]}}