{"id":3414,"date":"2023-09-06T09:20:39","date_gmt":"2023-09-06T07:20:39","guid":{"rendered":"http:\/\/www.cope.es\/blogs\/derosca\/?p=3414"},"modified":"2023-09-06T09:20:39","modified_gmt":"2023-09-06T07:20:39","slug":"el-forum-club-handball-se-pronuncia-sobre-reportaje-tv-de-amano-partidos","status":"publish","type":"post","link":"https:\/\/www.cope.es\/blogs\/derosca\/2023\/09\/06\/el-forum-club-handball-se-pronuncia-sobre-reportaje-tv-de-amano-partidos\/","title":{"rendered":"El Forum Club Handball se pronuncia sobre reportaje TV de ama\u00f1o partidos"},"content":{"rendered":"<p><span style=\"color: #666666\"><span style=\"font-family: Arial, sans-serif\"><span style=\"font-size: medium\">La cadena de televisi\u00f3n danesa TV public\u00f3 un documental sobre los ama\u00f1os de partidos en balonmano el pasado 5 de Julio (su primera parte ) y el 12 de Julio de 2023 (la segunda parte). Ning\u00fan organismo deportivo puede aceptar el ama\u00f1o de partidos, ya que da\u00f1a la integridad y, por lo tanto, la base de cualquier deporte. Esto es v\u00e1lido para IHF, EHF, Federaciones Nacionales, Ligas, Clubes, \u00e1rbitros y jugadores.<\/span><\/span><\/span><\/p>\n<p><span style=\"color: #666666\"><span style=\"font-family: Arial, sans-serif\"><span style=\"font-size: medium\">Tras la publicaci\u00f3n de estos reportajes el Forum Club Handball (FCH) ha solicitado regularmente a sus clubes miembros que sigan las reglas de la Federaci\u00f3n Europea Balonmano (EHF) y las Federaciones Nacionales, que proh\u00edben las apuestas de jugadores y oficiales de equipo sobre el resultado de los partidos de balonmano.<\/span><\/span><\/span><\/p>\n<p><span style=\"color: #666666\"><span style=\"font-family: Arial, sans-serif\"><span style=\"font-size: medium\">Los intentos de arreglo de partidos se informar\u00e1n a la EHF o de forma an\u00f3nima en un enlace que se les ha trasladado a los clubes. El enlace a la plataforma de informes no est\u00e1 disponible a trav\u00e9s del sitio web de la EHF, ya que esto podr\u00eda permitir el seguimiento de las direcciones IP individuales y la identificaci\u00f3n potencial de la persona.<\/span><\/span><\/span><\/p>\n<p><span style=\"color: #666666\"><span style=\"font-family: Arial, sans-serif\"><span style=\"font-size: medium\">La empresa Sportradar es una empresa que monitorea el mercado de apuestas en nombre de los distintos actores, es decir, Federaciones, Ligas y Empresas de Apuestas. En el a\u00f1o 2018, Sportradar elabor\u00f3 un informe sobre actividades sospechosas de apuestas y arreglos de partidos en balonmano.<\/span><\/span><\/span><\/p>\n<p><span style=\"color: #666666\"><span style=\"font-family: Arial, sans-serif\"><span style=\"font-size: medium\">El propio informe dice que no contiene ninguna prueba de ama\u00f1o de partidos en el balonmano europeo. De todos modos, contiene indicaciones sobre \u00e1rbitros y arbitrajes sospechosos.<\/span><\/span><\/span><\/p>\n<p><span style=\"color: #666666\"><span style=\"font-family: Arial, sans-serif\"><span style=\"font-size: medium\">El informe fue discutido en varios niveles en la EHF y en el FCH y se acord\u00f3<\/span><\/span><\/span><\/p>\n<ol>\n<li>\n<p><span style=\"color: #666666\"><span style=\"font-family: Arial, sans-serif\"><span style=\"font-size: medium\">presentar los materiales a las autoridades policiales austriacas<\/span><\/span><\/span><\/p>\n<\/li>\n<li>\n<p><span style=\"color: #666666\"><span style=\"font-family: Arial, sans-serif\"><span style=\"font-size: medium\">profesionalizar el sistema de arbitraje de la EHF<\/span><\/span><\/span><\/p>\n<\/li>\n<li>\n<p><span style=\"color: #666666\"><span style=\"font-family: Arial, sans-serif\"><span style=\"font-size: medium\">presentar los materiales al sistema legal interno de la EHF<\/span><\/span><\/span><\/p>\n<\/li>\n<\/ol>\n<p><span style=\"color: #666666\"><span style=\"font-family: Arial, sans-serif\"><span style=\"font-size: medium\">En cuanto a punto 1 las autoridades austriacas proporcionaron los materiales a Europol para una mayor investigaci\u00f3n. Con respecto al punto 2 la EHF y el FCH comenzaron a discutir cambios en el sistema de arbitraje. Uno de los resultados de esta discusi\u00f3n fue la decisi\u00f3n de que, a partir de la temporada 2019 &#8211; 20, el miembro del Comit\u00e9 de Competiciones de la EHF, el \u00e1rbitro Dragan Nachevski, ya no era responsable de las nominaciones de los \u00e1rbitros en las competiciones de la Champions League. Respecto al punto 3 los partidos fueron analizados por expertos de la EHF y del FCH sin encontrar indicios de ama\u00f1o de partidos. Como no hubo pruebas, no se abri\u00f3 ning\u00fan caso legal en la temporada 2018 &#8211; 19.<\/span><\/span><\/span><\/p>\n<p><span style=\"color: #666666\"><span style=\"font-family: Arial, sans-serif\"><span style=\"font-size: medium\">El Forum Club Handball (FCH) ha querido p\u00fablicamente subrayar que todas las decisiones se tomaron de forma conjunta. Durante todo el per\u00edodo se produjo un intercambio permanente de informaci\u00f3n entre la EHF y la FCH. El n\u00facleo del documental emitido en la televisi\u00f3n danesa fue una conversaci\u00f3n en el pasado Enero 2020 entre el ex miembro de la Comisi\u00f3n de Competiciones de la EHF, el \u00e1rbitro Dragan Nachevski, y un actor, que finge ser un hombre de negocios chino interesado en registrar un equipo chino de balonmano en la liga SEHA. La conversaci\u00f3n fue grabada por TV2 con una c\u00e1mara oculta. Durante la conversaci\u00f3n, el actor &#8211; empresario intenta involucrar a Nachevski en el ama\u00f1o de partidos. Los intentos son negados por Nachevski. Al mismo tiempo, Nachevski contin\u00faa hablando con el actor\/empresario de manera amistosa. No inform\u00f3 a la Federaci\u00f3n Europea de Balonmano sobre la conversaci\u00f3n durante tres a\u00f1os.<\/span><\/span><\/span><\/p>\n<p><span style=\"color: #666666\"><span style=\"font-family: Arial, sans-serif\"><span style=\"font-size: medium\">La Federaci\u00f3n Europea Balonmano (EHF) recibi\u00f3 una copia en video de la conversaci\u00f3n de TV2 el pasado 23 de Mayo de 2023. El Comit\u00e9 Ejecutivo de EHF decidi\u00f3 liberar a Nachevski de sus funciones en una reuni\u00f3n extraordinaria con efecto inmediato solo dos d\u00edas despu\u00e9s, el 25 de Mayo. El Tribunal de Balonmano abri\u00f3 un caso contra Nachevski. Por su parte el FCH ha acogido con satisfacci\u00f3n la decisi\u00f3n del Comit\u00e9 Ejecutivo de la EHF.<\/span><\/span><\/span><\/p>\n<p><span style=\"color: #666666\"><span style=\"font-family: Arial, sans-serif\"><span style=\"font-size: medium\">Seguirnos en twitter: <\/span><\/span><\/span><span style=\"color: #0000ff\"><span><u><a href=\"https:\/\/twitter.com\/#!\/deroscacope\"><span style=\"font-family: Arial, sans-serif\"><span style=\"font-size: medium\">https:\/\/twitter.com\/#!\/deroscacope<\/span><\/span><\/a><\/u><\/span><\/span><\/p>\n","protected":false},"excerpt":{"rendered":"<p>La cadena de televisi\u00f3n danesa TV public\u00f3 un documental sobre los ama\u00f1os de partidos en balonmano el pasado 5 de Julio (su primera parte ) y el 12 de Julio de 2023 (la segunda parte). Ning\u00fan organismo deportivo puede aceptar el ama\u00f1o de partidos, ya que da\u00f1a la integridad y, por lo tanto, la base [&hellip;]<\/p>\n","protected":false},"author":23,"featured_media":3415,"comment_status":"open","ping_status":"open","sticky":false,"template":"","format":"standard","meta":{"footnotes":""},"categories":[3],"tags":[],"class_list":["post-3414","post","type-post","status-publish","format-standard","has-post-thumbnail","hentry","category-balonmano"],"yoast_head":"<!-- This site is optimized with the Yoast SEO plugin v27.4 - https:\/\/yoast.com\/product\/yoast-seo-wordpress\/ -->\n<title>El Forum Club Handball se pronuncia sobre reportaje TV de ama\u00f1o partidos - Derosca<\/title>\n<meta name=\"robots\" content=\"index, follow, max-snippet:-1, max-image-preview:large, max-video-preview:-1\" \/>\n<link rel=\"canonical\" href=\"https:\/\/www.cope.es\/blogs\/derosca\/2023\/09\/06\/el-forum-club-handball-se-pronuncia-sobre-reportaje-tv-de-amano-partidos\/\" \/>\n<meta property=\"og:locale\" content=\"es_ES\" \/>\n<meta property=\"og:type\" content=\"article\" \/>\n<meta property=\"og:title\" content=\"El Forum Club Handball se pronuncia sobre reportaje TV de ama\u00f1o partidos - Derosca\" \/>\n<meta property=\"og:description\" content=\"La cadena de televisi\u00f3n danesa TV public\u00f3 un documental sobre los ama\u00f1os de partidos en balonmano el pasado 5 de Julio (su primera parte ) y el 12 de Julio de 2023 (la segunda parte). Ning\u00fan organismo deportivo puede aceptar el ama\u00f1o de partidos, ya que da\u00f1a la integridad y, por lo tanto, la base [&hellip;]\" \/>\n<meta property=\"og:url\" content=\"https:\/\/www.cope.es\/blogs\/derosca\/2023\/09\/06\/el-forum-club-handball-se-pronuncia-sobre-reportaje-tv-de-amano-partidos\/\" \/>\n<meta property=\"og:site_name\" content=\"Derosca\" \/>\n<meta property=\"article:publisher\" content=\"https:\/\/www.facebook.com\/cope\/\" \/>\n<meta property=\"article:published_time\" content=\"2023-09-06T07:20:39+00:00\" \/>\n<meta property=\"og:image\" content=\"https:\/\/www.cope.es\/blogs\/derosca\/wp-content\/uploads\/sites\/22\/2023\/09\/FCH.jpg\" \/>\n\t<meta property=\"og:image:width\" content=\"680\" \/>\n\t<meta property=\"og:image:height\" content=\"631\" \/>\n\t<meta property=\"og:image:type\" content=\"image\/jpeg\" \/>\n<meta name=\"author\" content=\"Luis Malvar\" \/>\n<meta name=\"twitter:card\" content=\"summary_large_image\" \/>\n<meta name=\"twitter:creator\" content=\"@cope_es\" \/>\n<meta name=\"twitter:site\" content=\"@cope_es\" \/>\n<meta name=\"twitter:label1\" content=\"Escrito por\" \/>\n\t<meta name=\"twitter:data1\" content=\"Luis Malvar\" \/>\n\t<meta name=\"twitter:label2\" content=\"Tiempo de lectura\" \/>\n\t<meta name=\"twitter:data2\" content=\"3 minutos\" \/>\n<script type=\"application\/ld+json\" class=\"yoast-schema-graph\">{\"@context\":\"https:\\\/\\\/schema.org\",\"@graph\":[{\"@type\":\"Article\",\"@id\":\"https:\\\/\\\/www.cope.es\\\/blogs\\\/derosca\\\/2023\\\/09\\\/06\\\/el-forum-club-handball-se-pronuncia-sobre-reportaje-tv-de-amano-partidos\\\/#article\",\"isPartOf\":{\"@id\":\"https:\\\/\\\/www.cope.es\\\/blogs\\\/derosca\\\/2023\\\/09\\\/06\\\/el-forum-club-handball-se-pronuncia-sobre-reportaje-tv-de-amano-partidos\\\/\"},\"author\":{\"name\":\"Luis Malvar\",\"@id\":\"https:\\\/\\\/www.cope.es\\\/blogs\\\/derosca\\\/#\\\/schema\\\/person\\\/02d6fa6fa8d8db60f83303875a4ff77f\"},\"headline\":\"El Forum Club Handball se pronuncia sobre reportaje TV de ama\u00f1o partidos\",\"datePublished\":\"2023-09-06T07:20:39+00:00\",\"mainEntityOfPage\":{\"@id\":\"https:\\\/\\\/www.cope.es\\\/blogs\\\/derosca\\\/2023\\\/09\\\/06\\\/el-forum-club-handball-se-pronuncia-sobre-reportaje-tv-de-amano-partidos\\\/\"},\"wordCount\":696,\"commentCount\":0,\"image\":{\"@id\":\"https:\\\/\\\/www.cope.es\\\/blogs\\\/derosca\\\/2023\\\/09\\\/06\\\/el-forum-club-handball-se-pronuncia-sobre-reportaje-tv-de-amano-partidos\\\/#primaryimage\"},\"thumbnailUrl\":\"https:\\\/\\\/www.cope.es\\\/blogs\\\/derosca\\\/wp-content\\\/uploads\\\/sites\\\/22\\\/2023\\\/09\\\/FCH.jpg\",\"articleSection\":[\"Balonmano\"],\"inLanguage\":\"es\",\"potentialAction\":[{\"@type\":\"CommentAction\",\"name\":\"Comment\",\"target\":[\"https:\\\/\\\/www.cope.es\\\/blogs\\\/derosca\\\/2023\\\/09\\\/06\\\/el-forum-club-handball-se-pronuncia-sobre-reportaje-tv-de-amano-partidos\\\/#respond\"]}]},{\"@type\":\"WebPage\",\"@id\":\"https:\\\/\\\/www.cope.es\\\/blogs\\\/derosca\\\/2023\\\/09\\\/06\\\/el-forum-club-handball-se-pronuncia-sobre-reportaje-tv-de-amano-partidos\\\/\",\"url\":\"https:\\\/\\\/www.cope.es\\\/blogs\\\/derosca\\\/2023\\\/09\\\/06\\\/el-forum-club-handball-se-pronuncia-sobre-reportaje-tv-de-amano-partidos\\\/\",\"name\":\"El Forum Club Handball se pronuncia sobre reportaje TV de ama\u00f1o partidos - Derosca\",\"isPartOf\":{\"@id\":\"https:\\\/\\\/www.cope.es\\\/blogs\\\/derosca\\\/#website\"},\"primaryImageOfPage\":{\"@id\":\"https:\\\/\\\/www.cope.es\\\/blogs\\\/derosca\\\/2023\\\/09\\\/06\\\/el-forum-club-handball-se-pronuncia-sobre-reportaje-tv-de-amano-partidos\\\/#primaryimage\"},\"image\":{\"@id\":\"https:\\\/\\\/www.cope.es\\\/blogs\\\/derosca\\\/2023\\\/09\\\/06\\\/el-forum-club-handball-se-pronuncia-sobre-reportaje-tv-de-amano-partidos\\\/#primaryimage\"},\"thumbnailUrl\":\"https:\\\/\\\/www.cope.es\\\/blogs\\\/derosca\\\/wp-content\\\/uploads\\\/sites\\\/22\\\/2023\\\/09\\\/FCH.jpg\",\"datePublished\":\"2023-09-06T07:20:39+00:00\",\"author\":{\"@id\":\"https:\\\/\\\/www.cope.es\\\/blogs\\\/derosca\\\/#\\\/schema\\\/person\\\/02d6fa6fa8d8db60f83303875a4ff77f\"},\"breadcrumb\":{\"@id\":\"https:\\\/\\\/www.cope.es\\\/blogs\\\/derosca\\\/2023\\\/09\\\/06\\\/el-forum-club-handball-se-pronuncia-sobre-reportaje-tv-de-amano-partidos\\\/#breadcrumb\"},\"inLanguage\":\"es\",\"potentialAction\":[{\"@type\":\"ReadAction\",\"target\":[\"https:\\\/\\\/www.cope.es\\\/blogs\\\/derosca\\\/2023\\\/09\\\/06\\\/el-forum-club-handball-se-pronuncia-sobre-reportaje-tv-de-amano-partidos\\\/\"]}]},{\"@type\":\"ImageObject\",\"inLanguage\":\"es\",\"@id\":\"https:\\\/\\\/www.cope.es\\\/blogs\\\/derosca\\\/2023\\\/09\\\/06\\\/el-forum-club-handball-se-pronuncia-sobre-reportaje-tv-de-amano-partidos\\\/#primaryimage\",\"url\":\"https:\\\/\\\/www.cope.es\\\/blogs\\\/derosca\\\/wp-content\\\/uploads\\\/sites\\\/22\\\/2023\\\/09\\\/FCH.jpg\",\"contentUrl\":\"https:\\\/\\\/www.cope.es\\\/blogs\\\/derosca\\\/wp-content\\\/uploads\\\/sites\\\/22\\\/2023\\\/09\\\/FCH.jpg\",\"width\":680,\"height\":631,\"caption\":\"El Forum Club Handball se pronuncia sobre reportaje TV de ama\u00f1o partidos\"},{\"@type\":\"BreadcrumbList\",\"@id\":\"https:\\\/\\\/www.cope.es\\\/blogs\\\/derosca\\\/2023\\\/09\\\/06\\\/el-forum-club-handball-se-pronuncia-sobre-reportaje-tv-de-amano-partidos\\\/#breadcrumb\",\"itemListElement\":[{\"@type\":\"ListItem\",\"position\":1,\"name\":\"Portada\",\"item\":\"https:\\\/\\\/www.cope.es\\\/blogs\\\/derosca\\\/\"},{\"@type\":\"ListItem\",\"position\":2,\"name\":\"El Forum Club Handball se pronuncia sobre reportaje TV de ama\u00f1o partidos\"}]},{\"@type\":\"WebSite\",\"@id\":\"https:\\\/\\\/www.cope.es\\\/blogs\\\/derosca\\\/#website\",\"url\":\"https:\\\/\\\/www.cope.es\\\/blogs\\\/derosca\\\/\",\"name\":\"Derosca\",\"description\":\"Blog de balonmano COPE\",\"potentialAction\":[{\"@type\":\"SearchAction\",\"target\":{\"@type\":\"EntryPoint\",\"urlTemplate\":\"https:\\\/\\\/www.cope.es\\\/blogs\\\/derosca\\\/?s={search_term_string}\"},\"query-input\":{\"@type\":\"PropertyValueSpecification\",\"valueRequired\":true,\"valueName\":\"search_term_string\"}}],\"inLanguage\":\"es\"},{\"@type\":\"Person\",\"@id\":\"https:\\\/\\\/www.cope.es\\\/blogs\\\/derosca\\\/#\\\/schema\\\/person\\\/02d6fa6fa8d8db60f83303875a4ff77f\",\"name\":\"Luis Malvar\",\"image\":{\"@type\":\"ImageObject\",\"inLanguage\":\"es\",\"@id\":\"https:\\\/\\\/secure.gravatar.com\\\/avatar\\\/23cd47dec2904689b3ccd32d1dd3e86c7cbf60dcf7376c68854f761a4939534f?s=96&d=mm&r=g\",\"url\":\"https:\\\/\\\/secure.gravatar.com\\\/avatar\\\/23cd47dec2904689b3ccd32d1dd3e86c7cbf60dcf7376c68854f761a4939534f?s=96&d=mm&r=g\",\"contentUrl\":\"https:\\\/\\\/secure.gravatar.com\\\/avatar\\\/23cd47dec2904689b3ccd32d1dd3e86c7cbf60dcf7376c68854f761a4939534f?s=96&d=mm&r=g\",\"caption\":\"Luis Malvar\"},\"description\":\"Comenc\u00e9 la andadura del Blog Derosca all\u00e1 por el 22 de Mayo de 2008. Un blog en el que se trata de llevar a los numerosos aficionados y amantes del mundo del balonmano toda la actualidad de nuestro apasionante deporte. Una ventana que sirve para dar luz a las innumerables noticias que genera el balonmano y que habitualmente no tienen reflejo en los medios de comunicaci\u00f3n. Sin lugar a dudas el Blog Derosca cuenta con un apartado que tiene a gala contar con miles de seguidores como es \u201cMis Pajaritos\u201d en donde se relatan y narran todas las intrahistorias que se generan en el balonmano espa\u00f1ol y que incomoda a m\u00e1s de uno que salgan a la luz.!Gracias por seguirnos durante todos estos a\u00f1os\u00a1\",\"sameAs\":[\"http:\\\/\\\/www.cope.es\",\"lmalvar\"],\"url\":\"https:\\\/\\\/www.cope.es\\\/blogs\\\/derosca\\\/author\\\/lmalvar\\\/\"}]}<\/script>\n<!-- \/ Yoast SEO plugin. -->","yoast_head_json":{"title":"El Forum Club Handball se pronuncia sobre reportaje TV de ama\u00f1o partidos - Derosca","robots":{"index":"index","follow":"follow","max-snippet":"max-snippet:-1","max-image-preview":"max-image-preview:large","max-video-preview":"max-video-preview:-1"},"canonical":"https:\/\/www.cope.es\/blogs\/derosca\/2023\/09\/06\/el-forum-club-handball-se-pronuncia-sobre-reportaje-tv-de-amano-partidos\/","og_locale":"es_ES","og_type":"article","og_title":"El Forum Club Handball se pronuncia sobre reportaje TV de ama\u00f1o partidos - Derosca","og_description":"La cadena de televisi\u00f3n danesa TV public\u00f3 un documental sobre los ama\u00f1os de partidos en balonmano el pasado 5 de Julio (su primera parte ) y el 12 de Julio de 2023 (la segunda parte). Ning\u00fan organismo deportivo puede aceptar el ama\u00f1o de partidos, ya que da\u00f1a la integridad y, por lo tanto, la base [&hellip;]","og_url":"https:\/\/www.cope.es\/blogs\/derosca\/2023\/09\/06\/el-forum-club-handball-se-pronuncia-sobre-reportaje-tv-de-amano-partidos\/","og_site_name":"Derosca","article_publisher":"https:\/\/www.facebook.com\/cope\/","article_published_time":"2023-09-06T07:20:39+00:00","og_image":[{"width":680,"height":631,"url":"https:\/\/www.cope.es\/blogs\/derosca\/wp-content\/uploads\/sites\/22\/2023\/09\/FCH.jpg","type":"image\/jpeg"}],"author":"Luis Malvar","twitter_card":"summary_large_image","twitter_creator":"@cope_es","twitter_site":"@cope_es","twitter_misc":{"Escrito por":"Luis Malvar","Tiempo de lectura":"3 minutos"},"schema":{"@context":"https:\/\/schema.org","@graph":[{"@type":"Article","@id":"https:\/\/www.cope.es\/blogs\/derosca\/2023\/09\/06\/el-forum-club-handball-se-pronuncia-sobre-reportaje-tv-de-amano-partidos\/#article","isPartOf":{"@id":"https:\/\/www.cope.es\/blogs\/derosca\/2023\/09\/06\/el-forum-club-handball-se-pronuncia-sobre-reportaje-tv-de-amano-partidos\/"},"author":{"name":"Luis Malvar","@id":"https:\/\/www.cope.es\/blogs\/derosca\/#\/schema\/person\/02d6fa6fa8d8db60f83303875a4ff77f"},"headline":"El Forum Club Handball se pronuncia sobre reportaje TV de ama\u00f1o partidos","datePublished":"2023-09-06T07:20:39+00:00","mainEntityOfPage":{"@id":"https:\/\/www.cope.es\/blogs\/derosca\/2023\/09\/06\/el-forum-club-handball-se-pronuncia-sobre-reportaje-tv-de-amano-partidos\/"},"wordCount":696,"commentCount":0,"image":{"@id":"https:\/\/www.cope.es\/blogs\/derosca\/2023\/09\/06\/el-forum-club-handball-se-pronuncia-sobre-reportaje-tv-de-amano-partidos\/#primaryimage"},"thumbnailUrl":"https:\/\/www.cope.es\/blogs\/derosca\/wp-content\/uploads\/sites\/22\/2023\/09\/FCH.jpg","articleSection":["Balonmano"],"inLanguage":"es","potentialAction":[{"@type":"CommentAction","name":"Comment","target":["https:\/\/www.cope.es\/blogs\/derosca\/2023\/09\/06\/el-forum-club-handball-se-pronuncia-sobre-reportaje-tv-de-amano-partidos\/#respond"]}]},{"@type":"WebPage","@id":"https:\/\/www.cope.es\/blogs\/derosca\/2023\/09\/06\/el-forum-club-handball-se-pronuncia-sobre-reportaje-tv-de-amano-partidos\/","url":"https:\/\/www.cope.es\/blogs\/derosca\/2023\/09\/06\/el-forum-club-handball-se-pronuncia-sobre-reportaje-tv-de-amano-partidos\/","name":"El Forum Club Handball se pronuncia sobre reportaje TV de ama\u00f1o partidos - Derosca","isPartOf":{"@id":"https:\/\/www.cope.es\/blogs\/derosca\/#website"},"primaryImageOfPage":{"@id":"https:\/\/www.cope.es\/blogs\/derosca\/2023\/09\/06\/el-forum-club-handball-se-pronuncia-sobre-reportaje-tv-de-amano-partidos\/#primaryimage"},"image":{"@id":"https:\/\/www.cope.es\/blogs\/derosca\/2023\/09\/06\/el-forum-club-handball-se-pronuncia-sobre-reportaje-tv-de-amano-partidos\/#primaryimage"},"thumbnailUrl":"https:\/\/www.cope.es\/blogs\/derosca\/wp-content\/uploads\/sites\/22\/2023\/09\/FCH.jpg","datePublished":"2023-09-06T07:20:39+00:00","author":{"@id":"https:\/\/www.cope.es\/blogs\/derosca\/#\/schema\/person\/02d6fa6fa8d8db60f83303875a4ff77f"},"breadcrumb":{"@id":"https:\/\/www.cope.es\/blogs\/derosca\/2023\/09\/06\/el-forum-club-handball-se-pronuncia-sobre-reportaje-tv-de-amano-partidos\/#breadcrumb"},"inLanguage":"es","potentialAction":[{"@type":"ReadAction","target":["https:\/\/www.cope.es\/blogs\/derosca\/2023\/09\/06\/el-forum-club-handball-se-pronuncia-sobre-reportaje-tv-de-amano-partidos\/"]}]},{"@type":"ImageObject","inLanguage":"es","@id":"https:\/\/www.cope.es\/blogs\/derosca\/2023\/09\/06\/el-forum-club-handball-se-pronuncia-sobre-reportaje-tv-de-amano-partidos\/#primaryimage","url":"https:\/\/www.cope.es\/blogs\/derosca\/wp-content\/uploads\/sites\/22\/2023\/09\/FCH.jpg","contentUrl":"https:\/\/www.cope.es\/blogs\/derosca\/wp-content\/uploads\/sites\/22\/2023\/09\/FCH.jpg","width":680,"height":631,"caption":"El Forum Club Handball se pronuncia sobre reportaje TV de ama\u00f1o partidos"},{"@type":"BreadcrumbList","@id":"https:\/\/www.cope.es\/blogs\/derosca\/2023\/09\/06\/el-forum-club-handball-se-pronuncia-sobre-reportaje-tv-de-amano-partidos\/#breadcrumb","itemListElement":[{"@type":"ListItem","position":1,"name":"Portada","item":"https:\/\/www.cope.es\/blogs\/derosca\/"},{"@type":"ListItem","position":2,"name":"El Forum Club Handball se pronuncia sobre reportaje TV de ama\u00f1o partidos"}]},{"@type":"WebSite","@id":"https:\/\/www.cope.es\/blogs\/derosca\/#website","url":"https:\/\/www.cope.es\/blogs\/derosca\/","name":"Derosca","description":"Blog de balonmano COPE","potentialAction":[{"@type":"SearchAction","target":{"@type":"EntryPoint","urlTemplate":"https:\/\/www.cope.es\/blogs\/derosca\/?s={search_term_string}"},"query-input":{"@type":"PropertyValueSpecification","valueRequired":true,"valueName":"search_term_string"}}],"inLanguage":"es"},{"@type":"Person","@id":"https:\/\/www.cope.es\/blogs\/derosca\/#\/schema\/person\/02d6fa6fa8d8db60f83303875a4ff77f","name":"Luis Malvar","image":{"@type":"ImageObject","inLanguage":"es","@id":"https:\/\/secure.gravatar.com\/avatar\/23cd47dec2904689b3ccd32d1dd3e86c7cbf60dcf7376c68854f761a4939534f?s=96&d=mm&r=g","url":"https:\/\/secure.gravatar.com\/avatar\/23cd47dec2904689b3ccd32d1dd3e86c7cbf60dcf7376c68854f761a4939534f?s=96&d=mm&r=g","contentUrl":"https:\/\/secure.gravatar.com\/avatar\/23cd47dec2904689b3ccd32d1dd3e86c7cbf60dcf7376c68854f761a4939534f?s=96&d=mm&r=g","caption":"Luis Malvar"},"description":"Comenc\u00e9 la andadura del Blog Derosca all\u00e1 por el 22 de Mayo de 2008. Un blog en el que se trata de llevar a los numerosos aficionados y amantes del mundo del balonmano toda la actualidad de nuestro apasionante deporte. Una ventana que sirve para dar luz a las innumerables noticias que genera el balonmano y que habitualmente no tienen reflejo en los medios de comunicaci\u00f3n. Sin lugar a dudas el Blog Derosca cuenta con un apartado que tiene a gala contar con miles de seguidores como es \u201cMis Pajaritos\u201d en donde se relatan y narran todas las intrahistorias que se generan en el balonmano espa\u00f1ol y que incomoda a m\u00e1s de uno que salgan a la luz.!Gracias por seguirnos durante todos estos a\u00f1os\u00a1","sameAs":["http:\/\/www.cope.es","lmalvar"],"url":"https:\/\/www.cope.es\/blogs\/derosca\/author\/lmalvar\/"}]}},"amp_enabled":true,"_links":{"self":[{"href":"https:\/\/www.cope.es\/blogs\/derosca\/wp-json\/wp\/v2\/posts\/3414","targetHints":{"allow":["GET"]}}],"collection":[{"href":"https:\/\/www.cope.es\/blogs\/derosca\/wp-json\/wp\/v2\/posts"}],"about":[{"href":"https:\/\/www.cope.es\/blogs\/derosca\/wp-json\/wp\/v2\/types\/post"}],"author":[{"embeddable":true,"href":"https:\/\/www.cope.es\/blogs\/derosca\/wp-json\/wp\/v2\/users\/23"}],"replies":[{"embeddable":true,"href":"https:\/\/www.cope.es\/blogs\/derosca\/wp-json\/wp\/v2\/comments?post=3414"}],"version-history":[{"count":1,"href":"https:\/\/www.cope.es\/blogs\/derosca\/wp-json\/wp\/v2\/posts\/3414\/revisions"}],"predecessor-version":[{"id":3416,"href":"https:\/\/www.cope.es\/blogs\/derosca\/wp-json\/wp\/v2\/posts\/3414\/revisions\/3416"}],"wp:featuredmedia":[{"embeddable":true,"href":"https:\/\/www.cope.es\/blogs\/derosca\/wp-json\/wp\/v2\/media\/3415"}],"wp:attachment":[{"href":"https:\/\/www.cope.es\/blogs\/derosca\/wp-json\/wp\/v2\/media?parent=3414"}],"wp:term":[{"taxonomy":"category","embeddable":true,"href":"https:\/\/www.cope.es\/blogs\/derosca\/wp-json\/wp\/v2\/categories?post=3414"},{"taxonomy":"post_tag","embeddable":true,"href":"https:\/\/www.cope.es\/blogs\/derosca\/wp-json\/wp\/v2\/tags?post=3414"}],"curies":[{"name":"wp","href":"https:\/\/api.w.org\/{rel}","templated":true}]}}