{"id":3388,"date":"2023-07-03T09:33:14","date_gmt":"2023-07-03T07:33:14","guid":{"rendered":"http:\/\/www.cope.es\/blogs\/derosca\/?p=3388"},"modified":"2023-07-03T09:33:14","modified_gmt":"2023-07-03T07:33:14","slug":"la-plantilla-del-magdeburgo-se-perfila-de-cara-a-la-proxima-temporada-2023-24","status":"publish","type":"post","link":"https:\/\/www.cope.es\/blogs\/derosca\/2023\/07\/03\/la-plantilla-del-magdeburgo-se-perfila-de-cara-a-la-proxima-temporada-2023-24\/","title":{"rendered":"La Plantilla del Magdeburgo se perfila de cara a la pr\u00f3xima Temporada 2023 &#8211; 24"},"content":{"rendered":"<p><span style=\"color: #111111\"><span style=\"font-family: Arial, sans-serif\"><span style=\"font-size: medium\">El equipo del Magdeburgo de cara a la pr\u00f3xima temporada <\/span><\/span><\/span><span style=\"color: #111111\"><span style=\"font-family: Arial, sans-serif\"><span style=\"font-size: medium\">actualmente solo tiene tres reci\u00e9n llegados a las salidas previamente anunciadas. Sin embargo, el entrenador y Director General de Sport Bennet Wiegert todav\u00eda tiene algunas plazas por cubrir especialmente desde que Marko Bezjak, Piotr Chrapkowski, Kay Smits y Mike Jensen han confirmado cuatro despedidas a largo plazo para el verano. El joven Elias Ruddat no tiene futuro en el club tradicional. El joven Elias Ruddat no tiene futuro en el club tradicional, al igual que por lesiones Vladan Lipovina. Adem\u00e1s, Moritz Preuss se fue al Leipzig en el cambio de a\u00f1o y Oscar Bergendahl vino de Stuttgart despu\u00e9s que Magnus Saugstrup se lesionara.<\/span><\/span><\/span><\/p>\n<p><span style=\"color: #111111\"><span style=\"font-family: Arial, sans-serif\"><span style=\"font-size: medium\">El equipo del Magdeburgo ahora puede planificar de manera tranquila la porter\u00eda con Nikola Portner y Sergey Hernandez. El reci\u00e9n llegado suizo a\u00fan tiene contrato hasta 2024, mientras que los contratos del compa\u00f1ero de equipo Mike Jensen y del joven Niclas Behrendt expiran al final de la temporada, seg\u00fan la asociaci\u00f3n de la liga HBL y el club.<\/p>\n<p>Poco antes de Navidad, el Magdeburgo confirm\u00f3 la salida del dan\u00e9s Mike Jensen, el contrato no ser\u00eda prorrogado. El entrenador Bennet Wiegert ya coment\u00f3 en su d\u00eda que Mike form\u00f3 un gran equipo de porteros en su primera temporada con Jannick y ahora con Niko y siempre puede contar con su apoyo. Sin embargo, despu\u00e9s de dos a\u00f1os, Mike y el club han decidido hacer un cambio juntos. El reci\u00e9n campe\u00f3n alem\u00e1n tambi\u00e9n present\u00f3 un sucesor un d\u00eda despu\u00e9s del final de la temporada, el espa\u00f1ol Sergey Hernandez proveniente del Benfica Lisboa.<\/span><\/span><\/span><\/p>\n<p><span style=\"color: #111111\"><span style=\"font-family: Arial, sans-serif\"><span style=\"font-size: medium\">El entrenador del Magdeburg, Bennet Wiegert, manifest\u00f3 que en Sergey est\u00e1n contratando a un portero muy talentoso y con experiencia internacional que complementar\u00e1 perfectamente a Nikola Portner en el equipo la pr\u00f3xima temporada. Saben lo bueno que es y qu\u00e9 tipo de empuje puede darle a su equipo con su emotividad en el campo, no menos visto en la final de la Liga Europea del a\u00f1o pasado. Est\u00e1n felices de tenerlo en el equipo<\/p>\n<p>Por otro lado, hay consistencia en las posiciones externas: Matthias Musche ya ten\u00eda contrato hasta 2024 antes de la temporada, el compa\u00f1ero de equipo Lukas Mertens firm\u00f3 un contrato en noviembre de 2022 hasta 2027. Tambi\u00e9n est\u00e1 la seguridad de la planificaci\u00f3n a largo plazo. Tim Hornke ampli\u00f3 su contrato, que duraba hasta 2024, hasta 2026. Est\u00e1 muy feliz de poder formar parte del Magdeburgo dos a\u00f1os m\u00e1s y lo har\u00e1. Todo para asegurar que sigan teniendo \u00e9xito en el futuro que visti\u00f3 la camiseta del Magdeburgo durante cuatro a\u00f1os entre 2010 y 2014 antes de estar cinco a\u00f1os en el Lemgo y regresar en el a\u00f1o 2019.<\/p>\n<p><\/span><\/span><\/span><span style=\"color: #3e3e3e\"><span style=\"font-family: Arial, sans-serif\"><span style=\"font-size: medium\"><span>Seguirnos en twitter<\/span><\/span><\/span><\/span><em><span style=\"color: #3e3e3e\"><span style=\"font-family: Arial, sans-serif\"><span style=\"font-size: medium\"><span>: <\/span><\/span><\/span><\/span><\/em><span style=\"color: #0000ff\"><span><u><a href=\"https:\/\/twitter.com\/#!\/deroscacope\"><span style=\"font-family: Arial, sans-serif\"><span style=\"font-size: medium\">https:\/\/twitter.com\/#!\/deroscacope<\/span><\/span><\/a><\/u><\/span><\/span><span style=\"color: #111111\"><span style=\"font-family: Arial, sans-serif\"><span style=\"font-size: medium\"><br \/>\n<\/span><\/span><\/span><\/p>\n","protected":false},"excerpt":{"rendered":"<p>El equipo del Magdeburgo de cara a la pr\u00f3xima temporada actualmente solo tiene tres reci\u00e9n llegados a las salidas previamente anunciadas. Sin embargo, el entrenador y Director General de Sport Bennet Wiegert todav\u00eda tiene algunas plazas por cubrir especialmente desde que Marko Bezjak, Piotr Chrapkowski, Kay Smits y Mike Jensen han confirmado cuatro despedidas a [&hellip;]<\/p>\n","protected":false},"author":23,"featured_media":3389,"comment_status":"open","ping_status":"open","sticky":false,"template":"","format":"standard","meta":{"footnotes":""},"categories":[3],"tags":[],"class_list":["post-3388","post","type-post","status-publish","format-standard","has-post-thumbnail","hentry","category-balonmano"],"yoast_head":"<!-- This site is optimized with the Yoast SEO plugin v27.4 - https:\/\/yoast.com\/product\/yoast-seo-wordpress\/ -->\n<title>La Plantilla del Magdeburgo se perfila de cara a la pr\u00f3xima Temporada 2023 - 24 - Derosca<\/title>\n<meta name=\"robots\" content=\"index, follow, max-snippet:-1, max-image-preview:large, max-video-preview:-1\" \/>\n<link rel=\"canonical\" href=\"https:\/\/www.cope.es\/blogs\/derosca\/2023\/07\/03\/la-plantilla-del-magdeburgo-se-perfila-de-cara-a-la-proxima-temporada-2023-24\/\" \/>\n<meta property=\"og:locale\" content=\"es_ES\" \/>\n<meta property=\"og:type\" content=\"article\" \/>\n<meta property=\"og:title\" content=\"La Plantilla del Magdeburgo se perfila de cara a la pr\u00f3xima Temporada 2023 - 24 - Derosca\" \/>\n<meta property=\"og:description\" content=\"El equipo del Magdeburgo de cara a la pr\u00f3xima temporada actualmente solo tiene tres reci\u00e9n llegados a las salidas previamente anunciadas. Sin embargo, el entrenador y Director General de Sport Bennet Wiegert todav\u00eda tiene algunas plazas por cubrir especialmente desde que Marko Bezjak, Piotr Chrapkowski, Kay Smits y Mike Jensen han confirmado cuatro despedidas a [&hellip;]\" \/>\n<meta property=\"og:url\" content=\"https:\/\/www.cope.es\/blogs\/derosca\/2023\/07\/03\/la-plantilla-del-magdeburgo-se-perfila-de-cara-a-la-proxima-temporada-2023-24\/\" \/>\n<meta property=\"og:site_name\" content=\"Derosca\" \/>\n<meta property=\"article:publisher\" content=\"https:\/\/www.facebook.com\/cope\/\" \/>\n<meta property=\"article:published_time\" content=\"2023-07-03T07:33:14+00:00\" \/>\n<meta property=\"og:image\" content=\"https:\/\/www.cope.es\/blogs\/derosca\/wp-content\/uploads\/sites\/22\/2023\/07\/magde.jpg\" \/>\n\t<meta property=\"og:image:width\" content=\"680\" \/>\n\t<meta property=\"og:image:height\" content=\"314\" \/>\n\t<meta property=\"og:image:type\" content=\"image\/jpeg\" \/>\n<meta name=\"author\" content=\"Luis Malvar\" \/>\n<meta name=\"twitter:card\" content=\"summary_large_image\" \/>\n<meta name=\"twitter:creator\" content=\"@cope_es\" \/>\n<meta name=\"twitter:site\" content=\"@cope_es\" \/>\n<meta name=\"twitter:label1\" content=\"Escrito por\" \/>\n\t<meta name=\"twitter:data1\" content=\"Luis Malvar\" \/>\n\t<meta name=\"twitter:label2\" content=\"Tiempo de lectura\" \/>\n\t<meta name=\"twitter:data2\" content=\"2 minutos\" \/>\n<script type=\"application\/ld+json\" class=\"yoast-schema-graph\">{\"@context\":\"https:\\\/\\\/schema.org\",\"@graph\":[{\"@type\":\"Article\",\"@id\":\"https:\\\/\\\/www.cope.es\\\/blogs\\\/derosca\\\/2023\\\/07\\\/03\\\/la-plantilla-del-magdeburgo-se-perfila-de-cara-a-la-proxima-temporada-2023-24\\\/#article\",\"isPartOf\":{\"@id\":\"https:\\\/\\\/www.cope.es\\\/blogs\\\/derosca\\\/2023\\\/07\\\/03\\\/la-plantilla-del-magdeburgo-se-perfila-de-cara-a-la-proxima-temporada-2023-24\\\/\"},\"author\":{\"name\":\"Luis Malvar\",\"@id\":\"https:\\\/\\\/www.cope.es\\\/blogs\\\/derosca\\\/#\\\/schema\\\/person\\\/02d6fa6fa8d8db60f83303875a4ff77f\"},\"headline\":\"La Plantilla del Magdeburgo se perfila de cara a la pr\u00f3xima Temporada 2023 &#8211; 24\",\"datePublished\":\"2023-07-03T07:33:14+00:00\",\"mainEntityOfPage\":{\"@id\":\"https:\\\/\\\/www.cope.es\\\/blogs\\\/derosca\\\/2023\\\/07\\\/03\\\/la-plantilla-del-magdeburgo-se-perfila-de-cara-a-la-proxima-temporada-2023-24\\\/\"},\"wordCount\":494,\"commentCount\":0,\"image\":{\"@id\":\"https:\\\/\\\/www.cope.es\\\/blogs\\\/derosca\\\/2023\\\/07\\\/03\\\/la-plantilla-del-magdeburgo-se-perfila-de-cara-a-la-proxima-temporada-2023-24\\\/#primaryimage\"},\"thumbnailUrl\":\"https:\\\/\\\/www.cope.es\\\/blogs\\\/derosca\\\/wp-content\\\/uploads\\\/sites\\\/22\\\/2023\\\/07\\\/magde.jpg\",\"articleSection\":[\"Balonmano\"],\"inLanguage\":\"es\",\"potentialAction\":[{\"@type\":\"CommentAction\",\"name\":\"Comment\",\"target\":[\"https:\\\/\\\/www.cope.es\\\/blogs\\\/derosca\\\/2023\\\/07\\\/03\\\/la-plantilla-del-magdeburgo-se-perfila-de-cara-a-la-proxima-temporada-2023-24\\\/#respond\"]}]},{\"@type\":\"WebPage\",\"@id\":\"https:\\\/\\\/www.cope.es\\\/blogs\\\/derosca\\\/2023\\\/07\\\/03\\\/la-plantilla-del-magdeburgo-se-perfila-de-cara-a-la-proxima-temporada-2023-24\\\/\",\"url\":\"https:\\\/\\\/www.cope.es\\\/blogs\\\/derosca\\\/2023\\\/07\\\/03\\\/la-plantilla-del-magdeburgo-se-perfila-de-cara-a-la-proxima-temporada-2023-24\\\/\",\"name\":\"La Plantilla del Magdeburgo se perfila de cara a la pr\u00f3xima Temporada 2023 - 24 - Derosca\",\"isPartOf\":{\"@id\":\"https:\\\/\\\/www.cope.es\\\/blogs\\\/derosca\\\/#website\"},\"primaryImageOfPage\":{\"@id\":\"https:\\\/\\\/www.cope.es\\\/blogs\\\/derosca\\\/2023\\\/07\\\/03\\\/la-plantilla-del-magdeburgo-se-perfila-de-cara-a-la-proxima-temporada-2023-24\\\/#primaryimage\"},\"image\":{\"@id\":\"https:\\\/\\\/www.cope.es\\\/blogs\\\/derosca\\\/2023\\\/07\\\/03\\\/la-plantilla-del-magdeburgo-se-perfila-de-cara-a-la-proxima-temporada-2023-24\\\/#primaryimage\"},\"thumbnailUrl\":\"https:\\\/\\\/www.cope.es\\\/blogs\\\/derosca\\\/wp-content\\\/uploads\\\/sites\\\/22\\\/2023\\\/07\\\/magde.jpg\",\"datePublished\":\"2023-07-03T07:33:14+00:00\",\"author\":{\"@id\":\"https:\\\/\\\/www.cope.es\\\/blogs\\\/derosca\\\/#\\\/schema\\\/person\\\/02d6fa6fa8d8db60f83303875a4ff77f\"},\"breadcrumb\":{\"@id\":\"https:\\\/\\\/www.cope.es\\\/blogs\\\/derosca\\\/2023\\\/07\\\/03\\\/la-plantilla-del-magdeburgo-se-perfila-de-cara-a-la-proxima-temporada-2023-24\\\/#breadcrumb\"},\"inLanguage\":\"es\",\"potentialAction\":[{\"@type\":\"ReadAction\",\"target\":[\"https:\\\/\\\/www.cope.es\\\/blogs\\\/derosca\\\/2023\\\/07\\\/03\\\/la-plantilla-del-magdeburgo-se-perfila-de-cara-a-la-proxima-temporada-2023-24\\\/\"]}]},{\"@type\":\"ImageObject\",\"inLanguage\":\"es\",\"@id\":\"https:\\\/\\\/www.cope.es\\\/blogs\\\/derosca\\\/2023\\\/07\\\/03\\\/la-plantilla-del-magdeburgo-se-perfila-de-cara-a-la-proxima-temporada-2023-24\\\/#primaryimage\",\"url\":\"https:\\\/\\\/www.cope.es\\\/blogs\\\/derosca\\\/wp-content\\\/uploads\\\/sites\\\/22\\\/2023\\\/07\\\/magde.jpg\",\"contentUrl\":\"https:\\\/\\\/www.cope.es\\\/blogs\\\/derosca\\\/wp-content\\\/uploads\\\/sites\\\/22\\\/2023\\\/07\\\/magde.jpg\",\"width\":680,\"height\":314,\"caption\":\"La Plantilla del Magdeburgo se perfila de cara a la pr\u00f3xima Temporada 2023 - 24\"},{\"@type\":\"BreadcrumbList\",\"@id\":\"https:\\\/\\\/www.cope.es\\\/blogs\\\/derosca\\\/2023\\\/07\\\/03\\\/la-plantilla-del-magdeburgo-se-perfila-de-cara-a-la-proxima-temporada-2023-24\\\/#breadcrumb\",\"itemListElement\":[{\"@type\":\"ListItem\",\"position\":1,\"name\":\"Portada\",\"item\":\"https:\\\/\\\/www.cope.es\\\/blogs\\\/derosca\\\/\"},{\"@type\":\"ListItem\",\"position\":2,\"name\":\"La Plantilla del Magdeburgo se perfila de cara a la pr\u00f3xima Temporada 2023 &#8211; 24\"}]},{\"@type\":\"WebSite\",\"@id\":\"https:\\\/\\\/www.cope.es\\\/blogs\\\/derosca\\\/#website\",\"url\":\"https:\\\/\\\/www.cope.es\\\/blogs\\\/derosca\\\/\",\"name\":\"Derosca\",\"description\":\"Blog de balonmano COPE\",\"potentialAction\":[{\"@type\":\"SearchAction\",\"target\":{\"@type\":\"EntryPoint\",\"urlTemplate\":\"https:\\\/\\\/www.cope.es\\\/blogs\\\/derosca\\\/?s={search_term_string}\"},\"query-input\":{\"@type\":\"PropertyValueSpecification\",\"valueRequired\":true,\"valueName\":\"search_term_string\"}}],\"inLanguage\":\"es\"},{\"@type\":\"Person\",\"@id\":\"https:\\\/\\\/www.cope.es\\\/blogs\\\/derosca\\\/#\\\/schema\\\/person\\\/02d6fa6fa8d8db60f83303875a4ff77f\",\"name\":\"Luis Malvar\",\"image\":{\"@type\":\"ImageObject\",\"inLanguage\":\"es\",\"@id\":\"https:\\\/\\\/secure.gravatar.com\\\/avatar\\\/23cd47dec2904689b3ccd32d1dd3e86c7cbf60dcf7376c68854f761a4939534f?s=96&d=mm&r=g\",\"url\":\"https:\\\/\\\/secure.gravatar.com\\\/avatar\\\/23cd47dec2904689b3ccd32d1dd3e86c7cbf60dcf7376c68854f761a4939534f?s=96&d=mm&r=g\",\"contentUrl\":\"https:\\\/\\\/secure.gravatar.com\\\/avatar\\\/23cd47dec2904689b3ccd32d1dd3e86c7cbf60dcf7376c68854f761a4939534f?s=96&d=mm&r=g\",\"caption\":\"Luis Malvar\"},\"description\":\"Comenc\u00e9 la andadura del Blog Derosca all\u00e1 por el 22 de Mayo de 2008. Un blog en el que se trata de llevar a los numerosos aficionados y amantes del mundo del balonmano toda la actualidad de nuestro apasionante deporte. Una ventana que sirve para dar luz a las innumerables noticias que genera el balonmano y que habitualmente no tienen reflejo en los medios de comunicaci\u00f3n. Sin lugar a dudas el Blog Derosca cuenta con un apartado que tiene a gala contar con miles de seguidores como es \u201cMis Pajaritos\u201d en donde se relatan y narran todas las intrahistorias que se generan en el balonmano espa\u00f1ol y que incomoda a m\u00e1s de uno que salgan a la luz.!Gracias por seguirnos durante todos estos a\u00f1os\u00a1\",\"sameAs\":[\"http:\\\/\\\/www.cope.es\",\"lmalvar\"],\"url\":\"https:\\\/\\\/www.cope.es\\\/blogs\\\/derosca\\\/author\\\/lmalvar\\\/\"}]}<\/script>\n<!-- \/ Yoast SEO plugin. -->","yoast_head_json":{"title":"La Plantilla del Magdeburgo se perfila de cara a la pr\u00f3xima Temporada 2023 - 24 - Derosca","robots":{"index":"index","follow":"follow","max-snippet":"max-snippet:-1","max-image-preview":"max-image-preview:large","max-video-preview":"max-video-preview:-1"},"canonical":"https:\/\/www.cope.es\/blogs\/derosca\/2023\/07\/03\/la-plantilla-del-magdeburgo-se-perfila-de-cara-a-la-proxima-temporada-2023-24\/","og_locale":"es_ES","og_type":"article","og_title":"La Plantilla del Magdeburgo se perfila de cara a la pr\u00f3xima Temporada 2023 - 24 - Derosca","og_description":"El equipo del Magdeburgo de cara a la pr\u00f3xima temporada actualmente solo tiene tres reci\u00e9n llegados a las salidas previamente anunciadas. Sin embargo, el entrenador y Director General de Sport Bennet Wiegert todav\u00eda tiene algunas plazas por cubrir especialmente desde que Marko Bezjak, Piotr Chrapkowski, Kay Smits y Mike Jensen han confirmado cuatro despedidas a [&hellip;]","og_url":"https:\/\/www.cope.es\/blogs\/derosca\/2023\/07\/03\/la-plantilla-del-magdeburgo-se-perfila-de-cara-a-la-proxima-temporada-2023-24\/","og_site_name":"Derosca","article_publisher":"https:\/\/www.facebook.com\/cope\/","article_published_time":"2023-07-03T07:33:14+00:00","og_image":[{"width":680,"height":314,"url":"https:\/\/www.cope.es\/blogs\/derosca\/wp-content\/uploads\/sites\/22\/2023\/07\/magde.jpg","type":"image\/jpeg"}],"author":"Luis Malvar","twitter_card":"summary_large_image","twitter_creator":"@cope_es","twitter_site":"@cope_es","twitter_misc":{"Escrito por":"Luis Malvar","Tiempo de lectura":"2 minutos"},"schema":{"@context":"https:\/\/schema.org","@graph":[{"@type":"Article","@id":"https:\/\/www.cope.es\/blogs\/derosca\/2023\/07\/03\/la-plantilla-del-magdeburgo-se-perfila-de-cara-a-la-proxima-temporada-2023-24\/#article","isPartOf":{"@id":"https:\/\/www.cope.es\/blogs\/derosca\/2023\/07\/03\/la-plantilla-del-magdeburgo-se-perfila-de-cara-a-la-proxima-temporada-2023-24\/"},"author":{"name":"Luis Malvar","@id":"https:\/\/www.cope.es\/blogs\/derosca\/#\/schema\/person\/02d6fa6fa8d8db60f83303875a4ff77f"},"headline":"La Plantilla del Magdeburgo se perfila de cara a la pr\u00f3xima Temporada 2023 &#8211; 24","datePublished":"2023-07-03T07:33:14+00:00","mainEntityOfPage":{"@id":"https:\/\/www.cope.es\/blogs\/derosca\/2023\/07\/03\/la-plantilla-del-magdeburgo-se-perfila-de-cara-a-la-proxima-temporada-2023-24\/"},"wordCount":494,"commentCount":0,"image":{"@id":"https:\/\/www.cope.es\/blogs\/derosca\/2023\/07\/03\/la-plantilla-del-magdeburgo-se-perfila-de-cara-a-la-proxima-temporada-2023-24\/#primaryimage"},"thumbnailUrl":"https:\/\/www.cope.es\/blogs\/derosca\/wp-content\/uploads\/sites\/22\/2023\/07\/magde.jpg","articleSection":["Balonmano"],"inLanguage":"es","potentialAction":[{"@type":"CommentAction","name":"Comment","target":["https:\/\/www.cope.es\/blogs\/derosca\/2023\/07\/03\/la-plantilla-del-magdeburgo-se-perfila-de-cara-a-la-proxima-temporada-2023-24\/#respond"]}]},{"@type":"WebPage","@id":"https:\/\/www.cope.es\/blogs\/derosca\/2023\/07\/03\/la-plantilla-del-magdeburgo-se-perfila-de-cara-a-la-proxima-temporada-2023-24\/","url":"https:\/\/www.cope.es\/blogs\/derosca\/2023\/07\/03\/la-plantilla-del-magdeburgo-se-perfila-de-cara-a-la-proxima-temporada-2023-24\/","name":"La Plantilla del Magdeburgo se perfila de cara a la pr\u00f3xima Temporada 2023 - 24 - Derosca","isPartOf":{"@id":"https:\/\/www.cope.es\/blogs\/derosca\/#website"},"primaryImageOfPage":{"@id":"https:\/\/www.cope.es\/blogs\/derosca\/2023\/07\/03\/la-plantilla-del-magdeburgo-se-perfila-de-cara-a-la-proxima-temporada-2023-24\/#primaryimage"},"image":{"@id":"https:\/\/www.cope.es\/blogs\/derosca\/2023\/07\/03\/la-plantilla-del-magdeburgo-se-perfila-de-cara-a-la-proxima-temporada-2023-24\/#primaryimage"},"thumbnailUrl":"https:\/\/www.cope.es\/blogs\/derosca\/wp-content\/uploads\/sites\/22\/2023\/07\/magde.jpg","datePublished":"2023-07-03T07:33:14+00:00","author":{"@id":"https:\/\/www.cope.es\/blogs\/derosca\/#\/schema\/person\/02d6fa6fa8d8db60f83303875a4ff77f"},"breadcrumb":{"@id":"https:\/\/www.cope.es\/blogs\/derosca\/2023\/07\/03\/la-plantilla-del-magdeburgo-se-perfila-de-cara-a-la-proxima-temporada-2023-24\/#breadcrumb"},"inLanguage":"es","potentialAction":[{"@type":"ReadAction","target":["https:\/\/www.cope.es\/blogs\/derosca\/2023\/07\/03\/la-plantilla-del-magdeburgo-se-perfila-de-cara-a-la-proxima-temporada-2023-24\/"]}]},{"@type":"ImageObject","inLanguage":"es","@id":"https:\/\/www.cope.es\/blogs\/derosca\/2023\/07\/03\/la-plantilla-del-magdeburgo-se-perfila-de-cara-a-la-proxima-temporada-2023-24\/#primaryimage","url":"https:\/\/www.cope.es\/blogs\/derosca\/wp-content\/uploads\/sites\/22\/2023\/07\/magde.jpg","contentUrl":"https:\/\/www.cope.es\/blogs\/derosca\/wp-content\/uploads\/sites\/22\/2023\/07\/magde.jpg","width":680,"height":314,"caption":"La Plantilla del Magdeburgo se perfila de cara a la pr\u00f3xima Temporada 2023 - 24"},{"@type":"BreadcrumbList","@id":"https:\/\/www.cope.es\/blogs\/derosca\/2023\/07\/03\/la-plantilla-del-magdeburgo-se-perfila-de-cara-a-la-proxima-temporada-2023-24\/#breadcrumb","itemListElement":[{"@type":"ListItem","position":1,"name":"Portada","item":"https:\/\/www.cope.es\/blogs\/derosca\/"},{"@type":"ListItem","position":2,"name":"La Plantilla del Magdeburgo se perfila de cara a la pr\u00f3xima Temporada 2023 &#8211; 24"}]},{"@type":"WebSite","@id":"https:\/\/www.cope.es\/blogs\/derosca\/#website","url":"https:\/\/www.cope.es\/blogs\/derosca\/","name":"Derosca","description":"Blog de balonmano COPE","potentialAction":[{"@type":"SearchAction","target":{"@type":"EntryPoint","urlTemplate":"https:\/\/www.cope.es\/blogs\/derosca\/?s={search_term_string}"},"query-input":{"@type":"PropertyValueSpecification","valueRequired":true,"valueName":"search_term_string"}}],"inLanguage":"es"},{"@type":"Person","@id":"https:\/\/www.cope.es\/blogs\/derosca\/#\/schema\/person\/02d6fa6fa8d8db60f83303875a4ff77f","name":"Luis Malvar","image":{"@type":"ImageObject","inLanguage":"es","@id":"https:\/\/secure.gravatar.com\/avatar\/23cd47dec2904689b3ccd32d1dd3e86c7cbf60dcf7376c68854f761a4939534f?s=96&d=mm&r=g","url":"https:\/\/secure.gravatar.com\/avatar\/23cd47dec2904689b3ccd32d1dd3e86c7cbf60dcf7376c68854f761a4939534f?s=96&d=mm&r=g","contentUrl":"https:\/\/secure.gravatar.com\/avatar\/23cd47dec2904689b3ccd32d1dd3e86c7cbf60dcf7376c68854f761a4939534f?s=96&d=mm&r=g","caption":"Luis Malvar"},"description":"Comenc\u00e9 la andadura del Blog Derosca all\u00e1 por el 22 de Mayo de 2008. Un blog en el que se trata de llevar a los numerosos aficionados y amantes del mundo del balonmano toda la actualidad de nuestro apasionante deporte. Una ventana que sirve para dar luz a las innumerables noticias que genera el balonmano y que habitualmente no tienen reflejo en los medios de comunicaci\u00f3n. Sin lugar a dudas el Blog Derosca cuenta con un apartado que tiene a gala contar con miles de seguidores como es \u201cMis Pajaritos\u201d en donde se relatan y narran todas las intrahistorias que se generan en el balonmano espa\u00f1ol y que incomoda a m\u00e1s de uno que salgan a la luz.!Gracias por seguirnos durante todos estos a\u00f1os\u00a1","sameAs":["http:\/\/www.cope.es","lmalvar"],"url":"https:\/\/www.cope.es\/blogs\/derosca\/author\/lmalvar\/"}]}},"amp_enabled":true,"_links":{"self":[{"href":"https:\/\/www.cope.es\/blogs\/derosca\/wp-json\/wp\/v2\/posts\/3388","targetHints":{"allow":["GET"]}}],"collection":[{"href":"https:\/\/www.cope.es\/blogs\/derosca\/wp-json\/wp\/v2\/posts"}],"about":[{"href":"https:\/\/www.cope.es\/blogs\/derosca\/wp-json\/wp\/v2\/types\/post"}],"author":[{"embeddable":true,"href":"https:\/\/www.cope.es\/blogs\/derosca\/wp-json\/wp\/v2\/users\/23"}],"replies":[{"embeddable":true,"href":"https:\/\/www.cope.es\/blogs\/derosca\/wp-json\/wp\/v2\/comments?post=3388"}],"version-history":[{"count":1,"href":"https:\/\/www.cope.es\/blogs\/derosca\/wp-json\/wp\/v2\/posts\/3388\/revisions"}],"predecessor-version":[{"id":3390,"href":"https:\/\/www.cope.es\/blogs\/derosca\/wp-json\/wp\/v2\/posts\/3388\/revisions\/3390"}],"wp:featuredmedia":[{"embeddable":true,"href":"https:\/\/www.cope.es\/blogs\/derosca\/wp-json\/wp\/v2\/media\/3389"}],"wp:attachment":[{"href":"https:\/\/www.cope.es\/blogs\/derosca\/wp-json\/wp\/v2\/media?parent=3388"}],"wp:term":[{"taxonomy":"category","embeddable":true,"href":"https:\/\/www.cope.es\/blogs\/derosca\/wp-json\/wp\/v2\/categories?post=3388"},{"taxonomy":"post_tag","embeddable":true,"href":"https:\/\/www.cope.es\/blogs\/derosca\/wp-json\/wp\/v2\/tags?post=3388"}],"curies":[{"name":"wp","href":"https:\/\/api.w.org\/{rel}","templated":true}]}}