{"id":3375,"date":"2023-06-26T09:29:03","date_gmt":"2023-06-26T07:29:03","guid":{"rendered":"http:\/\/www.cope.es\/blogs\/derosca\/?p=3375"},"modified":"2023-06-26T09:29:03","modified_gmt":"2023-06-26T07:29:03","slug":"jugadores-magdeburgo-celebran-titulo-de-champions-league-en-balcon-ayuntamiento","status":"publish","type":"post","link":"https:\/\/www.cope.es\/blogs\/derosca\/2023\/06\/26\/jugadores-magdeburgo-celebran-titulo-de-champions-league-en-balcon-ayuntamiento\/","title":{"rendered":"Jugadores Magdeburgo celebran t\u00edtulo de Champions League en balc\u00f3n Ayuntamiento"},"content":{"rendered":"<p><span style=\"color: #111111\"><span style=\"font-family: Arial, sans-serif\"><span style=\"font-size: medium\">Unas horas despu\u00e9s del triunfo de la Champions League, miles de aficionados celebraron junto a los jugadores del Magdeburg el t\u00edtulo de la Cahmpions en el balc\u00f3n del ayuntamiento. Por invitaci\u00f3n de la alcaldesa Simone Borris, el equipo firm\u00f3 inicialmente el Libro de Oro de la ciudad y fue elogiado por el primer ministro Reiner Haseloff como un importante punto de identificaci\u00f3n para todo el pa\u00eds.<\/span><\/span><\/span><\/p>\n<p><span style=\"color: #111111\"><span style=\"font-family: Arial, sans-serif\"><span style=\"font-size: medium\">Ya a las 05,44 de la ma\u00f1ana Wiegert, el presidente de la SCM Dirk Roswandowicz, el entrenador de atletismo Daniel M\u00fcller, el fisioterapeuta y el lesionado de larga duraci\u00f3n Omar Ingi Magnusson hab\u00edan llegado al local Getec Arena con el autob\u00fas del equipo como una especie de vanguardia, mientras el resto del equipo <\/span><\/span><\/span><\/p>\n<p><span style=\"color: #111111\"><span style=\"font-family: Arial, sans-serif\"><span style=\"font-size: medium\">El equipo del Magdeburgo sali\u00f3 de la ciudad de Colonia el lunes por la ma\u00f1ana y un peque\u00f1o grupo de nueve fieles aficionados estaba esperando el autob\u00fas durante horas y a su llegada el entrenador salud\u00f3 a todos con un apret\u00f3n de manos. Eso ya no fue posible unas horas despu\u00e9s en el Ayuntamiento de la ciudad del Elba. All\u00ed, miles de seguidores del Magdeburgo esperaban al equipo junto al Primer Ministro y el alcalde de Magdeburgo. El 19 de Junio es un d\u00eda hist\u00f3rico para Magdeburgo reconoc\u00ed todo el mundo. <\/span><\/span><\/span><span style=\"color: #111111\"><span style=\"font-family: Arial, sans-serif\"><span style=\"font-size: medium\">Antes de la celebraci\u00f3n en el balc\u00f3n del Ayuntamiento se deb\u00eda firmar en el libro de oro de la ciudad, pero antes se guard\u00f3 un minuto de silencio por el periodista polaco fallecido en la Final Four.<\/p>\n<p>El Primer Ministro Haseloff vivi\u00f3 un fin de semana estresante y coment\u00f3 que deb\u00eda haber envejecido tres a\u00f1os. El otro d\u00eda fue casi demasiado, su esposa se qued\u00f3 en el medio como ex jugadora activa porque de lo contrario le habr\u00edan roto el coraz\u00f3n, pero al final todo sali\u00f3 bien. Simplemente no ganaron el campeonato de Liga, pero ganar la Liga de Campeones supera todo y muestra d\u00f3nde late realmente el coraz\u00f3n del balonmano en Magdeburg, en Sajonia-Anhal.<\/p>\n<p>El extremo izquierdo y nativo de Magdeburg, Matthias Musche dijo que era un sue\u00f1o de la infancia que se hab\u00eda hecho realidad. El tambi\u00e9n hab\u00eda llorado 14 veces en las \u00faltimas 14 horas, era dif\u00edcil expresarlo con palabras, llevabas toda la vida so\u00f1ando con el balonmano para lograrlo. Desde el otro d\u00eda puede decir que son el mejor equipo del mundo.<\/p>\n<p>Para los jugadores Marko Bezjak, Piotr Chrapkowski y Kay Smits, probablemente fue la \u00faltima aparici\u00f3n en el balc\u00f3n de Magdeburg. Los tres dejan el club al final de la temporada. Bezjak en particular, que ha jugado en Magdeburg durante los \u00faltimos diez a\u00f1os, desde el a\u00f1o 2013 y gan\u00f3 la Copa DHB, el campeonato, la Liga Europea y la Super Globe adem\u00e1s de la Liga de Campeones, deja un gran vac\u00edo. Tambi\u00e9n Gisli Kristjansson, quien fue votado como el jugador m\u00e1s valioso de la Final Four y de la temporada de la Bundesliga, recibi\u00f3 la mayor ovaci\u00f3n y manifest\u00f3 que le gusta todo all\u00ed, el club, la ciudad y la afici\u00f3n.<br \/>\n<\/span><\/span><\/span><span style=\"font-family: Arial, sans-serif\"><br \/>\n<\/span><span style=\"color: #3e3e3e\"><span style=\"font-family: Arial, sans-serif\"><span style=\"font-size: medium\"><span>Seguirnos en twitter<\/span><\/span><\/span><\/span><em><span style=\"color: #3e3e3e\"><span style=\"font-family: Arial, sans-serif\"><span style=\"font-size: medium\"><span>: <\/span><\/span><\/span><\/span><\/em><span style=\"color: #0000ff\"><span><u><a href=\"https:\/\/twitter.com\/#!\/deroscacope\"><span style=\"font-family: Arial, sans-serif\"><span style=\"font-size: medium\">https:\/\/twitter.com\/#!\/deroscacope<\/span><\/span><\/a><\/u><\/span><\/span><\/p>\n","protected":false},"excerpt":{"rendered":"<p>Unas horas despu\u00e9s del triunfo de la Champions League, miles de aficionados celebraron junto a los jugadores del Magdeburg el t\u00edtulo de la Cahmpions en el balc\u00f3n del ayuntamiento. Por invitaci\u00f3n de la alcaldesa Simone Borris, el equipo firm\u00f3 inicialmente el Libro de Oro de la ciudad y fue elogiado por el primer ministro Reiner [&hellip;]<\/p>\n","protected":false},"author":23,"featured_media":3376,"comment_status":"open","ping_status":"open","sticky":false,"template":"","format":"standard","meta":{"footnotes":""},"categories":[3],"tags":[],"class_list":["post-3375","post","type-post","status-publish","format-standard","has-post-thumbnail","hentry","category-balonmano"],"yoast_head":"<!-- This site is optimized with the Yoast SEO plugin v27.4 - https:\/\/yoast.com\/product\/yoast-seo-wordpress\/ -->\n<title>Jugadores Magdeburgo celebran t\u00edtulo de Champions League en balc\u00f3n Ayuntamiento - Derosca<\/title>\n<meta name=\"robots\" content=\"index, follow, max-snippet:-1, max-image-preview:large, max-video-preview:-1\" \/>\n<link rel=\"canonical\" href=\"https:\/\/www.cope.es\/blogs\/derosca\/2023\/06\/26\/jugadores-magdeburgo-celebran-titulo-de-champions-league-en-balcon-ayuntamiento\/\" \/>\n<meta property=\"og:locale\" content=\"es_ES\" \/>\n<meta property=\"og:type\" content=\"article\" \/>\n<meta property=\"og:title\" content=\"Jugadores Magdeburgo celebran t\u00edtulo de Champions League en balc\u00f3n Ayuntamiento - Derosca\" \/>\n<meta property=\"og:description\" content=\"Unas horas despu\u00e9s del triunfo de la Champions League, miles de aficionados celebraron junto a los jugadores del Magdeburg el t\u00edtulo de la Cahmpions en el balc\u00f3n del ayuntamiento. Por invitaci\u00f3n de la alcaldesa Simone Borris, el equipo firm\u00f3 inicialmente el Libro de Oro de la ciudad y fue elogiado por el primer ministro Reiner [&hellip;]\" \/>\n<meta property=\"og:url\" content=\"https:\/\/www.cope.es\/blogs\/derosca\/2023\/06\/26\/jugadores-magdeburgo-celebran-titulo-de-champions-league-en-balcon-ayuntamiento\/\" \/>\n<meta property=\"og:site_name\" content=\"Derosca\" \/>\n<meta property=\"article:publisher\" content=\"https:\/\/www.facebook.com\/cope\/\" \/>\n<meta property=\"article:published_time\" content=\"2023-06-26T07:29:03+00:00\" \/>\n<meta property=\"og:image\" content=\"https:\/\/www.cope.es\/blogs\/derosca\/wp-content\/uploads\/sites\/22\/2023\/06\/1777a3c6-e42e-48fa-bf81-107386924327_source-aspect-ratio_default_0.jpg\" \/>\n\t<meta property=\"og:image:width\" content=\"680\" \/>\n\t<meta property=\"og:image:height\" content=\"402\" \/>\n\t<meta property=\"og:image:type\" content=\"image\/jpeg\" \/>\n<meta name=\"author\" content=\"Luis Malvar\" \/>\n<meta name=\"twitter:card\" content=\"summary_large_image\" \/>\n<meta name=\"twitter:creator\" content=\"@cope_es\" \/>\n<meta name=\"twitter:site\" content=\"@cope_es\" \/>\n<meta name=\"twitter:label1\" content=\"Escrito por\" \/>\n\t<meta name=\"twitter:data1\" content=\"Luis Malvar\" \/>\n\t<meta name=\"twitter:label2\" content=\"Tiempo de lectura\" \/>\n\t<meta name=\"twitter:data2\" content=\"3 minutos\" \/>\n<script type=\"application\/ld+json\" class=\"yoast-schema-graph\">{\"@context\":\"https:\\\/\\\/schema.org\",\"@graph\":[{\"@type\":\"Article\",\"@id\":\"https:\\\/\\\/www.cope.es\\\/blogs\\\/derosca\\\/2023\\\/06\\\/26\\\/jugadores-magdeburgo-celebran-titulo-de-champions-league-en-balcon-ayuntamiento\\\/#article\",\"isPartOf\":{\"@id\":\"https:\\\/\\\/www.cope.es\\\/blogs\\\/derosca\\\/2023\\\/06\\\/26\\\/jugadores-magdeburgo-celebran-titulo-de-champions-league-en-balcon-ayuntamiento\\\/\"},\"author\":{\"name\":\"Luis Malvar\",\"@id\":\"https:\\\/\\\/www.cope.es\\\/blogs\\\/derosca\\\/#\\\/schema\\\/person\\\/02d6fa6fa8d8db60f83303875a4ff77f\"},\"headline\":\"Jugadores Magdeburgo celebran t\u00edtulo de Champions League en balc\u00f3n Ayuntamiento\",\"datePublished\":\"2023-06-26T07:29:03+00:00\",\"mainEntityOfPage\":{\"@id\":\"https:\\\/\\\/www.cope.es\\\/blogs\\\/derosca\\\/2023\\\/06\\\/26\\\/jugadores-magdeburgo-celebran-titulo-de-champions-league-en-balcon-ayuntamiento\\\/\"},\"wordCount\":556,\"commentCount\":0,\"image\":{\"@id\":\"https:\\\/\\\/www.cope.es\\\/blogs\\\/derosca\\\/2023\\\/06\\\/26\\\/jugadores-magdeburgo-celebran-titulo-de-champions-league-en-balcon-ayuntamiento\\\/#primaryimage\"},\"thumbnailUrl\":\"https:\\\/\\\/www.cope.es\\\/blogs\\\/derosca\\\/wp-content\\\/uploads\\\/sites\\\/22\\\/2023\\\/06\\\/1777a3c6-e42e-48fa-bf81-107386924327_source-aspect-ratio_default_0.jpg\",\"articleSection\":[\"Balonmano\"],\"inLanguage\":\"es\",\"potentialAction\":[{\"@type\":\"CommentAction\",\"name\":\"Comment\",\"target\":[\"https:\\\/\\\/www.cope.es\\\/blogs\\\/derosca\\\/2023\\\/06\\\/26\\\/jugadores-magdeburgo-celebran-titulo-de-champions-league-en-balcon-ayuntamiento\\\/#respond\"]}]},{\"@type\":\"WebPage\",\"@id\":\"https:\\\/\\\/www.cope.es\\\/blogs\\\/derosca\\\/2023\\\/06\\\/26\\\/jugadores-magdeburgo-celebran-titulo-de-champions-league-en-balcon-ayuntamiento\\\/\",\"url\":\"https:\\\/\\\/www.cope.es\\\/blogs\\\/derosca\\\/2023\\\/06\\\/26\\\/jugadores-magdeburgo-celebran-titulo-de-champions-league-en-balcon-ayuntamiento\\\/\",\"name\":\"Jugadores Magdeburgo celebran t\u00edtulo de Champions League en balc\u00f3n Ayuntamiento - Derosca\",\"isPartOf\":{\"@id\":\"https:\\\/\\\/www.cope.es\\\/blogs\\\/derosca\\\/#website\"},\"primaryImageOfPage\":{\"@id\":\"https:\\\/\\\/www.cope.es\\\/blogs\\\/derosca\\\/2023\\\/06\\\/26\\\/jugadores-magdeburgo-celebran-titulo-de-champions-league-en-balcon-ayuntamiento\\\/#primaryimage\"},\"image\":{\"@id\":\"https:\\\/\\\/www.cope.es\\\/blogs\\\/derosca\\\/2023\\\/06\\\/26\\\/jugadores-magdeburgo-celebran-titulo-de-champions-league-en-balcon-ayuntamiento\\\/#primaryimage\"},\"thumbnailUrl\":\"https:\\\/\\\/www.cope.es\\\/blogs\\\/derosca\\\/wp-content\\\/uploads\\\/sites\\\/22\\\/2023\\\/06\\\/1777a3c6-e42e-48fa-bf81-107386924327_source-aspect-ratio_default_0.jpg\",\"datePublished\":\"2023-06-26T07:29:03+00:00\",\"author\":{\"@id\":\"https:\\\/\\\/www.cope.es\\\/blogs\\\/derosca\\\/#\\\/schema\\\/person\\\/02d6fa6fa8d8db60f83303875a4ff77f\"},\"breadcrumb\":{\"@id\":\"https:\\\/\\\/www.cope.es\\\/blogs\\\/derosca\\\/2023\\\/06\\\/26\\\/jugadores-magdeburgo-celebran-titulo-de-champions-league-en-balcon-ayuntamiento\\\/#breadcrumb\"},\"inLanguage\":\"es\",\"potentialAction\":[{\"@type\":\"ReadAction\",\"target\":[\"https:\\\/\\\/www.cope.es\\\/blogs\\\/derosca\\\/2023\\\/06\\\/26\\\/jugadores-magdeburgo-celebran-titulo-de-champions-league-en-balcon-ayuntamiento\\\/\"]}]},{\"@type\":\"ImageObject\",\"inLanguage\":\"es\",\"@id\":\"https:\\\/\\\/www.cope.es\\\/blogs\\\/derosca\\\/2023\\\/06\\\/26\\\/jugadores-magdeburgo-celebran-titulo-de-champions-league-en-balcon-ayuntamiento\\\/#primaryimage\",\"url\":\"https:\\\/\\\/www.cope.es\\\/blogs\\\/derosca\\\/wp-content\\\/uploads\\\/sites\\\/22\\\/2023\\\/06\\\/1777a3c6-e42e-48fa-bf81-107386924327_source-aspect-ratio_default_0.jpg\",\"contentUrl\":\"https:\\\/\\\/www.cope.es\\\/blogs\\\/derosca\\\/wp-content\\\/uploads\\\/sites\\\/22\\\/2023\\\/06\\\/1777a3c6-e42e-48fa-bf81-107386924327_source-aspect-ratio_default_0.jpg\",\"width\":680,\"height\":402,\"caption\":\"Jugadores Magdeburgo celebran t\u00edtulo de Champions League en balc\u00f3n Ayuntamiento\"},{\"@type\":\"BreadcrumbList\",\"@id\":\"https:\\\/\\\/www.cope.es\\\/blogs\\\/derosca\\\/2023\\\/06\\\/26\\\/jugadores-magdeburgo-celebran-titulo-de-champions-league-en-balcon-ayuntamiento\\\/#breadcrumb\",\"itemListElement\":[{\"@type\":\"ListItem\",\"position\":1,\"name\":\"Portada\",\"item\":\"https:\\\/\\\/www.cope.es\\\/blogs\\\/derosca\\\/\"},{\"@type\":\"ListItem\",\"position\":2,\"name\":\"Jugadores Magdeburgo celebran t\u00edtulo de Champions League en balc\u00f3n Ayuntamiento\"}]},{\"@type\":\"WebSite\",\"@id\":\"https:\\\/\\\/www.cope.es\\\/blogs\\\/derosca\\\/#website\",\"url\":\"https:\\\/\\\/www.cope.es\\\/blogs\\\/derosca\\\/\",\"name\":\"Derosca\",\"description\":\"Blog de balonmano COPE\",\"potentialAction\":[{\"@type\":\"SearchAction\",\"target\":{\"@type\":\"EntryPoint\",\"urlTemplate\":\"https:\\\/\\\/www.cope.es\\\/blogs\\\/derosca\\\/?s={search_term_string}\"},\"query-input\":{\"@type\":\"PropertyValueSpecification\",\"valueRequired\":true,\"valueName\":\"search_term_string\"}}],\"inLanguage\":\"es\"},{\"@type\":\"Person\",\"@id\":\"https:\\\/\\\/www.cope.es\\\/blogs\\\/derosca\\\/#\\\/schema\\\/person\\\/02d6fa6fa8d8db60f83303875a4ff77f\",\"name\":\"Luis Malvar\",\"image\":{\"@type\":\"ImageObject\",\"inLanguage\":\"es\",\"@id\":\"https:\\\/\\\/secure.gravatar.com\\\/avatar\\\/23cd47dec2904689b3ccd32d1dd3e86c7cbf60dcf7376c68854f761a4939534f?s=96&d=mm&r=g\",\"url\":\"https:\\\/\\\/secure.gravatar.com\\\/avatar\\\/23cd47dec2904689b3ccd32d1dd3e86c7cbf60dcf7376c68854f761a4939534f?s=96&d=mm&r=g\",\"contentUrl\":\"https:\\\/\\\/secure.gravatar.com\\\/avatar\\\/23cd47dec2904689b3ccd32d1dd3e86c7cbf60dcf7376c68854f761a4939534f?s=96&d=mm&r=g\",\"caption\":\"Luis Malvar\"},\"description\":\"Comenc\u00e9 la andadura del Blog Derosca all\u00e1 por el 22 de Mayo de 2008. Un blog en el que se trata de llevar a los numerosos aficionados y amantes del mundo del balonmano toda la actualidad de nuestro apasionante deporte. Una ventana que sirve para dar luz a las innumerables noticias que genera el balonmano y que habitualmente no tienen reflejo en los medios de comunicaci\u00f3n. Sin lugar a dudas el Blog Derosca cuenta con un apartado que tiene a gala contar con miles de seguidores como es \u201cMis Pajaritos\u201d en donde se relatan y narran todas las intrahistorias que se generan en el balonmano espa\u00f1ol y que incomoda a m\u00e1s de uno que salgan a la luz.!Gracias por seguirnos durante todos estos a\u00f1os\u00a1\",\"sameAs\":[\"http:\\\/\\\/www.cope.es\",\"lmalvar\"],\"url\":\"https:\\\/\\\/www.cope.es\\\/blogs\\\/derosca\\\/author\\\/lmalvar\\\/\"}]}<\/script>\n<!-- \/ Yoast SEO plugin. -->","yoast_head_json":{"title":"Jugadores Magdeburgo celebran t\u00edtulo de Champions League en balc\u00f3n Ayuntamiento - Derosca","robots":{"index":"index","follow":"follow","max-snippet":"max-snippet:-1","max-image-preview":"max-image-preview:large","max-video-preview":"max-video-preview:-1"},"canonical":"https:\/\/www.cope.es\/blogs\/derosca\/2023\/06\/26\/jugadores-magdeburgo-celebran-titulo-de-champions-league-en-balcon-ayuntamiento\/","og_locale":"es_ES","og_type":"article","og_title":"Jugadores Magdeburgo celebran t\u00edtulo de Champions League en balc\u00f3n Ayuntamiento - Derosca","og_description":"Unas horas despu\u00e9s del triunfo de la Champions League, miles de aficionados celebraron junto a los jugadores del Magdeburg el t\u00edtulo de la Cahmpions en el balc\u00f3n del ayuntamiento. Por invitaci\u00f3n de la alcaldesa Simone Borris, el equipo firm\u00f3 inicialmente el Libro de Oro de la ciudad y fue elogiado por el primer ministro Reiner [&hellip;]","og_url":"https:\/\/www.cope.es\/blogs\/derosca\/2023\/06\/26\/jugadores-magdeburgo-celebran-titulo-de-champions-league-en-balcon-ayuntamiento\/","og_site_name":"Derosca","article_publisher":"https:\/\/www.facebook.com\/cope\/","article_published_time":"2023-06-26T07:29:03+00:00","og_image":[{"width":680,"height":402,"url":"https:\/\/www.cope.es\/blogs\/derosca\/wp-content\/uploads\/sites\/22\/2023\/06\/1777a3c6-e42e-48fa-bf81-107386924327_source-aspect-ratio_default_0.jpg","type":"image\/jpeg"}],"author":"Luis Malvar","twitter_card":"summary_large_image","twitter_creator":"@cope_es","twitter_site":"@cope_es","twitter_misc":{"Escrito por":"Luis Malvar","Tiempo de lectura":"3 minutos"},"schema":{"@context":"https:\/\/schema.org","@graph":[{"@type":"Article","@id":"https:\/\/www.cope.es\/blogs\/derosca\/2023\/06\/26\/jugadores-magdeburgo-celebran-titulo-de-champions-league-en-balcon-ayuntamiento\/#article","isPartOf":{"@id":"https:\/\/www.cope.es\/blogs\/derosca\/2023\/06\/26\/jugadores-magdeburgo-celebran-titulo-de-champions-league-en-balcon-ayuntamiento\/"},"author":{"name":"Luis Malvar","@id":"https:\/\/www.cope.es\/blogs\/derosca\/#\/schema\/person\/02d6fa6fa8d8db60f83303875a4ff77f"},"headline":"Jugadores Magdeburgo celebran t\u00edtulo de Champions League en balc\u00f3n Ayuntamiento","datePublished":"2023-06-26T07:29:03+00:00","mainEntityOfPage":{"@id":"https:\/\/www.cope.es\/blogs\/derosca\/2023\/06\/26\/jugadores-magdeburgo-celebran-titulo-de-champions-league-en-balcon-ayuntamiento\/"},"wordCount":556,"commentCount":0,"image":{"@id":"https:\/\/www.cope.es\/blogs\/derosca\/2023\/06\/26\/jugadores-magdeburgo-celebran-titulo-de-champions-league-en-balcon-ayuntamiento\/#primaryimage"},"thumbnailUrl":"https:\/\/www.cope.es\/blogs\/derosca\/wp-content\/uploads\/sites\/22\/2023\/06\/1777a3c6-e42e-48fa-bf81-107386924327_source-aspect-ratio_default_0.jpg","articleSection":["Balonmano"],"inLanguage":"es","potentialAction":[{"@type":"CommentAction","name":"Comment","target":["https:\/\/www.cope.es\/blogs\/derosca\/2023\/06\/26\/jugadores-magdeburgo-celebran-titulo-de-champions-league-en-balcon-ayuntamiento\/#respond"]}]},{"@type":"WebPage","@id":"https:\/\/www.cope.es\/blogs\/derosca\/2023\/06\/26\/jugadores-magdeburgo-celebran-titulo-de-champions-league-en-balcon-ayuntamiento\/","url":"https:\/\/www.cope.es\/blogs\/derosca\/2023\/06\/26\/jugadores-magdeburgo-celebran-titulo-de-champions-league-en-balcon-ayuntamiento\/","name":"Jugadores Magdeburgo celebran t\u00edtulo de Champions League en balc\u00f3n Ayuntamiento - Derosca","isPartOf":{"@id":"https:\/\/www.cope.es\/blogs\/derosca\/#website"},"primaryImageOfPage":{"@id":"https:\/\/www.cope.es\/blogs\/derosca\/2023\/06\/26\/jugadores-magdeburgo-celebran-titulo-de-champions-league-en-balcon-ayuntamiento\/#primaryimage"},"image":{"@id":"https:\/\/www.cope.es\/blogs\/derosca\/2023\/06\/26\/jugadores-magdeburgo-celebran-titulo-de-champions-league-en-balcon-ayuntamiento\/#primaryimage"},"thumbnailUrl":"https:\/\/www.cope.es\/blogs\/derosca\/wp-content\/uploads\/sites\/22\/2023\/06\/1777a3c6-e42e-48fa-bf81-107386924327_source-aspect-ratio_default_0.jpg","datePublished":"2023-06-26T07:29:03+00:00","author":{"@id":"https:\/\/www.cope.es\/blogs\/derosca\/#\/schema\/person\/02d6fa6fa8d8db60f83303875a4ff77f"},"breadcrumb":{"@id":"https:\/\/www.cope.es\/blogs\/derosca\/2023\/06\/26\/jugadores-magdeburgo-celebran-titulo-de-champions-league-en-balcon-ayuntamiento\/#breadcrumb"},"inLanguage":"es","potentialAction":[{"@type":"ReadAction","target":["https:\/\/www.cope.es\/blogs\/derosca\/2023\/06\/26\/jugadores-magdeburgo-celebran-titulo-de-champions-league-en-balcon-ayuntamiento\/"]}]},{"@type":"ImageObject","inLanguage":"es","@id":"https:\/\/www.cope.es\/blogs\/derosca\/2023\/06\/26\/jugadores-magdeburgo-celebran-titulo-de-champions-league-en-balcon-ayuntamiento\/#primaryimage","url":"https:\/\/www.cope.es\/blogs\/derosca\/wp-content\/uploads\/sites\/22\/2023\/06\/1777a3c6-e42e-48fa-bf81-107386924327_source-aspect-ratio_default_0.jpg","contentUrl":"https:\/\/www.cope.es\/blogs\/derosca\/wp-content\/uploads\/sites\/22\/2023\/06\/1777a3c6-e42e-48fa-bf81-107386924327_source-aspect-ratio_default_0.jpg","width":680,"height":402,"caption":"Jugadores Magdeburgo celebran t\u00edtulo de Champions League en balc\u00f3n Ayuntamiento"},{"@type":"BreadcrumbList","@id":"https:\/\/www.cope.es\/blogs\/derosca\/2023\/06\/26\/jugadores-magdeburgo-celebran-titulo-de-champions-league-en-balcon-ayuntamiento\/#breadcrumb","itemListElement":[{"@type":"ListItem","position":1,"name":"Portada","item":"https:\/\/www.cope.es\/blogs\/derosca\/"},{"@type":"ListItem","position":2,"name":"Jugadores Magdeburgo celebran t\u00edtulo de Champions League en balc\u00f3n Ayuntamiento"}]},{"@type":"WebSite","@id":"https:\/\/www.cope.es\/blogs\/derosca\/#website","url":"https:\/\/www.cope.es\/blogs\/derosca\/","name":"Derosca","description":"Blog de balonmano COPE","potentialAction":[{"@type":"SearchAction","target":{"@type":"EntryPoint","urlTemplate":"https:\/\/www.cope.es\/blogs\/derosca\/?s={search_term_string}"},"query-input":{"@type":"PropertyValueSpecification","valueRequired":true,"valueName":"search_term_string"}}],"inLanguage":"es"},{"@type":"Person","@id":"https:\/\/www.cope.es\/blogs\/derosca\/#\/schema\/person\/02d6fa6fa8d8db60f83303875a4ff77f","name":"Luis Malvar","image":{"@type":"ImageObject","inLanguage":"es","@id":"https:\/\/secure.gravatar.com\/avatar\/23cd47dec2904689b3ccd32d1dd3e86c7cbf60dcf7376c68854f761a4939534f?s=96&d=mm&r=g","url":"https:\/\/secure.gravatar.com\/avatar\/23cd47dec2904689b3ccd32d1dd3e86c7cbf60dcf7376c68854f761a4939534f?s=96&d=mm&r=g","contentUrl":"https:\/\/secure.gravatar.com\/avatar\/23cd47dec2904689b3ccd32d1dd3e86c7cbf60dcf7376c68854f761a4939534f?s=96&d=mm&r=g","caption":"Luis Malvar"},"description":"Comenc\u00e9 la andadura del Blog Derosca all\u00e1 por el 22 de Mayo de 2008. Un blog en el que se trata de llevar a los numerosos aficionados y amantes del mundo del balonmano toda la actualidad de nuestro apasionante deporte. Una ventana que sirve para dar luz a las innumerables noticias que genera el balonmano y que habitualmente no tienen reflejo en los medios de comunicaci\u00f3n. Sin lugar a dudas el Blog Derosca cuenta con un apartado que tiene a gala contar con miles de seguidores como es \u201cMis Pajaritos\u201d en donde se relatan y narran todas las intrahistorias que se generan en el balonmano espa\u00f1ol y que incomoda a m\u00e1s de uno que salgan a la luz.!Gracias por seguirnos durante todos estos a\u00f1os\u00a1","sameAs":["http:\/\/www.cope.es","lmalvar"],"url":"https:\/\/www.cope.es\/blogs\/derosca\/author\/lmalvar\/"}]}},"amp_enabled":true,"_links":{"self":[{"href":"https:\/\/www.cope.es\/blogs\/derosca\/wp-json\/wp\/v2\/posts\/3375","targetHints":{"allow":["GET"]}}],"collection":[{"href":"https:\/\/www.cope.es\/blogs\/derosca\/wp-json\/wp\/v2\/posts"}],"about":[{"href":"https:\/\/www.cope.es\/blogs\/derosca\/wp-json\/wp\/v2\/types\/post"}],"author":[{"embeddable":true,"href":"https:\/\/www.cope.es\/blogs\/derosca\/wp-json\/wp\/v2\/users\/23"}],"replies":[{"embeddable":true,"href":"https:\/\/www.cope.es\/blogs\/derosca\/wp-json\/wp\/v2\/comments?post=3375"}],"version-history":[{"count":1,"href":"https:\/\/www.cope.es\/blogs\/derosca\/wp-json\/wp\/v2\/posts\/3375\/revisions"}],"predecessor-version":[{"id":3377,"href":"https:\/\/www.cope.es\/blogs\/derosca\/wp-json\/wp\/v2\/posts\/3375\/revisions\/3377"}],"wp:featuredmedia":[{"embeddable":true,"href":"https:\/\/www.cope.es\/blogs\/derosca\/wp-json\/wp\/v2\/media\/3376"}],"wp:attachment":[{"href":"https:\/\/www.cope.es\/blogs\/derosca\/wp-json\/wp\/v2\/media?parent=3375"}],"wp:term":[{"taxonomy":"category","embeddable":true,"href":"https:\/\/www.cope.es\/blogs\/derosca\/wp-json\/wp\/v2\/categories?post=3375"},{"taxonomy":"post_tag","embeddable":true,"href":"https:\/\/www.cope.es\/blogs\/derosca\/wp-json\/wp\/v2\/tags?post=3375"}],"curies":[{"name":"wp","href":"https:\/\/api.w.org\/{rel}","templated":true}]}}